{"id":2023,"date":"2023-07-27T09:13:41","date_gmt":"2023-07-27T09:13:41","guid":{"rendered":"https:\/\/allasorias.hu\/karriertipp\/?p=2023"},"modified":"2025-05-13T14:13:36","modified_gmt":"2025-05-13T14:13:36","slug":"leepites-a-munkahelyen-valjon-elonyunkre","status":"publish","type":"post","link":"https:\/\/allasorias.hu\/karriertipp\/leepites-a-munkahelyen-valjon-elonyunkre\/","title":{"rendered":"Le\u00e9p\u00edt\u00e9s a munkahelyen? V\u00e1ljon el\u0151ny\u00fcnkre!"},"content":{"rendered":"<p><span style=\"font-weight: 400;\">A munkahelyi le\u00e9p\u00edt\u00e9s, mely sokak sz\u00e1m\u00e1ra stresszel teli \u00e9s negat\u00edv tapasztalatot jelent, lehet\u0151s\u00e9get rejt mag\u00e1ban arra, hogy a munkav\u00e1llal\u00f3k el\u0151nyt kov\u00e1csoljanak bel\u0151le. B\u00e1r a le\u00e9p\u00edt\u00e9s f\u00e1jdalmas \u00e9s kih\u00edv\u00e1st jelent\u0151 id\u0151szak lehet az \u00e9letben, azonban megfelel\u0151 megk\u00f6zel\u00edt\u00e9ssel \u00e9s hozz\u00e1\u00e1ll\u00e1ssal \u00e1t tud alakulni egy \u00faj lehet\u0151s\u00e9geket k\u00edn\u00e1l\u00f3 fordul\u00f3pontt\u00e1. Ebben a cikkben felt\u00e1rjuk a le\u00e9p\u00edt\u00e9sb\u0151l fakad\u00f3 pozit\u00edv lehet\u0151s\u00e9geket, \u00e9s megosztjuk, hogyan lehet a v\u00e1ltoz\u00e1sb\u00f3l \u00faj ir\u00e1nyt adni az \u00e9let\u00fcnknek \u00e9s karrier\u00fcnknek.<\/span><\/p>\n<h3><b>A munkahelyi le\u00e9p\u00edt\u00e9s fogalma \u00e9s jelent\u00e9se<\/b><\/h3>\n<p><span style=\"font-weight: 400;\">A <\/span><a href=\"https:\/\/allasorias.hu\/karriertipp\/kategoria\/leepites\/\"><span style=\"font-weight: 400;\">le\u00e9p\u00edt\u00e9s<\/span><\/a><span style=\"font-weight: 400;\"> rettegett fogalom. Aki dolgozott m\u00e1r nagyv\u00e1llalatn\u00e1l vagy hasonl\u00f3 ter\u00fcleten, alighanem f\u00e9lt m\u00e1r ett\u0151l. Hiszen a le\u00e9p\u00edt\u00e9s olyan folyamat vagy int\u00e9zked\u00e9s, amely sor\u00e1n egy v\u00e1llalat vagy szervezet cs\u00f6kkenti dolgoz\u00f3i l\u00e9tsz\u00e1m\u00e1t. Ez lehet az\u00e9rt, mert a v\u00e1llalat p\u00e9nz\u00fcgyi neh\u00e9zs\u00e9gekkel k\u00fczd, struktur\u00e1lis v\u00e1ltoz\u00e1sokat hajt v\u00e9gre, vagy egyszer\u0171en a munkafolyamatok \u00e1talakul\u00e1s\u00e1val j\u00e1r.\u00a0<\/span><\/p>\n<p><span style=\"font-weight: 400;\">A le\u00e9p\u00edt\u00e9s gyakran az\u00e9rt t\u00f6rt\u00e9nik, hogy cs\u00f6kkents\u00e9k a k\u00f6lts\u00e9geket \u00e9s alkalmazkodjanak a piaci v\u00e1ltoz\u00e1sokhoz. Ez \u00e1ltal\u00e1ban elbocs\u00e1t\u00e1sokkal \u00e9s poz\u00edci\u00f3k megsz\u00fcntet\u00e9s\u00e9vel j\u00e1rhat, \u00e9s a c\u00e9gek \u00e1ltal\u00e1ban a jogszab\u00e1lyoknak megfelel\u0151en, etikus m\u00f3don \u00e9s a munkav\u00e1llal\u00f3kkal val\u00f3 konzult\u00e1ci\u00f3t k\u00f6vet\u0151en hajtj\u00e1k v\u00e9gre. A le\u00e9p\u00edt\u00e9snek negat\u00edv hat\u00e1sa lehet a munkav\u00e1llal\u00f3kra, azonban n\u00e9h\u00e1nyan k\u00e9pesek lehetnek el\u0151ny\u00f6ket kov\u00e1csolni bel\u0151le, p\u00e9ld\u00e1ul szem\u00e9lyes fejl\u0151d\u00e9sre vagy \u00faj karrierlehet\u0151s\u00e9gekre alapozva.<\/span><\/p>\n<h2><b>Le\u00e9p\u00edt\u00e9s: rosszban a j\u00f3t<\/b><\/h2>\n<p><span style=\"font-weight: 400;\">A le\u00e9p\u00edt\u00e9s, b\u00e1r kezdetben rossznak t\u0171nhet, rejt mag\u00e1ban n\u00e9h\u00e1ny potenci\u00e1lis el\u0151nyt. Amikor egy munkav\u00e1llal\u00f3 szembes\u00fcl a le\u00e9p\u00edt\u00e9ssel, ez lehet\u0151s\u00e9get adhat arra, hogy \u00e1tgondolja a priorit\u00e1sait, felfedezze az \u00faj lehet\u0151s\u00e9geket, \u00e9s \u00e1t\u00e9rt\u00e9kelje a karrierj\u00e9t. Az ilyen id\u0151szakok a szem\u00e9lyes fejl\u0151d\u00e9sre, a kreativit\u00e1s felfedez\u00e9s\u00e9re \u00e9s a rugalmass\u00e1g meger\u0151s\u00edt\u00e9s\u00e9re is \u00f6szt\u00f6n\u00f6zhetnek benn\u00fcnket. A le\u00e9p\u00edt\u00e9s \u00faj utakat nyithat meg, amelyek el\u0151seg\u00edthetik a szakmai n\u00f6veked\u00e9st \u00e9s a kiteljesed\u00e9st.<\/span><\/p>\n<h3><b>Elfogad\u00e1s \u00e9s feldolgoz\u00e1s<\/b><\/h3>\n<p><span style=\"font-weight: 400;\">A munkahelyi le\u00e9p\u00edt\u00e9s sokak sz\u00e1m\u00e1ra traumatikus \u00e9s negat\u00edv \u00e9lm\u00e9ny lehet. Azonban az els\u0151 l\u00e9p\u00e9s ahhoz, hogy el\u0151nyt kov\u00e1csoljunk ebb\u0151l a helyzetb\u0151l, az elfogad\u00e1s \u00e9s az emocion\u00e1lis feldolgoz\u00e1s. Engedj\u00fck meg magunknak, hogy meg\u00e9lj\u00fck az \u00e9rz\u00e9seinket, de ne ragadjunk le az elm\u00faltban. Fogadjuk el a v\u00e1ltoz\u00e1st \u00e9s nyitott szemmel n\u00e9zz\u00fcnk el\u0151re a lehet\u0151s\u00e9gekre.<\/span><\/p>\n<h3><b>\u00d6nismeret \u00e9s szem\u00e9lyes fejl\u0151d\u00e9s<\/b><\/h3>\n<p><span style=\"font-weight: 400;\">A <a href=\"https:\/\/erthetojog.hu\/munkajog\/munkakapcsolat-megszuntetese\/\" target=\"_blank\" rel=\"nofollow noopener noreferrer\">munkahelyi le\u00e9p\u00edt\u00e9s<\/a> lehet\u0151s\u00e9get k\u00edn\u00e1l arra, hogy m\u00e9lyebben megismerj\u00fck \u00f6nmagunkat \u00e9s kiakn\u00e1zzuk a szem\u00e9lyes fejl\u0151d\u00e9s lehet\u0151s\u00e9geit. Haszn\u00e1ljuk az id\u0151t arra, hogy \u00f6nvizsg\u00e1latot v\u00e9gezz\u00fcnk, \u00e1tgondoljuk az \u00e9rt\u00e9keinket \u00e9s c\u00e9ljainkat, \u00e9s meghat\u00e1rozzuk az \u00faj ir\u00e1nyokat. Keres\u00fcnk lehet\u0151s\u00e9geket a tov\u00e1bbk\u00e9pz\u00e9sre, a szakmai fejl\u0151d\u00e9sre \u00e9s a saj\u00e1t v\u00e1llalkoz\u00e1sunk elind\u00edt\u00e1s\u00e1ra. Haszn\u00e1ljuk ki az id\u0151t arra, hogy kreat\u00edv \u00e9s konstrukt\u00edv m\u00f3don fejlessz\u00fck magunkat.<\/span><\/p>\n<h3><b>\u00daj szakmai kapcsolatok \u00e9s h\u00e1l\u00f3zatok kialak\u00edt\u00e1sa<\/b><\/h3>\n<p><span style=\"font-weight: 400;\">A munkahelyi le\u00e9p\u00edt\u00e9s sor\u00e1n t\u00e1mogat\u00f3 k\u00f6z\u00f6ss\u00e9gre \u00e9s h\u00e1l\u00f3zat\u00e9p\u00edt\u00e9sre is sz\u00fcks\u00e9g\u00fcnk van. Kapcsolatba l\u00e9phet\u00fcnk kor\u00e1bbi koll\u00e9g\u00e1kkal, bar\u00e1tokkal \u00e9s szakmai ismer\u0151s\u00f6kkel, akik seg\u00edthetnek munkalehet\u0151s\u00e9geket felkutatni vagy \u00faj \u00f6tleteket megosztani. Vegy\u00fcnk r\u00e9szt szakmai rendezv\u00e9nyeken, konferenci\u00e1kon \u00e9s online k\u00f6z\u00f6ss\u00e9gekben, ahol lehet\u0151s\u00e9g ny\u00edlik \u00faj kapcsolatok \u00e9p\u00edt\u00e9s\u00e9re. A t\u00e1mogat\u00f3 h\u00e1l\u00f3zat nagyszer\u0171 lehet\u0151s\u00e9geket teremthet a karrier\u00fcnk \u00fajragondol\u00e1s\u00e1ra \u00e9s az \u00faj lehet\u0151s\u00e9gek felfedez\u00e9s\u00e9re.<\/span><\/p>\n<h3><b>Neh\u00e9zs\u00e9gekb\u0151l kih\u00edv\u00e1sok, kih\u00edv\u00e1sokb\u00f3l lehet\u0151s\u00e9gek<\/b><\/h3>\n<p><span style=\"font-weight: 400;\">A munkahelyi le\u00e9p\u00edt\u00e9s tapasztalatait \u00e9rt\u00e9kk\u00e9 alak\u00edthatjuk. Az \u00e1t\u00e9lt kih\u00edv\u00e1sok, a neh\u00e9zs\u00e9gek \u00e9s az azokkal val\u00f3 megbirk\u00f3z\u00e1s \u00faj er\u0151forr\u00e1sokat \u00e9s rugalmass\u00e1got adhatnak sz\u00e1munkra. Haszn\u00e1ljuk fel ezeket a tapasztalatokat, hogy kiemelkedj\u00fcnk a t\u00f6megb\u0151l az \u00e1ll\u00e1sinterj\u00fakon \u00e9s megmutassuk, hogy megtanultunk alkalmazkodni a v\u00e1ltoz\u00e1sokhoz \u00e9s megbirk\u00f3zni a kih\u00edv\u00e1sokkal.<\/span><\/p>\n<p><img loading=\"lazy\" decoding=\"async\" class=\"alignnone size-full wp-image-2026\" src=\"https:\/\/allasorias.hu\/karriertipp\/wp-content\/uploads\/2023\/07\/leepites-elonyei.jpg\" alt=\"Le\u00e9p\u00edt\u00e9s el\u0151nyei\" width=\"600\" height=\"400\" srcset=\"https:\/\/allasorias.hu\/karriertipp\/wp-content\/uploads\/2023\/07\/leepites-elonyei.jpg 600w, https:\/\/allasorias.hu\/karriertipp\/wp-content\/uploads\/2023\/07\/leepites-elonyei-300x200.jpg 300w\" sizes=\"auto, (max-width: 600px) 100vw, 600px\" \/><\/p>\n<h2><b>\u00c1ll\u00e1skeres\u00e9s \u00e9s karriertippek<\/b><\/h2>\n<p><span style=\"font-weight: 400;\">\u00c1ll\u00e1skeres\u0151v\u00e9 v\u00e1lt, \u00e9s \u00fajra kell \u00e9p\u00edtenie a <\/span><a href=\"https:\/\/allasorias.hu\/karriertipp\/\"><span style=\"font-weight: 400;\">karrierj\u00e9t<\/span><\/a><span style=\"font-weight: 400;\">? El\u0151sz\u00f6r tal\u00e1n rosszul hangzik, de hossz\u00fa t\u00e1von sokszor m\u00e9g jobban s\u00fclnek el a dolgok, mint gondoln\u00e1! Regisztr\u00e1ljon <\/span><a href=\"https:\/\/allasorias.hu\/allaskereso\/regisztracio\"><span style=\"font-weight: 400;\">\u00e1ll\u00e1skeres\u0151k\u00e9nt<\/span><\/a><span style=\"font-weight: 400;\">, k\u00e9pezze mag\u00e1t \u00e9s figyelje a lehet\u0151s\u00e9geket. \u00c1lmai munkahelye tal\u00e1n \u00e9ppen \u00d6nre v\u00e1r, vagy v\u00e9gre olyan <\/span><a href=\"https:\/\/allasorias.hu\/\"><span style=\"font-weight: 400;\">\u00e1ll\u00e1st<\/span><\/a><span style=\"font-weight: 400;\"> tal\u00e1l, ahol rendesen megbecs\u00fclik a munk\u00e1j\u00e1t!<\/span><\/p>\n","protected":false},"excerpt":{"rendered":"<p>A munkahelyi le\u00e9p\u00edt\u00e9s, mely sokak sz\u00e1m\u00e1ra stresszel teli \u00e9s negat\u00edv tapasztalatot jelent, lehet\u0151s\u00e9get rejt mag\u00e1ban arra, hogy a munkav\u00e1llal\u00f3k el\u0151nyt kov\u00e1csoljanak bel\u0151le. B\u00e1r a le\u00e9p\u00edt\u00e9s f\u00e1jdalmas \u00e9s kih\u00edv\u00e1st jelent\u0151 id\u0151szak lehet az \u00e9letben, azonban megfelel\u0151 megk\u00f6zel\u00edt\u00e9ssel \u00e9s hozz\u00e1\u00e1ll\u00e1ssal \u00e1t tud alakulni egy \u00faj lehet\u0151s\u00e9geket k\u00edn\u00e1l\u00f3 fordul\u00f3pontt\u00e1. Ebben a cikkben felt\u00e1rjuk a le\u00e9p\u00edt\u00e9sb\u0151l fakad\u00f3 pozit\u00edv lehet\u0151s\u00e9geket, [&hellip;]<\/p>\n","protected":false},"author":1,"featured_media":2025,"comment_status":"closed","ping_status":"closed","sticky":false,"template":"","format":"standard","meta":{"om_disable_all_campaigns":false,"_monsterinsights_skip_tracking":false,"_monsterinsights_sitenote_active":false,"_monsterinsights_sitenote_note":"","_monsterinsights_sitenote_category":0,"footnotes":""},"categories":[21],"tags":[],"class_list":["post-2023","post","type-post","status-publish","format-standard","has-post-thumbnail","hentry","category-leepites"],"aioseo_notices":[],"_links":{"self":[{"href":"https:\/\/allasorias.hu\/karriertipp\/wp-json\/wp\/v2\/posts\/2023","targetHints":{"allow":["GET"]}}],"collection":[{"href":"https:\/\/allasorias.hu\/karriertipp\/wp-json\/wp\/v2\/posts"}],"about":[{"href":"https:\/\/allasorias.hu\/karriertipp\/wp-json\/wp\/v2\/types\/post"}],"author":[{"embeddable":true,"href":"https:\/\/allasorias.hu\/karriertipp\/wp-json\/wp\/v2\/users\/1"}],"replies":[{"embeddable":true,"href":"https:\/\/allasorias.hu\/karriertipp\/wp-json\/wp\/v2\/comments?post=2023"}],"version-history":[{"count":2,"href":"https:\/\/allasorias.hu\/karriertipp\/wp-json\/wp\/v2\/posts\/2023\/revisions"}],"predecessor-version":[{"id":2070,"href":"https:\/\/allasorias.hu\/karriertipp\/wp-json\/wp\/v2\/posts\/2023\/revisions\/2070"}],"wp:featuredmedia":[{"embeddable":true,"href":"https:\/\/allasorias.hu\/karriertipp\/wp-json\/wp\/v2\/media\/2025"}],"wp:attachment":[{"href":"https:\/\/allasorias.hu\/karriertipp\/wp-json\/wp\/v2\/media?parent=2023"}],"wp:term":[{"taxonomy":"category","embeddable":true,"href":"https:\/\/allasorias.hu\/karriertipp\/wp-json\/wp\/v2\/categories?post=2023"},{"taxonomy":"post_tag","embeddable":true,"href":"https:\/\/allasorias.hu\/karriertipp\/wp-json\/wp\/v2\/tags?post=2023"}],"curies":[{"name":"wp","href":"https:\/\/api.w.org\/{rel}","templated":true}]}}