{"id":1966,"date":"2023-07-03T09:52:39","date_gmt":"2023-07-03T09:52:39","guid":{"rendered":"https:\/\/allasorias.hu\/karriertipp\/?p=1966"},"modified":"2023-11-24T14:40:55","modified_gmt":"2023-11-24T14:40:55","slug":"miert-fontos-a-hatekony-belso-kommunikacio-a-sikeres-vallalati-eletben","status":"publish","type":"post","link":"https:\/\/allasorias.hu\/karriertipp\/miert-fontos-a-hatekony-belso-kommunikacio-a-sikeres-vallalati-eletben\/","title":{"rendered":"Mi\u00e9rt fontos a hat\u00e9kony bels\u0151 kommunik\u00e1ci\u00f3 a sikeres v\u00e1llalati \u00e9letben?"},"content":{"rendered":"<p>A v\u00e1llalatok sz\u00e1m\u00e1ra a bels\u0151 kommunik\u00e1ci\u00f3 kulcsfontoss\u00e1g\u00fa t\u00e9nyez\u0151 a siker el\u00e9r\u00e9s\u00e9ben. Hat\u00e9kony bels\u0151 kommunik\u00e1ci\u00f3val kialak\u00edthat\u00f3 a v\u00e1llalati kult\u00fara, n\u00f6velhet\u0151 a munkat\u00e1rsak elk\u00f6telez\u0151d\u00e9se, \u00e9s jav\u00edtani lehet a szervezeti hat\u00e9konys\u00e1got is. Hogyan befoly\u00e1solja a bels\u0151 kommunik\u00e1ci\u00f3 ezeket a ter\u00fcleteket, \u00e9s milyen m\u00f3dszerekkel tehetj\u00fck jobb\u00e1?<\/p>\n<h2><b>A v\u00e1llalati kult\u00fara form\u00e1l\u00e1sa<\/b><\/h2>\n<p><span style=\"font-weight: 400;\">A bels\u0151 kommunik\u00e1ci\u00f3 hozz\u00e1j\u00e1rul a v\u00e1llalati kult\u00fara kialak\u00edt\u00e1s\u00e1hoz \u00e9s fenntart\u00e1s\u00e1hoz. A hat\u00e9kony kommunik\u00e1ci\u00f3 r\u00e9v\u00e9n a vezet\u0151k \u00e1tadhatj\u00e1k a v\u00e1llalat \u00e9rt\u00e9keit, c\u00e9ljait \u00e9s elv\u00e1r\u00e1sait, amelyek meghat\u00e1rozz\u00e1k a munkav\u00e1llal\u00f3k viselked\u00e9s\u00e9t \u00e9s hozz\u00e1\u00e1ll\u00e1s\u00e1t. A vil\u00e1gos \u00e9s k\u00f6vetkezetes \u00fczenetek \u00e1tad\u00e1s\u00e1val a v\u00e1llalati kult\u00fara er\u0151s\u00f6dik, ami seg\u00edt az \u00f6sszetart\u00f3 munkak\u00f6z\u00f6ss\u00e9gek kialak\u00edt\u00e1s\u00e1ban.<\/span><\/p>\n<h2><b>A munkat\u00e1rsak elk\u00f6telezetts\u00e9ge<\/b><\/h2>\n<p><span style=\"font-weight: 400;\">A bels\u0151 kommunik\u00e1ci\u00f3 k\u00f6zvetlen hat\u00e1ssal van a munkat\u00e1rsak elk\u00f6telezetts\u00e9g\u00e9re is. \u00c1tl\u00e1that\u00f3 \u00e9s rendszeres kommunik\u00e1ci\u00f3val a v\u00e1llalat meger\u0151s\u00edtheti a munkav\u00e1llal\u00f3kban azt, hogy fontosak \u00e9s \u00e9rt\u00e9kesek a szervezet sz\u00e1m\u00e1ra. Ilyen lehet p\u00e9ld\u00e1ul a rendszeres visszajelz\u00e9s \u00e9s a teljes\u00edtm\u00e9ny elismer\u00e9se is. Az elk\u00f6telezett munkav\u00e1llal\u00f3k pedig magasabb szint\u0171 teljes\u00edtm\u00e9nyt ny\u00fajtanak, \u00edgy hozz\u00e1j\u00e1rulnak a v\u00e1llalati c\u00e9lok el\u00e9r\u00e9s\u00e9hez \u00e9s hossz\u00fa t\u00e1von is loj\u00e1lisabbak maradnak.<\/span><\/p>\n<h2><b>A szervezeti hat\u00e9konys\u00e1g jav\u00edt\u00e1sa<\/b><\/h2>\n<p><span style=\"font-weight: 400;\">Az inform\u00e1ci\u00f3k megfelel\u0151 \u00e1raml\u00e1sa a k\u00fcl\u00f6nb\u00f6z\u0151 r\u00e9szlegek \u00e9s szintek k\u00f6z\u00f6tt minimaliz\u00e1lja a f\u00e9lre\u00e9rt\u00e9seket \u00e9s a konfliktusokat. A vil\u00e1gos c\u00e9lkit\u0171z\u00e9sek \u00e9s az elv\u00e9gzend\u0151 feladatok hat\u00e9kony kommunik\u00e1ci\u00f3ja lehet\u0151v\u00e9 teszi \u00e9s jav\u00edtja az egy\u00fcttm\u0171k\u00f6d\u00e9st \u00e9s az \u00f6sszehangolt munkav\u00e9gz\u00e9st. Az inform\u00e1ci\u00f3k gyors \u00e9s pontos \u00e1raml\u00e1s\u00e1val elker\u00fclhet\u0151 a felesleges id\u0151vesztes\u00e9g \u00e9s er\u0151forr\u00e1sok pazarl\u00e1sa. Emellett a megfelel\u0151 kommunik\u00e1ci\u00f3 seg\u00edt a probl\u00e9m\u00e1k gyors beazonos\u00edt\u00e1s\u00e1ban \u00e9s megold\u00e1s\u00e1ban, ami hozz\u00e1j\u00e1rul a hat\u00e9kony m\u0171k\u00f6d\u00e9shez \u00e9s eredm\u00e9nyess\u00e9ghez.<\/span><\/p>\n<h2><b>Hogyan jav\u00edthat\u00f3 a bels\u0151 kommunik\u00e1ci\u00f3?<\/b><\/h2>\n<p><span style=\"font-weight: 400;\">A hat\u00e9kony bels\u0151 kommunik\u00e1ci\u00f3hoz biztos\u00edtsunk rendszeres kommunik\u00e1ci\u00f3s csatorn\u00e1kat.Ilyen lehet p\u00e9ld\u00e1ul a h\u00edrlev\u00e9l, a bels\u0151 h\u00e1l\u00f3zat vagy az \u00fczen\u0151fal, ahol a vezet\u0151s\u00e9g folyamatosan t\u00e1j\u00e9koztatja a munkav\u00e1llal\u00f3kat a v\u00e1llalat aktualit\u00e1sair\u00f3l, v\u00e1ltoz\u00e1sair\u00f3l \u00e9s eredm\u00e9nyeir\u0151l.<\/span><\/p>\n<p><span style=\"font-weight: 400;\">A munkav\u00e1llal\u00f3k sz\u00e1m\u00e1ra hozzunk l\u00e9tre f\u00f3rumokat \u00e9s adjunk lehet\u0151s\u00e9get arra, hogy kifejezhess\u00e9k v\u00e9lem\u00e9ny\u00fcket, javaslataikat \u00e9s k\u00e9rd\u00e9seiket. Rendszeres\u00a0 megbesz\u00e9l\u00e9sek, workshopok vagy visszajelz\u00e9si folyamatok seg\u00edts\u00e9g\u00e9vel \u00e9l\u00e9nk \u00e9s hasznos p\u00e1rbesz\u00e9d alakulhat ki a szervezet \u00e9s a munkat\u00e1rsak k\u00f6z\u00f6tt.<\/span><\/p>\n<p><span style=\"font-weight: 400;\">A vezet\u0151k sz\u00e1m\u00e1ra tartott k\u00e9pz\u00e9sek \u00e9s tr\u00e9ningek elengedhetetlenek. P\u00e9ld\u00e1ul egy j\u00f3 <\/span><a href=\"https:\/\/www.develor.hu\/kommunikacios-trening\/\"><span style=\"font-weight: 400;\">kommunik\u00e1ci\u00f3s k\u00e9pz\u00e9s<\/span><\/a><span style=\"font-weight: 400;\"> nagyban seg\u00edt abban, hogy a vezet\u0151k kommunik\u00e1ci\u00f3s k\u00e9szs\u00e9gei \u00e9s st\u00edlusa olyan ir\u00e1nyba fejl\u0151dj\u00f6n, ami seg\u00edti a csapaton bel\u00fcli szinergi\u00e1k kihaszn\u00e1l\u00e1s\u00e1t \u00e9s n\u00f6veli a munkav\u00e1llal\u00f3i elk\u00f6telez\u0151d\u00e9st is. A vezet\u0151k p\u00e9ldamutat\u00f3 kommunik\u00e1ci\u00f3ja \u00e9s jelenl\u00e9te inspir\u00e1l\u00f3 hat\u00e1ssal is lehet a munkat\u00e1rsakra, \u00e9s persze er\u0151s\u00edtheti a bels\u0151 kommunik\u00e1ci\u00f3t.<\/span><\/p>\n","protected":false},"excerpt":{"rendered":"<p>A v\u00e1llalatok sz\u00e1m\u00e1ra a bels\u0151 kommunik\u00e1ci\u00f3 kulcsfontoss\u00e1g\u00fa t\u00e9nyez\u0151 a siker el\u00e9r\u00e9s\u00e9ben. Hat\u00e9kony bels\u0151 kommunik\u00e1ci\u00f3val kialak\u00edthat\u00f3 a v\u00e1llalati kult\u00fara, n\u00f6velhet\u0151 a munkat\u00e1rsak elk\u00f6telez\u0151d\u00e9se, \u00e9s jav\u00edtani lehet a szervezeti hat\u00e9konys\u00e1got is. Hogyan befoly\u00e1solja a bels\u0151 kommunik\u00e1ci\u00f3 ezeket a ter\u00fcleteket, \u00e9s milyen m\u00f3dszerekkel tehetj\u00fck jobb\u00e1? A v\u00e1llalati kult\u00fara form\u00e1l\u00e1sa A bels\u0151 kommunik\u00e1ci\u00f3 hozz\u00e1j\u00e1rul a v\u00e1llalati kult\u00fara kialak\u00edt\u00e1s\u00e1hoz \u00e9s [&hellip;]<\/p>\n","protected":false},"author":1,"featured_media":1967,"comment_status":"open","ping_status":"open","sticky":false,"template":"","format":"standard","meta":{"om_disable_all_campaigns":false,"_monsterinsights_skip_tracking":false,"_monsterinsights_sitenote_active":false,"_monsterinsights_sitenote_note":"","_monsterinsights_sitenote_category":0,"footnotes":""},"categories":[18],"tags":[45],"class_list":["post-1966","post","type-post","status-publish","format-standard","has-post-thumbnail","hentry","category-kommunikacio","tag-partner-cikk"],"aioseo_notices":[],"_links":{"self":[{"href":"https:\/\/allasorias.hu\/karriertipp\/wp-json\/wp\/v2\/posts\/1966","targetHints":{"allow":["GET"]}}],"collection":[{"href":"https:\/\/allasorias.hu\/karriertipp\/wp-json\/wp\/v2\/posts"}],"about":[{"href":"https:\/\/allasorias.hu\/karriertipp\/wp-json\/wp\/v2\/types\/post"}],"author":[{"embeddable":true,"href":"https:\/\/allasorias.hu\/karriertipp\/wp-json\/wp\/v2\/users\/1"}],"replies":[{"embeddable":true,"href":"https:\/\/allasorias.hu\/karriertipp\/wp-json\/wp\/v2\/comments?post=1966"}],"version-history":[{"count":2,"href":"https:\/\/allasorias.hu\/karriertipp\/wp-json\/wp\/v2\/posts\/1966\/revisions"}],"predecessor-version":[{"id":2079,"href":"https:\/\/allasorias.hu\/karriertipp\/wp-json\/wp\/v2\/posts\/1966\/revisions\/2079"}],"wp:featuredmedia":[{"embeddable":true,"href":"https:\/\/allasorias.hu\/karriertipp\/wp-json\/wp\/v2\/media\/1967"}],"wp:attachment":[{"href":"https:\/\/allasorias.hu\/karriertipp\/wp-json\/wp\/v2\/media?parent=1966"}],"wp:term":[{"taxonomy":"category","embeddable":true,"href":"https:\/\/allasorias.hu\/karriertipp\/wp-json\/wp\/v2\/categories?post=1966"},{"taxonomy":"post_tag","embeddable":true,"href":"https:\/\/allasorias.hu\/karriertipp\/wp-json\/wp\/v2\/tags?post=1966"}],"curies":[{"name":"wp","href":"https:\/\/api.w.org\/{rel}","templated":true}]}}