{"id":194,"date":"2019-04-29T07:18:20","date_gmt":"2019-04-29T07:18:20","guid":{"rendered":"https:\/\/allasorias.hu\/karriertipp\/?p=194"},"modified":"2019-03-21T07:19:25","modified_gmt":"2019-03-21T07:19:25","slug":"elso-munkahely-ne-csuggedjunk-valahol-el-kell-kezdeni","status":"publish","type":"post","link":"https:\/\/allasorias.hu\/karriertipp\/elso-munkahely-ne-csuggedjunk-valahol-el-kell-kezdeni\/","title":{"rendered":"Els\u0151 munkahely? Ne cs\u00fcggedj\u00fcnk, valahol el kell kezdeni!"},"content":{"rendered":"\n<p>P\u00e1lyakezd\u0151k\u00e9nt nem\negyszer\u0171 az \u00e9let, hiszen elv\u00e9gezt\u00fck az egyetemet, eddig t\u00f6bbnyire nem volt m\u00e1s\ndolgunk, mint bej\u00e1rni az \u00f3r\u00e1kra, teljes\u00edteni a vizsg\u00e1kat. Mindemellett persze a\nh\u00e9tv\u00e9gi bulikat sem hagytuk ki a csoportt\u00e1rsakkal. Azonban a \u201egondtalan \u00e9let\u201d v\u00e9get\n\u00e9rt, itt az ideje munk\u00e1t keresni. Igen \u00e1m, de a v\u00e1llalatok t\u00f6bbs\u00e9ge tapasztalt\nmunkaer\u0151t keres, most akkor mit csin\u00e1ljunk? <\/p>\n\n\n\n<p>El\u0151sz\u00f6r is nyugodjunk\nmeg, \u00e9s gondoljuk \u00e1t helyzet\u00fcnket. Gondoljuk v\u00e9gig, hogy dolgoztunk-e m\u00e1r\ntanulm\u00e1nyaink alatt? Ha igen, \u00e9s kellett f\u00e9l\u00e9ves gyakorlatot is csin\u00e1lnunk,\nakkor els\u0151 k\u00f6rben keress\u00fck fel azt a c\u00e9get, ahol voltunk. \u00c9rdekl\u0151dj\u00fcnk, van-e\nsz\u00fcks\u00e9g\u00fck munkaer\u0151re.<\/p>\n\n\n\n<p>Az els\u0151 munkahelyet\nalapvet\u0151en neh\u00e9z megtal\u00e1lni, mert nemcsak megtal\u00e1lni kell, de azt is\nszeretn\u00e9nk, hogy hossz\u00fat\u00e1von siker\u00fclj\u00f6n elhelyezkedn\u00fcnk.<\/p>\n\n\n\n<p>Lehet, hogy az els\u0151\nmunkahely nem hozza meg a nagy \u00e1tt\u00f6r\u00e9st, amire v\u00e1gytunk. 3 h\u00f3nap alatt el\ntudjuk d\u00f6nteni, hogy j\u00f3 lesz-e sz\u00e1munkra a hely, vagy nem. Ha m\u00e9gis \u00fagy\nd\u00f6nt\u00fcnk, hogy felmondunk, akkor sem szabad szomorkodni. Mindig csak el\u0151re\nn\u00e9zz\u00fcnk, \u00e9s keress\u00fck a k\u00f6vetkez\u0151 lehet\u0151s\u00e9get.<\/p>\n\n\n\n<p>Mindig legyen a szem\u00fcnk\nel\u0151tt az, hogy nem lesz\u00fcnk r\u00f6gt\u00f6n vezet\u0151k. \u201e Na, j\u00f3, de h\u00e1t nem az\u00e9rt v\u00e9geztem\nel az egyetemet\u2026\u201d Ez \u00edgy van, de ahhoz hogy valakib\u0151l J\u00d3 vezet\u0151 legyen,\ntapasztalatot kell szerezni, \u00e9s azt csak \u00fagy \u00e9rheti el, ha ismeri a v\u00e1llalati\nszinteket, \u00e9s a k\u00fcl\u00f6nb\u00f6z\u0151 munkafolyamatokat. A t\u00fcrelem r\u00f3zs\u00e1t terem. Ha el\u00e9g\nelsz\u00e1ntak, \u00e9s nyitottak vagyunk, valamint nem hanyagoljuk el a folyamatos\ntanul\u00e1st, akkor c\u00e9lt fogunk \u00e9rni!<\/p>\n\n\n\n<p>Ahhoz, hogy beilleszkedj\u00fcnk a szervezeti kult\u00far\u00e1ba, tiszteletet kell mutatnunk a koll\u00e9g\u00e1ink fel\u00e9. \u0150k m\u00e9gis r\u00e9gebb \u00f3ta dolgoznak ott, \u00e1tl\u00e1tj\u00e1k a dolgokat. Higgy\u00fck el, ha kimutatjuk tisztelet\u00fcket, akkor seg\u00edteni fognak nek\u00fcnk. Az\u00e9rt k\u00e9rdezz\u00fcnk is, ha valami nem vil\u00e1gos az els\u0151 id\u0151szakban\u2026 \u0150k is kezdtek z\u00f6ldf\u00fcl\u0171k\u00e9nt\u2026<\/p>\n\n\n\n<p>Az els\u0151 munkahely sok\nmindenre j\u00f3. Ha m\u00e9g egy\u00e1ltal\u00e1n nem dolgoztunk a f\u0151iskolai, egyetemi \u00e9vek alatt,\nakkor megismerhetj\u00fck magunkat. Egy k\u00e9pet fogunk kapni arr\u00f3l, hogy val\u00f3j\u00e1ban\nmilyenek vagyunk. Megtapasztalhatjuk er\u0151ss\u00e9geinket, gyenges\u00e9geinket is, \u00e9s ha\n\u00fagy gondoljuk, akkor tudunk v\u00e1ltoztatni egyes k\u00e9pess\u00e9geinken. Legy\u00fcnk nyitottak\nkoll\u00e9g\u00e1ink fel\u00e9, \u00e9s ne utas\u00edtsuk vissza, ha tan\u00e1csot szeretn\u00e9nek adni, vagy\nseg\u00edteni szeretn\u00e9nek nek\u00fcnk. Illeszkedj\u00fcnk be a v\u00e1llalati kult\u00far\u00e1ba, de ehhez\nnek\u00fcnk is alkalmazkodnunk kell.<\/p>\n","protected":false},"excerpt":{"rendered":"<p>P\u00e1lyakezd\u0151k\u00e9nt nem egyszer\u0171 az \u00e9let, hiszen elv\u00e9gezt\u00fck az egyetemet, eddig t\u00f6bbnyire nem volt m\u00e1s dolgunk, mint bej\u00e1rni az \u00f3r\u00e1kra, teljes\u00edteni a vizsg\u00e1kat. Mindemellett persze a h\u00e9tv\u00e9gi bulikat sem hagytuk ki a csoportt\u00e1rsakkal. Azonban a \u201egondtalan \u00e9let\u201d v\u00e9get \u00e9rt, itt az ideje munk\u00e1t keresni. Igen \u00e1m, de a v\u00e1llalatok t\u00f6bbs\u00e9ge tapasztalt munkaer\u0151t keres, most akkor mit [&hellip;]<\/p>\n","protected":false},"author":1,"featured_media":195,"comment_status":"open","ping_status":"open","sticky":false,"template":"","format":"standard","meta":{"om_disable_all_campaigns":false,"_monsterinsights_skip_tracking":false,"_monsterinsights_sitenote_active":false,"_monsterinsights_sitenote_note":"","_monsterinsights_sitenote_category":0,"footnotes":""},"categories":[1],"tags":[],"class_list":["post-194","post","type-post","status-publish","format-standard","has-post-thumbnail","hentry","category-egyeb"],"aioseo_notices":[],"_links":{"self":[{"href":"https:\/\/allasorias.hu\/karriertipp\/wp-json\/wp\/v2\/posts\/194","targetHints":{"allow":["GET"]}}],"collection":[{"href":"https:\/\/allasorias.hu\/karriertipp\/wp-json\/wp\/v2\/posts"}],"about":[{"href":"https:\/\/allasorias.hu\/karriertipp\/wp-json\/wp\/v2\/types\/post"}],"author":[{"embeddable":true,"href":"https:\/\/allasorias.hu\/karriertipp\/wp-json\/wp\/v2\/users\/1"}],"replies":[{"embeddable":true,"href":"https:\/\/allasorias.hu\/karriertipp\/wp-json\/wp\/v2\/comments?post=194"}],"version-history":[{"count":1,"href":"https:\/\/allasorias.hu\/karriertipp\/wp-json\/wp\/v2\/posts\/194\/revisions"}],"predecessor-version":[{"id":196,"href":"https:\/\/allasorias.hu\/karriertipp\/wp-json\/wp\/v2\/posts\/194\/revisions\/196"}],"wp:featuredmedia":[{"embeddable":true,"href":"https:\/\/allasorias.hu\/karriertipp\/wp-json\/wp\/v2\/media\/195"}],"wp:attachment":[{"href":"https:\/\/allasorias.hu\/karriertipp\/wp-json\/wp\/v2\/media?parent=194"}],"wp:term":[{"taxonomy":"category","embeddable":true,"href":"https:\/\/allasorias.hu\/karriertipp\/wp-json\/wp\/v2\/categories?post=194"},{"taxonomy":"post_tag","embeddable":true,"href":"https:\/\/allasorias.hu\/karriertipp\/wp-json\/wp\/v2\/tags?post=194"}],"curies":[{"name":"wp","href":"https:\/\/api.w.org\/{rel}","templated":true}]}}