{"id":1842,"date":"2020-06-08T06:10:00","date_gmt":"2020-06-08T06:10:00","guid":{"rendered":"https:\/\/allasorias.hu\/karriertipp\/?p=1842"},"modified":"2020-04-20T06:22:58","modified_gmt":"2020-04-20T06:22:58","slug":"allaskereses-2020-ban","status":"publish","type":"post","link":"https:\/\/allasorias.hu\/karriertipp\/allaskereses-2020-ban\/","title":{"rendered":"\u00c1ll\u00e1skeres\u00e9s 2020-ban"},"content":{"rendered":"\n<p>Az idei \u00e9v\negyik legnagyobb k\u00e9rd\u00e9se, hogy meddig fog tartani ez az \u00e1llapot, mikor lesz\nv\u00e9ge a karant\u00e9nnak, \u00e9s mikor \u00e1ll vissza minden a r\u00e9gi ker\u00e9kv\u00e1g\u00e1sba. Sajnos ezt\nm\u00e9g pontosan senki nem tudja megmondani, \u00edgy azt l\u00e1tni, hogy a c\u00e9gek pr\u00f3b\u00e1lnak\nalkalmazkodni a helyzethez \u00e9s berendezkedni a helyzet hossz\u00fa t\u00e1v\u00fa\nfennmarad\u00e1s\u00e1ra. Illetve \u00e9rdemes azt is megeml\u00edteni, hogy am\u00edg a v\u00edrus ellen\nnincs meg a v\u00e9d\u0151olt\u00e1s, addig ezzel egy\u00fctt kell \u00e9ln\u00fcnk. A vil\u00e1g minden pontj\u00e1n\nmegtal\u00e1lhat\u00f3 m\u00e1r a v\u00edrus, \u00edgy r\u00f6vidt\u00e1von az utaz\u00e1sokat tal\u00e1n el is\nfelejthetj\u00fck. De mire sz\u00e1m\u00edthatunk az \u00e1ll\u00e1skeres\u00e9s piac\u00e1n? P\u00e1r pontban\n\u00f6sszegy\u0171jt\u00f6tt\u00fck mire is sz\u00e1m\u00edthatunk.<\/p>\n\n\n\n<p>Online\ninterj\u00fa<\/p>\n\n\n\n<p>A vil\u00e1g \u00e9s\na gazdas\u00e1g nem \u00e1ll meg. A gy\u00e1rak \u00e9s \u00fczemek beindul\u00e1s ut\u00e1n \u00fajra megindul a\ntermel\u00e9s, \u00e9s a c\u00e9gek \u00faj embereket keresnek majd. A legt\u00f6bb poz\u00edci\u00f3ra pedig ahol\nlehets\u00e9ges lesz, az elej\u00e9n biztosan az online interj\u00fa m\u00f3dszer\u00e9t v\u00e1lasztj\u00e1k\nmajd. Sok c\u00e9gn\u00e9l ez m\u00e1r bevett szok\u00e1s, nem \u00faj keleti dolog a vide\u00f3 vagy skype\ninterj\u00fa. \u00c9rdemes erre teh\u00e1t m\u00e1r id\u0151ben felk\u00e9sz\u00fclni.<\/p>\n\n\n\n<p>Szem\u00e9lyes\nm\u00e1rka<\/p>\n\n\n\n<p>Szem\u00e9lyes\nm\u00e1rka alatt sok dolgot \u00e9rthet\u00fcnk. \u00d6n\u00e9letrajzi megjelen\u00e9s, kialak\u00edt\u00e1s, saj\u00e1t\nmegjelen\u00e9s\u00fcnk, \u00f6lt\u00f6zk\u00f6d\u00e9s\u00fcnk, k\u00f6z\u00f6ss\u00e9gi oldalainkon mutatott k\u00e9p saj\u00e1t\nmagunkr\u00f3l. Ezt az \u00e9n m\u00e1rk\u00e1t akkor tudjuk igaz\u00e1n er\u0151s\u00edteni, ha a szakm\u00e1nkat \u00e9s\nsaj\u00e1t magunkat \u00e1ll\u00edtjuk f\u00f3kuszba. \u00d6n\u00e9letrajzunkban \u00edrjunk b\u00e1tran er\u0151ss\u00e9g\u00fcnkr\u0151l,\n\u00e9s eddigi sikereinkr\u0151l. K\u00f6z\u00f6ss\u00e9gi oldalainkon is b\u00e1tran osszuk meg ezeket, hiszen\negy interj\u00fa el\u0151tt a HR-es koll\u00e9g\u00e1k el\u0151szeretettel n\u00e9zik meg oldalainkat. <\/p>\n","protected":false},"excerpt":{"rendered":"<p>Az idei \u00e9v egyik legnagyobb k\u00e9rd\u00e9se, hogy meddig fog tartani ez az \u00e1llapot, mikor lesz v\u00e9ge a karant\u00e9nnak, \u00e9s mikor \u00e1ll vissza minden a r\u00e9gi ker\u00e9kv\u00e1g\u00e1sba. Sajnos ezt m\u00e9g pontosan senki nem tudja megmondani, \u00edgy azt l\u00e1tni, hogy a c\u00e9gek pr\u00f3b\u00e1lnak alkalmazkodni a helyzethez \u00e9s berendezkedni a helyzet hossz\u00fa t\u00e1v\u00fa fennmarad\u00e1s\u00e1ra. Illetve \u00e9rdemes azt is [&hellip;]<\/p>\n","protected":false},"author":1,"featured_media":1843,"comment_status":"open","ping_status":"open","sticky":false,"template":"","format":"standard","meta":{"om_disable_all_campaigns":false,"_monsterinsights_skip_tracking":false,"_monsterinsights_sitenote_active":false,"_monsterinsights_sitenote_note":"","_monsterinsights_sitenote_category":0,"footnotes":""},"categories":[16],"tags":[],"class_list":["post-1842","post","type-post","status-publish","format-standard","has-post-thumbnail","hentry","category-karrier"],"aioseo_notices":[],"_links":{"self":[{"href":"https:\/\/allasorias.hu\/karriertipp\/wp-json\/wp\/v2\/posts\/1842","targetHints":{"allow":["GET"]}}],"collection":[{"href":"https:\/\/allasorias.hu\/karriertipp\/wp-json\/wp\/v2\/posts"}],"about":[{"href":"https:\/\/allasorias.hu\/karriertipp\/wp-json\/wp\/v2\/types\/post"}],"author":[{"embeddable":true,"href":"https:\/\/allasorias.hu\/karriertipp\/wp-json\/wp\/v2\/users\/1"}],"replies":[{"embeddable":true,"href":"https:\/\/allasorias.hu\/karriertipp\/wp-json\/wp\/v2\/comments?post=1842"}],"version-history":[{"count":1,"href":"https:\/\/allasorias.hu\/karriertipp\/wp-json\/wp\/v2\/posts\/1842\/revisions"}],"predecessor-version":[{"id":1844,"href":"https:\/\/allasorias.hu\/karriertipp\/wp-json\/wp\/v2\/posts\/1842\/revisions\/1844"}],"wp:featuredmedia":[{"embeddable":true,"href":"https:\/\/allasorias.hu\/karriertipp\/wp-json\/wp\/v2\/media\/1843"}],"wp:attachment":[{"href":"https:\/\/allasorias.hu\/karriertipp\/wp-json\/wp\/v2\/media?parent=1842"}],"wp:term":[{"taxonomy":"category","embeddable":true,"href":"https:\/\/allasorias.hu\/karriertipp\/wp-json\/wp\/v2\/categories?post=1842"},{"taxonomy":"post_tag","embeddable":true,"href":"https:\/\/allasorias.hu\/karriertipp\/wp-json\/wp\/v2\/tags?post=1842"}],"curies":[{"name":"wp","href":"https:\/\/api.w.org\/{rel}","templated":true}]}}