{"id":128,"date":"2019-04-11T07:18:43","date_gmt":"2019-04-11T07:18:43","guid":{"rendered":"https:\/\/allasorias.hu\/karriertipp\/?p=128"},"modified":"2019-03-19T14:37:34","modified_gmt":"2019-03-19T14:37:34","slug":"128-2","status":"publish","type":"post","link":"https:\/\/allasorias.hu\/karriertipp\/128-2\/","title":{"rendered":"N\u00e9h\u00e1ny t\u00e9ma, amelyr\u0151l ne besz\u00e9lj\u00fcnk a munkahelyen!"},"content":{"rendered":"\n<p>\u00dagy gondolom, hogy fontos\nerr\u0151l besz\u00e9lni, mert vannak olyan t\u00e9m\u00e1k, amelyek egyszer\u0171en nem munkahelyre\nval\u00f3k. Mindenkinek megvan a v\u00e9lem\u00e9nye bizonyos t\u00e9m\u00e1kr\u00f3l, mindenki m\u00e1s, elt\u00e9r\u0151\nv\u00e9lem\u00e9nyeink vannak. Ez \u00edgy is van rendj\u00e9n, de egyes t\u00e9m\u00e1kat, ha boncolgatunk,\nnem tudhatjuk, hogy kit b\u00e1ntunk meg vele.&nbsp;\nN\u00e9zz\u00fcnk meg p\u00e1rat!<\/p>\n\n\n\n<ul class=\"wp-block-list\"><li>A politika: Ez a t\u00e9ma sarkalatos pontja a t\u00e1rsadalomnak, legf\u0151k\u00e9ppen manaps\u00e1g. Jobb oldal, baloldal, hagyjuk is. Ha err\u0151l kezd\u00fcnk el besz\u00e9lni a munkahelyen, akkor el\u0151bb vagy ut\u00f3bb csak vita lesz bel\u0151le. Amennyiben lehet, ezzel ne hozakodjunk fel.<\/li><\/ul>\n\n\n\n<ul class=\"wp-block-list\"><li>A vall\u00e1s: Lehet, hogy munkat\u00e1rsaink\nvall\u00e1sa nem azonos a mi\u00e9nkkel, de att\u00f3l nem rosszabb emberek. Ki tudja? Lehet,\nhogy megb\u00e1ntunk ezzel valakit, ha elmondjuk v\u00e9lem\u00e9ny\u00fcnket.<\/li><\/ul>\n\n\n\n<ul class=\"wp-block-list\"><li>Szexu\u00e1lis hovatartoz\u00e1s: Magyarorsz\u00e1gon ez\na k\u00e9nyes t\u00e9m\u00e1k k\u00f6z\u00e9 tartozik. Feln\u0151tt emberek vagyunk, \u00edgy igen csak gyerekes\ndolog lenne el\u00edt\u00e9lni m\u00e1st a szexu\u00e1lis hovatartoz\u00e1sa miatt. Lehet valaki\nhomoszexu\u00e1lis, de ha j\u00f3l v\u00e9gzi el a munk\u00e1j\u00e1t, \u00e9s j\u00f3l ki lehet vele j\u00f6nni, att\u00f3l\naz a szem\u00e9ly m\u00e9g egy\u00e1ltal\u00e1n nem el\u00edt\u00e9lend\u0151. Egy\u00e9bk\u00e9nt is ez mindenkinek a\nmag\u00e1n\u00fcgye.<\/li><\/ul>\n\n\n\n<ul class=\"wp-block-list\"><li>Lehetnek rosszabb napjaink, de akkor se a\nmunkat\u00e1rsainkon vezess\u00fck le a fesz\u00fclts\u00e9get. Uralkodjunk magunkon, \u0151k nem\ntehetnek arr\u00f3l, hogy probl\u00e9m\u00e1nk van. Mindenki nyugodt k\u00f6r\u00fclm\u00e9nyek k\u00f6z\u00f6tt szeret\ndolgozni. Nyilv\u00e1n panaszkodni mindenki szeret valamilyen szinten, egy kicsit\nkell is, az\u00e9rt hogy megk\u00f6nnyebb\u00fclj\u00fcnk. Ugyanakkor figyelj\u00fcnk arra, hogy ne\n\u00e1rasszunk panasz\u00e1radatot koll\u00e9g\u00e1inkra. Azt gondolhatj\u00e1k r\u00f3lunk, hogy nek\u00fcnk\nsemmi nem j\u00f3, \u00e1lland\u00f3an van valami bajunk. M\u00e9g a v\u00e9g\u00e9n negat\u00edv szem\u00e9lynek\nk\u00f6nyvelnek el benn\u00fcnket.<\/li><\/ul>\n\n\n\n<ul class=\"wp-block-list\"><li>Ne forsz\u00edrozzuk a rossz szok\u00e1sainkat:\nAl\u00e1\u00edrom, hogy mindenkinek vannak. A szeszfogyaszt\u00e1st nem kell bemutatni, mindenki\nmegissza a mag\u00e1\u00e9t \u00e1ltal\u00e1ban a h\u00e9tv\u00e9g\u00e9n. Sz\u00fcks\u00e9ges is, hogy ki tudjuk ereszteni\na f\u00e1radt g\u0151zt. Munkahelyen akkor se besz\u00e9lj\u00fcnk arr\u00f3l, hogy mit ittunk, meg\nmilyen \u00e1llapotban voltunk. Egyr\u00e9szt a falnak is f\u00fcle van, m\u00e1sr\u00e9szt, ha a f\u0151n\u00f6k\nis meghallja, csak magunkat hozzuk kellemetlen helyzetbe. A m\u00e1sik sz\u00fcks\u00e9ges\nrossz a cigarett\u00e1z\u00e1s. Megint csak azt tudom felhozni, hogy b\u00edrjuk ki a\ncigarettasz\u00fcnetig. Ne hajtogassuk egyfolyt\u00e1ban azt, hogy \u201e\u00faristen nem b\u00edrom ki\naddig, mikor lesz m\u00e1r sz\u00fcnet stb?\u201d<\/li><\/ul>\n\n\n\n<ul class=\"wp-block-list\"><li>Ne hazudjunk: Legal\u00e1bbis ne nagyot. Biztosan vel\u00fcnk is el\u0151fordult m\u00e1r, hogy f\u00fcllentett\u00fcnk egy kicsit. A legt\u00f6bb ember szereti mag\u00e1t j\u00f3 f\u00e9nyben felt\u00fcntetni, k\u00fcl\u00f6n\u00f6sen akkor, amikor \u00faj munkahelyre ker\u00fcl. Akkor sem aj\u00e1nlatos, mert el\u0151bb vagy ut\u00f3bb \u00fagy is kider\u00fcl, illetve megb\u00edzhatatlannak, hazud\u00f3snak tarthatnak benn\u00fcnket. P\u00e9ld\u00e1ul besz\u00e9l\u00fcnk angolul, \u00e9s franci\u00e1ul is, de amikor kellene, akkor meg nem tudunk megsz\u00f3lalni. Ne ferd\u00edts\u00fck a val\u00f3s\u00e1got, ez a l\u00e9nyeg.<\/li><\/ul>\n","protected":false},"excerpt":{"rendered":"<p>\u00dagy gondolom, hogy fontos err\u0151l besz\u00e9lni, mert vannak olyan t\u00e9m\u00e1k, amelyek egyszer\u0171en nem munkahelyre val\u00f3k. Mindenkinek megvan a v\u00e9lem\u00e9nye bizonyos t\u00e9m\u00e1kr\u00f3l, mindenki m\u00e1s, elt\u00e9r\u0151 v\u00e9lem\u00e9nyeink vannak. Ez \u00edgy is van rendj\u00e9n, de egyes t\u00e9m\u00e1kat, ha boncolgatunk, nem tudhatjuk, hogy kit b\u00e1ntunk meg vele.&nbsp; N\u00e9zz\u00fcnk meg p\u00e1rat! A politika: Ez a t\u00e9ma sarkalatos pontja a t\u00e1rsadalomnak, [&hellip;]<\/p>\n","protected":false},"author":1,"featured_media":129,"comment_status":"open","ping_status":"open","sticky":false,"template":"","format":"standard","meta":{"om_disable_all_campaigns":false,"_monsterinsights_skip_tracking":false,"_monsterinsights_sitenote_active":false,"_monsterinsights_sitenote_note":"","_monsterinsights_sitenote_category":0,"footnotes":""},"categories":[18,24],"tags":[],"class_list":["post-128","post","type-post","status-publish","format-standard","has-post-thumbnail","hentry","category-kommunikacio","category-munkahelyi-kapcsolatok"],"aioseo_notices":[],"_links":{"self":[{"href":"https:\/\/allasorias.hu\/karriertipp\/wp-json\/wp\/v2\/posts\/128","targetHints":{"allow":["GET"]}}],"collection":[{"href":"https:\/\/allasorias.hu\/karriertipp\/wp-json\/wp\/v2\/posts"}],"about":[{"href":"https:\/\/allasorias.hu\/karriertipp\/wp-json\/wp\/v2\/types\/post"}],"author":[{"embeddable":true,"href":"https:\/\/allasorias.hu\/karriertipp\/wp-json\/wp\/v2\/users\/1"}],"replies":[{"embeddable":true,"href":"https:\/\/allasorias.hu\/karriertipp\/wp-json\/wp\/v2\/comments?post=128"}],"version-history":[{"count":2,"href":"https:\/\/allasorias.hu\/karriertipp\/wp-json\/wp\/v2\/posts\/128\/revisions"}],"predecessor-version":[{"id":131,"href":"https:\/\/allasorias.hu\/karriertipp\/wp-json\/wp\/v2\/posts\/128\/revisions\/131"}],"wp:featuredmedia":[{"embeddable":true,"href":"https:\/\/allasorias.hu\/karriertipp\/wp-json\/wp\/v2\/media\/129"}],"wp:attachment":[{"href":"https:\/\/allasorias.hu\/karriertipp\/wp-json\/wp\/v2\/media?parent=128"}],"wp:term":[{"taxonomy":"category","embeddable":true,"href":"https:\/\/allasorias.hu\/karriertipp\/wp-json\/wp\/v2\/categories?post=128"},{"taxonomy":"post_tag","embeddable":true,"href":"https:\/\/allasorias.hu\/karriertipp\/wp-json\/wp\/v2\/tags?post=128"}],"curies":[{"name":"wp","href":"https:\/\/api.w.org\/{rel}","templated":true}]}}