{"id":9553,"date":"2026-09-03T09:51:38","date_gmt":"2026-09-03T07:51:38","guid":{"rendered":"https:\/\/allasorias.hu\/hirek\/?p=9553"},"modified":"2026-09-03T09:51:38","modified_gmt":"2026-09-03T07:51:38","slug":"nem-az-oneletrajz-szamit-majd-az-allaskeresesnel","status":"publish","type":"post","link":"https:\/\/allasorias.hu\/hirek\/nem-az-oneletrajz-szamit-majd-az-allaskeresesnel\/","title":{"rendered":"Nem az \u00f6n\u00e9letrajz sz\u00e1m\u00edt majd az \u00e1ll\u00e1skeres\u00e9sn\u00e9l"},"content":{"rendered":"<p><strong>A fiatalok, de a k\u00f6z\u00e9p koroszt\u00e1ly is egyre ink\u00e1bb haszn\u00e1lja a mindennapi \u00e9letben a mesters\u00e9ges intelligenci\u00e1t. Leveleket, sz\u00f6vegeket, de az \u00f6n\u00e9letrajzot is az AI-val \u00edratj\u00e1k meg, ami furcsa helyzetet teremt az \u00e1ll\u00e1sokra jelentkez\u0151kn\u00e9l.<\/strong><\/p>\n<p>Miut\u00e1n az AI m\u00e1r percek alatt k\u00e9pes szakmai \u00f6n\u00e9letrajzot \u00edrni, ez\u00e9rt a kompetens jelentkez\u0151ket is egyre nehezebb kiv\u00e1lasztani. Ez\u00e9rt szak\u00e9rt\u0151k szerint a szakmai aj\u00e1nl\u00e1sok fontoss\u00e1ga fel\u00e9rt\u00e9kel\u0151dhet. 2024-ben a c\u00e9gek k\u00f6zel 90 sz\u00e1zal\u00e9ka haszn\u00e1lt a toborz\u00e1s sor\u00e1n mesters\u00e9ges intelligenci\u00e1t. Mostanra azonban m\u00e1r a p\u00e1ly\u00e1z\u00f3k is t\u00f6megesen haszn\u00e1lj\u00e1k a chatbotokat arra, hogy jelentkezzenek egy-egy \u00e1ll\u00e1sra. Ennek eredm\u00e9nyek\u00e9nt az Egyes\u00fclt Kir\u00e1lys\u00e1gban, \u00cdrorsz\u00e1gban \u00e9s N\u00e9metorsz\u00e1gban egy \u00e1ll\u00e1sra ma m\u00e1r k\u00f6zel h\u00e1romszor annyian jelentkeznek, mint 2021-ben, a jel\u00f6ltek 78 sz\u00e1zal\u00e9ka pedig AI-jal szabja szem\u00e9lyre p\u00e1ly\u00e1zat\u00e1t.<\/p>\n<p>A fenti jelens\u00e9gre tekintettel szak\u00e9rt\u0151k \u00fagy l\u00e1tj\u00e1k, hogy a j\u00f6v\u0151ben megn\u0151het a szem\u00e9lyes aj\u00e1nl\u00e1sok \u00e9rt\u00e9ke \u2013 \u00edrja a World Economic Forum. Judd Kessler, a Pennsylvaniai Egyetem professzora szerint az aj\u00e1nl\u00f3lev\u00e9l jelz\u00e9s\u00e9rt\u00e9k\u00e9t az adja, hogy valaki hajland\u00f3 volt elk\u00fcldeni azt. A verseny sz\u00e9ls\u0151s\u00e9gess\u00e9g\u00e9t szerinte j\u00f3l mutatja, hogy Indi\u00e1ban a p\u00e1lyakezd\u0151k m\u00e1r az els\u0151 havi fizet\u00e9s\u00fcket is felaj\u00e1nlj\u00e1k egy sikeres aj\u00e1nl\u00e1s\u00e9rt. Ugyanakkor a kapcsolati t\u0151ke el\u0151ret\u00f6r\u00e9se n\u00f6velheti az egyenl\u0151tlens\u00e9get, \u00e9s ebben az AI sem marad semleges: egy, a Stanford-i Egyetem \u00e1ltal vezetett kutat\u00e1s szerint, amelyben 4 milli\u00f3 jelentkez\u00e9st \u00e9s 1700 \u00e1ll\u00e1st vizsg\u00e1ltak, a fekete b\u0151r\u0171 p\u00e1ly\u00e1z\u00f3k 26, az \u00e1zsiaiak 15 sz\u00e1zal\u00e9ka olyan poz\u00edci\u00f3ra jelentkezett, ahol egy elterjedt rendszer h\u00e1tr\u00e1nyosan megk\u00fcl\u00f6nb\u00f6ztette saj\u00e1t csoportj\u00e1t.<\/p>\n<p>Egy m\u00e1sik vizsg\u00e1latban az AI-alap\u00fa kiv\u00e1laszt\u00e1s kev\u00e9sb\u00e9 igazs\u00e1gos nemi \u00f6sszet\u00e9tel\u0171 list\u00e1kat adott; a legjobb eredm\u00e9nyt az ember \u00e9s a g\u00e9p egy\u00fcttm\u0171k\u00f6d\u00e9se hozta. Ezzel p\u00e1rhuzamosan egyre jobban sz\u0171k\u00fclnek a p\u00e1lyakezd\u0151k lehet\u0151s\u00e9gei is: a PwC szerint az AI-nak legink\u00e1bb kitett amerikai bel\u00e9p\u0151szint\u0171 \u00e1ll\u00e1sok h\u00e9tszer nagyobb es\u00e9llyel k\u00f6vetelnek szenior szint\u0171 k\u00e9szs\u00e9geket. Az Oliver Wyman \u00e9s a New York-i \u00c9rt\u00e9kt\u0151zsde felm\u00e9r\u00e9s\u00e9ben a vez\u00e9rigazgat\u00f3k 43 sz\u00e1zal\u00e9ka tervezi h\u00e1tt\u00e9rbe szor\u00edtani a juniorok felv\u00e9tel\u00e9t, szemben az egy \u00e9vvel kor\u00e1bbi 17 sz\u00e1zal\u00e9kkal. A cikk szerint a brit munk\u00e1ltat\u00f3k t\u00f6bb mint harmada m\u00e1r cs\u00f6kkentette a fiataloknak sz\u00e1nt \u00e1ll\u00e1sok sz\u00e1m\u00e1t, a nagyv\u00e1llalatok 60 sz\u00e1zal\u00e9ka szerint pedig ebben szerepet j\u00e1tszott az automatiz\u00e1ci\u00f3 \u00e9s az AI is.<\/p>\n<p>Forr\u00e1s: <a href=\"https:\/\/www.economx.hu\/karrier\/2026\/09\/03\/munkaeropiac-mesterseges-intelligencia-world-economic-forum\/\" target=\"_blank\" rel=\"nofollow noopener noreferrer\">economx.hu<\/a><\/p>\n","protected":false},"excerpt":{"rendered":"<p>A fiatalok, de a k\u00f6z\u00e9p koroszt\u00e1ly is egyre ink\u00e1bb haszn\u00e1lja a mindennapi \u00e9letben a mesters\u00e9ges intelligenci\u00e1t. Leveleket, sz\u00f6vegeket, de az \u00f6n\u00e9letrajzot is az AI-val \u00edratj\u00e1k meg, ami furcsa helyzetet teremt az \u00e1ll\u00e1sokra jelentkez\u0151kn\u00e9l. Miut\u00e1n az AI m\u00e1r percek alatt k\u00e9pes szakmai \u00f6n\u00e9letrajzot \u00edrni, ez\u00e9rt a kompetens jelentkez\u0151ket is egyre nehezebb kiv\u00e1lasztani. Ez\u00e9rt szak\u00e9rt\u0151k szerint a [&hellip;]<\/p>\n","protected":false},"author":1,"featured_media":9554,"comment_status":"closed","ping_status":"closed","sticky":false,"template":"","format":"standard","meta":{"_monsterinsights_skip_tracking":false,"footnotes":""},"categories":[1],"tags":[],"class_list":["post-9553","post","type-post","status-publish","format-standard","has-post-thumbnail","hentry","category-allaskereses"],"aioseo_notices":[],"aioseo_head":"\n\t\t<!-- All in One SEO 5.0.0.1 - aioseo.com -->\n\t<meta name=\"description\" content=\"A fiatalok, de a k\u00f6z\u00e9p koroszt\u00e1ly is egyre ink\u00e1bb haszn\u00e1lja a mindennapi \u00e9letben a mesters\u00e9ges intelligenci\u00e1t. Leveleket, sz\u00f6vegeket, de az \u00f6n\u00e9letrajzot is az AI-val \u00edratj\u00e1k meg,\" \/>\n\t<meta name=\"robots\" content=\"max-image-preview:large\" \/>\n\t<meta name=\"author\" content=\"Juh\u00e1sz P\u00e9ter\"\/>\n\t<link rel=\"canonical\" href=\"https:\/\/allasorias.hu\/hirek\/nem-az-oneletrajz-szamit-majd-az-allaskeresesnel\/\" \/>\n\t<meta name=\"generator\" content=\"All in One SEO (AIOSEO) 5.0.0.1\" \/>\n\t\t<meta property=\"og:locale\" content=\"hu_HU\" \/>\n\t\t<meta property=\"og:site_name\" content=\"AllasOrias.hu | H\u00edrek-lapszemle | \u00dczleti h\u00edrek az \u00e1ll\u00e1s \u00e9s a munka vil\u00e1g\u00e1b\u00f3l\" \/>\n\t\t<meta property=\"og:type\" content=\"article\" \/>\n\t\t<meta property=\"og:title\" content=\"Nem az \u00f6n\u00e9letrajz sz\u00e1m\u00edt majd az \u00e1ll\u00e1skeres\u00e9sn\u00e9l\" \/>\n\t\t<meta property=\"og:description\" content=\"A fiatalok, de a k\u00f6z\u00e9p koroszt\u00e1ly is egyre ink\u00e1bb haszn\u00e1lja a mindennapi \u00e9letben a mesters\u00e9ges intelligenci\u00e1t. Leveleket, sz\u00f6vegeket, de az \u00f6n\u00e9letrajzot is az AI-val \u00edratj\u00e1k meg,\" \/>\n\t\t<meta property=\"og:url\" content=\"https:\/\/allasorias.hu\/hirek\/nem-az-oneletrajz-szamit-majd-az-allaskeresesnel\/\" \/>\n\t\t<meta property=\"og:image\" content=\"https:\/\/allasorias.hu\/hirek\/wp-content\/uploads\/2026\/09\/allaskereses-mesterseges-intelligenciaval.jpg\" \/>\n\t\t<meta property=\"og:image:secure_url\" content=\"https:\/\/allasorias.hu\/hirek\/wp-content\/uploads\/2026\/09\/allaskereses-mesterseges-intelligenciaval.jpg\" \/>\n\t\t<meta property=\"og:image:width\" content=\"1920\" \/>\n\t\t<meta property=\"og:image:height\" content=\"1280\" \/>\n\t\t<meta property=\"article:published_time\" content=\"2026-09-03T07:51:38+00:00\" \/>\n\t\t<meta property=\"article:modified_time\" content=\"2026-09-03T07:51:38+00:00\" \/>\n\t\t<meta property=\"article:publisher\" content=\"https:\/\/www.facebook.com\/allasorias\" \/>\n\t\t<meta name=\"twitter:card\" content=\"summary_large_image\" \/>\n\t\t<meta name=\"twitter:title\" content=\"Nem az \u00f6n\u00e9letrajz sz\u00e1m\u00edt majd az \u00e1ll\u00e1skeres\u00e9sn\u00e9l\" \/>\n\t\t<meta name=\"twitter:description\" content=\"A fiatalok, de a k\u00f6z\u00e9p koroszt\u00e1ly is egyre ink\u00e1bb haszn\u00e1lja a mindennapi \u00e9letben a mesters\u00e9ges intelligenci\u00e1t. Leveleket, sz\u00f6vegeket, de az \u00f6n\u00e9letrajzot is az AI-val \u00edratj\u00e1k meg,\" \/>\n\t\t<meta name=\"twitter:image\" content=\"https:\/\/allasorias.hu\/hirek\/wp-content\/uploads\/2026\/09\/allaskereses-mesterseges-intelligenciaval.jpg\" \/>\n\t\t<meta name=\"twitter:label1\" content=\"Written by\" \/>\n\t\t<meta name=\"twitter:data1\" content=\"Juh\u00e1sz P\u00e9ter\" \/>\n\t\t<meta name=\"twitter:label2\" content=\"Est. reading time\" \/>\n\t\t<meta name=\"twitter:data2\" content=\"3 minutes\" \/>\n\t\t<script type=\"application\/ld+json\" class=\"aioseo-schema\">\n\t\t\t{\"@context\":\"https:\\\/\\\/schema.org\",\"@graph\":[{\"@type\":\"Article\",\"@id\":\"https:\\\/\\\/allasorias.hu\\\/hirek\\\/nem-az-oneletrajz-szamit-majd-az-allaskeresesnel\\\/#article\",\"name\":\"Nem az \\u00f6n\\u00e9letrajz sz\\u00e1m\\u00edt majd az \\u00e1ll\\u00e1skeres\\u00e9sn\\u00e9l\",\"headline\":\"Nem az \\u00f6n\\u00e9letrajz sz\\u00e1m\\u00edt majd az \\u00e1ll\\u00e1skeres\\u00e9sn\\u00e9l\",\"author\":{\"@id\":\"https:\\\/\\\/allasorias.hu\\\/hirek\\\/author\\\/admin-allasorias\\\/#author\"},\"publisher\":{\"@id\":\"https:\\\/\\\/allasorias.hu\\\/hirek\\\/#organization\"},\"image\":{\"@type\":\"ImageObject\",\"url\":\"https:\\\/\\\/allasorias.hu\\\/hirek\\\/wp-content\\\/uploads\\\/2026\\\/09\\\/allaskereses-mesterseges-intelligenciaval.jpg\",\"width\":1920,\"height\":1280,\"caption\":\"Nem az \\u00f6n\\u00e9letrajz sz\\u00e1m\\u00edt majd az \\u00e1ll\\u00e1skeres\\u00e9sn\\u00e9l - Allasorias.hu\\\/Hirek\"},\"datePublished\":\"2026-09-03T09:51:38+02:00\",\"dateModified\":\"2026-09-03T09:51:38+02:00\",\"inLanguage\":\"hu-HU\",\"mainEntityOfPage\":{\"@id\":\"https:\\\/\\\/allasorias.hu\\\/hirek\\\/nem-az-oneletrajz-szamit-majd-az-allaskeresesnel\\\/#webpage\"},\"isPartOf\":{\"@id\":\"https:\\\/\\\/allasorias.hu\\\/hirek\\\/nem-az-oneletrajz-szamit-majd-az-allaskeresesnel\\\/#webpage\"},\"articleSection\":\"\\u00c1ll\\u00e1skeres\\u00e9s\"},{\"@type\":\"BreadcrumbList\",\"@id\":\"https:\\\/\\\/allasorias.hu\\\/hirek\\\/nem-az-oneletrajz-szamit-majd-az-allaskeresesnel\\\/#breadcrumblist\",\"itemListElement\":[{\"@type\":\"ListItem\",\"@id\":\"https:\\\/\\\/allasorias.hu\\\/hirek#listItem\",\"position\":1,\"name\":\"Home\",\"item\":\"https:\\\/\\\/allasorias.hu\\\/hirek\",\"nextItem\":{\"@type\":\"ListItem\",\"@id\":\"https:\\\/\\\/allasorias.hu\\\/hirek\\\/temak\\\/allaskereses\\\/#listItem\",\"name\":\"\\u00c1ll\\u00e1skeres\\u00e9s\"}},{\"@type\":\"ListItem\",\"@id\":\"https:\\\/\\\/allasorias.hu\\\/hirek\\\/temak\\\/allaskereses\\\/#listItem\",\"position\":2,\"name\":\"\\u00c1ll\\u00e1skeres\\u00e9s\",\"item\":\"https:\\\/\\\/allasorias.hu\\\/hirek\\\/temak\\\/allaskereses\\\/\",\"nextItem\":{\"@type\":\"ListItem\",\"@id\":\"https:\\\/\\\/allasorias.hu\\\/hirek\\\/nem-az-oneletrajz-szamit-majd-az-allaskeresesnel\\\/#listItem\",\"name\":\"Nem az \\u00f6n\\u00e9letrajz sz\\u00e1m\\u00edt majd az \\u00e1ll\\u00e1skeres\\u00e9sn\\u00e9l\"},\"previousItem\":{\"@type\":\"ListItem\",\"@id\":\"https:\\\/\\\/allasorias.hu\\\/hirek#listItem\",\"name\":\"Home\"}},{\"@type\":\"ListItem\",\"@id\":\"https:\\\/\\\/allasorias.hu\\\/hirek\\\/nem-az-oneletrajz-szamit-majd-az-allaskeresesnel\\\/#listItem\",\"position\":3,\"name\":\"Nem az \\u00f6n\\u00e9letrajz sz\\u00e1m\\u00edt majd az \\u00e1ll\\u00e1skeres\\u00e9sn\\u00e9l\",\"previousItem\":{\"@type\":\"ListItem\",\"@id\":\"https:\\\/\\\/allasorias.hu\\\/hirek\\\/temak\\\/allaskereses\\\/#listItem\",\"name\":\"\\u00c1ll\\u00e1skeres\\u00e9s\"}}]},{\"@type\":\"Organization\",\"@id\":\"https:\\\/\\\/allasorias.hu\\\/hirek\\\/#organization\",\"name\":\"AllasOrias.hu | H\\u00edrek-lapszemle\",\"description\":\"\\u00dczleti h\\u00edrek az \\u00e1ll\\u00e1s \\u00e9s a munka vil\\u00e1g\\u00e1b\\u00f3l\",\"url\":\"https:\\\/\\\/allasorias.hu\\\/hirek\\\/\",\"logo\":{\"@type\":\"ImageObject\",\"url\":\"https:\\\/\\\/allasorias.hu\\\/hirek\\\/wp-content\\\/uploads\\\/2022\\\/10\\\/allasorias_site_facebok_logo.png\",\"@id\":\"https:\\\/\\\/allasorias.hu\\\/hirek\\\/nem-az-oneletrajz-szamit-majd-az-allaskeresesnel\\\/#organizationLogo\"},\"image\":{\"@id\":\"https:\\\/\\\/allasorias.hu\\\/hirek\\\/nem-az-oneletrajz-szamit-majd-az-allaskeresesnel\\\/#organizationLogo\"},\"sameAs\":[\"https:\\\/\\\/www.facebook.com\\\/allasorias\",\"https:\\\/\\\/www.linkedin.com\\\/company\\\/allasorias\"]},{\"@type\":\"Person\",\"@id\":\"https:\\\/\\\/allasorias.hu\\\/hirek\\\/author\\\/admin-allasorias\\\/#author\",\"url\":\"https:\\\/\\\/allasorias.hu\\\/hirek\\\/author\\\/admin-allasorias\\\/\",\"name\":\"Juh\\u00e1sz P\\u00e9ter\",\"image\":{\"@type\":\"ImageObject\",\"@id\":\"https:\\\/\\\/allasorias.hu\\\/hirek\\\/nem-az-oneletrajz-szamit-majd-az-allaskeresesnel\\\/#authorImage\",\"url\":\"https:\\\/\\\/secure.gravatar.com\\\/avatar\\\/36e6bcb83148978b992977cb0f54d22feb0cce8a0a849a9410532bb2623ba4c6?s=96&d=mm&r=g\",\"width\":96,\"height\":96,\"caption\":\"Juh\\u00e1sz P\\u00e9ter\"}},{\"@type\":\"WebPage\",\"@id\":\"https:\\\/\\\/allasorias.hu\\\/hirek\\\/nem-az-oneletrajz-szamit-majd-az-allaskeresesnel\\\/#webpage\",\"url\":\"https:\\\/\\\/allasorias.hu\\\/hirek\\\/nem-az-oneletrajz-szamit-majd-az-allaskeresesnel\\\/\",\"name\":\"Nem az \\u00f6n\\u00e9letrajz sz\\u00e1m\\u00edt majd az \\u00e1ll\\u00e1skeres\\u00e9sn\\u00e9l\",\"description\":\"A fiatalok, de a k\\u00f6z\\u00e9p koroszt\\u00e1ly is egyre ink\\u00e1bb haszn\\u00e1lja a mindennapi \\u00e9letben a mesters\\u00e9ges intelligenci\\u00e1t. Leveleket, sz\\u00f6vegeket, de az \\u00f6n\\u00e9letrajzot is az AI-val \\u00edratj\\u00e1k meg,\",\"inLanguage\":\"hu-HU\",\"isPartOf\":{\"@id\":\"https:\\\/\\\/allasorias.hu\\\/hirek\\\/#website\"},\"breadcrumb\":{\"@id\":\"https:\\\/\\\/allasorias.hu\\\/hirek\\\/nem-az-oneletrajz-szamit-majd-az-allaskeresesnel\\\/#breadcrumblist\"},\"author\":{\"@id\":\"https:\\\/\\\/allasorias.hu\\\/hirek\\\/author\\\/admin-allasorias\\\/#author\"},\"creator\":{\"@id\":\"https:\\\/\\\/allasorias.hu\\\/hirek\\\/author\\\/admin-allasorias\\\/#author\"},\"image\":{\"@type\":\"ImageObject\",\"url\":\"https:\\\/\\\/allasorias.hu\\\/hirek\\\/wp-content\\\/uploads\\\/2026\\\/09\\\/allaskereses-mesterseges-intelligenciaval.jpg\",\"@id\":\"https:\\\/\\\/allasorias.hu\\\/hirek\\\/nem-az-oneletrajz-szamit-majd-az-allaskeresesnel\\\/#mainImage\",\"width\":1920,\"height\":1280,\"caption\":\"Nem az \\u00f6n\\u00e9letrajz sz\\u00e1m\\u00edt majd az \\u00e1ll\\u00e1skeres\\u00e9sn\\u00e9l - Allasorias.hu\\\/Hirek\"},\"primaryImageOfPage\":{\"@id\":\"https:\\\/\\\/allasorias.hu\\\/hirek\\\/nem-az-oneletrajz-szamit-majd-az-allaskeresesnel\\\/#mainImage\"},\"datePublished\":\"2026-09-03T09:51:38+02:00\",\"dateModified\":\"2026-09-03T09:51:38+02:00\"},{\"@type\":\"WebSite\",\"@id\":\"https:\\\/\\\/allasorias.hu\\\/hirek\\\/#website\",\"url\":\"https:\\\/\\\/allasorias.hu\\\/hirek\\\/\",\"name\":\"AllasOrias.hu | H\\u00edrek-lapszemle\",\"description\":\"\\u00dczleti h\\u00edrek az \\u00e1ll\\u00e1s \\u00e9s a munka vil\\u00e1g\\u00e1b\\u00f3l\",\"inLanguage\":\"hu-HU\",\"publisher\":{\"@id\":\"https:\\\/\\\/allasorias.hu\\\/hirek\\\/#organization\"}}]}\n\t\t<\/script>\n\t\t<!-- All in One SEO -->\n\n","aioseo_head_json":{"title":"Nem az \u00f6n\u00e9letrajz sz\u00e1m\u00edt majd az \u00e1ll\u00e1skeres\u00e9sn\u00e9l","description":"A fiatalok, de a k\u00f6z\u00e9p koroszt\u00e1ly is egyre ink\u00e1bb haszn\u00e1lja a mindennapi \u00e9letben a mesters\u00e9ges intelligenci\u00e1t. Leveleket, sz\u00f6vegeket, de az \u00f6n\u00e9letrajzot is az AI-val \u00edratj\u00e1k meg,","canonical_url":"https:\/\/allasorias.hu\/hirek\/nem-az-oneletrajz-szamit-majd-az-allaskeresesnel\/","robots":"max-image-preview:large","keywords":"","webmasterTools":{"miscellaneous":""},"schema":{"@context":"https:\/\/schema.org","@graph":[{"@type":"Article","@id":"https:\/\/allasorias.hu\/hirek\/nem-az-oneletrajz-szamit-majd-az-allaskeresesnel\/#article","name":"Nem az \u00f6n\u00e9letrajz sz\u00e1m\u00edt majd az \u00e1ll\u00e1skeres\u00e9sn\u00e9l","headline":"Nem az \u00f6n\u00e9letrajz sz\u00e1m\u00edt majd az \u00e1ll\u00e1skeres\u00e9sn\u00e9l","author":{"@id":"https:\/\/allasorias.hu\/hirek\/author\/admin-allasorias\/#author"},"publisher":{"@id":"https:\/\/allasorias.hu\/hirek\/#organization"},"image":{"@type":"ImageObject","url":"https:\/\/allasorias.hu\/hirek\/wp-content\/uploads\/2026\/09\/allaskereses-mesterseges-intelligenciaval.jpg","width":1920,"height":1280,"caption":"Nem az \u00f6n\u00e9letrajz sz\u00e1m\u00edt majd az \u00e1ll\u00e1skeres\u00e9sn\u00e9l - Allasorias.hu\/Hirek"},"datePublished":"2026-09-03T09:51:38+02:00","dateModified":"2026-09-03T09:51:38+02:00","inLanguage":"hu-HU","mainEntityOfPage":{"@id":"https:\/\/allasorias.hu\/hirek\/nem-az-oneletrajz-szamit-majd-az-allaskeresesnel\/#webpage"},"isPartOf":{"@id":"https:\/\/allasorias.hu\/hirek\/nem-az-oneletrajz-szamit-majd-az-allaskeresesnel\/#webpage"},"articleSection":"\u00c1ll\u00e1skeres\u00e9s"},{"@type":"BreadcrumbList","@id":"https:\/\/allasorias.hu\/hirek\/nem-az-oneletrajz-szamit-majd-az-allaskeresesnel\/#breadcrumblist","itemListElement":[{"@type":"ListItem","@id":"https:\/\/allasorias.hu\/hirek#listItem","position":1,"name":"Home","item":"https:\/\/allasorias.hu\/hirek","nextItem":{"@type":"ListItem","@id":"https:\/\/allasorias.hu\/hirek\/temak\/allaskereses\/#listItem","name":"\u00c1ll\u00e1skeres\u00e9s"}},{"@type":"ListItem","@id":"https:\/\/allasorias.hu\/hirek\/temak\/allaskereses\/#listItem","position":2,"name":"\u00c1ll\u00e1skeres\u00e9s","item":"https:\/\/allasorias.hu\/hirek\/temak\/allaskereses\/","nextItem":{"@type":"ListItem","@id":"https:\/\/allasorias.hu\/hirek\/nem-az-oneletrajz-szamit-majd-az-allaskeresesnel\/#listItem","name":"Nem az \u00f6n\u00e9letrajz sz\u00e1m\u00edt majd az \u00e1ll\u00e1skeres\u00e9sn\u00e9l"},"previousItem":{"@type":"ListItem","@id":"https:\/\/allasorias.hu\/hirek#listItem","name":"Home"}},{"@type":"ListItem","@id":"https:\/\/allasorias.hu\/hirek\/nem-az-oneletrajz-szamit-majd-az-allaskeresesnel\/#listItem","position":3,"name":"Nem az \u00f6n\u00e9letrajz sz\u00e1m\u00edt majd az \u00e1ll\u00e1skeres\u00e9sn\u00e9l","previousItem":{"@type":"ListItem","@id":"https:\/\/allasorias.hu\/hirek\/temak\/allaskereses\/#listItem","name":"\u00c1ll\u00e1skeres\u00e9s"}}]},{"@type":"Organization","@id":"https:\/\/allasorias.hu\/hirek\/#organization","name":"AllasOrias.hu | H\u00edrek-lapszemle","description":"\u00dczleti h\u00edrek az \u00e1ll\u00e1s \u00e9s a munka vil\u00e1g\u00e1b\u00f3l","url":"https:\/\/allasorias.hu\/hirek\/","logo":{"@type":"ImageObject","url":"https:\/\/allasorias.hu\/hirek\/wp-content\/uploads\/2022\/10\/allasorias_site_facebok_logo.png","@id":"https:\/\/allasorias.hu\/hirek\/nem-az-oneletrajz-szamit-majd-az-allaskeresesnel\/#organizationLogo"},"image":{"@id":"https:\/\/allasorias.hu\/hirek\/nem-az-oneletrajz-szamit-majd-az-allaskeresesnel\/#organizationLogo"},"sameAs":["https:\/\/www.facebook.com\/allasorias","https:\/\/www.linkedin.com\/company\/allasorias"]},{"@type":"Person","@id":"https:\/\/allasorias.hu\/hirek\/author\/admin-allasorias\/#author","url":"https:\/\/allasorias.hu\/hirek\/author\/admin-allasorias\/","name":"Juh\u00e1sz P\u00e9ter","image":{"@type":"ImageObject","@id":"https:\/\/allasorias.hu\/hirek\/nem-az-oneletrajz-szamit-majd-az-allaskeresesnel\/#authorImage","url":"https:\/\/secure.gravatar.com\/avatar\/36e6bcb83148978b992977cb0f54d22feb0cce8a0a849a9410532bb2623ba4c6?s=96&d=mm&r=g","width":96,"height":96,"caption":"Juh\u00e1sz P\u00e9ter"}},{"@type":"WebPage","@id":"https:\/\/allasorias.hu\/hirek\/nem-az-oneletrajz-szamit-majd-az-allaskeresesnel\/#webpage","url":"https:\/\/allasorias.hu\/hirek\/nem-az-oneletrajz-szamit-majd-az-allaskeresesnel\/","name":"Nem az \u00f6n\u00e9letrajz sz\u00e1m\u00edt majd az \u00e1ll\u00e1skeres\u00e9sn\u00e9l","description":"A fiatalok, de a k\u00f6z\u00e9p koroszt\u00e1ly is egyre ink\u00e1bb haszn\u00e1lja a mindennapi \u00e9letben a mesters\u00e9ges intelligenci\u00e1t. Leveleket, sz\u00f6vegeket, de az \u00f6n\u00e9letrajzot is az AI-val \u00edratj\u00e1k meg,","inLanguage":"hu-HU","isPartOf":{"@id":"https:\/\/allasorias.hu\/hirek\/#website"},"breadcrumb":{"@id":"https:\/\/allasorias.hu\/hirek\/nem-az-oneletrajz-szamit-majd-az-allaskeresesnel\/#breadcrumblist"},"author":{"@id":"https:\/\/allasorias.hu\/hirek\/author\/admin-allasorias\/#author"},"creator":{"@id":"https:\/\/allasorias.hu\/hirek\/author\/admin-allasorias\/#author"},"image":{"@type":"ImageObject","url":"https:\/\/allasorias.hu\/hirek\/wp-content\/uploads\/2026\/09\/allaskereses-mesterseges-intelligenciaval.jpg","@id":"https:\/\/allasorias.hu\/hirek\/nem-az-oneletrajz-szamit-majd-az-allaskeresesnel\/#mainImage","width":1920,"height":1280,"caption":"Nem az \u00f6n\u00e9letrajz sz\u00e1m\u00edt majd az \u00e1ll\u00e1skeres\u00e9sn\u00e9l - Allasorias.hu\/Hirek"},"primaryImageOfPage":{"@id":"https:\/\/allasorias.hu\/hirek\/nem-az-oneletrajz-szamit-majd-az-allaskeresesnel\/#mainImage"},"datePublished":"2026-09-03T09:51:38+02:00","dateModified":"2026-09-03T09:51:38+02:00"},{"@type":"WebSite","@id":"https:\/\/allasorias.hu\/hirek\/#website","url":"https:\/\/allasorias.hu\/hirek\/","name":"AllasOrias.hu | H\u00edrek-lapszemle","description":"\u00dczleti h\u00edrek az \u00e1ll\u00e1s \u00e9s a munka vil\u00e1g\u00e1b\u00f3l","inLanguage":"hu-HU","publisher":{"@id":"https:\/\/allasorias.hu\/hirek\/#organization"}}]},"og:locale":"hu_HU","og:site_name":"AllasOrias.hu | H\u00edrek-lapszemle | \u00dczleti h\u00edrek az \u00e1ll\u00e1s \u00e9s a munka vil\u00e1g\u00e1b\u00f3l","og:type":"article","og:title":"Nem az \u00f6n\u00e9letrajz sz\u00e1m\u00edt majd az \u00e1ll\u00e1skeres\u00e9sn\u00e9l","og:description":"A fiatalok, de a k\u00f6z\u00e9p koroszt\u00e1ly is egyre ink\u00e1bb haszn\u00e1lja a mindennapi \u00e9letben a mesters\u00e9ges intelligenci\u00e1t. Leveleket, sz\u00f6vegeket, de az \u00f6n\u00e9letrajzot is az AI-val \u00edratj\u00e1k meg,","og:url":"https:\/\/allasorias.hu\/hirek\/nem-az-oneletrajz-szamit-majd-az-allaskeresesnel\/","og:image":"https:\/\/allasorias.hu\/hirek\/wp-content\/uploads\/2026\/09\/allaskereses-mesterseges-intelligenciaval.jpg","og:image:secure_url":"https:\/\/allasorias.hu\/hirek\/wp-content\/uploads\/2026\/09\/allaskereses-mesterseges-intelligenciaval.jpg","og:image:width":1920,"og:image:height":1280,"article:published_time":"2026-09-03T07:51:38+00:00","article:modified_time":"2026-09-03T07:51:38+00:00","article:publisher":"https:\/\/www.facebook.com\/allasorias","twitter:card":"summary_large_image","twitter:title":"Nem az \u00f6n\u00e9letrajz sz\u00e1m\u00edt majd az \u00e1ll\u00e1skeres\u00e9sn\u00e9l","twitter:description":"A fiatalok, de a k\u00f6z\u00e9p koroszt\u00e1ly is egyre ink\u00e1bb haszn\u00e1lja a mindennapi \u00e9letben a mesters\u00e9ges intelligenci\u00e1t. Leveleket, sz\u00f6vegeket, de az \u00f6n\u00e9letrajzot is az AI-val \u00edratj\u00e1k meg,","twitter:image":"https:\/\/allasorias.hu\/hirek\/wp-content\/uploads\/2026\/09\/allaskereses-mesterseges-intelligenciaval.jpg","twitter:label1":"Written by","twitter:data1":"Juh\u00e1sz P\u00e9ter","twitter:label2":"Est. reading time","twitter:data2":"3 minutes"},"aioseo_meta_data":{"post_id":"9553","title":"#post_title","description":"A fiatalok, de a k\u00f6z\u00e9p koroszt\u00e1ly is egyre ink\u00e1bb haszn\u00e1lja a mindennapi \u00e9letben a mesters\u00e9ges intelligenci\u00e1t. Leveleket, sz\u00f6vegeket, de az \u00f6n\u00e9letrajzot is az AI-val \u00edratj\u00e1k meg,","keywords":null,"keyphrases":{"focus":{"keyphrase":"","score":0,"analysis":{"keyphraseInTitle":{"score":0,"maxScore":9,"error":1}}},"additional":[]},"primary_term":null,"canonical_url":null,"og_title":null,"og_description":null,"og_object_type":"default","og_image_type":"default","og_image_url":null,"og_image_width":null,"og_image_height":null,"og_image_custom_url":null,"og_image_custom_fields":null,"og_video":"","og_custom_url":null,"og_article_section":null,"og_article_tags":null,"twitter_use_og":true,"twitter_card":"default","twitter_image_type":"default","twitter_image_url":null,"twitter_image_custom_url":null,"twitter_image_custom_fields":null,"twitter_title":null,"twitter_description":null,"schema":{"blockGraphs":[],"customGraphs":[],"default":{"data":{"Article":[],"Course":[],"Dataset":[],"FAQPage":[],"Movie":[],"Person":[],"Product":[],"ProductReview":[],"Car":[],"Recipe":[],"Service":[],"SoftwareApplication":[],"WebPage":[]},"graphName":"Article","isEnabled":true},"graphs":[]},"schema_type":"default","schema_type_options":null,"pillar_content":false,"robots_default":true,"robots_noindex":false,"robots_noarchive":false,"robots_nosnippet":false,"robots_nofollow":false,"robots_noimageindex":false,"robots_noodp":false,"robots_notranslate":false,"robots_max_snippet":"-1","robots_max_videopreview":"-1","robots_max_imagepreview":"large","priority":null,"frequency":"default","location":null,"local_seo":null,"breadcrumb_settings":null,"limit_modified_date":false,"ai":{"faqs":[],"keyPoints":[],"schemas":[],"titles":[],"descriptions":[],"socialPosts":{"email":{"subject":"","preview":"","content":""},"linkedin":[],"twitter":[],"facebook":[],"instagram":[]}},"created":"2026-09-03 07:39:54","updated":"2026-09-03 07:51:38","seo_analyzer_scan_date":null,"focus_keyword":null,"additional_keywords":null,"truseo_locale":null},"aioseo_breadcrumb":"<div class=\"aioseo-breadcrumbs\"><span class=\"aioseo-breadcrumb\">\n\t\t\t<a href=\"https:\/\/allasorias.hu\/hirek\" title=\"Home\">Home<\/a>\n\t\t<\/span><span class=\"aioseo-breadcrumb-separator\">&raquo;<\/span><span class=\"aioseo-breadcrumb\">\n\t\t\t<a href=\"https:\/\/allasorias.hu\/hirek\/temak\/allaskereses\/\" title=\"\u00c1ll\u00e1skeres\u00e9s\">\u00c1ll\u00e1skeres\u00e9s<\/a>\n\t\t<\/span><span class=\"aioseo-breadcrumb-separator\">&raquo;<\/span><span class=\"aioseo-breadcrumb\">\n\t\t\tNem az \u00f6n\u00e9letrajz sz\u00e1m\u00edt majd az \u00e1ll\u00e1skeres\u00e9sn\u00e9l\n\t\t<\/span><\/div>","aioseo_breadcrumb_json":[{"label":"Home","link":"https:\/\/allasorias.hu\/hirek"},{"label":"\u00c1ll\u00e1skeres\u00e9s","link":"https:\/\/allasorias.hu\/hirek\/temak\/allaskereses\/"},{"label":"Nem az \u00f6n\u00e9letrajz sz\u00e1m\u00edt majd az \u00e1ll\u00e1skeres\u00e9sn\u00e9l","link":"https:\/\/allasorias.hu\/hirek\/nem-az-oneletrajz-szamit-majd-az-allaskeresesnel\/"}],"_links":{"self":[{"href":"https:\/\/allasorias.hu\/hirek\/wp-json\/wp\/v2\/posts\/9553","targetHints":{"allow":["GET"]}}],"collection":[{"href":"https:\/\/allasorias.hu\/hirek\/wp-json\/wp\/v2\/posts"}],"about":[{"href":"https:\/\/allasorias.hu\/hirek\/wp-json\/wp\/v2\/types\/post"}],"author":[{"embeddable":true,"href":"https:\/\/allasorias.hu\/hirek\/wp-json\/wp\/v2\/users\/1"}],"replies":[{"embeddable":true,"href":"https:\/\/allasorias.hu\/hirek\/wp-json\/wp\/v2\/comments?post=9553"}],"version-history":[{"count":1,"href":"https:\/\/allasorias.hu\/hirek\/wp-json\/wp\/v2\/posts\/9553\/revisions"}],"predecessor-version":[{"id":9555,"href":"https:\/\/allasorias.hu\/hirek\/wp-json\/wp\/v2\/posts\/9553\/revisions\/9555"}],"wp:featuredmedia":[{"embeddable":true,"href":"https:\/\/allasorias.hu\/hirek\/wp-json\/wp\/v2\/media\/9554"}],"wp:attachment":[{"href":"https:\/\/allasorias.hu\/hirek\/wp-json\/wp\/v2\/media?parent=9553"}],"wp:term":[{"taxonomy":"category","embeddable":true,"href":"https:\/\/allasorias.hu\/hirek\/wp-json\/wp\/v2\/categories?post=9553"},{"taxonomy":"post_tag","embeddable":true,"href":"https:\/\/allasorias.hu\/hirek\/wp-json\/wp\/v2\/tags?post=9553"}],"curies":[{"name":"wp","href":"https:\/\/api.w.org\/{rel}","templated":true}]}}