{"id":9546,"date":"2026-09-01T11:03:39","date_gmt":"2026-09-01T09:03:39","guid":{"rendered":"https:\/\/allasorias.hu\/hirek\/?p=9546"},"modified":"2026-09-01T11:03:39","modified_gmt":"2026-09-01T09:03:39","slug":"hatranyban-van-a-munkaeropiacon-akinek-gyermeke-van","status":"publish","type":"post","link":"https:\/\/allasorias.hu\/hirek\/hatranyban-van-a-munkaeropiacon-akinek-gyermeke-van\/","title":{"rendered":"H\u00e1tr\u00e1nyban van a munkaer\u0151piacon, akinek gyermeke van"},"content":{"rendered":"<p><strong>Jelent\u0151s anyagi \u00e9s egy\u00e9b vesztes\u00e9ggel sz\u00e1molhatnak azok az any\u00e1k, akik kisgyermeket nevelnek. Amikor pedig visszat\u00e9rnek a munk\u00e1ba, kevesebb \u00f3rasz\u00e1mban dolgoznak, hogy eleget tudjanak tenni a gyermeknevel\u00e9s feladatainak.<\/strong><\/p>\n<p>Egy friss kutat\u00e1s r\u00e9szletesen megmutatja, hogyan alakul az any\u00e1k foglalkoztat\u00e1sa \u00e9s keresete a sz\u00fcl\u00e9s ut\u00e1n Magyarorsz\u00e1gon, \u00e9s mi\u00e9rt maradnak tart\u00f3san h\u00e1tr\u00e1nyban m\u00e9g \u00e9vekkel k\u00e9s\u0151bb is. Az eredm\u00e9nyek nemcsak a n\u0151k helyzet\u00e9r\u0151l sz\u00f3lnak, hanem a magyar csal\u00e1dpolitika kev\u00e9ss\u00e9 t\u00e1rgyalt mell\u00e9khat\u00e1sair\u00f3l is. Tanulm\u00e1nyunkban azt vizsg\u00e1ltuk, hogyan hatott a gyerekv\u00e1llal\u00e1s a n\u0151k munkaer\u0151piaci helyzet\u00e9re Magyarorsz\u00e1gon a 2010-es \u00e9vekben. A kutat\u00e1s eredm\u00e9nyei egy\u00e9rtelm\u0171ek \u00e9s meglehet\u0151sen kij\u00f3zan\u00edt\u00f3k.<\/p>\n<p>A gyerekv\u00e1llal\u00e1s els\u0151 \u00e9v\u00e9ben a munkaj\u00f6vedelem gyakorlatilag null\u00e1ra cs\u00f6kken, \u00e9s m\u00e9g h\u00e1rom \u00e9vvel k\u00e9s\u0151bb is feleannyit keresnek a gyereket v\u00e1llal\u00f3 n\u0151k. Fontos, hogy ezek az elt\u00e9r\u00e9sek nem t\u0171nnek el azzal, hogy az any\u00e1k visszat\u00e9rnek dolgozni; a h\u00e1tr\u00e1ny jelent\u0151s r\u00e9sze tart\u00f3s marad. Az any\u00e1knak m\u00e9g hat \u00e9vvel a sz\u00fcl\u00e9s ut\u00e1n is 31 sz\u00e1zal\u00e9kkal alacsonyabb a munkaj\u00f6vedelm\u00fck, \u00e9s 32 sz\u00e1zal\u00e9kkal kisebb a foglalkoztat\u00e1si es\u00e9ly\u00fck. A visszat\u00e9r\u0151k kevesebb \u00f3r\u00e1t dolgoznak (\u00e1tlagosan \u20137 sz\u00e1zal\u00e9k), \u00e9s az \u00f3rab\u00e9r\u00fck is alacsonyabb (\u201312 sz\u00e1zal\u00e9k) ahhoz k\u00e9pest, mintha nem sz\u00fcltek volna. K\u00e9zenfekv\u0151 lenne azt mondani, hogy mindez a munkaer\u0151piacr\u00f3l val\u00f3 \u00e1tmeneti kies\u00e9s k\u00f6vetkezm\u00e9nye.<\/p>\n<p>A k\u00e9p azonban enn\u00e9l \u00f6sszetettebb: nem csup\u00e1n arr\u00f3l van sz\u00f3, hogy a gyerekv\u00e1llal\u00e1s miatt n\u00e9h\u00e1ny \u00e9vnyi munkatapasztalat kiesik az any\u00e1k \u00e9let\u00e9b\u0151l. A kereseti visszaes\u00e9s h\u00e1rom csatorn\u00e1n kereszt\u00fcl jelentkezik.<\/p>\n<ul>\n<li>Egyr\u00e9szt sokan nem t\u00e9rnek vissza a munkaer\u0151piacra m\u00e9g \u00e9vekkel a gyerekv\u00e1llal\u00e1s ut\u00e1n sem (persze ennek lehet oka tov\u00e1bbi gyerekek sz\u00fclet\u00e9se).<\/li>\n<li>M\u00e1sr\u00e9szt, akik visszat\u00e9rnek, nagyobb es\u00e9llyel dolgoznak r\u00e9szmunkaid\u0151ben.<\/li>\n<li>Harmadr\u00e9szt, a dolgoz\u00f3 any\u00e1k \u00f3rab\u00e9re is alacsonyabb, mint amennyi gyerekv\u00e1llal\u00e1s n\u00e9lk\u00fcl v\u00e1rhat\u00f3 lenne.<\/li>\n<\/ul>\n<p>Ez azt jelenti, hogy nem puszt\u00e1n \u201eid\u0151t vesz\u00edtenek\u201d az any\u00e1k, hanem rosszabb felt\u00e9telekkel is ker\u00fclnek vissza a munk\u00e1ba. Ezek az eredm\u00e9nyek nem meglep\u0151k, ha a hazai int\u00e9zm\u00e9nyi k\u00f6rnyezetet alaposabban megn\u00e9zz\u00fck, ugyanis a gyerekgondoz\u00e1si ell\u00e1t\u00e1sok hossz\u00fa idej\u0171, ak\u00e1r h\u00e1rom\u00e9ves otthonmarad\u00e1sra \u00f6szt\u00f6n\u00f6znek, r\u00e1ad\u00e1sul a vizsg\u00e1lt id\u0151szakban a csecsem\u0151gondoz\u00e1si d\u00edj \u00e9s a gyermekgondoz\u00e1si d\u00edj mellett nem volt megengedett a munkav\u00e9gz\u00e9s, vagyis a gyerek k\u00e9t\u00e9ves kor\u00e1ig viszonylag magas \u00f6sszeg\u0171 t\u00e1mogat\u00e1st\u00f3l esett el az a n\u0151, aki visszat\u00e9rt a munkaer\u0151piacra.<\/p>\n<p>A gyerekek kevesebb mint harmada sz\u00e1m\u00e1ra \u00e9rhet\u0151 el b\u00f6lcs\u0151dei ell\u00e1t\u00e1s, az \u00f3vod\u00e1ba pedig csak h\u00e1rom\u00e9vesen mehetnek a gyerekek. Nemzetk\u00f6zi \u00f6sszehasonl\u00edt\u00e1sban ez az int\u00e9zm\u00e9nyi modell magasabb b\u00e9rh\u00e1tr\u00e1nyt okoz az any\u00e1knak, \u00e9s a magyar adatok is meger\u0151s\u00edtik ezt. A kutat\u00e1s egyik legfontosabb \u00fczenete, hogy az anyas\u00e1ggal j\u00e1r\u00f3 kereseti h\u00e1tr\u00e1ny hozz\u00e1j\u00e1rul a n\u0151k \u00e9s f\u00e9rfiak k\u00f6z\u00f6tti b\u00e9rszakad\u00e9khoz, n\u00f6veli a gazdas\u00e1gi kiszolg\u00e1ltatotts\u00e1got, \u00e9s hossz\u00fa t\u00e1von hat a nyugd\u00edjakra, megtakar\u00edt\u00e1sokra \u00e9s karrierlehet\u0151s\u00e9gekre is. Mindez nemcsak egy\u00e9ni d\u00f6nt\u00e9sek k\u00f6vetkezm\u00e9nye, hanem rendszerszint\u0171 \u00f6szt\u00f6nz\u0151k\u00e9 \u00e9s korl\u00e1tok\u00e9.<\/p>\n<p>A magyar csal\u00e1dpolitika c\u00e9lja egy\u00e9rtelm\u0171en a gyerekv\u00e1llal\u00e1s t\u00e1mogat\u00e1sa. Ez a kutat\u00e1s azonban arra figyelmeztet: ha a t\u00e1mogat\u00e1si rendszer tart\u00f3san lev\u00e1lasztja az any\u00e1kat a munkaer\u0151piacr\u00f3l, annak hossz\u00fa t\u00e1v\u00fa \u00e1ra van \u2013 els\u0151sorban a n\u0151k sz\u00e1m\u00e1ra. A k\u00e9rd\u00e9s teh\u00e1t nem az, hogy t\u00e1mogatjuk-e a csal\u00e1dokat, hanem az, hogy hogyan. Olyan megold\u00e1sokra van sz\u00fcks\u00e9g, amelyek nem k\u00e9nyszer\u00edtik az any\u00e1kat arra, hogy v\u00e1lasszanak a gyermekv\u00e1llal\u00e1s \u00e9s a gazdas\u00e1gi \u00f6n\u00e1ll\u00f3s\u00e1g k\u00f6z\u00f6tt. Ennek megfelel\u0151en pozit\u00edv v\u00e1ltoz\u00e1s a magyar szab\u00e1lyoz\u00e1sban, hogy jelenleg a gyermekgondoz\u00e1si d\u00edjban r\u00e9szes\u00fcl\u0151k visszat\u00e9rhetnek dolgozni an\u00e9lk\u00fcl, hogy elvesz\u00edten\u00e9k az ell\u00e1t\u00e1st. Ezen k\u00edv\u00fcl fontos l\u00e9p\u00e9s lenne a b\u00f6lcs\u0151dei f\u00e9r\u0151helyek tov\u00e1bbi b\u0151v\u00edt\u00e9se vagy a rugalmas foglalkoztat\u00e1si form\u00e1k \u00f6szt\u00f6nz\u00e9se.<\/p>\n<p>Forr\u00e1s: <a href=\"https:\/\/telex.hu\/defacto\/2026\/09\/01\/a-gyerekvallalas-hiaba-orom-a-munkaeropiacon-komoly-ara-van\" target=\"_blank\" rel=\"nofollow noopener noreferrer\">telex.hu<\/a><\/p>\n","protected":false},"excerpt":{"rendered":"<p>Jelent\u0151s anyagi \u00e9s egy\u00e9b vesztes\u00e9ggel sz\u00e1molhatnak azok az any\u00e1k, akik kisgyermeket nevelnek. Amikor pedig visszat\u00e9rnek a munk\u00e1ba, kevesebb \u00f3rasz\u00e1mban dolgoznak, hogy eleget tudjanak tenni a gyermeknevel\u00e9s feladatainak. Egy friss kutat\u00e1s r\u00e9szletesen megmutatja, hogyan alakul az any\u00e1k foglalkoztat\u00e1sa \u00e9s keresete a sz\u00fcl\u00e9s ut\u00e1n Magyarorsz\u00e1gon, \u00e9s mi\u00e9rt maradnak tart\u00f3san h\u00e1tr\u00e1nyban m\u00e9g \u00e9vekkel k\u00e9s\u0151bb is. Az eredm\u00e9nyek nemcsak [&hellip;]<\/p>\n","protected":false},"author":1,"featured_media":9547,"comment_status":"closed","ping_status":"closed","sticky":false,"template":"","format":"standard","meta":{"_monsterinsights_skip_tracking":false,"footnotes":""},"categories":[200],"tags":[],"class_list":["post-9546","post","type-post","status-publish","format-standard","has-post-thumbnail","hentry","category-munkaeropiac"],"aioseo_notices":[],"aioseo_head":"\n\t\t<!-- All in One SEO 5.0.0.1 - aioseo.com -->\n\t<meta name=\"description\" content=\"Jelent\u0151s anyagi \u00e9s egy\u00e9b vesztes\u00e9ggel sz\u00e1molhatnak azok az any\u00e1k, akik kisgyermeket nevelnek. Amikor pedig visszat\u00e9rnek a munk\u00e1ba, kevesebb \u00f3rasz\u00e1mban dolgoznak\" \/>\n\t<meta name=\"robots\" content=\"max-image-preview:large\" \/>\n\t<meta name=\"author\" content=\"Juh\u00e1sz P\u00e9ter\"\/>\n\t<link rel=\"canonical\" href=\"https:\/\/allasorias.hu\/hirek\/hatranyban-van-a-munkaeropiacon-akinek-gyermeke-van\/\" \/>\n\t<meta name=\"generator\" content=\"All in One SEO (AIOSEO) 5.0.0.1\" \/>\n\t\t<meta property=\"og:locale\" content=\"hu_HU\" \/>\n\t\t<meta property=\"og:site_name\" content=\"AllasOrias.hu | H\u00edrek-lapszemle | \u00dczleti h\u00edrek az \u00e1ll\u00e1s \u00e9s a munka vil\u00e1g\u00e1b\u00f3l\" \/>\n\t\t<meta property=\"og:type\" content=\"article\" \/>\n\t\t<meta property=\"og:title\" content=\"H\u00e1tr\u00e1nyban van a munkaer\u0151piacon, akinek gyermeke van\" \/>\n\t\t<meta property=\"og:description\" content=\"Jelent\u0151s anyagi \u00e9s egy\u00e9b vesztes\u00e9ggel sz\u00e1molhatnak azok az any\u00e1k, akik kisgyermeket nevelnek. Amikor pedig visszat\u00e9rnek a munk\u00e1ba, kevesebb \u00f3rasz\u00e1mban dolgoznak\" \/>\n\t\t<meta property=\"og:url\" content=\"https:\/\/allasorias.hu\/hirek\/hatranyban-van-a-munkaeropiacon-akinek-gyermeke-van\/\" \/>\n\t\t<meta property=\"og:image\" content=\"https:\/\/allasorias.hu\/hirek\/wp-content\/uploads\/2026\/09\/hatranyban-az-edesanyak-a-munkaeropiacon.jpg\" \/>\n\t\t<meta property=\"og:image:secure_url\" content=\"https:\/\/allasorias.hu\/hirek\/wp-content\/uploads\/2026\/09\/hatranyban-az-edesanyak-a-munkaeropiacon.jpg\" \/>\n\t\t<meta property=\"og:image:width\" content=\"1920\" \/>\n\t\t<meta property=\"og:image:height\" content=\"1280\" \/>\n\t\t<meta property=\"article:published_time\" content=\"2026-09-01T09:03:39+00:00\" \/>\n\t\t<meta property=\"article:modified_time\" content=\"2026-09-01T09:03:39+00:00\" \/>\n\t\t<meta property=\"article:publisher\" content=\"https:\/\/www.facebook.com\/allasorias\" \/>\n\t\t<meta name=\"twitter:card\" content=\"summary_large_image\" \/>\n\t\t<meta name=\"twitter:title\" content=\"H\u00e1tr\u00e1nyban van a munkaer\u0151piacon, akinek gyermeke van\" \/>\n\t\t<meta name=\"twitter:description\" content=\"Jelent\u0151s anyagi \u00e9s egy\u00e9b vesztes\u00e9ggel sz\u00e1molhatnak azok az any\u00e1k, akik kisgyermeket nevelnek. Amikor pedig visszat\u00e9rnek a munk\u00e1ba, kevesebb \u00f3rasz\u00e1mban dolgoznak\" \/>\n\t\t<meta name=\"twitter:image\" content=\"https:\/\/allasorias.hu\/hirek\/wp-content\/uploads\/2026\/09\/hatranyban-az-edesanyak-a-munkaeropiacon.jpg\" \/>\n\t\t<meta name=\"twitter:label1\" content=\"Written by\" \/>\n\t\t<meta name=\"twitter:data1\" content=\"Juh\u00e1sz P\u00e9ter\" \/>\n\t\t<meta name=\"twitter:label2\" content=\"Est. reading time\" \/>\n\t\t<meta name=\"twitter:data2\" content=\"4 minutes\" \/>\n\t\t<script type=\"application\/ld+json\" class=\"aioseo-schema\">\n\t\t\t{\"@context\":\"https:\\\/\\\/schema.org\",\"@graph\":[{\"@type\":\"Article\",\"@id\":\"https:\\\/\\\/allasorias.hu\\\/hirek\\\/hatranyban-van-a-munkaeropiacon-akinek-gyermeke-van\\\/#article\",\"name\":\"H\\u00e1tr\\u00e1nyban van a munkaer\\u0151piacon, akinek gyermeke van\",\"headline\":\"H\\u00e1tr\\u00e1nyban van a munkaer\\u0151piacon, akinek gyermeke van\",\"author\":{\"@id\":\"https:\\\/\\\/allasorias.hu\\\/hirek\\\/author\\\/admin-allasorias\\\/#author\"},\"publisher\":{\"@id\":\"https:\\\/\\\/allasorias.hu\\\/hirek\\\/#organization\"},\"image\":{\"@type\":\"ImageObject\",\"url\":\"https:\\\/\\\/allasorias.hu\\\/hirek\\\/wp-content\\\/uploads\\\/2026\\\/09\\\/hatranyban-az-edesanyak-a-munkaeropiacon.jpg\",\"width\":1920,\"height\":1280,\"caption\":\"H\\u00e1tr\\u00e1nyban van a munkaer\\u0151piacon, akinek gyermeke van - Allasorias.hu\\\/Hirek\"},\"datePublished\":\"2026-09-01T11:03:39+02:00\",\"dateModified\":\"2026-09-01T11:03:39+02:00\",\"inLanguage\":\"hu-HU\",\"mainEntityOfPage\":{\"@id\":\"https:\\\/\\\/allasorias.hu\\\/hirek\\\/hatranyban-van-a-munkaeropiacon-akinek-gyermeke-van\\\/#webpage\"},\"isPartOf\":{\"@id\":\"https:\\\/\\\/allasorias.hu\\\/hirek\\\/hatranyban-van-a-munkaeropiacon-akinek-gyermeke-van\\\/#webpage\"},\"articleSection\":\"Munkaer\\u0151piac\"},{\"@type\":\"BreadcrumbList\",\"@id\":\"https:\\\/\\\/allasorias.hu\\\/hirek\\\/hatranyban-van-a-munkaeropiacon-akinek-gyermeke-van\\\/#breadcrumblist\",\"itemListElement\":[{\"@type\":\"ListItem\",\"@id\":\"https:\\\/\\\/allasorias.hu\\\/hirek#listItem\",\"position\":1,\"name\":\"Home\",\"item\":\"https:\\\/\\\/allasorias.hu\\\/hirek\",\"nextItem\":{\"@type\":\"ListItem\",\"@id\":\"https:\\\/\\\/allasorias.hu\\\/hirek\\\/temak\\\/munkaeropiac\\\/#listItem\",\"name\":\"Munkaer\\u0151piac\"}},{\"@type\":\"ListItem\",\"@id\":\"https:\\\/\\\/allasorias.hu\\\/hirek\\\/temak\\\/munkaeropiac\\\/#listItem\",\"position\":2,\"name\":\"Munkaer\\u0151piac\",\"item\":\"https:\\\/\\\/allasorias.hu\\\/hirek\\\/temak\\\/munkaeropiac\\\/\",\"nextItem\":{\"@type\":\"ListItem\",\"@id\":\"https:\\\/\\\/allasorias.hu\\\/hirek\\\/hatranyban-van-a-munkaeropiacon-akinek-gyermeke-van\\\/#listItem\",\"name\":\"H\\u00e1tr\\u00e1nyban van a munkaer\\u0151piacon, akinek gyermeke van\"},\"previousItem\":{\"@type\":\"ListItem\",\"@id\":\"https:\\\/\\\/allasorias.hu\\\/hirek#listItem\",\"name\":\"Home\"}},{\"@type\":\"ListItem\",\"@id\":\"https:\\\/\\\/allasorias.hu\\\/hirek\\\/hatranyban-van-a-munkaeropiacon-akinek-gyermeke-van\\\/#listItem\",\"position\":3,\"name\":\"H\\u00e1tr\\u00e1nyban van a munkaer\\u0151piacon, akinek gyermeke van\",\"previousItem\":{\"@type\":\"ListItem\",\"@id\":\"https:\\\/\\\/allasorias.hu\\\/hirek\\\/temak\\\/munkaeropiac\\\/#listItem\",\"name\":\"Munkaer\\u0151piac\"}}]},{\"@type\":\"Organization\",\"@id\":\"https:\\\/\\\/allasorias.hu\\\/hirek\\\/#organization\",\"name\":\"AllasOrias.hu | H\\u00edrek-lapszemle\",\"description\":\"\\u00dczleti h\\u00edrek az \\u00e1ll\\u00e1s \\u00e9s a munka vil\\u00e1g\\u00e1b\\u00f3l\",\"url\":\"https:\\\/\\\/allasorias.hu\\\/hirek\\\/\",\"logo\":{\"@type\":\"ImageObject\",\"url\":\"https:\\\/\\\/allasorias.hu\\\/hirek\\\/wp-content\\\/uploads\\\/2022\\\/10\\\/allasorias_site_facebok_logo.png\",\"@id\":\"https:\\\/\\\/allasorias.hu\\\/hirek\\\/hatranyban-van-a-munkaeropiacon-akinek-gyermeke-van\\\/#organizationLogo\"},\"image\":{\"@id\":\"https:\\\/\\\/allasorias.hu\\\/hirek\\\/hatranyban-van-a-munkaeropiacon-akinek-gyermeke-van\\\/#organizationLogo\"},\"sameAs\":[\"https:\\\/\\\/www.facebook.com\\\/allasorias\",\"https:\\\/\\\/www.linkedin.com\\\/company\\\/allasorias\"]},{\"@type\":\"Person\",\"@id\":\"https:\\\/\\\/allasorias.hu\\\/hirek\\\/author\\\/admin-allasorias\\\/#author\",\"url\":\"https:\\\/\\\/allasorias.hu\\\/hirek\\\/author\\\/admin-allasorias\\\/\",\"name\":\"Juh\\u00e1sz P\\u00e9ter\",\"image\":{\"@type\":\"ImageObject\",\"@id\":\"https:\\\/\\\/allasorias.hu\\\/hirek\\\/hatranyban-van-a-munkaeropiacon-akinek-gyermeke-van\\\/#authorImage\",\"url\":\"https:\\\/\\\/secure.gravatar.com\\\/avatar\\\/36e6bcb83148978b992977cb0f54d22feb0cce8a0a849a9410532bb2623ba4c6?s=96&d=mm&r=g\",\"width\":96,\"height\":96,\"caption\":\"Juh\\u00e1sz P\\u00e9ter\"}},{\"@type\":\"WebPage\",\"@id\":\"https:\\\/\\\/allasorias.hu\\\/hirek\\\/hatranyban-van-a-munkaeropiacon-akinek-gyermeke-van\\\/#webpage\",\"url\":\"https:\\\/\\\/allasorias.hu\\\/hirek\\\/hatranyban-van-a-munkaeropiacon-akinek-gyermeke-van\\\/\",\"name\":\"H\\u00e1tr\\u00e1nyban van a munkaer\\u0151piacon, akinek gyermeke van\",\"description\":\"Jelent\\u0151s anyagi \\u00e9s egy\\u00e9b vesztes\\u00e9ggel sz\\u00e1molhatnak azok az any\\u00e1k, akik kisgyermeket nevelnek. Amikor pedig visszat\\u00e9rnek a munk\\u00e1ba, kevesebb \\u00f3rasz\\u00e1mban dolgoznak\",\"inLanguage\":\"hu-HU\",\"isPartOf\":{\"@id\":\"https:\\\/\\\/allasorias.hu\\\/hirek\\\/#website\"},\"breadcrumb\":{\"@id\":\"https:\\\/\\\/allasorias.hu\\\/hirek\\\/hatranyban-van-a-munkaeropiacon-akinek-gyermeke-van\\\/#breadcrumblist\"},\"author\":{\"@id\":\"https:\\\/\\\/allasorias.hu\\\/hirek\\\/author\\\/admin-allasorias\\\/#author\"},\"creator\":{\"@id\":\"https:\\\/\\\/allasorias.hu\\\/hirek\\\/author\\\/admin-allasorias\\\/#author\"},\"image\":{\"@type\":\"ImageObject\",\"url\":\"https:\\\/\\\/allasorias.hu\\\/hirek\\\/wp-content\\\/uploads\\\/2026\\\/09\\\/hatranyban-az-edesanyak-a-munkaeropiacon.jpg\",\"@id\":\"https:\\\/\\\/allasorias.hu\\\/hirek\\\/hatranyban-van-a-munkaeropiacon-akinek-gyermeke-van\\\/#mainImage\",\"width\":1920,\"height\":1280,\"caption\":\"H\\u00e1tr\\u00e1nyban van a munkaer\\u0151piacon, akinek gyermeke van - Allasorias.hu\\\/Hirek\"},\"primaryImageOfPage\":{\"@id\":\"https:\\\/\\\/allasorias.hu\\\/hirek\\\/hatranyban-van-a-munkaeropiacon-akinek-gyermeke-van\\\/#mainImage\"},\"datePublished\":\"2026-09-01T11:03:39+02:00\",\"dateModified\":\"2026-09-01T11:03:39+02:00\"},{\"@type\":\"WebSite\",\"@id\":\"https:\\\/\\\/allasorias.hu\\\/hirek\\\/#website\",\"url\":\"https:\\\/\\\/allasorias.hu\\\/hirek\\\/\",\"name\":\"AllasOrias.hu | H\\u00edrek-lapszemle\",\"description\":\"\\u00dczleti h\\u00edrek az \\u00e1ll\\u00e1s \\u00e9s a munka vil\\u00e1g\\u00e1b\\u00f3l\",\"inLanguage\":\"hu-HU\",\"publisher\":{\"@id\":\"https:\\\/\\\/allasorias.hu\\\/hirek\\\/#organization\"}}]}\n\t\t<\/script>\n\t\t<!-- All in One SEO -->\n\n","aioseo_head_json":{"title":"H\u00e1tr\u00e1nyban van a munkaer\u0151piacon, akinek gyermeke van","description":"Jelent\u0151s anyagi \u00e9s egy\u00e9b vesztes\u00e9ggel sz\u00e1molhatnak azok az any\u00e1k, akik kisgyermeket nevelnek. Amikor pedig visszat\u00e9rnek a munk\u00e1ba, kevesebb \u00f3rasz\u00e1mban dolgoznak","canonical_url":"https:\/\/allasorias.hu\/hirek\/hatranyban-van-a-munkaeropiacon-akinek-gyermeke-van\/","robots":"max-image-preview:large","keywords":"","webmasterTools":{"miscellaneous":""},"schema":{"@context":"https:\/\/schema.org","@graph":[{"@type":"Article","@id":"https:\/\/allasorias.hu\/hirek\/hatranyban-van-a-munkaeropiacon-akinek-gyermeke-van\/#article","name":"H\u00e1tr\u00e1nyban van a munkaer\u0151piacon, akinek gyermeke van","headline":"H\u00e1tr\u00e1nyban van a munkaer\u0151piacon, akinek gyermeke van","author":{"@id":"https:\/\/allasorias.hu\/hirek\/author\/admin-allasorias\/#author"},"publisher":{"@id":"https:\/\/allasorias.hu\/hirek\/#organization"},"image":{"@type":"ImageObject","url":"https:\/\/allasorias.hu\/hirek\/wp-content\/uploads\/2026\/09\/hatranyban-az-edesanyak-a-munkaeropiacon.jpg","width":1920,"height":1280,"caption":"H\u00e1tr\u00e1nyban van a munkaer\u0151piacon, akinek gyermeke van - Allasorias.hu\/Hirek"},"datePublished":"2026-09-01T11:03:39+02:00","dateModified":"2026-09-01T11:03:39+02:00","inLanguage":"hu-HU","mainEntityOfPage":{"@id":"https:\/\/allasorias.hu\/hirek\/hatranyban-van-a-munkaeropiacon-akinek-gyermeke-van\/#webpage"},"isPartOf":{"@id":"https:\/\/allasorias.hu\/hirek\/hatranyban-van-a-munkaeropiacon-akinek-gyermeke-van\/#webpage"},"articleSection":"Munkaer\u0151piac"},{"@type":"BreadcrumbList","@id":"https:\/\/allasorias.hu\/hirek\/hatranyban-van-a-munkaeropiacon-akinek-gyermeke-van\/#breadcrumblist","itemListElement":[{"@type":"ListItem","@id":"https:\/\/allasorias.hu\/hirek#listItem","position":1,"name":"Home","item":"https:\/\/allasorias.hu\/hirek","nextItem":{"@type":"ListItem","@id":"https:\/\/allasorias.hu\/hirek\/temak\/munkaeropiac\/#listItem","name":"Munkaer\u0151piac"}},{"@type":"ListItem","@id":"https:\/\/allasorias.hu\/hirek\/temak\/munkaeropiac\/#listItem","position":2,"name":"Munkaer\u0151piac","item":"https:\/\/allasorias.hu\/hirek\/temak\/munkaeropiac\/","nextItem":{"@type":"ListItem","@id":"https:\/\/allasorias.hu\/hirek\/hatranyban-van-a-munkaeropiacon-akinek-gyermeke-van\/#listItem","name":"H\u00e1tr\u00e1nyban van a munkaer\u0151piacon, akinek gyermeke van"},"previousItem":{"@type":"ListItem","@id":"https:\/\/allasorias.hu\/hirek#listItem","name":"Home"}},{"@type":"ListItem","@id":"https:\/\/allasorias.hu\/hirek\/hatranyban-van-a-munkaeropiacon-akinek-gyermeke-van\/#listItem","position":3,"name":"H\u00e1tr\u00e1nyban van a munkaer\u0151piacon, akinek gyermeke van","previousItem":{"@type":"ListItem","@id":"https:\/\/allasorias.hu\/hirek\/temak\/munkaeropiac\/#listItem","name":"Munkaer\u0151piac"}}]},{"@type":"Organization","@id":"https:\/\/allasorias.hu\/hirek\/#organization","name":"AllasOrias.hu | H\u00edrek-lapszemle","description":"\u00dczleti h\u00edrek az \u00e1ll\u00e1s \u00e9s a munka vil\u00e1g\u00e1b\u00f3l","url":"https:\/\/allasorias.hu\/hirek\/","logo":{"@type":"ImageObject","url":"https:\/\/allasorias.hu\/hirek\/wp-content\/uploads\/2022\/10\/allasorias_site_facebok_logo.png","@id":"https:\/\/allasorias.hu\/hirek\/hatranyban-van-a-munkaeropiacon-akinek-gyermeke-van\/#organizationLogo"},"image":{"@id":"https:\/\/allasorias.hu\/hirek\/hatranyban-van-a-munkaeropiacon-akinek-gyermeke-van\/#organizationLogo"},"sameAs":["https:\/\/www.facebook.com\/allasorias","https:\/\/www.linkedin.com\/company\/allasorias"]},{"@type":"Person","@id":"https:\/\/allasorias.hu\/hirek\/author\/admin-allasorias\/#author","url":"https:\/\/allasorias.hu\/hirek\/author\/admin-allasorias\/","name":"Juh\u00e1sz P\u00e9ter","image":{"@type":"ImageObject","@id":"https:\/\/allasorias.hu\/hirek\/hatranyban-van-a-munkaeropiacon-akinek-gyermeke-van\/#authorImage","url":"https:\/\/secure.gravatar.com\/avatar\/36e6bcb83148978b992977cb0f54d22feb0cce8a0a849a9410532bb2623ba4c6?s=96&d=mm&r=g","width":96,"height":96,"caption":"Juh\u00e1sz P\u00e9ter"}},{"@type":"WebPage","@id":"https:\/\/allasorias.hu\/hirek\/hatranyban-van-a-munkaeropiacon-akinek-gyermeke-van\/#webpage","url":"https:\/\/allasorias.hu\/hirek\/hatranyban-van-a-munkaeropiacon-akinek-gyermeke-van\/","name":"H\u00e1tr\u00e1nyban van a munkaer\u0151piacon, akinek gyermeke van","description":"Jelent\u0151s anyagi \u00e9s egy\u00e9b vesztes\u00e9ggel sz\u00e1molhatnak azok az any\u00e1k, akik kisgyermeket nevelnek. Amikor pedig visszat\u00e9rnek a munk\u00e1ba, kevesebb \u00f3rasz\u00e1mban dolgoznak","inLanguage":"hu-HU","isPartOf":{"@id":"https:\/\/allasorias.hu\/hirek\/#website"},"breadcrumb":{"@id":"https:\/\/allasorias.hu\/hirek\/hatranyban-van-a-munkaeropiacon-akinek-gyermeke-van\/#breadcrumblist"},"author":{"@id":"https:\/\/allasorias.hu\/hirek\/author\/admin-allasorias\/#author"},"creator":{"@id":"https:\/\/allasorias.hu\/hirek\/author\/admin-allasorias\/#author"},"image":{"@type":"ImageObject","url":"https:\/\/allasorias.hu\/hirek\/wp-content\/uploads\/2026\/09\/hatranyban-az-edesanyak-a-munkaeropiacon.jpg","@id":"https:\/\/allasorias.hu\/hirek\/hatranyban-van-a-munkaeropiacon-akinek-gyermeke-van\/#mainImage","width":1920,"height":1280,"caption":"H\u00e1tr\u00e1nyban van a munkaer\u0151piacon, akinek gyermeke van - Allasorias.hu\/Hirek"},"primaryImageOfPage":{"@id":"https:\/\/allasorias.hu\/hirek\/hatranyban-van-a-munkaeropiacon-akinek-gyermeke-van\/#mainImage"},"datePublished":"2026-09-01T11:03:39+02:00","dateModified":"2026-09-01T11:03:39+02:00"},{"@type":"WebSite","@id":"https:\/\/allasorias.hu\/hirek\/#website","url":"https:\/\/allasorias.hu\/hirek\/","name":"AllasOrias.hu | H\u00edrek-lapszemle","description":"\u00dczleti h\u00edrek az \u00e1ll\u00e1s \u00e9s a munka vil\u00e1g\u00e1b\u00f3l","inLanguage":"hu-HU","publisher":{"@id":"https:\/\/allasorias.hu\/hirek\/#organization"}}]},"og:locale":"hu_HU","og:site_name":"AllasOrias.hu | H\u00edrek-lapszemle | \u00dczleti h\u00edrek az \u00e1ll\u00e1s \u00e9s a munka vil\u00e1g\u00e1b\u00f3l","og:type":"article","og:title":"H\u00e1tr\u00e1nyban van a munkaer\u0151piacon, akinek gyermeke van","og:description":"Jelent\u0151s anyagi \u00e9s egy\u00e9b vesztes\u00e9ggel sz\u00e1molhatnak azok az any\u00e1k, akik kisgyermeket nevelnek. Amikor pedig visszat\u00e9rnek a munk\u00e1ba, kevesebb \u00f3rasz\u00e1mban dolgoznak","og:url":"https:\/\/allasorias.hu\/hirek\/hatranyban-van-a-munkaeropiacon-akinek-gyermeke-van\/","og:image":"https:\/\/allasorias.hu\/hirek\/wp-content\/uploads\/2026\/09\/hatranyban-az-edesanyak-a-munkaeropiacon.jpg","og:image:secure_url":"https:\/\/allasorias.hu\/hirek\/wp-content\/uploads\/2026\/09\/hatranyban-az-edesanyak-a-munkaeropiacon.jpg","og:image:width":1920,"og:image:height":1280,"article:published_time":"2026-09-01T09:03:39+00:00","article:modified_time":"2026-09-01T09:03:39+00:00","article:publisher":"https:\/\/www.facebook.com\/allasorias","twitter:card":"summary_large_image","twitter:title":"H\u00e1tr\u00e1nyban van a munkaer\u0151piacon, akinek gyermeke van","twitter:description":"Jelent\u0151s anyagi \u00e9s egy\u00e9b vesztes\u00e9ggel sz\u00e1molhatnak azok az any\u00e1k, akik kisgyermeket nevelnek. Amikor pedig visszat\u00e9rnek a munk\u00e1ba, kevesebb \u00f3rasz\u00e1mban dolgoznak","twitter:image":"https:\/\/allasorias.hu\/hirek\/wp-content\/uploads\/2026\/09\/hatranyban-az-edesanyak-a-munkaeropiacon.jpg","twitter:label1":"Written by","twitter:data1":"Juh\u00e1sz P\u00e9ter","twitter:label2":"Est. reading time","twitter:data2":"4 minutes"},"aioseo_meta_data":{"post_id":"9546","title":"#post_title","description":"Jelent\u0151s anyagi \u00e9s egy\u00e9b vesztes\u00e9ggel sz\u00e1molhatnak azok az any\u00e1k, akik kisgyermeket nevelnek. Amikor pedig visszat\u00e9rnek a munk\u00e1ba, kevesebb \u00f3rasz\u00e1mban dolgoznak","keywords":null,"keyphrases":{"focus":{"keyphrase":"","score":0,"analysis":{"keyphraseInTitle":{"score":0,"maxScore":9,"error":1}}},"additional":[]},"primary_term":null,"canonical_url":null,"og_title":null,"og_description":null,"og_object_type":"default","og_image_type":"default","og_image_url":null,"og_image_width":null,"og_image_height":null,"og_image_custom_url":null,"og_image_custom_fields":null,"og_video":"","og_custom_url":null,"og_article_section":null,"og_article_tags":null,"twitter_use_og":true,"twitter_card":"default","twitter_image_type":"default","twitter_image_url":null,"twitter_image_custom_url":null,"twitter_image_custom_fields":null,"twitter_title":null,"twitter_description":null,"schema":{"blockGraphs":[],"customGraphs":[],"default":{"data":{"Article":[],"Course":[],"Dataset":[],"FAQPage":[],"Movie":[],"Person":[],"Product":[],"ProductReview":[],"Car":[],"Recipe":[],"Service":[],"SoftwareApplication":[],"WebPage":[]},"graphName":"Article","isEnabled":true},"graphs":[]},"schema_type":"default","schema_type_options":null,"pillar_content":false,"robots_default":true,"robots_noindex":false,"robots_noarchive":false,"robots_nosnippet":false,"robots_nofollow":false,"robots_noimageindex":false,"robots_noodp":false,"robots_notranslate":false,"robots_max_snippet":"-1","robots_max_videopreview":"-1","robots_max_imagepreview":"large","priority":null,"frequency":"default","location":null,"local_seo":null,"breadcrumb_settings":null,"limit_modified_date":false,"ai":{"faqs":[],"keyPoints":[],"schemas":[],"titles":[],"descriptions":[],"socialPosts":{"email":{"subject":"","preview":"","content":""},"linkedin":[],"twitter":[],"facebook":[],"instagram":[]}},"created":"2026-09-01 08:38:17","updated":"2026-09-01 09:03:39","seo_analyzer_scan_date":null,"focus_keyword":null,"additional_keywords":null,"truseo_locale":null},"aioseo_breadcrumb":"<div class=\"aioseo-breadcrumbs\"><span class=\"aioseo-breadcrumb\">\n\t\t\t<a href=\"https:\/\/allasorias.hu\/hirek\" title=\"Home\">Home<\/a>\n\t\t<\/span><span class=\"aioseo-breadcrumb-separator\">&raquo;<\/span><span class=\"aioseo-breadcrumb\">\n\t\t\t<a href=\"https:\/\/allasorias.hu\/hirek\/temak\/munkaeropiac\/\" title=\"Munkaer\u0151piac\">Munkaer\u0151piac<\/a>\n\t\t<\/span><span class=\"aioseo-breadcrumb-separator\">&raquo;<\/span><span class=\"aioseo-breadcrumb\">\n\t\t\tH\u00e1tr\u00e1nyban van a munkaer\u0151piacon, akinek gyermeke van\n\t\t<\/span><\/div>","aioseo_breadcrumb_json":[{"label":"Home","link":"https:\/\/allasorias.hu\/hirek"},{"label":"Munkaer\u0151piac","link":"https:\/\/allasorias.hu\/hirek\/temak\/munkaeropiac\/"},{"label":"H\u00e1tr\u00e1nyban van a munkaer\u0151piacon, akinek gyermeke van","link":"https:\/\/allasorias.hu\/hirek\/hatranyban-van-a-munkaeropiacon-akinek-gyermeke-van\/"}],"_links":{"self":[{"href":"https:\/\/allasorias.hu\/hirek\/wp-json\/wp\/v2\/posts\/9546","targetHints":{"allow":["GET"]}}],"collection":[{"href":"https:\/\/allasorias.hu\/hirek\/wp-json\/wp\/v2\/posts"}],"about":[{"href":"https:\/\/allasorias.hu\/hirek\/wp-json\/wp\/v2\/types\/post"}],"author":[{"embeddable":true,"href":"https:\/\/allasorias.hu\/hirek\/wp-json\/wp\/v2\/users\/1"}],"replies":[{"embeddable":true,"href":"https:\/\/allasorias.hu\/hirek\/wp-json\/wp\/v2\/comments?post=9546"}],"version-history":[{"count":1,"href":"https:\/\/allasorias.hu\/hirek\/wp-json\/wp\/v2\/posts\/9546\/revisions"}],"predecessor-version":[{"id":9548,"href":"https:\/\/allasorias.hu\/hirek\/wp-json\/wp\/v2\/posts\/9546\/revisions\/9548"}],"wp:featuredmedia":[{"embeddable":true,"href":"https:\/\/allasorias.hu\/hirek\/wp-json\/wp\/v2\/media\/9547"}],"wp:attachment":[{"href":"https:\/\/allasorias.hu\/hirek\/wp-json\/wp\/v2\/media?parent=9546"}],"wp:term":[{"taxonomy":"category","embeddable":true,"href":"https:\/\/allasorias.hu\/hirek\/wp-json\/wp\/v2\/categories?post=9546"},{"taxonomy":"post_tag","embeddable":true,"href":"https:\/\/allasorias.hu\/hirek\/wp-json\/wp\/v2\/tags?post=9546"}],"curies":[{"name":"wp","href":"https:\/\/api.w.org\/{rel}","templated":true}]}}