{"id":9542,"date":"2026-08-31T09:05:05","date_gmt":"2026-08-31T07:05:05","guid":{"rendered":"https:\/\/allasorias.hu\/hirek\/?p=9542"},"modified":"2026-08-31T09:05:05","modified_gmt":"2026-08-31T07:05:05","slug":"mozgolodnak-a-pedagogusok","status":"publish","type":"post","link":"https:\/\/allasorias.hu\/hirek\/mozgolodnak-a-pedagogusok\/","title":{"rendered":"Mozgol\u00f3dnak a pedag\u00f3gusok"},"content":{"rendered":"<p><strong>B\u00e9rrendez\u00e9st szeretn\u00e9nek a pedag\u00f3gusok, m\u00e9g a tan\u00e9v megkezd\u00e9s\u00e9ig, b\u00e1r nagyon r\u00f6vid az id\u0151. A szakszervezet jogi garanci\u00e1t szeretne kapni a korm\u00e1nyt\u00f3l.<\/strong><\/p>\n<p>Ha a korm\u00e1ny a tan\u00e9v kezdet\u00e9ig nem rendezi a nevel\u00e9st \u00e9s oktat\u00e1st seg\u00edt\u0151 dolgoz\u00f3k b\u00e9r\u00e9t, felm\u00e9rik a sztr\u00e1jkhajland\u00f3s\u00e1got, \u00e9s megkezdik a munkabesz\u00fcntet\u00e9s szervez\u00e9s\u00e9t \u2013 k\u00f6z\u00f6lte a Pedag\u00f3gusok Demokratikus Szakszervezete (PDSZ). A Pedag\u00f3gusok Demokratikus Szakszervezete (PDSZ) ny\u00edlt lev\u00e9lben t\u00e1j\u00e9koztatta Lannert Judit oktat\u00e1si \u00e9s gyermek\u00fcgyi minisztert arr\u00f3l, hogy a tan\u00e9v elej\u00e9n sztr\u00e1jkok j\u00f6hetnek az iskol\u00e1kban.<\/p>\n<p>A PDSZ szerint a korm\u00e1nynak min\u00e9l gyorsabban rendeznie kell a nevel\u00e9st \u00e9s oktat\u00e1st seg\u00edt\u0151 dolgoz\u00f3k fizet\u00e9s\u00e9t, ez\u00e9rt arra k\u00e9rt\u00e9k a minisztert, hogy a tan\u00e9v kezdet\u00e9ig egy\u00e9rtelm\u0171en foglaljon \u00e1ll\u00e1st arr\u00f3l, lesz-e b\u00e9rrendez\u00e9s ezen a ter\u00fcleten. A szakszervezet szerint az idei tan\u00e9vet m\u00e1r nem lehet \u00fagy elkezdeni, hogy a korm\u00e1ny nem rendezi a b\u00e9reket. Nagy Erzs\u00e9bet, a PDSZ \u00fcgyviv\u0151je az RTL-nek \u00fagy fogalmazott, ha nem kapnak legal\u00e1bb valamilyen jogszab\u00e1lyi garanci\u00e1t arra, hogy miel\u0151bb sor ker\u00fcl a b\u00e9remel\u00e9sre, k\u00e9nytelenek lesznek felm\u00e9rni a sztr\u00e1jkhajland\u00f3s\u00e1got, majd elkezdeni a sztr\u00e1jk szervez\u00e9s\u00e9t.<\/p>\n<p>Az RTL eml\u00e9keztetett: a Tisza P\u00e1rt programj\u00e1ban 25 sz\u00e1zal\u00e9kos emel\u00e9st \u00edg\u00e9rt a nevel\u00e9st \u00e9s oktat\u00e1st seg\u00edt\u0151 dolgoz\u00f3knak. Lannert Judit kor\u00e1bban azt mondta, hogy a NOKS-os dolgoz\u00f3k b\u00e9remel\u00e9se els\u0151sorban k\u00f6lts\u00e9gvet\u00e9si k\u00e9rd\u00e9s, \u00e9s a feladat m\u00e1r t\u00f6bbsz\u00f6r a korm\u00e1ny el\u00e9 ker\u00fclt. Az t\u00e1rcavezet\u0151 augusztus elej\u00e9n arr\u00f3l besz\u00e9lt, hogy a k\u00f6lts\u00e9gvet\u00e9s helyzete nem teszi k\u00f6nny\u0171v\u00e9 a k\u00e9rd\u00e9s rendez\u00e9s\u00e9t.A PDSZ szerint azonban a 25 sz\u00e1zal\u00e9kos emel\u00e9s is csak els\u0151 l\u00e9p\u00e9sben jelentene megold\u00e1st, hosszabb t\u00e1von enn\u00e9l nagyobb b\u00e9remel\u00e9sre lenne sz\u00fcks\u00e9g. A szakszervezet 40 sz\u00e1zal\u00e9kos emel\u00e9st szeretne el\u00e9rni. A fels\u0151fok\u00fa v\u00e9gzetts\u00e9ggel rendelkez\u0151 nevel\u00e9st \u00e9s oktat\u00e1st seg\u00edt\u0151 dolgoz\u00f3kn\u00e1l emellett brutt\u00f3 720 ezer forintos b\u00e9rt k\u00f6vetelnek, ami megegyezik a pedag\u00f3gusoknak j\u00e1r\u00f3 legalacsonyabb fizet\u00e9ssel.<\/p>\n<p>Forr\u00e1s: <a href=\"https:\/\/www.economx.hu\/belfold\/2026\/08\/31\/tanev-kezdet-pdsz-szakszervezet-beremeles-koveteles-sztrajk\/\" target=\"_blank\" rel=\"nofollow noopener noreferrer\">economx.hu<\/a><\/p>\n","protected":false},"excerpt":{"rendered":"<p>B\u00e9rrendez\u00e9st szeretn\u00e9nek a pedag\u00f3gusok, m\u00e9g a tan\u00e9v megkezd\u00e9s\u00e9ig, b\u00e1r nagyon r\u00f6vid az id\u0151. A szakszervezet jogi garanci\u00e1t szeretne kapni a korm\u00e1nyt\u00f3l. Ha a korm\u00e1ny a tan\u00e9v kezdet\u00e9ig nem rendezi a nevel\u00e9st \u00e9s oktat\u00e1st seg\u00edt\u0151 dolgoz\u00f3k b\u00e9r\u00e9t, felm\u00e9rik a sztr\u00e1jkhajland\u00f3s\u00e1got, \u00e9s megkezdik a munkabesz\u00fcntet\u00e9s szervez\u00e9s\u00e9t \u2013 k\u00f6z\u00f6lte a Pedag\u00f3gusok Demokratikus Szakszervezete (PDSZ). A Pedag\u00f3gusok Demokratikus Szakszervezete [&hellip;]<\/p>\n","protected":false},"author":1,"featured_media":9543,"comment_status":"closed","ping_status":"closed","sticky":false,"template":"","format":"standard","meta":{"_monsterinsights_skip_tracking":false,"footnotes":""},"categories":[200],"tags":[],"class_list":["post-9542","post","type-post","status-publish","format-standard","has-post-thumbnail","hentry","category-munkaeropiac"],"aioseo_notices":[],"aioseo_head":"\n\t\t<!-- All in One SEO 5.0.0.1 - aioseo.com -->\n\t<meta name=\"description\" content=\"B\u00e9rrendez\u00e9st szeretn\u00e9nek a pedag\u00f3gusok, m\u00e9g a tan\u00e9v megkezd\u00e9s\u00e9ig, b\u00e1r nagyon r\u00f6vid az id\u0151. A szakszervezet jogi garanci\u00e1t szeretne kapni a korm\u00e1nyt\u00f3l.\" \/>\n\t<meta name=\"robots\" content=\"max-image-preview:large\" \/>\n\t<meta name=\"author\" content=\"Juh\u00e1sz P\u00e9ter\"\/>\n\t<link rel=\"canonical\" href=\"https:\/\/allasorias.hu\/hirek\/mozgolodnak-a-pedagogusok\/\" \/>\n\t<meta name=\"generator\" content=\"All in One SEO (AIOSEO) 5.0.0.1\" \/>\n\t\t<meta property=\"og:locale\" content=\"hu_HU\" \/>\n\t\t<meta property=\"og:site_name\" content=\"AllasOrias.hu | H\u00edrek-lapszemle | \u00dczleti h\u00edrek az \u00e1ll\u00e1s \u00e9s a munka vil\u00e1g\u00e1b\u00f3l\" \/>\n\t\t<meta property=\"og:type\" content=\"article\" \/>\n\t\t<meta property=\"og:title\" content=\"Mozgol\u00f3dnak a pedag\u00f3gusok | AllasOrias.hu | H\u00edrek-lapszemle\" \/>\n\t\t<meta property=\"og:description\" content=\"B\u00e9rrendez\u00e9st szeretn\u00e9nek a pedag\u00f3gusok, m\u00e9g a tan\u00e9v megkezd\u00e9s\u00e9ig, b\u00e1r nagyon r\u00f6vid az id\u0151. A szakszervezet jogi garanci\u00e1t szeretne kapni a korm\u00e1nyt\u00f3l.\" \/>\n\t\t<meta property=\"og:url\" content=\"https:\/\/allasorias.hu\/hirek\/mozgolodnak-a-pedagogusok\/\" \/>\n\t\t<meta property=\"og:image\" content=\"https:\/\/allasorias.hu\/hirek\/wp-content\/uploads\/2026\/08\/pedagogus-berrendezes.jpg\" \/>\n\t\t<meta property=\"og:image:secure_url\" content=\"https:\/\/allasorias.hu\/hirek\/wp-content\/uploads\/2026\/08\/pedagogus-berrendezes.jpg\" \/>\n\t\t<meta property=\"og:image:width\" content=\"1920\" \/>\n\t\t<meta property=\"og:image:height\" content=\"1281\" \/>\n\t\t<meta property=\"article:published_time\" content=\"2026-08-31T07:05:05+00:00\" \/>\n\t\t<meta property=\"article:modified_time\" content=\"2026-08-31T07:05:05+00:00\" \/>\n\t\t<meta property=\"article:publisher\" content=\"https:\/\/www.facebook.com\/allasorias\" \/>\n\t\t<meta name=\"twitter:card\" content=\"summary_large_image\" \/>\n\t\t<meta name=\"twitter:title\" content=\"Mozgol\u00f3dnak a pedag\u00f3gusok | AllasOrias.hu | H\u00edrek-lapszemle\" \/>\n\t\t<meta name=\"twitter:description\" content=\"B\u00e9rrendez\u00e9st szeretn\u00e9nek a pedag\u00f3gusok, m\u00e9g a tan\u00e9v megkezd\u00e9s\u00e9ig, b\u00e1r nagyon r\u00f6vid az id\u0151. A szakszervezet jogi garanci\u00e1t szeretne kapni a korm\u00e1nyt\u00f3l.\" \/>\n\t\t<meta name=\"twitter:image\" content=\"https:\/\/allasorias.hu\/hirek\/wp-content\/uploads\/2026\/08\/pedagogus-berrendezes.jpg\" \/>\n\t\t<meta name=\"twitter:label1\" content=\"Written by\" \/>\n\t\t<meta name=\"twitter:data1\" content=\"Juh\u00e1sz P\u00e9ter\" \/>\n\t\t<meta name=\"twitter:label2\" content=\"Est. reading time\" \/>\n\t\t<meta name=\"twitter:data2\" content=\"2 minutes\" \/>\n\t\t<script type=\"application\/ld+json\" class=\"aioseo-schema\">\n\t\t\t{\"@context\":\"https:\\\/\\\/schema.org\",\"@graph\":[{\"@type\":\"Article\",\"@id\":\"https:\\\/\\\/allasorias.hu\\\/hirek\\\/mozgolodnak-a-pedagogusok\\\/#article\",\"name\":\"Mozgol\\u00f3dnak a pedag\\u00f3gusok | AllasOrias.hu | H\\u00edrek-lapszemle\",\"headline\":\"Mozgol\\u00f3dnak a pedag\\u00f3gusok\",\"author\":{\"@id\":\"https:\\\/\\\/allasorias.hu\\\/hirek\\\/author\\\/admin-allasorias\\\/#author\"},\"publisher\":{\"@id\":\"https:\\\/\\\/allasorias.hu\\\/hirek\\\/#organization\"},\"image\":{\"@type\":\"ImageObject\",\"url\":\"https:\\\/\\\/allasorias.hu\\\/hirek\\\/wp-content\\\/uploads\\\/2026\\\/08\\\/pedagogus-berrendezes.jpg\",\"width\":1920,\"height\":1281,\"caption\":\"Mozgol\\u00f3dnak a pedag\\u00f3gusok - Allasorias.hu\\\/Hirek\"},\"datePublished\":\"2026-08-31T09:05:05+02:00\",\"dateModified\":\"2026-08-31T09:05:05+02:00\",\"inLanguage\":\"hu-HU\",\"mainEntityOfPage\":{\"@id\":\"https:\\\/\\\/allasorias.hu\\\/hirek\\\/mozgolodnak-a-pedagogusok\\\/#webpage\"},\"isPartOf\":{\"@id\":\"https:\\\/\\\/allasorias.hu\\\/hirek\\\/mozgolodnak-a-pedagogusok\\\/#webpage\"},\"articleSection\":\"Munkaer\\u0151piac\"},{\"@type\":\"BreadcrumbList\",\"@id\":\"https:\\\/\\\/allasorias.hu\\\/hirek\\\/mozgolodnak-a-pedagogusok\\\/#breadcrumblist\",\"itemListElement\":[{\"@type\":\"ListItem\",\"@id\":\"https:\\\/\\\/allasorias.hu\\\/hirek#listItem\",\"position\":1,\"name\":\"Home\",\"item\":\"https:\\\/\\\/allasorias.hu\\\/hirek\",\"nextItem\":{\"@type\":\"ListItem\",\"@id\":\"https:\\\/\\\/allasorias.hu\\\/hirek\\\/temak\\\/munkaeropiac\\\/#listItem\",\"name\":\"Munkaer\\u0151piac\"}},{\"@type\":\"ListItem\",\"@id\":\"https:\\\/\\\/allasorias.hu\\\/hirek\\\/temak\\\/munkaeropiac\\\/#listItem\",\"position\":2,\"name\":\"Munkaer\\u0151piac\",\"item\":\"https:\\\/\\\/allasorias.hu\\\/hirek\\\/temak\\\/munkaeropiac\\\/\",\"nextItem\":{\"@type\":\"ListItem\",\"@id\":\"https:\\\/\\\/allasorias.hu\\\/hirek\\\/mozgolodnak-a-pedagogusok\\\/#listItem\",\"name\":\"Mozgol\\u00f3dnak a pedag\\u00f3gusok\"},\"previousItem\":{\"@type\":\"ListItem\",\"@id\":\"https:\\\/\\\/allasorias.hu\\\/hirek#listItem\",\"name\":\"Home\"}},{\"@type\":\"ListItem\",\"@id\":\"https:\\\/\\\/allasorias.hu\\\/hirek\\\/mozgolodnak-a-pedagogusok\\\/#listItem\",\"position\":3,\"name\":\"Mozgol\\u00f3dnak a pedag\\u00f3gusok\",\"previousItem\":{\"@type\":\"ListItem\",\"@id\":\"https:\\\/\\\/allasorias.hu\\\/hirek\\\/temak\\\/munkaeropiac\\\/#listItem\",\"name\":\"Munkaer\\u0151piac\"}}]},{\"@type\":\"Organization\",\"@id\":\"https:\\\/\\\/allasorias.hu\\\/hirek\\\/#organization\",\"name\":\"AllasOrias.hu | H\\u00edrek-lapszemle\",\"description\":\"\\u00dczleti h\\u00edrek az \\u00e1ll\\u00e1s \\u00e9s a munka vil\\u00e1g\\u00e1b\\u00f3l\",\"url\":\"https:\\\/\\\/allasorias.hu\\\/hirek\\\/\",\"logo\":{\"@type\":\"ImageObject\",\"url\":\"https:\\\/\\\/allasorias.hu\\\/hirek\\\/wp-content\\\/uploads\\\/2022\\\/10\\\/allasorias_site_facebok_logo.png\",\"@id\":\"https:\\\/\\\/allasorias.hu\\\/hirek\\\/mozgolodnak-a-pedagogusok\\\/#organizationLogo\"},\"image\":{\"@id\":\"https:\\\/\\\/allasorias.hu\\\/hirek\\\/mozgolodnak-a-pedagogusok\\\/#organizationLogo\"},\"sameAs\":[\"https:\\\/\\\/www.facebook.com\\\/allasorias\",\"https:\\\/\\\/www.linkedin.com\\\/company\\\/allasorias\"]},{\"@type\":\"Person\",\"@id\":\"https:\\\/\\\/allasorias.hu\\\/hirek\\\/author\\\/admin-allasorias\\\/#author\",\"url\":\"https:\\\/\\\/allasorias.hu\\\/hirek\\\/author\\\/admin-allasorias\\\/\",\"name\":\"Juh\\u00e1sz P\\u00e9ter\",\"image\":{\"@type\":\"ImageObject\",\"@id\":\"https:\\\/\\\/allasorias.hu\\\/hirek\\\/mozgolodnak-a-pedagogusok\\\/#authorImage\",\"url\":\"https:\\\/\\\/secure.gravatar.com\\\/avatar\\\/36e6bcb83148978b992977cb0f54d22feb0cce8a0a849a9410532bb2623ba4c6?s=96&d=mm&r=g\",\"width\":96,\"height\":96,\"caption\":\"Juh\\u00e1sz P\\u00e9ter\"}},{\"@type\":\"WebPage\",\"@id\":\"https:\\\/\\\/allasorias.hu\\\/hirek\\\/mozgolodnak-a-pedagogusok\\\/#webpage\",\"url\":\"https:\\\/\\\/allasorias.hu\\\/hirek\\\/mozgolodnak-a-pedagogusok\\\/\",\"name\":\"Mozgol\\u00f3dnak a pedag\\u00f3gusok | AllasOrias.hu | H\\u00edrek-lapszemle\",\"description\":\"B\\u00e9rrendez\\u00e9st szeretn\\u00e9nek a pedag\\u00f3gusok, m\\u00e9g a tan\\u00e9v megkezd\\u00e9s\\u00e9ig, b\\u00e1r nagyon r\\u00f6vid az id\\u0151. A szakszervezet jogi garanci\\u00e1t szeretne kapni a korm\\u00e1nyt\\u00f3l.\",\"inLanguage\":\"hu-HU\",\"isPartOf\":{\"@id\":\"https:\\\/\\\/allasorias.hu\\\/hirek\\\/#website\"},\"breadcrumb\":{\"@id\":\"https:\\\/\\\/allasorias.hu\\\/hirek\\\/mozgolodnak-a-pedagogusok\\\/#breadcrumblist\"},\"author\":{\"@id\":\"https:\\\/\\\/allasorias.hu\\\/hirek\\\/author\\\/admin-allasorias\\\/#author\"},\"creator\":{\"@id\":\"https:\\\/\\\/allasorias.hu\\\/hirek\\\/author\\\/admin-allasorias\\\/#author\"},\"image\":{\"@type\":\"ImageObject\",\"url\":\"https:\\\/\\\/allasorias.hu\\\/hirek\\\/wp-content\\\/uploads\\\/2026\\\/08\\\/pedagogus-berrendezes.jpg\",\"@id\":\"https:\\\/\\\/allasorias.hu\\\/hirek\\\/mozgolodnak-a-pedagogusok\\\/#mainImage\",\"width\":1920,\"height\":1281,\"caption\":\"Mozgol\\u00f3dnak a pedag\\u00f3gusok - Allasorias.hu\\\/Hirek\"},\"primaryImageOfPage\":{\"@id\":\"https:\\\/\\\/allasorias.hu\\\/hirek\\\/mozgolodnak-a-pedagogusok\\\/#mainImage\"},\"datePublished\":\"2026-08-31T09:05:05+02:00\",\"dateModified\":\"2026-08-31T09:05:05+02:00\"},{\"@type\":\"WebSite\",\"@id\":\"https:\\\/\\\/allasorias.hu\\\/hirek\\\/#website\",\"url\":\"https:\\\/\\\/allasorias.hu\\\/hirek\\\/\",\"name\":\"AllasOrias.hu | H\\u00edrek-lapszemle\",\"description\":\"\\u00dczleti h\\u00edrek az \\u00e1ll\\u00e1s \\u00e9s a munka vil\\u00e1g\\u00e1b\\u00f3l\",\"inLanguage\":\"hu-HU\",\"publisher\":{\"@id\":\"https:\\\/\\\/allasorias.hu\\\/hirek\\\/#organization\"}}]}\n\t\t<\/script>\n\t\t<!-- All in One SEO -->\n\n","aioseo_head_json":{"title":"Mozgol\u00f3dnak a pedag\u00f3gusok | AllasOrias.hu | H\u00edrek-lapszemle","description":"B\u00e9rrendez\u00e9st szeretn\u00e9nek a pedag\u00f3gusok, m\u00e9g a tan\u00e9v megkezd\u00e9s\u00e9ig, b\u00e1r nagyon r\u00f6vid az id\u0151. A szakszervezet jogi garanci\u00e1t szeretne kapni a korm\u00e1nyt\u00f3l.","canonical_url":"https:\/\/allasorias.hu\/hirek\/mozgolodnak-a-pedagogusok\/","robots":"max-image-preview:large","keywords":"","webmasterTools":{"miscellaneous":""},"schema":{"@context":"https:\/\/schema.org","@graph":[{"@type":"Article","@id":"https:\/\/allasorias.hu\/hirek\/mozgolodnak-a-pedagogusok\/#article","name":"Mozgol\u00f3dnak a pedag\u00f3gusok | AllasOrias.hu | H\u00edrek-lapszemle","headline":"Mozgol\u00f3dnak a pedag\u00f3gusok","author":{"@id":"https:\/\/allasorias.hu\/hirek\/author\/admin-allasorias\/#author"},"publisher":{"@id":"https:\/\/allasorias.hu\/hirek\/#organization"},"image":{"@type":"ImageObject","url":"https:\/\/allasorias.hu\/hirek\/wp-content\/uploads\/2026\/08\/pedagogus-berrendezes.jpg","width":1920,"height":1281,"caption":"Mozgol\u00f3dnak a pedag\u00f3gusok - Allasorias.hu\/Hirek"},"datePublished":"2026-08-31T09:05:05+02:00","dateModified":"2026-08-31T09:05:05+02:00","inLanguage":"hu-HU","mainEntityOfPage":{"@id":"https:\/\/allasorias.hu\/hirek\/mozgolodnak-a-pedagogusok\/#webpage"},"isPartOf":{"@id":"https:\/\/allasorias.hu\/hirek\/mozgolodnak-a-pedagogusok\/#webpage"},"articleSection":"Munkaer\u0151piac"},{"@type":"BreadcrumbList","@id":"https:\/\/allasorias.hu\/hirek\/mozgolodnak-a-pedagogusok\/#breadcrumblist","itemListElement":[{"@type":"ListItem","@id":"https:\/\/allasorias.hu\/hirek#listItem","position":1,"name":"Home","item":"https:\/\/allasorias.hu\/hirek","nextItem":{"@type":"ListItem","@id":"https:\/\/allasorias.hu\/hirek\/temak\/munkaeropiac\/#listItem","name":"Munkaer\u0151piac"}},{"@type":"ListItem","@id":"https:\/\/allasorias.hu\/hirek\/temak\/munkaeropiac\/#listItem","position":2,"name":"Munkaer\u0151piac","item":"https:\/\/allasorias.hu\/hirek\/temak\/munkaeropiac\/","nextItem":{"@type":"ListItem","@id":"https:\/\/allasorias.hu\/hirek\/mozgolodnak-a-pedagogusok\/#listItem","name":"Mozgol\u00f3dnak a pedag\u00f3gusok"},"previousItem":{"@type":"ListItem","@id":"https:\/\/allasorias.hu\/hirek#listItem","name":"Home"}},{"@type":"ListItem","@id":"https:\/\/allasorias.hu\/hirek\/mozgolodnak-a-pedagogusok\/#listItem","position":3,"name":"Mozgol\u00f3dnak a pedag\u00f3gusok","previousItem":{"@type":"ListItem","@id":"https:\/\/allasorias.hu\/hirek\/temak\/munkaeropiac\/#listItem","name":"Munkaer\u0151piac"}}]},{"@type":"Organization","@id":"https:\/\/allasorias.hu\/hirek\/#organization","name":"AllasOrias.hu | H\u00edrek-lapszemle","description":"\u00dczleti h\u00edrek az \u00e1ll\u00e1s \u00e9s a munka vil\u00e1g\u00e1b\u00f3l","url":"https:\/\/allasorias.hu\/hirek\/","logo":{"@type":"ImageObject","url":"https:\/\/allasorias.hu\/hirek\/wp-content\/uploads\/2022\/10\/allasorias_site_facebok_logo.png","@id":"https:\/\/allasorias.hu\/hirek\/mozgolodnak-a-pedagogusok\/#organizationLogo"},"image":{"@id":"https:\/\/allasorias.hu\/hirek\/mozgolodnak-a-pedagogusok\/#organizationLogo"},"sameAs":["https:\/\/www.facebook.com\/allasorias","https:\/\/www.linkedin.com\/company\/allasorias"]},{"@type":"Person","@id":"https:\/\/allasorias.hu\/hirek\/author\/admin-allasorias\/#author","url":"https:\/\/allasorias.hu\/hirek\/author\/admin-allasorias\/","name":"Juh\u00e1sz P\u00e9ter","image":{"@type":"ImageObject","@id":"https:\/\/allasorias.hu\/hirek\/mozgolodnak-a-pedagogusok\/#authorImage","url":"https:\/\/secure.gravatar.com\/avatar\/36e6bcb83148978b992977cb0f54d22feb0cce8a0a849a9410532bb2623ba4c6?s=96&d=mm&r=g","width":96,"height":96,"caption":"Juh\u00e1sz P\u00e9ter"}},{"@type":"WebPage","@id":"https:\/\/allasorias.hu\/hirek\/mozgolodnak-a-pedagogusok\/#webpage","url":"https:\/\/allasorias.hu\/hirek\/mozgolodnak-a-pedagogusok\/","name":"Mozgol\u00f3dnak a pedag\u00f3gusok | AllasOrias.hu | H\u00edrek-lapszemle","description":"B\u00e9rrendez\u00e9st szeretn\u00e9nek a pedag\u00f3gusok, m\u00e9g a tan\u00e9v megkezd\u00e9s\u00e9ig, b\u00e1r nagyon r\u00f6vid az id\u0151. A szakszervezet jogi garanci\u00e1t szeretne kapni a korm\u00e1nyt\u00f3l.","inLanguage":"hu-HU","isPartOf":{"@id":"https:\/\/allasorias.hu\/hirek\/#website"},"breadcrumb":{"@id":"https:\/\/allasorias.hu\/hirek\/mozgolodnak-a-pedagogusok\/#breadcrumblist"},"author":{"@id":"https:\/\/allasorias.hu\/hirek\/author\/admin-allasorias\/#author"},"creator":{"@id":"https:\/\/allasorias.hu\/hirek\/author\/admin-allasorias\/#author"},"image":{"@type":"ImageObject","url":"https:\/\/allasorias.hu\/hirek\/wp-content\/uploads\/2026\/08\/pedagogus-berrendezes.jpg","@id":"https:\/\/allasorias.hu\/hirek\/mozgolodnak-a-pedagogusok\/#mainImage","width":1920,"height":1281,"caption":"Mozgol\u00f3dnak a pedag\u00f3gusok - Allasorias.hu\/Hirek"},"primaryImageOfPage":{"@id":"https:\/\/allasorias.hu\/hirek\/mozgolodnak-a-pedagogusok\/#mainImage"},"datePublished":"2026-08-31T09:05:05+02:00","dateModified":"2026-08-31T09:05:05+02:00"},{"@type":"WebSite","@id":"https:\/\/allasorias.hu\/hirek\/#website","url":"https:\/\/allasorias.hu\/hirek\/","name":"AllasOrias.hu | H\u00edrek-lapszemle","description":"\u00dczleti h\u00edrek az \u00e1ll\u00e1s \u00e9s a munka vil\u00e1g\u00e1b\u00f3l","inLanguage":"hu-HU","publisher":{"@id":"https:\/\/allasorias.hu\/hirek\/#organization"}}]},"og:locale":"hu_HU","og:site_name":"AllasOrias.hu | H\u00edrek-lapszemle | \u00dczleti h\u00edrek az \u00e1ll\u00e1s \u00e9s a munka vil\u00e1g\u00e1b\u00f3l","og:type":"article","og:title":"Mozgol\u00f3dnak a pedag\u00f3gusok | AllasOrias.hu | H\u00edrek-lapszemle","og:description":"B\u00e9rrendez\u00e9st szeretn\u00e9nek a pedag\u00f3gusok, m\u00e9g a tan\u00e9v megkezd\u00e9s\u00e9ig, b\u00e1r nagyon r\u00f6vid az id\u0151. A szakszervezet jogi garanci\u00e1t szeretne kapni a korm\u00e1nyt\u00f3l.","og:url":"https:\/\/allasorias.hu\/hirek\/mozgolodnak-a-pedagogusok\/","og:image":"https:\/\/allasorias.hu\/hirek\/wp-content\/uploads\/2026\/08\/pedagogus-berrendezes.jpg","og:image:secure_url":"https:\/\/allasorias.hu\/hirek\/wp-content\/uploads\/2026\/08\/pedagogus-berrendezes.jpg","og:image:width":1920,"og:image:height":1281,"article:published_time":"2026-08-31T07:05:05+00:00","article:modified_time":"2026-08-31T07:05:05+00:00","article:publisher":"https:\/\/www.facebook.com\/allasorias","twitter:card":"summary_large_image","twitter:title":"Mozgol\u00f3dnak a pedag\u00f3gusok | AllasOrias.hu | H\u00edrek-lapszemle","twitter:description":"B\u00e9rrendez\u00e9st szeretn\u00e9nek a pedag\u00f3gusok, m\u00e9g a tan\u00e9v megkezd\u00e9s\u00e9ig, b\u00e1r nagyon r\u00f6vid az id\u0151. A szakszervezet jogi garanci\u00e1t szeretne kapni a korm\u00e1nyt\u00f3l.","twitter:image":"https:\/\/allasorias.hu\/hirek\/wp-content\/uploads\/2026\/08\/pedagogus-berrendezes.jpg","twitter:label1":"Written by","twitter:data1":"Juh\u00e1sz P\u00e9ter","twitter:label2":"Est. reading time","twitter:data2":"2 minutes"},"aioseo_meta_data":{"post_id":"9542","title":null,"description":"B\u00e9rrendez\u00e9st szeretn\u00e9nek a pedag\u00f3gusok, m\u00e9g a tan\u00e9v megkezd\u00e9s\u00e9ig, b\u00e1r nagyon r\u00f6vid az id\u0151. A szakszervezet jogi garanci\u00e1t szeretne kapni a korm\u00e1nyt\u00f3l.","keywords":null,"keyphrases":{"focus":{"keyphrase":"","score":0,"analysis":{"keyphraseInTitle":{"score":0,"maxScore":9,"error":1}}},"additional":[]},"primary_term":null,"canonical_url":null,"og_title":null,"og_description":null,"og_object_type":"default","og_image_type":"default","og_image_url":null,"og_image_width":null,"og_image_height":null,"og_image_custom_url":null,"og_image_custom_fields":null,"og_video":"","og_custom_url":null,"og_article_section":null,"og_article_tags":null,"twitter_use_og":true,"twitter_card":"default","twitter_image_type":"default","twitter_image_url":null,"twitter_image_custom_url":null,"twitter_image_custom_fields":null,"twitter_title":null,"twitter_description":null,"schema":{"blockGraphs":[],"customGraphs":[],"default":{"data":{"Article":[],"Course":[],"Dataset":[],"FAQPage":[],"Movie":[],"Person":[],"Product":[],"ProductReview":[],"Car":[],"Recipe":[],"Service":[],"SoftwareApplication":[],"WebPage":[]},"graphName":"Article","isEnabled":true},"graphs":[]},"schema_type":"default","schema_type_options":null,"pillar_content":false,"robots_default":true,"robots_noindex":false,"robots_noarchive":false,"robots_nosnippet":false,"robots_nofollow":false,"robots_noimageindex":false,"robots_noodp":false,"robots_notranslate":false,"robots_max_snippet":"-1","robots_max_videopreview":"-1","robots_max_imagepreview":"large","priority":null,"frequency":"default","location":null,"local_seo":null,"breadcrumb_settings":null,"limit_modified_date":false,"ai":{"faqs":[],"keyPoints":[],"schemas":[],"titles":[],"descriptions":[],"socialPosts":{"email":{"subject":"","preview":"","content":""},"linkedin":[],"twitter":[],"facebook":[],"instagram":[]}},"created":"2026-08-31 06:57:39","updated":"2026-08-31 07:05:05","seo_analyzer_scan_date":null,"focus_keyword":null,"additional_keywords":null,"truseo_locale":null},"aioseo_breadcrumb":"<div class=\"aioseo-breadcrumbs\"><span class=\"aioseo-breadcrumb\">\n\t\t\t<a href=\"https:\/\/allasorias.hu\/hirek\" title=\"Home\">Home<\/a>\n\t\t<\/span><span class=\"aioseo-breadcrumb-separator\">&raquo;<\/span><span class=\"aioseo-breadcrumb\">\n\t\t\t<a href=\"https:\/\/allasorias.hu\/hirek\/temak\/munkaeropiac\/\" title=\"Munkaer\u0151piac\">Munkaer\u0151piac<\/a>\n\t\t<\/span><span class=\"aioseo-breadcrumb-separator\">&raquo;<\/span><span class=\"aioseo-breadcrumb\">\n\t\t\tMozgol\u00f3dnak a pedag\u00f3gusok\n\t\t<\/span><\/div>","aioseo_breadcrumb_json":[{"label":"Home","link":"https:\/\/allasorias.hu\/hirek"},{"label":"Munkaer\u0151piac","link":"https:\/\/allasorias.hu\/hirek\/temak\/munkaeropiac\/"},{"label":"Mozgol\u00f3dnak a pedag\u00f3gusok","link":"https:\/\/allasorias.hu\/hirek\/mozgolodnak-a-pedagogusok\/"}],"_links":{"self":[{"href":"https:\/\/allasorias.hu\/hirek\/wp-json\/wp\/v2\/posts\/9542","targetHints":{"allow":["GET"]}}],"collection":[{"href":"https:\/\/allasorias.hu\/hirek\/wp-json\/wp\/v2\/posts"}],"about":[{"href":"https:\/\/allasorias.hu\/hirek\/wp-json\/wp\/v2\/types\/post"}],"author":[{"embeddable":true,"href":"https:\/\/allasorias.hu\/hirek\/wp-json\/wp\/v2\/users\/1"}],"replies":[{"embeddable":true,"href":"https:\/\/allasorias.hu\/hirek\/wp-json\/wp\/v2\/comments?post=9542"}],"version-history":[{"count":1,"href":"https:\/\/allasorias.hu\/hirek\/wp-json\/wp\/v2\/posts\/9542\/revisions"}],"predecessor-version":[{"id":9544,"href":"https:\/\/allasorias.hu\/hirek\/wp-json\/wp\/v2\/posts\/9542\/revisions\/9544"}],"wp:featuredmedia":[{"embeddable":true,"href":"https:\/\/allasorias.hu\/hirek\/wp-json\/wp\/v2\/media\/9543"}],"wp:attachment":[{"href":"https:\/\/allasorias.hu\/hirek\/wp-json\/wp\/v2\/media?parent=9542"}],"wp:term":[{"taxonomy":"category","embeddable":true,"href":"https:\/\/allasorias.hu\/hirek\/wp-json\/wp\/v2\/categories?post=9542"},{"taxonomy":"post_tag","embeddable":true,"href":"https:\/\/allasorias.hu\/hirek\/wp-json\/wp\/v2\/tags?post=9542"}],"curies":[{"name":"wp","href":"https:\/\/api.w.org\/{rel}","templated":true}]}}