{"id":9436,"date":"2026-07-17T08:23:41","date_gmt":"2026-07-17T06:23:41","guid":{"rendered":"https:\/\/allasorias.hu\/hirek\/?p=9436"},"modified":"2026-07-17T08:23:41","modified_gmt":"2026-07-17T06:23:41","slug":"oregszik-a-tarsadalom-ki-tartja-el-a-nyugdijasokat","status":"publish","type":"post","link":"https:\/\/allasorias.hu\/hirek\/oregszik-a-tarsadalom-ki-tartja-el-a-nyugdijasokat\/","title":{"rendered":"\u00d6regszik a t\u00e1rsadalom \u2013 ki tartja el a nyugd\u00edjasokat ?"},"content":{"rendered":"<p><strong>Kongatj\u00e1k a v\u00e9szharangot Eur\u00f3p\u00e1ban a n\u00e9pess\u00e9g fogy\u00e1sa \u00e9s \u00f6reged\u00e9se miatt. Miut\u00e1n az \u00e9lettartam egyre n\u0151, kitol\u00f3dik a nyugd\u00edjkorhat\u00e1r is. Az akt\u00edv kor\u00faak sz\u00e1ma pedig egyre cs\u00f6kken.<\/strong><\/p>\n<p>Az Eur\u00f3pai Bizotts\u00e1g legfrissebb jelent\u00e9se alapj\u00e1n Eur\u00f3pa n\u00e9pess\u00e9ge jelenleg el\u00e9ri a cs\u00facspontj\u00e1t, a k\u00f6vetkez\u0151 \u00e9vtizedekben pedig drasztikus visszaes\u00e9s \u00e9s el\u00f6reged\u00e9s v\u00e1rhat\u00f3. Ez a folyamat rendk\u00edv\u00fcli nyom\u00e1st gyakorol a munkaer\u0151piacra, az eg\u00e9szs\u00e9g\u00fcgyi ell\u00e1t\u00f3rendszerre \u00e9s a szoci\u00e1lis h\u00e1l\u00f3ra, \u00edgy elker\u00fclhetetlenn\u00e9 v\u00e1lik a nyugd\u00edjkorhat\u00e1r emel\u00e9se, a munkaer\u0151piac struktur\u00e1lis \u00e1talak\u00edt\u00e1sa, valamint a c\u00e9lzott migr\u00e1ci\u00f3.<\/p>\n<p>A kedvez\u0151tlen demogr\u00e1fiai folyamatok al\u00f3l Magyarorsz\u00e1g sem kiv\u00e9tel, \u00edgy ezek a v\u00e1ltoz\u00e1sok a hazai gazdas\u00e1got \u00e9s t\u00e1rsadalmat is k\u00f6zvetlen\u00fcl \u00e9rintik &#8211; \u00edrta meg a Portfolio. A kontinens lakoss\u00e1ga a jelenlegi 450,6 milli\u00f3 f\u0151r\u0151l az el\u0151rejelz\u00e9sek szerint 2100-ra 400 milli\u00f3 al\u00e1 cs\u00f6kken, amivel visszat\u00e9r az 1970-es \u00e9vek szintj\u00e9re. B\u00e1r az Eur\u00f3pai Uni\u00f3 tagorsz\u00e1gainak term\u00e9szetes szaporod\u00e1sa m\u00e1r 2012 \u00f3ta negat\u00edv, ezt a folyamatot eddig ellens\u00falyozni tudta a bev\u00e1ndorl\u00e1s. A statisztik\u00e1k alapj\u00e1n azonban 2029-t\u0151l a teljes n\u00e9pess\u00e9g t\u00e9nyleges fogy\u00e1snak indul. Ezzel p\u00e1rhuzamosan az eur\u00f3paiak v\u00e1rhat\u00f3 \u00e9lettartama folyamatosan n\u0151, \u00edgy a n\u0151k \u00e1tlagos \u00e9lettartama az \u00e9vsz\u00e1zad v\u00e9g\u00e9re el\u00e9rheti a 90, a f\u00e9rfiak\u00e9 pedig a 86 \u00e9vet. R\u00e1ad\u00e1sul a most sz\u00fclet\u0151 gener\u00e1ci\u00f3k tagjai \u00e9let\u00fck els\u0151 75 \u00e9v\u00e9t nagy val\u00f3sz\u00edn\u0171s\u00e9ggel s\u00falyosabb betegs\u00e9gek n\u00e9lk\u00fcl \u00e9lhetik majd le.<\/p>\n<p>Ez a demogr\u00e1fiai \u00e1trendez\u0151d\u00e9s alapjaiban rengeti meg a jelenlegi szoci\u00e1lis \u00e9s nyugd\u00edjrendszereket, amelyeket m\u00e9g a folyamatos n\u00e9pess\u00e9gn\u00f6veked\u00e9s id\u0151szak\u00e1ra terveztek. A feloszt\u00f3-kirov\u00f3 nyugd\u00edjrendszerek egyens\u00falya felborul, amint az id\u0151skor\u00faak ar\u00e1nya jelent\u0151sen megemelkedik az akt\u00edv kor\u00faakhoz k\u00e9pest, hiszen az akt\u00edv dolgoz\u00f3k j\u00e1rul\u00e9kfizet\u00e9seib\u0151l finansz\u00edrozz\u00e1k a nyugd\u00edjakat. Az el\u00f6reged\u00e9ssel \u00f6sszef\u00fcgg\u0151 \u00e1llami kiad\u00e1sok m\u00e1r most is az uni\u00f3s GDP k\u00f6zel negyed\u00e9t teszik ki, \u00e9s ez a teher a j\u00f6v\u0151ben m\u00e9g tov\u00e1bb n\u00f6vekszik. A cs\u00f6kken\u0151 akt\u00edv munkaer\u0151 miatt a munk\u00e1t terhel\u0151 ad\u00f3kra \u00e9p\u00edt\u0151 \u00e1llamok neh\u00e9z helyzetbe ker\u00fclnek, ez\u00e9rt \u00faj finansz\u00edroz\u00e1si forr\u00e1sokat kell tal\u00e1lniuk az alapvet\u0151 k\u00f6zszolg\u00e1ltat\u00e1sok fenntart\u00e1s\u00e1hoz.<\/p>\n<p>A probl\u00e9ma kezel\u00e9s\u00e9re az Eur\u00f3pai Bizotts\u00e1g t\u00f6bb p\u00e1rhuzamos strat\u00e9gia alkalmaz\u00e1s\u00e1t tartja sz\u00fcks\u00e9gesnek. A munkaer\u0151hi\u00e1ny enyh\u00edt\u00e9se \u00e9rdek\u00e9ben mozg\u00f3s\u00edtani kell a jelenleg inakt\u00edv t\u00e1rsadalmi csoportokat, k\u00f6zt\u00fck azt a mintegy nyolcmilli\u00f3 eur\u00f3pai fiatalt, aki sem nem tanul, sem nem dolgozik. Az aj\u00e1nl\u00e1s szerint emellett sz\u0171k\u00edteni kell a nemek k\u00f6z\u00f6tti foglalkoztat\u00e1si szakad\u00e9kot, \u00e9s jav\u00edtani kell a termel\u00e9kenys\u00e9get, p\u00e9ld\u00e1ul a mesters\u00e9ges intelligencia kiterjedtebb alkalmaz\u00e1s\u00e1val. Ezzel p\u00e1rhuzamosan kulcsfontoss\u00e1g\u00fa marad a magasan k\u00e9pzett, harmadik orsz\u00e1gbeli munkaer\u0151 bevonz\u00e1sa is, b\u00e1r a tart\u00f3s bev\u00e1ndorl\u00e1s \u00f6nmag\u00e1ban nem lesz elegend\u0151 a n\u00e9pess\u00e9gcs\u00f6kken\u00e9s teljes ellens\u00falyoz\u00e1s\u00e1ra.<\/p>\n<p>A jelent\u00e9s egy\u00e9rtelm\u0171en r\u00f6gz\u00edti, hogy a v\u00e1rhat\u00f3 \u00e9lettartam n\u00f6veked\u00e9s\u00e9vel a t\u00f6rv\u00e9nyes nyugd\u00edjkorhat\u00e1r a jelenlegi 65 \u00e9vr\u0151l 2050-re k\u00f6r\u00fclbel\u00fcl 66, 2070-re pedig 67 \u00e9vre emelkedik majd. A korhat\u00e1remel\u00e9s \u00e9s a hosszabb akt\u00edv \u00e9letszakasz ellen\u00e9re is sz\u00e1molni kell azzal, hogy a legt\u00f6bb orsz\u00e1gban cs\u00f6kken az indul\u00f3 nyugd\u00edjak helyettes\u00edt\u00e9si r\u00e1t\u00e1ja, azaz az ell\u00e1t\u00e1s \u00f6sszege a kor\u00e1bbi keresetekhez k\u00e9pest. Az id\u0151sebb gener\u00e1ci\u00f3k munkaer\u0151piacon tart\u00e1sa, valamint az 55 \u00e9s 64 \u00e9v k\u00f6z\u00f6ttiek foglalkoztat\u00e1si r\u00e1t\u00e1j\u00e1nak tov\u00e1bbi jav\u00edt\u00e1sa ez\u00e9rt kulcsfontoss\u00e1g\u00fa t\u00e9nyez\u0151v\u00e9 v\u00e1lik.<\/p>\n<p>Az el\u00f6reged\u0151 t\u00e1rsadalom nemcsak terheket, hanem gazdas\u00e1gi lehet\u0151s\u00e9geket is teremt. Az \u00fagynevezett &#8216;ez\u00fcst gazdas\u00e1g&#8217; \u00faj piacokat nyit meg az id\u0151sebb koroszt\u00e1ly ig\u00e9nyeire szabott eg\u00e9szs\u00e9g\u00fcgyi, technol\u00f3giai \u00e9s p\u00e9nz\u00fcgyi szolg\u00e1ltat\u00e1sok el\u0151tt, ami \u00f6szt\u00f6n\u00f6zheti az innov\u00e1ci\u00f3t \u00e9s a munkahelyteremt\u00e9st. Az Eur\u00f3pai Bizotts\u00e1g a kih\u00edv\u00e1sokra reag\u00e1lva a k\u00f6vetkez\u0151, 2028 \u00e9s 2034 k\u00f6z\u00f6tti uni\u00f3s k\u00f6lts\u00e9gvet\u00e9si ciklusban kiemelt priorit\u00e1sk\u00e9nt kezeli a demogr\u00e1fiai v\u00e1ltoz\u00e1sok menedzsel\u00e9s\u00e9t. B\u00e1r a nyugd\u00edjpolitika tov\u00e1bbra is nemzeti hat\u00e1sk\u00f6rben marad, az Eur\u00f3pai Uni\u00f3 szakmai ir\u00e1nymutat\u00e1ssal \u00e9s p\u00e9nz\u00fcgyi forr\u00e1sokkal t\u00e1mogatja majd a tag\u00e1llamok struktur\u00e1lis reformjait.<\/p>\n<p>Forr\u00e1s: <a href=\"https:\/\/www.penzcentrum.hu\/nyugdij\/20260716\/johet-a-sirig-tarto-munka-magyarorszagon-dermeszto-joslat-jott-a-nyugdijakrol-1202291\/amp\" target=\"_blank\" rel=\"nofollow noopener noreferrer\">penzcentrum.hu<\/a><\/p>\n<p>&nbsp;<\/p>\n<p>&nbsp;<\/p>\n","protected":false},"excerpt":{"rendered":"<p>Kongatj\u00e1k a v\u00e9szharangot Eur\u00f3p\u00e1ban a n\u00e9pess\u00e9g fogy\u00e1sa \u00e9s \u00f6reged\u00e9se miatt. Miut\u00e1n az \u00e9lettartam egyre n\u0151, kitol\u00f3dik a nyugd\u00edjkorhat\u00e1r is. Az akt\u00edv kor\u00faak sz\u00e1ma pedig egyre cs\u00f6kken. Az Eur\u00f3pai Bizotts\u00e1g legfrissebb jelent\u00e9se alapj\u00e1n Eur\u00f3pa n\u00e9pess\u00e9ge jelenleg el\u00e9ri a cs\u00facspontj\u00e1t, a k\u00f6vetkez\u0151 \u00e9vtizedekben pedig drasztikus visszaes\u00e9s \u00e9s el\u00f6reged\u00e9s v\u00e1rhat\u00f3. Ez a folyamat rendk\u00edv\u00fcli nyom\u00e1st gyakorol a munkaer\u0151piacra, [&hellip;]<\/p>\n","protected":false},"author":1,"featured_media":9438,"comment_status":"closed","ping_status":"closed","sticky":false,"template":"","format":"standard","meta":{"_monsterinsights_skip_tracking":false,"footnotes":""},"categories":[198],"tags":[],"class_list":["post-9436","post","type-post","status-publish","format-standard","has-post-thumbnail","hentry","category-gazdasag"],"aioseo_notices":[],"aioseo_head":"\n\t\t<!-- All in One SEO 5.0.0.1 - aioseo.com -->\n\t<meta name=\"description\" content=\"Kongatj\u00e1k a v\u00e9szharangot Eur\u00f3p\u00e1ban a n\u00e9pess\u00e9g fogy\u00e1sa \u00e9s \u00f6reged\u00e9se miatt. Miut\u00e1n az \u00e9lettartam egyre n\u0151, kitol\u00f3dik a nyugd\u00edjkorhat\u00e1r is.\" \/>\n\t<meta name=\"robots\" content=\"max-image-preview:large\" \/>\n\t<meta name=\"author\" content=\"Juh\u00e1sz P\u00e9ter\"\/>\n\t<link rel=\"canonical\" href=\"https:\/\/allasorias.hu\/hirek\/oregszik-a-tarsadalom-ki-tartja-el-a-nyugdijasokat\/\" \/>\n\t<meta name=\"generator\" content=\"All in One SEO (AIOSEO) 5.0.0.1\" \/>\n\t\t<meta property=\"og:locale\" content=\"hu_HU\" \/>\n\t\t<meta property=\"og:site_name\" content=\"AllasOrias.hu | H\u00edrek-lapszemle | \u00dczleti h\u00edrek az \u00e1ll\u00e1s \u00e9s a munka vil\u00e1g\u00e1b\u00f3l\" \/>\n\t\t<meta property=\"og:type\" content=\"article\" \/>\n\t\t<meta property=\"og:title\" content=\"\u00d6regszik a t\u00e1rsadalom \u2013 ki tartja el a nyugd\u00edjasokat ?\" \/>\n\t\t<meta property=\"og:description\" content=\"Kongatj\u00e1k a v\u00e9szharangot Eur\u00f3p\u00e1ban a n\u00e9pess\u00e9g fogy\u00e1sa \u00e9s \u00f6reged\u00e9se miatt. Miut\u00e1n az \u00e9lettartam egyre n\u0151, kitol\u00f3dik a nyugd\u00edjkorhat\u00e1r is.\" \/>\n\t\t<meta property=\"og:url\" content=\"https:\/\/allasorias.hu\/hirek\/oregszik-a-tarsadalom-ki-tartja-el-a-nyugdijasokat\/\" \/>\n\t\t<meta property=\"og:image\" content=\"https:\/\/allasorias.hu\/hirek\/wp-content\/uploads\/2026\/07\/ki-tartja-el-a-nyugdijasokat.jpg\" \/>\n\t\t<meta property=\"og:image:secure_url\" content=\"https:\/\/allasorias.hu\/hirek\/wp-content\/uploads\/2026\/07\/ki-tartja-el-a-nyugdijasokat.jpg\" \/>\n\t\t<meta property=\"og:image:width\" content=\"1920\" \/>\n\t\t<meta property=\"og:image:height\" content=\"1280\" \/>\n\t\t<meta property=\"article:published_time\" content=\"2026-07-17T06:23:41+00:00\" \/>\n\t\t<meta property=\"article:modified_time\" content=\"2026-07-17T06:23:41+00:00\" \/>\n\t\t<meta property=\"article:publisher\" content=\"https:\/\/www.facebook.com\/allasorias\" \/>\n\t\t<meta name=\"twitter:card\" content=\"summary_large_image\" \/>\n\t\t<meta name=\"twitter:title\" content=\"\u00d6regszik a t\u00e1rsadalom \u2013 ki tartja el a nyugd\u00edjasokat ?\" \/>\n\t\t<meta name=\"twitter:description\" content=\"Kongatj\u00e1k a v\u00e9szharangot Eur\u00f3p\u00e1ban a n\u00e9pess\u00e9g fogy\u00e1sa \u00e9s \u00f6reged\u00e9se miatt. Miut\u00e1n az \u00e9lettartam egyre n\u0151, kitol\u00f3dik a nyugd\u00edjkorhat\u00e1r is.\" \/>\n\t\t<meta name=\"twitter:image\" content=\"https:\/\/allasorias.hu\/hirek\/wp-content\/uploads\/2026\/07\/ki-tartja-el-a-nyugdijasokat.jpg\" \/>\n\t\t<meta name=\"twitter:label1\" content=\"Written by\" \/>\n\t\t<meta name=\"twitter:data1\" content=\"Juh\u00e1sz P\u00e9ter\" \/>\n\t\t<meta name=\"twitter:label2\" content=\"Est. reading time\" \/>\n\t\t<meta name=\"twitter:data2\" content=\"4 minutes\" \/>\n\t\t<script type=\"application\/ld+json\" class=\"aioseo-schema\">\n\t\t\t{\"@context\":\"https:\\\/\\\/schema.org\",\"@graph\":[{\"@type\":\"Article\",\"@id\":\"https:\\\/\\\/allasorias.hu\\\/hirek\\\/oregszik-a-tarsadalom-ki-tartja-el-a-nyugdijasokat\\\/#article\",\"name\":\"\\u00d6regszik a t\\u00e1rsadalom \\u2013 ki tartja el a nyugd\\u00edjasokat ?\",\"headline\":\"\\u00d6regszik a t\\u00e1rsadalom \\u2013 ki tartja el a nyugd\\u00edjasokat ?\",\"author\":{\"@id\":\"https:\\\/\\\/allasorias.hu\\\/hirek\\\/author\\\/admin-allasorias\\\/#author\"},\"publisher\":{\"@id\":\"https:\\\/\\\/allasorias.hu\\\/hirek\\\/#organization\"},\"image\":{\"@type\":\"ImageObject\",\"url\":\"https:\\\/\\\/allasorias.hu\\\/hirek\\\/wp-content\\\/uploads\\\/2026\\\/07\\\/ki-tartja-el-a-nyugdijasokat.jpg\",\"width\":1920,\"height\":1280,\"caption\":\"\\u00d6regszik a t\\u00e1rsadalom \\u2013 ki tartja el a nyugd\\u00edjasokat? - Allasorias.hu\\\/Hirek\"},\"datePublished\":\"2026-07-17T08:23:41+02:00\",\"dateModified\":\"2026-07-17T08:23:41+02:00\",\"inLanguage\":\"hu-HU\",\"mainEntityOfPage\":{\"@id\":\"https:\\\/\\\/allasorias.hu\\\/hirek\\\/oregszik-a-tarsadalom-ki-tartja-el-a-nyugdijasokat\\\/#webpage\"},\"isPartOf\":{\"@id\":\"https:\\\/\\\/allasorias.hu\\\/hirek\\\/oregszik-a-tarsadalom-ki-tartja-el-a-nyugdijasokat\\\/#webpage\"},\"articleSection\":\"Gazdas\\u00e1g\"},{\"@type\":\"BreadcrumbList\",\"@id\":\"https:\\\/\\\/allasorias.hu\\\/hirek\\\/oregszik-a-tarsadalom-ki-tartja-el-a-nyugdijasokat\\\/#breadcrumblist\",\"itemListElement\":[{\"@type\":\"ListItem\",\"@id\":\"https:\\\/\\\/allasorias.hu\\\/hirek#listItem\",\"position\":1,\"name\":\"Home\",\"item\":\"https:\\\/\\\/allasorias.hu\\\/hirek\",\"nextItem\":{\"@type\":\"ListItem\",\"@id\":\"https:\\\/\\\/allasorias.hu\\\/hirek\\\/temak\\\/gazdasag\\\/#listItem\",\"name\":\"Gazdas\\u00e1g\"}},{\"@type\":\"ListItem\",\"@id\":\"https:\\\/\\\/allasorias.hu\\\/hirek\\\/temak\\\/gazdasag\\\/#listItem\",\"position\":2,\"name\":\"Gazdas\\u00e1g\",\"item\":\"https:\\\/\\\/allasorias.hu\\\/hirek\\\/temak\\\/gazdasag\\\/\",\"nextItem\":{\"@type\":\"ListItem\",\"@id\":\"https:\\\/\\\/allasorias.hu\\\/hirek\\\/oregszik-a-tarsadalom-ki-tartja-el-a-nyugdijasokat\\\/#listItem\",\"name\":\"\\u00d6regszik a t\\u00e1rsadalom \\u2013 ki tartja el a nyugd\\u00edjasokat ?\"},\"previousItem\":{\"@type\":\"ListItem\",\"@id\":\"https:\\\/\\\/allasorias.hu\\\/hirek#listItem\",\"name\":\"Home\"}},{\"@type\":\"ListItem\",\"@id\":\"https:\\\/\\\/allasorias.hu\\\/hirek\\\/oregszik-a-tarsadalom-ki-tartja-el-a-nyugdijasokat\\\/#listItem\",\"position\":3,\"name\":\"\\u00d6regszik a t\\u00e1rsadalom \\u2013 ki tartja el a nyugd\\u00edjasokat ?\",\"previousItem\":{\"@type\":\"ListItem\",\"@id\":\"https:\\\/\\\/allasorias.hu\\\/hirek\\\/temak\\\/gazdasag\\\/#listItem\",\"name\":\"Gazdas\\u00e1g\"}}]},{\"@type\":\"Organization\",\"@id\":\"https:\\\/\\\/allasorias.hu\\\/hirek\\\/#organization\",\"name\":\"AllasOrias.hu | H\\u00edrek-lapszemle\",\"description\":\"\\u00dczleti h\\u00edrek az \\u00e1ll\\u00e1s \\u00e9s a munka vil\\u00e1g\\u00e1b\\u00f3l\",\"url\":\"https:\\\/\\\/allasorias.hu\\\/hirek\\\/\",\"logo\":{\"@type\":\"ImageObject\",\"url\":\"https:\\\/\\\/allasorias.hu\\\/hirek\\\/wp-content\\\/uploads\\\/2022\\\/10\\\/allasorias_site_facebok_logo.png\",\"@id\":\"https:\\\/\\\/allasorias.hu\\\/hirek\\\/oregszik-a-tarsadalom-ki-tartja-el-a-nyugdijasokat\\\/#organizationLogo\"},\"image\":{\"@id\":\"https:\\\/\\\/allasorias.hu\\\/hirek\\\/oregszik-a-tarsadalom-ki-tartja-el-a-nyugdijasokat\\\/#organizationLogo\"},\"sameAs\":[\"https:\\\/\\\/www.facebook.com\\\/allasorias\",\"https:\\\/\\\/www.linkedin.com\\\/company\\\/allasorias\"]},{\"@type\":\"Person\",\"@id\":\"https:\\\/\\\/allasorias.hu\\\/hirek\\\/author\\\/admin-allasorias\\\/#author\",\"url\":\"https:\\\/\\\/allasorias.hu\\\/hirek\\\/author\\\/admin-allasorias\\\/\",\"name\":\"Juh\\u00e1sz P\\u00e9ter\",\"image\":{\"@type\":\"ImageObject\",\"@id\":\"https:\\\/\\\/allasorias.hu\\\/hirek\\\/oregszik-a-tarsadalom-ki-tartja-el-a-nyugdijasokat\\\/#authorImage\",\"url\":\"https:\\\/\\\/secure.gravatar.com\\\/avatar\\\/36e6bcb83148978b992977cb0f54d22feb0cce8a0a849a9410532bb2623ba4c6?s=96&d=mm&r=g\",\"width\":96,\"height\":96,\"caption\":\"Juh\\u00e1sz P\\u00e9ter\"}},{\"@type\":\"WebPage\",\"@id\":\"https:\\\/\\\/allasorias.hu\\\/hirek\\\/oregszik-a-tarsadalom-ki-tartja-el-a-nyugdijasokat\\\/#webpage\",\"url\":\"https:\\\/\\\/allasorias.hu\\\/hirek\\\/oregszik-a-tarsadalom-ki-tartja-el-a-nyugdijasokat\\\/\",\"name\":\"\\u00d6regszik a t\\u00e1rsadalom \\u2013 ki tartja el a nyugd\\u00edjasokat ?\",\"description\":\"Kongatj\\u00e1k a v\\u00e9szharangot Eur\\u00f3p\\u00e1ban a n\\u00e9pess\\u00e9g fogy\\u00e1sa \\u00e9s \\u00f6reged\\u00e9se miatt. Miut\\u00e1n az \\u00e9lettartam egyre n\\u0151, kitol\\u00f3dik a nyugd\\u00edjkorhat\\u00e1r is.\",\"inLanguage\":\"hu-HU\",\"isPartOf\":{\"@id\":\"https:\\\/\\\/allasorias.hu\\\/hirek\\\/#website\"},\"breadcrumb\":{\"@id\":\"https:\\\/\\\/allasorias.hu\\\/hirek\\\/oregszik-a-tarsadalom-ki-tartja-el-a-nyugdijasokat\\\/#breadcrumblist\"},\"author\":{\"@id\":\"https:\\\/\\\/allasorias.hu\\\/hirek\\\/author\\\/admin-allasorias\\\/#author\"},\"creator\":{\"@id\":\"https:\\\/\\\/allasorias.hu\\\/hirek\\\/author\\\/admin-allasorias\\\/#author\"},\"image\":{\"@type\":\"ImageObject\",\"url\":\"https:\\\/\\\/allasorias.hu\\\/hirek\\\/wp-content\\\/uploads\\\/2026\\\/07\\\/ki-tartja-el-a-nyugdijasokat.jpg\",\"@id\":\"https:\\\/\\\/allasorias.hu\\\/hirek\\\/oregszik-a-tarsadalom-ki-tartja-el-a-nyugdijasokat\\\/#mainImage\",\"width\":1920,\"height\":1280,\"caption\":\"\\u00d6regszik a t\\u00e1rsadalom \\u2013 ki tartja el a nyugd\\u00edjasokat? - Allasorias.hu\\\/Hirek\"},\"primaryImageOfPage\":{\"@id\":\"https:\\\/\\\/allasorias.hu\\\/hirek\\\/oregszik-a-tarsadalom-ki-tartja-el-a-nyugdijasokat\\\/#mainImage\"},\"datePublished\":\"2026-07-17T08:23:41+02:00\",\"dateModified\":\"2026-07-17T08:23:41+02:00\"},{\"@type\":\"WebSite\",\"@id\":\"https:\\\/\\\/allasorias.hu\\\/hirek\\\/#website\",\"url\":\"https:\\\/\\\/allasorias.hu\\\/hirek\\\/\",\"name\":\"AllasOrias.hu | H\\u00edrek-lapszemle\",\"description\":\"\\u00dczleti h\\u00edrek az \\u00e1ll\\u00e1s \\u00e9s a munka vil\\u00e1g\\u00e1b\\u00f3l\",\"inLanguage\":\"hu-HU\",\"publisher\":{\"@id\":\"https:\\\/\\\/allasorias.hu\\\/hirek\\\/#organization\"}}]}\n\t\t<\/script>\n\t\t<!-- All in One SEO -->\n\n","aioseo_head_json":{"title":"\u00d6regszik a t\u00e1rsadalom \u2013 ki tartja el a nyugd\u00edjasokat ?","description":"Kongatj\u00e1k a v\u00e9szharangot Eur\u00f3p\u00e1ban a n\u00e9pess\u00e9g fogy\u00e1sa \u00e9s \u00f6reged\u00e9se miatt. Miut\u00e1n az \u00e9lettartam egyre n\u0151, kitol\u00f3dik a nyugd\u00edjkorhat\u00e1r is.","canonical_url":"https:\/\/allasorias.hu\/hirek\/oregszik-a-tarsadalom-ki-tartja-el-a-nyugdijasokat\/","robots":"max-image-preview:large","keywords":"","webmasterTools":{"miscellaneous":""},"schema":{"@context":"https:\/\/schema.org","@graph":[{"@type":"Article","@id":"https:\/\/allasorias.hu\/hirek\/oregszik-a-tarsadalom-ki-tartja-el-a-nyugdijasokat\/#article","name":"\u00d6regszik a t\u00e1rsadalom \u2013 ki tartja el a nyugd\u00edjasokat ?","headline":"\u00d6regszik a t\u00e1rsadalom \u2013 ki tartja el a nyugd\u00edjasokat ?","author":{"@id":"https:\/\/allasorias.hu\/hirek\/author\/admin-allasorias\/#author"},"publisher":{"@id":"https:\/\/allasorias.hu\/hirek\/#organization"},"image":{"@type":"ImageObject","url":"https:\/\/allasorias.hu\/hirek\/wp-content\/uploads\/2026\/07\/ki-tartja-el-a-nyugdijasokat.jpg","width":1920,"height":1280,"caption":"\u00d6regszik a t\u00e1rsadalom \u2013 ki tartja el a nyugd\u00edjasokat? - Allasorias.hu\/Hirek"},"datePublished":"2026-07-17T08:23:41+02:00","dateModified":"2026-07-17T08:23:41+02:00","inLanguage":"hu-HU","mainEntityOfPage":{"@id":"https:\/\/allasorias.hu\/hirek\/oregszik-a-tarsadalom-ki-tartja-el-a-nyugdijasokat\/#webpage"},"isPartOf":{"@id":"https:\/\/allasorias.hu\/hirek\/oregszik-a-tarsadalom-ki-tartja-el-a-nyugdijasokat\/#webpage"},"articleSection":"Gazdas\u00e1g"},{"@type":"BreadcrumbList","@id":"https:\/\/allasorias.hu\/hirek\/oregszik-a-tarsadalom-ki-tartja-el-a-nyugdijasokat\/#breadcrumblist","itemListElement":[{"@type":"ListItem","@id":"https:\/\/allasorias.hu\/hirek#listItem","position":1,"name":"Home","item":"https:\/\/allasorias.hu\/hirek","nextItem":{"@type":"ListItem","@id":"https:\/\/allasorias.hu\/hirek\/temak\/gazdasag\/#listItem","name":"Gazdas\u00e1g"}},{"@type":"ListItem","@id":"https:\/\/allasorias.hu\/hirek\/temak\/gazdasag\/#listItem","position":2,"name":"Gazdas\u00e1g","item":"https:\/\/allasorias.hu\/hirek\/temak\/gazdasag\/","nextItem":{"@type":"ListItem","@id":"https:\/\/allasorias.hu\/hirek\/oregszik-a-tarsadalom-ki-tartja-el-a-nyugdijasokat\/#listItem","name":"\u00d6regszik a t\u00e1rsadalom \u2013 ki tartja el a nyugd\u00edjasokat ?"},"previousItem":{"@type":"ListItem","@id":"https:\/\/allasorias.hu\/hirek#listItem","name":"Home"}},{"@type":"ListItem","@id":"https:\/\/allasorias.hu\/hirek\/oregszik-a-tarsadalom-ki-tartja-el-a-nyugdijasokat\/#listItem","position":3,"name":"\u00d6regszik a t\u00e1rsadalom \u2013 ki tartja el a nyugd\u00edjasokat ?","previousItem":{"@type":"ListItem","@id":"https:\/\/allasorias.hu\/hirek\/temak\/gazdasag\/#listItem","name":"Gazdas\u00e1g"}}]},{"@type":"Organization","@id":"https:\/\/allasorias.hu\/hirek\/#organization","name":"AllasOrias.hu | H\u00edrek-lapszemle","description":"\u00dczleti h\u00edrek az \u00e1ll\u00e1s \u00e9s a munka vil\u00e1g\u00e1b\u00f3l","url":"https:\/\/allasorias.hu\/hirek\/","logo":{"@type":"ImageObject","url":"https:\/\/allasorias.hu\/hirek\/wp-content\/uploads\/2022\/10\/allasorias_site_facebok_logo.png","@id":"https:\/\/allasorias.hu\/hirek\/oregszik-a-tarsadalom-ki-tartja-el-a-nyugdijasokat\/#organizationLogo"},"image":{"@id":"https:\/\/allasorias.hu\/hirek\/oregszik-a-tarsadalom-ki-tartja-el-a-nyugdijasokat\/#organizationLogo"},"sameAs":["https:\/\/www.facebook.com\/allasorias","https:\/\/www.linkedin.com\/company\/allasorias"]},{"@type":"Person","@id":"https:\/\/allasorias.hu\/hirek\/author\/admin-allasorias\/#author","url":"https:\/\/allasorias.hu\/hirek\/author\/admin-allasorias\/","name":"Juh\u00e1sz P\u00e9ter","image":{"@type":"ImageObject","@id":"https:\/\/allasorias.hu\/hirek\/oregszik-a-tarsadalom-ki-tartja-el-a-nyugdijasokat\/#authorImage","url":"https:\/\/secure.gravatar.com\/avatar\/36e6bcb83148978b992977cb0f54d22feb0cce8a0a849a9410532bb2623ba4c6?s=96&d=mm&r=g","width":96,"height":96,"caption":"Juh\u00e1sz P\u00e9ter"}},{"@type":"WebPage","@id":"https:\/\/allasorias.hu\/hirek\/oregszik-a-tarsadalom-ki-tartja-el-a-nyugdijasokat\/#webpage","url":"https:\/\/allasorias.hu\/hirek\/oregszik-a-tarsadalom-ki-tartja-el-a-nyugdijasokat\/","name":"\u00d6regszik a t\u00e1rsadalom \u2013 ki tartja el a nyugd\u00edjasokat ?","description":"Kongatj\u00e1k a v\u00e9szharangot Eur\u00f3p\u00e1ban a n\u00e9pess\u00e9g fogy\u00e1sa \u00e9s \u00f6reged\u00e9se miatt. Miut\u00e1n az \u00e9lettartam egyre n\u0151, kitol\u00f3dik a nyugd\u00edjkorhat\u00e1r is.","inLanguage":"hu-HU","isPartOf":{"@id":"https:\/\/allasorias.hu\/hirek\/#website"},"breadcrumb":{"@id":"https:\/\/allasorias.hu\/hirek\/oregszik-a-tarsadalom-ki-tartja-el-a-nyugdijasokat\/#breadcrumblist"},"author":{"@id":"https:\/\/allasorias.hu\/hirek\/author\/admin-allasorias\/#author"},"creator":{"@id":"https:\/\/allasorias.hu\/hirek\/author\/admin-allasorias\/#author"},"image":{"@type":"ImageObject","url":"https:\/\/allasorias.hu\/hirek\/wp-content\/uploads\/2026\/07\/ki-tartja-el-a-nyugdijasokat.jpg","@id":"https:\/\/allasorias.hu\/hirek\/oregszik-a-tarsadalom-ki-tartja-el-a-nyugdijasokat\/#mainImage","width":1920,"height":1280,"caption":"\u00d6regszik a t\u00e1rsadalom \u2013 ki tartja el a nyugd\u00edjasokat? - Allasorias.hu\/Hirek"},"primaryImageOfPage":{"@id":"https:\/\/allasorias.hu\/hirek\/oregszik-a-tarsadalom-ki-tartja-el-a-nyugdijasokat\/#mainImage"},"datePublished":"2026-07-17T08:23:41+02:00","dateModified":"2026-07-17T08:23:41+02:00"},{"@type":"WebSite","@id":"https:\/\/allasorias.hu\/hirek\/#website","url":"https:\/\/allasorias.hu\/hirek\/","name":"AllasOrias.hu | H\u00edrek-lapszemle","description":"\u00dczleti h\u00edrek az \u00e1ll\u00e1s \u00e9s a munka vil\u00e1g\u00e1b\u00f3l","inLanguage":"hu-HU","publisher":{"@id":"https:\/\/allasorias.hu\/hirek\/#organization"}}]},"og:locale":"hu_HU","og:site_name":"AllasOrias.hu | H\u00edrek-lapszemle | \u00dczleti h\u00edrek az \u00e1ll\u00e1s \u00e9s a munka vil\u00e1g\u00e1b\u00f3l","og:type":"article","og:title":"\u00d6regszik a t\u00e1rsadalom \u2013 ki tartja el a nyugd\u00edjasokat ?","og:description":"Kongatj\u00e1k a v\u00e9szharangot Eur\u00f3p\u00e1ban a n\u00e9pess\u00e9g fogy\u00e1sa \u00e9s \u00f6reged\u00e9se miatt. Miut\u00e1n az \u00e9lettartam egyre n\u0151, kitol\u00f3dik a nyugd\u00edjkorhat\u00e1r is.","og:url":"https:\/\/allasorias.hu\/hirek\/oregszik-a-tarsadalom-ki-tartja-el-a-nyugdijasokat\/","og:image":"https:\/\/allasorias.hu\/hirek\/wp-content\/uploads\/2026\/07\/ki-tartja-el-a-nyugdijasokat.jpg","og:image:secure_url":"https:\/\/allasorias.hu\/hirek\/wp-content\/uploads\/2026\/07\/ki-tartja-el-a-nyugdijasokat.jpg","og:image:width":1920,"og:image:height":1280,"article:published_time":"2026-07-17T06:23:41+00:00","article:modified_time":"2026-07-17T06:23:41+00:00","article:publisher":"https:\/\/www.facebook.com\/allasorias","twitter:card":"summary_large_image","twitter:title":"\u00d6regszik a t\u00e1rsadalom \u2013 ki tartja el a nyugd\u00edjasokat ?","twitter:description":"Kongatj\u00e1k a v\u00e9szharangot Eur\u00f3p\u00e1ban a n\u00e9pess\u00e9g fogy\u00e1sa \u00e9s \u00f6reged\u00e9se miatt. Miut\u00e1n az \u00e9lettartam egyre n\u0151, kitol\u00f3dik a nyugd\u00edjkorhat\u00e1r is.","twitter:image":"https:\/\/allasorias.hu\/hirek\/wp-content\/uploads\/2026\/07\/ki-tartja-el-a-nyugdijasokat.jpg","twitter:label1":"Written by","twitter:data1":"Juh\u00e1sz P\u00e9ter","twitter:label2":"Est. reading time","twitter:data2":"4 minutes"},"aioseo_meta_data":{"post_id":"9436","title":"#post_title","description":"Kongatj\u00e1k a v\u00e9szharangot Eur\u00f3p\u00e1ban a n\u00e9pess\u00e9g fogy\u00e1sa \u00e9s \u00f6reged\u00e9se miatt. Miut\u00e1n az \u00e9lettartam egyre n\u0151, kitol\u00f3dik a nyugd\u00edjkorhat\u00e1r is.","keywords":null,"keyphrases":{"focus":{"keyphrase":"","score":0,"analysis":{"keyphraseInTitle":{"score":0,"maxScore":9,"error":1}}},"additional":[]},"primary_term":null,"canonical_url":null,"og_title":null,"og_description":null,"og_object_type":"default","og_image_type":"default","og_image_url":null,"og_image_width":null,"og_image_height":null,"og_image_custom_url":null,"og_image_custom_fields":null,"og_video":"","og_custom_url":null,"og_article_section":null,"og_article_tags":null,"twitter_use_og":true,"twitter_card":"default","twitter_image_type":"default","twitter_image_url":null,"twitter_image_custom_url":null,"twitter_image_custom_fields":null,"twitter_title":null,"twitter_description":null,"schema":{"blockGraphs":[],"customGraphs":[],"default":{"data":{"Article":[],"Course":[],"Dataset":[],"FAQPage":[],"Movie":[],"Person":[],"Product":[],"ProductReview":[],"Car":[],"Recipe":[],"Service":[],"SoftwareApplication":[],"WebPage":[]},"graphName":"Article","isEnabled":true},"graphs":[]},"schema_type":"default","schema_type_options":null,"pillar_content":false,"robots_default":true,"robots_noindex":false,"robots_noarchive":false,"robots_nosnippet":false,"robots_nofollow":false,"robots_noimageindex":false,"robots_noodp":false,"robots_notranslate":false,"robots_max_snippet":"-1","robots_max_videopreview":"-1","robots_max_imagepreview":"large","priority":null,"frequency":"default","location":null,"local_seo":null,"breadcrumb_settings":null,"limit_modified_date":false,"ai":{"faqs":[],"keyPoints":[],"schemas":[],"titles":[],"descriptions":[],"socialPosts":{"email":[],"linkedin":[],"twitter":[],"facebook":[],"instagram":[]}},"created":"2026-07-17 06:05:39","updated":"2026-07-17 07:06:18","seo_analyzer_scan_date":null,"focus_keyword":null,"additional_keywords":null,"truseo_locale":null},"aioseo_breadcrumb":"<div class=\"aioseo-breadcrumbs\"><span class=\"aioseo-breadcrumb\">\n\t\t\t<a href=\"https:\/\/allasorias.hu\/hirek\" title=\"Home\">Home<\/a>\n\t\t<\/span><span class=\"aioseo-breadcrumb-separator\">&raquo;<\/span><span class=\"aioseo-breadcrumb\">\n\t\t\t<a href=\"https:\/\/allasorias.hu\/hirek\/temak\/gazdasag\/\" title=\"Gazdas\u00e1g\">Gazdas\u00e1g<\/a>\n\t\t<\/span><span class=\"aioseo-breadcrumb-separator\">&raquo;<\/span><span class=\"aioseo-breadcrumb\">\n\t\t\t\u00d6regszik a t\u00e1rsadalom \u2013 ki tartja el a nyugd\u00edjasokat ?\n\t\t<\/span><\/div>","aioseo_breadcrumb_json":[{"label":"Home","link":"https:\/\/allasorias.hu\/hirek"},{"label":"Gazdas\u00e1g","link":"https:\/\/allasorias.hu\/hirek\/temak\/gazdasag\/"},{"label":"\u00d6regszik a t\u00e1rsadalom \u2013 ki tartja el a nyugd\u00edjasokat ?","link":"https:\/\/allasorias.hu\/hirek\/oregszik-a-tarsadalom-ki-tartja-el-a-nyugdijasokat\/"}],"_links":{"self":[{"href":"https:\/\/allasorias.hu\/hirek\/wp-json\/wp\/v2\/posts\/9436","targetHints":{"allow":["GET"]}}],"collection":[{"href":"https:\/\/allasorias.hu\/hirek\/wp-json\/wp\/v2\/posts"}],"about":[{"href":"https:\/\/allasorias.hu\/hirek\/wp-json\/wp\/v2\/types\/post"}],"author":[{"embeddable":true,"href":"https:\/\/allasorias.hu\/hirek\/wp-json\/wp\/v2\/users\/1"}],"replies":[{"embeddable":true,"href":"https:\/\/allasorias.hu\/hirek\/wp-json\/wp\/v2\/comments?post=9436"}],"version-history":[{"count":1,"href":"https:\/\/allasorias.hu\/hirek\/wp-json\/wp\/v2\/posts\/9436\/revisions"}],"predecessor-version":[{"id":9439,"href":"https:\/\/allasorias.hu\/hirek\/wp-json\/wp\/v2\/posts\/9436\/revisions\/9439"}],"wp:featuredmedia":[{"embeddable":true,"href":"https:\/\/allasorias.hu\/hirek\/wp-json\/wp\/v2\/media\/9438"}],"wp:attachment":[{"href":"https:\/\/allasorias.hu\/hirek\/wp-json\/wp\/v2\/media?parent=9436"}],"wp:term":[{"taxonomy":"category","embeddable":true,"href":"https:\/\/allasorias.hu\/hirek\/wp-json\/wp\/v2\/categories?post=9436"},{"taxonomy":"post_tag","embeddable":true,"href":"https:\/\/allasorias.hu\/hirek\/wp-json\/wp\/v2\/tags?post=9436"}],"curies":[{"name":"wp","href":"https:\/\/api.w.org\/{rel}","templated":true}]}}