{"id":9135,"date":"2026-03-13T12:01:19","date_gmt":"2026-03-13T10:01:19","guid":{"rendered":"https:\/\/allasorias.hu\/hirek\/?p=9135"},"modified":"2026-03-13T12:01:19","modified_gmt":"2026-03-13T10:01:19","slug":"magasabb-lesz-a-nyugdijuk-azoknak-akik-az-iden-kerik-a-nyugellatast","status":"publish","type":"post","link":"https:\/\/allasorias.hu\/hirek\/magasabb-lesz-a-nyugdijuk-azoknak-akik-az-iden-kerik-a-nyugellatast\/","title":{"rendered":"Magasabb lesz a nyugd\u00edjuk azoknak, akik az id\u00e9n k\u00e9rik a nyugell\u00e1t\u00e1st"},"content":{"rendered":"<p><strong>M\u00e9g nem tartunk ott, hogy az \u00e1tlagkeresetekhez k\u00f6zel\u00edtsenek az \u00e1tlag nyugd\u00edjak, de ez az \u00e9v kedvezhet a nyug\u00e1llom\u00e1nyba id\u00e9n vonul\u00f3knak.<\/strong><\/p>\n<p>2025-ben \u00e9ves szinten 9 sz\u00e1zal\u00e9kkal n\u0151ttek az \u00e1tlagkeresetek, ez pedig a nyugd\u00edj meg\u00e1llap\u00edt\u00e1s\u00e1n\u00e1l kulcsfontoss\u00e1g\u00fa. Err\u0151l besz\u00e9lt Farkas Andr\u00e1s nyugd\u00edjszak\u00e9rt\u0151. A nyugd\u00edjakat nem az utols\u00f3 n\u00e9h\u00e1ny \u00e9v keresete hat\u00e1rozza meg, hanem 1988. janu\u00e1r 1-je ut\u00e1n minden olyan kereset besz\u00e1m\u00edt, ami ut\u00e1n nyugd\u00edjj\u00e1rul\u00e9kot kellett fizetni. Ennek meghat\u00e1roz\u00e1s\u00e1ban pedig kulcsfontoss\u00e1g\u00fa az \u00fagynevezett valoriz\u00e1ci\u00f3s szorz\u00f3.<\/p>\n<p>A biztos valoriz\u00e1ci\u00f3s szorz\u00f3sz\u00e1mokat az e h\u00f3nap v\u00e9g\u00e9n v\u00e1rhat\u00f3 korm\u00e1nyrendelet hat\u00e1rozza majd meg, \u00e9s ezt kell alkalmazni az idei nyugd\u00edjba vonul\u00f3kra. Ez az\u00e9rt rendk\u00edv\u00fcl fontos, mert t\u00e9nylegesen az el\u0151z\u0151 38 \u00e9vben szerzett kereseteinket kell a valoriz\u00e1ci\u00f3val a nyugd\u00edjba vonul\u00e1s \u00e9v\u00e9t megel\u0151z\u0151 \u00e9v orsz\u00e1gos nett\u00f3 \u00e1tlagkereset\u00e9hez igaz\u00edtani. \u201eEzzel akad\u00e1lyozzuk meg, hogy a kor\u00e1bbi \u00e9vekben szerzett kereseteink el\u00e9rt\u00e9ktelenedjenek, hiszen ezzel akkor nem lehetne \u0151ket \u00e9rv\u00e9nyesen besz\u00e1m\u00edtani a nyugd\u00edj \u00f6sszeg\u00e9be\u201d \u2013 h\u00edvta fel a figyelmet Farkas Andr\u00e1s az Infor\u00e1di\u00f3ban.<\/p>\n<p>A valoriz\u00e1ci\u00f3s sz\u00e1m mindig kiz\u00e1r\u00f3lag az \u00faj nyugd\u00edjak sz\u00e1m\u00edt\u00e1s\u00e1n\u00e1l fontos, az \u0151 sz\u00e1mukra ez egy nagyon j\u00f3 h\u00edr, hiszen az orsz\u00e1gos nett\u00f3 \u00e1tlagkereset n\u00f6vekedett, \u00e9s itt nem is a re\u00e1lkereset-n\u00f6veked\u00e9st, hanem a nomin\u00e1lis n\u00f6veked\u00e9st kell figyelembe venni. Ez\u00e9rt az idei szorz\u00f3k 9 sz\u00e1zal\u00e9kkal lesznek magasabbak. 260 993 forint volt az \u00f6regs\u00e9gi nyugd\u00edjak \u00e1tlagos havi \u00f6sszege janu\u00e1rban az \u00e9v eleji nyugd\u00edjemel\u00e9st k\u00f6vet\u0151en \u2013 \u00edrta a Nemzetgazdas\u00e1gi Miniszt\u00e9rium az \u00e1llamh\u00e1ztart\u00e1sr\u00f3l sz\u00f3l\u00f3 jelent\u00e9s\u00e9ben. Ez egy \u00e9v alatt 18 666 forintos emelked\u00e9st jelent. A HVG megjegyzi, hogy tavaly decemberben 548 900 forint volt a teljes munkaid\u0151ben foglalkoztatottak nett\u00f3 \u00e1tlagkeresete a KSH szerint. Ennek az \u00e1tlagos \u00f6regs\u00e9gi nyugd\u00edj mind\u00f6ssze a 47,5 sz\u00e1zal\u00e9ka. Tavaly janu\u00e1rban ugyanez az ar\u00e1ny m\u00e9g 52,8 sz\u00e1zal\u00e9kos volt.<\/p>\n<p>Forr\u00e1s: <a href=\"https:\/\/haszon.hu\/penz\/kereset-nyugdij-valorizacio\/\" target=\"_blank\" rel=\"nofollow noopener noreferrer\">haszon.hu<\/a><\/p>\n","protected":false},"excerpt":{"rendered":"<p>M\u00e9g nem tartunk ott, hogy az \u00e1tlagkeresetekhez k\u00f6zel\u00edtsenek az \u00e1tlag nyugd\u00edjak, de ez az \u00e9v kedvezhet a nyug\u00e1llom\u00e1nyba id\u00e9n vonul\u00f3knak. 2025-ben \u00e9ves szinten 9 sz\u00e1zal\u00e9kkal n\u0151ttek az \u00e1tlagkeresetek, ez pedig a nyugd\u00edj meg\u00e1llap\u00edt\u00e1s\u00e1n\u00e1l kulcsfontoss\u00e1g\u00fa. Err\u0151l besz\u00e9lt Farkas Andr\u00e1s nyugd\u00edjszak\u00e9rt\u0151. A nyugd\u00edjakat nem az utols\u00f3 n\u00e9h\u00e1ny \u00e9v keresete hat\u00e1rozza meg, hanem 1988. janu\u00e1r 1-je ut\u00e1n minden [&hellip;]<\/p>\n","protected":false},"author":1,"featured_media":9136,"comment_status":"closed","ping_status":"closed","sticky":false,"template":"","format":"standard","meta":{"_monsterinsights_skip_tracking":false,"_monsterinsights_sitenote_active":false,"_monsterinsights_sitenote_note":"","_monsterinsights_sitenote_category":0,"footnotes":""},"categories":[200],"tags":[],"class_list":["post-9135","post","type-post","status-publish","format-standard","has-post-thumbnail","hentry","category-munkaeropiac"],"aioseo_notices":[],"_links":{"self":[{"href":"https:\/\/allasorias.hu\/hirek\/wp-json\/wp\/v2\/posts\/9135","targetHints":{"allow":["GET"]}}],"collection":[{"href":"https:\/\/allasorias.hu\/hirek\/wp-json\/wp\/v2\/posts"}],"about":[{"href":"https:\/\/allasorias.hu\/hirek\/wp-json\/wp\/v2\/types\/post"}],"author":[{"embeddable":true,"href":"https:\/\/allasorias.hu\/hirek\/wp-json\/wp\/v2\/users\/1"}],"replies":[{"embeddable":true,"href":"https:\/\/allasorias.hu\/hirek\/wp-json\/wp\/v2\/comments?post=9135"}],"version-history":[{"count":1,"href":"https:\/\/allasorias.hu\/hirek\/wp-json\/wp\/v2\/posts\/9135\/revisions"}],"predecessor-version":[{"id":9137,"href":"https:\/\/allasorias.hu\/hirek\/wp-json\/wp\/v2\/posts\/9135\/revisions\/9137"}],"wp:featuredmedia":[{"embeddable":true,"href":"https:\/\/allasorias.hu\/hirek\/wp-json\/wp\/v2\/media\/9136"}],"wp:attachment":[{"href":"https:\/\/allasorias.hu\/hirek\/wp-json\/wp\/v2\/media?parent=9135"}],"wp:term":[{"taxonomy":"category","embeddable":true,"href":"https:\/\/allasorias.hu\/hirek\/wp-json\/wp\/v2\/categories?post=9135"},{"taxonomy":"post_tag","embeddable":true,"href":"https:\/\/allasorias.hu\/hirek\/wp-json\/wp\/v2\/tags?post=9135"}],"curies":[{"name":"wp","href":"https:\/\/api.w.org\/{rel}","templated":true}]}}