{"id":9126,"date":"2026-03-10T14:46:36","date_gmt":"2026-03-10T12:46:36","guid":{"rendered":"https:\/\/allasorias.hu\/hirek\/?p=9126"},"modified":"2026-03-10T14:46:36","modified_gmt":"2026-03-10T12:46:36","slug":"harom-telephelyen-hajt-vegre-bovitest-a-rosenberger-csoport","status":"publish","type":"post","link":"https:\/\/allasorias.hu\/hirek\/harom-telephelyen-hajt-vegre-bovitest-a-rosenberger-csoport\/","title":{"rendered":"H\u00e1rom telephely\u00e9n hajt v\u00e9gre b\u0151v\u00edt\u00e9st a Rosenberger csoport"},"content":{"rendered":"<p><strong>T\u00f6bb\u00a0 milli\u00e1rd Ft \u00e9rt\u00e9kben hajt v\u00e9gre b\u0151v\u00edt\u00e9st egy n\u00e9met v\u00e1llalat Magyarorsz\u00e1gon.<\/strong> <strong>Az elektronikai alkatr\u00e9szek gy\u00e1rt\u00e1s\u00e1val foglalkoz\u00f3 c\u00e9gcsoport fejleszt\u00e9s\u00e9hez a magyar korm\u00e1ny is hozz\u00e1j\u00e1rul. \u00daj munkahelyeket\u00a0 is l\u00e9trehoznak a fejleszt\u00e9ssel.<\/strong><\/p>\n<p>A Rosenberger Csoport mintegy 47 milli\u00e1rd forint \u00e9rt\u00e9k\u0171 kapacit\u00e1sb\u0151v\u00edt\u00e9st hajt v\u00e9gre a j\u00e1sz\u00e1roksz\u00e1ll\u00e1si, a j\u00e1szber\u00e9nyi \u00e9s a ny\u00edrb\u00e1tori telephely\u00e9n, aminek nyom\u00e1n k\u00e9tsz\u00e1z \u00faj munkahely j\u00f6n majd l\u00e9tre &#8211; k\u00f6z\u00f6lte Szijj\u00e1rt\u00f3 P\u00e9ter k\u00fclgazdas\u00e1gi \u00e9s k\u00fcl\u00fcgyminiszter J\u00e1szber\u00e9nyben. A miniszt\u00e9rium k\u00f6zl\u00e9se szerint a t\u00e1rcavezet\u0151 az elektronikai alkatr\u00e9szek gy\u00e1rt\u00e1s\u00e1val foglalkoz\u00f3 Rosenberger Csoport \u00faj beruh\u00e1z\u00e1s\u00e1nak bejelent\u00e9s\u00e9n arr\u00f3l sz\u00e1molt be, hogy a n\u00e9met v\u00e1llalat 47 milli\u00e1rd forint \u00e9rt\u00e9kben kapacit\u00e1sb\u0151v\u00edt\u00e9st hajt v\u00e9gre a j\u00e1sz\u00e1roksz\u00e1ll\u00e1si, a j\u00e1szber\u00e9nyi \u00e9s a ny\u00edrb\u00e1tori telephely\u00e9n is, amihez a korm\u00e1ny 14 milli\u00e1rd forint t\u00e1mogat\u00e1st ny\u00fajt, \u00edgy hozz\u00e1j\u00e1rulva k\u00e9tsz\u00e1z, magas k\u00e9pzetts\u00e9get ig\u00e9nyl\u0151 munkahely l\u00e9trehoz\u00e1s\u00e1hoz. Besz\u00e9d\u00e9ben r\u00e1mutatott, hogy a projekt nyom\u00e1n a vil\u00e1g egyik legnagyobb technol\u00f3giai c\u00e9g\u00e9nek sz\u00e1m\u00edt\u00f3 Rosenberger Magyarorsz\u00e1gr\u00f3l fogja tudni ell\u00e1tni t\u00f6bbek k\u00f6z\u00f6tt csatlakoz\u00f3kkal \u00e9s adat\u00e1tviteli k\u00e1belekkel a mesters\u00e9ges intelligencia chipek tesztel\u00e9s\u00e9re szakosodott v\u00e1llalatokat.<\/p>\n<p>Forr\u00e1s: <a href=\"https:\/\/www.hrportal.hu\/c\/ketszaz-munkahelyet-hoz-letre-a-rosenberger-csoport-uj-beruhazasa-20260309.html\" target=\"_blank\" rel=\"nofollow noopener noreferrer\">hrportal.hu<\/a><\/p>\n","protected":false},"excerpt":{"rendered":"<p>T\u00f6bb\u00a0 milli\u00e1rd Ft \u00e9rt\u00e9kben hajt v\u00e9gre b\u0151v\u00edt\u00e9st egy n\u00e9met v\u00e1llalat Magyarorsz\u00e1gon. Az elektronikai alkatr\u00e9szek gy\u00e1rt\u00e1s\u00e1val foglalkoz\u00f3 c\u00e9gcsoport fejleszt\u00e9s\u00e9hez a magyar korm\u00e1ny is hozz\u00e1j\u00e1rul. \u00daj munkahelyeket\u00a0 is l\u00e9trehoznak a fejleszt\u00e9ssel. A Rosenberger Csoport mintegy 47 milli\u00e1rd forint \u00e9rt\u00e9k\u0171 kapacit\u00e1sb\u0151v\u00edt\u00e9st hajt v\u00e9gre a j\u00e1sz\u00e1roksz\u00e1ll\u00e1si, a j\u00e1szber\u00e9nyi \u00e9s a ny\u00edrb\u00e1tori telephely\u00e9n, aminek nyom\u00e1n k\u00e9tsz\u00e1z \u00faj munkahely j\u00f6n majd [&hellip;]<\/p>\n","protected":false},"author":1,"featured_media":9127,"comment_status":"closed","ping_status":"closed","sticky":false,"template":"","format":"standard","meta":{"_monsterinsights_skip_tracking":false,"_monsterinsights_sitenote_active":false,"_monsterinsights_sitenote_note":"","_monsterinsights_sitenote_category":0,"footnotes":""},"categories":[200],"tags":[],"class_list":["post-9126","post","type-post","status-publish","format-standard","has-post-thumbnail","hentry","category-munkaeropiac"],"aioseo_notices":[],"_links":{"self":[{"href":"https:\/\/allasorias.hu\/hirek\/wp-json\/wp\/v2\/posts\/9126","targetHints":{"allow":["GET"]}}],"collection":[{"href":"https:\/\/allasorias.hu\/hirek\/wp-json\/wp\/v2\/posts"}],"about":[{"href":"https:\/\/allasorias.hu\/hirek\/wp-json\/wp\/v2\/types\/post"}],"author":[{"embeddable":true,"href":"https:\/\/allasorias.hu\/hirek\/wp-json\/wp\/v2\/users\/1"}],"replies":[{"embeddable":true,"href":"https:\/\/allasorias.hu\/hirek\/wp-json\/wp\/v2\/comments?post=9126"}],"version-history":[{"count":1,"href":"https:\/\/allasorias.hu\/hirek\/wp-json\/wp\/v2\/posts\/9126\/revisions"}],"predecessor-version":[{"id":9128,"href":"https:\/\/allasorias.hu\/hirek\/wp-json\/wp\/v2\/posts\/9126\/revisions\/9128"}],"wp:featuredmedia":[{"embeddable":true,"href":"https:\/\/allasorias.hu\/hirek\/wp-json\/wp\/v2\/media\/9127"}],"wp:attachment":[{"href":"https:\/\/allasorias.hu\/hirek\/wp-json\/wp\/v2\/media?parent=9126"}],"wp:term":[{"taxonomy":"category","embeddable":true,"href":"https:\/\/allasorias.hu\/hirek\/wp-json\/wp\/v2\/categories?post=9126"},{"taxonomy":"post_tag","embeddable":true,"href":"https:\/\/allasorias.hu\/hirek\/wp-json\/wp\/v2\/tags?post=9126"}],"curies":[{"name":"wp","href":"https:\/\/api.w.org\/{rel}","templated":true}]}}