{"id":9123,"date":"2026-03-09T11:54:14","date_gmt":"2026-03-09T09:54:14","guid":{"rendered":"https:\/\/allasorias.hu\/hirek\/?p=9123"},"modified":"2026-03-09T11:54:14","modified_gmt":"2026-03-09T09:54:14","slug":"esett-a-foglalkoztatottsag-az-usa-ban","status":"publish","type":"post","link":"https:\/\/allasorias.hu\/hirek\/esett-a-foglalkoztatottsag-az-usa-ban\/","title":{"rendered":"Esett a foglalkoztatotts\u00e1g az USA-ban"},"content":{"rendered":"<p><strong>Gyeng\u00e9n alakult a foglalkoztat\u00e1s az amerikaiakn\u00e1l, cs\u00f6kkent a foglalkoztatottak sz\u00e1ma. Nem v\u00e1ltak val\u00f3ra azok a rem\u00e9nyek, hogy stabiliz\u00e1l\u00f3dik a munkaer\u0151piac.<\/strong><\/p>\n<p>Az Egyes\u00fclt \u00c1llamokban febru\u00e1rban v\u00e1ratlanul 92 ezerrel cs\u00f6kkent a foglalkoztatottak sz\u00e1ma, a munkan\u00e9lk\u00fclis\u00e9gi r\u00e1ta pedig 4,4 sz\u00e1zal\u00e9kra emelkedett. Az amerikai gazdas\u00e1g febru\u00e1rban 92 ezer munkahelyet vesz\u00edtett el. Egy olyan h\u00f3napban, amit a hideg t\u00e9li id\u0151j\u00e1r\u00e1s \u00e9s egy nagy eg\u00e9szs\u00e9g\u00fcgyi szolg\u00e1ltat\u00f3n\u00e1l zajl\u00f3 sztr\u00e1jk is terhelt \u2013 k\u00f6z\u00f6lte p\u00e9nteken az Amerikai Munka\u00fcgyi Statisztikai Hivatal (Bureau of Labor Statistics).<\/p>\n<p>A nem mez\u0151gazdas\u00e1gi foglalkoztat\u00e1s (nonfarm payrolls) febru\u00e1rban 92 ezerrel cs\u00f6kkent, mik\u00f6zben az elemz\u0151k 50 ezres n\u00f6veked\u00e9st v\u00e1rtak. M\u00e1r a v\u00e9g\u00fcl b\u0151ven alulm\u00falt v\u00e1rakoz\u00e1s is elmaradt a janu\u00e1ri \u2013 lefel\u00e9 m\u00f3dos\u00edtott \u2013 126 ezres b\u0151v\u00fcl\u00e9st\u0151l. Febru\u00e1r volt az elm\u00falt \u00f6t h\u00f3napban a harmadik alkalom, amikor a foglalkoztat\u00e1s cs\u00f6kkent, miut\u00e1n egy jelent\u0151s fel\u00fclvizsg\u00e1lat szerint decemberben 17 ezerrel esett vissza a dolgoz\u00f3i l\u00e9tsz\u00e1m. Ezzel egy id\u0151ben a munkan\u00e9lk\u00fclis\u00e9gi r\u00e1ta 4,4 sz\u00e1zal\u00e9kra emelkedett, mivel t\u00f6bb kulcsfontoss\u00e1g\u00fa \u00e1gazatban cs\u00f6kkent a foglalkoztat\u00e1s. Az eg\u00e9szs\u00e9g\u00fcgy \u2013 amely eddig a foglalkoztat\u00e1s egyik f\u0151 n\u00f6veked\u00e9si motorja volt \u2013 28 ezer munkahelyet vesz\u00edtett, nagyr\u00e9szt egy sztr\u00e1jk miatt a Kaiser Permanente v\u00e1llalatn\u00e1l, amely t\u00f6bb mint 30 ezer dolgoz\u00f3t \u00e9rintett Hawaiin \u00e9s Kaliforni\u00e1ban. B\u00e1r a sztr\u00e1jk az\u00f3ta v\u00e9get \u00e9rt, a munka\u00fcgyi hivatal felm\u00e9r\u00e9se \u00e9pp ezen a het\u00e9ben zajlott, ez\u00e9rt cs\u00f6kkentette a kimutatott foglalkoztat\u00e1si adatot.<\/p>\n<p>B\u00e1r a foglalkoztat\u00e1s gyeng\u00e9n alakult, a b\u00e9rek a v\u00e1rtn\u00e1l jobban n\u0151ttek. Az \u00e1tlagos \u00f3rab\u00e9r havi alapon 0,4 sz\u00e1zal\u00e9kkal, \u00e9ves \u00f6sszevet\u00e9sben pedig 3,8 sz\u00e1zal\u00e9kkal emelkedett. Mindkett\u0151 0,1 sz\u00e1zal\u00e9kponttal meghaladta az el\u0151rejelz\u00e9seket. \u201e<em>Szerintem ez azt jelzi, hogy tal\u00e1n t\u00falzottak voltak azok a rem\u00e9nyek, hogy a munkaer\u0151piac stabiliz\u00e1l\u00f3dik<\/em>\u201d \u2013 mondta Mary Daly a CNBC-nek. \u201e<em>Az infl\u00e1ci\u00f3 is a c\u00e9l f\u00f6l\u00f6tt van, \u00e9s az olaj\u00e1rak emelkednek. Hogy ezek meddig tartanak, nem tudjuk, de most m\u00e1r mindk\u00e9t soron kock\u00e1zatokkal n\u00e9z\u00fcnk szembe.<\/em>\u201d<\/p>\n<p>Az inform\u00e1ci\u00f3s szolg\u00e1ltat\u00e1sok szektora, amelyet a mesters\u00e9ges intelligenci\u00e1hoz kapcsol\u00f3d\u00f3 le\u00e9p\u00edt\u00e9sek s\u00fajtanak, 11 ezer munkahelyet vesz\u00edtett. Ez r\u00e9sze egy 12 h\u00f3napos trendnek, amely sor\u00e1n az \u00e1gazat havonta \u00e1tlagosan 5 ezer \u00e1ll\u00e1st vesz\u00edt. A feldolgoz\u00f3ipar szint\u00e9n 12 ezer munkahelyet vesz\u00edtett, annak ellen\u00e9re, hogy az amerikai importv\u00e1mok \u00e9pp az amerikai c\u00e9gek gy\u00e1rainak hazatelep\u00fcl\u00e9s\u00e9t c\u00e9lozz\u00e1k.<\/p>\n<p>A sz\u00f6vets\u00e9gi korm\u00e1nyzati foglalkoztat\u00e1s is cs\u00f6kkent, 10 ezerrel esett vissza a h\u00f3nap sor\u00e1n. Donald Trump azon t\u00f6rekv\u00e9sei, hogy cs\u00f6kkentse a sz\u00f6vets\u00e9gi \u00e1llam alkalmazotti l\u00e9tsz\u00e1m\u00e1t, 2024 okt\u00f3bere \u00f3ta 330 ezer munkahely megsz\u0171n\u00e9s\u00e9hez vezettek, ami az \u00e1llom\u00e1ny 11 sz\u00e1zal\u00e9ka \u2013 \u00e1ll a miniszt\u00e9rium jelent\u00e9s\u00e9ben. A sz\u00e1ll\u00edt\u00e1s \u00e9s rakt\u00e1roz\u00e1s \u00e1gazatban is 11 ezerrel cs\u00f6kkent a foglalkoztat\u00e1s. A kev\u00e9s, n\u00f6veked\u00e9st mutat\u00f3 ter\u00fcletet egyike a szoci\u00e1lis ell\u00e1t\u00e1s volt, ahol 9 ezer \u00faj munkahely j\u00f6tt l\u00e9tre. Daly ugyanakkor arra figyelmeztetett, hogy a munkaer\u0151piaci adatok ingadoz\u00f3ak. \u201e<em>Nem gondolom, hogy ezt a jelent\u00e9st figyelmen k\u00edv\u00fcl lehet hagyni, de azt sem, hogy egyetlen havi adatb\u00f3l t\u00fal messzemen\u0151 k\u00f6vetkeztet\u00e9seket kellene levonni<\/em>\u201d \u2013 mondta.<\/p>\n<p>Forr\u00e1s: <a href=\"https:\/\/privatbankar.hu\/cikkek\/makro\/hidegzuhany-az-egyesult-allamokban-beszakadt-a-munkaeropiac.html\" target=\"_blank\" rel=\"nofollow noopener noreferrer\">privatbankar.hu<\/a><\/p>\n","protected":false},"excerpt":{"rendered":"<p>Gyeng\u00e9n alakult a foglalkoztat\u00e1s az amerikaiakn\u00e1l, cs\u00f6kkent a foglalkoztatottak sz\u00e1ma. Nem v\u00e1ltak val\u00f3ra azok a rem\u00e9nyek, hogy stabiliz\u00e1l\u00f3dik a munkaer\u0151piac. Az Egyes\u00fclt \u00c1llamokban febru\u00e1rban v\u00e1ratlanul 92 ezerrel cs\u00f6kkent a foglalkoztatottak sz\u00e1ma, a munkan\u00e9lk\u00fclis\u00e9gi r\u00e1ta pedig 4,4 sz\u00e1zal\u00e9kra emelkedett. Az amerikai gazdas\u00e1g febru\u00e1rban 92 ezer munkahelyet vesz\u00edtett el. Egy olyan h\u00f3napban, amit a hideg t\u00e9li id\u0151j\u00e1r\u00e1s [&hellip;]<\/p>\n","protected":false},"author":1,"featured_media":9124,"comment_status":"closed","ping_status":"closed","sticky":false,"template":"","format":"standard","meta":{"_monsterinsights_skip_tracking":false,"_monsterinsights_sitenote_active":false,"_monsterinsights_sitenote_note":"","_monsterinsights_sitenote_category":0,"footnotes":""},"categories":[201],"tags":[],"class_list":["post-9123","post","type-post","status-publish","format-standard","has-post-thumbnail","hentry","category-kulfold"],"aioseo_notices":[],"_links":{"self":[{"href":"https:\/\/allasorias.hu\/hirek\/wp-json\/wp\/v2\/posts\/9123","targetHints":{"allow":["GET"]}}],"collection":[{"href":"https:\/\/allasorias.hu\/hirek\/wp-json\/wp\/v2\/posts"}],"about":[{"href":"https:\/\/allasorias.hu\/hirek\/wp-json\/wp\/v2\/types\/post"}],"author":[{"embeddable":true,"href":"https:\/\/allasorias.hu\/hirek\/wp-json\/wp\/v2\/users\/1"}],"replies":[{"embeddable":true,"href":"https:\/\/allasorias.hu\/hirek\/wp-json\/wp\/v2\/comments?post=9123"}],"version-history":[{"count":1,"href":"https:\/\/allasorias.hu\/hirek\/wp-json\/wp\/v2\/posts\/9123\/revisions"}],"predecessor-version":[{"id":9125,"href":"https:\/\/allasorias.hu\/hirek\/wp-json\/wp\/v2\/posts\/9123\/revisions\/9125"}],"wp:featuredmedia":[{"embeddable":true,"href":"https:\/\/allasorias.hu\/hirek\/wp-json\/wp\/v2\/media\/9124"}],"wp:attachment":[{"href":"https:\/\/allasorias.hu\/hirek\/wp-json\/wp\/v2\/media?parent=9123"}],"wp:term":[{"taxonomy":"category","embeddable":true,"href":"https:\/\/allasorias.hu\/hirek\/wp-json\/wp\/v2\/categories?post=9123"},{"taxonomy":"post_tag","embeddable":true,"href":"https:\/\/allasorias.hu\/hirek\/wp-json\/wp\/v2\/tags?post=9123"}],"curies":[{"name":"wp","href":"https:\/\/api.w.org\/{rel}","templated":true}]}}