{"id":9119,"date":"2026-03-06T09:56:19","date_gmt":"2026-03-06T07:56:19","guid":{"rendered":"https:\/\/allasorias.hu\/hirek\/?p=9119"},"modified":"2026-03-06T09:56:19","modified_gmt":"2026-03-06T07:56:19","slug":"stabil-a-magyar-gazdasag","status":"publish","type":"post","link":"https:\/\/allasorias.hu\/hirek\/stabil-a-magyar-gazdasag\/","title":{"rendered":"Stabil a magyar gazdas\u00e1g"},"content":{"rendered":"<p><strong>Er\u0151s a munkaer\u0151piac haz\u00e1nkban, egyel\u0151re \u00fagy t\u0171nik a v\u00e1ls\u00e1got is ki\u00e1llja. A jegybank eln\u00f6k szerint a a gazdas\u00e1gpolitik\u00e1nak \u00e9s a jegybanknak a fenntarthat\u00f3 n\u00f6veked\u00e9st kell szem el\u0151tt tartania. <\/strong><\/p>\n<p>A r\u00e9gi\u00f3t \u00e9rint\u0151 gazdas\u00e1gi kih\u00edv\u00e1sok, a jelenlegi geopolitikai helyzet hat\u00e1sai, illetve az ezekre adhat\u00f3 lehets\u00e9ges v\u00e1laszok \u00e1llnak a Magyar Kereskedelmi \u00e9s Iparkamara \u00e9vnyit\u00f3 rendezv\u00e9ny\u00e9nek k\u00f6z\u00e9ppontj\u00e1ban. Az \u00e9v egyik legfontosabb gazdas\u00e1gi esem\u00e9ny\u00e9t Nagy Elek \u00e9s Nagy M\u00e1rton nyitotta meg, majd Varga Mih\u00e1ly ut\u00e1n Orb\u00e1n Viktor is besz\u00e9det mond. A jegybankeln\u00f6k elmondta, hogy az infl\u00e1ci\u00f3 jelent\u0151sen cs\u00f6kkent az elm\u00falt egy \u00e9vben, mik\u00f6zben a jegybank devizatartal\u00e9ka t\u00f6rt\u00e9nelmi cs\u00facsra emelkedett. A Magyar Kereskedelmi \u00e9s Iparkamara (MKIK) hagyom\u00e1nyos Gazdas\u00e1gi \u00c9vnyit\u00f3 rendezv\u00e9nye minden \u00e9vben ir\u00e1nyt\u0171k\u00e9nt szolg\u00e1l a gazdas\u00e1gi szerepl\u0151k sz\u00e1m\u00e1ra. A v\u00e1llalkoz\u00f3i szf\u00e9ra \u00e9s a korm\u00e1ny k\u00e9pvisel\u0151i a Pusk\u00e1s Ar\u00e9n\u00e1ban \u00e9rt\u00e9kelik a gazdas\u00e1g \u00e1llapot\u00e1t, valamint felv\u00e1zolj\u00e1k a k\u00f6vetkez\u0151 id\u0151szak legfontosabb kih\u00edv\u00e1sait \u00e9s lehet\u0151s\u00e9geit.<\/p>\n<p>Varga Mih\u00e1ly jegybankeln\u00f6k is besz\u00e9det mondott az esem\u00e9nyen. A stabilit\u00e1s \u00e9s a bizalom volt a Magyar Nemzeti Bank elm\u00falt egy \u00e9v\u00e9nek legfontosabb c\u00e9lja \u2013 mondta Varga Mih\u00e1ly jegybankeln\u00f6k a Gazdas\u00e1gi \u00c9vnyit\u00f3n. Az MNB vezet\u0151je szerint a jegybank \u00f3vatos \u00e9s t\u00fcrelmes monet\u00e1ris politik\u00e1ja hozz\u00e1j\u00e1rult ahhoz, hogy m\u00e9rs\u00e9kl\u0151dj\u00f6n az infl\u00e1ci\u00f3, n\u0151j\u00f6n a devizatartal\u00e9k, \u00e9s cs\u00f6kkenjen a forintpiac volatilit\u00e1sa. Varga Mih\u00e1ly besz\u00e9d\u00e9ben felid\u00e9zte, hogy egy \u00e9vvel ezel\u0151tti hivatalba l\u00e9p\u00e9sekor m\u00e1r arr\u00f3l besz\u00e9lt: a jegybanknak stabilit\u00e1sra \u00e9p\u00edt\u0151, \u00f3vatos monet\u00e1ris politik\u00e1t kell folytatnia. Mint fogalmazott, az elm\u00falt id\u0151szak eredm\u00e9nyei azt mutatj\u00e1k, hogy ez a megk\u00f6zel\u00edt\u00e9s m\u0171k\u00f6d\u00f6tt. Elmond\u00e1sa szerint az infl\u00e1ci\u00f3 jelent\u0151sen cs\u00f6kkent az elm\u00falt egy \u00e9vben, mik\u00f6zben a jegybank devizatartal\u00e9ka t\u00f6rt\u00e9nelmi cs\u00facsra emelkedett. A devizapiaci kileng\u00e9sek is m\u00e9rs\u00e9kl\u0151dtek, \u00e9s ism\u00e9t vonz\u00f3bb\u00e1 v\u00e1lt a forintban t\u00f6rt\u00e9n\u0151 megtakar\u00edt\u00e1s a deviz\u00e1ban tartott megtakar\u00edt\u00e1sokhoz k\u00e9pest. A jegybankeln\u00f6k kiemelte: a magyar bankrendszer stabil maradt, \u00e9s a p\u00e9nz\u00fcgyi szektor a kih\u00edv\u00e1sok ellen\u00e9re is ellen\u00e1ll\u00f3nak bizonyult.<\/p>\n<p>A jegybank a bankokkal egy\u00fcttm\u0171k\u00f6dve int\u00e9zked\u00e9seket ind\u00edtott a p\u00e9nz\u00fcgyi vissza\u00e9l\u00e9sek visszaszor\u00edt\u00e1s\u00e1ra, valamint er\u0151s\u00edtette az int\u00e9zm\u00e9nyi egy\u00fcttm\u0171k\u00f6d\u00e9seket is. Besz\u00e9d\u00e9ben Varga Mih\u00e1ly nemzetk\u00f6zi kitekint\u00e9st is adott, hangs\u00falyozva, hogy a magyar gazdas\u00e1g mindezt rendk\u00edv\u00fcl bizonytalan glob\u00e1lis k\u00f6rnyezetben \u00e9rte el. \u00dagy fogalmazott: a 2020-as \u00e9vtizedben a stabilit\u00e1s m\u00e1r nem tekinthet\u0151 adotts\u00e1gnak, a vil\u00e1g ink\u00e1bb a konfliktusok \u00e9s a bizonytalans\u00e1g korszak\u00e1ba l\u00e9pett. A World Economic Forum egy felm\u00e9r\u00e9s\u00e9re hivatkozva elmondta: a nemzetk\u00f6zi szak\u00e9rt\u0151k jelent\u0151s r\u00e9sze a gazdas\u00e1gi konfliktusokat \u00e9s az \u00e1llamok k\u00f6z\u00f6tti fegyveres \u00f6sszecsap\u00e1sokat tartja a legnagyobb kock\u00e1zatoknak. A jegybankeln\u00f6k szerint a glob\u00e1lis bizonytalans\u00e1got tov\u00e1bb n\u00f6velik a jelenlegi geopolitikai fesz\u00fclts\u00e9gek. Az orosz\u2013ukr\u00e1n h\u00e1bor\u00fa tov\u00e1bbra is tart, mik\u00f6zben a nagyhatalmi rivaliz\u00e1l\u00e1s is er\u0151s\u00f6dik, \u00e9s a kereskedelmi konfliktusok sem csillapodtak.<\/p>\n<p>Varga Mih\u00e1ly kit\u00e9rt arra is, hogy a k\u00f6zel-keleti konfliktus hat\u00e1s\u00e1ra ism\u00e9t er\u0151s mozg\u00e1sok indultak el az energiahordoz\u00f3k piac\u00e1n:az olaj \u00e1ra r\u00f6vid id\u0151 alatt mintegy 15 sz\u00e1zal\u00e9kkal emelkedett, a g\u00e1z\u00e1rak pedig mintegy 75 sz\u00e1zal\u00e9kkal n\u0151ttek. Ugyanakkor a jegybankeln\u00f6k szerint kedvez\u0151 fejlem\u00e9ny, hogy a glob\u00e1lis p\u00e9nz\u00fcgyi piacok egyel\u0151re viszonylag ellen\u00e1ll\u00f3nak bizonyultak. A meghat\u00e1roz\u00f3 t\u0151zsdeindexek a geopolitikai fesz\u00fclts\u00e9gek ellen\u00e9re is k\u00f6zel maradtak a kor\u00e1bbi t\u00f6rt\u00e9nelmi cs\u00facsokhoz, b\u00e1r a piaci volatilit\u00e1s emelkedett. Varga Mih\u00e1ly szerint a jelenlegi turbulens k\u00f6rnyezetben k\u00fcl\u00f6n\u00f6sen fontos, hogy a gazdas\u00e1gpolitika \u00e9s a jegybank is a stabilit\u00e1s meg\u0151rz\u00e9s\u00e9re t\u00f6rekedjen, mert ez teremti meg a fenntarthat\u00f3 n\u00f6veked\u00e9s felt\u00e9teleit.<\/p>\n<p>Forr\u00e1s: <a href=\"https:\/\/www.vg.hu\/vilaggazdasag-magyar-gazdasag\/2026\/03\/gazdasag-evnyito-varga-mihaly-jegybank-elnok\" target=\"_blank\" rel=\"nofollow noopener noreferrer\">vg.hu<\/a><\/p>\n","protected":false},"excerpt":{"rendered":"<p>Er\u0151s a munkaer\u0151piac haz\u00e1nkban, egyel\u0151re \u00fagy t\u0171nik a v\u00e1ls\u00e1got is ki\u00e1llja. A jegybank eln\u00f6k szerint a a gazdas\u00e1gpolitik\u00e1nak \u00e9s a jegybanknak a fenntarthat\u00f3 n\u00f6veked\u00e9st kell szem el\u0151tt tartania. A r\u00e9gi\u00f3t \u00e9rint\u0151 gazdas\u00e1gi kih\u00edv\u00e1sok, a jelenlegi geopolitikai helyzet hat\u00e1sai, illetve az ezekre adhat\u00f3 lehets\u00e9ges v\u00e1laszok \u00e1llnak a Magyar Kereskedelmi \u00e9s Iparkamara \u00e9vnyit\u00f3 rendezv\u00e9ny\u00e9nek k\u00f6z\u00e9ppontj\u00e1ban. Az \u00e9v [&hellip;]<\/p>\n","protected":false},"author":1,"featured_media":9120,"comment_status":"closed","ping_status":"closed","sticky":false,"template":"","format":"standard","meta":{"_monsterinsights_skip_tracking":false,"_monsterinsights_sitenote_active":false,"_monsterinsights_sitenote_note":"","_monsterinsights_sitenote_category":0,"footnotes":""},"categories":[198],"tags":[],"class_list":["post-9119","post","type-post","status-publish","format-standard","has-post-thumbnail","hentry","category-gazdasag"],"aioseo_notices":[],"_links":{"self":[{"href":"https:\/\/allasorias.hu\/hirek\/wp-json\/wp\/v2\/posts\/9119","targetHints":{"allow":["GET"]}}],"collection":[{"href":"https:\/\/allasorias.hu\/hirek\/wp-json\/wp\/v2\/posts"}],"about":[{"href":"https:\/\/allasorias.hu\/hirek\/wp-json\/wp\/v2\/types\/post"}],"author":[{"embeddable":true,"href":"https:\/\/allasorias.hu\/hirek\/wp-json\/wp\/v2\/users\/1"}],"replies":[{"embeddable":true,"href":"https:\/\/allasorias.hu\/hirek\/wp-json\/wp\/v2\/comments?post=9119"}],"version-history":[{"count":2,"href":"https:\/\/allasorias.hu\/hirek\/wp-json\/wp\/v2\/posts\/9119\/revisions"}],"predecessor-version":[{"id":9122,"href":"https:\/\/allasorias.hu\/hirek\/wp-json\/wp\/v2\/posts\/9119\/revisions\/9122"}],"wp:featuredmedia":[{"embeddable":true,"href":"https:\/\/allasorias.hu\/hirek\/wp-json\/wp\/v2\/media\/9120"}],"wp:attachment":[{"href":"https:\/\/allasorias.hu\/hirek\/wp-json\/wp\/v2\/media?parent=9119"}],"wp:term":[{"taxonomy":"category","embeddable":true,"href":"https:\/\/allasorias.hu\/hirek\/wp-json\/wp\/v2\/categories?post=9119"},{"taxonomy":"post_tag","embeddable":true,"href":"https:\/\/allasorias.hu\/hirek\/wp-json\/wp\/v2\/tags?post=9119"}],"curies":[{"name":"wp","href":"https:\/\/api.w.org\/{rel}","templated":true}]}}