{"id":9109,"date":"2026-03-03T10:28:35","date_gmt":"2026-03-03T08:28:35","guid":{"rendered":"https:\/\/allasorias.hu\/hirek\/?p=9109"},"modified":"2026-03-03T10:28:35","modified_gmt":"2026-03-03T08:28:35","slug":"kevesebben-vannak-munka-nelkul-az-osztrakoknal","status":"publish","type":"post","link":"https:\/\/allasorias.hu\/hirek\/kevesebben-vannak-munka-nelkul-az-osztrakoknal\/","title":{"rendered":"Kevesebben vannak munka n\u00e9lk\u00fcl az osztr\u00e1kokn\u00e1l"},"content":{"rendered":"<p><strong>Javul a munkaer\u0151piaci helyzet Ausztri\u00e1ban, r\u00e9gi\u00f3s elt\u00e9r\u00e9sek azonban vannak. A k\u00f6zel-keleti konfliktus persze itt is ronthat a helyzeten, a javul\u00f3 tendencia meg\u00e1llhat az elemz\u0151k szerint.<\/strong><\/p>\n<p>Vegyes k\u00e9pet mutat az osztr\u00e1k munkaer\u0151piac. Febru\u00e1rban 8,3 sz\u00e1zal\u00e9kra cs\u00f6kkent a munkan\u00e9lk\u00fclis\u00e9gi r\u00e1ta a janu\u00e1ri 8,8 sz\u00e1zal\u00e9kr\u00f3l, ugyanakkor m\u00e9g mindig t\u00f6bb mint 357 ezer \u00e1ll\u00e1skeres\u0151t tartanak nyilv\u00e1n. Egyes tartom\u00e1nyokban m\u00e1r l\u00e1tszanak a javul\u00e1s jelei, de az \u00e9ves adatok \u00e9s a nemzetk\u00f6zi bizonytalans\u00e1g tov\u00e1bbra is \u00e1rnyalj\u00e1k a k\u00e9pet. Javult az osztr\u00e1k munkapiac febru\u00e1rban, de m\u00e9g mindig magas a munkan\u00e9lk\u00fclis\u00e9g.<\/p>\n<p>Az osztr\u00e1k foglalkoztat\u00e1si hivatal (AMS) adatai szerint a r\u00e1ta 8,3 sz\u00e1zal\u00e9kra m\u00e9rs\u00e9kl\u0151d\u00f6tt az el\u0151z\u0151 havi 8,8 sz\u00e1zal\u00e9kr\u00f3l. \u00c9ves \u00f6sszevet\u00e9sben ugyanakkor romlott a k\u00e9p,\u00a0 2025 febru\u00e1rj\u00e1ban 8,1 sz\u00e1zal\u00e9kon \u00e1llt a munkan\u00e9lk\u00fclis\u00e9gi r\u00e1ta \u2013 sz\u00e1molt be a hivatal az eredm\u00e9nyr\u0151l. 357,5 ezer munkan\u00e9lk\u00fcli: h\u00f3napr\u00f3l h\u00f3napra jelent\u0151s cs\u00f6kken\u00e9s. Febru\u00e1r v\u00e9g\u00e9n mintegy 357,5 ezer munkan\u00e9lk\u00fclit tartottak nyilv\u00e1n Ausztri\u00e1ban. Ez \u00e9rdemi cs\u00f6kken\u00e9s a janu\u00e1ri k\u00f6zel 379,8 ezerhez k\u00e9pest. Ugyanakkor a tavalyi b\u00e1zis m\u00e9g kedvez\u0151bb volt. 2025 febru\u00e1rj\u00e1ban nagyj\u00e1b\u00f3l 347 ezer munkan\u00e9lk\u00fclit regisztr\u00e1ltak, vagyis a mostani adat magasabb az egy \u00e9vvel kor\u00e1bbin\u00e1l. A k\u00f6zl\u00e9s szerint a havi munkan\u00e9lk\u00fclis\u00e9gi adatok 2023 \u00e1prilisa \u00f3ta a 35. h\u00f3napban mutattak emelked\u00e9st febru\u00e1rban. Ez els\u0151re ellentmond\u00e1sosnak t\u0171nhet a febru\u00e1ri havi cs\u00f6kken\u00e9s mellett, de a l\u00e9nyeg, hogy az AMS-n\u00e9l munkan\u00e9lk\u00fclik\u00e9nt vagy k\u00e9pz\u00e9sben r\u00e9sztvev\u0151k\u00e9nt regisztr\u00e1ltak k\u00f6re tov\u00e1bbra is magas, \u00e9s a trend hosszabb t\u00e1von m\u00e9g nem fordult egy\u00e9rtelm\u0171en.<\/p>\n<p>A febru\u00e1ri javul\u00e1s pozit\u00edv jel, de m\u00e9g nem biztos, hogy tart\u00f3s fordulatot jelent. R\u00e9gi\u00f3s k\u00fcl\u00f6nbs\u00e9gek l\u00e1that\u00f3k a Fels\u0151-Ausztria \u00e9s Karintia javul, n\u0151nek az \u00fcres \u00e1ll\u00e1shelyek. Johannes Kopf, az AMS vezet\u0151je az adatok k\u00f6zz\u00e9t\u00e9telekor arr\u00f3l besz\u00e9lt, hogy b\u00e1r \u00f6sszess\u00e9g\u00e9ben emelked\u0151 a nyilv\u00e1ntartott munkan\u00e9lk\u00fcliek \u00e9s k\u00e9pz\u00e9sben r\u00e9sztvev\u0151k sz\u00e1ma, egyes ter\u00fcleteken m\u00e1r l\u00e1tszanak a v\u00e1rhat\u00f3 javul\u00e1s jelei.<\/p>\n<p>K\u00e9t tartom\u00e1nyt k\u00fcl\u00f6n is kiemelt. Az egyik Fels\u0151-Ausztria, ahol cs\u00f6kkent a munkan\u00e9lk\u00fclis\u00e9g, m\u00edg a m\u00e1sik Karintia, ahol szint\u00e9n m\u00e9rs\u00e9kl\u0151d\u00e9s l\u00e1that\u00f3. Emellett ism\u00e9t n\u00f6vekedni kezdett a bet\u00f6ltetlen \u00e1ll\u00e1shelyek sz\u00e1ma, ami arra utalhat, hogy bizonyos szektorokban \u00fajra er\u0151s\u00f6dik a munkaer\u0151-kereslet. A k\u00f6zel-keleti konfliktus \u00e1rny\u00e9ka kock\u00e1zat a n\u00f6veked\u00e9sre. Az AMS vezet\u0151je arra is figyelmeztetett, hogy a k\u00f6zel-keleti konfliktus \u00e9rdemben befoly\u00e1solhatja Ausztria gazdas\u00e1gi n\u00f6veked\u00e9s\u00e9t. Ez k\u00f6zvetetten a munkapiacra is vissza\u00fcthet: ha romlik a k\u00fcls\u0151 k\u00f6rnyezet, lassulhat a beruh\u00e1z\u00e1si kedv \u00e9s cs\u00f6kkenhet a munkaer\u0151ig\u00e9ny. A febru\u00e1ri sz\u00e1mok alapj\u00e1n Ausztri\u00e1ban r\u00f6vid t\u00e1von javult a munkaer\u0151piaci helyzet, de \u00e9ves alapon tov\u00e1bbra is magasabb a munkan\u00e9lk\u00fclis\u00e9g.<\/p>\n<p>Forr\u00e1s: <a href=\"https:\/\/tozsdeforum.hu\/nemzetkozi-piacok\/europa\/fordulat-az-osztrak-munkaeropiacon-83-szazalekra-csokkent-a-munkanelkuliseg\/\" target=\"_blank\" rel=\"nofollow noopener noreferrer\">tozsdeforum.hu<\/a><\/p>\n","protected":false},"excerpt":{"rendered":"<p>Javul a munkaer\u0151piaci helyzet Ausztri\u00e1ban, r\u00e9gi\u00f3s elt\u00e9r\u00e9sek azonban vannak. A k\u00f6zel-keleti konfliktus persze itt is ronthat a helyzeten, a javul\u00f3 tendencia meg\u00e1llhat az elemz\u0151k szerint. Vegyes k\u00e9pet mutat az osztr\u00e1k munkaer\u0151piac. Febru\u00e1rban 8,3 sz\u00e1zal\u00e9kra cs\u00f6kkent a munkan\u00e9lk\u00fclis\u00e9gi r\u00e1ta a janu\u00e1ri 8,8 sz\u00e1zal\u00e9kr\u00f3l, ugyanakkor m\u00e9g mindig t\u00f6bb mint 357 ezer \u00e1ll\u00e1skeres\u0151t tartanak nyilv\u00e1n. Egyes tartom\u00e1nyokban m\u00e1r [&hellip;]<\/p>\n","protected":false},"author":1,"featured_media":9110,"comment_status":"closed","ping_status":"closed","sticky":false,"template":"","format":"standard","meta":{"_monsterinsights_skip_tracking":false,"footnotes":""},"categories":[201],"tags":[],"class_list":["post-9109","post","type-post","status-publish","format-standard","has-post-thumbnail","hentry","category-kulfold"],"aioseo_notices":[],"aioseo_head":"\n\t\t<!-- All in One SEO 5.0.0.1 - aioseo.com -->\n\t<meta name=\"description\" content=\"Javul a munkaer\u0151piaci helyzet Ausztri\u00e1ban, r\u00e9gi\u00f3s elt\u00e9r\u00e9sek azonban vannak. A k\u00f6zel-keleti konfliktus persze itt is ronthat a helyzeten.\" \/>\n\t<meta name=\"robots\" content=\"max-image-preview:large\" \/>\n\t<meta name=\"author\" content=\"Juh\u00e1sz P\u00e9ter\"\/>\n\t<link rel=\"canonical\" href=\"https:\/\/allasorias.hu\/hirek\/kevesebben-vannak-munka-nelkul-az-osztrakoknal\/\" \/>\n\t<meta name=\"generator\" content=\"All in One SEO (AIOSEO) 5.0.0.1\" \/>\n\t\t<meta property=\"og:locale\" content=\"hu_HU\" \/>\n\t\t<meta property=\"og:site_name\" content=\"AllasOrias.hu | H\u00edrek-lapszemle | \u00dczleti h\u00edrek az \u00e1ll\u00e1s \u00e9s a munka vil\u00e1g\u00e1b\u00f3l\" \/>\n\t\t<meta property=\"og:type\" content=\"article\" \/>\n\t\t<meta property=\"og:title\" content=\"Kevesebben vannak munka n\u00e9lk\u00fcl az osztr\u00e1kokn\u00e1l\" \/>\n\t\t<meta property=\"og:description\" content=\"Javul a munkaer\u0151piaci helyzet Ausztri\u00e1ban, r\u00e9gi\u00f3s elt\u00e9r\u00e9sek azonban vannak. A k\u00f6zel-keleti konfliktus persze itt is ronthat a helyzeten.\" \/>\n\t\t<meta property=\"og:url\" content=\"https:\/\/allasorias.hu\/hirek\/kevesebben-vannak-munka-nelkul-az-osztrakoknal\/\" \/>\n\t\t<meta property=\"og:image\" content=\"https:\/\/allasorias.hu\/hirek\/wp-content\/uploads\/2026\/03\/osztrak-munkaeropiac.jpg\" \/>\n\t\t<meta property=\"og:image:secure_url\" content=\"https:\/\/allasorias.hu\/hirek\/wp-content\/uploads\/2026\/03\/osztrak-munkaeropiac.jpg\" \/>\n\t\t<meta property=\"og:image:width\" content=\"1920\" \/>\n\t\t<meta property=\"og:image:height\" content=\"1048\" \/>\n\t\t<meta property=\"article:published_time\" content=\"2026-03-03T08:28:35+00:00\" \/>\n\t\t<meta property=\"article:modified_time\" content=\"2026-03-03T08:28:35+00:00\" \/>\n\t\t<meta property=\"article:publisher\" content=\"https:\/\/www.facebook.com\/allasorias\" \/>\n\t\t<meta name=\"twitter:card\" content=\"summary_large_image\" \/>\n\t\t<meta name=\"twitter:title\" content=\"Kevesebben vannak munka n\u00e9lk\u00fcl az osztr\u00e1kokn\u00e1l\" \/>\n\t\t<meta name=\"twitter:description\" content=\"Javul a munkaer\u0151piaci helyzet Ausztri\u00e1ban, r\u00e9gi\u00f3s elt\u00e9r\u00e9sek azonban vannak. A k\u00f6zel-keleti konfliktus persze itt is ronthat a helyzeten.\" \/>\n\t\t<meta name=\"twitter:image\" content=\"https:\/\/allasorias.hu\/hirek\/wp-content\/uploads\/2026\/03\/osztrak-munkaeropiac.jpg\" \/>\n\t\t<meta name=\"twitter:label1\" content=\"Written by\" \/>\n\t\t<meta name=\"twitter:data1\" content=\"Juh\u00e1sz P\u00e9ter\" \/>\n\t\t<meta name=\"twitter:label2\" content=\"Est. reading time\" \/>\n\t\t<meta name=\"twitter:data2\" content=\"3 minutes\" \/>\n\t\t<script type=\"application\/ld+json\" class=\"aioseo-schema\">\n\t\t\t{\"@context\":\"https:\\\/\\\/schema.org\",\"@graph\":[{\"@type\":\"Article\",\"@id\":\"https:\\\/\\\/allasorias.hu\\\/hirek\\\/kevesebben-vannak-munka-nelkul-az-osztrakoknal\\\/#article\",\"name\":\"Kevesebben vannak munka n\\u00e9lk\\u00fcl az osztr\\u00e1kokn\\u00e1l\",\"headline\":\"Kevesebben vannak munka n\\u00e9lk\\u00fcl az osztr\\u00e1kokn\\u00e1l\",\"author\":{\"@id\":\"https:\\\/\\\/allasorias.hu\\\/hirek\\\/author\\\/admin-allasorias\\\/#author\"},\"publisher\":{\"@id\":\"https:\\\/\\\/allasorias.hu\\\/hirek\\\/#organization\"},\"image\":{\"@type\":\"ImageObject\",\"url\":\"https:\\\/\\\/allasorias.hu\\\/hirek\\\/wp-content\\\/uploads\\\/2026\\\/03\\\/osztrak-munkaeropiac.jpg\",\"width\":1920,\"height\":1048,\"caption\":\"Kevesebben vannak munka n\\u00e9lk\\u00fcl az osztr\\u00e1kokn\\u00e1l - Allasorias.hu\\\/Hirek\"},\"datePublished\":\"2026-03-03T10:28:35+02:00\",\"dateModified\":\"2026-03-03T10:28:35+02:00\",\"inLanguage\":\"hu-HU\",\"mainEntityOfPage\":{\"@id\":\"https:\\\/\\\/allasorias.hu\\\/hirek\\\/kevesebben-vannak-munka-nelkul-az-osztrakoknal\\\/#webpage\"},\"isPartOf\":{\"@id\":\"https:\\\/\\\/allasorias.hu\\\/hirek\\\/kevesebben-vannak-munka-nelkul-az-osztrakoknal\\\/#webpage\"},\"articleSection\":\"K\\u00fclf\\u00f6ld\"},{\"@type\":\"BreadcrumbList\",\"@id\":\"https:\\\/\\\/allasorias.hu\\\/hirek\\\/kevesebben-vannak-munka-nelkul-az-osztrakoknal\\\/#breadcrumblist\",\"itemListElement\":[{\"@type\":\"ListItem\",\"@id\":\"https:\\\/\\\/allasorias.hu\\\/hirek#listItem\",\"position\":1,\"name\":\"Home\",\"item\":\"https:\\\/\\\/allasorias.hu\\\/hirek\",\"nextItem\":{\"@type\":\"ListItem\",\"@id\":\"https:\\\/\\\/allasorias.hu\\\/hirek\\\/temak\\\/kulfold\\\/#listItem\",\"name\":\"K\\u00fclf\\u00f6ld\"}},{\"@type\":\"ListItem\",\"@id\":\"https:\\\/\\\/allasorias.hu\\\/hirek\\\/temak\\\/kulfold\\\/#listItem\",\"position\":2,\"name\":\"K\\u00fclf\\u00f6ld\",\"item\":\"https:\\\/\\\/allasorias.hu\\\/hirek\\\/temak\\\/kulfold\\\/\",\"nextItem\":{\"@type\":\"ListItem\",\"@id\":\"https:\\\/\\\/allasorias.hu\\\/hirek\\\/kevesebben-vannak-munka-nelkul-az-osztrakoknal\\\/#listItem\",\"name\":\"Kevesebben vannak munka n\\u00e9lk\\u00fcl az osztr\\u00e1kokn\\u00e1l\"},\"previousItem\":{\"@type\":\"ListItem\",\"@id\":\"https:\\\/\\\/allasorias.hu\\\/hirek#listItem\",\"name\":\"Home\"}},{\"@type\":\"ListItem\",\"@id\":\"https:\\\/\\\/allasorias.hu\\\/hirek\\\/kevesebben-vannak-munka-nelkul-az-osztrakoknal\\\/#listItem\",\"position\":3,\"name\":\"Kevesebben vannak munka n\\u00e9lk\\u00fcl az osztr\\u00e1kokn\\u00e1l\",\"previousItem\":{\"@type\":\"ListItem\",\"@id\":\"https:\\\/\\\/allasorias.hu\\\/hirek\\\/temak\\\/kulfold\\\/#listItem\",\"name\":\"K\\u00fclf\\u00f6ld\"}}]},{\"@type\":\"Organization\",\"@id\":\"https:\\\/\\\/allasorias.hu\\\/hirek\\\/#organization\",\"name\":\"AllasOrias.hu | H\\u00edrek-lapszemle\",\"description\":\"\\u00dczleti h\\u00edrek az \\u00e1ll\\u00e1s \\u00e9s a munka vil\\u00e1g\\u00e1b\\u00f3l\",\"url\":\"https:\\\/\\\/allasorias.hu\\\/hirek\\\/\",\"logo\":{\"@type\":\"ImageObject\",\"url\":\"https:\\\/\\\/allasorias.hu\\\/hirek\\\/wp-content\\\/uploads\\\/2022\\\/10\\\/allasorias_site_facebok_logo.png\",\"@id\":\"https:\\\/\\\/allasorias.hu\\\/hirek\\\/kevesebben-vannak-munka-nelkul-az-osztrakoknal\\\/#organizationLogo\"},\"image\":{\"@id\":\"https:\\\/\\\/allasorias.hu\\\/hirek\\\/kevesebben-vannak-munka-nelkul-az-osztrakoknal\\\/#organizationLogo\"},\"sameAs\":[\"https:\\\/\\\/www.facebook.com\\\/allasorias\",\"https:\\\/\\\/www.linkedin.com\\\/company\\\/allasorias\"]},{\"@type\":\"Person\",\"@id\":\"https:\\\/\\\/allasorias.hu\\\/hirek\\\/author\\\/admin-allasorias\\\/#author\",\"url\":\"https:\\\/\\\/allasorias.hu\\\/hirek\\\/author\\\/admin-allasorias\\\/\",\"name\":\"Juh\\u00e1sz P\\u00e9ter\",\"image\":{\"@type\":\"ImageObject\",\"@id\":\"https:\\\/\\\/allasorias.hu\\\/hirek\\\/kevesebben-vannak-munka-nelkul-az-osztrakoknal\\\/#authorImage\",\"url\":\"https:\\\/\\\/secure.gravatar.com\\\/avatar\\\/36e6bcb83148978b992977cb0f54d22feb0cce8a0a849a9410532bb2623ba4c6?s=96&d=mm&r=g\",\"width\":96,\"height\":96,\"caption\":\"Juh\\u00e1sz P\\u00e9ter\"}},{\"@type\":\"WebPage\",\"@id\":\"https:\\\/\\\/allasorias.hu\\\/hirek\\\/kevesebben-vannak-munka-nelkul-az-osztrakoknal\\\/#webpage\",\"url\":\"https:\\\/\\\/allasorias.hu\\\/hirek\\\/kevesebben-vannak-munka-nelkul-az-osztrakoknal\\\/\",\"name\":\"Kevesebben vannak munka n\\u00e9lk\\u00fcl az osztr\\u00e1kokn\\u00e1l\",\"description\":\"Javul a munkaer\\u0151piaci helyzet Ausztri\\u00e1ban, r\\u00e9gi\\u00f3s elt\\u00e9r\\u00e9sek azonban vannak. A k\\u00f6zel-keleti konfliktus persze itt is ronthat a helyzeten.\",\"inLanguage\":\"hu-HU\",\"isPartOf\":{\"@id\":\"https:\\\/\\\/allasorias.hu\\\/hirek\\\/#website\"},\"breadcrumb\":{\"@id\":\"https:\\\/\\\/allasorias.hu\\\/hirek\\\/kevesebben-vannak-munka-nelkul-az-osztrakoknal\\\/#breadcrumblist\"},\"author\":{\"@id\":\"https:\\\/\\\/allasorias.hu\\\/hirek\\\/author\\\/admin-allasorias\\\/#author\"},\"creator\":{\"@id\":\"https:\\\/\\\/allasorias.hu\\\/hirek\\\/author\\\/admin-allasorias\\\/#author\"},\"image\":{\"@type\":\"ImageObject\",\"url\":\"https:\\\/\\\/allasorias.hu\\\/hirek\\\/wp-content\\\/uploads\\\/2026\\\/03\\\/osztrak-munkaeropiac.jpg\",\"@id\":\"https:\\\/\\\/allasorias.hu\\\/hirek\\\/kevesebben-vannak-munka-nelkul-az-osztrakoknal\\\/#mainImage\",\"width\":1920,\"height\":1048,\"caption\":\"Kevesebben vannak munka n\\u00e9lk\\u00fcl az osztr\\u00e1kokn\\u00e1l - Allasorias.hu\\\/Hirek\"},\"primaryImageOfPage\":{\"@id\":\"https:\\\/\\\/allasorias.hu\\\/hirek\\\/kevesebben-vannak-munka-nelkul-az-osztrakoknal\\\/#mainImage\"},\"datePublished\":\"2026-03-03T10:28:35+02:00\",\"dateModified\":\"2026-03-03T10:28:35+02:00\"},{\"@type\":\"WebSite\",\"@id\":\"https:\\\/\\\/allasorias.hu\\\/hirek\\\/#website\",\"url\":\"https:\\\/\\\/allasorias.hu\\\/hirek\\\/\",\"name\":\"AllasOrias.hu | H\\u00edrek-lapszemle\",\"description\":\"\\u00dczleti h\\u00edrek az \\u00e1ll\\u00e1s \\u00e9s a munka vil\\u00e1g\\u00e1b\\u00f3l\",\"inLanguage\":\"hu-HU\",\"publisher\":{\"@id\":\"https:\\\/\\\/allasorias.hu\\\/hirek\\\/#organization\"}}]}\n\t\t<\/script>\n\t\t<!-- All in One SEO -->\n\n","aioseo_head_json":{"title":"Kevesebben vannak munka n\u00e9lk\u00fcl az osztr\u00e1kokn\u00e1l","description":"Javul a munkaer\u0151piaci helyzet Ausztri\u00e1ban, r\u00e9gi\u00f3s elt\u00e9r\u00e9sek azonban vannak. A k\u00f6zel-keleti konfliktus persze itt is ronthat a helyzeten.","canonical_url":"https:\/\/allasorias.hu\/hirek\/kevesebben-vannak-munka-nelkul-az-osztrakoknal\/","robots":"max-image-preview:large","keywords":"","webmasterTools":{"miscellaneous":""},"schema":{"@context":"https:\/\/schema.org","@graph":[{"@type":"Article","@id":"https:\/\/allasorias.hu\/hirek\/kevesebben-vannak-munka-nelkul-az-osztrakoknal\/#article","name":"Kevesebben vannak munka n\u00e9lk\u00fcl az osztr\u00e1kokn\u00e1l","headline":"Kevesebben vannak munka n\u00e9lk\u00fcl az osztr\u00e1kokn\u00e1l","author":{"@id":"https:\/\/allasorias.hu\/hirek\/author\/admin-allasorias\/#author"},"publisher":{"@id":"https:\/\/allasorias.hu\/hirek\/#organization"},"image":{"@type":"ImageObject","url":"https:\/\/allasorias.hu\/hirek\/wp-content\/uploads\/2026\/03\/osztrak-munkaeropiac.jpg","width":1920,"height":1048,"caption":"Kevesebben vannak munka n\u00e9lk\u00fcl az osztr\u00e1kokn\u00e1l - Allasorias.hu\/Hirek"},"datePublished":"2026-03-03T10:28:35+02:00","dateModified":"2026-03-03T10:28:35+02:00","inLanguage":"hu-HU","mainEntityOfPage":{"@id":"https:\/\/allasorias.hu\/hirek\/kevesebben-vannak-munka-nelkul-az-osztrakoknal\/#webpage"},"isPartOf":{"@id":"https:\/\/allasorias.hu\/hirek\/kevesebben-vannak-munka-nelkul-az-osztrakoknal\/#webpage"},"articleSection":"K\u00fclf\u00f6ld"},{"@type":"BreadcrumbList","@id":"https:\/\/allasorias.hu\/hirek\/kevesebben-vannak-munka-nelkul-az-osztrakoknal\/#breadcrumblist","itemListElement":[{"@type":"ListItem","@id":"https:\/\/allasorias.hu\/hirek#listItem","position":1,"name":"Home","item":"https:\/\/allasorias.hu\/hirek","nextItem":{"@type":"ListItem","@id":"https:\/\/allasorias.hu\/hirek\/temak\/kulfold\/#listItem","name":"K\u00fclf\u00f6ld"}},{"@type":"ListItem","@id":"https:\/\/allasorias.hu\/hirek\/temak\/kulfold\/#listItem","position":2,"name":"K\u00fclf\u00f6ld","item":"https:\/\/allasorias.hu\/hirek\/temak\/kulfold\/","nextItem":{"@type":"ListItem","@id":"https:\/\/allasorias.hu\/hirek\/kevesebben-vannak-munka-nelkul-az-osztrakoknal\/#listItem","name":"Kevesebben vannak munka n\u00e9lk\u00fcl az osztr\u00e1kokn\u00e1l"},"previousItem":{"@type":"ListItem","@id":"https:\/\/allasorias.hu\/hirek#listItem","name":"Home"}},{"@type":"ListItem","@id":"https:\/\/allasorias.hu\/hirek\/kevesebben-vannak-munka-nelkul-az-osztrakoknal\/#listItem","position":3,"name":"Kevesebben vannak munka n\u00e9lk\u00fcl az osztr\u00e1kokn\u00e1l","previousItem":{"@type":"ListItem","@id":"https:\/\/allasorias.hu\/hirek\/temak\/kulfold\/#listItem","name":"K\u00fclf\u00f6ld"}}]},{"@type":"Organization","@id":"https:\/\/allasorias.hu\/hirek\/#organization","name":"AllasOrias.hu | H\u00edrek-lapszemle","description":"\u00dczleti h\u00edrek az \u00e1ll\u00e1s \u00e9s a munka vil\u00e1g\u00e1b\u00f3l","url":"https:\/\/allasorias.hu\/hirek\/","logo":{"@type":"ImageObject","url":"https:\/\/allasorias.hu\/hirek\/wp-content\/uploads\/2022\/10\/allasorias_site_facebok_logo.png","@id":"https:\/\/allasorias.hu\/hirek\/kevesebben-vannak-munka-nelkul-az-osztrakoknal\/#organizationLogo"},"image":{"@id":"https:\/\/allasorias.hu\/hirek\/kevesebben-vannak-munka-nelkul-az-osztrakoknal\/#organizationLogo"},"sameAs":["https:\/\/www.facebook.com\/allasorias","https:\/\/www.linkedin.com\/company\/allasorias"]},{"@type":"Person","@id":"https:\/\/allasorias.hu\/hirek\/author\/admin-allasorias\/#author","url":"https:\/\/allasorias.hu\/hirek\/author\/admin-allasorias\/","name":"Juh\u00e1sz P\u00e9ter","image":{"@type":"ImageObject","@id":"https:\/\/allasorias.hu\/hirek\/kevesebben-vannak-munka-nelkul-az-osztrakoknal\/#authorImage","url":"https:\/\/secure.gravatar.com\/avatar\/36e6bcb83148978b992977cb0f54d22feb0cce8a0a849a9410532bb2623ba4c6?s=96&d=mm&r=g","width":96,"height":96,"caption":"Juh\u00e1sz P\u00e9ter"}},{"@type":"WebPage","@id":"https:\/\/allasorias.hu\/hirek\/kevesebben-vannak-munka-nelkul-az-osztrakoknal\/#webpage","url":"https:\/\/allasorias.hu\/hirek\/kevesebben-vannak-munka-nelkul-az-osztrakoknal\/","name":"Kevesebben vannak munka n\u00e9lk\u00fcl az osztr\u00e1kokn\u00e1l","description":"Javul a munkaer\u0151piaci helyzet Ausztri\u00e1ban, r\u00e9gi\u00f3s elt\u00e9r\u00e9sek azonban vannak. A k\u00f6zel-keleti konfliktus persze itt is ronthat a helyzeten.","inLanguage":"hu-HU","isPartOf":{"@id":"https:\/\/allasorias.hu\/hirek\/#website"},"breadcrumb":{"@id":"https:\/\/allasorias.hu\/hirek\/kevesebben-vannak-munka-nelkul-az-osztrakoknal\/#breadcrumblist"},"author":{"@id":"https:\/\/allasorias.hu\/hirek\/author\/admin-allasorias\/#author"},"creator":{"@id":"https:\/\/allasorias.hu\/hirek\/author\/admin-allasorias\/#author"},"image":{"@type":"ImageObject","url":"https:\/\/allasorias.hu\/hirek\/wp-content\/uploads\/2026\/03\/osztrak-munkaeropiac.jpg","@id":"https:\/\/allasorias.hu\/hirek\/kevesebben-vannak-munka-nelkul-az-osztrakoknal\/#mainImage","width":1920,"height":1048,"caption":"Kevesebben vannak munka n\u00e9lk\u00fcl az osztr\u00e1kokn\u00e1l - Allasorias.hu\/Hirek"},"primaryImageOfPage":{"@id":"https:\/\/allasorias.hu\/hirek\/kevesebben-vannak-munka-nelkul-az-osztrakoknal\/#mainImage"},"datePublished":"2026-03-03T10:28:35+02:00","dateModified":"2026-03-03T10:28:35+02:00"},{"@type":"WebSite","@id":"https:\/\/allasorias.hu\/hirek\/#website","url":"https:\/\/allasorias.hu\/hirek\/","name":"AllasOrias.hu | H\u00edrek-lapszemle","description":"\u00dczleti h\u00edrek az \u00e1ll\u00e1s \u00e9s a munka vil\u00e1g\u00e1b\u00f3l","inLanguage":"hu-HU","publisher":{"@id":"https:\/\/allasorias.hu\/hirek\/#organization"}}]},"og:locale":"hu_HU","og:site_name":"AllasOrias.hu | H\u00edrek-lapszemle | \u00dczleti h\u00edrek az \u00e1ll\u00e1s \u00e9s a munka vil\u00e1g\u00e1b\u00f3l","og:type":"article","og:title":"Kevesebben vannak munka n\u00e9lk\u00fcl az osztr\u00e1kokn\u00e1l","og:description":"Javul a munkaer\u0151piaci helyzet Ausztri\u00e1ban, r\u00e9gi\u00f3s elt\u00e9r\u00e9sek azonban vannak. A k\u00f6zel-keleti konfliktus persze itt is ronthat a helyzeten.","og:url":"https:\/\/allasorias.hu\/hirek\/kevesebben-vannak-munka-nelkul-az-osztrakoknal\/","og:image":"https:\/\/allasorias.hu\/hirek\/wp-content\/uploads\/2026\/03\/osztrak-munkaeropiac.jpg","og:image:secure_url":"https:\/\/allasorias.hu\/hirek\/wp-content\/uploads\/2026\/03\/osztrak-munkaeropiac.jpg","og:image:width":1920,"og:image:height":1048,"article:published_time":"2026-03-03T08:28:35+00:00","article:modified_time":"2026-03-03T08:28:35+00:00","article:publisher":"https:\/\/www.facebook.com\/allasorias","twitter:card":"summary_large_image","twitter:title":"Kevesebben vannak munka n\u00e9lk\u00fcl az osztr\u00e1kokn\u00e1l","twitter:description":"Javul a munkaer\u0151piaci helyzet Ausztri\u00e1ban, r\u00e9gi\u00f3s elt\u00e9r\u00e9sek azonban vannak. A k\u00f6zel-keleti konfliktus persze itt is ronthat a helyzeten.","twitter:image":"https:\/\/allasorias.hu\/hirek\/wp-content\/uploads\/2026\/03\/osztrak-munkaeropiac.jpg","twitter:label1":"Written by","twitter:data1":"Juh\u00e1sz P\u00e9ter","twitter:label2":"Est. reading time","twitter:data2":"3 minutes"},"aioseo_meta_data":{"post_id":"9109","title":"#post_title","description":"Javul a munkaer\u0151piaci helyzet Ausztri\u00e1ban, r\u00e9gi\u00f3s elt\u00e9r\u00e9sek azonban vannak. A k\u00f6zel-keleti konfliktus persze itt is ronthat a helyzeten.","keywords":null,"keyphrases":{"focus":{"keyphrase":"","score":0,"analysis":{"keyphraseInTitle":{"score":0,"maxScore":9,"error":1}}},"additional":[]},"primary_term":null,"canonical_url":null,"og_title":null,"og_description":null,"og_object_type":"default","og_image_type":"default","og_image_url":null,"og_image_width":null,"og_image_height":null,"og_image_custom_url":null,"og_image_custom_fields":null,"og_video":"","og_custom_url":null,"og_article_section":null,"og_article_tags":null,"twitter_use_og":true,"twitter_card":"default","twitter_image_type":"default","twitter_image_url":null,"twitter_image_custom_url":null,"twitter_image_custom_fields":null,"twitter_title":null,"twitter_description":null,"schema":{"blockGraphs":[],"customGraphs":[],"default":{"data":{"Article":[],"Course":[],"Dataset":[],"FAQPage":[],"Movie":[],"Person":[],"Product":[],"ProductReview":[],"Car":[],"Recipe":[],"Service":[],"SoftwareApplication":[],"WebPage":[]},"graphName":"Article","isEnabled":true},"graphs":[]},"schema_type":"default","schema_type_options":null,"pillar_content":false,"robots_default":true,"robots_noindex":false,"robots_noarchive":false,"robots_nosnippet":false,"robots_nofollow":false,"robots_noimageindex":false,"robots_noodp":false,"robots_notranslate":false,"robots_max_snippet":"-1","robots_max_videopreview":"-1","robots_max_imagepreview":"large","priority":null,"frequency":"default","location":null,"local_seo":null,"breadcrumb_settings":null,"limit_modified_date":false,"ai":{"faqs":[],"keyPoints":[],"titles":[],"descriptions":[],"socialPosts":{"email":[],"linkedin":[],"twitter":[],"facebook":[],"instagram":[]}},"created":"2026-03-03 08:19:41","updated":"2026-03-03 08:42:57","seo_analyzer_scan_date":null,"focus_keyword":null,"additional_keywords":null,"truseo_locale":null},"aioseo_breadcrumb":"<div class=\"aioseo-breadcrumbs\"><span class=\"aioseo-breadcrumb\">\n\t\t\t<a href=\"https:\/\/allasorias.hu\/hirek\" title=\"Home\">Home<\/a>\n\t\t<\/span><span class=\"aioseo-breadcrumb-separator\">&raquo;<\/span><span class=\"aioseo-breadcrumb\">\n\t\t\t<a href=\"https:\/\/allasorias.hu\/hirek\/temak\/kulfold\/\" title=\"K\u00fclf\u00f6ld\">K\u00fclf\u00f6ld<\/a>\n\t\t<\/span><span class=\"aioseo-breadcrumb-separator\">&raquo;<\/span><span class=\"aioseo-breadcrumb\">\n\t\t\tKevesebben vannak munka n\u00e9lk\u00fcl az osztr\u00e1kokn\u00e1l\n\t\t<\/span><\/div>","aioseo_breadcrumb_json":[{"label":"Home","link":"https:\/\/allasorias.hu\/hirek"},{"label":"K\u00fclf\u00f6ld","link":"https:\/\/allasorias.hu\/hirek\/temak\/kulfold\/"},{"label":"Kevesebben vannak munka n\u00e9lk\u00fcl az osztr\u00e1kokn\u00e1l","link":"https:\/\/allasorias.hu\/hirek\/kevesebben-vannak-munka-nelkul-az-osztrakoknal\/"}],"_links":{"self":[{"href":"https:\/\/allasorias.hu\/hirek\/wp-json\/wp\/v2\/posts\/9109","targetHints":{"allow":["GET"]}}],"collection":[{"href":"https:\/\/allasorias.hu\/hirek\/wp-json\/wp\/v2\/posts"}],"about":[{"href":"https:\/\/allasorias.hu\/hirek\/wp-json\/wp\/v2\/types\/post"}],"author":[{"embeddable":true,"href":"https:\/\/allasorias.hu\/hirek\/wp-json\/wp\/v2\/users\/1"}],"replies":[{"embeddable":true,"href":"https:\/\/allasorias.hu\/hirek\/wp-json\/wp\/v2\/comments?post=9109"}],"version-history":[{"count":1,"href":"https:\/\/allasorias.hu\/hirek\/wp-json\/wp\/v2\/posts\/9109\/revisions"}],"predecessor-version":[{"id":9111,"href":"https:\/\/allasorias.hu\/hirek\/wp-json\/wp\/v2\/posts\/9109\/revisions\/9111"}],"wp:featuredmedia":[{"embeddable":true,"href":"https:\/\/allasorias.hu\/hirek\/wp-json\/wp\/v2\/media\/9110"}],"wp:attachment":[{"href":"https:\/\/allasorias.hu\/hirek\/wp-json\/wp\/v2\/media?parent=9109"}],"wp:term":[{"taxonomy":"category","embeddable":true,"href":"https:\/\/allasorias.hu\/hirek\/wp-json\/wp\/v2\/categories?post=9109"},{"taxonomy":"post_tag","embeddable":true,"href":"https:\/\/allasorias.hu\/hirek\/wp-json\/wp\/v2\/tags?post=9109"}],"curies":[{"name":"wp","href":"https:\/\/api.w.org\/{rel}","templated":true}]}}