{"id":9106,"date":"2026-03-02T16:15:08","date_gmt":"2026-03-02T14:15:08","guid":{"rendered":"https:\/\/allasorias.hu\/hirek\/?p=9106"},"modified":"2026-03-02T16:15:08","modified_gmt":"2026-03-02T14:15:08","slug":"a-generativ-ai-gyengiti-a-kritikus-gondolkodast","status":"publish","type":"post","link":"https:\/\/allasorias.hu\/hirek\/a-generativ-ai-gyengiti-a-kritikus-gondolkodast\/","title":{"rendered":"A generat\u00edv AI gyeng\u00edti a kritikus gondolkod\u00e1st"},"content":{"rendered":"<p><strong>Egy felm\u00e9r\u00e9s szerint a generat\u00edv AI gyeng\u00edti a kritikus gondolkod\u00e1st. A fels\u0151oktat\u00e1sban dolgoz\u00f3 oktat\u00f3k szerint v\u00e1ltozni fog a hagyom\u00e1nyos oktat\u00e1si modell is.<\/strong><\/p>\n<p>Az Elon University \u00e9s az American Association of Colleges and Universities \u00e1ltal k\u00e9sz\u00edtett felm\u00e9r\u00e9s szerint az \u00e9szak-amerikai fels\u0151oktat\u00e1si int\u00e9zm\u00e9nyek oktat\u00f3inak t\u00falnyom\u00f3 t\u00f6bbs\u00e9ge a generat\u00edv mesters\u00e9ges intelligenci\u00e1t nem puszt\u00e1n technol\u00f3giai eszk\u00f6znek, hanem a tanul\u00e1si \u00e9s gondolkod\u00e1si mint\u00e1k \u00e1talak\u00edt\u00f3j\u00e1nak l\u00e1tja. A v\u00e1laszad\u00f3k 95%-a szerint a generat\u00edv AI n\u00f6veli a hallgat\u00f3k t\u00falzott eszk\u00f6zhaszn\u00e1lat\u00e1t, 90% \u00fagy v\u00e9li, hogy gyeng\u00edti a kritikus gondolkod\u00e1st, 83% szerint pedig r\u00f6vid\u00edti a figyelmi id\u0151t. Ez HR szempontj\u00e1b\u00f3l k\u00f6zvetlen\u00fcl relev\u00e1ns jelz\u00e9s, hiszen az egyetemek szerint \u00e9ppen azok az alapkompetenci\u00e1k s\u00e9r\u00fclnek, amelyekre a tud\u00e1salap\u00fa munkak\u00f6r\u00f6k \u00e9p\u00fclnek \u2013 az \u00f6n\u00e1ll\u00f3 gondolkod\u00e1s, a tart\u00f3s koncentr\u00e1ci\u00f3 \u00e9s az elemz\u0151 k\u00e9pess\u00e9g.<\/p>\n<p>Az oktat\u00f3k 86%-a \u00fagy l\u00e1tja, hogy a generat\u00edv AI a fels\u0151oktat\u00e1sban dolgoz\u00f3k szerep\u00e9t \u00e9s munk\u00e1j\u00e1t is \u00e9rdemben \u00e1talak\u00edtja, 79% szerint a hagyom\u00e1nyos oktat\u00e1si modell is v\u00e1ltozni fog, \u00e9s 78% \u00e9rz\u00e9keli, hogy a csal\u00e1s m\u00e9rt\u00e9ke n\u0151tt az AI-eszk\u00f6z\u00f6k elterjed\u00e9s\u00e9vel. Emellett 48% szerint a hallgat\u00f3k kutat\u00e1si munk\u00e1j\u00e1nak sz\u00ednvonala romlott, \u00e9s az oktat\u00f3k 74%-a \u00fagy v\u00e9li, hogy a diplom\u00e1k \u00e9rt\u00e9k\u00e9re a generat\u00edv AI ink\u00e1bb negat\u00edv hat\u00e1ssal lesz. A munkaer\u0151piaci felk\u00e9sz\u00fclts\u00e9get illet\u0151en az oktat\u00f3k 63%-a szerint a frissen v\u00e9gzettek nem voltak megfelel\u0151en felk\u00e9sz\u00edtve a generat\u00edv AI tudatos \u00e9s hat\u00e9kony haszn\u00e1lat\u00e1ra. Hosszabb t\u00e1von 62% \u00fagy gondolja, hogy a generat\u00edv AI rontani fogja a tanul\u00e1si eredm\u00e9nyeket, \u00e9s 49% szerint negat\u00edv hat\u00e1ssal lesz a hallgat\u00f3k karrierkil\u00e1t\u00e1saira.<\/p>\n<p>B\u00e1r az oktat\u00f3k 61%-a szerint a generat\u00edv AI k\u00e9pes lehet t\u00e1mogatni vagy szem\u00e9lyre szabni a tanul\u00e1st, \u00e9s 69% m\u00e1r foglalkozik az AI-hoz kapcsol\u00f3d\u00f3 etikai \u00e9s technikai k\u00e9rd\u00e9sekkel, a HR-szempontb\u00f3l legkritikusabb kock\u00e1zat az int\u00e9zm\u00e9nyi felk\u00e9sz\u00fcletlens\u00e9g. Az oktat\u00f3k 59%-a szerint int\u00e9zm\u00e9ny\u00fck nincs megfelel\u0151en felk\u00e9sz\u00fclve az AI oktat\u00e1sban val\u00f3 alkalmaz\u00e1s\u00e1ra, \u00e9s 68% szerint az oktat\u00f3k, 67% szerint pedig a nem oktat\u00f3i munkat\u00e1rsak felk\u00e9sz\u00edt\u00e9se is hi\u00e1nyos. A kutat\u00e1s kiemeli, hogy vil\u00e1gos int\u00e9zm\u00e9nyi \u00e9rt\u00e9kek, k\u00f6z\u00f6s norm\u00e1k \u00e9s c\u00e9lzott AI-k\u00e9szs\u00e9gfejleszt\u00e9s n\u00e9lk\u00fcl fenn\u00e1ll a vesz\u00e9lye annak, hogy a m\u00e9ly tanul\u00e1s, az emberi \u00edt\u00e9l\u0151k\u00e9pess\u00e9g \u00e9s a hallgat\u00f3k intellektu\u00e1lis \u00f6n\u00e1ll\u00f3s\u00e1ga h\u00e1tt\u00e9rbe szorul.<\/p>\n<p>Forr\u00e1s: <a href=\"https:\/\/www.hrportal.hu\/hr\/osszefoglalo\/a-jovo-munkavallaloi-mar-most-elveszitik-a-fokuszt-megszolaltak-az-egyetemi-oktatok-20260224.html\" target=\"_blank\" rel=\"nofollow noopener noreferrer\">hrportal.hu<\/a><\/p>\n","protected":false},"excerpt":{"rendered":"<p>Egy felm\u00e9r\u00e9s szerint a generat\u00edv AI gyeng\u00edti a kritikus gondolkod\u00e1st. A fels\u0151oktat\u00e1sban dolgoz\u00f3 oktat\u00f3k szerint v\u00e1ltozni fog a hagyom\u00e1nyos oktat\u00e1si modell is. Az Elon University \u00e9s az American Association of Colleges and Universities \u00e1ltal k\u00e9sz\u00edtett felm\u00e9r\u00e9s szerint az \u00e9szak-amerikai fels\u0151oktat\u00e1si int\u00e9zm\u00e9nyek oktat\u00f3inak t\u00falnyom\u00f3 t\u00f6bbs\u00e9ge a generat\u00edv mesters\u00e9ges intelligenci\u00e1t nem puszt\u00e1n technol\u00f3giai eszk\u00f6znek, hanem a tanul\u00e1si [&hellip;]<\/p>\n","protected":false},"author":1,"featured_media":9107,"comment_status":"closed","ping_status":"closed","sticky":false,"template":"","format":"standard","meta":{"_monsterinsights_skip_tracking":false,"footnotes":""},"categories":[200],"tags":[],"class_list":["post-9106","post","type-post","status-publish","format-standard","has-post-thumbnail","hentry","category-munkaeropiac"],"aioseo_notices":[],"aioseo_head":"\n\t\t<!-- All in One SEO 5.0.0.1 - aioseo.com -->\n\t<meta name=\"description\" content=\"Egy felm\u00e9r\u00e9s szerint a generat\u00edv AI gyeng\u00edti a kritikus gondolkod\u00e1st. A fels\u0151oktat\u00e1sban dolgoz\u00f3 oktat\u00f3k szerint v\u00e1ltozni fog a hagyom\u00e1nyos oktat\u00e1si modell is.\" \/>\n\t<meta name=\"robots\" content=\"max-image-preview:large\" \/>\n\t<meta name=\"author\" content=\"Juh\u00e1sz P\u00e9ter\"\/>\n\t<link rel=\"canonical\" href=\"https:\/\/allasorias.hu\/hirek\/a-generativ-ai-gyengiti-a-kritikus-gondolkodast\/\" \/>\n\t<meta name=\"generator\" content=\"All in One SEO (AIOSEO) 5.0.0.1\" \/>\n\t\t<meta property=\"og:locale\" content=\"hu_HU\" \/>\n\t\t<meta property=\"og:site_name\" content=\"AllasOrias.hu | H\u00edrek-lapszemle | \u00dczleti h\u00edrek az \u00e1ll\u00e1s \u00e9s a munka vil\u00e1g\u00e1b\u00f3l\" \/>\n\t\t<meta property=\"og:type\" content=\"article\" \/>\n\t\t<meta property=\"og:title\" content=\"A generat\u00edv AI gyeng\u00edti a kritikus gondolkod\u00e1st\" \/>\n\t\t<meta property=\"og:description\" content=\"Egy felm\u00e9r\u00e9s szerint a generat\u00edv AI gyeng\u00edti a kritikus gondolkod\u00e1st. A fels\u0151oktat\u00e1sban dolgoz\u00f3 oktat\u00f3k szerint v\u00e1ltozni fog a hagyom\u00e1nyos oktat\u00e1si modell is.\" \/>\n\t\t<meta property=\"og:url\" content=\"https:\/\/allasorias.hu\/hirek\/a-generativ-ai-gyengiti-a-kritikus-gondolkodast\/\" \/>\n\t\t<meta property=\"og:image\" content=\"https:\/\/allasorias.hu\/hirek\/wp-content\/uploads\/2026\/03\/AI-gyengiti-a-kritikus-gondolkodast.jpg\" \/>\n\t\t<meta property=\"og:image:secure_url\" content=\"https:\/\/allasorias.hu\/hirek\/wp-content\/uploads\/2026\/03\/AI-gyengiti-a-kritikus-gondolkodast.jpg\" \/>\n\t\t<meta property=\"og:image:width\" content=\"1920\" \/>\n\t\t<meta property=\"og:image:height\" content=\"1013\" \/>\n\t\t<meta property=\"article:published_time\" content=\"2026-03-02T14:15:08+00:00\" \/>\n\t\t<meta property=\"article:modified_time\" content=\"2026-03-02T14:15:08+00:00\" \/>\n\t\t<meta property=\"article:publisher\" content=\"https:\/\/www.facebook.com\/allasorias\" \/>\n\t\t<meta name=\"twitter:card\" content=\"summary_large_image\" \/>\n\t\t<meta name=\"twitter:title\" content=\"A generat\u00edv AI gyeng\u00edti a kritikus gondolkod\u00e1st\" \/>\n\t\t<meta name=\"twitter:description\" content=\"Egy felm\u00e9r\u00e9s szerint a generat\u00edv AI gyeng\u00edti a kritikus gondolkod\u00e1st. A fels\u0151oktat\u00e1sban dolgoz\u00f3 oktat\u00f3k szerint v\u00e1ltozni fog a hagyom\u00e1nyos oktat\u00e1si modell is.\" \/>\n\t\t<meta name=\"twitter:image\" content=\"https:\/\/allasorias.hu\/hirek\/wp-content\/uploads\/2026\/03\/AI-gyengiti-a-kritikus-gondolkodast.jpg\" \/>\n\t\t<meta name=\"twitter:label1\" content=\"Written by\" \/>\n\t\t<meta name=\"twitter:data1\" content=\"Juh\u00e1sz P\u00e9ter\" \/>\n\t\t<meta name=\"twitter:label2\" content=\"Est. reading time\" \/>\n\t\t<meta name=\"twitter:data2\" content=\"3 minutes\" \/>\n\t\t<script type=\"application\/ld+json\" class=\"aioseo-schema\">\n\t\t\t{\"@context\":\"https:\\\/\\\/schema.org\",\"@graph\":[{\"@type\":\"Article\",\"@id\":\"https:\\\/\\\/allasorias.hu\\\/hirek\\\/a-generativ-ai-gyengiti-a-kritikus-gondolkodast\\\/#article\",\"name\":\"A generat\\u00edv AI gyeng\\u00edti a kritikus gondolkod\\u00e1st\",\"headline\":\"A generat\\u00edv AI gyeng\\u00edti a kritikus gondolkod\\u00e1st\",\"author\":{\"@id\":\"https:\\\/\\\/allasorias.hu\\\/hirek\\\/author\\\/admin-allasorias\\\/#author\"},\"publisher\":{\"@id\":\"https:\\\/\\\/allasorias.hu\\\/hirek\\\/#organization\"},\"image\":{\"@type\":\"ImageObject\",\"url\":\"https:\\\/\\\/allasorias.hu\\\/hirek\\\/wp-content\\\/uploads\\\/2026\\\/03\\\/AI-gyengiti-a-kritikus-gondolkodast.jpg\",\"width\":1920,\"height\":1013,\"caption\":\"A generat\\u00edv AI gyeng\\u00edti a kritikus gondolkod\\u00e1st - Allasorias.hu\\\/Hirek\"},\"datePublished\":\"2026-03-02T16:15:08+02:00\",\"dateModified\":\"2026-03-02T16:15:08+02:00\",\"inLanguage\":\"hu-HU\",\"mainEntityOfPage\":{\"@id\":\"https:\\\/\\\/allasorias.hu\\\/hirek\\\/a-generativ-ai-gyengiti-a-kritikus-gondolkodast\\\/#webpage\"},\"isPartOf\":{\"@id\":\"https:\\\/\\\/allasorias.hu\\\/hirek\\\/a-generativ-ai-gyengiti-a-kritikus-gondolkodast\\\/#webpage\"},\"articleSection\":\"Munkaer\\u0151piac\"},{\"@type\":\"BreadcrumbList\",\"@id\":\"https:\\\/\\\/allasorias.hu\\\/hirek\\\/a-generativ-ai-gyengiti-a-kritikus-gondolkodast\\\/#breadcrumblist\",\"itemListElement\":[{\"@type\":\"ListItem\",\"@id\":\"https:\\\/\\\/allasorias.hu\\\/hirek#listItem\",\"position\":1,\"name\":\"Home\",\"item\":\"https:\\\/\\\/allasorias.hu\\\/hirek\",\"nextItem\":{\"@type\":\"ListItem\",\"@id\":\"https:\\\/\\\/allasorias.hu\\\/hirek\\\/temak\\\/munkaeropiac\\\/#listItem\",\"name\":\"Munkaer\\u0151piac\"}},{\"@type\":\"ListItem\",\"@id\":\"https:\\\/\\\/allasorias.hu\\\/hirek\\\/temak\\\/munkaeropiac\\\/#listItem\",\"position\":2,\"name\":\"Munkaer\\u0151piac\",\"item\":\"https:\\\/\\\/allasorias.hu\\\/hirek\\\/temak\\\/munkaeropiac\\\/\",\"nextItem\":{\"@type\":\"ListItem\",\"@id\":\"https:\\\/\\\/allasorias.hu\\\/hirek\\\/a-generativ-ai-gyengiti-a-kritikus-gondolkodast\\\/#listItem\",\"name\":\"A generat\\u00edv AI gyeng\\u00edti a kritikus gondolkod\\u00e1st\"},\"previousItem\":{\"@type\":\"ListItem\",\"@id\":\"https:\\\/\\\/allasorias.hu\\\/hirek#listItem\",\"name\":\"Home\"}},{\"@type\":\"ListItem\",\"@id\":\"https:\\\/\\\/allasorias.hu\\\/hirek\\\/a-generativ-ai-gyengiti-a-kritikus-gondolkodast\\\/#listItem\",\"position\":3,\"name\":\"A generat\\u00edv AI gyeng\\u00edti a kritikus gondolkod\\u00e1st\",\"previousItem\":{\"@type\":\"ListItem\",\"@id\":\"https:\\\/\\\/allasorias.hu\\\/hirek\\\/temak\\\/munkaeropiac\\\/#listItem\",\"name\":\"Munkaer\\u0151piac\"}}]},{\"@type\":\"Organization\",\"@id\":\"https:\\\/\\\/allasorias.hu\\\/hirek\\\/#organization\",\"name\":\"AllasOrias.hu | H\\u00edrek-lapszemle\",\"description\":\"\\u00dczleti h\\u00edrek az \\u00e1ll\\u00e1s \\u00e9s a munka vil\\u00e1g\\u00e1b\\u00f3l\",\"url\":\"https:\\\/\\\/allasorias.hu\\\/hirek\\\/\",\"logo\":{\"@type\":\"ImageObject\",\"url\":\"https:\\\/\\\/allasorias.hu\\\/hirek\\\/wp-content\\\/uploads\\\/2022\\\/10\\\/allasorias_site_facebok_logo.png\",\"@id\":\"https:\\\/\\\/allasorias.hu\\\/hirek\\\/a-generativ-ai-gyengiti-a-kritikus-gondolkodast\\\/#organizationLogo\"},\"image\":{\"@id\":\"https:\\\/\\\/allasorias.hu\\\/hirek\\\/a-generativ-ai-gyengiti-a-kritikus-gondolkodast\\\/#organizationLogo\"},\"sameAs\":[\"https:\\\/\\\/www.facebook.com\\\/allasorias\",\"https:\\\/\\\/www.linkedin.com\\\/company\\\/allasorias\"]},{\"@type\":\"Person\",\"@id\":\"https:\\\/\\\/allasorias.hu\\\/hirek\\\/author\\\/admin-allasorias\\\/#author\",\"url\":\"https:\\\/\\\/allasorias.hu\\\/hirek\\\/author\\\/admin-allasorias\\\/\",\"name\":\"Juh\\u00e1sz P\\u00e9ter\",\"image\":{\"@type\":\"ImageObject\",\"@id\":\"https:\\\/\\\/allasorias.hu\\\/hirek\\\/a-generativ-ai-gyengiti-a-kritikus-gondolkodast\\\/#authorImage\",\"url\":\"https:\\\/\\\/secure.gravatar.com\\\/avatar\\\/36e6bcb83148978b992977cb0f54d22feb0cce8a0a849a9410532bb2623ba4c6?s=96&d=mm&r=g\",\"width\":96,\"height\":96,\"caption\":\"Juh\\u00e1sz P\\u00e9ter\"}},{\"@type\":\"WebPage\",\"@id\":\"https:\\\/\\\/allasorias.hu\\\/hirek\\\/a-generativ-ai-gyengiti-a-kritikus-gondolkodast\\\/#webpage\",\"url\":\"https:\\\/\\\/allasorias.hu\\\/hirek\\\/a-generativ-ai-gyengiti-a-kritikus-gondolkodast\\\/\",\"name\":\"A generat\\u00edv AI gyeng\\u00edti a kritikus gondolkod\\u00e1st\",\"description\":\"Egy felm\\u00e9r\\u00e9s szerint a generat\\u00edv AI gyeng\\u00edti a kritikus gondolkod\\u00e1st. A fels\\u0151oktat\\u00e1sban dolgoz\\u00f3 oktat\\u00f3k szerint v\\u00e1ltozni fog a hagyom\\u00e1nyos oktat\\u00e1si modell is.\",\"inLanguage\":\"hu-HU\",\"isPartOf\":{\"@id\":\"https:\\\/\\\/allasorias.hu\\\/hirek\\\/#website\"},\"breadcrumb\":{\"@id\":\"https:\\\/\\\/allasorias.hu\\\/hirek\\\/a-generativ-ai-gyengiti-a-kritikus-gondolkodast\\\/#breadcrumblist\"},\"author\":{\"@id\":\"https:\\\/\\\/allasorias.hu\\\/hirek\\\/author\\\/admin-allasorias\\\/#author\"},\"creator\":{\"@id\":\"https:\\\/\\\/allasorias.hu\\\/hirek\\\/author\\\/admin-allasorias\\\/#author\"},\"image\":{\"@type\":\"ImageObject\",\"url\":\"https:\\\/\\\/allasorias.hu\\\/hirek\\\/wp-content\\\/uploads\\\/2026\\\/03\\\/AI-gyengiti-a-kritikus-gondolkodast.jpg\",\"@id\":\"https:\\\/\\\/allasorias.hu\\\/hirek\\\/a-generativ-ai-gyengiti-a-kritikus-gondolkodast\\\/#mainImage\",\"width\":1920,\"height\":1013,\"caption\":\"A generat\\u00edv AI gyeng\\u00edti a kritikus gondolkod\\u00e1st - Allasorias.hu\\\/Hirek\"},\"primaryImageOfPage\":{\"@id\":\"https:\\\/\\\/allasorias.hu\\\/hirek\\\/a-generativ-ai-gyengiti-a-kritikus-gondolkodast\\\/#mainImage\"},\"datePublished\":\"2026-03-02T16:15:08+02:00\",\"dateModified\":\"2026-03-02T16:15:08+02:00\"},{\"@type\":\"WebSite\",\"@id\":\"https:\\\/\\\/allasorias.hu\\\/hirek\\\/#website\",\"url\":\"https:\\\/\\\/allasorias.hu\\\/hirek\\\/\",\"name\":\"AllasOrias.hu | H\\u00edrek-lapszemle\",\"description\":\"\\u00dczleti h\\u00edrek az \\u00e1ll\\u00e1s \\u00e9s a munka vil\\u00e1g\\u00e1b\\u00f3l\",\"inLanguage\":\"hu-HU\",\"publisher\":{\"@id\":\"https:\\\/\\\/allasorias.hu\\\/hirek\\\/#organization\"}}]}\n\t\t<\/script>\n\t\t<!-- All in One SEO -->\n\n","aioseo_head_json":{"title":"A generat\u00edv AI gyeng\u00edti a kritikus gondolkod\u00e1st","description":"Egy felm\u00e9r\u00e9s szerint a generat\u00edv AI gyeng\u00edti a kritikus gondolkod\u00e1st. A fels\u0151oktat\u00e1sban dolgoz\u00f3 oktat\u00f3k szerint v\u00e1ltozni fog a hagyom\u00e1nyos oktat\u00e1si modell is.","canonical_url":"https:\/\/allasorias.hu\/hirek\/a-generativ-ai-gyengiti-a-kritikus-gondolkodast\/","robots":"max-image-preview:large","keywords":"","webmasterTools":{"miscellaneous":""},"schema":{"@context":"https:\/\/schema.org","@graph":[{"@type":"Article","@id":"https:\/\/allasorias.hu\/hirek\/a-generativ-ai-gyengiti-a-kritikus-gondolkodast\/#article","name":"A generat\u00edv AI gyeng\u00edti a kritikus gondolkod\u00e1st","headline":"A generat\u00edv AI gyeng\u00edti a kritikus gondolkod\u00e1st","author":{"@id":"https:\/\/allasorias.hu\/hirek\/author\/admin-allasorias\/#author"},"publisher":{"@id":"https:\/\/allasorias.hu\/hirek\/#organization"},"image":{"@type":"ImageObject","url":"https:\/\/allasorias.hu\/hirek\/wp-content\/uploads\/2026\/03\/AI-gyengiti-a-kritikus-gondolkodast.jpg","width":1920,"height":1013,"caption":"A generat\u00edv AI gyeng\u00edti a kritikus gondolkod\u00e1st - Allasorias.hu\/Hirek"},"datePublished":"2026-03-02T16:15:08+02:00","dateModified":"2026-03-02T16:15:08+02:00","inLanguage":"hu-HU","mainEntityOfPage":{"@id":"https:\/\/allasorias.hu\/hirek\/a-generativ-ai-gyengiti-a-kritikus-gondolkodast\/#webpage"},"isPartOf":{"@id":"https:\/\/allasorias.hu\/hirek\/a-generativ-ai-gyengiti-a-kritikus-gondolkodast\/#webpage"},"articleSection":"Munkaer\u0151piac"},{"@type":"BreadcrumbList","@id":"https:\/\/allasorias.hu\/hirek\/a-generativ-ai-gyengiti-a-kritikus-gondolkodast\/#breadcrumblist","itemListElement":[{"@type":"ListItem","@id":"https:\/\/allasorias.hu\/hirek#listItem","position":1,"name":"Home","item":"https:\/\/allasorias.hu\/hirek","nextItem":{"@type":"ListItem","@id":"https:\/\/allasorias.hu\/hirek\/temak\/munkaeropiac\/#listItem","name":"Munkaer\u0151piac"}},{"@type":"ListItem","@id":"https:\/\/allasorias.hu\/hirek\/temak\/munkaeropiac\/#listItem","position":2,"name":"Munkaer\u0151piac","item":"https:\/\/allasorias.hu\/hirek\/temak\/munkaeropiac\/","nextItem":{"@type":"ListItem","@id":"https:\/\/allasorias.hu\/hirek\/a-generativ-ai-gyengiti-a-kritikus-gondolkodast\/#listItem","name":"A generat\u00edv AI gyeng\u00edti a kritikus gondolkod\u00e1st"},"previousItem":{"@type":"ListItem","@id":"https:\/\/allasorias.hu\/hirek#listItem","name":"Home"}},{"@type":"ListItem","@id":"https:\/\/allasorias.hu\/hirek\/a-generativ-ai-gyengiti-a-kritikus-gondolkodast\/#listItem","position":3,"name":"A generat\u00edv AI gyeng\u00edti a kritikus gondolkod\u00e1st","previousItem":{"@type":"ListItem","@id":"https:\/\/allasorias.hu\/hirek\/temak\/munkaeropiac\/#listItem","name":"Munkaer\u0151piac"}}]},{"@type":"Organization","@id":"https:\/\/allasorias.hu\/hirek\/#organization","name":"AllasOrias.hu | H\u00edrek-lapszemle","description":"\u00dczleti h\u00edrek az \u00e1ll\u00e1s \u00e9s a munka vil\u00e1g\u00e1b\u00f3l","url":"https:\/\/allasorias.hu\/hirek\/","logo":{"@type":"ImageObject","url":"https:\/\/allasorias.hu\/hirek\/wp-content\/uploads\/2022\/10\/allasorias_site_facebok_logo.png","@id":"https:\/\/allasorias.hu\/hirek\/a-generativ-ai-gyengiti-a-kritikus-gondolkodast\/#organizationLogo"},"image":{"@id":"https:\/\/allasorias.hu\/hirek\/a-generativ-ai-gyengiti-a-kritikus-gondolkodast\/#organizationLogo"},"sameAs":["https:\/\/www.facebook.com\/allasorias","https:\/\/www.linkedin.com\/company\/allasorias"]},{"@type":"Person","@id":"https:\/\/allasorias.hu\/hirek\/author\/admin-allasorias\/#author","url":"https:\/\/allasorias.hu\/hirek\/author\/admin-allasorias\/","name":"Juh\u00e1sz P\u00e9ter","image":{"@type":"ImageObject","@id":"https:\/\/allasorias.hu\/hirek\/a-generativ-ai-gyengiti-a-kritikus-gondolkodast\/#authorImage","url":"https:\/\/secure.gravatar.com\/avatar\/36e6bcb83148978b992977cb0f54d22feb0cce8a0a849a9410532bb2623ba4c6?s=96&d=mm&r=g","width":96,"height":96,"caption":"Juh\u00e1sz P\u00e9ter"}},{"@type":"WebPage","@id":"https:\/\/allasorias.hu\/hirek\/a-generativ-ai-gyengiti-a-kritikus-gondolkodast\/#webpage","url":"https:\/\/allasorias.hu\/hirek\/a-generativ-ai-gyengiti-a-kritikus-gondolkodast\/","name":"A generat\u00edv AI gyeng\u00edti a kritikus gondolkod\u00e1st","description":"Egy felm\u00e9r\u00e9s szerint a generat\u00edv AI gyeng\u00edti a kritikus gondolkod\u00e1st. A fels\u0151oktat\u00e1sban dolgoz\u00f3 oktat\u00f3k szerint v\u00e1ltozni fog a hagyom\u00e1nyos oktat\u00e1si modell is.","inLanguage":"hu-HU","isPartOf":{"@id":"https:\/\/allasorias.hu\/hirek\/#website"},"breadcrumb":{"@id":"https:\/\/allasorias.hu\/hirek\/a-generativ-ai-gyengiti-a-kritikus-gondolkodast\/#breadcrumblist"},"author":{"@id":"https:\/\/allasorias.hu\/hirek\/author\/admin-allasorias\/#author"},"creator":{"@id":"https:\/\/allasorias.hu\/hirek\/author\/admin-allasorias\/#author"},"image":{"@type":"ImageObject","url":"https:\/\/allasorias.hu\/hirek\/wp-content\/uploads\/2026\/03\/AI-gyengiti-a-kritikus-gondolkodast.jpg","@id":"https:\/\/allasorias.hu\/hirek\/a-generativ-ai-gyengiti-a-kritikus-gondolkodast\/#mainImage","width":1920,"height":1013,"caption":"A generat\u00edv AI gyeng\u00edti a kritikus gondolkod\u00e1st - Allasorias.hu\/Hirek"},"primaryImageOfPage":{"@id":"https:\/\/allasorias.hu\/hirek\/a-generativ-ai-gyengiti-a-kritikus-gondolkodast\/#mainImage"},"datePublished":"2026-03-02T16:15:08+02:00","dateModified":"2026-03-02T16:15:08+02:00"},{"@type":"WebSite","@id":"https:\/\/allasorias.hu\/hirek\/#website","url":"https:\/\/allasorias.hu\/hirek\/","name":"AllasOrias.hu | H\u00edrek-lapszemle","description":"\u00dczleti h\u00edrek az \u00e1ll\u00e1s \u00e9s a munka vil\u00e1g\u00e1b\u00f3l","inLanguage":"hu-HU","publisher":{"@id":"https:\/\/allasorias.hu\/hirek\/#organization"}}]},"og:locale":"hu_HU","og:site_name":"AllasOrias.hu | H\u00edrek-lapszemle | \u00dczleti h\u00edrek az \u00e1ll\u00e1s \u00e9s a munka vil\u00e1g\u00e1b\u00f3l","og:type":"article","og:title":"A generat\u00edv AI gyeng\u00edti a kritikus gondolkod\u00e1st","og:description":"Egy felm\u00e9r\u00e9s szerint a generat\u00edv AI gyeng\u00edti a kritikus gondolkod\u00e1st. A fels\u0151oktat\u00e1sban dolgoz\u00f3 oktat\u00f3k szerint v\u00e1ltozni fog a hagyom\u00e1nyos oktat\u00e1si modell is.","og:url":"https:\/\/allasorias.hu\/hirek\/a-generativ-ai-gyengiti-a-kritikus-gondolkodast\/","og:image":"https:\/\/allasorias.hu\/hirek\/wp-content\/uploads\/2026\/03\/AI-gyengiti-a-kritikus-gondolkodast.jpg","og:image:secure_url":"https:\/\/allasorias.hu\/hirek\/wp-content\/uploads\/2026\/03\/AI-gyengiti-a-kritikus-gondolkodast.jpg","og:image:width":1920,"og:image:height":1013,"article:published_time":"2026-03-02T14:15:08+00:00","article:modified_time":"2026-03-02T14:15:08+00:00","article:publisher":"https:\/\/www.facebook.com\/allasorias","twitter:card":"summary_large_image","twitter:title":"A generat\u00edv AI gyeng\u00edti a kritikus gondolkod\u00e1st","twitter:description":"Egy felm\u00e9r\u00e9s szerint a generat\u00edv AI gyeng\u00edti a kritikus gondolkod\u00e1st. A fels\u0151oktat\u00e1sban dolgoz\u00f3 oktat\u00f3k szerint v\u00e1ltozni fog a hagyom\u00e1nyos oktat\u00e1si modell is.","twitter:image":"https:\/\/allasorias.hu\/hirek\/wp-content\/uploads\/2026\/03\/AI-gyengiti-a-kritikus-gondolkodast.jpg","twitter:label1":"Written by","twitter:data1":"Juh\u00e1sz P\u00e9ter","twitter:label2":"Est. reading time","twitter:data2":"3 minutes"},"aioseo_meta_data":{"post_id":"9106","title":"#post_title","description":"Egy felm\u00e9r\u00e9s szerint a generat\u00edv AI gyeng\u00edti a kritikus gondolkod\u00e1st. A fels\u0151oktat\u00e1sban dolgoz\u00f3 oktat\u00f3k szerint v\u00e1ltozni fog a hagyom\u00e1nyos oktat\u00e1si modell is.","keywords":null,"keyphrases":{"focus":{"keyphrase":"","score":0,"analysis":{"keyphraseInTitle":{"score":0,"maxScore":9,"error":1}}},"additional":[]},"primary_term":null,"canonical_url":null,"og_title":null,"og_description":null,"og_object_type":"default","og_image_type":"default","og_image_url":null,"og_image_width":null,"og_image_height":null,"og_image_custom_url":null,"og_image_custom_fields":null,"og_video":"","og_custom_url":null,"og_article_section":null,"og_article_tags":null,"twitter_use_og":true,"twitter_card":"default","twitter_image_type":"default","twitter_image_url":null,"twitter_image_custom_url":null,"twitter_image_custom_fields":null,"twitter_title":null,"twitter_description":null,"schema":{"blockGraphs":[],"customGraphs":[],"default":{"data":{"Article":[],"Course":[],"Dataset":[],"FAQPage":[],"Movie":[],"Person":[],"Product":[],"ProductReview":[],"Car":[],"Recipe":[],"Service":[],"SoftwareApplication":[],"WebPage":[]},"graphName":"Article","isEnabled":true},"graphs":[]},"schema_type":"default","schema_type_options":null,"pillar_content":false,"robots_default":true,"robots_noindex":false,"robots_noarchive":false,"robots_nosnippet":false,"robots_nofollow":false,"robots_noimageindex":false,"robots_noodp":false,"robots_notranslate":false,"robots_max_snippet":"-1","robots_max_videopreview":"-1","robots_max_imagepreview":"large","priority":null,"frequency":"default","location":null,"local_seo":null,"breadcrumb_settings":null,"limit_modified_date":false,"ai":{"faqs":[],"keyPoints":[],"titles":[],"descriptions":[],"socialPosts":{"email":[],"linkedin":[],"twitter":[],"facebook":[],"instagram":[]}},"created":"2026-03-02 14:06:21","updated":"2026-03-02 14:21:33","seo_analyzer_scan_date":null,"focus_keyword":null,"additional_keywords":null,"truseo_locale":null},"aioseo_breadcrumb":"<div class=\"aioseo-breadcrumbs\"><span class=\"aioseo-breadcrumb\">\n\t\t\t<a href=\"https:\/\/allasorias.hu\/hirek\" title=\"Home\">Home<\/a>\n\t\t<\/span><span class=\"aioseo-breadcrumb-separator\">&raquo;<\/span><span class=\"aioseo-breadcrumb\">\n\t\t\t<a href=\"https:\/\/allasorias.hu\/hirek\/temak\/munkaeropiac\/\" title=\"Munkaer\u0151piac\">Munkaer\u0151piac<\/a>\n\t\t<\/span><span class=\"aioseo-breadcrumb-separator\">&raquo;<\/span><span class=\"aioseo-breadcrumb\">\n\t\t\tA generat\u00edv AI gyeng\u00edti a kritikus gondolkod\u00e1st\n\t\t<\/span><\/div>","aioseo_breadcrumb_json":[{"label":"Home","link":"https:\/\/allasorias.hu\/hirek"},{"label":"Munkaer\u0151piac","link":"https:\/\/allasorias.hu\/hirek\/temak\/munkaeropiac\/"},{"label":"A generat\u00edv AI gyeng\u00edti a kritikus gondolkod\u00e1st","link":"https:\/\/allasorias.hu\/hirek\/a-generativ-ai-gyengiti-a-kritikus-gondolkodast\/"}],"_links":{"self":[{"href":"https:\/\/allasorias.hu\/hirek\/wp-json\/wp\/v2\/posts\/9106","targetHints":{"allow":["GET"]}}],"collection":[{"href":"https:\/\/allasorias.hu\/hirek\/wp-json\/wp\/v2\/posts"}],"about":[{"href":"https:\/\/allasorias.hu\/hirek\/wp-json\/wp\/v2\/types\/post"}],"author":[{"embeddable":true,"href":"https:\/\/allasorias.hu\/hirek\/wp-json\/wp\/v2\/users\/1"}],"replies":[{"embeddable":true,"href":"https:\/\/allasorias.hu\/hirek\/wp-json\/wp\/v2\/comments?post=9106"}],"version-history":[{"count":1,"href":"https:\/\/allasorias.hu\/hirek\/wp-json\/wp\/v2\/posts\/9106\/revisions"}],"predecessor-version":[{"id":9108,"href":"https:\/\/allasorias.hu\/hirek\/wp-json\/wp\/v2\/posts\/9106\/revisions\/9108"}],"wp:featuredmedia":[{"embeddable":true,"href":"https:\/\/allasorias.hu\/hirek\/wp-json\/wp\/v2\/media\/9107"}],"wp:attachment":[{"href":"https:\/\/allasorias.hu\/hirek\/wp-json\/wp\/v2\/media?parent=9106"}],"wp:term":[{"taxonomy":"category","embeddable":true,"href":"https:\/\/allasorias.hu\/hirek\/wp-json\/wp\/v2\/categories?post=9106"},{"taxonomy":"post_tag","embeddable":true,"href":"https:\/\/allasorias.hu\/hirek\/wp-json\/wp\/v2\/tags?post=9106"}],"curies":[{"name":"wp","href":"https:\/\/api.w.org\/{rel}","templated":true}]}}