{"id":9037,"date":"2026-01-30T09:41:09","date_gmt":"2026-01-30T07:41:09","guid":{"rendered":"https:\/\/allasorias.hu\/hirek\/?p=9037"},"modified":"2026-01-30T09:41:09","modified_gmt":"2026-01-30T07:41:09","slug":"ovatosak-a-cegek-a-munkavallalok-elegedetlenek","status":"publish","type":"post","link":"https:\/\/allasorias.hu\/hirek\/ovatosak-a-cegek-a-munkavallalok-elegedetlenek\/","title":{"rendered":"\u00d3vatosak a c\u00e9gek, a munkav\u00e1llal\u00f3k el\u00e9gedetlenek"},"content":{"rendered":"<p><strong>A bizonytalans\u00e1g l\u00e1tszik a munkaad\u00f3i \u00e9s a munkav\u00e1llal\u00f3i oldalon is a j\u00f6v\u0151t illet\u0151en. A foglalkoztat\u00f3k \u00f3vatosak a fejleszt\u00e9sek ter\u00e9n, a dolgoz\u00f3k pedig el\u00e9gedetlenek a fizet\u00e9s\u00fckkel.<\/strong><\/p>\n<p>Romlott a magyar dolgoz\u00f3k biztons\u00e1g\u00e9rzete tavaly, \u00e9s k\u00f6zben a v\u00e1llalatok j\u00f6v\u0151be vetett bizalma is gyeng\u00fclt \u2013 der\u00fcl ki a PwC \u00e9s a GKI friss felm\u00e9r\u00e9seib\u0151l. A munkav\u00e1llal\u00f3k t\u00f6bb mint fele el\u00e9gedetlen a fizet\u00e9s\u00e9vel, mik\u00f6zben egyre t\u00f6bb c\u00e9g sz\u00e1mol \u00e1remel\u00e9ssel \u00e9s l\u00e9tsz\u00e1mcs\u00f6kkent\u00e9ssel. A PwC Munkaer\u0151piaci K\u00f6rk\u00e9pe szerint 2025-ben megtorpant az elm\u00falt \u00e9vekben tapasztalt javul\u00e1s, az anyagi biztons\u00e1g\u00e9rzet \u00e1tlaga 6,1 pontr\u00f3l 5,9-re cs\u00f6kkent egy t\u00edzfok\u00fa sk\u00e1l\u00e1n.<\/p>\n<p>A v\u00e1laszad\u00f3k t\u00f6bb mint fele \u00fagy \u00e9rzi, b\u00e9re nem k\u00f6vette az infl\u00e1ci\u00f3t, \u00e9s k\u00f6zel ugyanennyien el\u00e9gedetlenek a juttat\u00e1saikkal is. A megk\u00e9rdezettek 36 sz\u00e1zal\u00e9ka t\u00falterheltnek \u00e9s stresszesnek \u00e9rzi a munk\u00e1j\u00e1t, m\u00edg 23 sz\u00e1zal\u00e9k bizonytalannak l\u00e1tja saj\u00e1t szakmai j\u00f6v\u0151j\u00e9t. A munkahelyi k\u00f6z\u00e9rzet \u00f6sszess\u00e9g\u00e9ben tov\u00e1bbra is viszonylag kedvez\u0151, de ezen a t\u00e9ren is roml\u00e1s l\u00e1that\u00f3: az \u00e1tlagos el\u00e9gedetts\u00e9gi mutat\u00f3 7,6-r\u00f3l 7,4 pontra esett vissza. A dolgoz\u00f3i hangulat roml\u00e1s\u00e1val p\u00e1rhuzamosan a v\u00e1llalatok kil\u00e1t\u00e1sai is gyeng\u00fcltek.<\/p>\n<p>A GKI Gazdas\u00e1gkutat\u00f3 Zrt. janu\u00e1rban k\u00f6zz\u00e9tett felm\u00e9r\u00e9se szerint a fogyaszt\u00f3k v\u00e1rakoz\u00e1sai nem v\u00e1ltoztak \u00e9rdemben decemberhez k\u00e9pest, a c\u00e9gek\u00e9 viszont romlott. A v\u00e1llalkoz\u00e1sok foglalkoztat\u00e1si hajland\u00f3s\u00e1ga r\u00f6vid t\u00e1von stagn\u00e1l, de a k\u00f6vetkez\u0151 h\u00e1rom h\u00f3napra m\u00e1r \u00f3vatosabbak, 12 sz\u00e1zal\u00e9kuk l\u00e9tsz\u00e1mcs\u00f6kkent\u00e9st tervez, mik\u00f6zben csak 9 sz\u00e1zal\u00e9k k\u00e9sz\u00fcl b\u0151v\u00edt\u00e9sre. Az \u00e9p\u00edt\u0151iparban k\u00fcl\u00f6n\u00f6sen bor\u00fal\u00e1t\u00f3ak a kil\u00e1t\u00e1sok, ott a t\u00f6bbs\u00e9g ink\u00e1bb le\u00e9p\u00edt\u00e9sre sz\u00e1m\u00edt. Az \u00e1rak ter\u00e9n is er\u0151s\u00f6dik a felfel\u00e9 mutat\u00f3 nyom\u00e1s. A k\u00f6vetkez\u0151 h\u00e1rom h\u00f3napban a c\u00e9gek 35 sz\u00e1zal\u00e9ka tervez \u00e1remel\u00e9st, ami magasabb ar\u00e1ny, mint decemberben volt, mik\u00f6zben \u00e1rcs\u00f6kkent\u00e9sre mind\u00f6ssze 8 sz\u00e1zal\u00e9kuk k\u00e9sz\u00fcl. A felm\u00e9r\u00e9sek alapj\u00e1n egyszerre romlik a dolgoz\u00f3k anyagi biztons\u00e1g\u00e9rzete \u00e9s a v\u00e1llalatok j\u00f6v\u0151be vetett bizalma, ami azt jelzi, hogy a gazdas\u00e1gi bizonytalans\u00e1g a munkaer\u0151piacon is egyre k\u00e9zzelfoghat\u00f3bb\u00e1 v\u00e1lik.<\/p>\n<p>Forr\u00e1s: <a href=\"https:\/\/kontroll.hu\/cikk\/gazdasag\/2026\/01\/29\/a-dolgozok-fele-elegedetlen-a-berevel-megtoerni-latszik-a-javulo-trend-a-munkaeropiacon\" target=\"_blank\" rel=\"nofollow noopener noreferrer\">kontroll.hu<\/a><\/p>\n","protected":false},"excerpt":{"rendered":"<p>A bizonytalans\u00e1g l\u00e1tszik a munkaad\u00f3i \u00e9s a munkav\u00e1llal\u00f3i oldalon is a j\u00f6v\u0151t illet\u0151en. A foglalkoztat\u00f3k \u00f3vatosak a fejleszt\u00e9sek ter\u00e9n, a dolgoz\u00f3k pedig el\u00e9gedetlenek a fizet\u00e9s\u00fckkel. Romlott a magyar dolgoz\u00f3k biztons\u00e1g\u00e9rzete tavaly, \u00e9s k\u00f6zben a v\u00e1llalatok j\u00f6v\u0151be vetett bizalma is gyeng\u00fclt \u2013 der\u00fcl ki a PwC \u00e9s a GKI friss felm\u00e9r\u00e9seib\u0151l. A munkav\u00e1llal\u00f3k t\u00f6bb mint fele [&hellip;]<\/p>\n","protected":false},"author":1,"featured_media":9038,"comment_status":"closed","ping_status":"closed","sticky":false,"template":"","format":"standard","meta":{"_monsterinsights_skip_tracking":false,"_monsterinsights_sitenote_active":false,"_monsterinsights_sitenote_note":"","_monsterinsights_sitenote_category":0,"footnotes":""},"categories":[200],"tags":[],"class_list":["post-9037","post","type-post","status-publish","format-standard","has-post-thumbnail","hentry","category-munkaeropiac"],"aioseo_notices":[],"_links":{"self":[{"href":"https:\/\/allasorias.hu\/hirek\/wp-json\/wp\/v2\/posts\/9037","targetHints":{"allow":["GET"]}}],"collection":[{"href":"https:\/\/allasorias.hu\/hirek\/wp-json\/wp\/v2\/posts"}],"about":[{"href":"https:\/\/allasorias.hu\/hirek\/wp-json\/wp\/v2\/types\/post"}],"author":[{"embeddable":true,"href":"https:\/\/allasorias.hu\/hirek\/wp-json\/wp\/v2\/users\/1"}],"replies":[{"embeddable":true,"href":"https:\/\/allasorias.hu\/hirek\/wp-json\/wp\/v2\/comments?post=9037"}],"version-history":[{"count":1,"href":"https:\/\/allasorias.hu\/hirek\/wp-json\/wp\/v2\/posts\/9037\/revisions"}],"predecessor-version":[{"id":9039,"href":"https:\/\/allasorias.hu\/hirek\/wp-json\/wp\/v2\/posts\/9037\/revisions\/9039"}],"wp:featuredmedia":[{"embeddable":true,"href":"https:\/\/allasorias.hu\/hirek\/wp-json\/wp\/v2\/media\/9038"}],"wp:attachment":[{"href":"https:\/\/allasorias.hu\/hirek\/wp-json\/wp\/v2\/media?parent=9037"}],"wp:term":[{"taxonomy":"category","embeddable":true,"href":"https:\/\/allasorias.hu\/hirek\/wp-json\/wp\/v2\/categories?post=9037"},{"taxonomy":"post_tag","embeddable":true,"href":"https:\/\/allasorias.hu\/hirek\/wp-json\/wp\/v2\/tags?post=9037"}],"curies":[{"name":"wp","href":"https:\/\/api.w.org\/{rel}","templated":true}]}}