{"id":9031,"date":"2026-01-28T13:53:43","date_gmt":"2026-01-28T11:53:43","guid":{"rendered":"https:\/\/allasorias.hu\/hirek\/?p=9031"},"modified":"2026-01-28T13:53:43","modified_gmt":"2026-01-28T11:53:43","slug":"pozitiv-valtozasok-nemi-negativ-vonallal-a-munkaeropiacon","status":"publish","type":"post","link":"https:\/\/allasorias.hu\/hirek\/pozitiv-valtozasok-nemi-negativ-vonallal-a-munkaeropiacon\/","title":{"rendered":"Pozit\u00edv v\u00e1ltoz\u00e1sok n\u00e9mi negat\u00edv vonallal a munkaer\u0151piacon"},"content":{"rendered":"<p><strong>2030-ra v\u00e1rhat\u00f3an az id\u0151sek sz\u00e1m\u00e1nak n\u00f6veked\u00e9se prognosztiz\u00e1lhat\u00f3 a munkaer\u0151piacon. A foglalkoztat\u00e1sban enyhe visszaes\u00e9sre sz\u00e1m\u00edtanak az elemz\u0151k. A b\u00e9rn\u00f6veked\u00e9s \u00fctem\u00e9t tekintve viszont haz\u00e1nk j\u00f3l \u00e1ll az uni\u00f3s orsz\u00e1gokhoz k\u00e9pest.<\/strong><\/p>\n<p>A GDP-el\u0151rejelz\u00e9sek biztat\u00f3k, a munkaer\u0151piaci grafikonok viszont dermeszt\u0151k: az akt\u00edv kor\u00faak t\u00f6megesen esnek ki, mik\u00f6zben az id\u0151sebbek sz\u00e1ma n\u0151. A trend m\u00e1r megford\u00edthatatlan. Magyarorsz\u00e1g gazdas\u00e1g\u00e1t legink\u00e1bb a h\u00e1bor\u00fa \u00e9s a n\u00e9met gazdas\u00e1g gyeng\u00e9lked\u00e9se fogja vissza, de \u00edgy is 2-3 sz\u00e1zal\u00e9kos GDP-n\u00f6veked\u00e9s v\u00e1rhat\u00f3 id\u00e9n &#8211; ez der\u00fclt ki az Oeconomus Gazdas\u00e1gkutat\u00f3 Alap\u00edtv\u00e1ny friss kutat\u00e1s\u00e1b\u00f3l. Ugyanakkor az agytr\u00f6szt egy jelent\u0151s hossz\u00fat\u00e1v\u00fa kock\u00e1zati t\u00e9nyez\u0151re is felh\u00edvta a figyelmet. Musz\u00e1j kiemelni a v\u00e1ltoz\u00e1sokat a munkaer\u0151piacon, ahol ugyancsak pozit\u00edv folyamatok indultak meg, \u00e9s az extr\u00e9m feszess\u00e9ge valamelyest enyh\u00fclt, ugyanakkor a jelent\u00e9s figyelmeztet is.<\/p>\n<p>Mindenesetre az elemz\u0151k szerint az is optimizmusra ad okot, hogy id\u00e9n t\u00f6bb nagy beruh\u00e1z\u00e1s term\u0151re fordul, aminek a munkaer\u0151piacra is lesz hat\u00e1sa. \u00dagy l\u00e1tj\u00e1k, hogy az esetleges kih\u00edv\u00e1sokra pedig a korm\u00e1nyzat, p\u00e9ld\u00e1ul a munkaer\u0151piac perem\u00e9n l\u00e9v\u0151k, di\u00e1kok, nyugd\u00edjasok, gyed mellett dolgoz\u00f3 anyuk\u00e1k, megv\u00e1ltozott munkak\u00e9pess\u00e9g\u0171ek, bevon\u00e1s\u00e1val k\u00e9sz\u00fcl. Ugyanakkor a foglalkoztatottak sz\u00e1m\u00e1nak korcsoportonk\u00e9nti v\u00e1rhat\u00f3 v\u00e1ltoz\u00e1sa 2023-2030 k\u00f6z\u00f6tt balj\u00f3s k\u00e9pet fest. Eg\u00e9szen d\u00f6bbenetes, de a 45-49 \u00e9v k\u00f6zti koroszt\u00e1lyb\u00f3l 176,1 ezer foglalkoztatott &#8222;t\u0171nik el&#8221;. Az el\u00f6reged\u0151 munkaer\u0151piacra jellemz\u0151, hogy ebben az id\u0151szakban az 50-54, valamint az 55-59 \u00e9vesek t\u00f6bb mint 90 ezerrel fognak n\u00f6vekedni. Ezzel szemben a 15-49 \u00e9v k\u00f6z\u00f6tti foglalkoztatottak sz\u00e1ma 351,8 ezer f\u0151vel fog cs\u00f6kkeni \u00f6sszesen 2030-ig.<\/p>\n<p>Egy\u00e9bk\u00e9nt tavaly a magyar munkaer\u0151piac m\u00e9g stabil k\u00e9pet mutatott. A foglalkoztatottak sz\u00e1ma l\u00e9nyeg\u00e9ben v\u00e1ltozatlan maradt, mik\u00f6zben a 15\u201374 \u00e9ves koroszt\u00e1lyban a foglalkoztat\u00e1si r\u00e1ta tov\u00e1bbra is 65 sz\u00e1zal\u00e9kban felett alakult. A munkan\u00e9lk\u00fclis\u00e9gi r\u00e1ta 4,3\u20134,5 sz\u00e1zal\u00e9k k\u00f6z\u00f6tt mozgott, ami kedvez\u0151bb az Eur\u00f3pai Uni\u00f3 \u00e1tlag\u00e1n\u00e1l. A munkaer\u0151piaci folyamatokat t\u00f6bb struktur\u00e1lis trend is befoly\u00e1solja. Ilyen az automatiz\u00e1ci\u00f3 \u00e9s a mesters\u00e9ges intelligencia t\u00e9rnyer\u00e9se, az id\u0151s\u00f6d\u0151 t\u00e1rsadalom \u00e9s a gener\u00e1ci\u00f3v\u00e1lt\u00e1s, valamint a t\u00f6bb \u00e1gazatot \u00e9rint\u0151 tart\u00f3s munkaer\u0151hi\u00e1ny. 2026-ra a Magyar Nemzeti Bank el\u0151rejelz\u00e9se szerint a foglalkoztat\u00e1sban enyhe visszaes\u00e9s v\u00e1rhat\u00f3, amelyet kism\u00e9rt\u00e9k\u0171 munkan\u00e9lk\u00fclis\u00e9g-emelked\u00e9s k\u00eds\u00e9rhet. Ez nem t\u00f6meges elbocs\u00e1t\u00e1sokkal j\u00e1rhat, ink\u00e1bb a munkaer\u0151piac feszess\u00e9g\u00e9nek tov\u00e1bbi enyh\u00fcl\u00e9s\u00e9vel. A v\u00e1llalatok egyre kev\u00e9sb\u00e9 t\u00f6ltik fel a meg\u00fcresedett \u00e1ll\u00e1shelyeket, ugyanakkor a nagyberuh\u00e1z\u00e1sok \u00e9l\u00e9nk\u00edt\u0151 hat\u00e1ssal lehetnek a munkaer\u0151piacra &#8211; der\u00fclt ki az Oeconomus elemz\u00e9s\u00e9b\u0151l.<\/p>\n<p>Azt is meg\u00e1llap\u00edtott\u00e1k, hogy 2025-ben a munkaer\u0151piac feszess\u00e9ge er\u0151teljes b\u00e9remelked\u00e9st eredm\u00e9nyezett. Janu\u00e1r \u00e9s okt\u00f3ber k\u00f6z\u00f6tt a brutt\u00f3 \u00e1tlagkereset 691 400 forint volt, ami 9,1 sz\u00e1zal\u00e9kos n\u00f6veked\u00e9st jelentett. A nett\u00f3 \u00e1tlagkereset 476 600 forintot tett ki (+9,3 sz\u00e1zal\u00e9k), amit a csal\u00e1dt\u00e1mogat\u00e1si elemek is er\u0151s\u00edtettek.A re\u00e1lb\u00e9rek imm\u00e1r t\u00f6bb mint k\u00e9t \u00e9ve emelkednek folyamatosan. 2025-ben a n\u00f6veked\u00e9s 3,2\u20135,5 sz\u00e1zal\u00e9k k\u00f6z\u00f6tti volt, amely \u00e9l\u00e9nk\u00edtette a kiskereskedelmi forgalmat \u00e9s jav\u00edtotta a fogyaszt\u00f3i bizalmat. Nemzetk\u00f6zi \u00f6sszevet\u00e9sben Magyarorsz\u00e1g az EU \u00e9lmez\u0151ny\u00e9hez tartozik a b\u00e9rn\u00f6veked\u00e9s \u00fctem\u00e9t \u00a0tekintve.<\/p>\n<p>A 2025 harmadik negyed\u00e9v\u00e9re vonatkoz\u00f3 adatok szerint a re\u00e1lb\u00e9rek \u00e9ves szinten a k\u00f6vetkez\u0151k\u00e9ppen alakultak:<\/p>\n<ul>\n<li>Magyarorsz\u00e1g: +5 sz\u00e1zal\u00e9k,<\/li>\n<li>Csehorsz\u00e1g: +4,5 sz\u00e1zal\u00e9k,<\/li>\n<li>Lengyelorsz\u00e1g: +4,3 sz\u00e1zal\u00e9k,<\/li>\n<li>Szlov\u00e1kia: +1,3 sz\u00e1zal\u00e9k,<\/li>\n<li>Rom\u00e1nia: \u20134,2 sz\u00e1zal\u00e9k (a magas infl\u00e1ci\u00f3 miatt).<\/li>\n<\/ul>\n<p>Id\u00e9n a b\u00e9rfolyamatokat tov\u00e1bb \u00e9l\u00e9nk\u00edtheti, hogy a minim\u00e1lb\u00e9r 11 sz\u00e1zal\u00e9kkal 322 800 forintra emelkedett, m\u00edg a garant\u00e1lt b\u00e9rminimum 7 sz\u00e1zal\u00e9kkal n\u0151tt, el\u00e9rve a 373 200 forintos szintet. Mindk\u00e9t int\u00e9zked\u00e9s az infl\u00e1ci\u00f3 feletti emelked\u00e9st jelent, ami a re\u00e1lb\u00e9rek tov\u00e1bbi, v\u00e1rhat\u00f3an 4\u20136 sz\u00e1zal\u00e9kos b\u0151v\u00fcl\u00e9s\u00e9t vet\u00edti el\u0151re. A kis- \u00e9s k\u00f6z\u00e9pv\u00e1llalkoz\u00e1sok sz\u00e1m\u00e1ra \u00e1llami t\u00e1mogat\u00e1s biztos\u00edtja a b\u00e9remel\u00e9sek p\u00e9nz\u00fcgyi h\u00e1tter\u00e9t. Az \u00e1tlagos nomin\u00e1lis b\u00e9remelked\u00e9s 8\u201310 sz\u00e1zal\u00e9k k\u00f6r\u00fcl alakulhat, m\u00edg az \u00e1llami szf\u00e9r\u00e1ban 10\u201315 sz\u00e1zal\u00e9kos keresetfejleszt\u00e9sek, valamint fegyverp\u00e9nz-kifizet\u00e9sek is megval\u00f3sulhatnak. Hosszabb t\u00e1von a b\u00e9rdinamik\u00e1t t\u00f6bb t\u00e9nyez\u0151 form\u00e1lja: a demogr\u00e1fiai folyamatok, a munkaer\u0151hi\u00e1ny, az \u00faj beruh\u00e1z\u00e1sok, illetve az Eur\u00f3pai Uni\u00f3 b\u00e9rtranszparencia-ir\u00e1nyelve.<\/p>\n<p>Forr\u00e1s: <a href=\"https:\/\/www.economx.hu\/gazdasag\/gdp-munkaero-oeconomus-nepesseg-beremeles-riasztas.822995.html\" target=\"_blank\" rel=\"nofollow noopener\">economx.hu<\/a><\/p>\n","protected":false},"excerpt":{"rendered":"<p>2030-ra v\u00e1rhat\u00f3an az id\u0151sek sz\u00e1m\u00e1nak n\u00f6veked\u00e9se prognosztiz\u00e1lhat\u00f3 a munkaer\u0151piacon. A foglalkoztat\u00e1sban enyhe visszaes\u00e9sre sz\u00e1m\u00edtanak az elemz\u0151k. A b\u00e9rn\u00f6veked\u00e9s \u00fctem\u00e9t tekintve viszont haz\u00e1nk j\u00f3l \u00e1ll az uni\u00f3s orsz\u00e1gokhoz k\u00e9pest. A GDP-el\u0151rejelz\u00e9sek biztat\u00f3k, a munkaer\u0151piaci grafikonok viszont dermeszt\u0151k: az akt\u00edv kor\u00faak t\u00f6megesen esnek ki, mik\u00f6zben az id\u0151sebbek sz\u00e1ma n\u0151. A trend m\u00e1r megford\u00edthatatlan. Magyarorsz\u00e1g gazdas\u00e1g\u00e1t legink\u00e1bb a [&hellip;]<\/p>\n","protected":false},"author":1,"featured_media":9032,"comment_status":"closed","ping_status":"closed","sticky":false,"template":"","format":"standard","meta":{"_monsterinsights_skip_tracking":false,"_monsterinsights_sitenote_active":false,"_monsterinsights_sitenote_note":"","_monsterinsights_sitenote_category":0,"footnotes":""},"categories":[200],"tags":[],"class_list":["post-9031","post","type-post","status-publish","format-standard","has-post-thumbnail","hentry","category-munkaeropiac"],"aioseo_notices":[],"_links":{"self":[{"href":"https:\/\/allasorias.hu\/hirek\/wp-json\/wp\/v2\/posts\/9031","targetHints":{"allow":["GET"]}}],"collection":[{"href":"https:\/\/allasorias.hu\/hirek\/wp-json\/wp\/v2\/posts"}],"about":[{"href":"https:\/\/allasorias.hu\/hirek\/wp-json\/wp\/v2\/types\/post"}],"author":[{"embeddable":true,"href":"https:\/\/allasorias.hu\/hirek\/wp-json\/wp\/v2\/users\/1"}],"replies":[{"embeddable":true,"href":"https:\/\/allasorias.hu\/hirek\/wp-json\/wp\/v2\/comments?post=9031"}],"version-history":[{"count":1,"href":"https:\/\/allasorias.hu\/hirek\/wp-json\/wp\/v2\/posts\/9031\/revisions"}],"predecessor-version":[{"id":9033,"href":"https:\/\/allasorias.hu\/hirek\/wp-json\/wp\/v2\/posts\/9031\/revisions\/9033"}],"wp:featuredmedia":[{"embeddable":true,"href":"https:\/\/allasorias.hu\/hirek\/wp-json\/wp\/v2\/media\/9032"}],"wp:attachment":[{"href":"https:\/\/allasorias.hu\/hirek\/wp-json\/wp\/v2\/media?parent=9031"}],"wp:term":[{"taxonomy":"category","embeddable":true,"href":"https:\/\/allasorias.hu\/hirek\/wp-json\/wp\/v2\/categories?post=9031"},{"taxonomy":"post_tag","embeddable":true,"href":"https:\/\/allasorias.hu\/hirek\/wp-json\/wp\/v2\/tags?post=9031"}],"curies":[{"name":"wp","href":"https:\/\/api.w.org\/{rel}","templated":true}]}}