{"id":9027,"date":"2026-01-27T10:53:53","date_gmt":"2026-01-27T08:53:53","guid":{"rendered":"https:\/\/allasorias.hu\/hirek\/?p=9027"},"modified":"2026-01-27T10:53:53","modified_gmt":"2026-01-27T08:53:53","slug":"a-mesterseges-intelligencia-karos-hatasai","status":"publish","type":"post","link":"https:\/\/allasorias.hu\/hirek\/a-mesterseges-intelligencia-karos-hatasai\/","title":{"rendered":"A mesters\u00e9ges intelligencia k\u00e1ros hat\u00e1sai"},"content":{"rendered":"<p><strong>A tapasztalatok azt mutatj\u00e1k, hogy a mesters\u00e9ges intelligenci\u00e1nak vannak k\u00e1ros hat\u00e1sai is. vannak, akik mindenhez haszn\u00e1lj\u00e1k, de sok ellen\u0151rz\u00e9ssel \u00e9s jav\u00edt\u00e1ssal v\u00e9gzik el a munk\u00e1jukat, vannak akik csup\u00e1n saj\u00e1t munk\u00e1juk ellen\u0151rz\u00e9s\u00e9re, meger\u0151s\u00edt\u00e9sre veszik ig\u00e9nybe.<\/strong><\/p>\n<p>Egy friss kutat\u00e1s szerint minden 10 \u00f3r\u00e1nyi, az AI-nak k\u00f6sz\u00f6nhet\u0151 hat\u00e9konys\u00e1gn\u00f6veked\u00e9s ut\u00e1n k\u00f6zel n\u00e9gy \u00f3ra veszik el a tartalom jav\u00edt\u00e1s\u00e1val. Egy m\u00e1sik kutat\u00e1s szerint az AI negat\u00edv pszichol\u00f3giai hat\u00e1ssal van az alkalmazottakra. A Workday \u00faj kutat\u00e1sa szerint a mesters\u00e9ges intelligencia haszn\u00e1lata mellett a munkahelyi termel\u00e9kenys\u00e9g k\u00f6zel 40%-a elveszik az AI \u00e1ltal okozott hib\u00e1k \u00e9s az alacsony min\u0151s\u00e9g\u0171 eredm\u00e9nyek miatt \u2013 \u00edrja a HR Dive.<\/p>\n<p>A jelent\u00e9s meg\u00e1llap\u00edtotta, hogy b\u00e1r az AI seg\u00edt az alkalmazottaknak a feladatok gyorsabb elv\u00e9gz\u00e9s\u00e9ben, de csak a munkav\u00e1llal\u00f3k 14%-a mondta, hogy k\u00f6vetkezetesen pozit\u00edv eredm\u00e9nyeket \u00e9r el a mesters\u00e9ges intelligencia haszn\u00e1lat\u00e1val, ami azt jelenti, hogy csak egy kis sz\u00e1zal\u00e9kuk haszn\u00e1lja az AI-t munk\u00e1juk min\u0151s\u00e9g\u00e9nek jav\u00edt\u00e1s\u00e1ra vagy a magasabb \u00e9rt\u00e9k\u0171 \u00edt\u00e9l\u0151k\u00e9pess\u00e9g \u00e9s d\u00f6nt\u00e9shozatal t\u00e1mogat\u00e1s\u00e1ra. A HR-szakemberek jelentett\u00e9k a legmagasabb ar\u00e1nyban (38%), hogy k\u00e9nytelenek voltak az AI ut\u00e1n dolgozni \u00e9s jav\u00edtani a technika \u00e1ltal elk\u00f6vetett hib\u00e1kon. A kutat\u00e1s szerint minden 10 \u00f3r\u00e1nyi, az AI-nak k\u00f6sz\u00f6nhet\u0151 hat\u00e9konys\u00e1gn\u00f6veked\u00e9s ut\u00e1n k\u00f6zel n\u00e9gy \u00f3ra veszik el a tartalom, eredm\u00e9ny jav\u00edt\u00e1s\u00e1val. \u201e<em>Ennek eredm\u00e9nyek\u00e9nt az AI-nak k\u00f6sz\u00f6nhet\u0151en megtakar\u00edtott id\u0151 k\u00f6r\u00fclbel\u00fcl 37%-\u00e1t ellens\u00falyozza az ut\u00f3lagos jav\u00edt\u00e1s<\/em>\u201d \u2013 \u00e1ll a jelent\u00e9sben.<\/p>\n<p>A Workday becsl\u00e9se szerint a nagyon elk\u00f6telezett alkalmazottak \u00e9vente \u00f6sszesen 1,5 h\u00e9t id\u0151t vesz\u00edtenek az mesters\u00e9ges intelligencia \u00e1ltal elk\u00f6vetett hib\u00e1k jav\u00edt\u00e1s\u00e1val. Az eredm\u00e9nyek\u00a0 szerint ez a termel\u00e9kenys\u00e9gre kivetett \u201eAI-ad\u00f3\u201d, azaz jelent\u0151s id\u0151, amit azzal t\u00f6ltenek a dolgoz\u00f3k, hogy jav\u00edtanak, pontos\u00edtanak a mesters\u00e9ges intelligencia \u00e1ltal elk\u00e9sz\u00edtett alacsony min\u0151s\u00e9g\u0171 tartalmon. \u201eA legt\u00f6bb vezet\u0151 a brutt\u00f3 hat\u00e9konys\u00e1gra koncentr\u00e1l \u2013 arra, hogy mennyi id\u0151t takar\u00edt meg az AI\u201d \u2013 \u00e1ll a jelent\u00e9sben. \u201eDe ez a mutat\u00f3 \u00f6nmag\u00e1ban eltorz\u00edtja a val\u00f3s k\u00e9pet. Ha figyelembe vessz\u00fck az \u00e1tdolgoz\u00e1s miatt elvesztett id\u0151t, az AI nett\u00f3 \u00e9rt\u00e9ke gyakran sokkal alacsonyabb a v\u00e1rtn\u00e1l.\u201d<\/p>\n<p>A Hanover Research \u00e1ltal 2025 november\u00e9ben k\u00e9sz\u00edtett jelent\u00e9s 3200 vezet\u0151t \u00e9s alkalmazottat elemzett vil\u00e1gszerte olyan v\u00e1llalatokn\u00e1l, amelyek \u00e9ves bev\u00e9tele legal\u00e1bb 100 milli\u00f3 doll\u00e1r, \u00e9s 150 vagy t\u00f6bb alkalmazottal rendelkeznek. A jelent\u00e9s meg\u00e1llap\u00edtotta, hogy az alacsony min\u0151s\u00e9g\u0171 AI-tartalmak minden\u00fctt jelen vannak, ahol mesters\u00e9ges intelligenci\u00e1t alkalmaznak. Sok alkalmazott sz\u00e1molt be az AI-k\u00e9pz\u00e9s hi\u00e1ny\u00e1r\u00f3l. Az AI-t leggyakrabban haszn\u00e1l\u00f3 alkalmazottak k\u00f6z\u00fcl csak 37% mondta, hogy nagyobb hozz\u00e1f\u00e9r\u00e9se van a k\u00e9pz\u00e9shez, a Workday szerint. Ennek ellen\u00e9re a mesters\u00e9ges intelligencia haszn\u00e1lata elterjedt. A munkav\u00e1llal\u00f3k 87%-a azt \u00e1ll\u00edtotta, hogy legal\u00e1bb hetente n\u00e9h\u00e1nyszor haszn\u00e1lja az AI-t, 46% pedig azt, hogy naponta haszn\u00e1lja. Ezenk\u00edv\u00fcl a munkav\u00e1llal\u00f3k 77%-a azt \u00e1ll\u00edtotta, hogy az elm\u00falt 12 h\u00f3napban az AI haszn\u00e1lata miatt termel\u00e9kenyebb lett, 85% pedig azt, hogy \u201eszem\u00e9lyesen hetente 1\u20137 \u00f3r\u00e1t sp\u00f3rol meg a feladataival\u201d. \u201eEzek a brutt\u00f3 hat\u00e9konys\u00e1gi mutat\u00f3k azonban eltakarj\u00e1k a val\u00f3s\u00e1got, amely enn\u00e9l egyenetlenebb\u201d \u2013 \u00e1ll a jelent\u00e9sben.<\/p>\n<p>\u201eA gyakorlatban a legnagyobb termel\u00e9kenys\u00e9gcs\u00f6kken\u00e9s azokn\u00e1l a munkav\u00e1llal\u00f3kn\u00e1l figyelhet\u0151 meg, akik leggyakrabban haszn\u00e1lj\u00e1k az AI-t.\u201dA jelent\u00e9s meg\u00e1llap\u00edtotta, hogy a napi felhaszn\u00e1l\u00f3k t\u00f6bb mint 90%-a szerint az AI n\u00f6veli a j\u00f6v\u0151beli munk\u00e1jukban val\u00f3 sikerbe vetett bizalmukat, de ugyanezek az alkalmazottak a legnagyobb val\u00f3sz\u00edn\u0171s\u00e9ggel t\u00f6ltenek majd el plusz id\u0151t az AI \u00e1ltal elv\u00e9gzett munka eredm\u00e9ny\u00e9nek ellen\u0151rz\u00e9s\u00e9vel, jav\u00edt\u00e1s\u00e1val \u00e9s finom\u00edt\u00e1s\u00e1val\u201d, 77%-uk szerint ugyanolyan vagy m\u00e9g szigor\u00fabban ellen\u0151rzik az AI munk\u00e1j\u00e1t, mint az emberi munk\u00e1t. A termel\u00e9kenys\u00e9g n\u00f6veked\u00e9sekor a v\u00e1llalatok 39%-a az AI-val el\u00e9rt megtakar\u00edt\u00e1sokat \u00fajra technol\u00f3gi\u00e1ba fekteti, m\u00edg csak 30% ford\u00edtja azokat az alkalmazottak fejleszt\u00e9s\u00e9re. Ek\u00f6zben a Gartner \u00fczleti \u00e9s technol\u00f3giai c\u00e9g leg\u00fajabb jelent\u00e9se meg\u00e1llap\u00edtotta, hogy az AI negat\u00edv pszichol\u00f3giai hat\u00e1ssal van az alkalmazottakra.<\/p>\n<p>Forr\u00e1s: <a href=\"https:\/\/www.hrportal.hu\/c\/az-ai-rejtett-adoja-sokat-kell-dolgozni-a-mesterseges-intelligencia-hibai-utan-20260126.html\" target=\"_blank\" rel=\"nofollow noopener noreferrer\">hrportal.hu<\/a><\/p>\n","protected":false},"excerpt":{"rendered":"<p>A tapasztalatok azt mutatj\u00e1k, hogy a mesters\u00e9ges intelligenci\u00e1nak vannak k\u00e1ros hat\u00e1sai is. vannak, akik mindenhez haszn\u00e1lj\u00e1k, de sok ellen\u0151rz\u00e9ssel \u00e9s jav\u00edt\u00e1ssal v\u00e9gzik el a munk\u00e1jukat, vannak akik csup\u00e1n saj\u00e1t munk\u00e1juk ellen\u0151rz\u00e9s\u00e9re, meger\u0151s\u00edt\u00e9sre veszik ig\u00e9nybe. Egy friss kutat\u00e1s szerint minden 10 \u00f3r\u00e1nyi, az AI-nak k\u00f6sz\u00f6nhet\u0151 hat\u00e9konys\u00e1gn\u00f6veked\u00e9s ut\u00e1n k\u00f6zel n\u00e9gy \u00f3ra veszik el a tartalom jav\u00edt\u00e1s\u00e1val. Egy [&hellip;]<\/p>\n","protected":false},"author":1,"featured_media":9028,"comment_status":"closed","ping_status":"closed","sticky":false,"template":"","format":"standard","meta":{"_monsterinsights_skip_tracking":false,"_monsterinsights_sitenote_active":false,"_monsterinsights_sitenote_note":"","_monsterinsights_sitenote_category":0,"footnotes":""},"categories":[200],"tags":[],"class_list":["post-9027","post","type-post","status-publish","format-standard","has-post-thumbnail","hentry","category-munkaeropiac"],"aioseo_notices":[],"_links":{"self":[{"href":"https:\/\/allasorias.hu\/hirek\/wp-json\/wp\/v2\/posts\/9027","targetHints":{"allow":["GET"]}}],"collection":[{"href":"https:\/\/allasorias.hu\/hirek\/wp-json\/wp\/v2\/posts"}],"about":[{"href":"https:\/\/allasorias.hu\/hirek\/wp-json\/wp\/v2\/types\/post"}],"author":[{"embeddable":true,"href":"https:\/\/allasorias.hu\/hirek\/wp-json\/wp\/v2\/users\/1"}],"replies":[{"embeddable":true,"href":"https:\/\/allasorias.hu\/hirek\/wp-json\/wp\/v2\/comments?post=9027"}],"version-history":[{"count":2,"href":"https:\/\/allasorias.hu\/hirek\/wp-json\/wp\/v2\/posts\/9027\/revisions"}],"predecessor-version":[{"id":9030,"href":"https:\/\/allasorias.hu\/hirek\/wp-json\/wp\/v2\/posts\/9027\/revisions\/9030"}],"wp:featuredmedia":[{"embeddable":true,"href":"https:\/\/allasorias.hu\/hirek\/wp-json\/wp\/v2\/media\/9028"}],"wp:attachment":[{"href":"https:\/\/allasorias.hu\/hirek\/wp-json\/wp\/v2\/media?parent=9027"}],"wp:term":[{"taxonomy":"category","embeddable":true,"href":"https:\/\/allasorias.hu\/hirek\/wp-json\/wp\/v2\/categories?post=9027"},{"taxonomy":"post_tag","embeddable":true,"href":"https:\/\/allasorias.hu\/hirek\/wp-json\/wp\/v2\/tags?post=9027"}],"curies":[{"name":"wp","href":"https:\/\/api.w.org\/{rel}","templated":true}]}}