{"id":9024,"date":"2026-01-26T11:56:41","date_gmt":"2026-01-26T09:56:41","guid":{"rendered":"https:\/\/allasorias.hu\/hirek\/?p=9024"},"modified":"2026-01-26T11:56:41","modified_gmt":"2026-01-26T09:56:41","slug":"egyre-no-az-osztrakoknal-dolgozo-magyarok-szama","status":"publish","type":"post","link":"https:\/\/allasorias.hu\/hirek\/egyre-no-az-osztrakoknal-dolgozo-magyarok-szama\/","title":{"rendered":"Egyre n\u0151 az osztr\u00e1kokn\u00e1l dolgoz\u00f3 magyarok sz\u00e1ma"},"content":{"rendered":"<p><strong>A m\u00e1sodik legnagyobb munkav\u00e1llal\u00f3i csoport a magyarok\u00e9 Ausztri\u00e1ban. Egyre n\u00e9pszer\u0171bb a szomsz\u00e9dos orsz\u00e1g, szinte minden ter\u00fcleten.<\/strong><\/p>\n<p>Decemberben ism\u00e9t emelkedett az osztr\u00e1kokn\u00e1l dolgoz\u00f3 magyarok sz\u00e1ma, a t\u00e9li s\u00edszezon \u00e9s a munkaer\u0151piaci kereslet hat\u00e1s\u00e1ra a hivatalos adatok szerint k\u00f6zel 150 ezer magyar v\u00e1llalt munk\u00e1t Ausztri\u00e1ban. Tavaly decemberben 131 081 magyar dolgozott foglalkoztatotti jogviszonyban Ausztri\u00e1ban, szemben a novemberi 125 240 f\u0151vel, ami 4,6 sz\u00e1zal\u00e9kos n\u00f6veked\u00e9st jelent az osztr\u00e1k munka\u00fcgyi miniszt\u00e9rium (AMS) adatai szerint. A magyar munkav\u00e1llal\u00e1s mindig szezonalit\u00e1st mutat: a ny\u00e1ri kir\u00e1ndul\u00f3- \u00e9s a t\u00e9li s\u00edszezon a f\u0151 mozgat\u00f3rug\u00f3k.<\/p>\n<p>A miniszt\u00e9rium az elt\u00e9r\u0151 jogi form\u00e1ban dolgoz\u00f3kat is nyilv\u00e1ntartja: szabad\u00fasz\u00f3k\u00e9nt 179-en, r\u00e9szmunkaid\u0151ben 7 322-en, r\u00e9szmunkaid\u0151ben szabad\u00fasz\u00f3 szerz\u0151d\u00e9ssel 298-an, \u00f6nfoglalkoztat\u00f3k\u00e9nt pedig 9 940-en dolgoztak decemberben. Az \u00f6sszes foglalkoztat\u00e1si form\u00e1t figyelembe v\u00e9ve\u00a0 az osztr\u00e1kokn\u00e1l dolgoz\u00f3 magyarok teljes sz\u00e1ma 2025 december\u00e9re megk\u00f6zel\u00edtette a 150 ezret. Az adatokat ismertet\u0151 Priv\u00e1tbank\u00e1r azt \u00edrta, hogy \u00e9ves szinten is n\u00f6veked\u00e9s figyelhet\u0151 meg: 2025-ben havonta \u00e1tlagosan t\u00f6bb mint 129 ezer magyar dolgozott foglalkoztatotti jogviszonyban, ami t\u00edz \u00e9v alatt t\u00f6bb mint 66 sz\u00e1zal\u00e9kos emelked\u00e9st jelent.<\/p>\n<p>A trend azt mutatja, hogy a kiv\u00e1ndorl\u00e1s nem cs\u00f6kkent, \u00e9s egyre t\u00f6bben keresnek munk\u00e1t a szomsz\u00e9dos orsz\u00e1gban. A decemberi adatok szerint a magyarok az osztr\u00e1k munkaer\u0151piacon a foglalkoztatotti jogviszonyt vizsg\u00e1lva m\u00e1sodik legnagyobb csoportot alkott\u00e1k: N\u00e9metorsz\u00e1gb\u00f3l 139 080 f\u0151, Rom\u00e1ni\u00e1b\u00f3l 74 400 ember dolgozott az orsz\u00e1gban. Novemberhez k\u00e9pest a n\u00e9met \u00e9s magyar adat felfel\u00e9 tartott, m\u00edg m\u00e1s jelent\u0151s k\u00fcld\u0151orsz\u00e1gokn\u00e1l visszaes\u00e9s volt megfigyelhet\u0151, r\u00e9szben az \u00e9p\u00edt\u0151ipari \u00e9s szezon\u00e1lis munk\u00e1k miatt. A\u00a0 szezon kezdet\u00e9vel t\u00f6bb nyitott \u00e1ll\u00e1slehet\u0151s\u00e9g v\u00e1rja a magyar munkav\u00e1llal\u00f3kat, p\u00e9ld\u00e1ul szobal\u00e1ny, csecsem\u0151gondoz\u00f3, mosogat\u00f3 vagy recepci\u00f3s poz\u00edci\u00f3kban.<\/p>\n<p>Forr\u00e1s: <a href=\"https:\/\/www.economx.hu\/kulfold\/ausztria-magyar-munkavallalok-foglalkoztatottak-novekedes.822880.html\/amp\" target=\"_blank\" rel=\"nofollow noopener noreferrer\">economx.hu<\/a><\/p>\n","protected":false},"excerpt":{"rendered":"<p>A m\u00e1sodik legnagyobb munkav\u00e1llal\u00f3i csoport a magyarok\u00e9 Ausztri\u00e1ban. Egyre n\u00e9pszer\u0171bb a szomsz\u00e9dos orsz\u00e1g, szinte minden ter\u00fcleten. Decemberben ism\u00e9t emelkedett az osztr\u00e1kokn\u00e1l dolgoz\u00f3 magyarok sz\u00e1ma, a t\u00e9li s\u00edszezon \u00e9s a munkaer\u0151piaci kereslet hat\u00e1s\u00e1ra a hivatalos adatok szerint k\u00f6zel 150 ezer magyar v\u00e1llalt munk\u00e1t Ausztri\u00e1ban. Tavaly decemberben 131 081 magyar dolgozott foglalkoztatotti jogviszonyban Ausztri\u00e1ban, szemben a novemberi [&hellip;]<\/p>\n","protected":false},"author":1,"featured_media":9025,"comment_status":"closed","ping_status":"closed","sticky":false,"template":"","format":"standard","meta":{"_monsterinsights_skip_tracking":false,"_monsterinsights_sitenote_active":false,"_monsterinsights_sitenote_note":"","_monsterinsights_sitenote_category":0,"footnotes":""},"categories":[201],"tags":[],"class_list":["post-9024","post","type-post","status-publish","format-standard","has-post-thumbnail","hentry","category-kulfold"],"aioseo_notices":[],"_links":{"self":[{"href":"https:\/\/allasorias.hu\/hirek\/wp-json\/wp\/v2\/posts\/9024","targetHints":{"allow":["GET"]}}],"collection":[{"href":"https:\/\/allasorias.hu\/hirek\/wp-json\/wp\/v2\/posts"}],"about":[{"href":"https:\/\/allasorias.hu\/hirek\/wp-json\/wp\/v2\/types\/post"}],"author":[{"embeddable":true,"href":"https:\/\/allasorias.hu\/hirek\/wp-json\/wp\/v2\/users\/1"}],"replies":[{"embeddable":true,"href":"https:\/\/allasorias.hu\/hirek\/wp-json\/wp\/v2\/comments?post=9024"}],"version-history":[{"count":1,"href":"https:\/\/allasorias.hu\/hirek\/wp-json\/wp\/v2\/posts\/9024\/revisions"}],"predecessor-version":[{"id":9026,"href":"https:\/\/allasorias.hu\/hirek\/wp-json\/wp\/v2\/posts\/9024\/revisions\/9026"}],"wp:featuredmedia":[{"embeddable":true,"href":"https:\/\/allasorias.hu\/hirek\/wp-json\/wp\/v2\/media\/9025"}],"wp:attachment":[{"href":"https:\/\/allasorias.hu\/hirek\/wp-json\/wp\/v2\/media?parent=9024"}],"wp:term":[{"taxonomy":"category","embeddable":true,"href":"https:\/\/allasorias.hu\/hirek\/wp-json\/wp\/v2\/categories?post=9024"},{"taxonomy":"post_tag","embeddable":true,"href":"https:\/\/allasorias.hu\/hirek\/wp-json\/wp\/v2\/tags?post=9024"}],"curies":[{"name":"wp","href":"https:\/\/api.w.org\/{rel}","templated":true}]}}