{"id":9018,"date":"2026-01-22T14:11:32","date_gmt":"2026-01-22T12:11:32","guid":{"rendered":"https:\/\/allasorias.hu\/hirek\/?p=9018"},"modified":"2026-01-22T14:11:32","modified_gmt":"2026-01-22T12:11:32","slug":"terjednek-a-robotok-az-autoiparban","status":"publish","type":"post","link":"https:\/\/allasorias.hu\/hirek\/terjednek-a-robotok-az-autoiparban\/","title":{"rendered":"Terjednek a robotok az aut\u00f3iparban"},"content":{"rendered":"<p><strong>Nagy k\u00e9rd\u00e9s, hogy a robotiz\u00e1ci\u00f3 bevezet\u00e9s\u00e9t a munkahelyek \u00e9rdekv\u00e9delmi szervezetei hogyan fogadj\u00e1k, hiszen a munkav\u00e1llal\u00f3k joggal f\u00e9ltik az \u00e1ll\u00e1saikat. \u00dagy t\u0171nik az aut\u00f3gy\u00e1rt\u00e1sban m\u00e1r nagyon el\u0151rehaladottak az elk\u00e9pzel\u00e9sek a gy\u00e1rt\u00e1s robotokkal val\u00f3 elv\u00e9geztet\u00e9s\u00e9ben.<\/strong><\/p>\n<p>A Hyundai tervei szerint 2028-t\u00f3l humanoid robotok fogj\u00e1k gy\u00e1rtani az aut\u00f3ikat el\u0151sz\u00f6r az Egyes\u00fclt \u00c1llamokban, de 2030-t\u00f3l m\u00e1s \u00fczemekben is. Err\u0151l azonban egyeztetnie kellene a c\u00e9gnek a szakszervezetekkel is, v\u00e9lik D\u00e9l-Kore\u00e1ban. A Hyundai d\u00e9l-koreai szakszervezete arra figyelmeztette az aut\u00f3gy\u00e1rt\u00f3t, hogy ne vezessen be humanoid robotokat szakszervezeti j\u00f3v\u00e1hagy\u00e1s n\u00e9lk\u00fcl, mondv\u00e1n, hogy a robotok \u201efoglalkoztat\u00e1si sokkokat\u201d okozn\u00e1nak.<\/p>\n<p>A Hyundai terve, miszerint 2028-t\u00f3l humanoid robotokat fog bevetni, rekordmagass\u00e1gokba rep\u00edtette a r\u00e9szv\u00e9nyeit, de ez nem volt \u00f6r\u00f6mteli h\u00edr a munkav\u00e1llal\u00f3k sz\u00e1m\u00e1ra \u2013 id\u00e9zi a szakszervezetet a Reuters egy bels\u0151 lev\u00e9lre hivatkozva. \u201eNe feledj\u00fck, hogy munkaer\u0151-ir\u00e1ny\u00edt\u00e1si meg\u00e1llapod\u00e1s n\u00e9lk\u00fcl egyetlen \u00faj technol\u00f3gi\u00e1t haszn\u00e1l\u00f3 robot sem l\u00e9phet be a munkahelyre\u201d \u2013 k\u00f6z\u00f6lte a szakszervezet. Neh\u00e9z megbecs\u00fclni, pontosan mennyi humanoid robot dolgozhat ma az aut\u00f3iparban. Az biztos, hogy nem a Hyundai az egyetlen, aki k\u00eds\u00e9rletezik ezen a t\u00e9ren, a teljess\u00e9g ig\u00e9nye n\u00e9lk\u00fcl a Mercedes-Benz, a BMW \u00e9s a Tesla is jelentett be hasonl\u00f3 projekteket.<\/p>\n<p>Becsl\u00e9sek szerint 2030-ra 60 \u00e9s 80 milli\u00f3 k\u00f6z\u00f6tt lehet a humanoid robotok sz\u00e1ma az \u00f6sszes ipar\u00e1gban egy\u00fcttesen. A piac volumene alapj\u00e1n is l\u00e1that\u00f3, mekkora fellend\u00fcl\u00e9sben van ez az ipar\u00e1g: a humanoid robotok piaca 2023-ban mintegy 2,37 milli\u00e1rd doll\u00e1r volt, becsl\u00e9sek szerint 2028-ra m\u00e1r el\u00e9rheti a 40 milli\u00e1rd doll\u00e1rt. A Humanoid \u00e9s a Siemens sikeresen z\u00e1rt egy ipari logisztikai tesztet, amelyben egy humanoid robot val\u00f3s \u00fczemi k\u00f6rnyezetben dolgozott.<\/p>\n<p>Forr\u00e1s: <a href=\"https:\/\/autopro.hu\/hr\/sokkot-okozhatnak-a-munkaeropiacon-a-humanoid-robotok\/1538358\" target=\"_blank\" rel=\"nofollow noopener noreferrer\">autopro.hu<\/a><\/p>\n","protected":false},"excerpt":{"rendered":"<p>Nagy k\u00e9rd\u00e9s, hogy a robotiz\u00e1ci\u00f3 bevezet\u00e9s\u00e9t a munkahelyek \u00e9rdekv\u00e9delmi szervezetei hogyan fogadj\u00e1k, hiszen a munkav\u00e1llal\u00f3k joggal f\u00e9ltik az \u00e1ll\u00e1saikat. \u00dagy t\u0171nik az aut\u00f3gy\u00e1rt\u00e1sban m\u00e1r nagyon el\u0151rehaladottak az elk\u00e9pzel\u00e9sek a gy\u00e1rt\u00e1s robotokkal val\u00f3 elv\u00e9geztet\u00e9s\u00e9ben. A Hyundai tervei szerint 2028-t\u00f3l humanoid robotok fogj\u00e1k gy\u00e1rtani az aut\u00f3ikat el\u0151sz\u00f6r az Egyes\u00fclt \u00c1llamokban, de 2030-t\u00f3l m\u00e1s \u00fczemekben is. Err\u0151l azonban [&hellip;]<\/p>\n","protected":false},"author":1,"featured_media":9019,"comment_status":"closed","ping_status":"closed","sticky":false,"template":"","format":"standard","meta":{"_monsterinsights_skip_tracking":false,"_monsterinsights_sitenote_active":false,"_monsterinsights_sitenote_note":"","_monsterinsights_sitenote_category":0,"footnotes":""},"categories":[200],"tags":[],"class_list":["post-9018","post","type-post","status-publish","format-standard","has-post-thumbnail","hentry","category-munkaeropiac"],"aioseo_notices":[],"_links":{"self":[{"href":"https:\/\/allasorias.hu\/hirek\/wp-json\/wp\/v2\/posts\/9018","targetHints":{"allow":["GET"]}}],"collection":[{"href":"https:\/\/allasorias.hu\/hirek\/wp-json\/wp\/v2\/posts"}],"about":[{"href":"https:\/\/allasorias.hu\/hirek\/wp-json\/wp\/v2\/types\/post"}],"author":[{"embeddable":true,"href":"https:\/\/allasorias.hu\/hirek\/wp-json\/wp\/v2\/users\/1"}],"replies":[{"embeddable":true,"href":"https:\/\/allasorias.hu\/hirek\/wp-json\/wp\/v2\/comments?post=9018"}],"version-history":[{"count":1,"href":"https:\/\/allasorias.hu\/hirek\/wp-json\/wp\/v2\/posts\/9018\/revisions"}],"predecessor-version":[{"id":9020,"href":"https:\/\/allasorias.hu\/hirek\/wp-json\/wp\/v2\/posts\/9018\/revisions\/9020"}],"wp:featuredmedia":[{"embeddable":true,"href":"https:\/\/allasorias.hu\/hirek\/wp-json\/wp\/v2\/media\/9019"}],"wp:attachment":[{"href":"https:\/\/allasorias.hu\/hirek\/wp-json\/wp\/v2\/media?parent=9018"}],"wp:term":[{"taxonomy":"category","embeddable":true,"href":"https:\/\/allasorias.hu\/hirek\/wp-json\/wp\/v2\/categories?post=9018"},{"taxonomy":"post_tag","embeddable":true,"href":"https:\/\/allasorias.hu\/hirek\/wp-json\/wp\/v2\/tags?post=9018"}],"curies":[{"name":"wp","href":"https:\/\/api.w.org\/{rel}","templated":true}]}}