{"id":9014,"date":"2026-01-21T14:23:24","date_gmt":"2026-01-21T12:23:24","guid":{"rendered":"https:\/\/allasorias.hu\/hirek\/?p=9014"},"modified":"2026-01-21T14:23:24","modified_gmt":"2026-01-21T12:23:24","slug":"fontos-allomasahoz-erkezett-a-debreceni-gyar-epitese","status":"publish","type":"post","link":"https:\/\/allasorias.hu\/hirek\/fontos-allomasahoz-erkezett-a-debreceni-gyar-epitese\/","title":{"rendered":"Fontos \u00e1llom\u00e1s\u00e1hoz \u00e9rkezett a debreceni gy\u00e1r \u00e9p\u00edt\u00e9se"},"content":{"rendered":"<p><strong>T\u00f6bbsz\u00e1z \u00faj dolgoz\u00f3val sz\u00e1molnak Debrecenben az \u00faj gy\u00e1r beindul\u00e1sakor. Sz\u00e1m\u00edtanak az els\u0151sorban magyar, helyi munkav\u00e1llal\u00f3kra. Egy\u00e9bk\u00e9nt k\u00f6zel ezer dolgoz\u00f3val sz\u00e1molnak.<\/strong><\/p>\n<p>Jelent\u0151s m\u00e9rf\u00f6ldk\u0151h\u00f6z \u00e9rkezett az EVE Power Hungary debreceni beruh\u00e1z\u00e1sa: janu\u00e1r v\u00e9g\u00e9n toborz\u00e1si kamp\u00e1ny indul, amelynek keret\u00e9ben 400 \u00faj munkav\u00e1llal\u00f3t vesznek fel. \u00dajabb jelent\u0151s munkahelyteremt\u0151 beruh\u00e1z\u00e1s er\u0151s\u00edti Debrecent \u00e9s t\u00e9rs\u00e9g\u00e9t: az EVE Power Hungary Kft. mintegy 400 \u00faj munkav\u00e1llal\u00f3t keres \u00e9p\u00fcl\u0151 akkumul\u00e1torgy\u00e1r\u00e1ba. A v\u00e1llalat c\u00e9lja egy\u00e9rtelm\u0171: d\u00f6nt\u0151en magyar, helyi \u00e9s region\u00e1lis munkaer\u0151re \u00e9p\u00edtve ind\u00edtj\u00e1k el a termel\u00e9st. A v\u00e1llalat mintegy 400 \u00faj munkav\u00e1llal\u00f3t k\u00edv\u00e1n felvenni, els\u0151sorban technikus, m\u00e9rn\u00f6k \u00e9s t\u00e1mogat\u00f3 munkak\u00f6r\u00f6kbe, az \u00e9p\u00fcl\u0151 debreceni akkumul\u00e1torgy\u00e1r\u00e1ba.<\/p>\n<p>Zhang Huanting \u00fcgyvezet\u0151 igazgat\u00f3 elmondta: a debreceni \u00fczem az EVE els\u0151 K\u00edn\u00e1n k\u00edv\u00fcli termel\u0151egys\u00e9ge lesz. A gy\u00e1rban korszer\u0171, hengeres alak\u00fa akkumul\u00e1torcell\u00e1kat \u00e1ll\u00edtanak el\u0151, amelyek az eddigi megold\u00e1sokhoz k\u00e9pest mintegy 30 sz\u00e1zal\u00e9kkal nagyobb hat\u00f3t\u00e1vols\u00e1got \u00e9s 30 sz\u00e1zal\u00e9kkal gyorsabb t\u00f6lt\u00e9si id\u0151t biztos\u00edtanak. Egyetlen felt\u00f6lt\u00e9ssel ak\u00e1r 900 kilom\u00e9tern\u00e9l is nagyobb t\u00e1vols\u00e1g tehet\u0151 majd meg. A 400 milli\u00e1rd forint \u00e9rt\u00e9k\u0171 beruh\u00e1z\u00e1s meghat\u00e1roz\u00f3 szakasz\u00e1ba l\u00e9pett: a 45 hekt\u00e1ros ter\u00fcleten \u00e9p\u00fcl\u0151, 450 ezer n\u00e9gyzetm\u00e9teres \u00fczem kivitelez\u00e9se a tervek szerint halad. A k\u00f6vetkez\u0151 id\u0151szakban azok a ter\u00fcletek b\u0151v\u00fclnek, amelyek a termel\u00e9s elind\u00edt\u00e1s\u00e1hoz \u00e9s a stabil m\u0171k\u00f6d\u00e9shez sz\u00fcks\u00e9gesek. A sorozatgy\u00e1rt\u00e1s beind\u00edt\u00e1s\u00e1t 2027 m\u00e1sodik fel\u00e9re tervezik.<\/p>\n<p>Tom Rong, az anyav\u00e1llalat, az EVE Energy HR-igazgat\u00f3ja hangs\u00falyozta: jelenleg 165 munkat\u00e1rs dolgozik a c\u00e9gn\u00e9l, a l\u00e9tsz\u00e1m b\u0151v\u00edt\u00e9se 2026 els\u0151 fel\u00e9ben t\u00f6rt\u00e9nik meg. Olyan szakembereket keresnek, akik nemzetk\u00f6zi k\u00f6rnyezetben szeretn\u00e9nek fejl\u0151dni, \u00e9s hossz\u00fa t\u00e1von terveznek az akkumul\u00e1toriparban. Az \u00e9rdekl\u0151d\u00e9s m\u00e1r most jelent\u0151s, k\u00fcl\u00f6n\u00f6sen a r\u00e9gi\u00f3b\u00f3l \u00e9rkeznek sokan. Kov\u00e1cs \u00c1d\u00e1m, a v\u00e1llalat k\u00f6zkapcsolatok\u00e9rt felel\u0151s vezet\u0151je kiemelte: az EVE Power sz\u00e1m\u00e1ra strat\u00e9giai c\u00e9l, hogy a munkaer\u0151t d\u00f6nt\u0151en Debrecenb\u0151l \u00e9s a k\u00f6rnyez\u0151 telep\u00fcl\u00e9sekr\u0151l toborozza. A jelenlegi dolgoz\u00f3k 90 sz\u00e1zal\u00e9ka magyar, \u00e9s a tervezett, mintegy ezres l\u00e9tsz\u00e1m d\u00f6nt\u0151 t\u00f6bbs\u00e9ge is hazai munkav\u00e1llal\u00f3 lesz.<\/p>\n<p>A szakk\u00e9pzett ut\u00e1np\u00f3tl\u00e1s biztos\u00edt\u00e1sa \u00e9rdek\u00e9ben a c\u00e9g szoros egy\u00fcttm\u0171k\u00f6d\u00e9st alak\u00edtott ki a Debreceni Egyetem n\u00e9gy kar\u00e1val, valamint a helyi szakk\u00e9pz\u00e9si centrummal. A v\u00e1llalat rendszeresen jelen van \u00e1ll\u00e1sb\u00f6rz\u00e9ken \u00e9s p\u00e1lyaorient\u00e1ci\u00f3s rendezv\u00e9nyeken is. A gy\u00e1rt\u00e1s k\u00f6rnyezetv\u00e9delmi szempontb\u00f3l is kiemelked\u0151 lesz: a termel\u00e9s sor\u00e1n 95 sz\u00e1zal\u00e9kban sz\u00fcrkevizet haszn\u00e1lnak, \u00e9s mind\u00f6ssze 5 sz\u00e1zal\u00e9kban felsz\u00edni vizet. A technol\u00f3gia megfelel a legszigor\u00fabb k\u00f6rnyezetv\u00e9delmi el\u0151\u00edr\u00e1soknak, mik\u00f6zben \u00faj lend\u00fcletet ad Debrecen \u00e9s Kelet-Magyarorsz\u00e1g gazdas\u00e1gi fejl\u0151d\u00e9s\u00e9nek.<\/p>\n<p>Forr\u00e1s: <a href=\"https:\/\/www.vg.hu\/cegvilag\/2026\/01\/eve-power-hungary-munkahelyteremto-beruhazas-debrecen\" target=\"_blank\" rel=\"nofollow noopener noreferrer\">vg.hu<\/a><\/p>\n","protected":false},"excerpt":{"rendered":"<p>T\u00f6bbsz\u00e1z \u00faj dolgoz\u00f3val sz\u00e1molnak Debrecenben az \u00faj gy\u00e1r beindul\u00e1sakor. Sz\u00e1m\u00edtanak az els\u0151sorban magyar, helyi munkav\u00e1llal\u00f3kra. Egy\u00e9bk\u00e9nt k\u00f6zel ezer dolgoz\u00f3val sz\u00e1molnak. Jelent\u0151s m\u00e9rf\u00f6ldk\u0151h\u00f6z \u00e9rkezett az EVE Power Hungary debreceni beruh\u00e1z\u00e1sa: janu\u00e1r v\u00e9g\u00e9n toborz\u00e1si kamp\u00e1ny indul, amelynek keret\u00e9ben 400 \u00faj munkav\u00e1llal\u00f3t vesznek fel. \u00dajabb jelent\u0151s munkahelyteremt\u0151 beruh\u00e1z\u00e1s er\u0151s\u00edti Debrecent \u00e9s t\u00e9rs\u00e9g\u00e9t: az EVE Power Hungary Kft. mintegy [&hellip;]<\/p>\n","protected":false},"author":1,"featured_media":9015,"comment_status":"closed","ping_status":"closed","sticky":false,"template":"","format":"standard","meta":{"_monsterinsights_skip_tracking":false,"_monsterinsights_sitenote_active":false,"_monsterinsights_sitenote_note":"","_monsterinsights_sitenote_category":0,"footnotes":""},"categories":[200],"tags":[],"class_list":["post-9014","post","type-post","status-publish","format-standard","has-post-thumbnail","hentry","category-munkaeropiac"],"aioseo_notices":[],"_links":{"self":[{"href":"https:\/\/allasorias.hu\/hirek\/wp-json\/wp\/v2\/posts\/9014","targetHints":{"allow":["GET"]}}],"collection":[{"href":"https:\/\/allasorias.hu\/hirek\/wp-json\/wp\/v2\/posts"}],"about":[{"href":"https:\/\/allasorias.hu\/hirek\/wp-json\/wp\/v2\/types\/post"}],"author":[{"embeddable":true,"href":"https:\/\/allasorias.hu\/hirek\/wp-json\/wp\/v2\/users\/1"}],"replies":[{"embeddable":true,"href":"https:\/\/allasorias.hu\/hirek\/wp-json\/wp\/v2\/comments?post=9014"}],"version-history":[{"count":1,"href":"https:\/\/allasorias.hu\/hirek\/wp-json\/wp\/v2\/posts\/9014\/revisions"}],"predecessor-version":[{"id":9016,"href":"https:\/\/allasorias.hu\/hirek\/wp-json\/wp\/v2\/posts\/9014\/revisions\/9016"}],"wp:featuredmedia":[{"embeddable":true,"href":"https:\/\/allasorias.hu\/hirek\/wp-json\/wp\/v2\/media\/9015"}],"wp:attachment":[{"href":"https:\/\/allasorias.hu\/hirek\/wp-json\/wp\/v2\/media?parent=9014"}],"wp:term":[{"taxonomy":"category","embeddable":true,"href":"https:\/\/allasorias.hu\/hirek\/wp-json\/wp\/v2\/categories?post=9014"},{"taxonomy":"post_tag","embeddable":true,"href":"https:\/\/allasorias.hu\/hirek\/wp-json\/wp\/v2\/tags?post=9014"}],"curies":[{"name":"wp","href":"https:\/\/api.w.org\/{rel}","templated":true}]}}