{"id":9011,"date":"2026-01-20T11:26:16","date_gmt":"2026-01-20T09:26:16","guid":{"rendered":"https:\/\/allasorias.hu\/hirek\/?p=9011"},"modified":"2026-01-20T11:26:16","modified_gmt":"2026-01-20T09:26:16","slug":"mi-varhato-iden-a-gazdasag-egyes-szektoraiban","status":"publish","type":"post","link":"https:\/\/allasorias.hu\/hirek\/mi-varhato-iden-a-gazdasag-egyes-szektoraiban\/","title":{"rendered":"Mi v\u00e1rhat\u00f3 id\u00e9n a gazdas\u00e1g egyes szektoraiban?"},"content":{"rendered":"<p><strong>B\u0151v\u00fcl\u00e9s \u00e9s cs\u00f6kkent\u00e9s egyar\u00e1nt jellemzi a hazai v\u00e1llalkoz\u00e1sokat az idei terveiket illet\u0151en. Az egyes \u00e1gazatok munkaer\u0151ig\u00e9nye jelent\u0151sen elt\u00e9r egym\u00e1st\u00f3l. B\u0151v\u00fcl\u00e9s v\u00e1rhat\u00f3 a vend\u00e9gl\u00e1t\u00e1sban, a k\u00fcl\u00f6nb\u00f6z\u0151 szolg\u00e1ltat\u00e1si ter\u00fcleteken, valamint a p\u00e9nz\u00fcgyi \u00e9s biztos\u00edt\u00e1si szektorban.<\/strong><\/p>\n<p>A magyar munkaer\u0151piac 2026-ra jelent\u0151s \u00e1talakul\u00e1s el\u0151tt \u00e1ll \u2013 der\u00fclt ki a Magyar K\u00f6zgazdas\u00e1gi T\u00e1rsas\u00e1g Munka\u00fcgyi Szakoszt\u00e1ly\u00e1nak \u00e9vind\u00edt\u00f3 kerekasztal\u00e1n. Munka\u00fcgyi szak\u00e9rt\u0151k \u00e9s a Liga Szakszervezetek szerint b\u00e1r sok c\u00e9g b\u0151v\u00edtene, az akt\u00edv munkav\u00e1llal\u00f3k sz\u00e1ma \u00e9vente 35\u201340 ezer f\u0151vel cs\u00f6kken. \u00c1gazati \u00e9s region\u00e1lis bont\u00e1sban mutatjuk a v\u00e1rhat\u00f3 v\u00e1ltoz\u00e1sokat. A Magyar K\u00f6zgazdas\u00e1gi T\u00e1rsas\u00e1g Munka\u00fcgyi Szakoszt\u00e1lya \u201eMunkaer\u0151piaci progn\u00f3zis 2026-ra\u201d c\u00edmmel tartotta meg \u00e9vind\u00edt\u00f3 szakmai kerekasztal-besz\u00e9lget\u00e9s\u00e9t.<\/p>\n<p>A rendezv\u00e9nyen elhangzottak alapj\u00e1n a magyar munkaer\u0151piac a k\u00f6vetkez\u0151 id\u0151szakban lazul\u00f3 p\u00e1ly\u00e1ra \u00e1llhat &#8211; \u00edrja a liganet.hu. M\u00e9sz\u00e1ros Melinda, a Liga Szakszervezetek eln\u00f6ke az InfoR\u00e1di\u00f3ban elmondta: a v\u00e1llalkoz\u00e1sok mintegy egyharmada l\u00e9tsz\u00e1mb\u0151v\u00edt\u00e9st tervez, ugyanakkor 20 sz\u00e1zal\u00e9kuk cs\u00f6kkent\u00e9sre k\u00e9sz\u00fcl. A v\u00e1rakoz\u00e1sok szerint ez ut\u00f3bbi nem klasszikus elbocs\u00e1t\u00e1sokkal j\u00e1r, hanem els\u0151sorban a fluktu\u00e1ci\u00f3 \u00e9s a nyugd\u00edjba vonul\u00e1sok r\u00e9v\u00e9n val\u00f3sul meg. A szak\u00e9rt\u0151 szerint az egyes \u00e1gazatok munkaer\u0151ig\u00e9nye jelent\u0151sen elt\u00e9r egym\u00e1st\u00f3l.<\/p>\n<p>\u00c1tlag alatti munkaer\u0151-felv\u00e9tellel sz\u00e1mol a kereskedelem, a logisztika, \u00e9s a feldolgoz\u00f3ipari gy\u00e1rt\u00e1s, m\u00edg az aut\u00f3ipar 2026-ban stagn\u00e1l\u00f3 l\u00e9tsz\u00e1mra k\u00e9sz\u00fcl. Ezzel szemben b\u0151v\u00fcl\u00e9s v\u00e1rhat\u00f3 a vend\u00e9gl\u00e1t\u00e1sban, a k\u00fcl\u00f6nb\u00f6z\u0151 szolg\u00e1ltat\u00e1si ter\u00fcleteken, valamint a p\u00e9nz\u00fcgyi \u00e9s biztos\u00edt\u00e1si szektorban. A turizmus \u00e9s a vend\u00e9gl\u00e1t\u00e1s eset\u00e9ben ugyanakkor a n\u00f6veked\u00e9s egy alacsony b\u00e1zisr\u00f3l indul. Region\u00e1lis bont\u00e1sban is mark\u00e1ns k\u00fcl\u00f6nbs\u00e9gek rajzol\u00f3dnak ki. Az \u00faj beruh\u00e1z\u00e1sok hat\u00e1s\u00e1ra az \u00c9szak-Alf\u00f6ld\u00f6n \u00e9s a D\u00e9l-Alf\u00f6ld\u00f6n \u00e1tlag feletti indul\u00f3 l\u00e9tsz\u00e1mokkal terveznek, hasonl\u00f3an az \u00e9szak-magyarorsz\u00e1gi \u00e9s a k\u00f6z\u00e9p-dun\u00e1nt\u00fali r\u00e9gi\u00f3hoz. Ezzel szemben a D\u00e9l-Dun\u00e1nt\u00falon \u00e9s a Nyugat-Dun\u00e1nt\u00falon cs\u00f6kken\u00e9s vagy stagn\u00e1l\u00e1s v\u00e1rhat\u00f3 a foglalkoztatotti l\u00e9tsz\u00e1mban.<\/p>\n<p>A c\u00e9gm\u00e9ret szerinti vizsg\u00e1latok alapj\u00e1n a 250 f\u0151n\u00e9l nagyobb v\u00e1llalatok \u00e1tlagos l\u00e9tsz\u00e1mmal sz\u00e1molnak, m\u00edg a 10 \u00e9s 249 f\u0151 k\u00f6z\u00f6tti v\u00e1llalkoz\u00e1sokn\u00e1l \u2013 a piacok \u00fajb\u00f3li megny\u00edl\u00e1s\u00e1val \u2013 \u00e1tlag feletti b\u0151v\u00fcl\u00e9s lehet. M\u00e9sz\u00e1ros Melinda szerint a munkaer\u0151hi\u00e1ny ma m\u00e1r \u00f6sszess\u00e9g\u00e9ben kev\u00e9sb\u00e9 fesz\u00edt\u0151 probl\u00e9ma, kiv\u00e9telt jelentenek azonban a fizikai munkak\u00f6r\u00f6k \u00e9s a speci\u00e1lis k\u00e9pzetts\u00e9get, szaktud\u00e1st ig\u00e9nyl\u0151 ter\u00fcletek. Hozz\u00e1tette: a magyar munkaer\u0151-ut\u00e1np\u00f3tl\u00e1s egyre sz\u0171k\u00fcl, az akt\u00edv foglalkoztatottak sz\u00e1ma \u00e9vente 35\u201340 ezer f\u0151vel cs\u00f6kken, ami az indul\u00f3 beruh\u00e1z\u00e1sok munkaer\u0151ig\u00e9ny\u00e9nek kiel\u00e9g\u00edt\u00e9s\u00e9t is csak korl\u00e1tozottan teszi lehet\u0151v\u00e9.<\/p>\n<p>Forr\u00e1s: <a href=\"https:\/\/www.hrportal.hu\/hr\/elfogynak-a-dolgozok-magyarorszagon-durva-szamok-a-2026os-munkaeropiacrol-20260119.html\" target=\"_blank\" rel=\"nofollow noopener noreferrer\">hrportal.hu<\/a><\/p>\n<p>&nbsp;<\/p>\n","protected":false},"excerpt":{"rendered":"<p>B\u0151v\u00fcl\u00e9s \u00e9s cs\u00f6kkent\u00e9s egyar\u00e1nt jellemzi a hazai v\u00e1llalkoz\u00e1sokat az idei terveiket illet\u0151en. Az egyes \u00e1gazatok munkaer\u0151ig\u00e9nye jelent\u0151sen elt\u00e9r egym\u00e1st\u00f3l. B\u0151v\u00fcl\u00e9s v\u00e1rhat\u00f3 a vend\u00e9gl\u00e1t\u00e1sban, a k\u00fcl\u00f6nb\u00f6z\u0151 szolg\u00e1ltat\u00e1si ter\u00fcleteken, valamint a p\u00e9nz\u00fcgyi \u00e9s biztos\u00edt\u00e1si szektorban. A magyar munkaer\u0151piac 2026-ra jelent\u0151s \u00e1talakul\u00e1s el\u0151tt \u00e1ll \u2013 der\u00fclt ki a Magyar K\u00f6zgazdas\u00e1gi T\u00e1rsas\u00e1g Munka\u00fcgyi Szakoszt\u00e1ly\u00e1nak \u00e9vind\u00edt\u00f3 kerekasztal\u00e1n. Munka\u00fcgyi szak\u00e9rt\u0151k \u00e9s [&hellip;]<\/p>\n","protected":false},"author":1,"featured_media":9012,"comment_status":"closed","ping_status":"closed","sticky":false,"template":"","format":"standard","meta":{"_monsterinsights_skip_tracking":false,"_monsterinsights_sitenote_active":false,"_monsterinsights_sitenote_note":"","_monsterinsights_sitenote_category":0,"footnotes":""},"categories":[198],"tags":[],"class_list":["post-9011","post","type-post","status-publish","format-standard","has-post-thumbnail","hentry","category-gazdasag"],"aioseo_notices":[],"_links":{"self":[{"href":"https:\/\/allasorias.hu\/hirek\/wp-json\/wp\/v2\/posts\/9011","targetHints":{"allow":["GET"]}}],"collection":[{"href":"https:\/\/allasorias.hu\/hirek\/wp-json\/wp\/v2\/posts"}],"about":[{"href":"https:\/\/allasorias.hu\/hirek\/wp-json\/wp\/v2\/types\/post"}],"author":[{"embeddable":true,"href":"https:\/\/allasorias.hu\/hirek\/wp-json\/wp\/v2\/users\/1"}],"replies":[{"embeddable":true,"href":"https:\/\/allasorias.hu\/hirek\/wp-json\/wp\/v2\/comments?post=9011"}],"version-history":[{"count":1,"href":"https:\/\/allasorias.hu\/hirek\/wp-json\/wp\/v2\/posts\/9011\/revisions"}],"predecessor-version":[{"id":9013,"href":"https:\/\/allasorias.hu\/hirek\/wp-json\/wp\/v2\/posts\/9011\/revisions\/9013"}],"wp:featuredmedia":[{"embeddable":true,"href":"https:\/\/allasorias.hu\/hirek\/wp-json\/wp\/v2\/media\/9012"}],"wp:attachment":[{"href":"https:\/\/allasorias.hu\/hirek\/wp-json\/wp\/v2\/media?parent=9011"}],"wp:term":[{"taxonomy":"category","embeddable":true,"href":"https:\/\/allasorias.hu\/hirek\/wp-json\/wp\/v2\/categories?post=9011"},{"taxonomy":"post_tag","embeddable":true,"href":"https:\/\/allasorias.hu\/hirek\/wp-json\/wp\/v2\/tags?post=9011"}],"curies":[{"name":"wp","href":"https:\/\/api.w.org\/{rel}","templated":true}]}}