{"id":9008,"date":"2026-01-19T13:01:12","date_gmt":"2026-01-19T11:01:12","guid":{"rendered":"https:\/\/allasorias.hu\/hirek\/?p=9008"},"modified":"2026-01-19T13:01:12","modified_gmt":"2026-01-19T11:01:12","slug":"aki-szep-nagyobb-esellyel-indul-a-munkaeropiacon","status":"publish","type":"post","link":"https:\/\/allasorias.hu\/hirek\/aki-szep-nagyobb-esellyel-indul-a-munkaeropiacon\/","title":{"rendered":"Aki sz\u00e9p nagyobb es\u00e9llyel indul a munkaer\u0151piacon"},"content":{"rendered":"<p><strong>Van orsz\u00e1g, ahol a sz\u00e9ps\u00e9gipar a munkaer\u0151piacon kiemelt szerepet j\u00e1tszik, hiszen az \u00e1ll\u00e1sinterj\u00fakon a sz\u00e9ps\u00e9g sokat sz\u00e1m\u00edt. Ez\u00e9rt\u00a0 sz\u00e9p\u00e9szeti beavatkoz\u00e1sokara is hajland\u00f3ak, akik el szeretn\u00e9nek helyezkedni.<\/strong><\/p>\n<p>D\u00e9l-Kore\u00e1ban a munkaer\u0151piacon a megjelen\u00e9s sokszor kimondatlan, m\u00e9gis d\u00f6nt\u0151 elv\u00e1r\u00e1s: az \u00e1ll\u00e1sp\u00e1ly\u00e1zatokhoz gyakran k\u00f6telez\u0151 a fot\u00f3, a k\u00fcls\u0151 pedig befoly\u00e1solja az interj\u00faes\u00e9lyeket. A glob\u00e1lisan \u00fcnnepelt K-Beauty m\u00f6g\u00f6tt \u00edgy egy olyan rendszer rajzol\u00f3dik ki, ahol a sz\u00e9ps\u00e9g befektet\u00e9ss\u00e9, az es\u00e9ly pedig megv\u00e1s\u00e1rolhat\u00f3 er\u0151forr\u00e1ss\u00e1 v\u00e1lik. A d\u00e9l-koreai sz\u00e9ps\u00e9gipar m\u00e1ra messze t\u00faln\u0151tt a hazai piacon: glob\u00e1lis gazdas\u00e1gi t\u00e9nyez\u0151v\u00e9 \u00e9s az orsz\u00e1g egyik legfontosabb kultur\u00e1lis befoly\u00e1s-eszk\u00f6z\u00e9v\u00e9 (\u00fan. puha hatalom) v\u00e1lt. A K-Beauty \u2013 vagyis a koreai kozmetikai \u00e9s sz\u00e9ps\u00e9gipar nemzetk\u00f6zi sikere \u2013 nemcsak kozmetikumokat export\u00e1l, hanem \u00e9letst\u00edlust, eszt\u00e9tikai norm\u00e1kat \u00e9s t\u00e1rsadalmi elv\u00e1r\u00e1sokat is, amelyek k\u00fcl\u00f6n\u00f6sen er\u0151sen \u00e9rv\u00e9nyes\u00fclnek a munkaer\u0151piacon. 2024-ben a koreai kozmetikai export \u00e9rt\u00e9ke meghaladta a 10,2 milli\u00e1rd doll\u00e1rt, ami t\u00f6bb mint 20 sz\u00e1zal\u00e9kos \u00e9ves n\u00f6veked\u00e9st jelentett.<\/p>\n<p>D\u00e9l-Korea ezzel Franciaorsz\u00e1g \u00e9s az Egyes\u00fclt \u00c1llamok m\u00f6g\u00f6tt a vil\u00e1g harmadik legnagyobb kozmetikai export\u0151r\u00e9v\u00e9 v\u00e1lt. A sz\u00e9ps\u00e9gipar az \u00e1llami strat\u00e9gia szerves r\u00e9sze: a korm\u00e1ny c\u00e9lja, hogy az orsz\u00e1g 2030-ra a vil\u00e1g \u00f6t legnagyobb kultur\u00e1lis hatalma k\u00f6z\u00e9 ker\u00fclj\u00f6n. Ebben a tervben a zene, a filmek, a gasztron\u00f3mia, a digit\u00e1lis k\u00e9preg\u00e9nyek (webtoonok) \u00e9s a sz\u00e9ps\u00e9gipar alkotj\u00e1k a koreai kult\u00fara f\u0151 exportpill\u00e9reit &#8211; \u00edrja a thediplomat.com. Mik\u00f6zben a K-Beauty vil\u00e1gszerte preszt\u00edzst \u00e9s bev\u00e9telt hoz, belf\u00f6ld\u00f6n a megjelen\u00e9s egyre ink\u00e1bb gazdas\u00e1gi \u00e9s munkaer\u0151piaci t\u00e9nyez\u0151v\u00e9 v\u00e1lik. D\u00e9l-Korea vil\u00e1gszinten is az \u00e9lmez\u0151nyben van az egy f\u0151re jut\u00f3 plasztikai beavatkoz\u00e1sok sz\u00e1m\u00e1t tekintve, \u00e9s a k\u00fcls\u0151 sok esetben k\u00f6zvetlen\u00fcl \u00f6sszekapcsol\u00f3dik az elhelyezked\u00e9si es\u00e9lyekkel.<\/p>\n<p>Egy kor\u00e1bbi felm\u00e9r\u00e9s szerint a d\u00e9l-koreai c\u00e9gek d\u00f6nt\u0151 t\u00f6bbs\u00e9ge \u2013 k\u00f6zel 93 sz\u00e1zal\u00e9k \u2013 elv\u00e1rja, hogy az \u00e1ll\u00e1sp\u00e1ly\u00e1zatokhoz f\u00e9nyk\u00e9pet csatoljanak a jelentkez\u0151k. A munk\u00e1ltat\u00f3k jelent\u0151s r\u00e9sze el is ismeri, hogy a p\u00e1ly\u00e1z\u00f3 megjelen\u00e9se befoly\u00e1solja az interj\u00fara h\u00edv\u00e1s es\u00e9ly\u00e9t. Nem meglep\u0151 m\u00f3don az \u00e1ll\u00e1skeres\u0151k t\u00f6bbs\u00e9ge digit\u00e1lisan m\u00f3dos\u00edtja az \u00f6n\u00e9letrajz\u00e1hoz csatolt fot\u00f3j\u00e1t, \u00e9s sokan nyitottak ak\u00e1r kozmetikai beavatkoz\u00e1sokra is, ha \u00fagy \u00e9rzik, ez jav\u00edthatja az elhelyezked\u00e9si kil\u00e1t\u00e1saikat. Ebben a k\u00f6rnyezetben a sz\u00e9ps\u00e9g lassan olyan t\u00e9nyez\u0151v\u00e9 v\u00e1lik, amely k\u00f6zvetlen\u00fcl n\u00f6veli az \u00e1ll\u00e1shoz jut\u00e1s es\u00e9ly\u00e9t, mintha befektetett t\u0151ke lenne.<\/p>\n<p>Akik megengedhetik maguknak a dr\u00e1g\u00e1bb b\u0151r\u00e1pol\u00e1si kezel\u00e9seket, profi fot\u00f3z\u00e1st vagy ak\u00e1r plasztikai m\u0171t\u00e9teket, versenyel\u0151nyh\u00f6z jutnak egy rendk\u00edv\u00fcl kompetit\u00edv munkaer\u0151piacon. A magasabb j\u00f6vedelm\u0171 r\u00e9tegek \u00edgy nemcsak anyagi, hanem eszt\u00e9tikai \u00e9rtelemben is el\u0151nyt halmoznak fel. A k\u00f6lts\u00e9gek jelent\u0151sek: egy orrplasztika \u00e1ra Sz\u00f6ulban ak\u00e1r t\u00f6bb ezer doll\u00e1r is lehet, a nagyobb beavatkoz\u00e1sok \u2013 p\u00e9ld\u00e1ul arcfelvarr\u00e1sok \u2013 pedig m\u00e9g enn\u00e9l is dr\u00e1g\u00e1bbak. B\u00e1r az orvosi turizmus fellend\u00fcl\u00e9se \u2013 \u00e9vente t\u00f6bb mint egymilli\u00f3 k\u00fclf\u00f6ldi p\u00e1ciens \u2013 er\u0151s\u00edti az \u00e1gazatot, ezek a szolg\u00e1ltat\u00e1sok sok koreai sz\u00e1m\u00e1ra el\u00e9rhetetlenek maradnak.<\/p>\n<p>A sz\u00e9ps\u00e9g \u00edgy egyszerre v\u00e1lik st\u00e1tuszszimb\u00f3lumm\u00e1 \u00e9s t\u00e1rsadalmi v\u00e1laszt\u00f3vonall\u00e1. A nyom\u00e1s nemcsak gazdas\u00e1gi, hanem pszichol\u00f3giai k\u00f6vetkezm\u00e9nyekkel is j\u00e1r. Kutat\u00e1sok szerint a testk\u00e9ppel val\u00f3 el\u00e9gedetlens\u00e9g, az \u00f6n\u00e9rt\u00e9kel\u00e9si probl\u00e9m\u00e1k \u00e9s a kozmetikai beavatkoz\u00e1sok ir\u00e1nti ig\u00e9ny szorosan \u00f6sszef\u00fcggnek egym\u00e1ssal. Sok \u00e9rintett a beavatkoz\u00e1sok ut\u00e1n sem \u00e9rzi mag\u00e1t el\u00e9gedettebbnek, ami sokakat arra \u00f6szt\u00f6n\u00f6z, hogy tov\u00e1bbi kozmetikai kezel\u00e9sekre, b\u0151r\u00e1pol\u00e1sra vagy beavatkoz\u00e1sokra k\u00f6ltsenek, rem\u00e9lve, hogy ezzel jav\u00edtj\u00e1k es\u00e9lyeiket. A fiatalok k\u00f6r\u00e9ben mindez fokozott stresszel, szorong\u00e1ssal \u00e9s ment\u00e1lis terhel\u00e9ssel p\u00e1rosul.<\/p>\n<p>Mik\u00f6zben a megjelen\u00e9sre \u00e9p\u00fcl\u0151 ipar\u00e1g munkahelyeket teremt \u00e9s gazdas\u00e1gi n\u00f6veked\u00e9st gener\u00e1l, egyre ink\u00e1bb er\u0151s\u00edti az es\u00e9lyegyenl\u0151tlens\u00e9geket, \u00e9s torz\u00edtja a kiv\u00e1laszt\u00e1si folyamatokat. A sz\u00e9ps\u00e9g nem puszt\u00e1n eszt\u00e9tikai k\u00e9rd\u00e9s, hanem m\u00e9rhet\u0151 munkaer\u0151piaci t\u00e9nyez\u0151 lett \u2013 olyan t\u00e9nyez\u0151, amelyhez nem mindenki f\u00e9r hozz\u00e1 egyform\u00e1n. A k\u00e9rd\u00e9s \u00edgy nem csup\u00e1n az, hogy \u201eel\u00e9g sz\u00e9p-e valaki az \u00e1ll\u00e1shoz\u201d, hanem az is, hogy meddig fenntarthat\u00f3 egy olyan rendszer, ahol az es\u00e9lyek egy r\u00e9sze sz\u00f3 szerint megv\u00e1s\u00e1rolhat\u00f3. Botox vagy buk\u00e1s? Egyre t\u00f6bb dolgoz\u00f3 k\u00e9nyszer\u00fcl r\u00e1ncfelvarr\u00e1sra a karrierje miatt &#8211; nemcsak Kore\u00e1ban \u00fct\u00f6tte fel fej\u00e9t a jelens\u00e9g.<\/p>\n<p>Forr\u00e1s: <a href=\"https:\/\/www.hrportal.hu\/hr\/eleg-szep-vagy-az-allashoz-amikor-az-esely-megvasarolhato-20260118.html\" target=\"_blank\" rel=\"nofollow noopener\">hrportal.hu<\/a><\/p>\n<p>&nbsp;<\/p>\n","protected":false},"excerpt":{"rendered":"<p>Van orsz\u00e1g, ahol a sz\u00e9ps\u00e9gipar a munkaer\u0151piacon kiemelt szerepet j\u00e1tszik, hiszen az \u00e1ll\u00e1sinterj\u00fakon a sz\u00e9ps\u00e9g sokat sz\u00e1m\u00edt. Ez\u00e9rt\u00a0 sz\u00e9p\u00e9szeti beavatkoz\u00e1sokara is hajland\u00f3ak, akik el szeretn\u00e9nek helyezkedni. D\u00e9l-Kore\u00e1ban a munkaer\u0151piacon a megjelen\u00e9s sokszor kimondatlan, m\u00e9gis d\u00f6nt\u0151 elv\u00e1r\u00e1s: az \u00e1ll\u00e1sp\u00e1ly\u00e1zatokhoz gyakran k\u00f6telez\u0151 a fot\u00f3, a k\u00fcls\u0151 pedig befoly\u00e1solja az interj\u00faes\u00e9lyeket. A glob\u00e1lisan \u00fcnnepelt K-Beauty m\u00f6g\u00f6tt \u00edgy egy [&hellip;]<\/p>\n","protected":false},"author":1,"featured_media":9009,"comment_status":"closed","ping_status":"closed","sticky":false,"template":"","format":"standard","meta":{"_monsterinsights_skip_tracking":false,"_monsterinsights_sitenote_active":false,"_monsterinsights_sitenote_note":"","_monsterinsights_sitenote_category":0,"footnotes":""},"categories":[200],"tags":[],"class_list":["post-9008","post","type-post","status-publish","format-standard","has-post-thumbnail","hentry","category-munkaeropiac"],"aioseo_notices":[],"_links":{"self":[{"href":"https:\/\/allasorias.hu\/hirek\/wp-json\/wp\/v2\/posts\/9008","targetHints":{"allow":["GET"]}}],"collection":[{"href":"https:\/\/allasorias.hu\/hirek\/wp-json\/wp\/v2\/posts"}],"about":[{"href":"https:\/\/allasorias.hu\/hirek\/wp-json\/wp\/v2\/types\/post"}],"author":[{"embeddable":true,"href":"https:\/\/allasorias.hu\/hirek\/wp-json\/wp\/v2\/users\/1"}],"replies":[{"embeddable":true,"href":"https:\/\/allasorias.hu\/hirek\/wp-json\/wp\/v2\/comments?post=9008"}],"version-history":[{"count":1,"href":"https:\/\/allasorias.hu\/hirek\/wp-json\/wp\/v2\/posts\/9008\/revisions"}],"predecessor-version":[{"id":9010,"href":"https:\/\/allasorias.hu\/hirek\/wp-json\/wp\/v2\/posts\/9008\/revisions\/9010"}],"wp:featuredmedia":[{"embeddable":true,"href":"https:\/\/allasorias.hu\/hirek\/wp-json\/wp\/v2\/media\/9009"}],"wp:attachment":[{"href":"https:\/\/allasorias.hu\/hirek\/wp-json\/wp\/v2\/media?parent=9008"}],"wp:term":[{"taxonomy":"category","embeddable":true,"href":"https:\/\/allasorias.hu\/hirek\/wp-json\/wp\/v2\/categories?post=9008"},{"taxonomy":"post_tag","embeddable":true,"href":"https:\/\/allasorias.hu\/hirek\/wp-json\/wp\/v2\/tags?post=9008"}],"curies":[{"name":"wp","href":"https:\/\/api.w.org\/{rel}","templated":true}]}}