{"id":9005,"date":"2026-01-16T10:42:54","date_gmt":"2026-01-16T08:42:54","guid":{"rendered":"https:\/\/allasorias.hu\/hirek\/?p=9005"},"modified":"2026-01-16T10:42:54","modified_gmt":"2026-01-16T08:42:54","slug":"hiany-van-a-szakkepzett-fizikai-munkasokbol","status":"publish","type":"post","link":"https:\/\/allasorias.hu\/hirek\/hiany-van-a-szakkepzett-fizikai-munkasokbol\/","title":{"rendered":"Hi\u00e1ny van a szakk\u00e9pzett fizikai munk\u00e1sokb\u00f3l"},"content":{"rendered":"<p><strong>Egyes ter\u00fcleteken hi\u00e1ny van a munkaer\u0151b\u0151l, ami a fejl\u0151d\u00e9st akad\u00e1lyozza a c\u00e9gekn\u00e9l. Toborz\u00e1si neh\u00e9zs\u00e9gekkel k\u00fczdenek, ami megy\u00e9nk\u00e9nt elt\u00e9r\u0151 m\u00e9rt\u00e9k\u0171. A tapasztalat n\u00e9lk\u00fcli fiatalokra csak kev\u00e9s c\u00e9g nyitott.<\/strong><\/p>\n<p>Egyes v\u00e1rmegy\u00e9kben vad\u00e1ssz\u00e1k a szakmunk\u00e1sokat, m\u00e1shol m\u00e1r a stagn\u00e1l\u00e1s az \u00far. Kider\u00fclt, mely szektorokban v\u00e1rhat\u00f3 robban\u00e1s, \u00e9s kik azok a munkav\u00e1llal\u00f3k, akik el\u0151tt 2026-ban bez\u00e1rulhatnak a kapuk. Munkaer\u0151piaci progn\u00f3zis 2026-ra \u2013 ezzel a c\u00edmmel szervezett \u00e9vind\u00edt\u00f3 szakmai kerekasztal-besz\u00e9lget\u00e9st a Magyar K\u00f6zgazdas\u00e1gi T\u00e1rsas\u00e1g (MKT) Munka\u00fcgyi Szakoszt\u00e1lya. A Magyar Kereskedelmi \u00e9s Iparkamara Gazdas\u00e1g- \u00e9s V\u00e1llalkoz\u00e1skutat\u00f3 Int\u00e9zet (GVI) legfrissebb, t\u00f6bb mint 6000 v\u00e1llalat megk\u00e9rdez\u00e9s\u00e9vel k\u00e9sz\u00fclt kutat\u00e1sa felem\u00e1s k\u00e9pet fest a magyar munkaer\u0151piacr\u00f3l. B\u00e1r a c\u00e9gek t\u00f6bbs\u00e9ge tov\u00e1bbra is b\u0151v\u00edt\u00e9sben gondolkodik, a n\u00f6veked\u00e9si kedv megtorpanni l\u00e1tszik, a szakk\u00e9pzett fizikai munkaer\u0151 hi\u00e1nya tov\u00e1bbra is a gazdas\u00e1g egyik legf\u0151bb g\u00e1tja marad.<\/p>\n<p>A 2026-os \u00e9vre vonatkoz\u00f3 foglalkoztat\u00e1si v\u00e1rakoz\u00e1sok orsz\u00e1gos egyenlegmutat\u00f3ja 23 ponton \u00e1ll. B\u00e1r ez az \u00e9rt\u00e9k m\u00e9g mindig azt jelzi, hogy j\u00f3val t\u00f6bb v\u00e1llalat tervez l\u00e9tsz\u00e1mb\u0151v\u00edt\u00e9st, mint -le\u00e9p\u00edt\u00e9st, az optimizmus l\u00e1that\u00f3an lohad: f\u00e9l \u00e9vvel kor\u00e1bban ugyanis m\u00e9g 29 ponton \u00e1llt ez a mutat\u00f3. Az orsz\u00e1gos k\u00e9p azonban komoly ter\u00fcleti egyenl\u0151tlens\u00e9geket mutat. M\u00edg N\u00f3gr\u00e1d \u00e9s Heves v\u00e1rmegye v\u00e1llalkoz\u00e1sai kiugr\u00f3an bizakod\u00f3ak (31,3 pont), addig az \u00e9szakkeleti r\u00e9gi\u00f3 m\u00e1sik v\u00e9glete, Borsod-Aba\u00faj-Zempl\u00e9n megye stagn\u00e1l\u00e1shoz k\u00f6zeli \u00e1llapotba ker\u00fclt (m\u00ednusz 0,5 pont), ahol a b\u0151v\u00edt\u00e9si \u00e9s le\u00e9p\u00edt\u00e9si sz\u00e1nd\u00e9kok gyakorlatilag kiegyenl\u00edtik egym\u00e1st.<\/p>\n<p>A kutat\u00e1s r\u00e1vil\u00e1g\u00edt, hogy a munkaer\u0151 ir\u00e1nti kereslet nem egyenletesen oszlik el a k\u00fcl\u00f6nb\u00f6z\u0151 v\u00e9gzetts\u00e9gi szintek k\u00f6z\u00f6tt. A kutat\u00e1s szerint a gazdas\u00e1g motorj\u00e1t a szakk\u00e9pzett fizikai dolgoz\u00f3k jelentik: ebben a szegmensben a legmagasabb a jelenlegi kereslet, \u00e9s a v\u00e1rakoz\u00e1sok szerint ez a tendencia a j\u00f6v\u0151ben is tov\u00e1bb er\u0151s\u00f6dik. Hasonl\u00f3an stabil, b\u00e1r m\u00e9rs\u00e9keltebb n\u00f6veked\u00e9s v\u00e1rhat\u00f3 a diplom\u00e1s \u00e9s nem diplom\u00e1s szellemi munkak\u00f6r\u00f6kben is. Ezzel szemben a szakk\u00e9pzetlen fizikai munka ir\u00e1nti ig\u00e9ny megtorpant; b\u00e1r a v\u00e1llalatok m\u00e9g keresik ezeket a munkav\u00e1llal\u00f3kat, a v\u00e1rakoz\u00e1sok ebben a kateg\u00f3ri\u00e1ban roml\u00f3 tendenci\u00e1t mutatnak.<\/p>\n<h3>A b\u0151v\u00edt\u00e9si terveket komolyan h\u00e1tr\u00e1ltatja a munkaer\u0151hi\u00e1ny.<\/h3>\n<p>A legal\u00e1bb t\u00edz f\u0151t foglalkoztat\u00f3 c\u00e9gek 12 sz\u00e1zal\u00e9ka sz\u00e1molt be komoly toborz\u00e1si neh\u00e9zs\u00e9gekr\u0151l. A probl\u00e9ma leg\u00e9get\u0151bb pontja ism\u00e9t a szakk\u00e9pzett fizikai \u00e1llom\u00e1ny: a v\u00e1llalkoz\u00e1sok k\u00f6zel 10 sz\u00e1zal\u00e9ka k\u00e9ptelen megfelel\u0151 szakembert tal\u00e1lni ezekre a posztokra. A toborz\u00e1si kr\u00edzis f\u00f6ldrajzilag is koncentr\u00e1l\u00f3dik: a dun\u00e1nt\u00fali r\u00e9gi\u00f3ban, k\u00fcl\u00f6n\u00f6sen Somogy, Tolna \u00e9s Vas megy\u00e9ben a c\u00e9gek t\u00f6bb mint negyede, n\u00e9hol harmada k\u00fczd azzal, hogy felt\u00f6ltse \u00fcres \u00e1ll\u00e1shelyeit.<\/p>\n<p>A fiatalok munkaer\u0151piaci szerepe aggaszt\u00f3 trendet mutat: a 2018-as id\u0151szak \u00f3ta a p\u00e1lyakezd\u0151ket alkalmaz\u00f3 c\u00e9gek ar\u00e1nya k\u00f6zel a fel\u00e9re esett vissza, \u00e9s jelenleg 7 sz\u00e1zal\u00e9k k\u00f6r\u00fcl mozog. A frissen v\u00e9gzetteknek legink\u00e1bb a vend\u00e9gl\u00e1t\u00e1sban \u00e9s az iparban van es\u00e9ly\u00fck az elhelyezked\u00e9sre, m\u00edg a sz\u00e1ll\u00edt\u00e1si \u00e9s p\u00e9nz\u00fcgyi szektor kifejezetten z\u00e1rk\u00f3zott az ir\u00e1nyukba. K\u00fcl\u00f6n\u00f6sen besz\u00e9des a c\u00e9gm\u00e9ret szerinti megoszl\u00e1s: a p\u00e1lyakezd\u0151k foglalkoztat\u00e1sa szinte kiz\u00e1r\u00f3lag a nagyv\u00e1llalatok terepe. M\u00edg a 250 f\u0151 feletti c\u00e9gek k\u00f6zel 60 sz\u00e1zal\u00e9ka nyitott a tapasztalat n\u00e9lk\u00fcli fiatalokra, addig a kisv\u00e1llalkoz\u00e1sokn\u00e1l (t\u00edz f\u0151 alatt) ez az ar\u00e1ny az 5 sz\u00e1zal\u00e9kot sem \u00e9ri el.<\/p>\n<p>Gazsi Attila, a V\u00e1llalkoz\u00f3k \u00e9s Munk\u00e1ltat\u00f3k Orsz\u00e1gos Sz\u00f6vets\u00e9g\u00e9nek orsz\u00e1gos eln\u00f6khelyettese azonban hozz\u00e1tette: a munkaer\u0151piacon a diplom\u00e1sok m\u00e9g mindig sokkal \u00e9rt\u00e9kesebbek, mint a szakk\u00e9pzettek, f\u00fcggetlen\u00fcl att\u00f3l, hogy egy-egy szakk\u00e9pzett tev\u00e9kenys\u00e9gre nagyobb az ig\u00e9ny. \u201e<em>\u00d6sszess\u00e9g\u00e9ben egy tud\u00e1salap\u00fa gazdas\u00e1g ir\u00e1ny\u00e1ba kell indulni: ez hossz\u00fa t\u00e1von el\u0151bbre visz, nagyobb GDP-t \u00e9s nagyobb hat\u00e9konys\u00e1got is tud eredm\u00e9nyezni<\/em>\u201d \u2013 tette hozz\u00e1.<\/p>\n<p>Forr\u00e1s: <a href=\"https:\/\/www.vg.hu\/vilaggazdasag-magyar-gazdasag\/2026\/01\/munkaero-szakmunkas-diplomas-gvi\" target=\"_blank\" rel=\"nofollow noopener noreferrer\">vg.hu<\/a><\/p>\n","protected":false},"excerpt":{"rendered":"<p>Egyes ter\u00fcleteken hi\u00e1ny van a munkaer\u0151b\u0151l, ami a fejl\u0151d\u00e9st akad\u00e1lyozza a c\u00e9gekn\u00e9l. Toborz\u00e1si neh\u00e9zs\u00e9gekkel k\u00fczdenek, ami megy\u00e9nk\u00e9nt elt\u00e9r\u0151 m\u00e9rt\u00e9k\u0171. A tapasztalat n\u00e9lk\u00fcli fiatalokra csak kev\u00e9s c\u00e9g nyitott. Egyes v\u00e1rmegy\u00e9kben vad\u00e1ssz\u00e1k a szakmunk\u00e1sokat, m\u00e1shol m\u00e1r a stagn\u00e1l\u00e1s az \u00far. Kider\u00fclt, mely szektorokban v\u00e1rhat\u00f3 robban\u00e1s, \u00e9s kik azok a munkav\u00e1llal\u00f3k, akik el\u0151tt 2026-ban bez\u00e1rulhatnak a kapuk. Munkaer\u0151piaci [&hellip;]<\/p>\n","protected":false},"author":1,"featured_media":9006,"comment_status":"closed","ping_status":"closed","sticky":false,"template":"","format":"standard","meta":{"_monsterinsights_skip_tracking":false,"footnotes":""},"categories":[200],"tags":[],"class_list":["post-9005","post","type-post","status-publish","format-standard","has-post-thumbnail","hentry","category-munkaeropiac"],"aioseo_notices":[],"aioseo_head":"\n\t\t<!-- All in One SEO 5.0.0.1 - aioseo.com -->\n\t<meta name=\"description\" content=\"Egyes ter\u00fcleteken hi\u00e1ny van a munkaer\u0151b\u0151l, ami a fejl\u0151d\u00e9st akad\u00e1lyozza a c\u00e9gekn\u00e9l. Toborz\u00e1si neh\u00e9zs\u00e9gekkel k\u00fczdenek, ami megy\u00e9nk\u00e9nt elt\u00e9r\u0151 m\u00e9rt\u00e9k\u0171.\" \/>\n\t<meta name=\"robots\" content=\"max-image-preview:large\" \/>\n\t<meta name=\"author\" content=\"Juh\u00e1sz P\u00e9ter\"\/>\n\t<link rel=\"canonical\" href=\"https:\/\/allasorias.hu\/hirek\/hiany-van-a-szakkepzett-fizikai-munkasokbol\/\" \/>\n\t<meta name=\"generator\" content=\"All in One SEO (AIOSEO) 5.0.0.1\" \/>\n\t\t<meta property=\"og:locale\" content=\"hu_HU\" \/>\n\t\t<meta property=\"og:site_name\" content=\"AllasOrias.hu | H\u00edrek-lapszemle | \u00dczleti h\u00edrek az \u00e1ll\u00e1s \u00e9s a munka vil\u00e1g\u00e1b\u00f3l\" \/>\n\t\t<meta property=\"og:type\" content=\"article\" \/>\n\t\t<meta property=\"og:title\" content=\"Hi\u00e1ny van a szakk\u00e9pzett fizikai munk\u00e1sokb\u00f3l\" \/>\n\t\t<meta property=\"og:description\" content=\"Egyes ter\u00fcleteken hi\u00e1ny van a munkaer\u0151b\u0151l, ami a fejl\u0151d\u00e9st akad\u00e1lyozza a c\u00e9gekn\u00e9l. Toborz\u00e1si neh\u00e9zs\u00e9gekkel k\u00fczdenek, ami megy\u00e9nk\u00e9nt elt\u00e9r\u0151 m\u00e9rt\u00e9k\u0171.\" \/>\n\t\t<meta property=\"og:url\" content=\"https:\/\/allasorias.hu\/hirek\/hiany-van-a-szakkepzett-fizikai-munkasokbol\/\" \/>\n\t\t<meta property=\"og:image\" content=\"https:\/\/allasorias.hu\/hirek\/wp-content\/uploads\/2026\/01\/hiany-a-szakkepzett-fizikai-munkas.jpg\" \/>\n\t\t<meta property=\"og:image:secure_url\" content=\"https:\/\/allasorias.hu\/hirek\/wp-content\/uploads\/2026\/01\/hiany-a-szakkepzett-fizikai-munkas.jpg\" \/>\n\t\t<meta property=\"og:image:width\" content=\"1920\" \/>\n\t\t<meta property=\"og:image:height\" content=\"1281\" \/>\n\t\t<meta property=\"article:published_time\" content=\"2026-01-16T08:42:54+00:00\" \/>\n\t\t<meta property=\"article:modified_time\" content=\"2026-01-16T08:42:54+00:00\" \/>\n\t\t<meta property=\"article:publisher\" content=\"https:\/\/www.facebook.com\/allasorias\" \/>\n\t\t<meta name=\"twitter:card\" content=\"summary_large_image\" \/>\n\t\t<meta name=\"twitter:title\" content=\"Hi\u00e1ny van a szakk\u00e9pzett fizikai munk\u00e1sokb\u00f3l\" \/>\n\t\t<meta name=\"twitter:description\" content=\"Egyes ter\u00fcleteken hi\u00e1ny van a munkaer\u0151b\u0151l, ami a fejl\u0151d\u00e9st akad\u00e1lyozza a c\u00e9gekn\u00e9l. Toborz\u00e1si neh\u00e9zs\u00e9gekkel k\u00fczdenek, ami megy\u00e9nk\u00e9nt elt\u00e9r\u0151 m\u00e9rt\u00e9k\u0171.\" \/>\n\t\t<meta name=\"twitter:image\" content=\"https:\/\/allasorias.hu\/hirek\/wp-content\/uploads\/2026\/01\/hiany-a-szakkepzett-fizikai-munkas.jpg\" \/>\n\t\t<meta name=\"twitter:label1\" content=\"Written by\" \/>\n\t\t<meta name=\"twitter:data1\" content=\"Juh\u00e1sz P\u00e9ter\" \/>\n\t\t<meta name=\"twitter:label2\" content=\"Est. reading time\" \/>\n\t\t<meta name=\"twitter:data2\" content=\"4 minutes\" \/>\n\t\t<script type=\"application\/ld+json\" class=\"aioseo-schema\">\n\t\t\t{\"@context\":\"https:\\\/\\\/schema.org\",\"@graph\":[{\"@type\":\"Article\",\"@id\":\"https:\\\/\\\/allasorias.hu\\\/hirek\\\/hiany-van-a-szakkepzett-fizikai-munkasokbol\\\/#article\",\"name\":\"Hi\\u00e1ny van a szakk\\u00e9pzett fizikai munk\\u00e1sokb\\u00f3l\",\"headline\":\"Hi\\u00e1ny van a szakk\\u00e9pzett fizikai munk\\u00e1sokb\\u00f3l\",\"author\":{\"@id\":\"https:\\\/\\\/allasorias.hu\\\/hirek\\\/author\\\/admin-allasorias\\\/#author\"},\"publisher\":{\"@id\":\"https:\\\/\\\/allasorias.hu\\\/hirek\\\/#organization\"},\"image\":{\"@type\":\"ImageObject\",\"url\":\"https:\\\/\\\/allasorias.hu\\\/hirek\\\/wp-content\\\/uploads\\\/2026\\\/01\\\/hiany-a-szakkepzett-fizikai-munkas.jpg\",\"width\":1920,\"height\":1281,\"caption\":\"Hi\\u00e1ny van a szakk\\u00e9pzett fizikai munk\\u00e1sokb\\u00f3l - Allasorias.hu\\\/Hirek\"},\"datePublished\":\"2026-01-16T10:42:54+02:00\",\"dateModified\":\"2026-01-16T10:42:54+02:00\",\"inLanguage\":\"hu-HU\",\"mainEntityOfPage\":{\"@id\":\"https:\\\/\\\/allasorias.hu\\\/hirek\\\/hiany-van-a-szakkepzett-fizikai-munkasokbol\\\/#webpage\"},\"isPartOf\":{\"@id\":\"https:\\\/\\\/allasorias.hu\\\/hirek\\\/hiany-van-a-szakkepzett-fizikai-munkasokbol\\\/#webpage\"},\"articleSection\":\"Munkaer\\u0151piac\"},{\"@type\":\"BreadcrumbList\",\"@id\":\"https:\\\/\\\/allasorias.hu\\\/hirek\\\/hiany-van-a-szakkepzett-fizikai-munkasokbol\\\/#breadcrumblist\",\"itemListElement\":[{\"@type\":\"ListItem\",\"@id\":\"https:\\\/\\\/allasorias.hu\\\/hirek#listItem\",\"position\":1,\"name\":\"Home\",\"item\":\"https:\\\/\\\/allasorias.hu\\\/hirek\",\"nextItem\":{\"@type\":\"ListItem\",\"@id\":\"https:\\\/\\\/allasorias.hu\\\/hirek\\\/temak\\\/munkaeropiac\\\/#listItem\",\"name\":\"Munkaer\\u0151piac\"}},{\"@type\":\"ListItem\",\"@id\":\"https:\\\/\\\/allasorias.hu\\\/hirek\\\/temak\\\/munkaeropiac\\\/#listItem\",\"position\":2,\"name\":\"Munkaer\\u0151piac\",\"item\":\"https:\\\/\\\/allasorias.hu\\\/hirek\\\/temak\\\/munkaeropiac\\\/\",\"nextItem\":{\"@type\":\"ListItem\",\"@id\":\"https:\\\/\\\/allasorias.hu\\\/hirek\\\/hiany-van-a-szakkepzett-fizikai-munkasokbol\\\/#listItem\",\"name\":\"Hi\\u00e1ny van a szakk\\u00e9pzett fizikai munk\\u00e1sokb\\u00f3l\"},\"previousItem\":{\"@type\":\"ListItem\",\"@id\":\"https:\\\/\\\/allasorias.hu\\\/hirek#listItem\",\"name\":\"Home\"}},{\"@type\":\"ListItem\",\"@id\":\"https:\\\/\\\/allasorias.hu\\\/hirek\\\/hiany-van-a-szakkepzett-fizikai-munkasokbol\\\/#listItem\",\"position\":3,\"name\":\"Hi\\u00e1ny van a szakk\\u00e9pzett fizikai munk\\u00e1sokb\\u00f3l\",\"previousItem\":{\"@type\":\"ListItem\",\"@id\":\"https:\\\/\\\/allasorias.hu\\\/hirek\\\/temak\\\/munkaeropiac\\\/#listItem\",\"name\":\"Munkaer\\u0151piac\"}}]},{\"@type\":\"Organization\",\"@id\":\"https:\\\/\\\/allasorias.hu\\\/hirek\\\/#organization\",\"name\":\"AllasOrias.hu | H\\u00edrek-lapszemle\",\"description\":\"\\u00dczleti h\\u00edrek az \\u00e1ll\\u00e1s \\u00e9s a munka vil\\u00e1g\\u00e1b\\u00f3l\",\"url\":\"https:\\\/\\\/allasorias.hu\\\/hirek\\\/\",\"logo\":{\"@type\":\"ImageObject\",\"url\":\"https:\\\/\\\/allasorias.hu\\\/hirek\\\/wp-content\\\/uploads\\\/2022\\\/10\\\/allasorias_site_facebok_logo.png\",\"@id\":\"https:\\\/\\\/allasorias.hu\\\/hirek\\\/hiany-van-a-szakkepzett-fizikai-munkasokbol\\\/#organizationLogo\"},\"image\":{\"@id\":\"https:\\\/\\\/allasorias.hu\\\/hirek\\\/hiany-van-a-szakkepzett-fizikai-munkasokbol\\\/#organizationLogo\"},\"sameAs\":[\"https:\\\/\\\/www.facebook.com\\\/allasorias\",\"https:\\\/\\\/www.linkedin.com\\\/company\\\/allasorias\"]},{\"@type\":\"Person\",\"@id\":\"https:\\\/\\\/allasorias.hu\\\/hirek\\\/author\\\/admin-allasorias\\\/#author\",\"url\":\"https:\\\/\\\/allasorias.hu\\\/hirek\\\/author\\\/admin-allasorias\\\/\",\"name\":\"Juh\\u00e1sz P\\u00e9ter\",\"image\":{\"@type\":\"ImageObject\",\"@id\":\"https:\\\/\\\/allasorias.hu\\\/hirek\\\/hiany-van-a-szakkepzett-fizikai-munkasokbol\\\/#authorImage\",\"url\":\"https:\\\/\\\/secure.gravatar.com\\\/avatar\\\/36e6bcb83148978b992977cb0f54d22feb0cce8a0a849a9410532bb2623ba4c6?s=96&d=mm&r=g\",\"width\":96,\"height\":96,\"caption\":\"Juh\\u00e1sz P\\u00e9ter\"}},{\"@type\":\"WebPage\",\"@id\":\"https:\\\/\\\/allasorias.hu\\\/hirek\\\/hiany-van-a-szakkepzett-fizikai-munkasokbol\\\/#webpage\",\"url\":\"https:\\\/\\\/allasorias.hu\\\/hirek\\\/hiany-van-a-szakkepzett-fizikai-munkasokbol\\\/\",\"name\":\"Hi\\u00e1ny van a szakk\\u00e9pzett fizikai munk\\u00e1sokb\\u00f3l\",\"description\":\"Egyes ter\\u00fcleteken hi\\u00e1ny van a munkaer\\u0151b\\u0151l, ami a fejl\\u0151d\\u00e9st akad\\u00e1lyozza a c\\u00e9gekn\\u00e9l. Toborz\\u00e1si neh\\u00e9zs\\u00e9gekkel k\\u00fczdenek, ami megy\\u00e9nk\\u00e9nt elt\\u00e9r\\u0151 m\\u00e9rt\\u00e9k\\u0171.\",\"inLanguage\":\"hu-HU\",\"isPartOf\":{\"@id\":\"https:\\\/\\\/allasorias.hu\\\/hirek\\\/#website\"},\"breadcrumb\":{\"@id\":\"https:\\\/\\\/allasorias.hu\\\/hirek\\\/hiany-van-a-szakkepzett-fizikai-munkasokbol\\\/#breadcrumblist\"},\"author\":{\"@id\":\"https:\\\/\\\/allasorias.hu\\\/hirek\\\/author\\\/admin-allasorias\\\/#author\"},\"creator\":{\"@id\":\"https:\\\/\\\/allasorias.hu\\\/hirek\\\/author\\\/admin-allasorias\\\/#author\"},\"image\":{\"@type\":\"ImageObject\",\"url\":\"https:\\\/\\\/allasorias.hu\\\/hirek\\\/wp-content\\\/uploads\\\/2026\\\/01\\\/hiany-a-szakkepzett-fizikai-munkas.jpg\",\"@id\":\"https:\\\/\\\/allasorias.hu\\\/hirek\\\/hiany-van-a-szakkepzett-fizikai-munkasokbol\\\/#mainImage\",\"width\":1920,\"height\":1281,\"caption\":\"Hi\\u00e1ny van a szakk\\u00e9pzett fizikai munk\\u00e1sokb\\u00f3l - Allasorias.hu\\\/Hirek\"},\"primaryImageOfPage\":{\"@id\":\"https:\\\/\\\/allasorias.hu\\\/hirek\\\/hiany-van-a-szakkepzett-fizikai-munkasokbol\\\/#mainImage\"},\"datePublished\":\"2026-01-16T10:42:54+02:00\",\"dateModified\":\"2026-01-16T10:42:54+02:00\"},{\"@type\":\"WebSite\",\"@id\":\"https:\\\/\\\/allasorias.hu\\\/hirek\\\/#website\",\"url\":\"https:\\\/\\\/allasorias.hu\\\/hirek\\\/\",\"name\":\"AllasOrias.hu | H\\u00edrek-lapszemle\",\"description\":\"\\u00dczleti h\\u00edrek az \\u00e1ll\\u00e1s \\u00e9s a munka vil\\u00e1g\\u00e1b\\u00f3l\",\"inLanguage\":\"hu-HU\",\"publisher\":{\"@id\":\"https:\\\/\\\/allasorias.hu\\\/hirek\\\/#organization\"}}]}\n\t\t<\/script>\n\t\t<!-- All in One SEO -->\n\n","aioseo_head_json":{"title":"Hi\u00e1ny van a szakk\u00e9pzett fizikai munk\u00e1sokb\u00f3l","description":"Egyes ter\u00fcleteken hi\u00e1ny van a munkaer\u0151b\u0151l, ami a fejl\u0151d\u00e9st akad\u00e1lyozza a c\u00e9gekn\u00e9l. Toborz\u00e1si neh\u00e9zs\u00e9gekkel k\u00fczdenek, ami megy\u00e9nk\u00e9nt elt\u00e9r\u0151 m\u00e9rt\u00e9k\u0171.","canonical_url":"https:\/\/allasorias.hu\/hirek\/hiany-van-a-szakkepzett-fizikai-munkasokbol\/","robots":"max-image-preview:large","keywords":"","webmasterTools":{"miscellaneous":""},"schema":{"@context":"https:\/\/schema.org","@graph":[{"@type":"Article","@id":"https:\/\/allasorias.hu\/hirek\/hiany-van-a-szakkepzett-fizikai-munkasokbol\/#article","name":"Hi\u00e1ny van a szakk\u00e9pzett fizikai munk\u00e1sokb\u00f3l","headline":"Hi\u00e1ny van a szakk\u00e9pzett fizikai munk\u00e1sokb\u00f3l","author":{"@id":"https:\/\/allasorias.hu\/hirek\/author\/admin-allasorias\/#author"},"publisher":{"@id":"https:\/\/allasorias.hu\/hirek\/#organization"},"image":{"@type":"ImageObject","url":"https:\/\/allasorias.hu\/hirek\/wp-content\/uploads\/2026\/01\/hiany-a-szakkepzett-fizikai-munkas.jpg","width":1920,"height":1281,"caption":"Hi\u00e1ny van a szakk\u00e9pzett fizikai munk\u00e1sokb\u00f3l - Allasorias.hu\/Hirek"},"datePublished":"2026-01-16T10:42:54+02:00","dateModified":"2026-01-16T10:42:54+02:00","inLanguage":"hu-HU","mainEntityOfPage":{"@id":"https:\/\/allasorias.hu\/hirek\/hiany-van-a-szakkepzett-fizikai-munkasokbol\/#webpage"},"isPartOf":{"@id":"https:\/\/allasorias.hu\/hirek\/hiany-van-a-szakkepzett-fizikai-munkasokbol\/#webpage"},"articleSection":"Munkaer\u0151piac"},{"@type":"BreadcrumbList","@id":"https:\/\/allasorias.hu\/hirek\/hiany-van-a-szakkepzett-fizikai-munkasokbol\/#breadcrumblist","itemListElement":[{"@type":"ListItem","@id":"https:\/\/allasorias.hu\/hirek#listItem","position":1,"name":"Home","item":"https:\/\/allasorias.hu\/hirek","nextItem":{"@type":"ListItem","@id":"https:\/\/allasorias.hu\/hirek\/temak\/munkaeropiac\/#listItem","name":"Munkaer\u0151piac"}},{"@type":"ListItem","@id":"https:\/\/allasorias.hu\/hirek\/temak\/munkaeropiac\/#listItem","position":2,"name":"Munkaer\u0151piac","item":"https:\/\/allasorias.hu\/hirek\/temak\/munkaeropiac\/","nextItem":{"@type":"ListItem","@id":"https:\/\/allasorias.hu\/hirek\/hiany-van-a-szakkepzett-fizikai-munkasokbol\/#listItem","name":"Hi\u00e1ny van a szakk\u00e9pzett fizikai munk\u00e1sokb\u00f3l"},"previousItem":{"@type":"ListItem","@id":"https:\/\/allasorias.hu\/hirek#listItem","name":"Home"}},{"@type":"ListItem","@id":"https:\/\/allasorias.hu\/hirek\/hiany-van-a-szakkepzett-fizikai-munkasokbol\/#listItem","position":3,"name":"Hi\u00e1ny van a szakk\u00e9pzett fizikai munk\u00e1sokb\u00f3l","previousItem":{"@type":"ListItem","@id":"https:\/\/allasorias.hu\/hirek\/temak\/munkaeropiac\/#listItem","name":"Munkaer\u0151piac"}}]},{"@type":"Organization","@id":"https:\/\/allasorias.hu\/hirek\/#organization","name":"AllasOrias.hu | H\u00edrek-lapszemle","description":"\u00dczleti h\u00edrek az \u00e1ll\u00e1s \u00e9s a munka vil\u00e1g\u00e1b\u00f3l","url":"https:\/\/allasorias.hu\/hirek\/","logo":{"@type":"ImageObject","url":"https:\/\/allasorias.hu\/hirek\/wp-content\/uploads\/2022\/10\/allasorias_site_facebok_logo.png","@id":"https:\/\/allasorias.hu\/hirek\/hiany-van-a-szakkepzett-fizikai-munkasokbol\/#organizationLogo"},"image":{"@id":"https:\/\/allasorias.hu\/hirek\/hiany-van-a-szakkepzett-fizikai-munkasokbol\/#organizationLogo"},"sameAs":["https:\/\/www.facebook.com\/allasorias","https:\/\/www.linkedin.com\/company\/allasorias"]},{"@type":"Person","@id":"https:\/\/allasorias.hu\/hirek\/author\/admin-allasorias\/#author","url":"https:\/\/allasorias.hu\/hirek\/author\/admin-allasorias\/","name":"Juh\u00e1sz P\u00e9ter","image":{"@type":"ImageObject","@id":"https:\/\/allasorias.hu\/hirek\/hiany-van-a-szakkepzett-fizikai-munkasokbol\/#authorImage","url":"https:\/\/secure.gravatar.com\/avatar\/36e6bcb83148978b992977cb0f54d22feb0cce8a0a849a9410532bb2623ba4c6?s=96&d=mm&r=g","width":96,"height":96,"caption":"Juh\u00e1sz P\u00e9ter"}},{"@type":"WebPage","@id":"https:\/\/allasorias.hu\/hirek\/hiany-van-a-szakkepzett-fizikai-munkasokbol\/#webpage","url":"https:\/\/allasorias.hu\/hirek\/hiany-van-a-szakkepzett-fizikai-munkasokbol\/","name":"Hi\u00e1ny van a szakk\u00e9pzett fizikai munk\u00e1sokb\u00f3l","description":"Egyes ter\u00fcleteken hi\u00e1ny van a munkaer\u0151b\u0151l, ami a fejl\u0151d\u00e9st akad\u00e1lyozza a c\u00e9gekn\u00e9l. Toborz\u00e1si neh\u00e9zs\u00e9gekkel k\u00fczdenek, ami megy\u00e9nk\u00e9nt elt\u00e9r\u0151 m\u00e9rt\u00e9k\u0171.","inLanguage":"hu-HU","isPartOf":{"@id":"https:\/\/allasorias.hu\/hirek\/#website"},"breadcrumb":{"@id":"https:\/\/allasorias.hu\/hirek\/hiany-van-a-szakkepzett-fizikai-munkasokbol\/#breadcrumblist"},"author":{"@id":"https:\/\/allasorias.hu\/hirek\/author\/admin-allasorias\/#author"},"creator":{"@id":"https:\/\/allasorias.hu\/hirek\/author\/admin-allasorias\/#author"},"image":{"@type":"ImageObject","url":"https:\/\/allasorias.hu\/hirek\/wp-content\/uploads\/2026\/01\/hiany-a-szakkepzett-fizikai-munkas.jpg","@id":"https:\/\/allasorias.hu\/hirek\/hiany-van-a-szakkepzett-fizikai-munkasokbol\/#mainImage","width":1920,"height":1281,"caption":"Hi\u00e1ny van a szakk\u00e9pzett fizikai munk\u00e1sokb\u00f3l - Allasorias.hu\/Hirek"},"primaryImageOfPage":{"@id":"https:\/\/allasorias.hu\/hirek\/hiany-van-a-szakkepzett-fizikai-munkasokbol\/#mainImage"},"datePublished":"2026-01-16T10:42:54+02:00","dateModified":"2026-01-16T10:42:54+02:00"},{"@type":"WebSite","@id":"https:\/\/allasorias.hu\/hirek\/#website","url":"https:\/\/allasorias.hu\/hirek\/","name":"AllasOrias.hu | H\u00edrek-lapszemle","description":"\u00dczleti h\u00edrek az \u00e1ll\u00e1s \u00e9s a munka vil\u00e1g\u00e1b\u00f3l","inLanguage":"hu-HU","publisher":{"@id":"https:\/\/allasorias.hu\/hirek\/#organization"}}]},"og:locale":"hu_HU","og:site_name":"AllasOrias.hu | H\u00edrek-lapszemle | \u00dczleti h\u00edrek az \u00e1ll\u00e1s \u00e9s a munka vil\u00e1g\u00e1b\u00f3l","og:type":"article","og:title":"Hi\u00e1ny van a szakk\u00e9pzett fizikai munk\u00e1sokb\u00f3l","og:description":"Egyes ter\u00fcleteken hi\u00e1ny van a munkaer\u0151b\u0151l, ami a fejl\u0151d\u00e9st akad\u00e1lyozza a c\u00e9gekn\u00e9l. Toborz\u00e1si neh\u00e9zs\u00e9gekkel k\u00fczdenek, ami megy\u00e9nk\u00e9nt elt\u00e9r\u0151 m\u00e9rt\u00e9k\u0171.","og:url":"https:\/\/allasorias.hu\/hirek\/hiany-van-a-szakkepzett-fizikai-munkasokbol\/","og:image":"https:\/\/allasorias.hu\/hirek\/wp-content\/uploads\/2026\/01\/hiany-a-szakkepzett-fizikai-munkas.jpg","og:image:secure_url":"https:\/\/allasorias.hu\/hirek\/wp-content\/uploads\/2026\/01\/hiany-a-szakkepzett-fizikai-munkas.jpg","og:image:width":1920,"og:image:height":1281,"article:published_time":"2026-01-16T08:42:54+00:00","article:modified_time":"2026-01-16T08:42:54+00:00","article:publisher":"https:\/\/www.facebook.com\/allasorias","twitter:card":"summary_large_image","twitter:title":"Hi\u00e1ny van a szakk\u00e9pzett fizikai munk\u00e1sokb\u00f3l","twitter:description":"Egyes ter\u00fcleteken hi\u00e1ny van a munkaer\u0151b\u0151l, ami a fejl\u0151d\u00e9st akad\u00e1lyozza a c\u00e9gekn\u00e9l. Toborz\u00e1si neh\u00e9zs\u00e9gekkel k\u00fczdenek, ami megy\u00e9nk\u00e9nt elt\u00e9r\u0151 m\u00e9rt\u00e9k\u0171.","twitter:image":"https:\/\/allasorias.hu\/hirek\/wp-content\/uploads\/2026\/01\/hiany-a-szakkepzett-fizikai-munkas.jpg","twitter:label1":"Written by","twitter:data1":"Juh\u00e1sz P\u00e9ter","twitter:label2":"Est. reading time","twitter:data2":"4 minutes"},"aioseo_meta_data":{"post_id":"9005","title":"#post_title","description":"Egyes ter\u00fcleteken hi\u00e1ny van a munkaer\u0151b\u0151l, ami a fejl\u0151d\u00e9st akad\u00e1lyozza a c\u00e9gekn\u00e9l. Toborz\u00e1si neh\u00e9zs\u00e9gekkel k\u00fczdenek, ami megy\u00e9nk\u00e9nt elt\u00e9r\u0151 m\u00e9rt\u00e9k\u0171.","keywords":null,"keyphrases":{"focus":{"keyphrase":"","score":0,"analysis":{"keyphraseInTitle":{"score":0,"maxScore":9,"error":1}}},"additional":[]},"primary_term":null,"canonical_url":null,"og_title":null,"og_description":null,"og_object_type":"default","og_image_type":"default","og_image_url":null,"og_image_width":null,"og_image_height":null,"og_image_custom_url":null,"og_image_custom_fields":null,"og_video":"","og_custom_url":null,"og_article_section":null,"og_article_tags":null,"twitter_use_og":true,"twitter_card":"default","twitter_image_type":"default","twitter_image_url":null,"twitter_image_custom_url":null,"twitter_image_custom_fields":null,"twitter_title":null,"twitter_description":null,"schema":{"blockGraphs":[],"customGraphs":[],"default":{"data":{"Article":[],"Course":[],"Dataset":[],"FAQPage":[],"Movie":[],"Person":[],"Product":[],"ProductReview":[],"Car":[],"Recipe":[],"Service":[],"SoftwareApplication":[],"WebPage":[]},"graphName":"Article","isEnabled":true},"graphs":[]},"schema_type":"default","schema_type_options":null,"pillar_content":false,"robots_default":true,"robots_noindex":false,"robots_noarchive":false,"robots_nosnippet":false,"robots_nofollow":false,"robots_noimageindex":false,"robots_noodp":false,"robots_notranslate":false,"robots_max_snippet":"-1","robots_max_videopreview":"-1","robots_max_imagepreview":"large","priority":null,"frequency":"default","location":null,"local_seo":null,"breadcrumb_settings":null,"limit_modified_date":false,"ai":{"faqs":[],"keyPoints":[],"titles":[],"descriptions":[],"socialPosts":{"email":[],"linkedin":[],"twitter":[],"facebook":[],"instagram":[]}},"created":"2026-01-16 08:08:18","updated":"2026-01-16 08:48:05","seo_analyzer_scan_date":null,"focus_keyword":null,"additional_keywords":null,"truseo_locale":null},"aioseo_breadcrumb":"<div class=\"aioseo-breadcrumbs\"><span class=\"aioseo-breadcrumb\">\n\t\t\t<a href=\"https:\/\/allasorias.hu\/hirek\" title=\"Home\">Home<\/a>\n\t\t<\/span><span class=\"aioseo-breadcrumb-separator\">&raquo;<\/span><span class=\"aioseo-breadcrumb\">\n\t\t\t<a href=\"https:\/\/allasorias.hu\/hirek\/temak\/munkaeropiac\/\" title=\"Munkaer\u0151piac\">Munkaer\u0151piac<\/a>\n\t\t<\/span><span class=\"aioseo-breadcrumb-separator\">&raquo;<\/span><span class=\"aioseo-breadcrumb\">\n\t\t\tHi\u00e1ny van a szakk\u00e9pzett fizikai munk\u00e1sokb\u00f3l\n\t\t<\/span><\/div>","aioseo_breadcrumb_json":[{"label":"Home","link":"https:\/\/allasorias.hu\/hirek"},{"label":"Munkaer\u0151piac","link":"https:\/\/allasorias.hu\/hirek\/temak\/munkaeropiac\/"},{"label":"Hi\u00e1ny van a szakk\u00e9pzett fizikai munk\u00e1sokb\u00f3l","link":"https:\/\/allasorias.hu\/hirek\/hiany-van-a-szakkepzett-fizikai-munkasokbol\/"}],"_links":{"self":[{"href":"https:\/\/allasorias.hu\/hirek\/wp-json\/wp\/v2\/posts\/9005","targetHints":{"allow":["GET"]}}],"collection":[{"href":"https:\/\/allasorias.hu\/hirek\/wp-json\/wp\/v2\/posts"}],"about":[{"href":"https:\/\/allasorias.hu\/hirek\/wp-json\/wp\/v2\/types\/post"}],"author":[{"embeddable":true,"href":"https:\/\/allasorias.hu\/hirek\/wp-json\/wp\/v2\/users\/1"}],"replies":[{"embeddable":true,"href":"https:\/\/allasorias.hu\/hirek\/wp-json\/wp\/v2\/comments?post=9005"}],"version-history":[{"count":1,"href":"https:\/\/allasorias.hu\/hirek\/wp-json\/wp\/v2\/posts\/9005\/revisions"}],"predecessor-version":[{"id":9007,"href":"https:\/\/allasorias.hu\/hirek\/wp-json\/wp\/v2\/posts\/9005\/revisions\/9007"}],"wp:featuredmedia":[{"embeddable":true,"href":"https:\/\/allasorias.hu\/hirek\/wp-json\/wp\/v2\/media\/9006"}],"wp:attachment":[{"href":"https:\/\/allasorias.hu\/hirek\/wp-json\/wp\/v2\/media?parent=9005"}],"wp:term":[{"taxonomy":"category","embeddable":true,"href":"https:\/\/allasorias.hu\/hirek\/wp-json\/wp\/v2\/categories?post=9005"},{"taxonomy":"post_tag","embeddable":true,"href":"https:\/\/allasorias.hu\/hirek\/wp-json\/wp\/v2\/tags?post=9005"}],"curies":[{"name":"wp","href":"https:\/\/api.w.org\/{rel}","templated":true}]}}