{"id":8998,"date":"2026-01-14T14:25:01","date_gmt":"2026-01-14T12:25:01","guid":{"rendered":"https:\/\/allasorias.hu\/hirek\/?p=8998"},"modified":"2026-01-14T14:25:01","modified_gmt":"2026-01-14T12:25:01","slug":"a-bizonytalansag-hatasai-a-munkavallalasban","status":"publish","type":"post","link":"https:\/\/allasorias.hu\/hirek\/a-bizonytalansag-hatasai-a-munkavallalasban\/","title":{"rendered":"A bizonytalans\u00e1g hat\u00e1sai a munkav\u00e1llal\u00e1sban"},"content":{"rendered":"<p><strong>A munkaer\u0151piacon tapasztalt bizonytalans\u00e1g sz\u00e1mos negat\u00edv hat\u00e1ssal van a munkav\u00e1llal\u00f3 ment\u00e1lis \u00e1llapot\u00e1ra. A szakemberek szerint a halogat\u00e1s, a probl\u00e9m\u00e1k od\u00e1z\u00e1sa nem seg\u00edt a helyzeten.<\/strong><\/p>\n<p>A munkaer\u0151piac folyamatosan v\u00e1ltozik: gondolj csak arra, hogy a mesters\u00e9ges intelligencia pillanatok alatt \u00e1t\u00edrja a szerepeket \u00e9s az \u201e\u00f6t\u00e9ves tervek\u201d m\u00e1r szinte nevets\u00e9gesnek t\u0171nnek. A rapid v\u00e1ltoz\u00e1sok mellett mindenhol azzal tal\u00e1lkozol, hogy fogadd el a bizonytalans\u00e1got, tekintsd azt a n\u00f6veked\u00e9s \u00e9s a b\u00e1tors\u00e1g eszk\u00f6z\u00e9nek, \u00e9s ebben van is n\u00e9mi igazs\u00e1g. A bizonytalans\u00e1g olyan biol\u00f3giai t\u00e9nyez\u0151, ami borzalmas hat\u00e1ssal van az agyadra, \u00e9s ezen kereszt\u00fcl a jelenl\u00e9tedre, a d\u00f6nt\u00e9seidre \u00e9s a karrieredre. Azonban van valami, amir\u0151l csak kevesen besz\u00e9lnek: a t\u00fal sok bizonytalans\u00e1g nem tesz b\u00e1trabb\u00e1 vagy rugalmasabb\u00e1. Val\u00f3j\u00e1ban csendben lemer\u00edt, t\u00falterheli az idegrendszeredet, \u00e9s hossz\u00fa t\u00e1von az egyik legnagyobb l\u00e1thatatlan akad\u00e1lly\u00e1 v\u00e1lhat a karrieredben. Ebben a cikkben ez\u00e9rt megn\u00e9zz\u00fck, hogyan szerezheted vissza a f\u00f3kuszt egy t\u00falstimul\u00e1lt, bizonytalan k\u00f6rnyezetben.<\/p>\n<p>Pszichol\u00f3giai szempontb\u00f3l a bizonytalans\u00e1g nem csak egy elvont fogalom, de biol\u00f3giai stresszforr\u00e1s is. Az agyunk arra van programozva, hogy el\u0151re jelezze a vesz\u00e9lyt. Az idegtudom\u00e1nyi kutat\u00e1sok is kimutatt\u00e1k, hogy az agy hasonl\u00f3 m\u00f3don kezeli a bizonytalans\u00e1got, mint a hal\u00e1los fenyeget\u00e9st, hiszen a bizonytalans\u00e1g cs\u00f6kkenti a j\u00f6v\u0151beli esem\u00e9nyek el\u0151rel\u00e1t\u00e1s\u00e1nak k\u00e9pess\u00e9g\u00e9t. Amikor a j\u00f6v\u0151 t\u00fal hom\u00e1lyos, a stressz\u00e1llapot folyamatosan fennmarad. A kortizol szintje emelkedik, a ment\u00e1lis tisztas\u00e1g cs\u00f6kken, a d\u00f6nt\u00e9shozatal romlik. Gyakorlati szinten a t\u00falzott bizonytalans\u00e1g \u00edgy n\u00e9zhet ki:<\/p>\n<ul>\n<li>Minden karrierl\u00e9p\u00e9sedet t\u00falgondolod,<\/li>\n<li>halogatod a fontos d\u00f6nt\u00e9seket,<\/li>\n<li>folyamatosan t\u00f6bb inform\u00e1ci\u00f3t keresel, de nem cselekszel,<\/li>\n<li>elfoglalt vagy, m\u00e9gis furcs\u00e1n eredm\u00e9nytelennek \u00e9rzed magad,<\/li>\n<li>\u00fagy \u00e9rzed, folyamatosan \u201ct\u00fczet kell oltanod\u201d,<\/li>\n<li>cs\u00f6kken az \u00f6nbizalmad a kor\u00e1bban k\u00f6nnyen meghozott d\u00f6nt\u00e9sekkel kapcsolatban is.<\/li>\n<\/ul>\n<p>Amikor el\u00e1raszt a bizonytalans\u00e1g, az agyad ir\u00e1ny\u00edt\u00f3 funkci\u00f3i \u2014 mint a f\u00f3kusz megtart\u00e1sa, a priorit\u00e1sok meghat\u00e1roz\u00e1sa \u00e9s a strat\u00e9giai gondolkod\u00e1s \u2014 a h\u00e1tt\u00e9rbe szorulnak. Ez nem a hozz\u00e1\u00e1ll\u00e1sod probl\u00e9m\u00e1ja, hanem egyszer\u0171 biol\u00f3gia. A bizonytalans\u00e1g vesz\u00e9lye azonban nem a kellemetlens\u00e9g\u00e9ben rejlik, hanem a l\u00e1thatatlans\u00e1g\u00e1ban. Lehet, hogy m\u00e9g mindig j\u00f3l teljes\u00edtesz, tartod a hat\u00e1rid\u0151ket, megb\u00edzhat\u00f3 vagy, de a h\u00e1tt\u00e9rben:<\/p>\n<ul>\n<li>Csak akkor jelentkezel \u00faj poz\u00edci\u00f3ra, ha \u201e100%-ban k\u00e9szen \u00e1llsz\u201d,<\/li>\n<li>halogatod a fizet\u00e9semel\u00e9s k\u00e9r\u00e9s\u00e9t, mert \u201em\u00e9g nem j\u00f6tt el a megfelel\u0151 id\u0151\u201d,<\/li>\n<li>folytatod az \u00f6tletek finom\u00edt\u00e1s\u00e1t ahelyett, hogy beind\u00edtan\u00e1d azokat,<\/li>\n<li>maradsz a biztons\u00e1gos, de stagn\u00e1l\u00f3 szerepedben.<\/li>\n<\/ul>\n<p>A pszichol\u00f3gi\u00e1ban ezt optimaliz\u00e1l\u00e1ssal \u00e1lc\u00e1zott elker\u00fcl\u00e9snek is nevezik, amikor a perfekcionizmus \u00e9s a felk\u00e9sz\u00fcl\u00e9s a f\u00e9lelemb\u0151l ered\u0151 tehetetlens\u00e9get takarja. A hosszan tart\u00f3 bizonytalans\u00e1g cs\u00f6kkenti a proakt\u00edv viselked\u00e9st, m\u00e9g a legmotiv\u00e1ltabbak k\u00f6r\u00e9ben is. Mik\u00f6zben teh\u00e1t a \u201et\u00f6k\u00e9letes\u201d pillanatra v\u00e1rsz, a lehet\u0151s\u00e9gek csendben elsz\u00e1llnak. A magabiztoss\u00e1got gyakran a bizonytalans\u00e1g ellenszer\u00e9nek tekintik, ez azonban \u00e1ltal\u00e1ban a cselekv\u00e9s ut\u00e1n jelenik meg, nem pedig el\u0151tte. A viselked\u00e9studom\u00e1ny szerint az \u00e9nhat\u00e9konys\u00e1g (a hit abban, hogy k\u00e9pes vagy kezelni a kih\u00edv\u00e1sokat) bizony\u00edt\u00e9kok r\u00e9v\u00e9n \u00e9p\u00fcl fel, nem \u00f6nmeger\u0151s\u00edt\u00e9sek \u00e1ltal. Magabiztoss\u00e1got akkor szerzel, mik\u00f6zben kezeled a bizonytalans\u00e1got. Ez\u00e9rt az, ha csak azt mondogatod magadnak, hogy \u201cb\u00edzz a folyamatban\u201d, gyakran hat\u00e1stalannak t\u0171nik. Val\u00f3j\u00e1ban strukt\u00far\u00e1ra van sz\u00fcks\u00e9ged, nem b\u00e1tor\u00edt\u00e1sra.<\/p>\n<h3>Hogyan szerezheted vissza a f\u00f3kuszod, amikor minden bizonytalan?<\/h3>\n<p>A c\u00e9l nem a bizonytalans\u00e1g elt\u00fcntet\u00e9se, hanem az, hogy cs\u00f6kkentsd az agyadban egyszerre jelenl\u00e9v\u0151 bizonytalans\u00e1g mennyis\u00e9g\u00e9t. Az al\u00e1bbiakban \u00f6sszegy\u0171jt\u00f6ttem n\u00e9h\u00e1ny eszk\u00f6zt, ami a seg\u00edts\u00e9gedre lehet ebben.<\/p>\n<h3>1. Kicsiny\u00edtsd le a j\u00f6v\u0151t!<\/h3>\n<p>Ahelyett, hogy azt k\u00e9rdezn\u00e9d magadt\u00f3l: \u201eHol l\u00e1tom magamat \u00f6t \u00e9v m\u00falva a karrieremben?\u201d Tedd fel ink\u00e1bb ezt a k\u00e9rd\u00e9st bizonytalalan helyzetekben: \u201eMi az a k\u00f6vetkez\u0151 \u00e9rtelmes l\u00e9p\u00e9s, amit a mai napon megtehetek?\u201d Az agy sokkal jobban kezeli a r\u00f6vid t\u00e1v\u00fa bizonytalans\u00e1got, mint a hom\u00e1lyos, hossz\u00fa t\u00e1v\u00fa v\u00edzi\u00f3kat. Ha magas szint\u0171 a bizonytalans\u00e1g-\u00e9rz\u00e9sed, ne mestertervet \u00e1ll\u00edts \u00f6ssze. N\u00e9ha egy ir\u00e1nyad\u00f3 l\u00e9p\u00e9s is el\u00e9g: egy besz\u00e9lget\u00e9s, egy aj\u00e1nlat elk\u00fcld\u00e9se, egy k\u00eds\u00e9rlet.<\/p>\n<h3>2. V\u00e1laszd sz\u00e9t, mi az ismeretlen \u00e9s mi a kontroll\u00e1lhatatlan!<\/h3>\n<p>A pszichol\u00f3gusok megk\u00fcl\u00f6nb\u00f6ztetik az ismereti (episztemikus), vagyis az ismereteink hi\u00e1ny\u00e1b\u00f3l fakad\u00f3 bizonytalans\u00e1got \u00e9s az extern\u00e1lis bizonytalans\u00e1got, vagyis amikor nem az ismeretek \u00e9s a tud\u00e1s hi\u00e1nya, hanem a k\u00f6rnyezet\u00fcnk kisz\u00e1m\u00edthatatlans\u00e1ga okozza a bizonytalans\u00e1got. Te is v\u00e1laszd sz\u00e9t a kett\u0151t. Amikor bizonytalan helyzetbe ker\u00fclsz, \u00edrd fel k\u00e9t oszlopba, mi az, amit az adott helyzetben nem tudsz (\u00e9s ez frusztr\u00e1ci\u00f3val t\u00f6lt el) \u00e9s mi az, amit viszont nem tudsz ir\u00e1ny\u00edtani, mert a kontrollodon k\u00edv\u00fcl \u00e1ll. Ha te is megk\u00fcl\u00f6nb\u00f6zteted ezt a kett\u0151t, gyakran r\u00e1j\u00f6ssz, hogy a szorong\u00e1sod felnagy\u00edtja azokat a dolgokat, amelyeket sosem volt\u00e1l k\u00e9pes ir\u00e1ny\u00edtani (piaci trendek, m\u00e1sok reakci\u00f3i \u00e9s v\u00e9lem\u00e9nye, id\u0151z\u00edt\u00e9s stb\u2026). Amikor tudatosan elengeded ezeket, a kognit\u00edv terhel\u00e9s cs\u00f6kken. A tiszt\u00e1nl\u00e1t\u00e1s teh\u00e1t nem a kontrollb\u00f3l ered, hanem abb\u00f3l, hogy meg tudod k\u00fcl\u00f6nb\u00f6zteti, mi az, ami felett val\u00f3ban van kontrollod \u00e9s mi az, amit nem tudsz befoly\u00e1solni.<\/p>\n<h3>3. Hozz l\u00e9tre biztons\u00e1gi kapaszkod\u00f3kat!<\/h3>\n<p>Amikor a bizonytalans\u00e1g foka magas, az idegrendszerednek k\u00fcl\u00f6n\u00f6sen sz\u00fcks\u00e9ge van a kisz\u00e1m\u00edthat\u00f3s\u00e1gra. Ha m\u00e1sban nem is, de ezt megtal\u00e1lhatod p\u00e9ld\u00e1ul a mindennapos apr\u00f3, stabil rutinfeladatokban. P\u00e9ld\u00e1ul a heti szint\u0171 megbesz\u00e9l\u00e9sekben, a rendszeres feladataidban, a visszat\u00e9r\u0151 \u00fcgyfelekben. Ezek a \u201cbiztons\u00e1gi kapaszkod\u00f3k\u201d nem korl\u00e1tozz\u00e1k a n\u00f6veked\u00e9sedet, hanem t\u00e1mogatj\u00e1k azt. Fokozottan bizonytalan helyzetben f\u00f3kusz\u00e1lj arra, hogy teljes jelentudatoss\u00e1ggal v\u00e9gezd ezeket a tev\u00e9kenys\u00e9geket.<\/p>\n<h3>4. Cselekedj akkor is, ha nincs motiv\u00e1ci\u00f3d!<\/h3>\n<p>A motiv\u00e1ci\u00f3 egy bizonytalan k\u00f6rnyezetben k\u00fcl\u00f6n\u00f6sen megb\u00edzhatatlan er\u0151forr\u00e1s. A cselekv\u00e9s azonban nem az. A cselekv\u00e9s gyakran megel\u0151zi a motiv\u00e1ci\u00f3t. Gondolj csak arra, amikor egyetlen porcik\u00e1d sem k\u00edv\u00e1nja az edz\u00e9st, m\u00e9gis hozz\u00e1l\u00e1tsz, \u00e9s a v\u00e9g\u00e9n sokkal jobban \u00e9rzed magad, mint el\u0151tte. Alkalmazd ezt az elvet a karrieredben is. Csin\u00e1lj meg valamit t\u00f6k\u00e9letlen\u00fcl. K\u00fcldd el azt az e-mailt, oszd meg azt az \u00f6tletet a feletteseddel, jelentkezz arra az \u00e1ll\u00e1sra. A cselekv\u00e9s lend\u00fcletbe hoz. A lend\u00fclet pedig az egyik leggyorsabb m\u00f3dja a bizonytalans\u00e1g csillap\u00edt\u00e1s\u00e1nak.A bizonytalans\u00e1g nem szem\u00e9lyes gyenges\u00e9g, \u00e9s nem is annak a jele, hogy rossz \u00faton j\u00e1rsz. Az \u00e1lland\u00f3 bizonytalans\u00e1g azonban val\u00f3ban kimer\u00edti az er\u0151tartal\u00e9kaidat. A legsikeresebbek nem azok, akik v\u00e1rtak addig, am\u00edg minden vil\u00e1gos \u00e9s egy\u00e9rtelm\u0171 lett, hanem azok, akik megtanultak cselekedni a bizonytalans\u00e1gban \u00e9s elfogadni a jelenl\u00e9t\u00e9t an\u00e9lk\u00fcl, hogy az ir\u00e1ny\u00edtan\u00e1 \u0151ket.<\/p>\n<p>Forr\u00e1s: <a href=\"https:\/\/www.glamour.hu\/glamour-power\/bizonytalansag-hatasa-az-agyra\/35njhkp\" target=\"_blank\" rel=\"nofollow noopener noreferrer\">glamour.hu<\/a><\/p>\n","protected":false},"excerpt":{"rendered":"<p>A munkaer\u0151piacon tapasztalt bizonytalans\u00e1g sz\u00e1mos negat\u00edv hat\u00e1ssal van a munkav\u00e1llal\u00f3 ment\u00e1lis \u00e1llapot\u00e1ra. A szakemberek szerint a halogat\u00e1s, a probl\u00e9m\u00e1k od\u00e1z\u00e1sa nem seg\u00edt a helyzeten. A munkaer\u0151piac folyamatosan v\u00e1ltozik: gondolj csak arra, hogy a mesters\u00e9ges intelligencia pillanatok alatt \u00e1t\u00edrja a szerepeket \u00e9s az \u201e\u00f6t\u00e9ves tervek\u201d m\u00e1r szinte nevets\u00e9gesnek t\u0171nnek. A rapid v\u00e1ltoz\u00e1sok mellett mindenhol azzal tal\u00e1lkozol, [&hellip;]<\/p>\n","protected":false},"author":1,"featured_media":8999,"comment_status":"closed","ping_status":"closed","sticky":false,"template":"","format":"standard","meta":{"_monsterinsights_skip_tracking":false,"footnotes":""},"categories":[200],"tags":[],"class_list":["post-8998","post","type-post","status-publish","format-standard","has-post-thumbnail","hentry","category-munkaeropiac"],"aioseo_notices":[],"aioseo_head":"\n\t\t<!-- All in One SEO 5.0.0.1 - aioseo.com -->\n\t<meta name=\"description\" content=\"A munkaer\u0151piacon tapasztalt bizonytalans\u00e1g sz\u00e1mos negat\u00edv hat\u00e1ssal van a munkav\u00e1llal\u00f3 ment\u00e1lis \u00e1llapot\u00e1ra. A halogat\u00e1s nem seg\u00edt a helyzeten.\" \/>\n\t<meta name=\"robots\" content=\"max-image-preview:large\" \/>\n\t<meta name=\"author\" content=\"Juh\u00e1sz P\u00e9ter\"\/>\n\t<link rel=\"canonical\" href=\"https:\/\/allasorias.hu\/hirek\/a-bizonytalansag-hatasai-a-munkavallalasban\/\" \/>\n\t<meta name=\"generator\" content=\"All in One SEO (AIOSEO) 5.0.0.1\" \/>\n\t\t<meta property=\"og:locale\" content=\"hu_HU\" \/>\n\t\t<meta property=\"og:site_name\" content=\"AllasOrias.hu | H\u00edrek-lapszemle | \u00dczleti h\u00edrek az \u00e1ll\u00e1s \u00e9s a munka vil\u00e1g\u00e1b\u00f3l\" \/>\n\t\t<meta property=\"og:type\" content=\"article\" \/>\n\t\t<meta property=\"og:title\" content=\"A bizonytalans\u00e1g hat\u00e1sai a munkav\u00e1llal\u00e1sban\" \/>\n\t\t<meta property=\"og:description\" content=\"A munkaer\u0151piacon tapasztalt bizonytalans\u00e1g sz\u00e1mos negat\u00edv hat\u00e1ssal van a munkav\u00e1llal\u00f3 ment\u00e1lis \u00e1llapot\u00e1ra. A halogat\u00e1s nem seg\u00edt a helyzeten.\" \/>\n\t\t<meta property=\"og:url\" content=\"https:\/\/allasorias.hu\/hirek\/a-bizonytalansag-hatasai-a-munkavallalasban\/\" \/>\n\t\t<meta property=\"og:image\" content=\"https:\/\/allasorias.hu\/hirek\/wp-content\/uploads\/2026\/01\/bizonytalansag-a-munkaeropiacon-2026.jpg\" \/>\n\t\t<meta property=\"og:image:secure_url\" content=\"https:\/\/allasorias.hu\/hirek\/wp-content\/uploads\/2026\/01\/bizonytalansag-a-munkaeropiacon-2026.jpg\" \/>\n\t\t<meta property=\"og:image:width\" content=\"1920\" \/>\n\t\t<meta property=\"og:image:height\" content=\"1440\" \/>\n\t\t<meta property=\"article:published_time\" content=\"2026-01-14T12:25:01+00:00\" \/>\n\t\t<meta property=\"article:modified_time\" content=\"2026-01-14T12:25:01+00:00\" \/>\n\t\t<meta property=\"article:publisher\" content=\"https:\/\/www.facebook.com\/allasorias\" \/>\n\t\t<meta name=\"twitter:card\" content=\"summary_large_image\" \/>\n\t\t<meta name=\"twitter:title\" content=\"A bizonytalans\u00e1g hat\u00e1sai a munkav\u00e1llal\u00e1sban\" \/>\n\t\t<meta name=\"twitter:description\" content=\"A munkaer\u0151piacon tapasztalt bizonytalans\u00e1g sz\u00e1mos negat\u00edv hat\u00e1ssal van a munkav\u00e1llal\u00f3 ment\u00e1lis \u00e1llapot\u00e1ra. A halogat\u00e1s nem seg\u00edt a helyzeten.\" \/>\n\t\t<meta name=\"twitter:image\" content=\"https:\/\/allasorias.hu\/hirek\/wp-content\/uploads\/2026\/01\/bizonytalansag-a-munkaeropiacon-2026.jpg\" \/>\n\t\t<meta name=\"twitter:label1\" content=\"Written by\" \/>\n\t\t<meta name=\"twitter:data1\" content=\"Juh\u00e1sz P\u00e9ter\" \/>\n\t\t<meta name=\"twitter:label2\" content=\"Est. reading time\" \/>\n\t\t<meta name=\"twitter:data2\" content=\"7 minutes\" \/>\n\t\t<script type=\"application\/ld+json\" class=\"aioseo-schema\">\n\t\t\t{\"@context\":\"https:\\\/\\\/schema.org\",\"@graph\":[{\"@type\":\"Article\",\"@id\":\"https:\\\/\\\/allasorias.hu\\\/hirek\\\/a-bizonytalansag-hatasai-a-munkavallalasban\\\/#article\",\"name\":\"A bizonytalans\\u00e1g hat\\u00e1sai a munkav\\u00e1llal\\u00e1sban\",\"headline\":\"A bizonytalans\\u00e1g hat\\u00e1sai a munkav\\u00e1llal\\u00e1sban\",\"author\":{\"@id\":\"https:\\\/\\\/allasorias.hu\\\/hirek\\\/author\\\/admin-allasorias\\\/#author\"},\"publisher\":{\"@id\":\"https:\\\/\\\/allasorias.hu\\\/hirek\\\/#organization\"},\"image\":{\"@type\":\"ImageObject\",\"url\":\"https:\\\/\\\/allasorias.hu\\\/hirek\\\/wp-content\\\/uploads\\\/2026\\\/01\\\/bizonytalansag-a-munkaeropiacon-2026.jpg\",\"width\":1920,\"height\":1440,\"caption\":\"A bizonytalans\\u00e1g hat\\u00e1sai a munkav\\u00e1llal\\u00e1sban - Allasorias.hu\\\/Hirek\"},\"datePublished\":\"2026-01-14T14:25:01+02:00\",\"dateModified\":\"2026-01-14T14:25:01+02:00\",\"inLanguage\":\"hu-HU\",\"mainEntityOfPage\":{\"@id\":\"https:\\\/\\\/allasorias.hu\\\/hirek\\\/a-bizonytalansag-hatasai-a-munkavallalasban\\\/#webpage\"},\"isPartOf\":{\"@id\":\"https:\\\/\\\/allasorias.hu\\\/hirek\\\/a-bizonytalansag-hatasai-a-munkavallalasban\\\/#webpage\"},\"articleSection\":\"Munkaer\\u0151piac\"},{\"@type\":\"BreadcrumbList\",\"@id\":\"https:\\\/\\\/allasorias.hu\\\/hirek\\\/a-bizonytalansag-hatasai-a-munkavallalasban\\\/#breadcrumblist\",\"itemListElement\":[{\"@type\":\"ListItem\",\"@id\":\"https:\\\/\\\/allasorias.hu\\\/hirek#listItem\",\"position\":1,\"name\":\"Home\",\"item\":\"https:\\\/\\\/allasorias.hu\\\/hirek\",\"nextItem\":{\"@type\":\"ListItem\",\"@id\":\"https:\\\/\\\/allasorias.hu\\\/hirek\\\/temak\\\/munkaeropiac\\\/#listItem\",\"name\":\"Munkaer\\u0151piac\"}},{\"@type\":\"ListItem\",\"@id\":\"https:\\\/\\\/allasorias.hu\\\/hirek\\\/temak\\\/munkaeropiac\\\/#listItem\",\"position\":2,\"name\":\"Munkaer\\u0151piac\",\"item\":\"https:\\\/\\\/allasorias.hu\\\/hirek\\\/temak\\\/munkaeropiac\\\/\",\"nextItem\":{\"@type\":\"ListItem\",\"@id\":\"https:\\\/\\\/allasorias.hu\\\/hirek\\\/a-bizonytalansag-hatasai-a-munkavallalasban\\\/#listItem\",\"name\":\"A bizonytalans\\u00e1g hat\\u00e1sai a munkav\\u00e1llal\\u00e1sban\"},\"previousItem\":{\"@type\":\"ListItem\",\"@id\":\"https:\\\/\\\/allasorias.hu\\\/hirek#listItem\",\"name\":\"Home\"}},{\"@type\":\"ListItem\",\"@id\":\"https:\\\/\\\/allasorias.hu\\\/hirek\\\/a-bizonytalansag-hatasai-a-munkavallalasban\\\/#listItem\",\"position\":3,\"name\":\"A bizonytalans\\u00e1g hat\\u00e1sai a munkav\\u00e1llal\\u00e1sban\",\"previousItem\":{\"@type\":\"ListItem\",\"@id\":\"https:\\\/\\\/allasorias.hu\\\/hirek\\\/temak\\\/munkaeropiac\\\/#listItem\",\"name\":\"Munkaer\\u0151piac\"}}]},{\"@type\":\"Organization\",\"@id\":\"https:\\\/\\\/allasorias.hu\\\/hirek\\\/#organization\",\"name\":\"AllasOrias.hu | H\\u00edrek-lapszemle\",\"description\":\"\\u00dczleti h\\u00edrek az \\u00e1ll\\u00e1s \\u00e9s a munka vil\\u00e1g\\u00e1b\\u00f3l\",\"url\":\"https:\\\/\\\/allasorias.hu\\\/hirek\\\/\",\"logo\":{\"@type\":\"ImageObject\",\"url\":\"https:\\\/\\\/allasorias.hu\\\/hirek\\\/wp-content\\\/uploads\\\/2022\\\/10\\\/allasorias_site_facebok_logo.png\",\"@id\":\"https:\\\/\\\/allasorias.hu\\\/hirek\\\/a-bizonytalansag-hatasai-a-munkavallalasban\\\/#organizationLogo\"},\"image\":{\"@id\":\"https:\\\/\\\/allasorias.hu\\\/hirek\\\/a-bizonytalansag-hatasai-a-munkavallalasban\\\/#organizationLogo\"},\"sameAs\":[\"https:\\\/\\\/www.facebook.com\\\/allasorias\",\"https:\\\/\\\/www.linkedin.com\\\/company\\\/allasorias\"]},{\"@type\":\"Person\",\"@id\":\"https:\\\/\\\/allasorias.hu\\\/hirek\\\/author\\\/admin-allasorias\\\/#author\",\"url\":\"https:\\\/\\\/allasorias.hu\\\/hirek\\\/author\\\/admin-allasorias\\\/\",\"name\":\"Juh\\u00e1sz P\\u00e9ter\",\"image\":{\"@type\":\"ImageObject\",\"@id\":\"https:\\\/\\\/allasorias.hu\\\/hirek\\\/a-bizonytalansag-hatasai-a-munkavallalasban\\\/#authorImage\",\"url\":\"https:\\\/\\\/secure.gravatar.com\\\/avatar\\\/36e6bcb83148978b992977cb0f54d22feb0cce8a0a849a9410532bb2623ba4c6?s=96&d=mm&r=g\",\"width\":96,\"height\":96,\"caption\":\"Juh\\u00e1sz P\\u00e9ter\"}},{\"@type\":\"WebPage\",\"@id\":\"https:\\\/\\\/allasorias.hu\\\/hirek\\\/a-bizonytalansag-hatasai-a-munkavallalasban\\\/#webpage\",\"url\":\"https:\\\/\\\/allasorias.hu\\\/hirek\\\/a-bizonytalansag-hatasai-a-munkavallalasban\\\/\",\"name\":\"A bizonytalans\\u00e1g hat\\u00e1sai a munkav\\u00e1llal\\u00e1sban\",\"description\":\"A munkaer\\u0151piacon tapasztalt bizonytalans\\u00e1g sz\\u00e1mos negat\\u00edv hat\\u00e1ssal van a munkav\\u00e1llal\\u00f3 ment\\u00e1lis \\u00e1llapot\\u00e1ra. A halogat\\u00e1s nem seg\\u00edt a helyzeten.\",\"inLanguage\":\"hu-HU\",\"isPartOf\":{\"@id\":\"https:\\\/\\\/allasorias.hu\\\/hirek\\\/#website\"},\"breadcrumb\":{\"@id\":\"https:\\\/\\\/allasorias.hu\\\/hirek\\\/a-bizonytalansag-hatasai-a-munkavallalasban\\\/#breadcrumblist\"},\"author\":{\"@id\":\"https:\\\/\\\/allasorias.hu\\\/hirek\\\/author\\\/admin-allasorias\\\/#author\"},\"creator\":{\"@id\":\"https:\\\/\\\/allasorias.hu\\\/hirek\\\/author\\\/admin-allasorias\\\/#author\"},\"image\":{\"@type\":\"ImageObject\",\"url\":\"https:\\\/\\\/allasorias.hu\\\/hirek\\\/wp-content\\\/uploads\\\/2026\\\/01\\\/bizonytalansag-a-munkaeropiacon-2026.jpg\",\"@id\":\"https:\\\/\\\/allasorias.hu\\\/hirek\\\/a-bizonytalansag-hatasai-a-munkavallalasban\\\/#mainImage\",\"width\":1920,\"height\":1440,\"caption\":\"A bizonytalans\\u00e1g hat\\u00e1sai a munkav\\u00e1llal\\u00e1sban - Allasorias.hu\\\/Hirek\"},\"primaryImageOfPage\":{\"@id\":\"https:\\\/\\\/allasorias.hu\\\/hirek\\\/a-bizonytalansag-hatasai-a-munkavallalasban\\\/#mainImage\"},\"datePublished\":\"2026-01-14T14:25:01+02:00\",\"dateModified\":\"2026-01-14T14:25:01+02:00\"},{\"@type\":\"WebSite\",\"@id\":\"https:\\\/\\\/allasorias.hu\\\/hirek\\\/#website\",\"url\":\"https:\\\/\\\/allasorias.hu\\\/hirek\\\/\",\"name\":\"AllasOrias.hu | H\\u00edrek-lapszemle\",\"description\":\"\\u00dczleti h\\u00edrek az \\u00e1ll\\u00e1s \\u00e9s a munka vil\\u00e1g\\u00e1b\\u00f3l\",\"inLanguage\":\"hu-HU\",\"publisher\":{\"@id\":\"https:\\\/\\\/allasorias.hu\\\/hirek\\\/#organization\"}}]}\n\t\t<\/script>\n\t\t<!-- All in One SEO -->\n\n","aioseo_head_json":{"title":"A bizonytalans\u00e1g hat\u00e1sai a munkav\u00e1llal\u00e1sban","description":"A munkaer\u0151piacon tapasztalt bizonytalans\u00e1g sz\u00e1mos negat\u00edv hat\u00e1ssal van a munkav\u00e1llal\u00f3 ment\u00e1lis \u00e1llapot\u00e1ra. A halogat\u00e1s nem seg\u00edt a helyzeten.","canonical_url":"https:\/\/allasorias.hu\/hirek\/a-bizonytalansag-hatasai-a-munkavallalasban\/","robots":"max-image-preview:large","keywords":"","webmasterTools":{"miscellaneous":""},"schema":{"@context":"https:\/\/schema.org","@graph":[{"@type":"Article","@id":"https:\/\/allasorias.hu\/hirek\/a-bizonytalansag-hatasai-a-munkavallalasban\/#article","name":"A bizonytalans\u00e1g hat\u00e1sai a munkav\u00e1llal\u00e1sban","headline":"A bizonytalans\u00e1g hat\u00e1sai a munkav\u00e1llal\u00e1sban","author":{"@id":"https:\/\/allasorias.hu\/hirek\/author\/admin-allasorias\/#author"},"publisher":{"@id":"https:\/\/allasorias.hu\/hirek\/#organization"},"image":{"@type":"ImageObject","url":"https:\/\/allasorias.hu\/hirek\/wp-content\/uploads\/2026\/01\/bizonytalansag-a-munkaeropiacon-2026.jpg","width":1920,"height":1440,"caption":"A bizonytalans\u00e1g hat\u00e1sai a munkav\u00e1llal\u00e1sban - Allasorias.hu\/Hirek"},"datePublished":"2026-01-14T14:25:01+02:00","dateModified":"2026-01-14T14:25:01+02:00","inLanguage":"hu-HU","mainEntityOfPage":{"@id":"https:\/\/allasorias.hu\/hirek\/a-bizonytalansag-hatasai-a-munkavallalasban\/#webpage"},"isPartOf":{"@id":"https:\/\/allasorias.hu\/hirek\/a-bizonytalansag-hatasai-a-munkavallalasban\/#webpage"},"articleSection":"Munkaer\u0151piac"},{"@type":"BreadcrumbList","@id":"https:\/\/allasorias.hu\/hirek\/a-bizonytalansag-hatasai-a-munkavallalasban\/#breadcrumblist","itemListElement":[{"@type":"ListItem","@id":"https:\/\/allasorias.hu\/hirek#listItem","position":1,"name":"Home","item":"https:\/\/allasorias.hu\/hirek","nextItem":{"@type":"ListItem","@id":"https:\/\/allasorias.hu\/hirek\/temak\/munkaeropiac\/#listItem","name":"Munkaer\u0151piac"}},{"@type":"ListItem","@id":"https:\/\/allasorias.hu\/hirek\/temak\/munkaeropiac\/#listItem","position":2,"name":"Munkaer\u0151piac","item":"https:\/\/allasorias.hu\/hirek\/temak\/munkaeropiac\/","nextItem":{"@type":"ListItem","@id":"https:\/\/allasorias.hu\/hirek\/a-bizonytalansag-hatasai-a-munkavallalasban\/#listItem","name":"A bizonytalans\u00e1g hat\u00e1sai a munkav\u00e1llal\u00e1sban"},"previousItem":{"@type":"ListItem","@id":"https:\/\/allasorias.hu\/hirek#listItem","name":"Home"}},{"@type":"ListItem","@id":"https:\/\/allasorias.hu\/hirek\/a-bizonytalansag-hatasai-a-munkavallalasban\/#listItem","position":3,"name":"A bizonytalans\u00e1g hat\u00e1sai a munkav\u00e1llal\u00e1sban","previousItem":{"@type":"ListItem","@id":"https:\/\/allasorias.hu\/hirek\/temak\/munkaeropiac\/#listItem","name":"Munkaer\u0151piac"}}]},{"@type":"Organization","@id":"https:\/\/allasorias.hu\/hirek\/#organization","name":"AllasOrias.hu | H\u00edrek-lapszemle","description":"\u00dczleti h\u00edrek az \u00e1ll\u00e1s \u00e9s a munka vil\u00e1g\u00e1b\u00f3l","url":"https:\/\/allasorias.hu\/hirek\/","logo":{"@type":"ImageObject","url":"https:\/\/allasorias.hu\/hirek\/wp-content\/uploads\/2022\/10\/allasorias_site_facebok_logo.png","@id":"https:\/\/allasorias.hu\/hirek\/a-bizonytalansag-hatasai-a-munkavallalasban\/#organizationLogo"},"image":{"@id":"https:\/\/allasorias.hu\/hirek\/a-bizonytalansag-hatasai-a-munkavallalasban\/#organizationLogo"},"sameAs":["https:\/\/www.facebook.com\/allasorias","https:\/\/www.linkedin.com\/company\/allasorias"]},{"@type":"Person","@id":"https:\/\/allasorias.hu\/hirek\/author\/admin-allasorias\/#author","url":"https:\/\/allasorias.hu\/hirek\/author\/admin-allasorias\/","name":"Juh\u00e1sz P\u00e9ter","image":{"@type":"ImageObject","@id":"https:\/\/allasorias.hu\/hirek\/a-bizonytalansag-hatasai-a-munkavallalasban\/#authorImage","url":"https:\/\/secure.gravatar.com\/avatar\/36e6bcb83148978b992977cb0f54d22feb0cce8a0a849a9410532bb2623ba4c6?s=96&d=mm&r=g","width":96,"height":96,"caption":"Juh\u00e1sz P\u00e9ter"}},{"@type":"WebPage","@id":"https:\/\/allasorias.hu\/hirek\/a-bizonytalansag-hatasai-a-munkavallalasban\/#webpage","url":"https:\/\/allasorias.hu\/hirek\/a-bizonytalansag-hatasai-a-munkavallalasban\/","name":"A bizonytalans\u00e1g hat\u00e1sai a munkav\u00e1llal\u00e1sban","description":"A munkaer\u0151piacon tapasztalt bizonytalans\u00e1g sz\u00e1mos negat\u00edv hat\u00e1ssal van a munkav\u00e1llal\u00f3 ment\u00e1lis \u00e1llapot\u00e1ra. A halogat\u00e1s nem seg\u00edt a helyzeten.","inLanguage":"hu-HU","isPartOf":{"@id":"https:\/\/allasorias.hu\/hirek\/#website"},"breadcrumb":{"@id":"https:\/\/allasorias.hu\/hirek\/a-bizonytalansag-hatasai-a-munkavallalasban\/#breadcrumblist"},"author":{"@id":"https:\/\/allasorias.hu\/hirek\/author\/admin-allasorias\/#author"},"creator":{"@id":"https:\/\/allasorias.hu\/hirek\/author\/admin-allasorias\/#author"},"image":{"@type":"ImageObject","url":"https:\/\/allasorias.hu\/hirek\/wp-content\/uploads\/2026\/01\/bizonytalansag-a-munkaeropiacon-2026.jpg","@id":"https:\/\/allasorias.hu\/hirek\/a-bizonytalansag-hatasai-a-munkavallalasban\/#mainImage","width":1920,"height":1440,"caption":"A bizonytalans\u00e1g hat\u00e1sai a munkav\u00e1llal\u00e1sban - Allasorias.hu\/Hirek"},"primaryImageOfPage":{"@id":"https:\/\/allasorias.hu\/hirek\/a-bizonytalansag-hatasai-a-munkavallalasban\/#mainImage"},"datePublished":"2026-01-14T14:25:01+02:00","dateModified":"2026-01-14T14:25:01+02:00"},{"@type":"WebSite","@id":"https:\/\/allasorias.hu\/hirek\/#website","url":"https:\/\/allasorias.hu\/hirek\/","name":"AllasOrias.hu | H\u00edrek-lapszemle","description":"\u00dczleti h\u00edrek az \u00e1ll\u00e1s \u00e9s a munka vil\u00e1g\u00e1b\u00f3l","inLanguage":"hu-HU","publisher":{"@id":"https:\/\/allasorias.hu\/hirek\/#organization"}}]},"og:locale":"hu_HU","og:site_name":"AllasOrias.hu | H\u00edrek-lapszemle | \u00dczleti h\u00edrek az \u00e1ll\u00e1s \u00e9s a munka vil\u00e1g\u00e1b\u00f3l","og:type":"article","og:title":"A bizonytalans\u00e1g hat\u00e1sai a munkav\u00e1llal\u00e1sban","og:description":"A munkaer\u0151piacon tapasztalt bizonytalans\u00e1g sz\u00e1mos negat\u00edv hat\u00e1ssal van a munkav\u00e1llal\u00f3 ment\u00e1lis \u00e1llapot\u00e1ra. A halogat\u00e1s nem seg\u00edt a helyzeten.","og:url":"https:\/\/allasorias.hu\/hirek\/a-bizonytalansag-hatasai-a-munkavallalasban\/","og:image":"https:\/\/allasorias.hu\/hirek\/wp-content\/uploads\/2026\/01\/bizonytalansag-a-munkaeropiacon-2026.jpg","og:image:secure_url":"https:\/\/allasorias.hu\/hirek\/wp-content\/uploads\/2026\/01\/bizonytalansag-a-munkaeropiacon-2026.jpg","og:image:width":1920,"og:image:height":1440,"article:published_time":"2026-01-14T12:25:01+00:00","article:modified_time":"2026-01-14T12:25:01+00:00","article:publisher":"https:\/\/www.facebook.com\/allasorias","twitter:card":"summary_large_image","twitter:title":"A bizonytalans\u00e1g hat\u00e1sai a munkav\u00e1llal\u00e1sban","twitter:description":"A munkaer\u0151piacon tapasztalt bizonytalans\u00e1g sz\u00e1mos negat\u00edv hat\u00e1ssal van a munkav\u00e1llal\u00f3 ment\u00e1lis \u00e1llapot\u00e1ra. A halogat\u00e1s nem seg\u00edt a helyzeten.","twitter:image":"https:\/\/allasorias.hu\/hirek\/wp-content\/uploads\/2026\/01\/bizonytalansag-a-munkaeropiacon-2026.jpg","twitter:label1":"Written by","twitter:data1":"Juh\u00e1sz P\u00e9ter","twitter:label2":"Est. reading time","twitter:data2":"7 minutes"},"aioseo_meta_data":{"post_id":"8998","title":"#post_title","description":"A munkaer\u0151piacon tapasztalt bizonytalans\u00e1g sz\u00e1mos negat\u00edv hat\u00e1ssal van a munkav\u00e1llal\u00f3 ment\u00e1lis \u00e1llapot\u00e1ra. A halogat\u00e1s nem seg\u00edt a helyzeten.","keywords":null,"keyphrases":{"focus":{"keyphrase":"","score":0,"analysis":{"keyphraseInTitle":{"score":0,"maxScore":9,"error":1}}},"additional":[]},"primary_term":null,"canonical_url":null,"og_title":null,"og_description":null,"og_object_type":"default","og_image_type":"default","og_image_url":null,"og_image_width":null,"og_image_height":null,"og_image_custom_url":null,"og_image_custom_fields":null,"og_video":"","og_custom_url":null,"og_article_section":null,"og_article_tags":null,"twitter_use_og":true,"twitter_card":"default","twitter_image_type":"default","twitter_image_url":null,"twitter_image_custom_url":null,"twitter_image_custom_fields":null,"twitter_title":null,"twitter_description":null,"schema":{"blockGraphs":[],"customGraphs":[],"default":{"data":{"Article":[],"Course":[],"Dataset":[],"FAQPage":[],"Movie":[],"Person":[],"Product":[],"ProductReview":[],"Car":[],"Recipe":[],"Service":[],"SoftwareApplication":[],"WebPage":[]},"graphName":"Article","isEnabled":true},"graphs":[]},"schema_type":"default","schema_type_options":null,"pillar_content":false,"robots_default":true,"robots_noindex":false,"robots_noarchive":false,"robots_nosnippet":false,"robots_nofollow":false,"robots_noimageindex":false,"robots_noodp":false,"robots_notranslate":false,"robots_max_snippet":"-1","robots_max_videopreview":"-1","robots_max_imagepreview":"large","priority":null,"frequency":"default","location":null,"local_seo":null,"breadcrumb_settings":null,"limit_modified_date":false,"ai":{"faqs":[],"keyPoints":[],"titles":[],"descriptions":[],"socialPosts":{"email":[],"linkedin":[],"twitter":[],"facebook":[],"instagram":[]}},"created":"2026-01-14 12:03:22","updated":"2026-01-14 12:38:40","seo_analyzer_scan_date":null,"focus_keyword":null,"additional_keywords":null,"truseo_locale":null},"aioseo_breadcrumb":"<div class=\"aioseo-breadcrumbs\"><span class=\"aioseo-breadcrumb\">\n\t\t\t<a href=\"https:\/\/allasorias.hu\/hirek\" title=\"Home\">Home<\/a>\n\t\t<\/span><span class=\"aioseo-breadcrumb-separator\">&raquo;<\/span><span class=\"aioseo-breadcrumb\">\n\t\t\t<a href=\"https:\/\/allasorias.hu\/hirek\/temak\/munkaeropiac\/\" title=\"Munkaer\u0151piac\">Munkaer\u0151piac<\/a>\n\t\t<\/span><span class=\"aioseo-breadcrumb-separator\">&raquo;<\/span><span class=\"aioseo-breadcrumb\">\n\t\t\tA bizonytalans\u00e1g hat\u00e1sai a munkav\u00e1llal\u00e1sban\n\t\t<\/span><\/div>","aioseo_breadcrumb_json":[{"label":"Home","link":"https:\/\/allasorias.hu\/hirek"},{"label":"Munkaer\u0151piac","link":"https:\/\/allasorias.hu\/hirek\/temak\/munkaeropiac\/"},{"label":"A bizonytalans\u00e1g hat\u00e1sai a munkav\u00e1llal\u00e1sban","link":"https:\/\/allasorias.hu\/hirek\/a-bizonytalansag-hatasai-a-munkavallalasban\/"}],"_links":{"self":[{"href":"https:\/\/allasorias.hu\/hirek\/wp-json\/wp\/v2\/posts\/8998","targetHints":{"allow":["GET"]}}],"collection":[{"href":"https:\/\/allasorias.hu\/hirek\/wp-json\/wp\/v2\/posts"}],"about":[{"href":"https:\/\/allasorias.hu\/hirek\/wp-json\/wp\/v2\/types\/post"}],"author":[{"embeddable":true,"href":"https:\/\/allasorias.hu\/hirek\/wp-json\/wp\/v2\/users\/1"}],"replies":[{"embeddable":true,"href":"https:\/\/allasorias.hu\/hirek\/wp-json\/wp\/v2\/comments?post=8998"}],"version-history":[{"count":1,"href":"https:\/\/allasorias.hu\/hirek\/wp-json\/wp\/v2\/posts\/8998\/revisions"}],"predecessor-version":[{"id":9000,"href":"https:\/\/allasorias.hu\/hirek\/wp-json\/wp\/v2\/posts\/8998\/revisions\/9000"}],"wp:featuredmedia":[{"embeddable":true,"href":"https:\/\/allasorias.hu\/hirek\/wp-json\/wp\/v2\/media\/8999"}],"wp:attachment":[{"href":"https:\/\/allasorias.hu\/hirek\/wp-json\/wp\/v2\/media?parent=8998"}],"wp:term":[{"taxonomy":"category","embeddable":true,"href":"https:\/\/allasorias.hu\/hirek\/wp-json\/wp\/v2\/categories?post=8998"},{"taxonomy":"post_tag","embeddable":true,"href":"https:\/\/allasorias.hu\/hirek\/wp-json\/wp\/v2\/tags?post=8998"}],"curies":[{"name":"wp","href":"https:\/\/api.w.org\/{rel}","templated":true}]}}