{"id":8654,"date":"2025-08-17T12:36:45","date_gmt":"2025-08-17T10:36:45","guid":{"rendered":"https:\/\/allasorias.hu\/hirek\/?p=8654"},"modified":"2025-08-19T13:34:43","modified_gmt":"2025-08-19T11:34:43","slug":"palyakezdesi-juttatas-fiataloknak","status":"publish","type":"post","link":"https:\/\/allasorias.hu\/hirek\/palyakezdesi-juttatas-fiataloknak\/","title":{"rendered":"P\u00e1lyakezd\u00e9si juttat\u00e1s fiataloknak"},"content":{"rendered":"<p><strong>T\u00f6bbf\u00e9le juttat\u00e1s is seg\u00edti, \u00f6szt\u00f6nzi a fiatalokat a szakk\u00e9pz\u00e9sben, illetve a munkaer\u0151piacon val\u00f3 elhelyezked\u00e9sben. A p\u00e1lyakezd\u00e9si juttat\u00e1s p\u00e9ld\u00e1ul\u00a0 hozz\u00e1j\u00e1rul a fiatalok munk\u00e1hoz val\u00f3 jut\u00e1s\u00e1hoz.<\/strong><\/p>\n<p>T\u00f6bb mint 38 ezer fiatal r\u00e9szes\u00fcl p\u00e1lyakezd\u00e9si juttat\u00e1sban, ami augusztus v\u00e9g\u00e9ig minden szakk\u00e9pz\u00e9sben v\u00e9gzett tanul\u00f3 sz\u00e1ml\u00e1j\u00e1ra meg\u00e9rkezik; az egyszeri t\u00e1mogat\u00e1s c\u00e9lja, hogy seg\u00edtse a fiatalok munkaer\u0151piacra t\u00f6rt\u00e9n\u0151 bel\u00e9p\u00e9s\u00e9t \u2013 k\u00f6z\u00f6lte a Kultur\u00e1lis \u00e9s Innov\u00e1ci\u00f3s Miniszt\u00e9rium (KIM) az MTI-vel. K\u00f6zlem\u00e9ny\u00fck szerint 2020-ban a szakk\u00e9pz\u00e9s meg\u00faj\u00edt\u00e1s\u00e1val az \u00f6szt\u00f6nd\u00edjrendszer is \u00e1talakult: az \u00e1gazati alapoktat\u00e1s ideje alatt minden tanul\u00f3 \u00e1ltal\u00e1nos havi \u00f6szt\u00f6nd\u00edjban r\u00e9szes\u00fcl. A nappali k\u00e9pz\u00e9sben tanul\u00f3k k\u00e9s\u0151bb a tanulm\u00e1nyi eredm\u00e9nyeik alapj\u00e1n ak\u00e1r havi 59 ezer forint \u00f6szt\u00f6nd\u00edjat is kaphatnak, amit tanulm\u00e1nyaik el\u0151rehaladt\u00e1val, a du\u00e1lis k\u00e9pz\u00e9sbe bekapcsol\u00f3dva munkab\u00e9r v\u00e1lthat fel. Ez ak\u00e1r 169 ezer forintot is jelenthet havonta \u2013 \u00edrt\u00e1k.<\/p>\n<p>&#8222;A meg\u00fajult szakk\u00e9pz\u00e9si rendszer v\u00edvm\u00e1nya a p\u00e1lyakezd\u00e9si juttat\u00e1s is, amely szint\u00e9n jobb teljes\u00edtm\u00e9nyre \u00f6szt\u00f6n\u00f6z, de egyben a munkaer\u0151piaci \u00e9letkezd\u00e9st is t\u00e1mogatja. A tanul\u00f3k vizsgaeredm\u00e9nyt\u0151l f\u00fcgg\u0151en ak\u00e1r 300 ezer forintot egyszerre, a sikeres szakmai vizsg\u00e1t k\u00f6vet\u0151en kapnak meg, amit szakmai karrierj\u00fck beind\u00edt\u00e1s\u00e1ra, ak\u00e1r eszk\u00f6z\u00f6k beszerz\u00e9s\u00e9re is ford\u00edthatnak. Id\u00e9n t\u00f6bb mint 38 ezer fiatal r\u00e9szes\u00fcl a t\u00e1mogat\u00e1sban, \u00f6sszesen 9,8 milli\u00e1rd forint \u00e9rt\u00e9kben. A p\u00e1lyakezd\u00e9si juttat\u00e1st eg\u00e9sz\u00edtheti ki a 4 milli\u00f3 forint szabadon felhaszn\u00e1lhat\u00f3 munk\u00e1shitel, ami a 17 \u00e9s 25 \u00e9v k\u00f6z\u00f6tti fiatalok \u00e9letkezd\u00e9s\u00e9t seg\u00edti&#8221;- id\u00e9zi a k\u00f6zlem\u00e9ny Varga-Bajusz Veronika fels\u0151oktat\u00e1s\u00e9rt, szak- \u00e9s feln\u0151ttk\u00e9pz\u00e9s\u00e9rt, fiatalok\u00e9rt felel\u0151s \u00e1llamtitk\u00e1rt.<\/p>\n<p>Forr\u00e1s: propeller.hu<\/p>\n","protected":false},"excerpt":{"rendered":"<p>T\u00f6bbf\u00e9le juttat\u00e1s is seg\u00edti, \u00f6szt\u00f6nzi a fiatalokat a szakk\u00e9pz\u00e9sben, illetve a munkaer\u0151piacon val\u00f3 elhelyezked\u00e9sben. A p\u00e1lyakezd\u00e9si juttat\u00e1s p\u00e9ld\u00e1ul\u00a0 hozz\u00e1j\u00e1rul a fiatalok munk\u00e1hoz val\u00f3 jut\u00e1s\u00e1hoz. T\u00f6bb mint 38 ezer fiatal r\u00e9szes\u00fcl p\u00e1lyakezd\u00e9si juttat\u00e1sban, ami augusztus v\u00e9g\u00e9ig minden szakk\u00e9pz\u00e9sben v\u00e9gzett tanul\u00f3 sz\u00e1ml\u00e1j\u00e1ra meg\u00e9rkezik; az egyszeri t\u00e1mogat\u00e1s c\u00e9lja, hogy seg\u00edtse a fiatalok munkaer\u0151piacra t\u00f6rt\u00e9n\u0151 bel\u00e9p\u00e9s\u00e9t \u2013 k\u00f6z\u00f6lte a [&hellip;]<\/p>\n","protected":false},"author":1,"featured_media":8658,"comment_status":"closed","ping_status":"closed","sticky":false,"template":"","format":"standard","meta":{"_monsterinsights_skip_tracking":false,"footnotes":""},"categories":[1],"tags":[],"class_list":["post-8654","post","type-post","status-publish","format-standard","has-post-thumbnail","hentry","category-allaskereses"],"aioseo_notices":[],"aioseo_head":"\n\t\t<!-- All in One SEO 5.0.0.1 - aioseo.com -->\n\t<meta name=\"description\" content=\"T\u00f6bbf\u00e9le juttat\u00e1s is seg\u00edti, \u00f6szt\u00f6nzi a fiatalokat a szakk\u00e9pz\u00e9sben, illetve a munkaer\u0151piacon val\u00f3 elhelyezked\u00e9sben. A p\u00e1lyakezd\u00e9si juttat\u00e1s p\u00e9ld\u00e1ul hozz\u00e1j\u00e1rul a fiatalok munk\u00e1hoz val\u00f3 jut\u00e1s\u00e1hoz.\" \/>\n\t<meta name=\"robots\" content=\"max-image-preview:large\" \/>\n\t<meta name=\"author\" content=\"Juh\u00e1sz P\u00e9ter\"\/>\n\t<link rel=\"canonical\" href=\"https:\/\/allasorias.hu\/hirek\/palyakezdesi-juttatas-fiataloknak\/\" \/>\n\t<meta name=\"generator\" content=\"All in One SEO (AIOSEO) 5.0.0.1\" \/>\n\t\t<meta property=\"og:locale\" content=\"hu_HU\" \/>\n\t\t<meta property=\"og:site_name\" content=\"AllasOrias.hu | H\u00edrek-lapszemle | \u00dczleti h\u00edrek az \u00e1ll\u00e1s \u00e9s a munka vil\u00e1g\u00e1b\u00f3l\" \/>\n\t\t<meta property=\"og:type\" content=\"article\" \/>\n\t\t<meta property=\"og:title\" content=\"T\u00f6bbf\u00e9le p\u00e1lyakezd\u00e9si juttat\u00e1s seg\u00edti a fiatalokokat\" \/>\n\t\t<meta property=\"og:description\" content=\"T\u00f6bbf\u00e9le juttat\u00e1s is seg\u00edti, \u00f6szt\u00f6nzi a fiatalokat a szakk\u00e9pz\u00e9sben, illetve a munkaer\u0151piacon val\u00f3 elhelyezked\u00e9sben. A p\u00e1lyakezd\u00e9si juttat\u00e1s p\u00e9ld\u00e1ul hozz\u00e1j\u00e1rul a fiatalok munk\u00e1hoz val\u00f3 jut\u00e1s\u00e1hoz.\" \/>\n\t\t<meta property=\"og:url\" content=\"https:\/\/allasorias.hu\/hirek\/palyakezdesi-juttatas-fiataloknak\/\" \/>\n\t\t<meta property=\"og:image\" content=\"https:\/\/allasorias.hu\/hirek\/wp-content\/uploads\/2025\/08\/palyakezdesi-juttatas-fiataloknak.jpg\" \/>\n\t\t<meta property=\"og:image:secure_url\" content=\"https:\/\/allasorias.hu\/hirek\/wp-content\/uploads\/2025\/08\/palyakezdesi-juttatas-fiataloknak.jpg\" \/>\n\t\t<meta property=\"og:image:width\" content=\"1920\" \/>\n\t\t<meta property=\"og:image:height\" content=\"1280\" \/>\n\t\t<meta property=\"article:published_time\" content=\"2025-08-17T10:36:45+00:00\" \/>\n\t\t<meta property=\"article:modified_time\" content=\"2025-08-19T11:34:43+00:00\" \/>\n\t\t<meta property=\"article:publisher\" content=\"https:\/\/www.facebook.com\/allasorias\" \/>\n\t\t<meta name=\"twitter:card\" content=\"summary_large_image\" \/>\n\t\t<meta name=\"twitter:title\" content=\"T\u00f6bbf\u00e9le p\u00e1lyakezd\u00e9si juttat\u00e1s seg\u00edti a fiatalokokat\" \/>\n\t\t<meta name=\"twitter:description\" content=\"T\u00f6bbf\u00e9le juttat\u00e1s is seg\u00edti, \u00f6szt\u00f6nzi a fiatalokat a szakk\u00e9pz\u00e9sben, illetve a munkaer\u0151piacon val\u00f3 elhelyezked\u00e9sben. A p\u00e1lyakezd\u00e9si juttat\u00e1s p\u00e9ld\u00e1ul hozz\u00e1j\u00e1rul a fiatalok munk\u00e1hoz val\u00f3 jut\u00e1s\u00e1hoz.\" \/>\n\t\t<meta name=\"twitter:image\" content=\"https:\/\/allasorias.hu\/hirek\/wp-content\/uploads\/2025\/08\/palyakezdesi-juttatas-fiataloknak.jpg\" \/>\n\t\t<meta name=\"twitter:label1\" content=\"Written by\" \/>\n\t\t<meta name=\"twitter:data1\" content=\"Juh\u00e1sz P\u00e9ter\" \/>\n\t\t<meta name=\"twitter:label2\" content=\"Est. reading time\" \/>\n\t\t<meta name=\"twitter:data2\" content=\"2 minutes\" \/>\n\t\t<script type=\"application\/ld+json\" class=\"aioseo-schema\">\n\t\t\t{\"@context\":\"https:\\\/\\\/schema.org\",\"@graph\":[{\"@type\":\"Article\",\"@id\":\"https:\\\/\\\/allasorias.hu\\\/hirek\\\/palyakezdesi-juttatas-fiataloknak\\\/#article\",\"name\":\"T\\u00f6bbf\\u00e9le p\\u00e1lyakezd\\u00e9si juttat\\u00e1s seg\\u00edti a fiatalokokat\",\"headline\":\"P\\u00e1lyakezd\\u00e9si juttat\\u00e1s fiataloknak\",\"author\":{\"@id\":\"https:\\\/\\\/allasorias.hu\\\/hirek\\\/author\\\/admin-allasorias\\\/#author\"},\"publisher\":{\"@id\":\"https:\\\/\\\/allasorias.hu\\\/hirek\\\/#organization\"},\"image\":{\"@type\":\"ImageObject\",\"url\":\"https:\\\/\\\/allasorias.hu\\\/hirek\\\/wp-content\\\/uploads\\\/2025\\\/08\\\/palyakezdesi-juttatas-fiataloknak.jpg\",\"width\":1920,\"height\":1280,\"caption\":\"P\\u00e1lyakezd\\u00e9si juttat\\u00e1s fiataloknak - Allasorias.hu\\\/Hirek\"},\"datePublished\":\"2025-08-17T12:36:45+02:00\",\"dateModified\":\"2025-08-19T13:34:43+02:00\",\"inLanguage\":\"hu-HU\",\"mainEntityOfPage\":{\"@id\":\"https:\\\/\\\/allasorias.hu\\\/hirek\\\/palyakezdesi-juttatas-fiataloknak\\\/#webpage\"},\"isPartOf\":{\"@id\":\"https:\\\/\\\/allasorias.hu\\\/hirek\\\/palyakezdesi-juttatas-fiataloknak\\\/#webpage\"},\"articleSection\":\"\\u00c1ll\\u00e1skeres\\u00e9s\"},{\"@type\":\"BreadcrumbList\",\"@id\":\"https:\\\/\\\/allasorias.hu\\\/hirek\\\/palyakezdesi-juttatas-fiataloknak\\\/#breadcrumblist\",\"itemListElement\":[{\"@type\":\"ListItem\",\"@id\":\"https:\\\/\\\/allasorias.hu\\\/hirek#listItem\",\"position\":1,\"name\":\"Home\",\"item\":\"https:\\\/\\\/allasorias.hu\\\/hirek\",\"nextItem\":{\"@type\":\"ListItem\",\"@id\":\"https:\\\/\\\/allasorias.hu\\\/hirek\\\/temak\\\/allaskereses\\\/#listItem\",\"name\":\"\\u00c1ll\\u00e1skeres\\u00e9s\"}},{\"@type\":\"ListItem\",\"@id\":\"https:\\\/\\\/allasorias.hu\\\/hirek\\\/temak\\\/allaskereses\\\/#listItem\",\"position\":2,\"name\":\"\\u00c1ll\\u00e1skeres\\u00e9s\",\"item\":\"https:\\\/\\\/allasorias.hu\\\/hirek\\\/temak\\\/allaskereses\\\/\",\"nextItem\":{\"@type\":\"ListItem\",\"@id\":\"https:\\\/\\\/allasorias.hu\\\/hirek\\\/palyakezdesi-juttatas-fiataloknak\\\/#listItem\",\"name\":\"P\\u00e1lyakezd\\u00e9si juttat\\u00e1s fiataloknak\"},\"previousItem\":{\"@type\":\"ListItem\",\"@id\":\"https:\\\/\\\/allasorias.hu\\\/hirek#listItem\",\"name\":\"Home\"}},{\"@type\":\"ListItem\",\"@id\":\"https:\\\/\\\/allasorias.hu\\\/hirek\\\/palyakezdesi-juttatas-fiataloknak\\\/#listItem\",\"position\":3,\"name\":\"P\\u00e1lyakezd\\u00e9si juttat\\u00e1s fiataloknak\",\"previousItem\":{\"@type\":\"ListItem\",\"@id\":\"https:\\\/\\\/allasorias.hu\\\/hirek\\\/temak\\\/allaskereses\\\/#listItem\",\"name\":\"\\u00c1ll\\u00e1skeres\\u00e9s\"}}]},{\"@type\":\"Organization\",\"@id\":\"https:\\\/\\\/allasorias.hu\\\/hirek\\\/#organization\",\"name\":\"AllasOrias.hu | H\\u00edrek-lapszemle\",\"description\":\"\\u00dczleti h\\u00edrek az \\u00e1ll\\u00e1s \\u00e9s a munka vil\\u00e1g\\u00e1b\\u00f3l\",\"url\":\"https:\\\/\\\/allasorias.hu\\\/hirek\\\/\",\"logo\":{\"@type\":\"ImageObject\",\"url\":\"https:\\\/\\\/allasorias.hu\\\/hirek\\\/wp-content\\\/uploads\\\/2022\\\/10\\\/allasorias_site_facebok_logo.png\",\"@id\":\"https:\\\/\\\/allasorias.hu\\\/hirek\\\/palyakezdesi-juttatas-fiataloknak\\\/#organizationLogo\"},\"image\":{\"@id\":\"https:\\\/\\\/allasorias.hu\\\/hirek\\\/palyakezdesi-juttatas-fiataloknak\\\/#organizationLogo\"},\"sameAs\":[\"https:\\\/\\\/www.facebook.com\\\/allasorias\",\"https:\\\/\\\/www.linkedin.com\\\/company\\\/allasorias\"]},{\"@type\":\"Person\",\"@id\":\"https:\\\/\\\/allasorias.hu\\\/hirek\\\/author\\\/admin-allasorias\\\/#author\",\"url\":\"https:\\\/\\\/allasorias.hu\\\/hirek\\\/author\\\/admin-allasorias\\\/\",\"name\":\"Juh\\u00e1sz P\\u00e9ter\",\"image\":{\"@type\":\"ImageObject\",\"@id\":\"https:\\\/\\\/allasorias.hu\\\/hirek\\\/palyakezdesi-juttatas-fiataloknak\\\/#authorImage\",\"url\":\"https:\\\/\\\/secure.gravatar.com\\\/avatar\\\/36e6bcb83148978b992977cb0f54d22feb0cce8a0a849a9410532bb2623ba4c6?s=96&d=mm&r=g\",\"width\":96,\"height\":96,\"caption\":\"Juh\\u00e1sz P\\u00e9ter\"}},{\"@type\":\"WebPage\",\"@id\":\"https:\\\/\\\/allasorias.hu\\\/hirek\\\/palyakezdesi-juttatas-fiataloknak\\\/#webpage\",\"url\":\"https:\\\/\\\/allasorias.hu\\\/hirek\\\/palyakezdesi-juttatas-fiataloknak\\\/\",\"name\":\"T\\u00f6bbf\\u00e9le p\\u00e1lyakezd\\u00e9si juttat\\u00e1s seg\\u00edti a fiatalokokat\",\"description\":\"T\\u00f6bbf\\u00e9le juttat\\u00e1s is seg\\u00edti, \\u00f6szt\\u00f6nzi a fiatalokat a szakk\\u00e9pz\\u00e9sben, illetve a munkaer\\u0151piacon val\\u00f3 elhelyezked\\u00e9sben. A p\\u00e1lyakezd\\u00e9si juttat\\u00e1s p\\u00e9ld\\u00e1ul hozz\\u00e1j\\u00e1rul a fiatalok munk\\u00e1hoz val\\u00f3 jut\\u00e1s\\u00e1hoz.\",\"inLanguage\":\"hu-HU\",\"isPartOf\":{\"@id\":\"https:\\\/\\\/allasorias.hu\\\/hirek\\\/#website\"},\"breadcrumb\":{\"@id\":\"https:\\\/\\\/allasorias.hu\\\/hirek\\\/palyakezdesi-juttatas-fiataloknak\\\/#breadcrumblist\"},\"author\":{\"@id\":\"https:\\\/\\\/allasorias.hu\\\/hirek\\\/author\\\/admin-allasorias\\\/#author\"},\"creator\":{\"@id\":\"https:\\\/\\\/allasorias.hu\\\/hirek\\\/author\\\/admin-allasorias\\\/#author\"},\"image\":{\"@type\":\"ImageObject\",\"url\":\"https:\\\/\\\/allasorias.hu\\\/hirek\\\/wp-content\\\/uploads\\\/2025\\\/08\\\/palyakezdesi-juttatas-fiataloknak.jpg\",\"@id\":\"https:\\\/\\\/allasorias.hu\\\/hirek\\\/palyakezdesi-juttatas-fiataloknak\\\/#mainImage\",\"width\":1920,\"height\":1280,\"caption\":\"P\\u00e1lyakezd\\u00e9si juttat\\u00e1s fiataloknak - Allasorias.hu\\\/Hirek\"},\"primaryImageOfPage\":{\"@id\":\"https:\\\/\\\/allasorias.hu\\\/hirek\\\/palyakezdesi-juttatas-fiataloknak\\\/#mainImage\"},\"datePublished\":\"2025-08-17T12:36:45+02:00\",\"dateModified\":\"2025-08-19T13:34:43+02:00\"},{\"@type\":\"WebSite\",\"@id\":\"https:\\\/\\\/allasorias.hu\\\/hirek\\\/#website\",\"url\":\"https:\\\/\\\/allasorias.hu\\\/hirek\\\/\",\"name\":\"AllasOrias.hu | H\\u00edrek-lapszemle\",\"description\":\"\\u00dczleti h\\u00edrek az \\u00e1ll\\u00e1s \\u00e9s a munka vil\\u00e1g\\u00e1b\\u00f3l\",\"inLanguage\":\"hu-HU\",\"publisher\":{\"@id\":\"https:\\\/\\\/allasorias.hu\\\/hirek\\\/#organization\"}}]}\n\t\t<\/script>\n\t\t<!-- All in One SEO -->\n\n","aioseo_head_json":{"title":"T\u00f6bbf\u00e9le p\u00e1lyakezd\u00e9si juttat\u00e1s seg\u00edti a fiatalokokat","description":"T\u00f6bbf\u00e9le juttat\u00e1s is seg\u00edti, \u00f6szt\u00f6nzi a fiatalokat a szakk\u00e9pz\u00e9sben, illetve a munkaer\u0151piacon val\u00f3 elhelyezked\u00e9sben. A p\u00e1lyakezd\u00e9si juttat\u00e1s p\u00e9ld\u00e1ul hozz\u00e1j\u00e1rul a fiatalok munk\u00e1hoz val\u00f3 jut\u00e1s\u00e1hoz.","canonical_url":"https:\/\/allasorias.hu\/hirek\/palyakezdesi-juttatas-fiataloknak\/","robots":"max-image-preview:large","keywords":"","webmasterTools":{"miscellaneous":""},"schema":{"@context":"https:\/\/schema.org","@graph":[{"@type":"Article","@id":"https:\/\/allasorias.hu\/hirek\/palyakezdesi-juttatas-fiataloknak\/#article","name":"T\u00f6bbf\u00e9le p\u00e1lyakezd\u00e9si juttat\u00e1s seg\u00edti a fiatalokokat","headline":"P\u00e1lyakezd\u00e9si juttat\u00e1s fiataloknak","author":{"@id":"https:\/\/allasorias.hu\/hirek\/author\/admin-allasorias\/#author"},"publisher":{"@id":"https:\/\/allasorias.hu\/hirek\/#organization"},"image":{"@type":"ImageObject","url":"https:\/\/allasorias.hu\/hirek\/wp-content\/uploads\/2025\/08\/palyakezdesi-juttatas-fiataloknak.jpg","width":1920,"height":1280,"caption":"P\u00e1lyakezd\u00e9si juttat\u00e1s fiataloknak - Allasorias.hu\/Hirek"},"datePublished":"2025-08-17T12:36:45+02:00","dateModified":"2025-08-19T13:34:43+02:00","inLanguage":"hu-HU","mainEntityOfPage":{"@id":"https:\/\/allasorias.hu\/hirek\/palyakezdesi-juttatas-fiataloknak\/#webpage"},"isPartOf":{"@id":"https:\/\/allasorias.hu\/hirek\/palyakezdesi-juttatas-fiataloknak\/#webpage"},"articleSection":"\u00c1ll\u00e1skeres\u00e9s"},{"@type":"BreadcrumbList","@id":"https:\/\/allasorias.hu\/hirek\/palyakezdesi-juttatas-fiataloknak\/#breadcrumblist","itemListElement":[{"@type":"ListItem","@id":"https:\/\/allasorias.hu\/hirek#listItem","position":1,"name":"Home","item":"https:\/\/allasorias.hu\/hirek","nextItem":{"@type":"ListItem","@id":"https:\/\/allasorias.hu\/hirek\/temak\/allaskereses\/#listItem","name":"\u00c1ll\u00e1skeres\u00e9s"}},{"@type":"ListItem","@id":"https:\/\/allasorias.hu\/hirek\/temak\/allaskereses\/#listItem","position":2,"name":"\u00c1ll\u00e1skeres\u00e9s","item":"https:\/\/allasorias.hu\/hirek\/temak\/allaskereses\/","nextItem":{"@type":"ListItem","@id":"https:\/\/allasorias.hu\/hirek\/palyakezdesi-juttatas-fiataloknak\/#listItem","name":"P\u00e1lyakezd\u00e9si juttat\u00e1s fiataloknak"},"previousItem":{"@type":"ListItem","@id":"https:\/\/allasorias.hu\/hirek#listItem","name":"Home"}},{"@type":"ListItem","@id":"https:\/\/allasorias.hu\/hirek\/palyakezdesi-juttatas-fiataloknak\/#listItem","position":3,"name":"P\u00e1lyakezd\u00e9si juttat\u00e1s fiataloknak","previousItem":{"@type":"ListItem","@id":"https:\/\/allasorias.hu\/hirek\/temak\/allaskereses\/#listItem","name":"\u00c1ll\u00e1skeres\u00e9s"}}]},{"@type":"Organization","@id":"https:\/\/allasorias.hu\/hirek\/#organization","name":"AllasOrias.hu | H\u00edrek-lapszemle","description":"\u00dczleti h\u00edrek az \u00e1ll\u00e1s \u00e9s a munka vil\u00e1g\u00e1b\u00f3l","url":"https:\/\/allasorias.hu\/hirek\/","logo":{"@type":"ImageObject","url":"https:\/\/allasorias.hu\/hirek\/wp-content\/uploads\/2022\/10\/allasorias_site_facebok_logo.png","@id":"https:\/\/allasorias.hu\/hirek\/palyakezdesi-juttatas-fiataloknak\/#organizationLogo"},"image":{"@id":"https:\/\/allasorias.hu\/hirek\/palyakezdesi-juttatas-fiataloknak\/#organizationLogo"},"sameAs":["https:\/\/www.facebook.com\/allasorias","https:\/\/www.linkedin.com\/company\/allasorias"]},{"@type":"Person","@id":"https:\/\/allasorias.hu\/hirek\/author\/admin-allasorias\/#author","url":"https:\/\/allasorias.hu\/hirek\/author\/admin-allasorias\/","name":"Juh\u00e1sz P\u00e9ter","image":{"@type":"ImageObject","@id":"https:\/\/allasorias.hu\/hirek\/palyakezdesi-juttatas-fiataloknak\/#authorImage","url":"https:\/\/secure.gravatar.com\/avatar\/36e6bcb83148978b992977cb0f54d22feb0cce8a0a849a9410532bb2623ba4c6?s=96&d=mm&r=g","width":96,"height":96,"caption":"Juh\u00e1sz P\u00e9ter"}},{"@type":"WebPage","@id":"https:\/\/allasorias.hu\/hirek\/palyakezdesi-juttatas-fiataloknak\/#webpage","url":"https:\/\/allasorias.hu\/hirek\/palyakezdesi-juttatas-fiataloknak\/","name":"T\u00f6bbf\u00e9le p\u00e1lyakezd\u00e9si juttat\u00e1s seg\u00edti a fiatalokokat","description":"T\u00f6bbf\u00e9le juttat\u00e1s is seg\u00edti, \u00f6szt\u00f6nzi a fiatalokat a szakk\u00e9pz\u00e9sben, illetve a munkaer\u0151piacon val\u00f3 elhelyezked\u00e9sben. A p\u00e1lyakezd\u00e9si juttat\u00e1s p\u00e9ld\u00e1ul hozz\u00e1j\u00e1rul a fiatalok munk\u00e1hoz val\u00f3 jut\u00e1s\u00e1hoz.","inLanguage":"hu-HU","isPartOf":{"@id":"https:\/\/allasorias.hu\/hirek\/#website"},"breadcrumb":{"@id":"https:\/\/allasorias.hu\/hirek\/palyakezdesi-juttatas-fiataloknak\/#breadcrumblist"},"author":{"@id":"https:\/\/allasorias.hu\/hirek\/author\/admin-allasorias\/#author"},"creator":{"@id":"https:\/\/allasorias.hu\/hirek\/author\/admin-allasorias\/#author"},"image":{"@type":"ImageObject","url":"https:\/\/allasorias.hu\/hirek\/wp-content\/uploads\/2025\/08\/palyakezdesi-juttatas-fiataloknak.jpg","@id":"https:\/\/allasorias.hu\/hirek\/palyakezdesi-juttatas-fiataloknak\/#mainImage","width":1920,"height":1280,"caption":"P\u00e1lyakezd\u00e9si juttat\u00e1s fiataloknak - Allasorias.hu\/Hirek"},"primaryImageOfPage":{"@id":"https:\/\/allasorias.hu\/hirek\/palyakezdesi-juttatas-fiataloknak\/#mainImage"},"datePublished":"2025-08-17T12:36:45+02:00","dateModified":"2025-08-19T13:34:43+02:00"},{"@type":"WebSite","@id":"https:\/\/allasorias.hu\/hirek\/#website","url":"https:\/\/allasorias.hu\/hirek\/","name":"AllasOrias.hu | H\u00edrek-lapszemle","description":"\u00dczleti h\u00edrek az \u00e1ll\u00e1s \u00e9s a munka vil\u00e1g\u00e1b\u00f3l","inLanguage":"hu-HU","publisher":{"@id":"https:\/\/allasorias.hu\/hirek\/#organization"}}]},"og:locale":"hu_HU","og:site_name":"AllasOrias.hu | H\u00edrek-lapszemle | \u00dczleti h\u00edrek az \u00e1ll\u00e1s \u00e9s a munka vil\u00e1g\u00e1b\u00f3l","og:type":"article","og:title":"T\u00f6bbf\u00e9le p\u00e1lyakezd\u00e9si juttat\u00e1s seg\u00edti a fiatalokokat","og:description":"T\u00f6bbf\u00e9le juttat\u00e1s is seg\u00edti, \u00f6szt\u00f6nzi a fiatalokat a szakk\u00e9pz\u00e9sben, illetve a munkaer\u0151piacon val\u00f3 elhelyezked\u00e9sben. A p\u00e1lyakezd\u00e9si juttat\u00e1s p\u00e9ld\u00e1ul hozz\u00e1j\u00e1rul a fiatalok munk\u00e1hoz val\u00f3 jut\u00e1s\u00e1hoz.","og:url":"https:\/\/allasorias.hu\/hirek\/palyakezdesi-juttatas-fiataloknak\/","og:image":"https:\/\/allasorias.hu\/hirek\/wp-content\/uploads\/2025\/08\/palyakezdesi-juttatas-fiataloknak.jpg","og:image:secure_url":"https:\/\/allasorias.hu\/hirek\/wp-content\/uploads\/2025\/08\/palyakezdesi-juttatas-fiataloknak.jpg","og:image:width":1920,"og:image:height":1280,"article:published_time":"2025-08-17T10:36:45+00:00","article:modified_time":"2025-08-19T11:34:43+00:00","article:publisher":"https:\/\/www.facebook.com\/allasorias","twitter:card":"summary_large_image","twitter:title":"T\u00f6bbf\u00e9le p\u00e1lyakezd\u00e9si juttat\u00e1s seg\u00edti a fiatalokokat","twitter:description":"T\u00f6bbf\u00e9le juttat\u00e1s is seg\u00edti, \u00f6szt\u00f6nzi a fiatalokat a szakk\u00e9pz\u00e9sben, illetve a munkaer\u0151piacon val\u00f3 elhelyezked\u00e9sben. A p\u00e1lyakezd\u00e9si juttat\u00e1s p\u00e9ld\u00e1ul hozz\u00e1j\u00e1rul a fiatalok munk\u00e1hoz val\u00f3 jut\u00e1s\u00e1hoz.","twitter:image":"https:\/\/allasorias.hu\/hirek\/wp-content\/uploads\/2025\/08\/palyakezdesi-juttatas-fiataloknak.jpg","twitter:label1":"Written by","twitter:data1":"Juh\u00e1sz P\u00e9ter","twitter:label2":"Est. reading time","twitter:data2":"2 minutes"},"aioseo_meta_data":{"post_id":"8654","title":"T\u00f6bbf\u00e9le p\u00e1lyakezd\u00e9si juttat\u00e1s seg\u00edti a fiatalokokat","description":"T\u00f6bbf\u00e9le juttat\u00e1s is seg\u00edti, \u00f6szt\u00f6nzi a fiatalokat a szakk\u00e9pz\u00e9sben, illetve a munkaer\u0151piacon val\u00f3 elhelyezked\u00e9sben. A p\u00e1lyakezd\u00e9si juttat\u00e1s p\u00e9ld\u00e1ul hozz\u00e1j\u00e1rul a fiatalok munk\u00e1hoz val\u00f3 jut\u00e1s\u00e1hoz.","keywords":null,"keyphrases":{"focus":{"keyphrase":"","score":0,"analysis":{"keyphraseInTitle":{"score":0,"maxScore":9,"error":1}}},"additional":[]},"primary_term":null,"canonical_url":null,"og_title":null,"og_description":null,"og_object_type":"default","og_image_type":"default","og_image_url":null,"og_image_width":null,"og_image_height":null,"og_image_custom_url":null,"og_image_custom_fields":null,"og_video":"","og_custom_url":null,"og_article_section":null,"og_article_tags":null,"twitter_use_og":true,"twitter_card":"default","twitter_image_type":"default","twitter_image_url":null,"twitter_image_custom_url":null,"twitter_image_custom_fields":null,"twitter_title":null,"twitter_description":null,"schema":{"blockGraphs":[],"customGraphs":[],"default":{"data":{"Article":[],"Course":[],"Dataset":[],"FAQPage":[],"Movie":[],"Person":[],"Product":[],"ProductReview":[],"Car":[],"Recipe":[],"Service":[],"SoftwareApplication":[],"WebPage":[]},"graphName":"Article","isEnabled":true},"graphs":[]},"schema_type":"default","schema_type_options":null,"pillar_content":false,"robots_default":true,"robots_noindex":false,"robots_noarchive":false,"robots_nosnippet":false,"robots_nofollow":false,"robots_noimageindex":false,"robots_noodp":false,"robots_notranslate":false,"robots_max_snippet":"-1","robots_max_videopreview":"-1","robots_max_imagepreview":"large","priority":null,"frequency":"default","location":null,"local_seo":null,"breadcrumb_settings":null,"limit_modified_date":false,"ai":null,"created":"2025-08-18 11:52:33","updated":"2025-10-02 21:30:38","seo_analyzer_scan_date":null,"focus_keyword":null,"additional_keywords":null,"truseo_locale":null},"aioseo_breadcrumb":"<div class=\"aioseo-breadcrumbs\"><span class=\"aioseo-breadcrumb\">\n\t\t\t<a href=\"https:\/\/allasorias.hu\/hirek\" title=\"Home\">Home<\/a>\n\t\t<\/span><span class=\"aioseo-breadcrumb-separator\">&raquo;<\/span><span class=\"aioseo-breadcrumb\">\n\t\t\t<a href=\"https:\/\/allasorias.hu\/hirek\/temak\/allaskereses\/\" title=\"\u00c1ll\u00e1skeres\u00e9s\">\u00c1ll\u00e1skeres\u00e9s<\/a>\n\t\t<\/span><span class=\"aioseo-breadcrumb-separator\">&raquo;<\/span><span class=\"aioseo-breadcrumb\">\n\t\t\tP\u00e1lyakezd\u00e9si juttat\u00e1s fiataloknak\n\t\t<\/span><\/div>","aioseo_breadcrumb_json":[{"label":"Home","link":"https:\/\/allasorias.hu\/hirek"},{"label":"\u00c1ll\u00e1skeres\u00e9s","link":"https:\/\/allasorias.hu\/hirek\/temak\/allaskereses\/"},{"label":"P\u00e1lyakezd\u00e9si juttat\u00e1s fiataloknak","link":"https:\/\/allasorias.hu\/hirek\/palyakezdesi-juttatas-fiataloknak\/"}],"_links":{"self":[{"href":"https:\/\/allasorias.hu\/hirek\/wp-json\/wp\/v2\/posts\/8654","targetHints":{"allow":["GET"]}}],"collection":[{"href":"https:\/\/allasorias.hu\/hirek\/wp-json\/wp\/v2\/posts"}],"about":[{"href":"https:\/\/allasorias.hu\/hirek\/wp-json\/wp\/v2\/types\/post"}],"author":[{"embeddable":true,"href":"https:\/\/allasorias.hu\/hirek\/wp-json\/wp\/v2\/users\/1"}],"replies":[{"embeddable":true,"href":"https:\/\/allasorias.hu\/hirek\/wp-json\/wp\/v2\/comments?post=8654"}],"version-history":[{"count":1,"href":"https:\/\/allasorias.hu\/hirek\/wp-json\/wp\/v2\/posts\/8654\/revisions"}],"predecessor-version":[{"id":8659,"href":"https:\/\/allasorias.hu\/hirek\/wp-json\/wp\/v2\/posts\/8654\/revisions\/8659"}],"wp:featuredmedia":[{"embeddable":true,"href":"https:\/\/allasorias.hu\/hirek\/wp-json\/wp\/v2\/media\/8658"}],"wp:attachment":[{"href":"https:\/\/allasorias.hu\/hirek\/wp-json\/wp\/v2\/media?parent=8654"}],"wp:term":[{"taxonomy":"category","embeddable":true,"href":"https:\/\/allasorias.hu\/hirek\/wp-json\/wp\/v2\/categories?post=8654"},{"taxonomy":"post_tag","embeddable":true,"href":"https:\/\/allasorias.hu\/hirek\/wp-json\/wp\/v2\/tags?post=8654"}],"curies":[{"name":"wp","href":"https:\/\/api.w.org\/{rel}","templated":true}]}}