{"id":8643,"date":"2025-08-07T10:55:18","date_gmt":"2025-08-07T08:55:18","guid":{"rendered":"https:\/\/allasorias.hu\/hirek\/?p=8643"},"modified":"2025-08-07T10:55:18","modified_gmt":"2025-08-07T08:55:18","slug":"rugalmasan-alkalmazkodnak-a-munkaeropiachoz","status":"publish","type":"post","link":"https:\/\/allasorias.hu\/hirek\/rugalmasan-alkalmazkodnak-a-munkaeropiachoz\/","title":{"rendered":"Rugalmasan alkalmazkodnak a munkaer\u0151piachoz"},"content":{"rendered":"<p><strong>Elengedhetetlen\u00fcl fontos, hogy az egyetemek alkalmazkodjanak a munkaer\u0151piaci ig\u00e9nyekhez. A piack\u00e9pes oktat\u00e1s elv\u00e1r\u00e1sait az egyetemek kiemelten fontosnak tartj\u00e1k. <\/strong><\/p>\n<p>Augusztus 1-j\u00e9n l\u00e9pett hat\u00e1lyba a h\u00e1rom m\u0171szaki tudom\u00e1nyi kar szervezeti meg\u00faj\u00edt\u00e1s\u00e1t jelent\u0151 v\u00e1ltoztat\u00e1s, amelyr\u0151l a Sz\u00e9chenyi Istv\u00e1n Egyetem Szen\u00e1tusa \u00e1prilis v\u00e9g\u00e9n nagy t\u00f6bbs\u00e9ggel d\u00f6nt\u00f6tt. Emellett az Albert K\u00e1zm\u00e9r Mosonmagyar\u00f3v\u00e1ri Kar r\u00e9szek\u00e9nt l\u00e9trej\u00f6tt a Rendszertudom\u00e1nyi Tansz\u00e9k. Az int\u00e9zm\u00e9ny mindennek k\u00f6sz\u00f6nhet\u0151en m\u00e9g rugalmasabban lesz k\u00e9pes alkalmazkodni az ipari \u00e1talakul\u00e1shoz \u00e9s munkaer\u0151piaci v\u00e1ltoz\u00e1sokhoz.<\/p>\n<p>A gy\u0151ri Sz\u00e9chenyi Istv\u00e1n Egyetem \u00e9vtizedek \u00f3ta meghat\u00e1roz\u00f3 szerepet j\u00e1tszik a m\u0171szaki fels\u0151oktat\u00e1sban. E ter\u00fclet tov\u00e1bbi fejl\u0151d\u00e9s\u00e9t szolg\u00e1lja az az augusztus 1-j\u00e9n hat\u00e1lyba l\u00e9pett \u00e1talak\u00edt\u00e1s, amelynek l\u00e9nyege, hogy a G\u00e9p\u00e9szm\u00e9rn\u00f6ki, Informatikai \u00e9s Villamosm\u00e9rn\u00f6ki Karr\u00f3l a g\u00e9p\u00e9szm\u00e9rn\u00f6ki ter\u00fclethez kapcsol\u00f3d\u00f3 tansz\u00e9kek \u00e9s szakok az Audi Hungaria J\u00e1rm\u0171m\u00e9rn\u00f6ki Karhoz ker\u00fcltek. \u00daj, \u00f6n\u00e1ll\u00f3 kark\u00e9nt megalakult az Informatikai \u00e9s Villamosm\u00e9rn\u00f6ki Kar, ahol a megl\u00e9v\u0151 informatikai \u00e9s mechatronikai tansz\u00e9kek mellett \u00fajak is l\u00e9trej\u00f6ttek.<\/p>\n<p>A logisztikai m\u00e9rn\u00f6ki \u00e9s a m\u0171szaki menedzser szak, a Logisztikai \u00e9s Sz\u00e1ll\u00edtm\u00e1nyoz\u00e1si Tansz\u00e9k, valamint a K\u00f6zleked\u00e9sm\u00e9rn\u00f6ki \u00e9s Sz\u00e1ll\u00edtm\u00e1nyoz\u00e1si Szakkoll\u00e9gium a j\u00f6v\u0151ben az \u00c9p\u00edt\u00e9sz-, \u00c9p\u00edt\u0151- \u00e9s K\u00f6zleked\u00e9sm\u00e9rn\u00f6ki Karon fejl\u0151dhet tov\u00e1bb. Emellett v\u00e9gleges\u00edt\u00e9s alatt \u00e1ll tervezetten \u0151szi indul\u00e1ssal az \u0171r-, kvantum- \u00e9s digit\u00e1lisiker-technol\u00f3gi\u00e1kra \u00e9p\u00edt\u0151 Felt\u00f6rekv\u0151 Technol\u00f3gi\u00e1k Kutat\u00f3k\u00f6zpont megalak\u00edt\u00e1sa a kapcsol\u00f3d\u00f3 szakkoll\u00e9giumra is alapozva dr. Horv\u00e1th Zolt\u00e1n professzor, prod\u00e9k\u00e1n vezet\u00e9s\u00e9vel.<\/p>\n<p>Mindez szorosan illeszkedik az egyetem hossz\u00fa t\u00e1v\u00fa strat\u00e9gi\u00e1j\u00e1hoz, amelynek k\u00f6z\u00e9ppontj\u00e1ban a tud\u00e1salap\u00fa gazdas\u00e1g meger\u0151s\u00edt\u00e9se, a hallgat\u00f3bar\u00e1t \u00e9s piack\u00e9pes oktat\u00e1s, a v\u00e1llalati \u00e9s ipari kapcsolatok elm\u00e9ly\u00edt\u00e9se, valamint a nemzetk\u00f6zi l\u00e1that\u00f3s\u00e1g er\u0151s\u00edt\u00e9se \u00e1ll. Az \u00faj szerkezet lehet\u0151v\u00e9 teszi, hogy az egyetem el\u0151rel\u00e9pjen a glob\u00e1lis fels\u0151oktat\u00e1si tudom\u00e1nyter\u00fcleti ranglist\u00e1kon, rugalmasabban alkalmazkodjon az ipari strukt\u00fara \u00e1talakul\u00e1s\u00e1hoz, a technol\u00f3giai \u00e9s munkaer\u0151piaci v\u00e1ltoz\u00e1sokhoz, \u00e9s hat\u00e9konyabban reag\u00e1ljon a r\u00e9gi\u00f3 gazdas\u00e1gi szerepl\u0151inek ig\u00e9nyeire. A meg\u00fajul\u00e1s sor\u00e1n ez\u00e9rt kaptak kiemelt figyelmet az informatikai \u00e9s mesters\u00e9ges intelligenci\u00e1hoz kapcsol\u00f3d\u00f3 kompetenci\u00e1k, a j\u00e1rm\u0171ipari \u00e9s g\u00e9p\u00e9szeti tud\u00e1s integr\u00e1l\u00e1sa, valamint a k\u00f6zleked\u00e9sm\u00e9rn\u00f6ki \u00e9s logisztikai k\u00e9pz\u00e9si ter\u00fcletek \u00f6sszehangol\u00e1sa.<\/p>\n<p>Forr\u00e1s: <a href=\"https:\/\/hellosajto.hu\/24630\/strategiai-megujulas-augusztus-1-jetol-uj-szervezeti-strukturaban-mukodnek-a-szechenyi-istvan-egyetem-muszaki-karai\/\" target=\"_blank\" rel=\"nofollow noopener noreferrer\">hellosajto.hu<\/a><\/p>\n","protected":false},"excerpt":{"rendered":"<p>Elengedhetetlen\u00fcl fontos, hogy az egyetemek alkalmazkodjanak a munkaer\u0151piaci ig\u00e9nyekhez. A piack\u00e9pes oktat\u00e1s elv\u00e1r\u00e1sait az egyetemek kiemelten fontosnak tartj\u00e1k. Augusztus 1-j\u00e9n l\u00e9pett hat\u00e1lyba a h\u00e1rom m\u0171szaki tudom\u00e1nyi kar szervezeti meg\u00faj\u00edt\u00e1s\u00e1t jelent\u0151 v\u00e1ltoztat\u00e1s, amelyr\u0151l a Sz\u00e9chenyi Istv\u00e1n Egyetem Szen\u00e1tusa \u00e1prilis v\u00e9g\u00e9n nagy t\u00f6bbs\u00e9ggel d\u00f6nt\u00f6tt. Emellett az Albert K\u00e1zm\u00e9r Mosonmagyar\u00f3v\u00e1ri Kar r\u00e9szek\u00e9nt l\u00e9trej\u00f6tt a Rendszertudom\u00e1nyi Tansz\u00e9k. Az int\u00e9zm\u00e9ny [&hellip;]<\/p>\n","protected":false},"author":1,"featured_media":8644,"comment_status":"closed","ping_status":"closed","sticky":false,"template":"","format":"standard","meta":{"_monsterinsights_skip_tracking":false,"footnotes":""},"categories":[200],"tags":[],"class_list":["post-8643","post","type-post","status-publish","format-standard","has-post-thumbnail","hentry","category-munkaeropiac"],"aioseo_notices":[],"aioseo_head":"\n\t\t<!-- All in One SEO 5.0.0.1 - aioseo.com -->\n\t<meta name=\"description\" content=\"Elengedhetetlen\u00fcl fontos, hogy az egyetemek alkalmazkodjanak a munkaer\u0151piaci ig\u00e9nyekhez. A piack\u00e9pes oktat\u00e1s elv\u00e1r\u00e1sait az egyetemek kiemelten fontosnak tartj\u00e1k.\" \/>\n\t<meta name=\"robots\" content=\"max-image-preview:large\" \/>\n\t<meta name=\"author\" content=\"Juh\u00e1sz P\u00e9ter\"\/>\n\t<link rel=\"canonical\" href=\"https:\/\/allasorias.hu\/hirek\/rugalmasan-alkalmazkodnak-a-munkaeropiachoz\/\" \/>\n\t<meta name=\"generator\" content=\"All in One SEO (AIOSEO) 5.0.0.1\" \/>\n\t\t<meta property=\"og:locale\" content=\"hu_HU\" \/>\n\t\t<meta property=\"og:site_name\" content=\"AllasOrias.hu | H\u00edrek-lapszemle | \u00dczleti h\u00edrek az \u00e1ll\u00e1s \u00e9s a munka vil\u00e1g\u00e1b\u00f3l\" \/>\n\t\t<meta property=\"og:type\" content=\"article\" \/>\n\t\t<meta property=\"og:title\" content=\"Rugalmasan alkalmazkodnak a munkaer\u0151piachoz az Egyetemek\" \/>\n\t\t<meta property=\"og:description\" content=\"Elengedhetetlen\u00fcl fontos, hogy az egyetemek alkalmazkodjanak a munkaer\u0151piaci ig\u00e9nyekhez. A piack\u00e9pes oktat\u00e1s elv\u00e1r\u00e1sait az egyetemek kiemelten fontosnak tartj\u00e1k.\" \/>\n\t\t<meta property=\"og:url\" content=\"https:\/\/allasorias.hu\/hirek\/rugalmasan-alkalmazkodnak-a-munkaeropiachoz\/\" \/>\n\t\t<meta property=\"og:image\" content=\"https:\/\/allasorias.hu\/hirek\/wp-content\/uploads\/2025\/08\/munkaeropiac-egyetemek.jpg\" \/>\n\t\t<meta property=\"og:image:secure_url\" content=\"https:\/\/allasorias.hu\/hirek\/wp-content\/uploads\/2025\/08\/munkaeropiac-egyetemek.jpg\" \/>\n\t\t<meta property=\"og:image:width\" content=\"1920\" \/>\n\t\t<meta property=\"og:image:height\" content=\"1280\" \/>\n\t\t<meta property=\"article:published_time\" content=\"2025-08-07T08:55:18+00:00\" \/>\n\t\t<meta property=\"article:modified_time\" content=\"2025-08-07T08:55:18+00:00\" \/>\n\t\t<meta property=\"article:publisher\" content=\"https:\/\/www.facebook.com\/allasorias\" \/>\n\t\t<meta name=\"twitter:card\" content=\"summary_large_image\" \/>\n\t\t<meta name=\"twitter:title\" content=\"Rugalmasan alkalmazkodnak a munkaer\u0151piachoz az Egyetemek\" \/>\n\t\t<meta name=\"twitter:description\" content=\"Elengedhetetlen\u00fcl fontos, hogy az egyetemek alkalmazkodjanak a munkaer\u0151piaci ig\u00e9nyekhez. A piack\u00e9pes oktat\u00e1s elv\u00e1r\u00e1sait az egyetemek kiemelten fontosnak tartj\u00e1k.\" \/>\n\t\t<meta name=\"twitter:image\" content=\"https:\/\/allasorias.hu\/hirek\/wp-content\/uploads\/2025\/08\/munkaeropiac-egyetemek.jpg\" \/>\n\t\t<meta name=\"twitter:label1\" content=\"Written by\" \/>\n\t\t<meta name=\"twitter:data1\" content=\"Juh\u00e1sz P\u00e9ter\" \/>\n\t\t<meta name=\"twitter:label2\" content=\"Est. reading time\" \/>\n\t\t<meta name=\"twitter:data2\" content=\"3 minutes\" \/>\n\t\t<script type=\"application\/ld+json\" class=\"aioseo-schema\">\n\t\t\t{\"@context\":\"https:\\\/\\\/schema.org\",\"@graph\":[{\"@type\":\"Article\",\"@id\":\"https:\\\/\\\/allasorias.hu\\\/hirek\\\/rugalmasan-alkalmazkodnak-a-munkaeropiachoz\\\/#article\",\"name\":\"Rugalmasan alkalmazkodnak a munkaer\\u0151piachoz az Egyetemek\",\"headline\":\"Rugalmasan alkalmazkodnak a munkaer\\u0151piachoz\",\"author\":{\"@id\":\"https:\\\/\\\/allasorias.hu\\\/hirek\\\/author\\\/admin-allasorias\\\/#author\"},\"publisher\":{\"@id\":\"https:\\\/\\\/allasorias.hu\\\/hirek\\\/#organization\"},\"image\":{\"@type\":\"ImageObject\",\"url\":\"https:\\\/\\\/allasorias.hu\\\/hirek\\\/wp-content\\\/uploads\\\/2025\\\/08\\\/munkaeropiac-egyetemek.jpg\",\"width\":1920,\"height\":1280,\"caption\":\"Rugalmasan alkalmazkodnak a munkaer\\u0151piachoz - Allasorias.hu\\\/Hirek\"},\"datePublished\":\"2025-08-07T10:55:18+02:00\",\"dateModified\":\"2025-08-07T10:55:18+02:00\",\"inLanguage\":\"hu-HU\",\"mainEntityOfPage\":{\"@id\":\"https:\\\/\\\/allasorias.hu\\\/hirek\\\/rugalmasan-alkalmazkodnak-a-munkaeropiachoz\\\/#webpage\"},\"isPartOf\":{\"@id\":\"https:\\\/\\\/allasorias.hu\\\/hirek\\\/rugalmasan-alkalmazkodnak-a-munkaeropiachoz\\\/#webpage\"},\"articleSection\":\"Munkaer\\u0151piac\"},{\"@type\":\"BreadcrumbList\",\"@id\":\"https:\\\/\\\/allasorias.hu\\\/hirek\\\/rugalmasan-alkalmazkodnak-a-munkaeropiachoz\\\/#breadcrumblist\",\"itemListElement\":[{\"@type\":\"ListItem\",\"@id\":\"https:\\\/\\\/allasorias.hu\\\/hirek#listItem\",\"position\":1,\"name\":\"Home\",\"item\":\"https:\\\/\\\/allasorias.hu\\\/hirek\",\"nextItem\":{\"@type\":\"ListItem\",\"@id\":\"https:\\\/\\\/allasorias.hu\\\/hirek\\\/temak\\\/munkaeropiac\\\/#listItem\",\"name\":\"Munkaer\\u0151piac\"}},{\"@type\":\"ListItem\",\"@id\":\"https:\\\/\\\/allasorias.hu\\\/hirek\\\/temak\\\/munkaeropiac\\\/#listItem\",\"position\":2,\"name\":\"Munkaer\\u0151piac\",\"item\":\"https:\\\/\\\/allasorias.hu\\\/hirek\\\/temak\\\/munkaeropiac\\\/\",\"nextItem\":{\"@type\":\"ListItem\",\"@id\":\"https:\\\/\\\/allasorias.hu\\\/hirek\\\/rugalmasan-alkalmazkodnak-a-munkaeropiachoz\\\/#listItem\",\"name\":\"Rugalmasan alkalmazkodnak a munkaer\\u0151piachoz\"},\"previousItem\":{\"@type\":\"ListItem\",\"@id\":\"https:\\\/\\\/allasorias.hu\\\/hirek#listItem\",\"name\":\"Home\"}},{\"@type\":\"ListItem\",\"@id\":\"https:\\\/\\\/allasorias.hu\\\/hirek\\\/rugalmasan-alkalmazkodnak-a-munkaeropiachoz\\\/#listItem\",\"position\":3,\"name\":\"Rugalmasan alkalmazkodnak a munkaer\\u0151piachoz\",\"previousItem\":{\"@type\":\"ListItem\",\"@id\":\"https:\\\/\\\/allasorias.hu\\\/hirek\\\/temak\\\/munkaeropiac\\\/#listItem\",\"name\":\"Munkaer\\u0151piac\"}}]},{\"@type\":\"Organization\",\"@id\":\"https:\\\/\\\/allasorias.hu\\\/hirek\\\/#organization\",\"name\":\"AllasOrias.hu | H\\u00edrek-lapszemle\",\"description\":\"\\u00dczleti h\\u00edrek az \\u00e1ll\\u00e1s \\u00e9s a munka vil\\u00e1g\\u00e1b\\u00f3l\",\"url\":\"https:\\\/\\\/allasorias.hu\\\/hirek\\\/\",\"logo\":{\"@type\":\"ImageObject\",\"url\":\"https:\\\/\\\/allasorias.hu\\\/hirek\\\/wp-content\\\/uploads\\\/2022\\\/10\\\/allasorias_site_facebok_logo.png\",\"@id\":\"https:\\\/\\\/allasorias.hu\\\/hirek\\\/rugalmasan-alkalmazkodnak-a-munkaeropiachoz\\\/#organizationLogo\"},\"image\":{\"@id\":\"https:\\\/\\\/allasorias.hu\\\/hirek\\\/rugalmasan-alkalmazkodnak-a-munkaeropiachoz\\\/#organizationLogo\"},\"sameAs\":[\"https:\\\/\\\/www.facebook.com\\\/allasorias\",\"https:\\\/\\\/www.linkedin.com\\\/company\\\/allasorias\"]},{\"@type\":\"Person\",\"@id\":\"https:\\\/\\\/allasorias.hu\\\/hirek\\\/author\\\/admin-allasorias\\\/#author\",\"url\":\"https:\\\/\\\/allasorias.hu\\\/hirek\\\/author\\\/admin-allasorias\\\/\",\"name\":\"Juh\\u00e1sz P\\u00e9ter\",\"image\":{\"@type\":\"ImageObject\",\"@id\":\"https:\\\/\\\/allasorias.hu\\\/hirek\\\/rugalmasan-alkalmazkodnak-a-munkaeropiachoz\\\/#authorImage\",\"url\":\"https:\\\/\\\/secure.gravatar.com\\\/avatar\\\/36e6bcb83148978b992977cb0f54d22feb0cce8a0a849a9410532bb2623ba4c6?s=96&d=mm&r=g\",\"width\":96,\"height\":96,\"caption\":\"Juh\\u00e1sz P\\u00e9ter\"}},{\"@type\":\"WebPage\",\"@id\":\"https:\\\/\\\/allasorias.hu\\\/hirek\\\/rugalmasan-alkalmazkodnak-a-munkaeropiachoz\\\/#webpage\",\"url\":\"https:\\\/\\\/allasorias.hu\\\/hirek\\\/rugalmasan-alkalmazkodnak-a-munkaeropiachoz\\\/\",\"name\":\"Rugalmasan alkalmazkodnak a munkaer\\u0151piachoz az Egyetemek\",\"description\":\"Elengedhetetlen\\u00fcl fontos, hogy az egyetemek alkalmazkodjanak a munkaer\\u0151piaci ig\\u00e9nyekhez. A piack\\u00e9pes oktat\\u00e1s elv\\u00e1r\\u00e1sait az egyetemek kiemelten fontosnak tartj\\u00e1k.\",\"inLanguage\":\"hu-HU\",\"isPartOf\":{\"@id\":\"https:\\\/\\\/allasorias.hu\\\/hirek\\\/#website\"},\"breadcrumb\":{\"@id\":\"https:\\\/\\\/allasorias.hu\\\/hirek\\\/rugalmasan-alkalmazkodnak-a-munkaeropiachoz\\\/#breadcrumblist\"},\"author\":{\"@id\":\"https:\\\/\\\/allasorias.hu\\\/hirek\\\/author\\\/admin-allasorias\\\/#author\"},\"creator\":{\"@id\":\"https:\\\/\\\/allasorias.hu\\\/hirek\\\/author\\\/admin-allasorias\\\/#author\"},\"image\":{\"@type\":\"ImageObject\",\"url\":\"https:\\\/\\\/allasorias.hu\\\/hirek\\\/wp-content\\\/uploads\\\/2025\\\/08\\\/munkaeropiac-egyetemek.jpg\",\"@id\":\"https:\\\/\\\/allasorias.hu\\\/hirek\\\/rugalmasan-alkalmazkodnak-a-munkaeropiachoz\\\/#mainImage\",\"width\":1920,\"height\":1280,\"caption\":\"Rugalmasan alkalmazkodnak a munkaer\\u0151piachoz - Allasorias.hu\\\/Hirek\"},\"primaryImageOfPage\":{\"@id\":\"https:\\\/\\\/allasorias.hu\\\/hirek\\\/rugalmasan-alkalmazkodnak-a-munkaeropiachoz\\\/#mainImage\"},\"datePublished\":\"2025-08-07T10:55:18+02:00\",\"dateModified\":\"2025-08-07T10:55:18+02:00\"},{\"@type\":\"WebSite\",\"@id\":\"https:\\\/\\\/allasorias.hu\\\/hirek\\\/#website\",\"url\":\"https:\\\/\\\/allasorias.hu\\\/hirek\\\/\",\"name\":\"AllasOrias.hu | H\\u00edrek-lapszemle\",\"description\":\"\\u00dczleti h\\u00edrek az \\u00e1ll\\u00e1s \\u00e9s a munka vil\\u00e1g\\u00e1b\\u00f3l\",\"inLanguage\":\"hu-HU\",\"publisher\":{\"@id\":\"https:\\\/\\\/allasorias.hu\\\/hirek\\\/#organization\"}}]}\n\t\t<\/script>\n\t\t<!-- All in One SEO -->\n\n","aioseo_head_json":{"title":"Rugalmasan alkalmazkodnak a munkaer\u0151piachoz az Egyetemek","description":"Elengedhetetlen\u00fcl fontos, hogy az egyetemek alkalmazkodjanak a munkaer\u0151piaci ig\u00e9nyekhez. A piack\u00e9pes oktat\u00e1s elv\u00e1r\u00e1sait az egyetemek kiemelten fontosnak tartj\u00e1k.","canonical_url":"https:\/\/allasorias.hu\/hirek\/rugalmasan-alkalmazkodnak-a-munkaeropiachoz\/","robots":"max-image-preview:large","keywords":"","webmasterTools":{"miscellaneous":""},"schema":{"@context":"https:\/\/schema.org","@graph":[{"@type":"Article","@id":"https:\/\/allasorias.hu\/hirek\/rugalmasan-alkalmazkodnak-a-munkaeropiachoz\/#article","name":"Rugalmasan alkalmazkodnak a munkaer\u0151piachoz az Egyetemek","headline":"Rugalmasan alkalmazkodnak a munkaer\u0151piachoz","author":{"@id":"https:\/\/allasorias.hu\/hirek\/author\/admin-allasorias\/#author"},"publisher":{"@id":"https:\/\/allasorias.hu\/hirek\/#organization"},"image":{"@type":"ImageObject","url":"https:\/\/allasorias.hu\/hirek\/wp-content\/uploads\/2025\/08\/munkaeropiac-egyetemek.jpg","width":1920,"height":1280,"caption":"Rugalmasan alkalmazkodnak a munkaer\u0151piachoz - Allasorias.hu\/Hirek"},"datePublished":"2025-08-07T10:55:18+02:00","dateModified":"2025-08-07T10:55:18+02:00","inLanguage":"hu-HU","mainEntityOfPage":{"@id":"https:\/\/allasorias.hu\/hirek\/rugalmasan-alkalmazkodnak-a-munkaeropiachoz\/#webpage"},"isPartOf":{"@id":"https:\/\/allasorias.hu\/hirek\/rugalmasan-alkalmazkodnak-a-munkaeropiachoz\/#webpage"},"articleSection":"Munkaer\u0151piac"},{"@type":"BreadcrumbList","@id":"https:\/\/allasorias.hu\/hirek\/rugalmasan-alkalmazkodnak-a-munkaeropiachoz\/#breadcrumblist","itemListElement":[{"@type":"ListItem","@id":"https:\/\/allasorias.hu\/hirek#listItem","position":1,"name":"Home","item":"https:\/\/allasorias.hu\/hirek","nextItem":{"@type":"ListItem","@id":"https:\/\/allasorias.hu\/hirek\/temak\/munkaeropiac\/#listItem","name":"Munkaer\u0151piac"}},{"@type":"ListItem","@id":"https:\/\/allasorias.hu\/hirek\/temak\/munkaeropiac\/#listItem","position":2,"name":"Munkaer\u0151piac","item":"https:\/\/allasorias.hu\/hirek\/temak\/munkaeropiac\/","nextItem":{"@type":"ListItem","@id":"https:\/\/allasorias.hu\/hirek\/rugalmasan-alkalmazkodnak-a-munkaeropiachoz\/#listItem","name":"Rugalmasan alkalmazkodnak a munkaer\u0151piachoz"},"previousItem":{"@type":"ListItem","@id":"https:\/\/allasorias.hu\/hirek#listItem","name":"Home"}},{"@type":"ListItem","@id":"https:\/\/allasorias.hu\/hirek\/rugalmasan-alkalmazkodnak-a-munkaeropiachoz\/#listItem","position":3,"name":"Rugalmasan alkalmazkodnak a munkaer\u0151piachoz","previousItem":{"@type":"ListItem","@id":"https:\/\/allasorias.hu\/hirek\/temak\/munkaeropiac\/#listItem","name":"Munkaer\u0151piac"}}]},{"@type":"Organization","@id":"https:\/\/allasorias.hu\/hirek\/#organization","name":"AllasOrias.hu | H\u00edrek-lapszemle","description":"\u00dczleti h\u00edrek az \u00e1ll\u00e1s \u00e9s a munka vil\u00e1g\u00e1b\u00f3l","url":"https:\/\/allasorias.hu\/hirek\/","logo":{"@type":"ImageObject","url":"https:\/\/allasorias.hu\/hirek\/wp-content\/uploads\/2022\/10\/allasorias_site_facebok_logo.png","@id":"https:\/\/allasorias.hu\/hirek\/rugalmasan-alkalmazkodnak-a-munkaeropiachoz\/#organizationLogo"},"image":{"@id":"https:\/\/allasorias.hu\/hirek\/rugalmasan-alkalmazkodnak-a-munkaeropiachoz\/#organizationLogo"},"sameAs":["https:\/\/www.facebook.com\/allasorias","https:\/\/www.linkedin.com\/company\/allasorias"]},{"@type":"Person","@id":"https:\/\/allasorias.hu\/hirek\/author\/admin-allasorias\/#author","url":"https:\/\/allasorias.hu\/hirek\/author\/admin-allasorias\/","name":"Juh\u00e1sz P\u00e9ter","image":{"@type":"ImageObject","@id":"https:\/\/allasorias.hu\/hirek\/rugalmasan-alkalmazkodnak-a-munkaeropiachoz\/#authorImage","url":"https:\/\/secure.gravatar.com\/avatar\/36e6bcb83148978b992977cb0f54d22feb0cce8a0a849a9410532bb2623ba4c6?s=96&d=mm&r=g","width":96,"height":96,"caption":"Juh\u00e1sz P\u00e9ter"}},{"@type":"WebPage","@id":"https:\/\/allasorias.hu\/hirek\/rugalmasan-alkalmazkodnak-a-munkaeropiachoz\/#webpage","url":"https:\/\/allasorias.hu\/hirek\/rugalmasan-alkalmazkodnak-a-munkaeropiachoz\/","name":"Rugalmasan alkalmazkodnak a munkaer\u0151piachoz az Egyetemek","description":"Elengedhetetlen\u00fcl fontos, hogy az egyetemek alkalmazkodjanak a munkaer\u0151piaci ig\u00e9nyekhez. A piack\u00e9pes oktat\u00e1s elv\u00e1r\u00e1sait az egyetemek kiemelten fontosnak tartj\u00e1k.","inLanguage":"hu-HU","isPartOf":{"@id":"https:\/\/allasorias.hu\/hirek\/#website"},"breadcrumb":{"@id":"https:\/\/allasorias.hu\/hirek\/rugalmasan-alkalmazkodnak-a-munkaeropiachoz\/#breadcrumblist"},"author":{"@id":"https:\/\/allasorias.hu\/hirek\/author\/admin-allasorias\/#author"},"creator":{"@id":"https:\/\/allasorias.hu\/hirek\/author\/admin-allasorias\/#author"},"image":{"@type":"ImageObject","url":"https:\/\/allasorias.hu\/hirek\/wp-content\/uploads\/2025\/08\/munkaeropiac-egyetemek.jpg","@id":"https:\/\/allasorias.hu\/hirek\/rugalmasan-alkalmazkodnak-a-munkaeropiachoz\/#mainImage","width":1920,"height":1280,"caption":"Rugalmasan alkalmazkodnak a munkaer\u0151piachoz - Allasorias.hu\/Hirek"},"primaryImageOfPage":{"@id":"https:\/\/allasorias.hu\/hirek\/rugalmasan-alkalmazkodnak-a-munkaeropiachoz\/#mainImage"},"datePublished":"2025-08-07T10:55:18+02:00","dateModified":"2025-08-07T10:55:18+02:00"},{"@type":"WebSite","@id":"https:\/\/allasorias.hu\/hirek\/#website","url":"https:\/\/allasorias.hu\/hirek\/","name":"AllasOrias.hu | H\u00edrek-lapszemle","description":"\u00dczleti h\u00edrek az \u00e1ll\u00e1s \u00e9s a munka vil\u00e1g\u00e1b\u00f3l","inLanguage":"hu-HU","publisher":{"@id":"https:\/\/allasorias.hu\/hirek\/#organization"}}]},"og:locale":"hu_HU","og:site_name":"AllasOrias.hu | H\u00edrek-lapszemle | \u00dczleti h\u00edrek az \u00e1ll\u00e1s \u00e9s a munka vil\u00e1g\u00e1b\u00f3l","og:type":"article","og:title":"Rugalmasan alkalmazkodnak a munkaer\u0151piachoz az Egyetemek","og:description":"Elengedhetetlen\u00fcl fontos, hogy az egyetemek alkalmazkodjanak a munkaer\u0151piaci ig\u00e9nyekhez. A piack\u00e9pes oktat\u00e1s elv\u00e1r\u00e1sait az egyetemek kiemelten fontosnak tartj\u00e1k.","og:url":"https:\/\/allasorias.hu\/hirek\/rugalmasan-alkalmazkodnak-a-munkaeropiachoz\/","og:image":"https:\/\/allasorias.hu\/hirek\/wp-content\/uploads\/2025\/08\/munkaeropiac-egyetemek.jpg","og:image:secure_url":"https:\/\/allasorias.hu\/hirek\/wp-content\/uploads\/2025\/08\/munkaeropiac-egyetemek.jpg","og:image:width":1920,"og:image:height":1280,"article:published_time":"2025-08-07T08:55:18+00:00","article:modified_time":"2025-08-07T08:55:18+00:00","article:publisher":"https:\/\/www.facebook.com\/allasorias","twitter:card":"summary_large_image","twitter:title":"Rugalmasan alkalmazkodnak a munkaer\u0151piachoz az Egyetemek","twitter:description":"Elengedhetetlen\u00fcl fontos, hogy az egyetemek alkalmazkodjanak a munkaer\u0151piaci ig\u00e9nyekhez. A piack\u00e9pes oktat\u00e1s elv\u00e1r\u00e1sait az egyetemek kiemelten fontosnak tartj\u00e1k.","twitter:image":"https:\/\/allasorias.hu\/hirek\/wp-content\/uploads\/2025\/08\/munkaeropiac-egyetemek.jpg","twitter:label1":"Written by","twitter:data1":"Juh\u00e1sz P\u00e9ter","twitter:label2":"Est. reading time","twitter:data2":"3 minutes"},"aioseo_meta_data":{"post_id":"8643","title":"Rugalmasan alkalmazkodnak a munkaer\u0151piachoz az Egyetemek","description":"Elengedhetetlen\u00fcl fontos, hogy az egyetemek alkalmazkodjanak a munkaer\u0151piaci ig\u00e9nyekhez. A piack\u00e9pes oktat\u00e1s elv\u00e1r\u00e1sait az egyetemek kiemelten fontosnak tartj\u00e1k.","keywords":null,"keyphrases":{"focus":{"keyphrase":"","score":0,"analysis":{"keyphraseInTitle":{"score":0,"maxScore":9,"error":1}}},"additional":[]},"primary_term":null,"canonical_url":null,"og_title":null,"og_description":null,"og_object_type":"default","og_image_type":"default","og_image_url":null,"og_image_width":null,"og_image_height":null,"og_image_custom_url":null,"og_image_custom_fields":null,"og_video":"","og_custom_url":null,"og_article_section":null,"og_article_tags":null,"twitter_use_og":true,"twitter_card":"default","twitter_image_type":"default","twitter_image_url":null,"twitter_image_custom_url":null,"twitter_image_custom_fields":null,"twitter_title":null,"twitter_description":null,"schema":{"blockGraphs":[],"customGraphs":[],"default":{"data":{"Article":[],"Course":[],"Dataset":[],"FAQPage":[],"Movie":[],"Person":[],"Product":[],"ProductReview":[],"Car":[],"Recipe":[],"Service":[],"SoftwareApplication":[],"WebPage":[]},"graphName":"Article","isEnabled":true},"graphs":[]},"schema_type":"default","schema_type_options":null,"pillar_content":false,"robots_default":true,"robots_noindex":false,"robots_noarchive":false,"robots_nosnippet":false,"robots_nofollow":false,"robots_noimageindex":false,"robots_noodp":false,"robots_notranslate":false,"robots_max_snippet":"-1","robots_max_videopreview":"-1","robots_max_imagepreview":"large","priority":null,"frequency":"default","location":null,"local_seo":null,"breadcrumb_settings":null,"limit_modified_date":false,"ai":null,"created":"2025-08-07 08:31:32","updated":"2025-10-02 21:29:11","seo_analyzer_scan_date":null,"focus_keyword":null,"additional_keywords":null,"truseo_locale":null},"aioseo_breadcrumb":"<div class=\"aioseo-breadcrumbs\"><span class=\"aioseo-breadcrumb\">\n\t\t\t<a href=\"https:\/\/allasorias.hu\/hirek\" title=\"Home\">Home<\/a>\n\t\t<\/span><span class=\"aioseo-breadcrumb-separator\">&raquo;<\/span><span class=\"aioseo-breadcrumb\">\n\t\t\t<a href=\"https:\/\/allasorias.hu\/hirek\/temak\/munkaeropiac\/\" title=\"Munkaer\u0151piac\">Munkaer\u0151piac<\/a>\n\t\t<\/span><span class=\"aioseo-breadcrumb-separator\">&raquo;<\/span><span class=\"aioseo-breadcrumb\">\n\t\t\tRugalmasan alkalmazkodnak a munkaer\u0151piachoz\n\t\t<\/span><\/div>","aioseo_breadcrumb_json":[{"label":"Home","link":"https:\/\/allasorias.hu\/hirek"},{"label":"Munkaer\u0151piac","link":"https:\/\/allasorias.hu\/hirek\/temak\/munkaeropiac\/"},{"label":"Rugalmasan alkalmazkodnak a munkaer\u0151piachoz","link":"https:\/\/allasorias.hu\/hirek\/rugalmasan-alkalmazkodnak-a-munkaeropiachoz\/"}],"_links":{"self":[{"href":"https:\/\/allasorias.hu\/hirek\/wp-json\/wp\/v2\/posts\/8643","targetHints":{"allow":["GET"]}}],"collection":[{"href":"https:\/\/allasorias.hu\/hirek\/wp-json\/wp\/v2\/posts"}],"about":[{"href":"https:\/\/allasorias.hu\/hirek\/wp-json\/wp\/v2\/types\/post"}],"author":[{"embeddable":true,"href":"https:\/\/allasorias.hu\/hirek\/wp-json\/wp\/v2\/users\/1"}],"replies":[{"embeddable":true,"href":"https:\/\/allasorias.hu\/hirek\/wp-json\/wp\/v2\/comments?post=8643"}],"version-history":[{"count":1,"href":"https:\/\/allasorias.hu\/hirek\/wp-json\/wp\/v2\/posts\/8643\/revisions"}],"predecessor-version":[{"id":8645,"href":"https:\/\/allasorias.hu\/hirek\/wp-json\/wp\/v2\/posts\/8643\/revisions\/8645"}],"wp:featuredmedia":[{"embeddable":true,"href":"https:\/\/allasorias.hu\/hirek\/wp-json\/wp\/v2\/media\/8644"}],"wp:attachment":[{"href":"https:\/\/allasorias.hu\/hirek\/wp-json\/wp\/v2\/media?parent=8643"}],"wp:term":[{"taxonomy":"category","embeddable":true,"href":"https:\/\/allasorias.hu\/hirek\/wp-json\/wp\/v2\/categories?post=8643"},{"taxonomy":"post_tag","embeddable":true,"href":"https:\/\/allasorias.hu\/hirek\/wp-json\/wp\/v2\/tags?post=8643"}],"curies":[{"name":"wp","href":"https:\/\/api.w.org\/{rel}","templated":true}]}}