{"id":8561,"date":"2025-07-02T09:26:44","date_gmt":"2025-07-02T07:26:44","guid":{"rendered":"https:\/\/allasorias.hu\/hirek\/?p=8561"},"modified":"2025-07-02T09:26:44","modified_gmt":"2025-07-02T07:26:44","slug":"meg-mindig-sok-pedagogus-hianyzik-a-rendszerbol","status":"publish","type":"post","link":"https:\/\/allasorias.hu\/hirek\/meg-mindig-sok-pedagogus-hianyzik-a-rendszerbol\/","title":{"rendered":"M\u00e9g mindig sok pedag\u00f3gus hi\u00e1nyzik a rendszerb\u0151l"},"content":{"rendered":"<p><strong>Tov\u00e1bbra is gond a szakemberhi\u00e1ny az oktat\u00e1sban. Az \u00f3vod\u00e1k \u00e9s az iskol\u00e1k m\u00e1r k\u00f6zz\u00e9tett\u00e9k hirdet\u00e9seiket, ami bizony\u00edtja, hogy sok helyen hi\u00e1nyzik a pedag\u00f3gus.<\/strong><\/p>\n<p>M\u00e9g csak most t\u00f6rt ki a ny\u00e1ri sz\u00fcnid\u0151 az iskol\u00e1soknak \u00e9s pedag\u00f3gusoknak, m\u00falt h\u00e9ten meg is tartott\u00e1k a tan\u00e9vz\u00e1r\u00f3kat, \u00e1m a szakemberhi\u00e1ny ebben a pillanatban sem sz\u0171nt meg. A 2024-2025-\u00f6s \u00e9s a 2025-2026-os tan\u00e9v k\u00f6z\u00f6tti vak\u00e1ci\u00f3ban is folytat\u00f3dik a pedag\u00f3gusok keres\u00e9se.\u00a0 A Bel\u00fcgyminiszt\u00e9rium \u00e1ll\u00e1skeres\u0151 port\u00e1lj\u00e1n, a kozszolgallas.hu-n m\u00e9g k\u00e9t napon bel\u00fcl is \u00e9rz\u00e9kelhet\u0151 az a hull\u00e1mz\u00e1s, ami a pedag\u00f3gusszektort jellemzi. J\u00fanius 30-\u00e1n:<\/p>\n<ul>\n<li>1136 \u00e1ll\u00e1s j\u00f6tt fel a tan\u00e1r kulcssz\u00f3ra kattintva.<\/li>\n<li>A tan\u00edt\u00f3ra 533,<\/li>\n<li>\u00f3vodapedag\u00f3gusra 466,<\/li>\n<li>gy\u00f3gypedag\u00f3gusra 292,<\/li>\n<li>fejleszt\u0151 pedag\u00f3gusra 10,<\/li>\n<li>iskolapszichol\u00f3gusra 26 \u00e1ll\u00e1s volt l\u00e1that\u00f3.<\/li>\n<\/ul>\n<p>J\u00falius 1-j\u00e9n:<\/p>\n<ul>\n<li>tan\u00e1r kulcssz\u00f3ra azonban m\u00e1r 1086 \u00e1ll\u00e1s j\u00f6tt fel,<\/li>\n<li>tan\u00edt\u00f3ra 505,<\/li>\n<li>\u00f3vodapedag\u00f3gusra 445,<\/li>\n<li>gy\u00f3gypedag\u00f3gusra 295,<\/li>\n<li>fejleszt\u0151 pedag\u00f3gusra 9,<\/li>\n<li>iskolapszichol\u00f3gusra 25.<\/li>\n<\/ul>\n<p>\u00c9rdekess\u00e9gk\u00e9ppen: \u00e9pp egy \u00e9vvel ezel\u0151tt, tavaly j\u00faniusban 1063 f\u0151 tan\u00e1rt, 479 f\u0151 tan\u00edt\u00f3t, 461 f\u0151 \u00f3vodapedag\u00f3gust \u00e9s 266 f\u0151 gy\u00f3gypedag\u00f3gust kerestek. Azaz a tan\u00e1ri \u00e1ll\u00e1sok sz\u00e1ma n\u0151tt, m\u00edg a t\u00f6bbi halv\u00e1nyan cs\u00f6kkent.\u00a0 R\u00e9g\u00f3ta valid probl\u00e9ma a pedag\u00f3gushi\u00e1ny a magyar k\u00f6zoktat\u00e1sban, amit az is bizony\u00edt, hogy a tan\u00e9vz\u00e1r\u00f3t k\u00f6vet\u0151 napokban nem csak a Bel\u00fcgyminiszt\u00e9rium \u00e1ll\u00e1sport\u00e1lja, hanem m\u00e1s csatorn\u00e1kon is sz\u00e1mos \u00e1ll\u00e1shirdet\u00e9st tettek k\u00f6zz\u00e9 id\u00e9n is az \u00f3vod\u00e1k \u00e9s az iskol\u00e1k.<\/p>\n<p>M\u00edg a Pedag\u00f3gusok Demokratikus Szakszervezete (PDSZ) \u00e9s a Pedag\u00f3gusok Szakszervezete (PSZ) szerint j\u00f3val t\u00edzezer f\u0151 felett mozog a hi\u00e1nyz\u00f3 szakemberek sz\u00e1ma, addig a korm\u00e1ny t\u00f6bbsz\u00f6r kijelentette: a pedag\u00f3gushi\u00e1ny ennek csak a t\u00f6red\u00e9ke. Ugyanakkor \u00e1prilisban a N\u00e9pszava birtok\u00e1ba jutott a Sz\u00e1zadv\u00e9g elemz\u00e9s szerint mintha kezden\u00e9k \u0151k is bel\u00e1tni a probl\u00e9m\u00e1t.\u201e2010 \u00e9s 2016 k\u00f6z\u00f6tt a k\u00e9pes\u00edt\u00e9s n\u00e9lk\u00fcli tan\u00e1rok ar\u00e1nya az \u00e1ltal\u00e1nos iskol\u00e1kban \u00e9s a gimn\u00e1ziumokban sz\u00e1mottev\u0151en nem v\u00e1ltozott, azonban ezt k\u00f6vet\u0151en az indik\u00e1tor \u00e9rt\u00e9ke a megfigyelt tant\u00e1rgyak eset\u00e9ben (term\u00e9szettudom\u00e1nyi t\u00e1rgy, matematika, idegen nyelv) folyamatosan n\u0151\u201d \u2013 \u00edrt\u00e1k. Azt is elismert\u00e9k, hogy b\u00e1r Magyarorsz\u00e1gon kedvez\u0151 az egy tan\u00e1rra jut\u00f3 di\u00e1ksz\u00e1m ar\u00e1nya, \u00e1m e m\u00f6g\u00f6tt is a k\u00e9pes\u00edt\u00e9s n\u00e9lk\u00fcl tan\u00edt\u00f3 tan\u00e1rok magas sz\u00e1ma \u00e1llhat.<\/p>\n<p>Forr\u00e1s: <a href=\"https:\/\/mfor.hu\/cikkek\/oktatas\/alig-ert-veget-az-iskola-maris-ezer-felett-a-tanari-allashirdetesek-szama.html\" target=\"_blank\" rel=\"nofollow noopener noreferrer\">mfor.hu<\/a><\/p>\n","protected":false},"excerpt":{"rendered":"<p>Tov\u00e1bbra is gond a szakemberhi\u00e1ny az oktat\u00e1sban. Az \u00f3vod\u00e1k \u00e9s az iskol\u00e1k m\u00e1r k\u00f6zz\u00e9tett\u00e9k hirdet\u00e9seiket, ami bizony\u00edtja, hogy sok helyen hi\u00e1nyzik a pedag\u00f3gus. M\u00e9g csak most t\u00f6rt ki a ny\u00e1ri sz\u00fcnid\u0151 az iskol\u00e1soknak \u00e9s pedag\u00f3gusoknak, m\u00falt h\u00e9ten meg is tartott\u00e1k a tan\u00e9vz\u00e1r\u00f3kat, \u00e1m a szakemberhi\u00e1ny ebben a pillanatban sem sz\u0171nt meg. A 2024-2025-\u00f6s \u00e9s a [&hellip;]<\/p>\n","protected":false},"author":1,"featured_media":8562,"comment_status":"closed","ping_status":"closed","sticky":false,"template":"","format":"standard","meta":{"_monsterinsights_skip_tracking":false,"footnotes":""},"categories":[200],"tags":[],"class_list":["post-8561","post","type-post","status-publish","format-standard","has-post-thumbnail","hentry","category-munkaeropiac"],"aioseo_notices":[],"aioseo_head":"\n\t\t<!-- All in One SEO 5.0.0.1 - aioseo.com -->\n\t<meta name=\"description\" content=\"Tov\u00e1bbra is gond a szakemberhi\u00e1ny az oktat\u00e1sban. Az \u00f3vod\u00e1k \u00e9s az iskol\u00e1k m\u00e1r k\u00f6zz\u00e9tett\u00e9k hirdet\u00e9seiket, ami bizony\u00edtja, hogy sok helyen hi\u00e1nyzik a pedag\u00f3gus.\" \/>\n\t<meta name=\"robots\" content=\"max-image-preview:large\" \/>\n\t<meta name=\"author\" content=\"Juh\u00e1sz P\u00e9ter\"\/>\n\t<link rel=\"canonical\" href=\"https:\/\/allasorias.hu\/hirek\/meg-mindig-sok-pedagogus-hianyzik-a-rendszerbol\/\" \/>\n\t<meta name=\"generator\" content=\"All in One SEO (AIOSEO) 5.0.0.1\" \/>\n\t\t<meta property=\"og:locale\" content=\"hu_HU\" \/>\n\t\t<meta property=\"og:site_name\" content=\"AllasOrias.hu | H\u00edrek-lapszemle | \u00dczleti h\u00edrek az \u00e1ll\u00e1s \u00e9s a munka vil\u00e1g\u00e1b\u00f3l\" \/>\n\t\t<meta property=\"og:type\" content=\"article\" \/>\n\t\t<meta property=\"og:title\" content=\"Tov\u00e1bbra is sok pedag\u00f3gus hi\u00e1nyzik a rendszerb\u0151l\" \/>\n\t\t<meta property=\"og:description\" content=\"Tov\u00e1bbra is gond a szakemberhi\u00e1ny az oktat\u00e1sban. Az \u00f3vod\u00e1k \u00e9s az iskol\u00e1k m\u00e1r k\u00f6zz\u00e9tett\u00e9k hirdet\u00e9seiket, ami bizony\u00edtja, hogy sok helyen hi\u00e1nyzik a pedag\u00f3gus.\" \/>\n\t\t<meta property=\"og:url\" content=\"https:\/\/allasorias.hu\/hirek\/meg-mindig-sok-pedagogus-hianyzik-a-rendszerbol\/\" \/>\n\t\t<meta property=\"og:image\" content=\"https:\/\/allasorias.hu\/hirek\/wp-content\/uploads\/2025\/07\/tanarhiany-2025.jpg\" \/>\n\t\t<meta property=\"og:image:secure_url\" content=\"https:\/\/allasorias.hu\/hirek\/wp-content\/uploads\/2025\/07\/tanarhiany-2025.jpg\" \/>\n\t\t<meta property=\"og:image:width\" content=\"1920\" \/>\n\t\t<meta property=\"og:image:height\" content=\"1280\" \/>\n\t\t<meta property=\"article:published_time\" content=\"2025-07-02T07:26:44+00:00\" \/>\n\t\t<meta property=\"article:modified_time\" content=\"2025-07-02T07:26:44+00:00\" \/>\n\t\t<meta property=\"article:publisher\" content=\"https:\/\/www.facebook.com\/allasorias\" \/>\n\t\t<meta name=\"twitter:card\" content=\"summary_large_image\" \/>\n\t\t<meta name=\"twitter:title\" content=\"Tov\u00e1bbra is sok pedag\u00f3gus hi\u00e1nyzik a rendszerb\u0151l\" \/>\n\t\t<meta name=\"twitter:description\" content=\"Tov\u00e1bbra is gond a szakemberhi\u00e1ny az oktat\u00e1sban. Az \u00f3vod\u00e1k \u00e9s az iskol\u00e1k m\u00e1r k\u00f6zz\u00e9tett\u00e9k hirdet\u00e9seiket, ami bizony\u00edtja, hogy sok helyen hi\u00e1nyzik a pedag\u00f3gus.\" \/>\n\t\t<meta name=\"twitter:image\" content=\"https:\/\/allasorias.hu\/hirek\/wp-content\/uploads\/2025\/07\/tanarhiany-2025.jpg\" \/>\n\t\t<meta name=\"twitter:label1\" content=\"Written by\" \/>\n\t\t<meta name=\"twitter:data1\" content=\"Juh\u00e1sz P\u00e9ter\" \/>\n\t\t<meta name=\"twitter:label2\" content=\"Est. reading time\" \/>\n\t\t<meta name=\"twitter:data2\" content=\"2 minutes\" \/>\n\t\t<script type=\"application\/ld+json\" class=\"aioseo-schema\">\n\t\t\t{\"@context\":\"https:\\\/\\\/schema.org\",\"@graph\":[{\"@type\":\"Article\",\"@id\":\"https:\\\/\\\/allasorias.hu\\\/hirek\\\/meg-mindig-sok-pedagogus-hianyzik-a-rendszerbol\\\/#article\",\"name\":\"Tov\\u00e1bbra is sok pedag\\u00f3gus hi\\u00e1nyzik a rendszerb\\u0151l\",\"headline\":\"M\\u00e9g mindig sok pedag\\u00f3gus hi\\u00e1nyzik a rendszerb\\u0151l\",\"author\":{\"@id\":\"https:\\\/\\\/allasorias.hu\\\/hirek\\\/author\\\/admin-allasorias\\\/#author\"},\"publisher\":{\"@id\":\"https:\\\/\\\/allasorias.hu\\\/hirek\\\/#organization\"},\"image\":{\"@type\":\"ImageObject\",\"url\":\"https:\\\/\\\/allasorias.hu\\\/hirek\\\/wp-content\\\/uploads\\\/2025\\\/07\\\/tanarhiany-2025.jpg\",\"width\":1920,\"height\":1280,\"caption\":\"M\\u00e9g mindig sok pedag\\u00f3gus hi\\u00e1nyzik a rendszerb\\u0151l - Allasorias.hu\\\/Hirek\"},\"datePublished\":\"2025-07-02T09:26:44+02:00\",\"dateModified\":\"2025-07-02T09:26:44+02:00\",\"inLanguage\":\"hu-HU\",\"mainEntityOfPage\":{\"@id\":\"https:\\\/\\\/allasorias.hu\\\/hirek\\\/meg-mindig-sok-pedagogus-hianyzik-a-rendszerbol\\\/#webpage\"},\"isPartOf\":{\"@id\":\"https:\\\/\\\/allasorias.hu\\\/hirek\\\/meg-mindig-sok-pedagogus-hianyzik-a-rendszerbol\\\/#webpage\"},\"articleSection\":\"Munkaer\\u0151piac\"},{\"@type\":\"BreadcrumbList\",\"@id\":\"https:\\\/\\\/allasorias.hu\\\/hirek\\\/meg-mindig-sok-pedagogus-hianyzik-a-rendszerbol\\\/#breadcrumblist\",\"itemListElement\":[{\"@type\":\"ListItem\",\"@id\":\"https:\\\/\\\/allasorias.hu\\\/hirek#listItem\",\"position\":1,\"name\":\"Home\",\"item\":\"https:\\\/\\\/allasorias.hu\\\/hirek\",\"nextItem\":{\"@type\":\"ListItem\",\"@id\":\"https:\\\/\\\/allasorias.hu\\\/hirek\\\/temak\\\/munkaeropiac\\\/#listItem\",\"name\":\"Munkaer\\u0151piac\"}},{\"@type\":\"ListItem\",\"@id\":\"https:\\\/\\\/allasorias.hu\\\/hirek\\\/temak\\\/munkaeropiac\\\/#listItem\",\"position\":2,\"name\":\"Munkaer\\u0151piac\",\"item\":\"https:\\\/\\\/allasorias.hu\\\/hirek\\\/temak\\\/munkaeropiac\\\/\",\"nextItem\":{\"@type\":\"ListItem\",\"@id\":\"https:\\\/\\\/allasorias.hu\\\/hirek\\\/meg-mindig-sok-pedagogus-hianyzik-a-rendszerbol\\\/#listItem\",\"name\":\"M\\u00e9g mindig sok pedag\\u00f3gus hi\\u00e1nyzik a rendszerb\\u0151l\"},\"previousItem\":{\"@type\":\"ListItem\",\"@id\":\"https:\\\/\\\/allasorias.hu\\\/hirek#listItem\",\"name\":\"Home\"}},{\"@type\":\"ListItem\",\"@id\":\"https:\\\/\\\/allasorias.hu\\\/hirek\\\/meg-mindig-sok-pedagogus-hianyzik-a-rendszerbol\\\/#listItem\",\"position\":3,\"name\":\"M\\u00e9g mindig sok pedag\\u00f3gus hi\\u00e1nyzik a rendszerb\\u0151l\",\"previousItem\":{\"@type\":\"ListItem\",\"@id\":\"https:\\\/\\\/allasorias.hu\\\/hirek\\\/temak\\\/munkaeropiac\\\/#listItem\",\"name\":\"Munkaer\\u0151piac\"}}]},{\"@type\":\"Organization\",\"@id\":\"https:\\\/\\\/allasorias.hu\\\/hirek\\\/#organization\",\"name\":\"AllasOrias.hu | H\\u00edrek-lapszemle\",\"description\":\"\\u00dczleti h\\u00edrek az \\u00e1ll\\u00e1s \\u00e9s a munka vil\\u00e1g\\u00e1b\\u00f3l\",\"url\":\"https:\\\/\\\/allasorias.hu\\\/hirek\\\/\",\"logo\":{\"@type\":\"ImageObject\",\"url\":\"https:\\\/\\\/allasorias.hu\\\/hirek\\\/wp-content\\\/uploads\\\/2022\\\/10\\\/allasorias_site_facebok_logo.png\",\"@id\":\"https:\\\/\\\/allasorias.hu\\\/hirek\\\/meg-mindig-sok-pedagogus-hianyzik-a-rendszerbol\\\/#organizationLogo\"},\"image\":{\"@id\":\"https:\\\/\\\/allasorias.hu\\\/hirek\\\/meg-mindig-sok-pedagogus-hianyzik-a-rendszerbol\\\/#organizationLogo\"},\"sameAs\":[\"https:\\\/\\\/www.facebook.com\\\/allasorias\",\"https:\\\/\\\/www.linkedin.com\\\/company\\\/allasorias\"]},{\"@type\":\"Person\",\"@id\":\"https:\\\/\\\/allasorias.hu\\\/hirek\\\/author\\\/admin-allasorias\\\/#author\",\"url\":\"https:\\\/\\\/allasorias.hu\\\/hirek\\\/author\\\/admin-allasorias\\\/\",\"name\":\"Juh\\u00e1sz P\\u00e9ter\",\"image\":{\"@type\":\"ImageObject\",\"@id\":\"https:\\\/\\\/allasorias.hu\\\/hirek\\\/meg-mindig-sok-pedagogus-hianyzik-a-rendszerbol\\\/#authorImage\",\"url\":\"https:\\\/\\\/secure.gravatar.com\\\/avatar\\\/36e6bcb83148978b992977cb0f54d22feb0cce8a0a849a9410532bb2623ba4c6?s=96&d=mm&r=g\",\"width\":96,\"height\":96,\"caption\":\"Juh\\u00e1sz P\\u00e9ter\"}},{\"@type\":\"WebPage\",\"@id\":\"https:\\\/\\\/allasorias.hu\\\/hirek\\\/meg-mindig-sok-pedagogus-hianyzik-a-rendszerbol\\\/#webpage\",\"url\":\"https:\\\/\\\/allasorias.hu\\\/hirek\\\/meg-mindig-sok-pedagogus-hianyzik-a-rendszerbol\\\/\",\"name\":\"Tov\\u00e1bbra is sok pedag\\u00f3gus hi\\u00e1nyzik a rendszerb\\u0151l\",\"description\":\"Tov\\u00e1bbra is gond a szakemberhi\\u00e1ny az oktat\\u00e1sban. Az \\u00f3vod\\u00e1k \\u00e9s az iskol\\u00e1k m\\u00e1r k\\u00f6zz\\u00e9tett\\u00e9k hirdet\\u00e9seiket, ami bizony\\u00edtja, hogy sok helyen hi\\u00e1nyzik a pedag\\u00f3gus.\",\"inLanguage\":\"hu-HU\",\"isPartOf\":{\"@id\":\"https:\\\/\\\/allasorias.hu\\\/hirek\\\/#website\"},\"breadcrumb\":{\"@id\":\"https:\\\/\\\/allasorias.hu\\\/hirek\\\/meg-mindig-sok-pedagogus-hianyzik-a-rendszerbol\\\/#breadcrumblist\"},\"author\":{\"@id\":\"https:\\\/\\\/allasorias.hu\\\/hirek\\\/author\\\/admin-allasorias\\\/#author\"},\"creator\":{\"@id\":\"https:\\\/\\\/allasorias.hu\\\/hirek\\\/author\\\/admin-allasorias\\\/#author\"},\"image\":{\"@type\":\"ImageObject\",\"url\":\"https:\\\/\\\/allasorias.hu\\\/hirek\\\/wp-content\\\/uploads\\\/2025\\\/07\\\/tanarhiany-2025.jpg\",\"@id\":\"https:\\\/\\\/allasorias.hu\\\/hirek\\\/meg-mindig-sok-pedagogus-hianyzik-a-rendszerbol\\\/#mainImage\",\"width\":1920,\"height\":1280,\"caption\":\"M\\u00e9g mindig sok pedag\\u00f3gus hi\\u00e1nyzik a rendszerb\\u0151l - Allasorias.hu\\\/Hirek\"},\"primaryImageOfPage\":{\"@id\":\"https:\\\/\\\/allasorias.hu\\\/hirek\\\/meg-mindig-sok-pedagogus-hianyzik-a-rendszerbol\\\/#mainImage\"},\"datePublished\":\"2025-07-02T09:26:44+02:00\",\"dateModified\":\"2025-07-02T09:26:44+02:00\"},{\"@type\":\"WebSite\",\"@id\":\"https:\\\/\\\/allasorias.hu\\\/hirek\\\/#website\",\"url\":\"https:\\\/\\\/allasorias.hu\\\/hirek\\\/\",\"name\":\"AllasOrias.hu | H\\u00edrek-lapszemle\",\"description\":\"\\u00dczleti h\\u00edrek az \\u00e1ll\\u00e1s \\u00e9s a munka vil\\u00e1g\\u00e1b\\u00f3l\",\"inLanguage\":\"hu-HU\",\"publisher\":{\"@id\":\"https:\\\/\\\/allasorias.hu\\\/hirek\\\/#organization\"}}]}\n\t\t<\/script>\n\t\t<!-- All in One SEO -->\n\n","aioseo_head_json":{"title":"Tov\u00e1bbra is sok pedag\u00f3gus hi\u00e1nyzik a rendszerb\u0151l","description":"Tov\u00e1bbra is gond a szakemberhi\u00e1ny az oktat\u00e1sban. Az \u00f3vod\u00e1k \u00e9s az iskol\u00e1k m\u00e1r k\u00f6zz\u00e9tett\u00e9k hirdet\u00e9seiket, ami bizony\u00edtja, hogy sok helyen hi\u00e1nyzik a pedag\u00f3gus.","canonical_url":"https:\/\/allasorias.hu\/hirek\/meg-mindig-sok-pedagogus-hianyzik-a-rendszerbol\/","robots":"max-image-preview:large","keywords":"","webmasterTools":{"miscellaneous":""},"schema":{"@context":"https:\/\/schema.org","@graph":[{"@type":"Article","@id":"https:\/\/allasorias.hu\/hirek\/meg-mindig-sok-pedagogus-hianyzik-a-rendszerbol\/#article","name":"Tov\u00e1bbra is sok pedag\u00f3gus hi\u00e1nyzik a rendszerb\u0151l","headline":"M\u00e9g mindig sok pedag\u00f3gus hi\u00e1nyzik a rendszerb\u0151l","author":{"@id":"https:\/\/allasorias.hu\/hirek\/author\/admin-allasorias\/#author"},"publisher":{"@id":"https:\/\/allasorias.hu\/hirek\/#organization"},"image":{"@type":"ImageObject","url":"https:\/\/allasorias.hu\/hirek\/wp-content\/uploads\/2025\/07\/tanarhiany-2025.jpg","width":1920,"height":1280,"caption":"M\u00e9g mindig sok pedag\u00f3gus hi\u00e1nyzik a rendszerb\u0151l - Allasorias.hu\/Hirek"},"datePublished":"2025-07-02T09:26:44+02:00","dateModified":"2025-07-02T09:26:44+02:00","inLanguage":"hu-HU","mainEntityOfPage":{"@id":"https:\/\/allasorias.hu\/hirek\/meg-mindig-sok-pedagogus-hianyzik-a-rendszerbol\/#webpage"},"isPartOf":{"@id":"https:\/\/allasorias.hu\/hirek\/meg-mindig-sok-pedagogus-hianyzik-a-rendszerbol\/#webpage"},"articleSection":"Munkaer\u0151piac"},{"@type":"BreadcrumbList","@id":"https:\/\/allasorias.hu\/hirek\/meg-mindig-sok-pedagogus-hianyzik-a-rendszerbol\/#breadcrumblist","itemListElement":[{"@type":"ListItem","@id":"https:\/\/allasorias.hu\/hirek#listItem","position":1,"name":"Home","item":"https:\/\/allasorias.hu\/hirek","nextItem":{"@type":"ListItem","@id":"https:\/\/allasorias.hu\/hirek\/temak\/munkaeropiac\/#listItem","name":"Munkaer\u0151piac"}},{"@type":"ListItem","@id":"https:\/\/allasorias.hu\/hirek\/temak\/munkaeropiac\/#listItem","position":2,"name":"Munkaer\u0151piac","item":"https:\/\/allasorias.hu\/hirek\/temak\/munkaeropiac\/","nextItem":{"@type":"ListItem","@id":"https:\/\/allasorias.hu\/hirek\/meg-mindig-sok-pedagogus-hianyzik-a-rendszerbol\/#listItem","name":"M\u00e9g mindig sok pedag\u00f3gus hi\u00e1nyzik a rendszerb\u0151l"},"previousItem":{"@type":"ListItem","@id":"https:\/\/allasorias.hu\/hirek#listItem","name":"Home"}},{"@type":"ListItem","@id":"https:\/\/allasorias.hu\/hirek\/meg-mindig-sok-pedagogus-hianyzik-a-rendszerbol\/#listItem","position":3,"name":"M\u00e9g mindig sok pedag\u00f3gus hi\u00e1nyzik a rendszerb\u0151l","previousItem":{"@type":"ListItem","@id":"https:\/\/allasorias.hu\/hirek\/temak\/munkaeropiac\/#listItem","name":"Munkaer\u0151piac"}}]},{"@type":"Organization","@id":"https:\/\/allasorias.hu\/hirek\/#organization","name":"AllasOrias.hu | H\u00edrek-lapszemle","description":"\u00dczleti h\u00edrek az \u00e1ll\u00e1s \u00e9s a munka vil\u00e1g\u00e1b\u00f3l","url":"https:\/\/allasorias.hu\/hirek\/","logo":{"@type":"ImageObject","url":"https:\/\/allasorias.hu\/hirek\/wp-content\/uploads\/2022\/10\/allasorias_site_facebok_logo.png","@id":"https:\/\/allasorias.hu\/hirek\/meg-mindig-sok-pedagogus-hianyzik-a-rendszerbol\/#organizationLogo"},"image":{"@id":"https:\/\/allasorias.hu\/hirek\/meg-mindig-sok-pedagogus-hianyzik-a-rendszerbol\/#organizationLogo"},"sameAs":["https:\/\/www.facebook.com\/allasorias","https:\/\/www.linkedin.com\/company\/allasorias"]},{"@type":"Person","@id":"https:\/\/allasorias.hu\/hirek\/author\/admin-allasorias\/#author","url":"https:\/\/allasorias.hu\/hirek\/author\/admin-allasorias\/","name":"Juh\u00e1sz P\u00e9ter","image":{"@type":"ImageObject","@id":"https:\/\/allasorias.hu\/hirek\/meg-mindig-sok-pedagogus-hianyzik-a-rendszerbol\/#authorImage","url":"https:\/\/secure.gravatar.com\/avatar\/36e6bcb83148978b992977cb0f54d22feb0cce8a0a849a9410532bb2623ba4c6?s=96&d=mm&r=g","width":96,"height":96,"caption":"Juh\u00e1sz P\u00e9ter"}},{"@type":"WebPage","@id":"https:\/\/allasorias.hu\/hirek\/meg-mindig-sok-pedagogus-hianyzik-a-rendszerbol\/#webpage","url":"https:\/\/allasorias.hu\/hirek\/meg-mindig-sok-pedagogus-hianyzik-a-rendszerbol\/","name":"Tov\u00e1bbra is sok pedag\u00f3gus hi\u00e1nyzik a rendszerb\u0151l","description":"Tov\u00e1bbra is gond a szakemberhi\u00e1ny az oktat\u00e1sban. Az \u00f3vod\u00e1k \u00e9s az iskol\u00e1k m\u00e1r k\u00f6zz\u00e9tett\u00e9k hirdet\u00e9seiket, ami bizony\u00edtja, hogy sok helyen hi\u00e1nyzik a pedag\u00f3gus.","inLanguage":"hu-HU","isPartOf":{"@id":"https:\/\/allasorias.hu\/hirek\/#website"},"breadcrumb":{"@id":"https:\/\/allasorias.hu\/hirek\/meg-mindig-sok-pedagogus-hianyzik-a-rendszerbol\/#breadcrumblist"},"author":{"@id":"https:\/\/allasorias.hu\/hirek\/author\/admin-allasorias\/#author"},"creator":{"@id":"https:\/\/allasorias.hu\/hirek\/author\/admin-allasorias\/#author"},"image":{"@type":"ImageObject","url":"https:\/\/allasorias.hu\/hirek\/wp-content\/uploads\/2025\/07\/tanarhiany-2025.jpg","@id":"https:\/\/allasorias.hu\/hirek\/meg-mindig-sok-pedagogus-hianyzik-a-rendszerbol\/#mainImage","width":1920,"height":1280,"caption":"M\u00e9g mindig sok pedag\u00f3gus hi\u00e1nyzik a rendszerb\u0151l - Allasorias.hu\/Hirek"},"primaryImageOfPage":{"@id":"https:\/\/allasorias.hu\/hirek\/meg-mindig-sok-pedagogus-hianyzik-a-rendszerbol\/#mainImage"},"datePublished":"2025-07-02T09:26:44+02:00","dateModified":"2025-07-02T09:26:44+02:00"},{"@type":"WebSite","@id":"https:\/\/allasorias.hu\/hirek\/#website","url":"https:\/\/allasorias.hu\/hirek\/","name":"AllasOrias.hu | H\u00edrek-lapszemle","description":"\u00dczleti h\u00edrek az \u00e1ll\u00e1s \u00e9s a munka vil\u00e1g\u00e1b\u00f3l","inLanguage":"hu-HU","publisher":{"@id":"https:\/\/allasorias.hu\/hirek\/#organization"}}]},"og:locale":"hu_HU","og:site_name":"AllasOrias.hu | H\u00edrek-lapszemle | \u00dczleti h\u00edrek az \u00e1ll\u00e1s \u00e9s a munka vil\u00e1g\u00e1b\u00f3l","og:type":"article","og:title":"Tov\u00e1bbra is sok pedag\u00f3gus hi\u00e1nyzik a rendszerb\u0151l","og:description":"Tov\u00e1bbra is gond a szakemberhi\u00e1ny az oktat\u00e1sban. Az \u00f3vod\u00e1k \u00e9s az iskol\u00e1k m\u00e1r k\u00f6zz\u00e9tett\u00e9k hirdet\u00e9seiket, ami bizony\u00edtja, hogy sok helyen hi\u00e1nyzik a pedag\u00f3gus.","og:url":"https:\/\/allasorias.hu\/hirek\/meg-mindig-sok-pedagogus-hianyzik-a-rendszerbol\/","og:image":"https:\/\/allasorias.hu\/hirek\/wp-content\/uploads\/2025\/07\/tanarhiany-2025.jpg","og:image:secure_url":"https:\/\/allasorias.hu\/hirek\/wp-content\/uploads\/2025\/07\/tanarhiany-2025.jpg","og:image:width":1920,"og:image:height":1280,"article:published_time":"2025-07-02T07:26:44+00:00","article:modified_time":"2025-07-02T07:26:44+00:00","article:publisher":"https:\/\/www.facebook.com\/allasorias","twitter:card":"summary_large_image","twitter:title":"Tov\u00e1bbra is sok pedag\u00f3gus hi\u00e1nyzik a rendszerb\u0151l","twitter:description":"Tov\u00e1bbra is gond a szakemberhi\u00e1ny az oktat\u00e1sban. Az \u00f3vod\u00e1k \u00e9s az iskol\u00e1k m\u00e1r k\u00f6zz\u00e9tett\u00e9k hirdet\u00e9seiket, ami bizony\u00edtja, hogy sok helyen hi\u00e1nyzik a pedag\u00f3gus.","twitter:image":"https:\/\/allasorias.hu\/hirek\/wp-content\/uploads\/2025\/07\/tanarhiany-2025.jpg","twitter:label1":"Written by","twitter:data1":"Juh\u00e1sz P\u00e9ter","twitter:label2":"Est. reading time","twitter:data2":"2 minutes"},"aioseo_meta_data":{"post_id":"8561","title":"Tov\u00e1bbra is sok pedag\u00f3gus hi\u00e1nyzik a rendszerb\u0151l","description":"Tov\u00e1bbra is gond a szakemberhi\u00e1ny az oktat\u00e1sban. Az \u00f3vod\u00e1k \u00e9s az iskol\u00e1k m\u00e1r k\u00f6zz\u00e9tett\u00e9k hirdet\u00e9seiket, ami bizony\u00edtja, hogy sok helyen hi\u00e1nyzik a pedag\u00f3gus.","keywords":null,"keyphrases":{"focus":{"keyphrase":"","score":0,"analysis":{"keyphraseInTitle":{"score":0,"maxScore":9,"error":1}}},"additional":[]},"primary_term":null,"canonical_url":null,"og_title":null,"og_description":null,"og_object_type":"default","og_image_type":"default","og_image_url":null,"og_image_width":null,"og_image_height":null,"og_image_custom_url":null,"og_image_custom_fields":null,"og_video":"","og_custom_url":null,"og_article_section":null,"og_article_tags":null,"twitter_use_og":true,"twitter_card":"default","twitter_image_type":"default","twitter_image_url":null,"twitter_image_custom_url":null,"twitter_image_custom_fields":null,"twitter_title":null,"twitter_description":null,"schema":{"blockGraphs":[],"customGraphs":[],"default":{"data":{"Article":[],"Course":[],"Dataset":[],"FAQPage":[],"Movie":[],"Person":[],"Product":[],"ProductReview":[],"Car":[],"Recipe":[],"Service":[],"SoftwareApplication":[],"WebPage":[]},"graphName":"Article","isEnabled":true},"graphs":[]},"schema_type":"default","schema_type_options":null,"pillar_content":false,"robots_default":true,"robots_noindex":false,"robots_noarchive":false,"robots_nosnippet":false,"robots_nofollow":false,"robots_noimageindex":false,"robots_noodp":false,"robots_notranslate":false,"robots_max_snippet":"-1","robots_max_videopreview":"-1","robots_max_imagepreview":"large","priority":null,"frequency":"default","location":null,"local_seo":null,"breadcrumb_settings":null,"limit_modified_date":false,"ai":null,"created":"2025-07-02 07:19:36","updated":"2025-10-02 21:21:32","seo_analyzer_scan_date":null,"focus_keyword":null,"additional_keywords":null,"truseo_locale":null},"aioseo_breadcrumb":"<div class=\"aioseo-breadcrumbs\"><span class=\"aioseo-breadcrumb\">\n\t\t\t<a href=\"https:\/\/allasorias.hu\/hirek\" title=\"Home\">Home<\/a>\n\t\t<\/span><span class=\"aioseo-breadcrumb-separator\">&raquo;<\/span><span class=\"aioseo-breadcrumb\">\n\t\t\t<a href=\"https:\/\/allasorias.hu\/hirek\/temak\/munkaeropiac\/\" title=\"Munkaer\u0151piac\">Munkaer\u0151piac<\/a>\n\t\t<\/span><span class=\"aioseo-breadcrumb-separator\">&raquo;<\/span><span class=\"aioseo-breadcrumb\">\n\t\t\tM\u00e9g mindig sok pedag\u00f3gus hi\u00e1nyzik a rendszerb\u0151l\n\t\t<\/span><\/div>","aioseo_breadcrumb_json":[{"label":"Home","link":"https:\/\/allasorias.hu\/hirek"},{"label":"Munkaer\u0151piac","link":"https:\/\/allasorias.hu\/hirek\/temak\/munkaeropiac\/"},{"label":"M\u00e9g mindig sok pedag\u00f3gus hi\u00e1nyzik a rendszerb\u0151l","link":"https:\/\/allasorias.hu\/hirek\/meg-mindig-sok-pedagogus-hianyzik-a-rendszerbol\/"}],"_links":{"self":[{"href":"https:\/\/allasorias.hu\/hirek\/wp-json\/wp\/v2\/posts\/8561","targetHints":{"allow":["GET"]}}],"collection":[{"href":"https:\/\/allasorias.hu\/hirek\/wp-json\/wp\/v2\/posts"}],"about":[{"href":"https:\/\/allasorias.hu\/hirek\/wp-json\/wp\/v2\/types\/post"}],"author":[{"embeddable":true,"href":"https:\/\/allasorias.hu\/hirek\/wp-json\/wp\/v2\/users\/1"}],"replies":[{"embeddable":true,"href":"https:\/\/allasorias.hu\/hirek\/wp-json\/wp\/v2\/comments?post=8561"}],"version-history":[{"count":1,"href":"https:\/\/allasorias.hu\/hirek\/wp-json\/wp\/v2\/posts\/8561\/revisions"}],"predecessor-version":[{"id":8563,"href":"https:\/\/allasorias.hu\/hirek\/wp-json\/wp\/v2\/posts\/8561\/revisions\/8563"}],"wp:featuredmedia":[{"embeddable":true,"href":"https:\/\/allasorias.hu\/hirek\/wp-json\/wp\/v2\/media\/8562"}],"wp:attachment":[{"href":"https:\/\/allasorias.hu\/hirek\/wp-json\/wp\/v2\/media?parent=8561"}],"wp:term":[{"taxonomy":"category","embeddable":true,"href":"https:\/\/allasorias.hu\/hirek\/wp-json\/wp\/v2\/categories?post=8561"},{"taxonomy":"post_tag","embeddable":true,"href":"https:\/\/allasorias.hu\/hirek\/wp-json\/wp\/v2\/tags?post=8561"}],"curies":[{"name":"wp","href":"https:\/\/api.w.org\/{rel}","templated":true}]}}