{"id":8541,"date":"2025-06-20T09:05:55","date_gmt":"2025-06-20T07:05:55","guid":{"rendered":"https:\/\/allasorias.hu\/hirek\/?p=8541"},"modified":"2025-06-20T09:05:55","modified_gmt":"2025-06-20T07:05:55","slug":"kilottek-a-berek-egyes-szektorokban","status":"publish","type":"post","link":"https:\/\/allasorias.hu\/hirek\/kilottek-a-berek-egyes-szektorokban\/","title":{"rendered":"Kil\u0151ttek a b\u00e9rek egyes szektorokban"},"content":{"rendered":"<p><strong>Egyes szektorokban j\u00f3csk\u00e1n megemelkedett a fizet\u00e9s haz\u00e1nkban, m\u00edg az \u00e9p\u00edt\u0151iparban, a mez\u0151gazdas\u00e1gban \u00e9s a vend\u00e9gl\u00e1t\u00e1s szektorban nem fizetik t\u00fal a dolgoz\u00f3kat. <\/strong><\/p>\n<p>A p\u00e9nz\u00fcgyi szektor mellett az energiaipar \u00e9s az infokommunik\u00e1ci\u00f3 is az \u00e9lmez\u0151nybe ker\u00fclt &#8211; der\u00fcl ki a vg.hu cikk\u00e9b\u0151l. M\u00e1r h\u00e1rom szektorban is egymilli\u00f3 felett az \u00e1tlagb\u00e9r- A K\u00f6zponti Statisztikai Hivatal legut\u00f3bbi adatai szerint \u00e1prilisban a brutt\u00f3 \u00e1tlagkereset 9,8 sz\u00e1zal\u00e9kkal, 708 300 forintra, m\u00edg a nett\u00f3 9,6 sz\u00e1zal\u00e9kkal, 486 500 forintra emelkedett az el\u0151z\u0151 \u00e9v azonos id\u0151szak\u00e1hoz k\u00e9pest. A vg.hu a r\u00e9szletes adatokat is megvizsg\u00e1lta: \u00c1prilisban a KSH \u00e1ltal ismertetett 19 nemzetgazdas\u00e1gi szektorb\u00f3l h\u00e1romban is egymilli\u00f3 forint f\u00f6l\u00f6tt volt a brutt\u00f3 \u00e1tlagkereset, r\u00e1ad\u00e1sul ez m\u00e1r a m\u00e1sodik h\u00f3nap, amikor ezt m\u00e9rik a statisztikusok.<\/p>\n<p>Mint mindig, tov\u00e1bbra is a p\u00e9nz\u00fcgyi szolg\u00e1ltat\u00e1s szektorban, azaz a bankszf\u00e9r\u00e1ban lehet a legjobban keresni, ahol \u00e1prilisban 1 milli\u00f3 306 ezer forint volt a brutt\u00f3 \u00e1tlagkereset, ugyanez az inform\u00e1ci\u00f3, kommunik\u00e1ci\u00f3 \u00e1gazatban 1 milli\u00f3 145 ezer forint, m\u00edg az energiaiparban 1 milli\u00f3 111 ezer forint. Tavaly az egymilli\u00f3 f\u00f6l\u00f6tti kateg\u00f3ri\u00e1ban a bankszf\u00e9ra \u00e9s a m\u00e9dia\u00e1gazat \u00e1tlagfizet\u00e9sei voltak, teh\u00e1t ehhez a sz\u0171k k\u00f6rh\u00f6z csatlakozott most az energiaipar, ahol \u00e1prilisban a legmagasabb, 26,4 sz\u00e1zal\u00e9kkal keresetn\u00f6veked\u00e9st m\u00e9rte a KSH.<\/p>\n<p>Ut\u00e1na a v\u00edzgazd\u00e1lkod\u00e1sban (20,0 sz\u00e1zal\u00e9k) \u00e9s az oktat\u00e1sban (18,7 sz\u00e1zal\u00e9k) emelkedett az \u00e1tlagkeresetek \u00e9rt\u00e9ke, m\u00edg a legkisebb emelked\u00e9s az eg\u00e9szs\u00e9g\u00fcgyi, szoci\u00e1lis ell\u00e1t\u00e1sban (2,1 sz\u00e1zal\u00e9k) \u00e9s a b\u00e1ny\u00e1szatban (5,5 sz\u00e1zal\u00e9k) t\u00f6rt\u00e9nt. Ami a lista m\u00e1sik v\u00e9g\u00e9t illeti, az \u00e9p\u00edt\u0151iparban, a mez\u0151gazdas\u00e1gban \u00e9s a vend\u00e9gl\u00e1t\u00e1s szektorban finoman sz\u00f3lva sem fizetik t\u00fal a munkav\u00e1llal\u00f3kat: az \u00e9p\u00edt\u0151iparban \u00e9s az agr\u00e1riumban is 536 ezer forint a brutt\u00f3 \u00e1tlagb\u00e9r most \u00e1prilisban, a vend\u00e9gl\u00e1t\u00f3iparban pedig mind\u00f6ssze 455 ezer forint.<\/p>\n<p>A legjobban keres\u0151 foglalkoz\u00e1s tov\u00e1bbra is a l\u00e9gi forgalmi ir\u00e1ny\u00edt\u00f3k\u00e9: 2024-ben \u00e1tlagosan 3,42 milli\u00f3 forintot kerestek havonta, ami 28%-os, azaz 750 ezer forintos emelked\u00e9s 2023-hoz k\u00e9pest a HungaroControln\u00e1l. Meg\u0151rizt\u00e9k m\u00e1sodik poz\u00edci\u00f3jukat a l\u00e9gij\u00e1rm\u0171-vezet\u0151k, illetve haj\u00f3z\u00f3m\u00e9rn\u00f6k\u00f6k. A lista harmadik hely\u00e9re ugyanakkor a t\u00f6rv\u00e9nyhoz\u00f3k, miniszterek \u00e9s \u00e1llamtitk\u00e1rok futottak be, miut\u00e1n a brutt\u00f3 \u00e1tlagkereset\u00fck mintegy 300 ezer forinttal, 2 263 869 forintra emelkedett 2023-hoz k\u00e9pest. Egyre t\u00f6bb szakm\u00e1ban l\u00e9pi \u00e1t az egymilli\u00f3 forintot a brutt\u00f3 \u00e1tlagkereset, m\u00edg 2023-ban 46 ilyen foglalkoz\u00e1s volt Magyarorsz\u00e1gon, addig 2024-ben m\u00e1r 64.<\/p>\n<p>Forr\u00e1s: <a href=\"https:\/\/www.hrportal.hu\/hr\/egymillios-fizetesek-a-magyar-munkaeropiacon-mutatjuk-hol-eri-meg-dolgozni-20250619.html\" target=\"_blank\" rel=\"nofollow noopener noreferrer\">hrportal.hu<\/a><\/p>\n","protected":false},"excerpt":{"rendered":"<p>Egyes szektorokban j\u00f3csk\u00e1n megemelkedett a fizet\u00e9s haz\u00e1nkban, m\u00edg az \u00e9p\u00edt\u0151iparban, a mez\u0151gazdas\u00e1gban \u00e9s a vend\u00e9gl\u00e1t\u00e1s szektorban nem fizetik t\u00fal a dolgoz\u00f3kat. A p\u00e9nz\u00fcgyi szektor mellett az energiaipar \u00e9s az infokommunik\u00e1ci\u00f3 is az \u00e9lmez\u0151nybe ker\u00fclt &#8211; der\u00fcl ki a vg.hu cikk\u00e9b\u0151l. M\u00e1r h\u00e1rom szektorban is egymilli\u00f3 felett az \u00e1tlagb\u00e9r- A K\u00f6zponti Statisztikai Hivatal legut\u00f3bbi adatai szerint [&hellip;]<\/p>\n","protected":false},"author":1,"featured_media":8542,"comment_status":"closed","ping_status":"closed","sticky":false,"template":"","format":"standard","meta":{"_monsterinsights_skip_tracking":false,"footnotes":""},"categories":[200],"tags":[],"class_list":["post-8541","post","type-post","status-publish","format-standard","has-post-thumbnail","hentry","category-munkaeropiac"],"aioseo_notices":[],"aioseo_head":"\n\t\t<!-- All in One SEO 5.0.0.1 - aioseo.com -->\n\t<meta name=\"description\" content=\"Egyes szektorokban j\u00f3csk\u00e1n megemelkedett a fizet\u00e9s haz\u00e1nkban, m\u00edg az \u00e9p\u00edt\u0151iparban, a mez\u0151gazdas\u00e1gban \u00e9s a vend\u00e9gl\u00e1t\u00e1s szektorban nem fizetik t\u00fal a dolgoz\u00f3kat.\" \/>\n\t<meta name=\"robots\" content=\"max-image-preview:large\" \/>\n\t<meta name=\"author\" content=\"Juh\u00e1sz P\u00e9ter\"\/>\n\t<link rel=\"canonical\" href=\"https:\/\/allasorias.hu\/hirek\/kilottek-a-berek-egyes-szektorokban\/\" \/>\n\t<meta name=\"generator\" content=\"All in One SEO (AIOSEO) 5.0.0.1\" \/>\n\t\t<meta property=\"og:locale\" content=\"hu_HU\" \/>\n\t\t<meta property=\"og:site_name\" content=\"AllasOrias.hu | H\u00edrek-lapszemle | \u00dczleti h\u00edrek az \u00e1ll\u00e1s \u00e9s a munka vil\u00e1g\u00e1b\u00f3l\" \/>\n\t\t<meta property=\"og:type\" content=\"article\" \/>\n\t\t<meta property=\"og:title\" content=\"Ezekben a szektorokban l\u0151ttek ki a b\u00e9rek\" \/>\n\t\t<meta property=\"og:description\" content=\"Egyes szektorokban j\u00f3csk\u00e1n megemelkedett a fizet\u00e9s haz\u00e1nkban, m\u00edg az \u00e9p\u00edt\u0151iparban, a mez\u0151gazdas\u00e1gban \u00e9s a vend\u00e9gl\u00e1t\u00e1s szektorban nem fizetik t\u00fal a dolgoz\u00f3kat.\" \/>\n\t\t<meta property=\"og:url\" content=\"https:\/\/allasorias.hu\/hirek\/kilottek-a-berek-egyes-szektorokban\/\" \/>\n\t\t<meta property=\"og:image\" content=\"https:\/\/allasorias.hu\/hirek\/wp-content\/uploads\/2025\/06\/beremelkedesek-egyes-szektorokban.jpg\" \/>\n\t\t<meta property=\"og:image:secure_url\" content=\"https:\/\/allasorias.hu\/hirek\/wp-content\/uploads\/2025\/06\/beremelkedesek-egyes-szektorokban.jpg\" \/>\n\t\t<meta property=\"og:image:width\" content=\"1920\" \/>\n\t\t<meta property=\"og:image:height\" content=\"1281\" \/>\n\t\t<meta property=\"article:published_time\" content=\"2025-06-20T07:05:55+00:00\" \/>\n\t\t<meta property=\"article:modified_time\" content=\"2025-06-20T07:05:55+00:00\" \/>\n\t\t<meta property=\"article:publisher\" content=\"https:\/\/www.facebook.com\/allasorias\" \/>\n\t\t<meta name=\"twitter:card\" content=\"summary_large_image\" \/>\n\t\t<meta name=\"twitter:title\" content=\"Ezekben a szektorokban l\u0151ttek ki a b\u00e9rek\" \/>\n\t\t<meta name=\"twitter:description\" content=\"Egyes szektorokban j\u00f3csk\u00e1n megemelkedett a fizet\u00e9s haz\u00e1nkban, m\u00edg az \u00e9p\u00edt\u0151iparban, a mez\u0151gazdas\u00e1gban \u00e9s a vend\u00e9gl\u00e1t\u00e1s szektorban nem fizetik t\u00fal a dolgoz\u00f3kat.\" \/>\n\t\t<meta name=\"twitter:image\" content=\"https:\/\/allasorias.hu\/hirek\/wp-content\/uploads\/2025\/06\/beremelkedesek-egyes-szektorokban.jpg\" \/>\n\t\t<meta name=\"twitter:label1\" content=\"Written by\" \/>\n\t\t<meta name=\"twitter:data1\" content=\"Juh\u00e1sz P\u00e9ter\" \/>\n\t\t<meta name=\"twitter:label2\" content=\"Est. reading time\" \/>\n\t\t<meta name=\"twitter:data2\" content=\"2 minutes\" \/>\n\t\t<script type=\"application\/ld+json\" class=\"aioseo-schema\">\n\t\t\t{\"@context\":\"https:\\\/\\\/schema.org\",\"@graph\":[{\"@type\":\"Article\",\"@id\":\"https:\\\/\\\/allasorias.hu\\\/hirek\\\/kilottek-a-berek-egyes-szektorokban\\\/#article\",\"name\":\"Ezekben a szektorokban l\\u0151ttek ki a b\\u00e9rek\",\"headline\":\"Kil\\u0151ttek a b\\u00e9rek egyes szektorokban\",\"author\":{\"@id\":\"https:\\\/\\\/allasorias.hu\\\/hirek\\\/author\\\/admin-allasorias\\\/#author\"},\"publisher\":{\"@id\":\"https:\\\/\\\/allasorias.hu\\\/hirek\\\/#organization\"},\"image\":{\"@type\":\"ImageObject\",\"url\":\"https:\\\/\\\/allasorias.hu\\\/hirek\\\/wp-content\\\/uploads\\\/2025\\\/06\\\/beremelkedesek-egyes-szektorokban.jpg\",\"width\":1920,\"height\":1281,\"caption\":\"Kil\\u0151ttek a b\\u00e9rek egyes szektorokban - Allasorias.hu\\\/Hirek\"},\"datePublished\":\"2025-06-20T09:05:55+02:00\",\"dateModified\":\"2025-06-20T09:05:55+02:00\",\"inLanguage\":\"hu-HU\",\"mainEntityOfPage\":{\"@id\":\"https:\\\/\\\/allasorias.hu\\\/hirek\\\/kilottek-a-berek-egyes-szektorokban\\\/#webpage\"},\"isPartOf\":{\"@id\":\"https:\\\/\\\/allasorias.hu\\\/hirek\\\/kilottek-a-berek-egyes-szektorokban\\\/#webpage\"},\"articleSection\":\"Munkaer\\u0151piac\"},{\"@type\":\"BreadcrumbList\",\"@id\":\"https:\\\/\\\/allasorias.hu\\\/hirek\\\/kilottek-a-berek-egyes-szektorokban\\\/#breadcrumblist\",\"itemListElement\":[{\"@type\":\"ListItem\",\"@id\":\"https:\\\/\\\/allasorias.hu\\\/hirek#listItem\",\"position\":1,\"name\":\"Home\",\"item\":\"https:\\\/\\\/allasorias.hu\\\/hirek\",\"nextItem\":{\"@type\":\"ListItem\",\"@id\":\"https:\\\/\\\/allasorias.hu\\\/hirek\\\/temak\\\/munkaeropiac\\\/#listItem\",\"name\":\"Munkaer\\u0151piac\"}},{\"@type\":\"ListItem\",\"@id\":\"https:\\\/\\\/allasorias.hu\\\/hirek\\\/temak\\\/munkaeropiac\\\/#listItem\",\"position\":2,\"name\":\"Munkaer\\u0151piac\",\"item\":\"https:\\\/\\\/allasorias.hu\\\/hirek\\\/temak\\\/munkaeropiac\\\/\",\"nextItem\":{\"@type\":\"ListItem\",\"@id\":\"https:\\\/\\\/allasorias.hu\\\/hirek\\\/kilottek-a-berek-egyes-szektorokban\\\/#listItem\",\"name\":\"Kil\\u0151ttek a b\\u00e9rek egyes szektorokban\"},\"previousItem\":{\"@type\":\"ListItem\",\"@id\":\"https:\\\/\\\/allasorias.hu\\\/hirek#listItem\",\"name\":\"Home\"}},{\"@type\":\"ListItem\",\"@id\":\"https:\\\/\\\/allasorias.hu\\\/hirek\\\/kilottek-a-berek-egyes-szektorokban\\\/#listItem\",\"position\":3,\"name\":\"Kil\\u0151ttek a b\\u00e9rek egyes szektorokban\",\"previousItem\":{\"@type\":\"ListItem\",\"@id\":\"https:\\\/\\\/allasorias.hu\\\/hirek\\\/temak\\\/munkaeropiac\\\/#listItem\",\"name\":\"Munkaer\\u0151piac\"}}]},{\"@type\":\"Organization\",\"@id\":\"https:\\\/\\\/allasorias.hu\\\/hirek\\\/#organization\",\"name\":\"AllasOrias.hu | H\\u00edrek-lapszemle\",\"description\":\"\\u00dczleti h\\u00edrek az \\u00e1ll\\u00e1s \\u00e9s a munka vil\\u00e1g\\u00e1b\\u00f3l\",\"url\":\"https:\\\/\\\/allasorias.hu\\\/hirek\\\/\",\"logo\":{\"@type\":\"ImageObject\",\"url\":\"https:\\\/\\\/allasorias.hu\\\/hirek\\\/wp-content\\\/uploads\\\/2022\\\/10\\\/allasorias_site_facebok_logo.png\",\"@id\":\"https:\\\/\\\/allasorias.hu\\\/hirek\\\/kilottek-a-berek-egyes-szektorokban\\\/#organizationLogo\"},\"image\":{\"@id\":\"https:\\\/\\\/allasorias.hu\\\/hirek\\\/kilottek-a-berek-egyes-szektorokban\\\/#organizationLogo\"},\"sameAs\":[\"https:\\\/\\\/www.facebook.com\\\/allasorias\",\"https:\\\/\\\/www.linkedin.com\\\/company\\\/allasorias\"]},{\"@type\":\"Person\",\"@id\":\"https:\\\/\\\/allasorias.hu\\\/hirek\\\/author\\\/admin-allasorias\\\/#author\",\"url\":\"https:\\\/\\\/allasorias.hu\\\/hirek\\\/author\\\/admin-allasorias\\\/\",\"name\":\"Juh\\u00e1sz P\\u00e9ter\",\"image\":{\"@type\":\"ImageObject\",\"@id\":\"https:\\\/\\\/allasorias.hu\\\/hirek\\\/kilottek-a-berek-egyes-szektorokban\\\/#authorImage\",\"url\":\"https:\\\/\\\/secure.gravatar.com\\\/avatar\\\/36e6bcb83148978b992977cb0f54d22feb0cce8a0a849a9410532bb2623ba4c6?s=96&d=mm&r=g\",\"width\":96,\"height\":96,\"caption\":\"Juh\\u00e1sz P\\u00e9ter\"}},{\"@type\":\"WebPage\",\"@id\":\"https:\\\/\\\/allasorias.hu\\\/hirek\\\/kilottek-a-berek-egyes-szektorokban\\\/#webpage\",\"url\":\"https:\\\/\\\/allasorias.hu\\\/hirek\\\/kilottek-a-berek-egyes-szektorokban\\\/\",\"name\":\"Ezekben a szektorokban l\\u0151ttek ki a b\\u00e9rek\",\"description\":\"Egyes szektorokban j\\u00f3csk\\u00e1n megemelkedett a fizet\\u00e9s haz\\u00e1nkban, m\\u00edg az \\u00e9p\\u00edt\\u0151iparban, a mez\\u0151gazdas\\u00e1gban \\u00e9s a vend\\u00e9gl\\u00e1t\\u00e1s szektorban nem fizetik t\\u00fal a dolgoz\\u00f3kat.\",\"inLanguage\":\"hu-HU\",\"isPartOf\":{\"@id\":\"https:\\\/\\\/allasorias.hu\\\/hirek\\\/#website\"},\"breadcrumb\":{\"@id\":\"https:\\\/\\\/allasorias.hu\\\/hirek\\\/kilottek-a-berek-egyes-szektorokban\\\/#breadcrumblist\"},\"author\":{\"@id\":\"https:\\\/\\\/allasorias.hu\\\/hirek\\\/author\\\/admin-allasorias\\\/#author\"},\"creator\":{\"@id\":\"https:\\\/\\\/allasorias.hu\\\/hirek\\\/author\\\/admin-allasorias\\\/#author\"},\"image\":{\"@type\":\"ImageObject\",\"url\":\"https:\\\/\\\/allasorias.hu\\\/hirek\\\/wp-content\\\/uploads\\\/2025\\\/06\\\/beremelkedesek-egyes-szektorokban.jpg\",\"@id\":\"https:\\\/\\\/allasorias.hu\\\/hirek\\\/kilottek-a-berek-egyes-szektorokban\\\/#mainImage\",\"width\":1920,\"height\":1281,\"caption\":\"Kil\\u0151ttek a b\\u00e9rek egyes szektorokban - Allasorias.hu\\\/Hirek\"},\"primaryImageOfPage\":{\"@id\":\"https:\\\/\\\/allasorias.hu\\\/hirek\\\/kilottek-a-berek-egyes-szektorokban\\\/#mainImage\"},\"datePublished\":\"2025-06-20T09:05:55+02:00\",\"dateModified\":\"2025-06-20T09:05:55+02:00\"},{\"@type\":\"WebSite\",\"@id\":\"https:\\\/\\\/allasorias.hu\\\/hirek\\\/#website\",\"url\":\"https:\\\/\\\/allasorias.hu\\\/hirek\\\/\",\"name\":\"AllasOrias.hu | H\\u00edrek-lapszemle\",\"description\":\"\\u00dczleti h\\u00edrek az \\u00e1ll\\u00e1s \\u00e9s a munka vil\\u00e1g\\u00e1b\\u00f3l\",\"inLanguage\":\"hu-HU\",\"publisher\":{\"@id\":\"https:\\\/\\\/allasorias.hu\\\/hirek\\\/#organization\"}}]}\n\t\t<\/script>\n\t\t<!-- All in One SEO -->\n\n","aioseo_head_json":{"title":"Ezekben a szektorokban l\u0151ttek ki a b\u00e9rek","description":"Egyes szektorokban j\u00f3csk\u00e1n megemelkedett a fizet\u00e9s haz\u00e1nkban, m\u00edg az \u00e9p\u00edt\u0151iparban, a mez\u0151gazdas\u00e1gban \u00e9s a vend\u00e9gl\u00e1t\u00e1s szektorban nem fizetik t\u00fal a dolgoz\u00f3kat.","canonical_url":"https:\/\/allasorias.hu\/hirek\/kilottek-a-berek-egyes-szektorokban\/","robots":"max-image-preview:large","keywords":"","webmasterTools":{"miscellaneous":""},"schema":{"@context":"https:\/\/schema.org","@graph":[{"@type":"Article","@id":"https:\/\/allasorias.hu\/hirek\/kilottek-a-berek-egyes-szektorokban\/#article","name":"Ezekben a szektorokban l\u0151ttek ki a b\u00e9rek","headline":"Kil\u0151ttek a b\u00e9rek egyes szektorokban","author":{"@id":"https:\/\/allasorias.hu\/hirek\/author\/admin-allasorias\/#author"},"publisher":{"@id":"https:\/\/allasorias.hu\/hirek\/#organization"},"image":{"@type":"ImageObject","url":"https:\/\/allasorias.hu\/hirek\/wp-content\/uploads\/2025\/06\/beremelkedesek-egyes-szektorokban.jpg","width":1920,"height":1281,"caption":"Kil\u0151ttek a b\u00e9rek egyes szektorokban - Allasorias.hu\/Hirek"},"datePublished":"2025-06-20T09:05:55+02:00","dateModified":"2025-06-20T09:05:55+02:00","inLanguage":"hu-HU","mainEntityOfPage":{"@id":"https:\/\/allasorias.hu\/hirek\/kilottek-a-berek-egyes-szektorokban\/#webpage"},"isPartOf":{"@id":"https:\/\/allasorias.hu\/hirek\/kilottek-a-berek-egyes-szektorokban\/#webpage"},"articleSection":"Munkaer\u0151piac"},{"@type":"BreadcrumbList","@id":"https:\/\/allasorias.hu\/hirek\/kilottek-a-berek-egyes-szektorokban\/#breadcrumblist","itemListElement":[{"@type":"ListItem","@id":"https:\/\/allasorias.hu\/hirek#listItem","position":1,"name":"Home","item":"https:\/\/allasorias.hu\/hirek","nextItem":{"@type":"ListItem","@id":"https:\/\/allasorias.hu\/hirek\/temak\/munkaeropiac\/#listItem","name":"Munkaer\u0151piac"}},{"@type":"ListItem","@id":"https:\/\/allasorias.hu\/hirek\/temak\/munkaeropiac\/#listItem","position":2,"name":"Munkaer\u0151piac","item":"https:\/\/allasorias.hu\/hirek\/temak\/munkaeropiac\/","nextItem":{"@type":"ListItem","@id":"https:\/\/allasorias.hu\/hirek\/kilottek-a-berek-egyes-szektorokban\/#listItem","name":"Kil\u0151ttek a b\u00e9rek egyes szektorokban"},"previousItem":{"@type":"ListItem","@id":"https:\/\/allasorias.hu\/hirek#listItem","name":"Home"}},{"@type":"ListItem","@id":"https:\/\/allasorias.hu\/hirek\/kilottek-a-berek-egyes-szektorokban\/#listItem","position":3,"name":"Kil\u0151ttek a b\u00e9rek egyes szektorokban","previousItem":{"@type":"ListItem","@id":"https:\/\/allasorias.hu\/hirek\/temak\/munkaeropiac\/#listItem","name":"Munkaer\u0151piac"}}]},{"@type":"Organization","@id":"https:\/\/allasorias.hu\/hirek\/#organization","name":"AllasOrias.hu | H\u00edrek-lapszemle","description":"\u00dczleti h\u00edrek az \u00e1ll\u00e1s \u00e9s a munka vil\u00e1g\u00e1b\u00f3l","url":"https:\/\/allasorias.hu\/hirek\/","logo":{"@type":"ImageObject","url":"https:\/\/allasorias.hu\/hirek\/wp-content\/uploads\/2022\/10\/allasorias_site_facebok_logo.png","@id":"https:\/\/allasorias.hu\/hirek\/kilottek-a-berek-egyes-szektorokban\/#organizationLogo"},"image":{"@id":"https:\/\/allasorias.hu\/hirek\/kilottek-a-berek-egyes-szektorokban\/#organizationLogo"},"sameAs":["https:\/\/www.facebook.com\/allasorias","https:\/\/www.linkedin.com\/company\/allasorias"]},{"@type":"Person","@id":"https:\/\/allasorias.hu\/hirek\/author\/admin-allasorias\/#author","url":"https:\/\/allasorias.hu\/hirek\/author\/admin-allasorias\/","name":"Juh\u00e1sz P\u00e9ter","image":{"@type":"ImageObject","@id":"https:\/\/allasorias.hu\/hirek\/kilottek-a-berek-egyes-szektorokban\/#authorImage","url":"https:\/\/secure.gravatar.com\/avatar\/36e6bcb83148978b992977cb0f54d22feb0cce8a0a849a9410532bb2623ba4c6?s=96&d=mm&r=g","width":96,"height":96,"caption":"Juh\u00e1sz P\u00e9ter"}},{"@type":"WebPage","@id":"https:\/\/allasorias.hu\/hirek\/kilottek-a-berek-egyes-szektorokban\/#webpage","url":"https:\/\/allasorias.hu\/hirek\/kilottek-a-berek-egyes-szektorokban\/","name":"Ezekben a szektorokban l\u0151ttek ki a b\u00e9rek","description":"Egyes szektorokban j\u00f3csk\u00e1n megemelkedett a fizet\u00e9s haz\u00e1nkban, m\u00edg az \u00e9p\u00edt\u0151iparban, a mez\u0151gazdas\u00e1gban \u00e9s a vend\u00e9gl\u00e1t\u00e1s szektorban nem fizetik t\u00fal a dolgoz\u00f3kat.","inLanguage":"hu-HU","isPartOf":{"@id":"https:\/\/allasorias.hu\/hirek\/#website"},"breadcrumb":{"@id":"https:\/\/allasorias.hu\/hirek\/kilottek-a-berek-egyes-szektorokban\/#breadcrumblist"},"author":{"@id":"https:\/\/allasorias.hu\/hirek\/author\/admin-allasorias\/#author"},"creator":{"@id":"https:\/\/allasorias.hu\/hirek\/author\/admin-allasorias\/#author"},"image":{"@type":"ImageObject","url":"https:\/\/allasorias.hu\/hirek\/wp-content\/uploads\/2025\/06\/beremelkedesek-egyes-szektorokban.jpg","@id":"https:\/\/allasorias.hu\/hirek\/kilottek-a-berek-egyes-szektorokban\/#mainImage","width":1920,"height":1281,"caption":"Kil\u0151ttek a b\u00e9rek egyes szektorokban - Allasorias.hu\/Hirek"},"primaryImageOfPage":{"@id":"https:\/\/allasorias.hu\/hirek\/kilottek-a-berek-egyes-szektorokban\/#mainImage"},"datePublished":"2025-06-20T09:05:55+02:00","dateModified":"2025-06-20T09:05:55+02:00"},{"@type":"WebSite","@id":"https:\/\/allasorias.hu\/hirek\/#website","url":"https:\/\/allasorias.hu\/hirek\/","name":"AllasOrias.hu | H\u00edrek-lapszemle","description":"\u00dczleti h\u00edrek az \u00e1ll\u00e1s \u00e9s a munka vil\u00e1g\u00e1b\u00f3l","inLanguage":"hu-HU","publisher":{"@id":"https:\/\/allasorias.hu\/hirek\/#organization"}}]},"og:locale":"hu_HU","og:site_name":"AllasOrias.hu | H\u00edrek-lapszemle | \u00dczleti h\u00edrek az \u00e1ll\u00e1s \u00e9s a munka vil\u00e1g\u00e1b\u00f3l","og:type":"article","og:title":"Ezekben a szektorokban l\u0151ttek ki a b\u00e9rek","og:description":"Egyes szektorokban j\u00f3csk\u00e1n megemelkedett a fizet\u00e9s haz\u00e1nkban, m\u00edg az \u00e9p\u00edt\u0151iparban, a mez\u0151gazdas\u00e1gban \u00e9s a vend\u00e9gl\u00e1t\u00e1s szektorban nem fizetik t\u00fal a dolgoz\u00f3kat.","og:url":"https:\/\/allasorias.hu\/hirek\/kilottek-a-berek-egyes-szektorokban\/","og:image":"https:\/\/allasorias.hu\/hirek\/wp-content\/uploads\/2025\/06\/beremelkedesek-egyes-szektorokban.jpg","og:image:secure_url":"https:\/\/allasorias.hu\/hirek\/wp-content\/uploads\/2025\/06\/beremelkedesek-egyes-szektorokban.jpg","og:image:width":1920,"og:image:height":1281,"article:published_time":"2025-06-20T07:05:55+00:00","article:modified_time":"2025-06-20T07:05:55+00:00","article:publisher":"https:\/\/www.facebook.com\/allasorias","twitter:card":"summary_large_image","twitter:title":"Ezekben a szektorokban l\u0151ttek ki a b\u00e9rek","twitter:description":"Egyes szektorokban j\u00f3csk\u00e1n megemelkedett a fizet\u00e9s haz\u00e1nkban, m\u00edg az \u00e9p\u00edt\u0151iparban, a mez\u0151gazdas\u00e1gban \u00e9s a vend\u00e9gl\u00e1t\u00e1s szektorban nem fizetik t\u00fal a dolgoz\u00f3kat.","twitter:image":"https:\/\/allasorias.hu\/hirek\/wp-content\/uploads\/2025\/06\/beremelkedesek-egyes-szektorokban.jpg","twitter:label1":"Written by","twitter:data1":"Juh\u00e1sz P\u00e9ter","twitter:label2":"Est. reading time","twitter:data2":"2 minutes"},"aioseo_meta_data":{"post_id":"8541","title":"Ezekben a szektorokban l\u0151ttek ki a b\u00e9rek","description":"Egyes szektorokban j\u00f3csk\u00e1n megemelkedett a fizet\u00e9s haz\u00e1nkban, m\u00edg az \u00e9p\u00edt\u0151iparban, a mez\u0151gazdas\u00e1gban \u00e9s a vend\u00e9gl\u00e1t\u00e1s szektorban nem fizetik t\u00fal a dolgoz\u00f3kat.","keywords":null,"keyphrases":{"focus":{"keyphrase":"","score":0,"analysis":{"keyphraseInTitle":{"score":0,"maxScore":9,"error":1}}},"additional":[]},"primary_term":null,"canonical_url":null,"og_title":null,"og_description":null,"og_object_type":"default","og_image_type":"default","og_image_url":null,"og_image_width":null,"og_image_height":null,"og_image_custom_url":null,"og_image_custom_fields":null,"og_video":"","og_custom_url":null,"og_article_section":null,"og_article_tags":null,"twitter_use_og":true,"twitter_card":"default","twitter_image_type":"default","twitter_image_url":null,"twitter_image_custom_url":null,"twitter_image_custom_fields":null,"twitter_title":null,"twitter_description":null,"schema":{"blockGraphs":[],"customGraphs":[],"default":{"data":{"Article":[],"Course":[],"Dataset":[],"FAQPage":[],"Movie":[],"Person":[],"Product":[],"ProductReview":[],"Car":[],"Recipe":[],"Service":[],"SoftwareApplication":[],"WebPage":[]},"graphName":"Article","isEnabled":true},"graphs":[]},"schema_type":"default","schema_type_options":null,"pillar_content":false,"robots_default":true,"robots_noindex":false,"robots_noarchive":false,"robots_nosnippet":false,"robots_nofollow":false,"robots_noimageindex":false,"robots_noodp":false,"robots_notranslate":false,"robots_max_snippet":"-1","robots_max_videopreview":"-1","robots_max_imagepreview":"large","priority":null,"frequency":"default","location":null,"local_seo":null,"breadcrumb_settings":null,"limit_modified_date":false,"ai":null,"created":"2025-06-20 06:47:15","updated":"2025-10-02 21:20:00","seo_analyzer_scan_date":null,"focus_keyword":null,"additional_keywords":null,"truseo_locale":null},"aioseo_breadcrumb":"<div class=\"aioseo-breadcrumbs\"><span class=\"aioseo-breadcrumb\">\n\t\t\t<a href=\"https:\/\/allasorias.hu\/hirek\" title=\"Home\">Home<\/a>\n\t\t<\/span><span class=\"aioseo-breadcrumb-separator\">&raquo;<\/span><span class=\"aioseo-breadcrumb\">\n\t\t\t<a href=\"https:\/\/allasorias.hu\/hirek\/temak\/munkaeropiac\/\" title=\"Munkaer\u0151piac\">Munkaer\u0151piac<\/a>\n\t\t<\/span><span class=\"aioseo-breadcrumb-separator\">&raquo;<\/span><span class=\"aioseo-breadcrumb\">\n\t\t\tKil\u0151ttek a b\u00e9rek egyes szektorokban\n\t\t<\/span><\/div>","aioseo_breadcrumb_json":[{"label":"Home","link":"https:\/\/allasorias.hu\/hirek"},{"label":"Munkaer\u0151piac","link":"https:\/\/allasorias.hu\/hirek\/temak\/munkaeropiac\/"},{"label":"Kil\u0151ttek a b\u00e9rek egyes szektorokban","link":"https:\/\/allasorias.hu\/hirek\/kilottek-a-berek-egyes-szektorokban\/"}],"_links":{"self":[{"href":"https:\/\/allasorias.hu\/hirek\/wp-json\/wp\/v2\/posts\/8541","targetHints":{"allow":["GET"]}}],"collection":[{"href":"https:\/\/allasorias.hu\/hirek\/wp-json\/wp\/v2\/posts"}],"about":[{"href":"https:\/\/allasorias.hu\/hirek\/wp-json\/wp\/v2\/types\/post"}],"author":[{"embeddable":true,"href":"https:\/\/allasorias.hu\/hirek\/wp-json\/wp\/v2\/users\/1"}],"replies":[{"embeddable":true,"href":"https:\/\/allasorias.hu\/hirek\/wp-json\/wp\/v2\/comments?post=8541"}],"version-history":[{"count":1,"href":"https:\/\/allasorias.hu\/hirek\/wp-json\/wp\/v2\/posts\/8541\/revisions"}],"predecessor-version":[{"id":8543,"href":"https:\/\/allasorias.hu\/hirek\/wp-json\/wp\/v2\/posts\/8541\/revisions\/8543"}],"wp:featuredmedia":[{"embeddable":true,"href":"https:\/\/allasorias.hu\/hirek\/wp-json\/wp\/v2\/media\/8542"}],"wp:attachment":[{"href":"https:\/\/allasorias.hu\/hirek\/wp-json\/wp\/v2\/media?parent=8541"}],"wp:term":[{"taxonomy":"category","embeddable":true,"href":"https:\/\/allasorias.hu\/hirek\/wp-json\/wp\/v2\/categories?post=8541"},{"taxonomy":"post_tag","embeddable":true,"href":"https:\/\/allasorias.hu\/hirek\/wp-json\/wp\/v2\/tags?post=8541"}],"curies":[{"name":"wp","href":"https:\/\/api.w.org\/{rel}","templated":true}]}}