{"id":8538,"date":"2025-06-19T09:30:54","date_gmt":"2025-06-19T07:30:54","guid":{"rendered":"https:\/\/allasorias.hu\/hirek\/?p=8538"},"modified":"2025-06-19T09:30:54","modified_gmt":"2025-06-19T07:30:54","slug":"a-kommunikacios-es-problema-megoldo-keszsegek-kiemelten-fontosak","status":"publish","type":"post","link":"https:\/\/allasorias.hu\/hirek\/a-kommunikacios-es-problema-megoldo-keszsegek-kiemelten-fontosak\/","title":{"rendered":"A kommunik\u00e1ci\u00f3s \u00e9s probl\u00e9ma megold\u00f3 k\u00e9szs\u00e9gek kiemelten fontosak"},"content":{"rendered":"<p><strong>A csapatmunka, kommunik\u00e1ci\u00f3s \u00e9s probl\u00e9ma megold\u00f3 k\u00e9szs\u00e9gek kiemelten fontosak\u00a0 az \u00e1ll\u00e1skeres\u00e9sn\u00e9l. Ugyanakkor elt\u00e9r\u0151ek lehetnek a k\u00fcl\u00f6nb\u00f6z\u0151 gener\u00e1ci\u00f3k elv\u00e1r\u00e1sai. A folyton v\u00e1ltoz\u00f3 munkaer\u0151piaci helyzet miatt az alkalmazkod\u00f3 k\u00e9pess\u00e9g is nagyon sz\u00e1m\u00edt.<\/strong><\/p>\n<p>Egy most elk\u00e9sz\u00fclt kutat\u00e1s azt t\u00e9rk\u00e9pezte fel, hogy melyek a leggyakrabban m\u00e9rt kompetenci\u00e1k agilis munkak\u00f6rnyezetben \u00e1ll\u00e1sinterj\u00fakon. A 2024-ben k\u00e9sz\u00fclt, 272 f\u0151s mint\u00e1n alapul\u00f3 kutat\u00e1s r\u00e9szletesen felt\u00e1rta, hogy az \u00e1ll\u00e1sinterj\u00fak sor\u00e1n mely k\u00e9szs\u00e9geket \u00e9s k\u00e9pess\u00e9geket tartj\u00e1k a legfontosabbnak a munkaer\u0151-felv\u00e9teli folyamatban r\u00e9szt vev\u0151 szakemberek. A Sterczl G\u00e1bor (EvoSoft Hungary, \u00d3budai Egyetem) \u00e9s Prof. Dr. Csisz\u00e1rik-Kocsir \u00c1gnes (\u00d3budai Egyetem) \u00e1ltal v\u00e9gzett felm\u00e9r\u00e9s eredm\u00e9nyei azt mutatj\u00e1k, hogy a kommunik\u00e1ci\u00f3s k\u00e9szs\u00e9g \u00e9s a probl\u00e9mamegold\u00e1s kiemelt jelent\u0151s\u00e9ggel b\u00edrnak: a v\u00e1laszad\u00f3k k\u00f6zel 80%-a szerint ezek a legink\u00e1bb elv\u00e1rt \u00e9s \u00e9rt\u00e9kelt kompetenci\u00e1k az interj\u00fak sor\u00e1n.<\/p>\n<p>A csapatmunka \u00e9s kollabor\u00e1ci\u00f3, valamint a technikai k\u00e9szs\u00e9gek, \u00e9s a kultur\u00e1lis illeszked\u00e9s is fontos szempont az interj\u00fak sor\u00e1n. M\u00edg a tanul\u00e1s \u00e9s fejl\u0151d\u00e9s, a kritikus gondolkod\u00e1s \u00e9s az alkalmazkod\u00f3 k\u00e9pess\u00e9g ink\u00e1bb a lista v\u00e9g\u00e9n szerepelt, de \u00edgy is 60% k\u00f6r\u00fcli \u00e9rt\u00e9kkel. Kritikus gondolkod\u00e1s: sokat besz\u00e9l\u00fcnk r\u00f3la, de kevesen m\u00e9rik. \u00c9rdekes, hogy a kritikus gondolkod\u00e1snak &#8211; fontoss\u00e1ga ellen\u00e9re &#8211; kev\u00e9sb\u00e9 hangs\u00falyos a m\u00e9r\u00e9se az interj\u00fak sor\u00e1n, pedig a mesters\u00e9ges intelligencia t\u00e9rnyer\u00e9se miatt egyre nagyobb sz\u00fcks\u00e9g lenne erre a kompetenci\u00e1ra.<\/p>\n<p>Az alkalmazkod\u00f3k\u00e9pess\u00e9g m\u00e9r\u00e9se a legalacsonyabb ar\u00e1nyt mutatja (59,6%), \u00e9s itt a legmagasabb a &#8222;nem&#8221; v\u00e1laszok ar\u00e1nya is (21,3%), ami arra utal, hogy ezt a k\u00e9szs\u00e9get kev\u00e9sb\u00e9 hangs\u00falyosan vizsg\u00e1lj\u00e1k a kiv\u00e1laszt\u00e1s sor\u00e1n. A gener\u00e1ci\u00f3s \u00f6sszehasonl\u00edt\u00e1sok alapj\u00e1n az X gener\u00e1ci\u00f3s interj\u00faztat\u00f3k szinte minden k\u00e9szs\u00e9g eset\u00e9n kiemelked\u0151en magas ar\u00e1nyban tartj\u00e1k fontosnak azok m\u00e9r\u00e9s\u00e9t. N\u00e1luk a kommunik\u00e1ci\u00f3 (97,0%), a probl\u00e9mamegold\u00e1s (96,8%) \u00e9s a csapatmunka (93,9%) szinte minden v\u00e1laszad\u00f3 szerint alapvet\u0151 kompetenci\u00e1k.<\/p>\n<p>Az alkalmazkod\u00f3k\u00e9pess\u00e9g, a technikai k\u00e9szs\u00e9gek, a tanul\u00e1s \u00e9s fejl\u0151d\u00e9s, valamint a kultur\u00e1lis illeszked\u00e9s is magas \u00e9rt\u00e9keket \u00e9rnek el, vagyis az X gener\u00e1ci\u00f3 komplex, sokoldal\u00fa elv\u00e1r\u00e1sokat t\u00e1maszt a jel\u00f6ltekkel szemben. Az Y gener\u00e1ci\u00f3s interj\u00faztat\u00f3k szint\u00e9n nagyon magas ar\u00e1nyban tartj\u00e1k fontosnak a kommunik\u00e1ci\u00f3 (97,3%) \u00e9s probl\u00e9mamegold\u00e1s (97,3%) m\u00e9r\u00e9s\u00e9t, de n\u00e1luk a technikai k\u00e9szs\u00e9gek (87,7%) \u00e9s a csapatmunka (82,2%) hangs\u00falyosabb, m\u00edg az alkalmazkod\u00f3k\u00e9pess\u00e9g kev\u00e9sb\u00e9 kiemelt (71,2%).<\/p>\n<p>A Z gener\u00e1ci\u00f3s interj\u00faztat\u00f3k v\u00e1laszai jelent\u0151sen elt\u00e9rnek az id\u0151sebb gener\u00e1ci\u00f3k\u00e9t\u00f3l, b\u00e1r fontos megeml\u00edteni, hogy \u0151k nagyon alulreprezent\u00e1ltak voltak a mint\u00e1ban. Az eredm\u00e9nyek azt azt mutatj\u00e1k, hogy a kommunik\u00e1ci\u00f3, a probl\u00e9mamegold\u00e1s, a csapatmunka \u00e9s a technikai k\u00e9szs\u00e9gek a legfontosabbak a mai interj\u00fak sor\u00e1n, de a hangs\u00falyok gener\u00e1ci\u00f3s \u00e9s f\u00f6ldrajzi szempontb\u00f3l is elt\u00e9rhetnek az interj\u00faztat\u00f3 koll\u00e9ga saj\u00e1t jellemz\u0151i ment\u00e9n.<\/p>\n<p>A kutat\u00e1s r\u00e1vil\u00e1g\u00edt arra, hogy a munkaer\u0151piac folyamatosan v\u00e1ltozik, \u00e9s a kiv\u00e1laszt\u00e1si folyamatok sor\u00e1n egyre ink\u00e1bb el\u0151t\u00e9rbe ker\u00fclnek azok a kompetenci\u00e1k, amelyek a gyorsan v\u00e1ltoz\u00f3, technol\u00f3giailag fejlett k\u00f6rnyezetben val\u00f3 sikeres m\u0171k\u00f6d\u00e9st t\u00e1mogatj\u00e1k. Ezekre a v\u00e1ltoz\u00e1sokra kell a munkaer\u0151piacot megel\u0151z\u0151 szintnek, az oktat\u00e1snak reag\u00e1lnia, annak \u00e9rdek\u00e9ben hogy min\u00e9l r\u00e1termettebb, \u00fczleti szf\u00e9r\u00e1nak megfelel\u0151 j\u00f6v\u0151beli munkav\u00e1llal\u00f3i r\u00e9teget termeljen ki.<\/p>\n<p>Forr\u00e1s. <a href=\"https:\/\/www.hrportal.hu\/hr\/ezeket-a-keszsegeket-keresik-a-munkaadok-allasinterjun-20250617.html\" target=\"_blank\" rel=\"nofollow noopener\">hrportal.hu<\/a><\/p>\n","protected":false},"excerpt":{"rendered":"<p>A csapatmunka, kommunik\u00e1ci\u00f3s \u00e9s probl\u00e9ma megold\u00f3 k\u00e9szs\u00e9gek kiemelten fontosak\u00a0 az \u00e1ll\u00e1skeres\u00e9sn\u00e9l. Ugyanakkor elt\u00e9r\u0151ek lehetnek a k\u00fcl\u00f6nb\u00f6z\u0151 gener\u00e1ci\u00f3k elv\u00e1r\u00e1sai. A folyton v\u00e1ltoz\u00f3 munkaer\u0151piaci helyzet miatt az alkalmazkod\u00f3 k\u00e9pess\u00e9g is nagyon sz\u00e1m\u00edt. Egy most elk\u00e9sz\u00fclt kutat\u00e1s azt t\u00e9rk\u00e9pezte fel, hogy melyek a leggyakrabban m\u00e9rt kompetenci\u00e1k agilis munkak\u00f6rnyezetben \u00e1ll\u00e1sinterj\u00fakon. A 2024-ben k\u00e9sz\u00fclt, 272 f\u0151s mint\u00e1n alapul\u00f3 kutat\u00e1s r\u00e9szletesen [&hellip;]<\/p>\n","protected":false},"author":1,"featured_media":8539,"comment_status":"closed","ping_status":"closed","sticky":false,"template":"","format":"standard","meta":{"_monsterinsights_skip_tracking":false,"footnotes":""},"categories":[1],"tags":[],"class_list":["post-8538","post","type-post","status-publish","format-standard","has-post-thumbnail","hentry","category-allaskereses"],"aioseo_notices":[],"aioseo_head":"\n\t\t<!-- All in One SEO 5.0.0.1 - aioseo.com -->\n\t<meta name=\"description\" content=\"A csapatmunka, kommunik\u00e1ci\u00f3s \u00e9s probl\u00e9ma megold\u00f3 k\u00e9szs\u00e9gek kiemelten fontosak az \u00e1ll\u00e1skeres\u00e9sn\u00e9l. Ugyanakkor elt\u00e9r\u0151ek lehetnek a k\u00fcl\u00f6nb\u00f6z\u0151 gener\u00e1ci\u00f3k elv\u00e1r\u00e1sai. A folyton v\u00e1ltoz\u00f3 munkaer\u0151piaci helyzet miatt az alkalmazkod\u00f3 k\u00e9pess\u00e9g is nagyon sz\u00e1m\u00edt. Egy most elk\u00e9sz\u00fclt kutat\u00e1s azt t\u00e9rk\u00e9pezte fel, hogy melyek a leggyakrabban m\u00e9rt kompetenci\u00e1k agilis munkak\u00f6rnyezetben \u00e1ll\u00e1sinterj\u00fakon. A 2024-ben k\u00e9sz\u00fclt, 272 f\u0151s mint\u00e1n alapul\u00f3 kutat\u00e1s r\u00e9szletesen\" \/>\n\t<meta name=\"robots\" content=\"max-image-preview:large\" \/>\n\t<meta name=\"author\" content=\"Juh\u00e1sz P\u00e9ter\"\/>\n\t<link rel=\"canonical\" href=\"https:\/\/allasorias.hu\/hirek\/a-kommunikacios-es-problema-megoldo-keszsegek-kiemelten-fontosak\/\" \/>\n\t<meta name=\"generator\" content=\"All in One SEO (AIOSEO) 5.0.0.1\" \/>\n\t\t<meta property=\"og:locale\" content=\"hu_HU\" \/>\n\t\t<meta property=\"og:site_name\" content=\"AllasOrias.hu | H\u00edrek-lapszemle | \u00dczleti h\u00edrek az \u00e1ll\u00e1s \u00e9s a munka vil\u00e1g\u00e1b\u00f3l\" \/>\n\t\t<meta property=\"og:type\" content=\"article\" \/>\n\t\t<meta property=\"og:title\" content=\"A kommunik\u00e1ci\u00f3s \u00e9s probl\u00e9ma megold\u00f3 k\u00e9szs\u00e9gek kiemelten fontosak | AllasOrias.hu | H\u00edrek-lapszemle\" \/>\n\t\t<meta property=\"og:description\" content=\"A csapatmunka, kommunik\u00e1ci\u00f3s \u00e9s probl\u00e9ma megold\u00f3 k\u00e9szs\u00e9gek kiemelten fontosak az \u00e1ll\u00e1skeres\u00e9sn\u00e9l. Ugyanakkor elt\u00e9r\u0151ek lehetnek a k\u00fcl\u00f6nb\u00f6z\u0151 gener\u00e1ci\u00f3k elv\u00e1r\u00e1sai. A folyton v\u00e1ltoz\u00f3 munkaer\u0151piaci helyzet miatt az alkalmazkod\u00f3 k\u00e9pess\u00e9g is nagyon sz\u00e1m\u00edt. Egy most elk\u00e9sz\u00fclt kutat\u00e1s azt t\u00e9rk\u00e9pezte fel, hogy melyek a leggyakrabban m\u00e9rt kompetenci\u00e1k agilis munkak\u00f6rnyezetben \u00e1ll\u00e1sinterj\u00fakon. A 2024-ben k\u00e9sz\u00fclt, 272 f\u0151s mint\u00e1n alapul\u00f3 kutat\u00e1s r\u00e9szletesen\" \/>\n\t\t<meta property=\"og:url\" content=\"https:\/\/allasorias.hu\/hirek\/a-kommunikacios-es-problema-megoldo-keszsegek-kiemelten-fontosak\/\" \/>\n\t\t<meta property=\"og:image\" content=\"https:\/\/allasorias.hu\/hirek\/wp-content\/uploads\/2025\/06\/kommunikacio-problema-megoldo-keszseg.jpg\" \/>\n\t\t<meta property=\"og:image:secure_url\" content=\"https:\/\/allasorias.hu\/hirek\/wp-content\/uploads\/2025\/06\/kommunikacio-problema-megoldo-keszseg.jpg\" \/>\n\t\t<meta property=\"og:image:width\" content=\"1920\" \/>\n\t\t<meta property=\"og:image:height\" content=\"1281\" \/>\n\t\t<meta property=\"article:published_time\" content=\"2025-06-19T07:30:54+00:00\" \/>\n\t\t<meta property=\"article:modified_time\" content=\"2025-06-19T07:30:54+00:00\" \/>\n\t\t<meta property=\"article:publisher\" content=\"https:\/\/www.facebook.com\/allasorias\" \/>\n\t\t<meta name=\"twitter:card\" content=\"summary_large_image\" \/>\n\t\t<meta name=\"twitter:title\" content=\"A kommunik\u00e1ci\u00f3s \u00e9s probl\u00e9ma megold\u00f3 k\u00e9szs\u00e9gek kiemelten fontosak | AllasOrias.hu | H\u00edrek-lapszemle\" \/>\n\t\t<meta name=\"twitter:description\" content=\"A csapatmunka, kommunik\u00e1ci\u00f3s \u00e9s probl\u00e9ma megold\u00f3 k\u00e9szs\u00e9gek kiemelten fontosak az \u00e1ll\u00e1skeres\u00e9sn\u00e9l. Ugyanakkor elt\u00e9r\u0151ek lehetnek a k\u00fcl\u00f6nb\u00f6z\u0151 gener\u00e1ci\u00f3k elv\u00e1r\u00e1sai. A folyton v\u00e1ltoz\u00f3 munkaer\u0151piaci helyzet miatt az alkalmazkod\u00f3 k\u00e9pess\u00e9g is nagyon sz\u00e1m\u00edt. Egy most elk\u00e9sz\u00fclt kutat\u00e1s azt t\u00e9rk\u00e9pezte fel, hogy melyek a leggyakrabban m\u00e9rt kompetenci\u00e1k agilis munkak\u00f6rnyezetben \u00e1ll\u00e1sinterj\u00fakon. A 2024-ben k\u00e9sz\u00fclt, 272 f\u0151s mint\u00e1n alapul\u00f3 kutat\u00e1s r\u00e9szletesen\" \/>\n\t\t<meta name=\"twitter:image\" content=\"https:\/\/allasorias.hu\/hirek\/wp-content\/uploads\/2025\/06\/kommunikacio-problema-megoldo-keszseg.jpg\" \/>\n\t\t<meta name=\"twitter:label1\" content=\"Written by\" \/>\n\t\t<meta name=\"twitter:data1\" content=\"Juh\u00e1sz P\u00e9ter\" \/>\n\t\t<meta name=\"twitter:label2\" content=\"Est. reading time\" \/>\n\t\t<meta name=\"twitter:data2\" content=\"4 minutes\" \/>\n\t\t<script type=\"application\/ld+json\" class=\"aioseo-schema\">\n\t\t\t{\"@context\":\"https:\\\/\\\/schema.org\",\"@graph\":[{\"@type\":\"Article\",\"@id\":\"https:\\\/\\\/allasorias.hu\\\/hirek\\\/a-kommunikacios-es-problema-megoldo-keszsegek-kiemelten-fontosak\\\/#article\",\"name\":\"A kommunik\\u00e1ci\\u00f3s \\u00e9s probl\\u00e9ma megold\\u00f3 k\\u00e9szs\\u00e9gek kiemelten fontosak | AllasOrias.hu | H\\u00edrek-lapszemle\",\"headline\":\"A kommunik\\u00e1ci\\u00f3s \\u00e9s probl\\u00e9ma megold\\u00f3 k\\u00e9szs\\u00e9gek kiemelten fontosak\",\"author\":{\"@id\":\"https:\\\/\\\/allasorias.hu\\\/hirek\\\/author\\\/admin-allasorias\\\/#author\"},\"publisher\":{\"@id\":\"https:\\\/\\\/allasorias.hu\\\/hirek\\\/#organization\"},\"image\":{\"@type\":\"ImageObject\",\"url\":\"https:\\\/\\\/allasorias.hu\\\/hirek\\\/wp-content\\\/uploads\\\/2025\\\/06\\\/kommunikacio-problema-megoldo-keszseg.jpg\",\"width\":1920,\"height\":1281,\"caption\":\"A kommunik\\u00e1ci\\u00f3s \\u00e9s probl\\u00e9ma megold\\u00f3 k\\u00e9szs\\u00e9gek kiemelten fontosak - Allasorias.hu\\\/Hirek\"},\"datePublished\":\"2025-06-19T09:30:54+02:00\",\"dateModified\":\"2025-06-19T09:30:54+02:00\",\"inLanguage\":\"hu-HU\",\"mainEntityOfPage\":{\"@id\":\"https:\\\/\\\/allasorias.hu\\\/hirek\\\/a-kommunikacios-es-problema-megoldo-keszsegek-kiemelten-fontosak\\\/#webpage\"},\"isPartOf\":{\"@id\":\"https:\\\/\\\/allasorias.hu\\\/hirek\\\/a-kommunikacios-es-problema-megoldo-keszsegek-kiemelten-fontosak\\\/#webpage\"},\"articleSection\":\"\\u00c1ll\\u00e1skeres\\u00e9s\"},{\"@type\":\"BreadcrumbList\",\"@id\":\"https:\\\/\\\/allasorias.hu\\\/hirek\\\/a-kommunikacios-es-problema-megoldo-keszsegek-kiemelten-fontosak\\\/#breadcrumblist\",\"itemListElement\":[{\"@type\":\"ListItem\",\"@id\":\"https:\\\/\\\/allasorias.hu\\\/hirek#listItem\",\"position\":1,\"name\":\"Home\",\"item\":\"https:\\\/\\\/allasorias.hu\\\/hirek\",\"nextItem\":{\"@type\":\"ListItem\",\"@id\":\"https:\\\/\\\/allasorias.hu\\\/hirek\\\/temak\\\/allaskereses\\\/#listItem\",\"name\":\"\\u00c1ll\\u00e1skeres\\u00e9s\"}},{\"@type\":\"ListItem\",\"@id\":\"https:\\\/\\\/allasorias.hu\\\/hirek\\\/temak\\\/allaskereses\\\/#listItem\",\"position\":2,\"name\":\"\\u00c1ll\\u00e1skeres\\u00e9s\",\"item\":\"https:\\\/\\\/allasorias.hu\\\/hirek\\\/temak\\\/allaskereses\\\/\",\"nextItem\":{\"@type\":\"ListItem\",\"@id\":\"https:\\\/\\\/allasorias.hu\\\/hirek\\\/a-kommunikacios-es-problema-megoldo-keszsegek-kiemelten-fontosak\\\/#listItem\",\"name\":\"A kommunik\\u00e1ci\\u00f3s \\u00e9s probl\\u00e9ma megold\\u00f3 k\\u00e9szs\\u00e9gek kiemelten fontosak\"},\"previousItem\":{\"@type\":\"ListItem\",\"@id\":\"https:\\\/\\\/allasorias.hu\\\/hirek#listItem\",\"name\":\"Home\"}},{\"@type\":\"ListItem\",\"@id\":\"https:\\\/\\\/allasorias.hu\\\/hirek\\\/a-kommunikacios-es-problema-megoldo-keszsegek-kiemelten-fontosak\\\/#listItem\",\"position\":3,\"name\":\"A kommunik\\u00e1ci\\u00f3s \\u00e9s probl\\u00e9ma megold\\u00f3 k\\u00e9szs\\u00e9gek kiemelten fontosak\",\"previousItem\":{\"@type\":\"ListItem\",\"@id\":\"https:\\\/\\\/allasorias.hu\\\/hirek\\\/temak\\\/allaskereses\\\/#listItem\",\"name\":\"\\u00c1ll\\u00e1skeres\\u00e9s\"}}]},{\"@type\":\"Organization\",\"@id\":\"https:\\\/\\\/allasorias.hu\\\/hirek\\\/#organization\",\"name\":\"AllasOrias.hu | H\\u00edrek-lapszemle\",\"description\":\"\\u00dczleti h\\u00edrek az \\u00e1ll\\u00e1s \\u00e9s a munka vil\\u00e1g\\u00e1b\\u00f3l\",\"url\":\"https:\\\/\\\/allasorias.hu\\\/hirek\\\/\",\"logo\":{\"@type\":\"ImageObject\",\"url\":\"https:\\\/\\\/allasorias.hu\\\/hirek\\\/wp-content\\\/uploads\\\/2022\\\/10\\\/allasorias_site_facebok_logo.png\",\"@id\":\"https:\\\/\\\/allasorias.hu\\\/hirek\\\/a-kommunikacios-es-problema-megoldo-keszsegek-kiemelten-fontosak\\\/#organizationLogo\"},\"image\":{\"@id\":\"https:\\\/\\\/allasorias.hu\\\/hirek\\\/a-kommunikacios-es-problema-megoldo-keszsegek-kiemelten-fontosak\\\/#organizationLogo\"},\"sameAs\":[\"https:\\\/\\\/www.facebook.com\\\/allasorias\",\"https:\\\/\\\/www.linkedin.com\\\/company\\\/allasorias\"]},{\"@type\":\"Person\",\"@id\":\"https:\\\/\\\/allasorias.hu\\\/hirek\\\/author\\\/admin-allasorias\\\/#author\",\"url\":\"https:\\\/\\\/allasorias.hu\\\/hirek\\\/author\\\/admin-allasorias\\\/\",\"name\":\"Juh\\u00e1sz P\\u00e9ter\",\"image\":{\"@type\":\"ImageObject\",\"@id\":\"https:\\\/\\\/allasorias.hu\\\/hirek\\\/a-kommunikacios-es-problema-megoldo-keszsegek-kiemelten-fontosak\\\/#authorImage\",\"url\":\"https:\\\/\\\/secure.gravatar.com\\\/avatar\\\/36e6bcb83148978b992977cb0f54d22feb0cce8a0a849a9410532bb2623ba4c6?s=96&d=mm&r=g\",\"width\":96,\"height\":96,\"caption\":\"Juh\\u00e1sz P\\u00e9ter\"}},{\"@type\":\"WebPage\",\"@id\":\"https:\\\/\\\/allasorias.hu\\\/hirek\\\/a-kommunikacios-es-problema-megoldo-keszsegek-kiemelten-fontosak\\\/#webpage\",\"url\":\"https:\\\/\\\/allasorias.hu\\\/hirek\\\/a-kommunikacios-es-problema-megoldo-keszsegek-kiemelten-fontosak\\\/\",\"name\":\"A kommunik\\u00e1ci\\u00f3s \\u00e9s probl\\u00e9ma megold\\u00f3 k\\u00e9szs\\u00e9gek kiemelten fontosak | AllasOrias.hu | H\\u00edrek-lapszemle\",\"description\":\"A csapatmunka, kommunik\\u00e1ci\\u00f3s \\u00e9s probl\\u00e9ma megold\\u00f3 k\\u00e9szs\\u00e9gek kiemelten fontosak az \\u00e1ll\\u00e1skeres\\u00e9sn\\u00e9l. Ugyanakkor elt\\u00e9r\\u0151ek lehetnek a k\\u00fcl\\u00f6nb\\u00f6z\\u0151 gener\\u00e1ci\\u00f3k elv\\u00e1r\\u00e1sai. A folyton v\\u00e1ltoz\\u00f3 munkaer\\u0151piaci helyzet miatt az alkalmazkod\\u00f3 k\\u00e9pess\\u00e9g is nagyon sz\\u00e1m\\u00edt. Egy most elk\\u00e9sz\\u00fclt kutat\\u00e1s azt t\\u00e9rk\\u00e9pezte fel, hogy melyek a leggyakrabban m\\u00e9rt kompetenci\\u00e1k agilis munkak\\u00f6rnyezetben \\u00e1ll\\u00e1sinterj\\u00fakon. A 2024-ben k\\u00e9sz\\u00fclt, 272 f\\u0151s mint\\u00e1n alapul\\u00f3 kutat\\u00e1s r\\u00e9szletesen\",\"inLanguage\":\"hu-HU\",\"isPartOf\":{\"@id\":\"https:\\\/\\\/allasorias.hu\\\/hirek\\\/#website\"},\"breadcrumb\":{\"@id\":\"https:\\\/\\\/allasorias.hu\\\/hirek\\\/a-kommunikacios-es-problema-megoldo-keszsegek-kiemelten-fontosak\\\/#breadcrumblist\"},\"author\":{\"@id\":\"https:\\\/\\\/allasorias.hu\\\/hirek\\\/author\\\/admin-allasorias\\\/#author\"},\"creator\":{\"@id\":\"https:\\\/\\\/allasorias.hu\\\/hirek\\\/author\\\/admin-allasorias\\\/#author\"},\"image\":{\"@type\":\"ImageObject\",\"url\":\"https:\\\/\\\/allasorias.hu\\\/hirek\\\/wp-content\\\/uploads\\\/2025\\\/06\\\/kommunikacio-problema-megoldo-keszseg.jpg\",\"@id\":\"https:\\\/\\\/allasorias.hu\\\/hirek\\\/a-kommunikacios-es-problema-megoldo-keszsegek-kiemelten-fontosak\\\/#mainImage\",\"width\":1920,\"height\":1281,\"caption\":\"A kommunik\\u00e1ci\\u00f3s \\u00e9s probl\\u00e9ma megold\\u00f3 k\\u00e9szs\\u00e9gek kiemelten fontosak - Allasorias.hu\\\/Hirek\"},\"primaryImageOfPage\":{\"@id\":\"https:\\\/\\\/allasorias.hu\\\/hirek\\\/a-kommunikacios-es-problema-megoldo-keszsegek-kiemelten-fontosak\\\/#mainImage\"},\"datePublished\":\"2025-06-19T09:30:54+02:00\",\"dateModified\":\"2025-06-19T09:30:54+02:00\"},{\"@type\":\"WebSite\",\"@id\":\"https:\\\/\\\/allasorias.hu\\\/hirek\\\/#website\",\"url\":\"https:\\\/\\\/allasorias.hu\\\/hirek\\\/\",\"name\":\"AllasOrias.hu | H\\u00edrek-lapszemle\",\"description\":\"\\u00dczleti h\\u00edrek az \\u00e1ll\\u00e1s \\u00e9s a munka vil\\u00e1g\\u00e1b\\u00f3l\",\"inLanguage\":\"hu-HU\",\"publisher\":{\"@id\":\"https:\\\/\\\/allasorias.hu\\\/hirek\\\/#organization\"}}]}\n\t\t<\/script>\n\t\t<!-- All in One SEO -->\n\n","aioseo_head_json":{"title":"A kommunik\u00e1ci\u00f3s \u00e9s probl\u00e9ma megold\u00f3 k\u00e9szs\u00e9gek kiemelten fontosak | AllasOrias.hu | H\u00edrek-lapszemle","description":"A csapatmunka, kommunik\u00e1ci\u00f3s \u00e9s probl\u00e9ma megold\u00f3 k\u00e9szs\u00e9gek kiemelten fontosak az \u00e1ll\u00e1skeres\u00e9sn\u00e9l. Ugyanakkor elt\u00e9r\u0151ek lehetnek a k\u00fcl\u00f6nb\u00f6z\u0151 gener\u00e1ci\u00f3k elv\u00e1r\u00e1sai. A folyton v\u00e1ltoz\u00f3 munkaer\u0151piaci helyzet miatt az alkalmazkod\u00f3 k\u00e9pess\u00e9g is nagyon sz\u00e1m\u00edt. Egy most elk\u00e9sz\u00fclt kutat\u00e1s azt t\u00e9rk\u00e9pezte fel, hogy melyek a leggyakrabban m\u00e9rt kompetenci\u00e1k agilis munkak\u00f6rnyezetben \u00e1ll\u00e1sinterj\u00fakon. A 2024-ben k\u00e9sz\u00fclt, 272 f\u0151s mint\u00e1n alapul\u00f3 kutat\u00e1s r\u00e9szletesen","canonical_url":"https:\/\/allasorias.hu\/hirek\/a-kommunikacios-es-problema-megoldo-keszsegek-kiemelten-fontosak\/","robots":"max-image-preview:large","keywords":"","webmasterTools":{"miscellaneous":""},"schema":{"@context":"https:\/\/schema.org","@graph":[{"@type":"Article","@id":"https:\/\/allasorias.hu\/hirek\/a-kommunikacios-es-problema-megoldo-keszsegek-kiemelten-fontosak\/#article","name":"A kommunik\u00e1ci\u00f3s \u00e9s probl\u00e9ma megold\u00f3 k\u00e9szs\u00e9gek kiemelten fontosak | AllasOrias.hu | H\u00edrek-lapszemle","headline":"A kommunik\u00e1ci\u00f3s \u00e9s probl\u00e9ma megold\u00f3 k\u00e9szs\u00e9gek kiemelten fontosak","author":{"@id":"https:\/\/allasorias.hu\/hirek\/author\/admin-allasorias\/#author"},"publisher":{"@id":"https:\/\/allasorias.hu\/hirek\/#organization"},"image":{"@type":"ImageObject","url":"https:\/\/allasorias.hu\/hirek\/wp-content\/uploads\/2025\/06\/kommunikacio-problema-megoldo-keszseg.jpg","width":1920,"height":1281,"caption":"A kommunik\u00e1ci\u00f3s \u00e9s probl\u00e9ma megold\u00f3 k\u00e9szs\u00e9gek kiemelten fontosak - Allasorias.hu\/Hirek"},"datePublished":"2025-06-19T09:30:54+02:00","dateModified":"2025-06-19T09:30:54+02:00","inLanguage":"hu-HU","mainEntityOfPage":{"@id":"https:\/\/allasorias.hu\/hirek\/a-kommunikacios-es-problema-megoldo-keszsegek-kiemelten-fontosak\/#webpage"},"isPartOf":{"@id":"https:\/\/allasorias.hu\/hirek\/a-kommunikacios-es-problema-megoldo-keszsegek-kiemelten-fontosak\/#webpage"},"articleSection":"\u00c1ll\u00e1skeres\u00e9s"},{"@type":"BreadcrumbList","@id":"https:\/\/allasorias.hu\/hirek\/a-kommunikacios-es-problema-megoldo-keszsegek-kiemelten-fontosak\/#breadcrumblist","itemListElement":[{"@type":"ListItem","@id":"https:\/\/allasorias.hu\/hirek#listItem","position":1,"name":"Home","item":"https:\/\/allasorias.hu\/hirek","nextItem":{"@type":"ListItem","@id":"https:\/\/allasorias.hu\/hirek\/temak\/allaskereses\/#listItem","name":"\u00c1ll\u00e1skeres\u00e9s"}},{"@type":"ListItem","@id":"https:\/\/allasorias.hu\/hirek\/temak\/allaskereses\/#listItem","position":2,"name":"\u00c1ll\u00e1skeres\u00e9s","item":"https:\/\/allasorias.hu\/hirek\/temak\/allaskereses\/","nextItem":{"@type":"ListItem","@id":"https:\/\/allasorias.hu\/hirek\/a-kommunikacios-es-problema-megoldo-keszsegek-kiemelten-fontosak\/#listItem","name":"A kommunik\u00e1ci\u00f3s \u00e9s probl\u00e9ma megold\u00f3 k\u00e9szs\u00e9gek kiemelten fontosak"},"previousItem":{"@type":"ListItem","@id":"https:\/\/allasorias.hu\/hirek#listItem","name":"Home"}},{"@type":"ListItem","@id":"https:\/\/allasorias.hu\/hirek\/a-kommunikacios-es-problema-megoldo-keszsegek-kiemelten-fontosak\/#listItem","position":3,"name":"A kommunik\u00e1ci\u00f3s \u00e9s probl\u00e9ma megold\u00f3 k\u00e9szs\u00e9gek kiemelten fontosak","previousItem":{"@type":"ListItem","@id":"https:\/\/allasorias.hu\/hirek\/temak\/allaskereses\/#listItem","name":"\u00c1ll\u00e1skeres\u00e9s"}}]},{"@type":"Organization","@id":"https:\/\/allasorias.hu\/hirek\/#organization","name":"AllasOrias.hu | H\u00edrek-lapszemle","description":"\u00dczleti h\u00edrek az \u00e1ll\u00e1s \u00e9s a munka vil\u00e1g\u00e1b\u00f3l","url":"https:\/\/allasorias.hu\/hirek\/","logo":{"@type":"ImageObject","url":"https:\/\/allasorias.hu\/hirek\/wp-content\/uploads\/2022\/10\/allasorias_site_facebok_logo.png","@id":"https:\/\/allasorias.hu\/hirek\/a-kommunikacios-es-problema-megoldo-keszsegek-kiemelten-fontosak\/#organizationLogo"},"image":{"@id":"https:\/\/allasorias.hu\/hirek\/a-kommunikacios-es-problema-megoldo-keszsegek-kiemelten-fontosak\/#organizationLogo"},"sameAs":["https:\/\/www.facebook.com\/allasorias","https:\/\/www.linkedin.com\/company\/allasorias"]},{"@type":"Person","@id":"https:\/\/allasorias.hu\/hirek\/author\/admin-allasorias\/#author","url":"https:\/\/allasorias.hu\/hirek\/author\/admin-allasorias\/","name":"Juh\u00e1sz P\u00e9ter","image":{"@type":"ImageObject","@id":"https:\/\/allasorias.hu\/hirek\/a-kommunikacios-es-problema-megoldo-keszsegek-kiemelten-fontosak\/#authorImage","url":"https:\/\/secure.gravatar.com\/avatar\/36e6bcb83148978b992977cb0f54d22feb0cce8a0a849a9410532bb2623ba4c6?s=96&d=mm&r=g","width":96,"height":96,"caption":"Juh\u00e1sz P\u00e9ter"}},{"@type":"WebPage","@id":"https:\/\/allasorias.hu\/hirek\/a-kommunikacios-es-problema-megoldo-keszsegek-kiemelten-fontosak\/#webpage","url":"https:\/\/allasorias.hu\/hirek\/a-kommunikacios-es-problema-megoldo-keszsegek-kiemelten-fontosak\/","name":"A kommunik\u00e1ci\u00f3s \u00e9s probl\u00e9ma megold\u00f3 k\u00e9szs\u00e9gek kiemelten fontosak | AllasOrias.hu | H\u00edrek-lapszemle","description":"A csapatmunka, kommunik\u00e1ci\u00f3s \u00e9s probl\u00e9ma megold\u00f3 k\u00e9szs\u00e9gek kiemelten fontosak az \u00e1ll\u00e1skeres\u00e9sn\u00e9l. Ugyanakkor elt\u00e9r\u0151ek lehetnek a k\u00fcl\u00f6nb\u00f6z\u0151 gener\u00e1ci\u00f3k elv\u00e1r\u00e1sai. A folyton v\u00e1ltoz\u00f3 munkaer\u0151piaci helyzet miatt az alkalmazkod\u00f3 k\u00e9pess\u00e9g is nagyon sz\u00e1m\u00edt. Egy most elk\u00e9sz\u00fclt kutat\u00e1s azt t\u00e9rk\u00e9pezte fel, hogy melyek a leggyakrabban m\u00e9rt kompetenci\u00e1k agilis munkak\u00f6rnyezetben \u00e1ll\u00e1sinterj\u00fakon. A 2024-ben k\u00e9sz\u00fclt, 272 f\u0151s mint\u00e1n alapul\u00f3 kutat\u00e1s r\u00e9szletesen","inLanguage":"hu-HU","isPartOf":{"@id":"https:\/\/allasorias.hu\/hirek\/#website"},"breadcrumb":{"@id":"https:\/\/allasorias.hu\/hirek\/a-kommunikacios-es-problema-megoldo-keszsegek-kiemelten-fontosak\/#breadcrumblist"},"author":{"@id":"https:\/\/allasorias.hu\/hirek\/author\/admin-allasorias\/#author"},"creator":{"@id":"https:\/\/allasorias.hu\/hirek\/author\/admin-allasorias\/#author"},"image":{"@type":"ImageObject","url":"https:\/\/allasorias.hu\/hirek\/wp-content\/uploads\/2025\/06\/kommunikacio-problema-megoldo-keszseg.jpg","@id":"https:\/\/allasorias.hu\/hirek\/a-kommunikacios-es-problema-megoldo-keszsegek-kiemelten-fontosak\/#mainImage","width":1920,"height":1281,"caption":"A kommunik\u00e1ci\u00f3s \u00e9s probl\u00e9ma megold\u00f3 k\u00e9szs\u00e9gek kiemelten fontosak - Allasorias.hu\/Hirek"},"primaryImageOfPage":{"@id":"https:\/\/allasorias.hu\/hirek\/a-kommunikacios-es-problema-megoldo-keszsegek-kiemelten-fontosak\/#mainImage"},"datePublished":"2025-06-19T09:30:54+02:00","dateModified":"2025-06-19T09:30:54+02:00"},{"@type":"WebSite","@id":"https:\/\/allasorias.hu\/hirek\/#website","url":"https:\/\/allasorias.hu\/hirek\/","name":"AllasOrias.hu | H\u00edrek-lapszemle","description":"\u00dczleti h\u00edrek az \u00e1ll\u00e1s \u00e9s a munka vil\u00e1g\u00e1b\u00f3l","inLanguage":"hu-HU","publisher":{"@id":"https:\/\/allasorias.hu\/hirek\/#organization"}}]},"og:locale":"hu_HU","og:site_name":"AllasOrias.hu | H\u00edrek-lapszemle | \u00dczleti h\u00edrek az \u00e1ll\u00e1s \u00e9s a munka vil\u00e1g\u00e1b\u00f3l","og:type":"article","og:title":"A kommunik\u00e1ci\u00f3s \u00e9s probl\u00e9ma megold\u00f3 k\u00e9szs\u00e9gek kiemelten fontosak | AllasOrias.hu | H\u00edrek-lapszemle","og:description":"A csapatmunka, kommunik\u00e1ci\u00f3s \u00e9s probl\u00e9ma megold\u00f3 k\u00e9szs\u00e9gek kiemelten fontosak az \u00e1ll\u00e1skeres\u00e9sn\u00e9l. Ugyanakkor elt\u00e9r\u0151ek lehetnek a k\u00fcl\u00f6nb\u00f6z\u0151 gener\u00e1ci\u00f3k elv\u00e1r\u00e1sai. A folyton v\u00e1ltoz\u00f3 munkaer\u0151piaci helyzet miatt az alkalmazkod\u00f3 k\u00e9pess\u00e9g is nagyon sz\u00e1m\u00edt. Egy most elk\u00e9sz\u00fclt kutat\u00e1s azt t\u00e9rk\u00e9pezte fel, hogy melyek a leggyakrabban m\u00e9rt kompetenci\u00e1k agilis munkak\u00f6rnyezetben \u00e1ll\u00e1sinterj\u00fakon. A 2024-ben k\u00e9sz\u00fclt, 272 f\u0151s mint\u00e1n alapul\u00f3 kutat\u00e1s r\u00e9szletesen","og:url":"https:\/\/allasorias.hu\/hirek\/a-kommunikacios-es-problema-megoldo-keszsegek-kiemelten-fontosak\/","og:image":"https:\/\/allasorias.hu\/hirek\/wp-content\/uploads\/2025\/06\/kommunikacio-problema-megoldo-keszseg.jpg","og:image:secure_url":"https:\/\/allasorias.hu\/hirek\/wp-content\/uploads\/2025\/06\/kommunikacio-problema-megoldo-keszseg.jpg","og:image:width":1920,"og:image:height":1281,"article:published_time":"2025-06-19T07:30:54+00:00","article:modified_time":"2025-06-19T07:30:54+00:00","article:publisher":"https:\/\/www.facebook.com\/allasorias","twitter:card":"summary_large_image","twitter:title":"A kommunik\u00e1ci\u00f3s \u00e9s probl\u00e9ma megold\u00f3 k\u00e9szs\u00e9gek kiemelten fontosak | AllasOrias.hu | H\u00edrek-lapszemle","twitter:description":"A csapatmunka, kommunik\u00e1ci\u00f3s \u00e9s probl\u00e9ma megold\u00f3 k\u00e9szs\u00e9gek kiemelten fontosak az \u00e1ll\u00e1skeres\u00e9sn\u00e9l. Ugyanakkor elt\u00e9r\u0151ek lehetnek a k\u00fcl\u00f6nb\u00f6z\u0151 gener\u00e1ci\u00f3k elv\u00e1r\u00e1sai. A folyton v\u00e1ltoz\u00f3 munkaer\u0151piaci helyzet miatt az alkalmazkod\u00f3 k\u00e9pess\u00e9g is nagyon sz\u00e1m\u00edt. Egy most elk\u00e9sz\u00fclt kutat\u00e1s azt t\u00e9rk\u00e9pezte fel, hogy melyek a leggyakrabban m\u00e9rt kompetenci\u00e1k agilis munkak\u00f6rnyezetben \u00e1ll\u00e1sinterj\u00fakon. A 2024-ben k\u00e9sz\u00fclt, 272 f\u0151s mint\u00e1n alapul\u00f3 kutat\u00e1s r\u00e9szletesen","twitter:image":"https:\/\/allasorias.hu\/hirek\/wp-content\/uploads\/2025\/06\/kommunikacio-problema-megoldo-keszseg.jpg","twitter:label1":"Written by","twitter:data1":"Juh\u00e1sz P\u00e9ter","twitter:label2":"Est. reading time","twitter:data2":"4 minutes"},"aioseo_meta_data":{"post_id":"8538","title":null,"description":null,"keywords":null,"keyphrases":{"focus":{"keyphrase":"","score":0,"analysis":{"keyphraseInTitle":{"score":0,"maxScore":9,"error":1}}},"additional":[]},"primary_term":null,"canonical_url":null,"og_title":null,"og_description":null,"og_object_type":"default","og_image_type":"default","og_image_url":null,"og_image_width":null,"og_image_height":null,"og_image_custom_url":null,"og_image_custom_fields":null,"og_video":"","og_custom_url":null,"og_article_section":null,"og_article_tags":null,"twitter_use_og":true,"twitter_card":"default","twitter_image_type":"default","twitter_image_url":null,"twitter_image_custom_url":null,"twitter_image_custom_fields":null,"twitter_title":null,"twitter_description":null,"schema":{"blockGraphs":[],"customGraphs":[],"default":{"data":{"Article":[],"Course":[],"Dataset":[],"FAQPage":[],"Movie":[],"Person":[],"Product":[],"ProductReview":[],"Car":[],"Recipe":[],"Service":[],"SoftwareApplication":[],"WebPage":[]},"graphName":"Article","isEnabled":true},"graphs":[]},"schema_type":"default","schema_type_options":null,"pillar_content":false,"robots_default":true,"robots_noindex":false,"robots_noarchive":false,"robots_nosnippet":false,"robots_nofollow":false,"robots_noimageindex":false,"robots_noodp":false,"robots_notranslate":false,"robots_max_snippet":"-1","robots_max_videopreview":"-1","robots_max_imagepreview":"large","priority":null,"frequency":"default","location":null,"local_seo":null,"breadcrumb_settings":null,"limit_modified_date":false,"ai":null,"created":"2025-06-19 07:29:54","updated":"2025-10-02 21:20:00","seo_analyzer_scan_date":null,"focus_keyword":null,"additional_keywords":null,"truseo_locale":null},"aioseo_breadcrumb":"<div class=\"aioseo-breadcrumbs\"><span class=\"aioseo-breadcrumb\">\n\t\t\t<a href=\"https:\/\/allasorias.hu\/hirek\" title=\"Home\">Home<\/a>\n\t\t<\/span><span class=\"aioseo-breadcrumb-separator\">&raquo;<\/span><span class=\"aioseo-breadcrumb\">\n\t\t\t<a href=\"https:\/\/allasorias.hu\/hirek\/temak\/allaskereses\/\" title=\"\u00c1ll\u00e1skeres\u00e9s\">\u00c1ll\u00e1skeres\u00e9s<\/a>\n\t\t<\/span><span class=\"aioseo-breadcrumb-separator\">&raquo;<\/span><span class=\"aioseo-breadcrumb\">\n\t\t\tA kommunik\u00e1ci\u00f3s \u00e9s probl\u00e9ma megold\u00f3 k\u00e9szs\u00e9gek kiemelten fontosak\n\t\t<\/span><\/div>","aioseo_breadcrumb_json":[{"label":"Home","link":"https:\/\/allasorias.hu\/hirek"},{"label":"\u00c1ll\u00e1skeres\u00e9s","link":"https:\/\/allasorias.hu\/hirek\/temak\/allaskereses\/"},{"label":"A kommunik\u00e1ci\u00f3s \u00e9s probl\u00e9ma megold\u00f3 k\u00e9szs\u00e9gek kiemelten fontosak","link":"https:\/\/allasorias.hu\/hirek\/a-kommunikacios-es-problema-megoldo-keszsegek-kiemelten-fontosak\/"}],"_links":{"self":[{"href":"https:\/\/allasorias.hu\/hirek\/wp-json\/wp\/v2\/posts\/8538","targetHints":{"allow":["GET"]}}],"collection":[{"href":"https:\/\/allasorias.hu\/hirek\/wp-json\/wp\/v2\/posts"}],"about":[{"href":"https:\/\/allasorias.hu\/hirek\/wp-json\/wp\/v2\/types\/post"}],"author":[{"embeddable":true,"href":"https:\/\/allasorias.hu\/hirek\/wp-json\/wp\/v2\/users\/1"}],"replies":[{"embeddable":true,"href":"https:\/\/allasorias.hu\/hirek\/wp-json\/wp\/v2\/comments?post=8538"}],"version-history":[{"count":1,"href":"https:\/\/allasorias.hu\/hirek\/wp-json\/wp\/v2\/posts\/8538\/revisions"}],"predecessor-version":[{"id":8540,"href":"https:\/\/allasorias.hu\/hirek\/wp-json\/wp\/v2\/posts\/8538\/revisions\/8540"}],"wp:featuredmedia":[{"embeddable":true,"href":"https:\/\/allasorias.hu\/hirek\/wp-json\/wp\/v2\/media\/8539"}],"wp:attachment":[{"href":"https:\/\/allasorias.hu\/hirek\/wp-json\/wp\/v2\/media?parent=8538"}],"wp:term":[{"taxonomy":"category","embeddable":true,"href":"https:\/\/allasorias.hu\/hirek\/wp-json\/wp\/v2\/categories?post=8538"},{"taxonomy":"post_tag","embeddable":true,"href":"https:\/\/allasorias.hu\/hirek\/wp-json\/wp\/v2\/tags?post=8538"}],"curies":[{"name":"wp","href":"https:\/\/api.w.org\/{rel}","templated":true}]}}