{"id":8534,"date":"2025-06-18T11:03:33","date_gmt":"2025-06-18T09:03:33","guid":{"rendered":"https:\/\/allasorias.hu\/hirek\/?p=8534"},"modified":"2025-06-18T11:03:33","modified_gmt":"2025-06-18T09:03:33","slug":"magas-a-munkanelkuliseg-ukrajnaban","status":"publish","type":"post","link":"https:\/\/allasorias.hu\/hirek\/magas-a-munkanelkuliseg-ukrajnaban\/","title":{"rendered":"Magas a munkan\u00e9lk\u00fclis\u00e9g Ukrajn\u00e1ban"},"content":{"rendered":"<p><strong>Magas a munkan\u00e9lk\u00fclis\u00e9g a szomsz\u00e9dos Ukrajn\u00e1ban, a h\u00e1bor\u00fa\u00a0 m\u00e9g tov\u00e1bb rontja az am\u00fagy is rossz munkaer\u0151piaci helyzetet. A szakemberek szerint az ukr\u00e1n olcs\u00f3 munkaer\u0151 nem tenne j\u00f3t haz\u00e1nknak.<\/strong><\/p>\n<p>Ukrajn\u00e1ban j\u00f3val alacsonyabb az \u00e1tlagb\u00e9r \u00e9s magasabb a munkan\u00e9lk\u00fclis\u00e9gi r\u00e1ta, ez\u00e9rt keleti szomsz\u00e9dunk uni\u00f3s csatlakoz\u00e1sa \u00faj kih\u00edv\u00e1sokat jelenthet a magyar munkaer\u0151piacon. Vonz\u00f3 c\u00e9lpontt\u00e1 v\u00e1lhatunk az olcs\u00f3 ukr\u00e1n munkaer\u0151 sz\u00e1m\u00e1ra, ami lefel\u00e9 nyomhatja a b\u00e9reket, \u00e9s vesz\u00e9lybe sodorhatja a teljes foglalkoztatotts\u00e1got, k\u00fcl\u00f6n\u00f6sen kedvez\u0151tlen\u00fcl \u00e9rintve a h\u00e1tr\u00e1nyos helyzet\u0171 t\u00e1rsadalmi csoportokat.<\/p>\n<p>M\u00edg Magyarorsz\u00e1gon 2021-ben a munkan\u00e9lk\u00fclis\u00e9gi r\u00e1ta 4 sz\u00e1zal\u00e9k volt, Ukrajn\u00e1ban ugyanez az ar\u00e1ny 19 sz\u00e1zal\u00e9kot tett ki. Emellett az ukr\u00e1n brutt\u00f3 \u00e1tlagb\u00e9r 2024-ben mind\u00f6ssze 195.270 forint volt, ami a magyar 646.800 forintos brutt\u00f3 \u00e1tlagb\u00e9rnek alig harmada. Mindez rendk\u00edv\u00fcl vonz\u00f3v\u00e1 teszi a magyar munkaer\u0151piacot az ukr\u00e1n \u00e1llampolg\u00e1rok sz\u00e1m\u00e1ra \u2013 k\u00fcl\u00f6n\u00f6sen akkor, ha a csatlakoz\u00e1si folyamat v\u00e9g\u00e9n az uni\u00f3s tag\u00e1llamok k\u00f6zti szabad munkav\u00e1llal\u00e1s lehet\u0151s\u00e9ge is megny\u00edlik el\u0151tt\u00fck.<\/p>\n<p>A magyar korm\u00e1ny az elm\u00falt \u00e9vekben jelent\u0151s eredm\u00e9nyeket \u00e9rt el a foglalkoztatotts\u00e1g n\u00f6vel\u00e9s\u00e9ben, k\u00fcl\u00f6n\u00f6sen a h\u00e1tr\u00e1nyos helyzet\u0171 t\u00e1rsadalmi csoportok k\u00f6r\u00e9ben. Magyarorsz\u00e1g jelenleg szigor\u00fa kv\u00f3t\u00e1kkal szab\u00e1lyozza a harmadik orsz\u00e1gb\u00f3l \u00e9rkez\u0151 munkav\u00e1llal\u00f3k sz\u00e1m\u00e1t: a vend\u00e9gmunk\u00e1sok fels\u0151 korl\u00e1tja \u00e9vi 65.000 f\u0151, r\u00e1ad\u00e1sul csak el\u0151re meghat\u00e1rozott, hi\u00e1nyszakm\u00e1kban enged\u00e9lyezik a foglalkoztat\u00e1sukat.<\/p>\n<p>Az aktu\u00e1lis gazdas\u00e1gpolitikai \u00e9rt\u00e9kel\u00e9sek szerint ez a rendszer j\u00f3l m\u0171k\u00f6dik, de a szab\u00e1lyoz\u00e1s rugalmass\u00e1ga komoly nyom\u00e1s al\u00e1 ker\u00fclhet, ha Ukrajna EU-tag\u00e1llamm\u00e1 v\u00e1lik. Az uni\u00f3s csatlakoz\u00e1s egyik legf\u0151bb k\u00f6vetkezm\u00e9nye ugyanis az lenne, hogy az ukr\u00e1n \u00e1llampolg\u00e1rok szabadon v\u00e1llalhatn\u00e1nak munk\u00e1t Magyarorsz\u00e1gon. Ennek hat\u00e1s\u00e1ra a munkaer\u0151piac egyens\u00falya k\u00f6nnyen megbillenhet: nemcsak a b\u00e9rek cs\u00f6kken\u00e9se, hanem a t\u00e1rsadalmi fesz\u00fclts\u00e9gek n\u00f6veked\u00e9se is elk\u00e9pzelhet\u0151.<\/p>\n<p>Forr\u00e1s: <a href=\"https:\/\/www.origo.hu\/gazdasag\/2025\/06\/olcso-ukran-munkaero\">origo.hu<\/a><\/p>\n","protected":false},"excerpt":{"rendered":"<p>Magas a munkan\u00e9lk\u00fclis\u00e9g a szomsz\u00e9dos Ukrajn\u00e1ban, a h\u00e1bor\u00fa\u00a0 m\u00e9g tov\u00e1bb rontja az am\u00fagy is rossz munkaer\u0151piaci helyzetet. A szakemberek szerint az ukr\u00e1n olcs\u00f3 munkaer\u0151 nem tenne j\u00f3t haz\u00e1nknak. Ukrajn\u00e1ban j\u00f3val alacsonyabb az \u00e1tlagb\u00e9r \u00e9s magasabb a munkan\u00e9lk\u00fclis\u00e9gi r\u00e1ta, ez\u00e9rt keleti szomsz\u00e9dunk uni\u00f3s csatlakoz\u00e1sa \u00faj kih\u00edv\u00e1sokat jelenthet a magyar munkaer\u0151piacon. Vonz\u00f3 c\u00e9lpontt\u00e1 v\u00e1lhatunk az olcs\u00f3 ukr\u00e1n [&hellip;]<\/p>\n","protected":false},"author":1,"featured_media":8536,"comment_status":"closed","ping_status":"closed","sticky":false,"template":"","format":"standard","meta":{"_monsterinsights_skip_tracking":false,"footnotes":""},"categories":[201],"tags":[],"class_list":["post-8534","post","type-post","status-publish","format-standard","has-post-thumbnail","hentry","category-kulfold"],"aioseo_notices":[],"aioseo_head":"\n\t\t<!-- All in One SEO 5.0.0.1 - aioseo.com -->\n\t<meta name=\"description\" content=\"Magas a munkan\u00e9lk\u00fclis\u00e9g a szomsz\u00e9dos Ukrajn\u00e1ban, a h\u00e1bor\u00fa m\u00e9g tov\u00e1bb rontja az am\u00fagy is rossz munkaer\u0151piaci helyzetet.\" \/>\n\t<meta name=\"robots\" content=\"max-image-preview:large\" \/>\n\t<meta name=\"author\" content=\"Juh\u00e1sz P\u00e9ter\"\/>\n\t<link rel=\"canonical\" href=\"https:\/\/allasorias.hu\/hirek\/magas-a-munkanelkuliseg-ukrajnaban\/\" \/>\n\t<meta name=\"generator\" content=\"All in One SEO (AIOSEO) 5.0.0.1\" \/>\n\t\t<meta property=\"og:locale\" content=\"hu_HU\" \/>\n\t\t<meta property=\"og:site_name\" content=\"AllasOrias.hu | H\u00edrek-lapszemle | \u00dczleti h\u00edrek az \u00e1ll\u00e1s \u00e9s a munka vil\u00e1g\u00e1b\u00f3l\" \/>\n\t\t<meta property=\"og:type\" content=\"article\" \/>\n\t\t<meta property=\"og:title\" content=\"Ukrajn\u00e1ban magas a munkan\u00e9lk\u00fclis\u00e9g\" \/>\n\t\t<meta property=\"og:description\" content=\"Magas a munkan\u00e9lk\u00fclis\u00e9g a szomsz\u00e9dos Ukrajn\u00e1ban, a h\u00e1bor\u00fa m\u00e9g tov\u00e1bb rontja az am\u00fagy is rossz munkaer\u0151piaci helyzetet.\" \/>\n\t\t<meta property=\"og:url\" content=\"https:\/\/allasorias.hu\/hirek\/magas-a-munkanelkuliseg-ukrajnaban\/\" \/>\n\t\t<meta property=\"og:image\" content=\"https:\/\/allasorias.hu\/hirek\/wp-content\/uploads\/2025\/06\/munkanelkuliseg-ukrajnaban.jpg\" \/>\n\t\t<meta property=\"og:image:secure_url\" content=\"https:\/\/allasorias.hu\/hirek\/wp-content\/uploads\/2025\/06\/munkanelkuliseg-ukrajnaban.jpg\" \/>\n\t\t<meta property=\"og:image:width\" content=\"1920\" \/>\n\t\t<meta property=\"og:image:height\" content=\"1048\" \/>\n\t\t<meta property=\"article:published_time\" content=\"2025-06-18T09:03:33+00:00\" \/>\n\t\t<meta property=\"article:modified_time\" content=\"2025-06-18T09:03:33+00:00\" \/>\n\t\t<meta property=\"article:publisher\" content=\"https:\/\/www.facebook.com\/allasorias\" \/>\n\t\t<meta name=\"twitter:card\" content=\"summary_large_image\" \/>\n\t\t<meta name=\"twitter:title\" content=\"Ukrajn\u00e1ban magas a munkan\u00e9lk\u00fclis\u00e9g\" \/>\n\t\t<meta name=\"twitter:description\" content=\"Magas a munkan\u00e9lk\u00fclis\u00e9g a szomsz\u00e9dos Ukrajn\u00e1ban, a h\u00e1bor\u00fa m\u00e9g tov\u00e1bb rontja az am\u00fagy is rossz munkaer\u0151piaci helyzetet.\" \/>\n\t\t<meta name=\"twitter:image\" content=\"https:\/\/allasorias.hu\/hirek\/wp-content\/uploads\/2025\/06\/munkanelkuliseg-ukrajnaban.jpg\" \/>\n\t\t<meta name=\"twitter:label1\" content=\"Written by\" \/>\n\t\t<meta name=\"twitter:data1\" content=\"Juh\u00e1sz P\u00e9ter\" \/>\n\t\t<meta name=\"twitter:label2\" content=\"Est. reading time\" \/>\n\t\t<meta name=\"twitter:data2\" content=\"2 minutes\" \/>\n\t\t<script type=\"application\/ld+json\" class=\"aioseo-schema\">\n\t\t\t{\"@context\":\"https:\\\/\\\/schema.org\",\"@graph\":[{\"@type\":\"Article\",\"@id\":\"https:\\\/\\\/allasorias.hu\\\/hirek\\\/magas-a-munkanelkuliseg-ukrajnaban\\\/#article\",\"name\":\"Ukrajn\\u00e1ban magas a munkan\\u00e9lk\\u00fclis\\u00e9g\",\"headline\":\"Magas a munkan\\u00e9lk\\u00fclis\\u00e9g Ukrajn\\u00e1ban\",\"author\":{\"@id\":\"https:\\\/\\\/allasorias.hu\\\/hirek\\\/author\\\/admin-allasorias\\\/#author\"},\"publisher\":{\"@id\":\"https:\\\/\\\/allasorias.hu\\\/hirek\\\/#organization\"},\"image\":{\"@type\":\"ImageObject\",\"url\":\"https:\\\/\\\/allasorias.hu\\\/hirek\\\/wp-content\\\/uploads\\\/2025\\\/06\\\/munkanelkuliseg-ukrajnaban.jpg\",\"width\":1920,\"height\":1048,\"caption\":\"Magas a munkan\\u00e9lk\\u00fclis\\u00e9g Ukrajn\\u00e1ban - Allasorias.hu\\\/Hirek\"},\"datePublished\":\"2025-06-18T11:03:33+02:00\",\"dateModified\":\"2025-06-18T11:03:33+02:00\",\"inLanguage\":\"hu-HU\",\"mainEntityOfPage\":{\"@id\":\"https:\\\/\\\/allasorias.hu\\\/hirek\\\/magas-a-munkanelkuliseg-ukrajnaban\\\/#webpage\"},\"isPartOf\":{\"@id\":\"https:\\\/\\\/allasorias.hu\\\/hirek\\\/magas-a-munkanelkuliseg-ukrajnaban\\\/#webpage\"},\"articleSection\":\"K\\u00fclf\\u00f6ld\"},{\"@type\":\"BreadcrumbList\",\"@id\":\"https:\\\/\\\/allasorias.hu\\\/hirek\\\/magas-a-munkanelkuliseg-ukrajnaban\\\/#breadcrumblist\",\"itemListElement\":[{\"@type\":\"ListItem\",\"@id\":\"https:\\\/\\\/allasorias.hu\\\/hirek#listItem\",\"position\":1,\"name\":\"Home\",\"item\":\"https:\\\/\\\/allasorias.hu\\\/hirek\",\"nextItem\":{\"@type\":\"ListItem\",\"@id\":\"https:\\\/\\\/allasorias.hu\\\/hirek\\\/temak\\\/kulfold\\\/#listItem\",\"name\":\"K\\u00fclf\\u00f6ld\"}},{\"@type\":\"ListItem\",\"@id\":\"https:\\\/\\\/allasorias.hu\\\/hirek\\\/temak\\\/kulfold\\\/#listItem\",\"position\":2,\"name\":\"K\\u00fclf\\u00f6ld\",\"item\":\"https:\\\/\\\/allasorias.hu\\\/hirek\\\/temak\\\/kulfold\\\/\",\"nextItem\":{\"@type\":\"ListItem\",\"@id\":\"https:\\\/\\\/allasorias.hu\\\/hirek\\\/magas-a-munkanelkuliseg-ukrajnaban\\\/#listItem\",\"name\":\"Magas a munkan\\u00e9lk\\u00fclis\\u00e9g Ukrajn\\u00e1ban\"},\"previousItem\":{\"@type\":\"ListItem\",\"@id\":\"https:\\\/\\\/allasorias.hu\\\/hirek#listItem\",\"name\":\"Home\"}},{\"@type\":\"ListItem\",\"@id\":\"https:\\\/\\\/allasorias.hu\\\/hirek\\\/magas-a-munkanelkuliseg-ukrajnaban\\\/#listItem\",\"position\":3,\"name\":\"Magas a munkan\\u00e9lk\\u00fclis\\u00e9g Ukrajn\\u00e1ban\",\"previousItem\":{\"@type\":\"ListItem\",\"@id\":\"https:\\\/\\\/allasorias.hu\\\/hirek\\\/temak\\\/kulfold\\\/#listItem\",\"name\":\"K\\u00fclf\\u00f6ld\"}}]},{\"@type\":\"Organization\",\"@id\":\"https:\\\/\\\/allasorias.hu\\\/hirek\\\/#organization\",\"name\":\"AllasOrias.hu | H\\u00edrek-lapszemle\",\"description\":\"\\u00dczleti h\\u00edrek az \\u00e1ll\\u00e1s \\u00e9s a munka vil\\u00e1g\\u00e1b\\u00f3l\",\"url\":\"https:\\\/\\\/allasorias.hu\\\/hirek\\\/\",\"logo\":{\"@type\":\"ImageObject\",\"url\":\"https:\\\/\\\/allasorias.hu\\\/hirek\\\/wp-content\\\/uploads\\\/2022\\\/10\\\/allasorias_site_facebok_logo.png\",\"@id\":\"https:\\\/\\\/allasorias.hu\\\/hirek\\\/magas-a-munkanelkuliseg-ukrajnaban\\\/#organizationLogo\"},\"image\":{\"@id\":\"https:\\\/\\\/allasorias.hu\\\/hirek\\\/magas-a-munkanelkuliseg-ukrajnaban\\\/#organizationLogo\"},\"sameAs\":[\"https:\\\/\\\/www.facebook.com\\\/allasorias\",\"https:\\\/\\\/www.linkedin.com\\\/company\\\/allasorias\"]},{\"@type\":\"Person\",\"@id\":\"https:\\\/\\\/allasorias.hu\\\/hirek\\\/author\\\/admin-allasorias\\\/#author\",\"url\":\"https:\\\/\\\/allasorias.hu\\\/hirek\\\/author\\\/admin-allasorias\\\/\",\"name\":\"Juh\\u00e1sz P\\u00e9ter\",\"image\":{\"@type\":\"ImageObject\",\"@id\":\"https:\\\/\\\/allasorias.hu\\\/hirek\\\/magas-a-munkanelkuliseg-ukrajnaban\\\/#authorImage\",\"url\":\"https:\\\/\\\/secure.gravatar.com\\\/avatar\\\/36e6bcb83148978b992977cb0f54d22feb0cce8a0a849a9410532bb2623ba4c6?s=96&d=mm&r=g\",\"width\":96,\"height\":96,\"caption\":\"Juh\\u00e1sz P\\u00e9ter\"}},{\"@type\":\"WebPage\",\"@id\":\"https:\\\/\\\/allasorias.hu\\\/hirek\\\/magas-a-munkanelkuliseg-ukrajnaban\\\/#webpage\",\"url\":\"https:\\\/\\\/allasorias.hu\\\/hirek\\\/magas-a-munkanelkuliseg-ukrajnaban\\\/\",\"name\":\"Ukrajn\\u00e1ban magas a munkan\\u00e9lk\\u00fclis\\u00e9g\",\"description\":\"Magas a munkan\\u00e9lk\\u00fclis\\u00e9g a szomsz\\u00e9dos Ukrajn\\u00e1ban, a h\\u00e1bor\\u00fa m\\u00e9g tov\\u00e1bb rontja az am\\u00fagy is rossz munkaer\\u0151piaci helyzetet.\",\"inLanguage\":\"hu-HU\",\"isPartOf\":{\"@id\":\"https:\\\/\\\/allasorias.hu\\\/hirek\\\/#website\"},\"breadcrumb\":{\"@id\":\"https:\\\/\\\/allasorias.hu\\\/hirek\\\/magas-a-munkanelkuliseg-ukrajnaban\\\/#breadcrumblist\"},\"author\":{\"@id\":\"https:\\\/\\\/allasorias.hu\\\/hirek\\\/author\\\/admin-allasorias\\\/#author\"},\"creator\":{\"@id\":\"https:\\\/\\\/allasorias.hu\\\/hirek\\\/author\\\/admin-allasorias\\\/#author\"},\"image\":{\"@type\":\"ImageObject\",\"url\":\"https:\\\/\\\/allasorias.hu\\\/hirek\\\/wp-content\\\/uploads\\\/2025\\\/06\\\/munkanelkuliseg-ukrajnaban.jpg\",\"@id\":\"https:\\\/\\\/allasorias.hu\\\/hirek\\\/magas-a-munkanelkuliseg-ukrajnaban\\\/#mainImage\",\"width\":1920,\"height\":1048,\"caption\":\"Magas a munkan\\u00e9lk\\u00fclis\\u00e9g Ukrajn\\u00e1ban - Allasorias.hu\\\/Hirek\"},\"primaryImageOfPage\":{\"@id\":\"https:\\\/\\\/allasorias.hu\\\/hirek\\\/magas-a-munkanelkuliseg-ukrajnaban\\\/#mainImage\"},\"datePublished\":\"2025-06-18T11:03:33+02:00\",\"dateModified\":\"2025-06-18T11:03:33+02:00\"},{\"@type\":\"WebSite\",\"@id\":\"https:\\\/\\\/allasorias.hu\\\/hirek\\\/#website\",\"url\":\"https:\\\/\\\/allasorias.hu\\\/hirek\\\/\",\"name\":\"AllasOrias.hu | H\\u00edrek-lapszemle\",\"description\":\"\\u00dczleti h\\u00edrek az \\u00e1ll\\u00e1s \\u00e9s a munka vil\\u00e1g\\u00e1b\\u00f3l\",\"inLanguage\":\"hu-HU\",\"publisher\":{\"@id\":\"https:\\\/\\\/allasorias.hu\\\/hirek\\\/#organization\"}}]}\n\t\t<\/script>\n\t\t<!-- All in One SEO -->\n\n","aioseo_head_json":{"title":"Ukrajn\u00e1ban magas a munkan\u00e9lk\u00fclis\u00e9g","description":"Magas a munkan\u00e9lk\u00fclis\u00e9g a szomsz\u00e9dos Ukrajn\u00e1ban, a h\u00e1bor\u00fa m\u00e9g tov\u00e1bb rontja az am\u00fagy is rossz munkaer\u0151piaci helyzetet.","canonical_url":"https:\/\/allasorias.hu\/hirek\/magas-a-munkanelkuliseg-ukrajnaban\/","robots":"max-image-preview:large","keywords":"","webmasterTools":{"miscellaneous":""},"schema":{"@context":"https:\/\/schema.org","@graph":[{"@type":"Article","@id":"https:\/\/allasorias.hu\/hirek\/magas-a-munkanelkuliseg-ukrajnaban\/#article","name":"Ukrajn\u00e1ban magas a munkan\u00e9lk\u00fclis\u00e9g","headline":"Magas a munkan\u00e9lk\u00fclis\u00e9g Ukrajn\u00e1ban","author":{"@id":"https:\/\/allasorias.hu\/hirek\/author\/admin-allasorias\/#author"},"publisher":{"@id":"https:\/\/allasorias.hu\/hirek\/#organization"},"image":{"@type":"ImageObject","url":"https:\/\/allasorias.hu\/hirek\/wp-content\/uploads\/2025\/06\/munkanelkuliseg-ukrajnaban.jpg","width":1920,"height":1048,"caption":"Magas a munkan\u00e9lk\u00fclis\u00e9g Ukrajn\u00e1ban - Allasorias.hu\/Hirek"},"datePublished":"2025-06-18T11:03:33+02:00","dateModified":"2025-06-18T11:03:33+02:00","inLanguage":"hu-HU","mainEntityOfPage":{"@id":"https:\/\/allasorias.hu\/hirek\/magas-a-munkanelkuliseg-ukrajnaban\/#webpage"},"isPartOf":{"@id":"https:\/\/allasorias.hu\/hirek\/magas-a-munkanelkuliseg-ukrajnaban\/#webpage"},"articleSection":"K\u00fclf\u00f6ld"},{"@type":"BreadcrumbList","@id":"https:\/\/allasorias.hu\/hirek\/magas-a-munkanelkuliseg-ukrajnaban\/#breadcrumblist","itemListElement":[{"@type":"ListItem","@id":"https:\/\/allasorias.hu\/hirek#listItem","position":1,"name":"Home","item":"https:\/\/allasorias.hu\/hirek","nextItem":{"@type":"ListItem","@id":"https:\/\/allasorias.hu\/hirek\/temak\/kulfold\/#listItem","name":"K\u00fclf\u00f6ld"}},{"@type":"ListItem","@id":"https:\/\/allasorias.hu\/hirek\/temak\/kulfold\/#listItem","position":2,"name":"K\u00fclf\u00f6ld","item":"https:\/\/allasorias.hu\/hirek\/temak\/kulfold\/","nextItem":{"@type":"ListItem","@id":"https:\/\/allasorias.hu\/hirek\/magas-a-munkanelkuliseg-ukrajnaban\/#listItem","name":"Magas a munkan\u00e9lk\u00fclis\u00e9g Ukrajn\u00e1ban"},"previousItem":{"@type":"ListItem","@id":"https:\/\/allasorias.hu\/hirek#listItem","name":"Home"}},{"@type":"ListItem","@id":"https:\/\/allasorias.hu\/hirek\/magas-a-munkanelkuliseg-ukrajnaban\/#listItem","position":3,"name":"Magas a munkan\u00e9lk\u00fclis\u00e9g Ukrajn\u00e1ban","previousItem":{"@type":"ListItem","@id":"https:\/\/allasorias.hu\/hirek\/temak\/kulfold\/#listItem","name":"K\u00fclf\u00f6ld"}}]},{"@type":"Organization","@id":"https:\/\/allasorias.hu\/hirek\/#organization","name":"AllasOrias.hu | H\u00edrek-lapszemle","description":"\u00dczleti h\u00edrek az \u00e1ll\u00e1s \u00e9s a munka vil\u00e1g\u00e1b\u00f3l","url":"https:\/\/allasorias.hu\/hirek\/","logo":{"@type":"ImageObject","url":"https:\/\/allasorias.hu\/hirek\/wp-content\/uploads\/2022\/10\/allasorias_site_facebok_logo.png","@id":"https:\/\/allasorias.hu\/hirek\/magas-a-munkanelkuliseg-ukrajnaban\/#organizationLogo"},"image":{"@id":"https:\/\/allasorias.hu\/hirek\/magas-a-munkanelkuliseg-ukrajnaban\/#organizationLogo"},"sameAs":["https:\/\/www.facebook.com\/allasorias","https:\/\/www.linkedin.com\/company\/allasorias"]},{"@type":"Person","@id":"https:\/\/allasorias.hu\/hirek\/author\/admin-allasorias\/#author","url":"https:\/\/allasorias.hu\/hirek\/author\/admin-allasorias\/","name":"Juh\u00e1sz P\u00e9ter","image":{"@type":"ImageObject","@id":"https:\/\/allasorias.hu\/hirek\/magas-a-munkanelkuliseg-ukrajnaban\/#authorImage","url":"https:\/\/secure.gravatar.com\/avatar\/36e6bcb83148978b992977cb0f54d22feb0cce8a0a849a9410532bb2623ba4c6?s=96&d=mm&r=g","width":96,"height":96,"caption":"Juh\u00e1sz P\u00e9ter"}},{"@type":"WebPage","@id":"https:\/\/allasorias.hu\/hirek\/magas-a-munkanelkuliseg-ukrajnaban\/#webpage","url":"https:\/\/allasorias.hu\/hirek\/magas-a-munkanelkuliseg-ukrajnaban\/","name":"Ukrajn\u00e1ban magas a munkan\u00e9lk\u00fclis\u00e9g","description":"Magas a munkan\u00e9lk\u00fclis\u00e9g a szomsz\u00e9dos Ukrajn\u00e1ban, a h\u00e1bor\u00fa m\u00e9g tov\u00e1bb rontja az am\u00fagy is rossz munkaer\u0151piaci helyzetet.","inLanguage":"hu-HU","isPartOf":{"@id":"https:\/\/allasorias.hu\/hirek\/#website"},"breadcrumb":{"@id":"https:\/\/allasorias.hu\/hirek\/magas-a-munkanelkuliseg-ukrajnaban\/#breadcrumblist"},"author":{"@id":"https:\/\/allasorias.hu\/hirek\/author\/admin-allasorias\/#author"},"creator":{"@id":"https:\/\/allasorias.hu\/hirek\/author\/admin-allasorias\/#author"},"image":{"@type":"ImageObject","url":"https:\/\/allasorias.hu\/hirek\/wp-content\/uploads\/2025\/06\/munkanelkuliseg-ukrajnaban.jpg","@id":"https:\/\/allasorias.hu\/hirek\/magas-a-munkanelkuliseg-ukrajnaban\/#mainImage","width":1920,"height":1048,"caption":"Magas a munkan\u00e9lk\u00fclis\u00e9g Ukrajn\u00e1ban - Allasorias.hu\/Hirek"},"primaryImageOfPage":{"@id":"https:\/\/allasorias.hu\/hirek\/magas-a-munkanelkuliseg-ukrajnaban\/#mainImage"},"datePublished":"2025-06-18T11:03:33+02:00","dateModified":"2025-06-18T11:03:33+02:00"},{"@type":"WebSite","@id":"https:\/\/allasorias.hu\/hirek\/#website","url":"https:\/\/allasorias.hu\/hirek\/","name":"AllasOrias.hu | H\u00edrek-lapszemle","description":"\u00dczleti h\u00edrek az \u00e1ll\u00e1s \u00e9s a munka vil\u00e1g\u00e1b\u00f3l","inLanguage":"hu-HU","publisher":{"@id":"https:\/\/allasorias.hu\/hirek\/#organization"}}]},"og:locale":"hu_HU","og:site_name":"AllasOrias.hu | H\u00edrek-lapszemle | \u00dczleti h\u00edrek az \u00e1ll\u00e1s \u00e9s a munka vil\u00e1g\u00e1b\u00f3l","og:type":"article","og:title":"Ukrajn\u00e1ban magas a munkan\u00e9lk\u00fclis\u00e9g","og:description":"Magas a munkan\u00e9lk\u00fclis\u00e9g a szomsz\u00e9dos Ukrajn\u00e1ban, a h\u00e1bor\u00fa m\u00e9g tov\u00e1bb rontja az am\u00fagy is rossz munkaer\u0151piaci helyzetet.","og:url":"https:\/\/allasorias.hu\/hirek\/magas-a-munkanelkuliseg-ukrajnaban\/","og:image":"https:\/\/allasorias.hu\/hirek\/wp-content\/uploads\/2025\/06\/munkanelkuliseg-ukrajnaban.jpg","og:image:secure_url":"https:\/\/allasorias.hu\/hirek\/wp-content\/uploads\/2025\/06\/munkanelkuliseg-ukrajnaban.jpg","og:image:width":1920,"og:image:height":1048,"article:published_time":"2025-06-18T09:03:33+00:00","article:modified_time":"2025-06-18T09:03:33+00:00","article:publisher":"https:\/\/www.facebook.com\/allasorias","twitter:card":"summary_large_image","twitter:title":"Ukrajn\u00e1ban magas a munkan\u00e9lk\u00fclis\u00e9g","twitter:description":"Magas a munkan\u00e9lk\u00fclis\u00e9g a szomsz\u00e9dos Ukrajn\u00e1ban, a h\u00e1bor\u00fa m\u00e9g tov\u00e1bb rontja az am\u00fagy is rossz munkaer\u0151piaci helyzetet.","twitter:image":"https:\/\/allasorias.hu\/hirek\/wp-content\/uploads\/2025\/06\/munkanelkuliseg-ukrajnaban.jpg","twitter:label1":"Written by","twitter:data1":"Juh\u00e1sz P\u00e9ter","twitter:label2":"Est. reading time","twitter:data2":"2 minutes"},"aioseo_meta_data":{"post_id":"8534","title":"Ukrajn\u00e1ban magas a munkan\u00e9lk\u00fclis\u00e9g","description":"Magas a munkan\u00e9lk\u00fclis\u00e9g a szomsz\u00e9dos Ukrajn\u00e1ban, a h\u00e1bor\u00fa m\u00e9g tov\u00e1bb rontja az am\u00fagy is rossz munkaer\u0151piaci helyzetet.","keywords":null,"keyphrases":{"focus":{"keyphrase":"","score":0,"analysis":{"keyphraseInTitle":{"score":0,"maxScore":9,"error":1}}},"additional":[]},"primary_term":null,"canonical_url":null,"og_title":null,"og_description":null,"og_object_type":"default","og_image_type":"default","og_image_url":null,"og_image_width":null,"og_image_height":null,"og_image_custom_url":null,"og_image_custom_fields":null,"og_video":"","og_custom_url":null,"og_article_section":null,"og_article_tags":null,"twitter_use_og":true,"twitter_card":"default","twitter_image_type":"default","twitter_image_url":null,"twitter_image_custom_url":null,"twitter_image_custom_fields":null,"twitter_title":null,"twitter_description":null,"schema":{"blockGraphs":[],"customGraphs":[],"default":{"data":{"Article":[],"Course":[],"Dataset":[],"FAQPage":[],"Movie":[],"Person":[],"Product":[],"ProductReview":[],"Car":[],"Recipe":[],"Service":[],"SoftwareApplication":[],"WebPage":[]},"graphName":"Article","isEnabled":true},"graphs":[]},"schema_type":"default","schema_type_options":null,"pillar_content":false,"robots_default":true,"robots_noindex":false,"robots_noarchive":false,"robots_nosnippet":false,"robots_nofollow":false,"robots_noimageindex":false,"robots_noodp":false,"robots_notranslate":false,"robots_max_snippet":"-1","robots_max_videopreview":"-1","robots_max_imagepreview":"large","priority":null,"frequency":"default","location":null,"local_seo":null,"breadcrumb_settings":null,"limit_modified_date":false,"ai":null,"created":"2025-06-18 08:29:36","updated":"2025-10-02 21:20:00","seo_analyzer_scan_date":null,"focus_keyword":null,"additional_keywords":null,"truseo_locale":null},"aioseo_breadcrumb":"<div class=\"aioseo-breadcrumbs\"><span class=\"aioseo-breadcrumb\">\n\t\t\t<a href=\"https:\/\/allasorias.hu\/hirek\" title=\"Home\">Home<\/a>\n\t\t<\/span><span class=\"aioseo-breadcrumb-separator\">&raquo;<\/span><span class=\"aioseo-breadcrumb\">\n\t\t\t<a href=\"https:\/\/allasorias.hu\/hirek\/temak\/kulfold\/\" title=\"K\u00fclf\u00f6ld\">K\u00fclf\u00f6ld<\/a>\n\t\t<\/span><span class=\"aioseo-breadcrumb-separator\">&raquo;<\/span><span class=\"aioseo-breadcrumb\">\n\t\t\tMagas a munkan\u00e9lk\u00fclis\u00e9g Ukrajn\u00e1ban\n\t\t<\/span><\/div>","aioseo_breadcrumb_json":[{"label":"Home","link":"https:\/\/allasorias.hu\/hirek"},{"label":"K\u00fclf\u00f6ld","link":"https:\/\/allasorias.hu\/hirek\/temak\/kulfold\/"},{"label":"Magas a munkan\u00e9lk\u00fclis\u00e9g Ukrajn\u00e1ban","link":"https:\/\/allasorias.hu\/hirek\/magas-a-munkanelkuliseg-ukrajnaban\/"}],"_links":{"self":[{"href":"https:\/\/allasorias.hu\/hirek\/wp-json\/wp\/v2\/posts\/8534","targetHints":{"allow":["GET"]}}],"collection":[{"href":"https:\/\/allasorias.hu\/hirek\/wp-json\/wp\/v2\/posts"}],"about":[{"href":"https:\/\/allasorias.hu\/hirek\/wp-json\/wp\/v2\/types\/post"}],"author":[{"embeddable":true,"href":"https:\/\/allasorias.hu\/hirek\/wp-json\/wp\/v2\/users\/1"}],"replies":[{"embeddable":true,"href":"https:\/\/allasorias.hu\/hirek\/wp-json\/wp\/v2\/comments?post=8534"}],"version-history":[{"count":1,"href":"https:\/\/allasorias.hu\/hirek\/wp-json\/wp\/v2\/posts\/8534\/revisions"}],"predecessor-version":[{"id":8537,"href":"https:\/\/allasorias.hu\/hirek\/wp-json\/wp\/v2\/posts\/8534\/revisions\/8537"}],"wp:featuredmedia":[{"embeddable":true,"href":"https:\/\/allasorias.hu\/hirek\/wp-json\/wp\/v2\/media\/8536"}],"wp:attachment":[{"href":"https:\/\/allasorias.hu\/hirek\/wp-json\/wp\/v2\/media?parent=8534"}],"wp:term":[{"taxonomy":"category","embeddable":true,"href":"https:\/\/allasorias.hu\/hirek\/wp-json\/wp\/v2\/categories?post=8534"},{"taxonomy":"post_tag","embeddable":true,"href":"https:\/\/allasorias.hu\/hirek\/wp-json\/wp\/v2\/tags?post=8534"}],"curies":[{"name":"wp","href":"https:\/\/api.w.org\/{rel}","templated":true}]}}