{"id":8498,"date":"2025-06-02T10:53:51","date_gmt":"2025-06-02T08:53:51","guid":{"rendered":"https:\/\/allasorias.hu\/hirek\/?p=8498"},"modified":"2025-06-02T10:53:51","modified_gmt":"2025-06-02T08:53:51","slug":"szukseg-van-a-tanacsadasra-a-munkaeropiacon","status":"publish","type":"post","link":"https:\/\/allasorias.hu\/hirek\/szukseg-van-a-tanacsadasra-a-munkaeropiacon\/","title":{"rendered":"Sz\u00fcks\u00e9g van a tan\u00e1csad\u00e1sra a munkaer\u0151piacon"},"content":{"rendered":"<p><strong>A munkaer\u0151picon kiemelten fontos, hogy kell\u0151 inform\u00e1ci\u00f3k birtok\u00e1ban legyenek a munkav\u00e1llal\u00f3k. A tapasztalatok szerint komoly seg\u00edts\u00e9get jelent a szakszer\u0171 orient\u00e1l\u00e1s.<\/strong><\/p>\n<p>A p\u00e1lyatan\u00e1csad\u00e1s nem csup\u00e1n az egy\u00e9n boldogul\u00e1s\u00e1t seg\u00edti, hanem a gazdas\u00e1g rugalmass\u00e1g\u00e1t \u00e9s fenntarthat\u00f3s\u00e1g\u00e1t is t\u00e1mogatja. A j\u00f3 p\u00e1lyav\u00e1laszt\u00e1s cs\u00f6kkenti a munkan\u00e9lk\u00fclis\u00e9get, jav\u00edtja a munkaer\u0151piac m\u0171k\u00f6d\u00e9s\u00e9t \u00e9s hozz\u00e1j\u00e1rul a t\u00e1rsadalmi stabilit\u00e1shoz. A p\u00e1lyatan\u00e1csad\u00e1s t\u00e1rsadalmi hat\u00e1sait \u00e9s gazdas\u00e1gi jelent\u0151s\u00e9geit vitatt\u00e1k meg a szak\u00e9rt\u0151k a Magyar K\u00f6zgazdas\u00e1gi T\u00e1rsas\u00e1g Munka\u00fcgyi Szakoszt\u00e1lya, a K\u00f6zgazdas\u00e1gi Szemle foly\u00f3irat \u00e9s a Magyar Pedag\u00f3giai T\u00e1rsas\u00e1g P\u00e1lyaorient\u00e1ci\u00f3s Szakoszt\u00e1lya k\u00f6z\u00f6s rendezv\u00e9ny\u00e9n.<\/p>\n<p>A p\u00e1lyatan\u00e1csad\u00e1s els\u0151dleges gazdas\u00e1gi haszna abban rejlik, hogy n\u00f6veli a munkaer\u0151piaci r\u00e9szv\u00e9telt, cs\u00f6kkenti a munkan\u00e9lk\u00fclis\u00e9g m\u00e9rt\u00e9k\u00e9t \u00e9s id\u0151tartam\u00e1t, valamint b\u0151v\u00edti a lakoss\u00e1g k\u00e9szs\u00e9g- \u00e9s tud\u00e1sb\u00e1zis\u00e1t. A j\u00f3l m\u0171k\u00f6d\u0151 p\u00e1lyaorient\u00e1ci\u00f3 emellett m\u00e9rs\u00e9kelheti a munkaer\u0151piacot \u00e9r\u0151 sokkhat\u00e1sokat, k\u00fcl\u00f6n\u00f6sen azokat, amelyek a nem megfelel\u0151 munkak\u00f6zvet\u00edt\u00e9sb\u0151l vagy hi\u00e1nyos p\u00e1lyainform\u00e1ci\u00f3kb\u00f3l erednek.<\/p>\n<p>A p\u00e1lyaorient\u00e1ci\u00f3 egy olyan \u00f6sszef\u00fcgg\u0151 folyamat, amely lehet\u0151s\u00e9get ad arra, hogy az emberek \u00e9let\u00fck b\u00e1rmely szakasz\u00e1ban felismerj\u00e9k k\u00e9pess\u00e9geiket, \u00e9rdekl\u0151d\u00e9si k\u00f6r\u00fcket \u00e9s kompetenci\u00e1ikat. Ez\u00e1ltal tudatosabban ir\u00e1ny\u00edthatj\u00e1k \u00e9let\u00fatjukat a tanul\u00e1s, a munka \u00e9s m\u00e1s, fejl\u0151d\u00e9st szolg\u00e1l\u00f3 tev\u00e9kenys\u00e9gek sor\u00e1n. -id\u00e9zte az Eur\u00f3pai Tan\u00e1cs p\u00e1lyatan\u00e1csad\u00e1sr\u00f3l alkotott defin\u00edci\u00f3j\u00e1t Borb\u00e9ly-Pecze Tibor Bors, az MPT aleln\u00f6ke, az MPT P\u00e1lyaorient\u00e1ci\u00f3s Szakoszt\u00e1ly\u00e1nak eln\u00f6ke.<\/p>\n<h3>Milyen ter\u00fcleteken hozhat eredm\u00e9nyeket a p\u00e1lyatan\u00e1csad\u00e1s?<\/h3>\n<ul>\n<li>A p\u00e1lyaorient\u00e1ci\u00f3 t\u00e1rsadalmi szempontb\u00f3l is kiemelt jelent\u0151s\u00e9g\u0171, mert seg\u00edti a h\u00e1tr\u00e1nyos helyzet\u0171ek, valamint a tart\u00f3san munkan\u00e9lk\u00fcliek integr\u00e1ci\u00f3j\u00e1t, t\u00e1mogatja az akt\u00edv id\u0151s\u00f6d\u00e9st, \u00e9s cs\u00f6kkenti a szeg\u00e9nys\u00e9g kock\u00e1zat\u00e1t.<\/li>\n<li>Az oktat\u00e1s ter\u00fclet\u00e9n a j\u00f3l m\u0171k\u00f6d\u0151 p\u00e1lyaorient\u00e1ci\u00f3 cs\u00f6kkenti a lemorzsol\u00f3d\u00e1st, seg\u00edti a k\u00e9pz\u00e9sek sikeres befejez\u00e9s\u00e9t, \u00e9s el\u0151seg\u00edti az elhelyezked\u00e9st a tanult szakm\u00e1kban.<\/li>\n<li>Hosszabb t\u00e1von n\u00f6veli az alkalmazkod\u00f3k\u00e9pess\u00e9get, az \u00e1tk\u00e9pezhet\u0151s\u00e9get, \u00e9s hozz\u00e1j\u00e1rul az \u00e9lethosszig tart\u00f3 tanul\u00e1s kult\u00far\u00e1j\u00e1hoz.<\/li>\n<li>A megfelel\u0151 karrier\u00fat v\u00e1laszt\u00e1sa jav\u00edtja az \u00e1ll\u00e1skeres\u00e9s hat\u00e9konys\u00e1g\u00e1t is, cs\u00f6kkenti a munkan\u00e9lk\u00fclis\u00e9g id\u0151tartam\u00e1t, \u00e9s t\u00e1mogatja a munkahelymegtart\u00e1st.<\/li>\n<li>A motiv\u00e1ltabb munkav\u00e1llal\u00f3k teljes\u00edtm\u00e9nye \u00e9s elk\u00f6telez\u0151d\u00e9se is emelkedik.<\/li>\n<li>Emellett a p\u00e1lyaorient\u00e1ci\u00f3 el\u0151seg\u00edti a munkahelyi tanul\u00e1st, a munkaer\u0151piaci \u00e1tmenetek kezel\u00e9s\u00e9t \u00e9s a termel\u00e9kenys\u00e9g n\u00f6veked\u00e9s\u00e9t is.<\/li>\n<\/ul>\n<p>Egy j\u00f3l inform\u00e1lt, rugalmas \u00e9s alkalmazkod\u00f3 munkaer\u0151 hat\u00e9konyabban reag\u00e1l a piaci v\u00e1ltoz\u00e1sokra. A p\u00e1lyaorient\u00e1ci\u00f3 \u00edgy a foglalkoztat\u00e1si szint emel\u00e9s\u00e9vel \u00e9s a struktur\u00e1lis munkaer\u0151hi\u00e1ny enyh\u00edt\u00e9s\u00e9vel hozz\u00e1j\u00e1rul a gazdas\u00e1g dinamizmus\u00e1hoz. -emelte ki a p\u00e1lyaorient\u00e1ci\u00f3 gazdas\u00e1gi hat\u00e1sait Borb\u00e9ly-Pecze Tibor Bors. A modern munkapiac folyamatos mozg\u00e1sban van. Ez\u00e9rt az iskola-munka, \u00e1gazatv\u00e1lt\u00e1s vagy p\u00e1lyam\u00f3dos\u00edt\u00e1s sor\u00e1n elengedhetetlen az alkalmazkod\u00e1s k\u00e9pess\u00e9ge. 2023-ban az EU-ban a munk\u00e1val t\u00f6lt\u00f6tt \u00e9vek sz\u00e1ma 36,9 \u00e9v volt, m\u00edg a c\u00e9gek \u00e1tlagos \u00e9letciklusa csup\u00e1n 12\u201320 \u00e9v, \u00edgy egyre gyakrabban tal\u00e1lkozhatunk a horizont\u00e1lis karrier \u00e1tmenetek k\u00e9rd\u00e9s\u00e9vel. A p\u00e1lyatan\u00e1csad\u00e1s gazdas\u00e1gi hasznair\u00f3l sz\u00f3l\u00f3 teljes rendezv\u00e9nyt az al\u00e1bbi linken tekintheti meg.<\/p>\n<p>Forr\u00e1s: <a href=\"https:\/\/novekedes.hu\/hr\/befektetes-a-jovobe-a-palyatanacsadas-komoly-gazdasagi-eroforras\" target=\"_blank\" rel=\"nofollow noopener noreferrer\">novekedes.hu<\/a><\/p>\n","protected":false},"excerpt":{"rendered":"<p>A munkaer\u0151picon kiemelten fontos, hogy kell\u0151 inform\u00e1ci\u00f3k birtok\u00e1ban legyenek a munkav\u00e1llal\u00f3k. A tapasztalatok szerint komoly seg\u00edts\u00e9get jelent a szakszer\u0171 orient\u00e1l\u00e1s. A p\u00e1lyatan\u00e1csad\u00e1s nem csup\u00e1n az egy\u00e9n boldogul\u00e1s\u00e1t seg\u00edti, hanem a gazdas\u00e1g rugalmass\u00e1g\u00e1t \u00e9s fenntarthat\u00f3s\u00e1g\u00e1t is t\u00e1mogatja. A j\u00f3 p\u00e1lyav\u00e1laszt\u00e1s cs\u00f6kkenti a munkan\u00e9lk\u00fclis\u00e9get, jav\u00edtja a munkaer\u0151piac m\u0171k\u00f6d\u00e9s\u00e9t \u00e9s hozz\u00e1j\u00e1rul a t\u00e1rsadalmi stabilit\u00e1shoz. A p\u00e1lyatan\u00e1csad\u00e1s t\u00e1rsadalmi hat\u00e1sait [&hellip;]<\/p>\n","protected":false},"author":1,"featured_media":8499,"comment_status":"closed","ping_status":"closed","sticky":false,"template":"","format":"standard","meta":{"_monsterinsights_skip_tracking":false,"footnotes":""},"categories":[200],"tags":[],"class_list":["post-8498","post","type-post","status-publish","format-standard","has-post-thumbnail","hentry","category-munkaeropiac"],"aioseo_notices":[],"aioseo_head":"\n\t\t<!-- All in One SEO 5.0.0.1 - aioseo.com -->\n\t<meta name=\"description\" content=\"A munkaer\u0151picon kiemelten fontos, hogy kell\u0151 inform\u00e1ci\u00f3k birtok\u00e1ban legyenek a munkav\u00e1llal\u00f3k. A tapasztalatok szerint komoly seg\u00edts\u00e9get jelent a szakszer\u0171 orient\u00e1l\u00e1s.\" \/>\n\t<meta name=\"robots\" content=\"max-image-preview:large\" \/>\n\t<meta name=\"author\" content=\"Juh\u00e1sz P\u00e9ter\"\/>\n\t<link rel=\"canonical\" href=\"https:\/\/allasorias.hu\/hirek\/szukseg-van-a-tanacsadasra-a-munkaeropiacon\/\" \/>\n\t<meta name=\"generator\" content=\"All in One SEO (AIOSEO) 5.0.0.1\" \/>\n\t\t<meta property=\"og:locale\" content=\"hu_HU\" \/>\n\t\t<meta property=\"og:site_name\" content=\"AllasOrias.hu | H\u00edrek-lapszemle | \u00dczleti h\u00edrek az \u00e1ll\u00e1s \u00e9s a munka vil\u00e1g\u00e1b\u00f3l\" \/>\n\t\t<meta property=\"og:type\" content=\"article\" \/>\n\t\t<meta property=\"og:title\" content=\"Sz\u00fcks\u00e9g van p\u00e1lyaorient\u00e1ci\u00f3s tan\u00e1csad\u00e1sra a munkaer\u0151piacon\" \/>\n\t\t<meta property=\"og:description\" content=\"A munkaer\u0151picon kiemelten fontos, hogy kell\u0151 inform\u00e1ci\u00f3k birtok\u00e1ban legyenek a munkav\u00e1llal\u00f3k. A tapasztalatok szerint komoly seg\u00edts\u00e9get jelent a szakszer\u0171 orient\u00e1l\u00e1s.\" \/>\n\t\t<meta property=\"og:url\" content=\"https:\/\/allasorias.hu\/hirek\/szukseg-van-a-tanacsadasra-a-munkaeropiacon\/\" \/>\n\t\t<meta property=\"og:image\" content=\"https:\/\/allasorias.hu\/hirek\/wp-content\/uploads\/2025\/06\/palyaorientacios-szaktanacsadas.jpg\" \/>\n\t\t<meta property=\"og:image:secure_url\" content=\"https:\/\/allasorias.hu\/hirek\/wp-content\/uploads\/2025\/06\/palyaorientacios-szaktanacsadas.jpg\" \/>\n\t\t<meta property=\"og:image:width\" content=\"800\" \/>\n\t\t<meta property=\"og:image:height\" content=\"533\" \/>\n\t\t<meta property=\"article:published_time\" content=\"2025-06-02T08:53:51+00:00\" \/>\n\t\t<meta property=\"article:modified_time\" content=\"2025-06-02T08:53:51+00:00\" \/>\n\t\t<meta property=\"article:publisher\" content=\"https:\/\/www.facebook.com\/allasorias\" \/>\n\t\t<meta name=\"twitter:card\" content=\"summary_large_image\" \/>\n\t\t<meta name=\"twitter:title\" content=\"Sz\u00fcks\u00e9g van p\u00e1lyaorient\u00e1ci\u00f3s tan\u00e1csad\u00e1sra a munkaer\u0151piacon\" \/>\n\t\t<meta name=\"twitter:description\" content=\"A munkaer\u0151picon kiemelten fontos, hogy kell\u0151 inform\u00e1ci\u00f3k birtok\u00e1ban legyenek a munkav\u00e1llal\u00f3k. A tapasztalatok szerint komoly seg\u00edts\u00e9get jelent a szakszer\u0171 orient\u00e1l\u00e1s.\" \/>\n\t\t<meta name=\"twitter:image\" content=\"https:\/\/allasorias.hu\/hirek\/wp-content\/uploads\/2025\/06\/palyaorientacios-szaktanacsadas.jpg\" \/>\n\t\t<meta name=\"twitter:label1\" content=\"Written by\" \/>\n\t\t<meta name=\"twitter:data1\" content=\"Juh\u00e1sz P\u00e9ter\" \/>\n\t\t<meta name=\"twitter:label2\" content=\"Est. reading time\" \/>\n\t\t<meta name=\"twitter:data2\" content=\"4 minutes\" \/>\n\t\t<script type=\"application\/ld+json\" class=\"aioseo-schema\">\n\t\t\t{\"@context\":\"https:\\\/\\\/schema.org\",\"@graph\":[{\"@type\":\"Article\",\"@id\":\"https:\\\/\\\/allasorias.hu\\\/hirek\\\/szukseg-van-a-tanacsadasra-a-munkaeropiacon\\\/#article\",\"name\":\"Sz\\u00fcks\\u00e9g van p\\u00e1lyaorient\\u00e1ci\\u00f3s tan\\u00e1csad\\u00e1sra a munkaer\\u0151piacon\",\"headline\":\"Sz\\u00fcks\\u00e9g van a tan\\u00e1csad\\u00e1sra a munkaer\\u0151piacon\",\"author\":{\"@id\":\"https:\\\/\\\/allasorias.hu\\\/hirek\\\/author\\\/admin-allasorias\\\/#author\"},\"publisher\":{\"@id\":\"https:\\\/\\\/allasorias.hu\\\/hirek\\\/#organization\"},\"image\":{\"@type\":\"ImageObject\",\"url\":\"https:\\\/\\\/allasorias.hu\\\/hirek\\\/wp-content\\\/uploads\\\/2025\\\/06\\\/palyaorientacios-szaktanacsadas.jpg\",\"width\":800,\"height\":533,\"caption\":\"Sz\\u00fcks\\u00e9g van a tan\\u00e1csad\\u00e1sra a munkaer\\u0151piacon - Allasorias.hu\\\/Hirek\"},\"datePublished\":\"2025-06-02T10:53:51+02:00\",\"dateModified\":\"2025-06-02T10:53:51+02:00\",\"inLanguage\":\"hu-HU\",\"mainEntityOfPage\":{\"@id\":\"https:\\\/\\\/allasorias.hu\\\/hirek\\\/szukseg-van-a-tanacsadasra-a-munkaeropiacon\\\/#webpage\"},\"isPartOf\":{\"@id\":\"https:\\\/\\\/allasorias.hu\\\/hirek\\\/szukseg-van-a-tanacsadasra-a-munkaeropiacon\\\/#webpage\"},\"articleSection\":\"Munkaer\\u0151piac\"},{\"@type\":\"BreadcrumbList\",\"@id\":\"https:\\\/\\\/allasorias.hu\\\/hirek\\\/szukseg-van-a-tanacsadasra-a-munkaeropiacon\\\/#breadcrumblist\",\"itemListElement\":[{\"@type\":\"ListItem\",\"@id\":\"https:\\\/\\\/allasorias.hu\\\/hirek#listItem\",\"position\":1,\"name\":\"Home\",\"item\":\"https:\\\/\\\/allasorias.hu\\\/hirek\",\"nextItem\":{\"@type\":\"ListItem\",\"@id\":\"https:\\\/\\\/allasorias.hu\\\/hirek\\\/temak\\\/munkaeropiac\\\/#listItem\",\"name\":\"Munkaer\\u0151piac\"}},{\"@type\":\"ListItem\",\"@id\":\"https:\\\/\\\/allasorias.hu\\\/hirek\\\/temak\\\/munkaeropiac\\\/#listItem\",\"position\":2,\"name\":\"Munkaer\\u0151piac\",\"item\":\"https:\\\/\\\/allasorias.hu\\\/hirek\\\/temak\\\/munkaeropiac\\\/\",\"nextItem\":{\"@type\":\"ListItem\",\"@id\":\"https:\\\/\\\/allasorias.hu\\\/hirek\\\/szukseg-van-a-tanacsadasra-a-munkaeropiacon\\\/#listItem\",\"name\":\"Sz\\u00fcks\\u00e9g van a tan\\u00e1csad\\u00e1sra a munkaer\\u0151piacon\"},\"previousItem\":{\"@type\":\"ListItem\",\"@id\":\"https:\\\/\\\/allasorias.hu\\\/hirek#listItem\",\"name\":\"Home\"}},{\"@type\":\"ListItem\",\"@id\":\"https:\\\/\\\/allasorias.hu\\\/hirek\\\/szukseg-van-a-tanacsadasra-a-munkaeropiacon\\\/#listItem\",\"position\":3,\"name\":\"Sz\\u00fcks\\u00e9g van a tan\\u00e1csad\\u00e1sra a munkaer\\u0151piacon\",\"previousItem\":{\"@type\":\"ListItem\",\"@id\":\"https:\\\/\\\/allasorias.hu\\\/hirek\\\/temak\\\/munkaeropiac\\\/#listItem\",\"name\":\"Munkaer\\u0151piac\"}}]},{\"@type\":\"Organization\",\"@id\":\"https:\\\/\\\/allasorias.hu\\\/hirek\\\/#organization\",\"name\":\"AllasOrias.hu | H\\u00edrek-lapszemle\",\"description\":\"\\u00dczleti h\\u00edrek az \\u00e1ll\\u00e1s \\u00e9s a munka vil\\u00e1g\\u00e1b\\u00f3l\",\"url\":\"https:\\\/\\\/allasorias.hu\\\/hirek\\\/\",\"logo\":{\"@type\":\"ImageObject\",\"url\":\"https:\\\/\\\/allasorias.hu\\\/hirek\\\/wp-content\\\/uploads\\\/2022\\\/10\\\/allasorias_site_facebok_logo.png\",\"@id\":\"https:\\\/\\\/allasorias.hu\\\/hirek\\\/szukseg-van-a-tanacsadasra-a-munkaeropiacon\\\/#organizationLogo\"},\"image\":{\"@id\":\"https:\\\/\\\/allasorias.hu\\\/hirek\\\/szukseg-van-a-tanacsadasra-a-munkaeropiacon\\\/#organizationLogo\"},\"sameAs\":[\"https:\\\/\\\/www.facebook.com\\\/allasorias\",\"https:\\\/\\\/www.linkedin.com\\\/company\\\/allasorias\"]},{\"@type\":\"Person\",\"@id\":\"https:\\\/\\\/allasorias.hu\\\/hirek\\\/author\\\/admin-allasorias\\\/#author\",\"url\":\"https:\\\/\\\/allasorias.hu\\\/hirek\\\/author\\\/admin-allasorias\\\/\",\"name\":\"Juh\\u00e1sz P\\u00e9ter\",\"image\":{\"@type\":\"ImageObject\",\"@id\":\"https:\\\/\\\/allasorias.hu\\\/hirek\\\/szukseg-van-a-tanacsadasra-a-munkaeropiacon\\\/#authorImage\",\"url\":\"https:\\\/\\\/secure.gravatar.com\\\/avatar\\\/36e6bcb83148978b992977cb0f54d22feb0cce8a0a849a9410532bb2623ba4c6?s=96&d=mm&r=g\",\"width\":96,\"height\":96,\"caption\":\"Juh\\u00e1sz P\\u00e9ter\"}},{\"@type\":\"WebPage\",\"@id\":\"https:\\\/\\\/allasorias.hu\\\/hirek\\\/szukseg-van-a-tanacsadasra-a-munkaeropiacon\\\/#webpage\",\"url\":\"https:\\\/\\\/allasorias.hu\\\/hirek\\\/szukseg-van-a-tanacsadasra-a-munkaeropiacon\\\/\",\"name\":\"Sz\\u00fcks\\u00e9g van p\\u00e1lyaorient\\u00e1ci\\u00f3s tan\\u00e1csad\\u00e1sra a munkaer\\u0151piacon\",\"description\":\"A munkaer\\u0151picon kiemelten fontos, hogy kell\\u0151 inform\\u00e1ci\\u00f3k birtok\\u00e1ban legyenek a munkav\\u00e1llal\\u00f3k. A tapasztalatok szerint komoly seg\\u00edts\\u00e9get jelent a szakszer\\u0171 orient\\u00e1l\\u00e1s.\",\"inLanguage\":\"hu-HU\",\"isPartOf\":{\"@id\":\"https:\\\/\\\/allasorias.hu\\\/hirek\\\/#website\"},\"breadcrumb\":{\"@id\":\"https:\\\/\\\/allasorias.hu\\\/hirek\\\/szukseg-van-a-tanacsadasra-a-munkaeropiacon\\\/#breadcrumblist\"},\"author\":{\"@id\":\"https:\\\/\\\/allasorias.hu\\\/hirek\\\/author\\\/admin-allasorias\\\/#author\"},\"creator\":{\"@id\":\"https:\\\/\\\/allasorias.hu\\\/hirek\\\/author\\\/admin-allasorias\\\/#author\"},\"image\":{\"@type\":\"ImageObject\",\"url\":\"https:\\\/\\\/allasorias.hu\\\/hirek\\\/wp-content\\\/uploads\\\/2025\\\/06\\\/palyaorientacios-szaktanacsadas.jpg\",\"@id\":\"https:\\\/\\\/allasorias.hu\\\/hirek\\\/szukseg-van-a-tanacsadasra-a-munkaeropiacon\\\/#mainImage\",\"width\":800,\"height\":533,\"caption\":\"Sz\\u00fcks\\u00e9g van a tan\\u00e1csad\\u00e1sra a munkaer\\u0151piacon - Allasorias.hu\\\/Hirek\"},\"primaryImageOfPage\":{\"@id\":\"https:\\\/\\\/allasorias.hu\\\/hirek\\\/szukseg-van-a-tanacsadasra-a-munkaeropiacon\\\/#mainImage\"},\"datePublished\":\"2025-06-02T10:53:51+02:00\",\"dateModified\":\"2025-06-02T10:53:51+02:00\"},{\"@type\":\"WebSite\",\"@id\":\"https:\\\/\\\/allasorias.hu\\\/hirek\\\/#website\",\"url\":\"https:\\\/\\\/allasorias.hu\\\/hirek\\\/\",\"name\":\"AllasOrias.hu | H\\u00edrek-lapszemle\",\"description\":\"\\u00dczleti h\\u00edrek az \\u00e1ll\\u00e1s \\u00e9s a munka vil\\u00e1g\\u00e1b\\u00f3l\",\"inLanguage\":\"hu-HU\",\"publisher\":{\"@id\":\"https:\\\/\\\/allasorias.hu\\\/hirek\\\/#organization\"}}]}\n\t\t<\/script>\n\t\t<!-- All in One SEO -->\n\n","aioseo_head_json":{"title":"Sz\u00fcks\u00e9g van p\u00e1lyaorient\u00e1ci\u00f3s tan\u00e1csad\u00e1sra a munkaer\u0151piacon","description":"A munkaer\u0151picon kiemelten fontos, hogy kell\u0151 inform\u00e1ci\u00f3k birtok\u00e1ban legyenek a munkav\u00e1llal\u00f3k. A tapasztalatok szerint komoly seg\u00edts\u00e9get jelent a szakszer\u0171 orient\u00e1l\u00e1s.","canonical_url":"https:\/\/allasorias.hu\/hirek\/szukseg-van-a-tanacsadasra-a-munkaeropiacon\/","robots":"max-image-preview:large","keywords":"","webmasterTools":{"miscellaneous":""},"schema":{"@context":"https:\/\/schema.org","@graph":[{"@type":"Article","@id":"https:\/\/allasorias.hu\/hirek\/szukseg-van-a-tanacsadasra-a-munkaeropiacon\/#article","name":"Sz\u00fcks\u00e9g van p\u00e1lyaorient\u00e1ci\u00f3s tan\u00e1csad\u00e1sra a munkaer\u0151piacon","headline":"Sz\u00fcks\u00e9g van a tan\u00e1csad\u00e1sra a munkaer\u0151piacon","author":{"@id":"https:\/\/allasorias.hu\/hirek\/author\/admin-allasorias\/#author"},"publisher":{"@id":"https:\/\/allasorias.hu\/hirek\/#organization"},"image":{"@type":"ImageObject","url":"https:\/\/allasorias.hu\/hirek\/wp-content\/uploads\/2025\/06\/palyaorientacios-szaktanacsadas.jpg","width":800,"height":533,"caption":"Sz\u00fcks\u00e9g van a tan\u00e1csad\u00e1sra a munkaer\u0151piacon - Allasorias.hu\/Hirek"},"datePublished":"2025-06-02T10:53:51+02:00","dateModified":"2025-06-02T10:53:51+02:00","inLanguage":"hu-HU","mainEntityOfPage":{"@id":"https:\/\/allasorias.hu\/hirek\/szukseg-van-a-tanacsadasra-a-munkaeropiacon\/#webpage"},"isPartOf":{"@id":"https:\/\/allasorias.hu\/hirek\/szukseg-van-a-tanacsadasra-a-munkaeropiacon\/#webpage"},"articleSection":"Munkaer\u0151piac"},{"@type":"BreadcrumbList","@id":"https:\/\/allasorias.hu\/hirek\/szukseg-van-a-tanacsadasra-a-munkaeropiacon\/#breadcrumblist","itemListElement":[{"@type":"ListItem","@id":"https:\/\/allasorias.hu\/hirek#listItem","position":1,"name":"Home","item":"https:\/\/allasorias.hu\/hirek","nextItem":{"@type":"ListItem","@id":"https:\/\/allasorias.hu\/hirek\/temak\/munkaeropiac\/#listItem","name":"Munkaer\u0151piac"}},{"@type":"ListItem","@id":"https:\/\/allasorias.hu\/hirek\/temak\/munkaeropiac\/#listItem","position":2,"name":"Munkaer\u0151piac","item":"https:\/\/allasorias.hu\/hirek\/temak\/munkaeropiac\/","nextItem":{"@type":"ListItem","@id":"https:\/\/allasorias.hu\/hirek\/szukseg-van-a-tanacsadasra-a-munkaeropiacon\/#listItem","name":"Sz\u00fcks\u00e9g van a tan\u00e1csad\u00e1sra a munkaer\u0151piacon"},"previousItem":{"@type":"ListItem","@id":"https:\/\/allasorias.hu\/hirek#listItem","name":"Home"}},{"@type":"ListItem","@id":"https:\/\/allasorias.hu\/hirek\/szukseg-van-a-tanacsadasra-a-munkaeropiacon\/#listItem","position":3,"name":"Sz\u00fcks\u00e9g van a tan\u00e1csad\u00e1sra a munkaer\u0151piacon","previousItem":{"@type":"ListItem","@id":"https:\/\/allasorias.hu\/hirek\/temak\/munkaeropiac\/#listItem","name":"Munkaer\u0151piac"}}]},{"@type":"Organization","@id":"https:\/\/allasorias.hu\/hirek\/#organization","name":"AllasOrias.hu | H\u00edrek-lapszemle","description":"\u00dczleti h\u00edrek az \u00e1ll\u00e1s \u00e9s a munka vil\u00e1g\u00e1b\u00f3l","url":"https:\/\/allasorias.hu\/hirek\/","logo":{"@type":"ImageObject","url":"https:\/\/allasorias.hu\/hirek\/wp-content\/uploads\/2022\/10\/allasorias_site_facebok_logo.png","@id":"https:\/\/allasorias.hu\/hirek\/szukseg-van-a-tanacsadasra-a-munkaeropiacon\/#organizationLogo"},"image":{"@id":"https:\/\/allasorias.hu\/hirek\/szukseg-van-a-tanacsadasra-a-munkaeropiacon\/#organizationLogo"},"sameAs":["https:\/\/www.facebook.com\/allasorias","https:\/\/www.linkedin.com\/company\/allasorias"]},{"@type":"Person","@id":"https:\/\/allasorias.hu\/hirek\/author\/admin-allasorias\/#author","url":"https:\/\/allasorias.hu\/hirek\/author\/admin-allasorias\/","name":"Juh\u00e1sz P\u00e9ter","image":{"@type":"ImageObject","@id":"https:\/\/allasorias.hu\/hirek\/szukseg-van-a-tanacsadasra-a-munkaeropiacon\/#authorImage","url":"https:\/\/secure.gravatar.com\/avatar\/36e6bcb83148978b992977cb0f54d22feb0cce8a0a849a9410532bb2623ba4c6?s=96&d=mm&r=g","width":96,"height":96,"caption":"Juh\u00e1sz P\u00e9ter"}},{"@type":"WebPage","@id":"https:\/\/allasorias.hu\/hirek\/szukseg-van-a-tanacsadasra-a-munkaeropiacon\/#webpage","url":"https:\/\/allasorias.hu\/hirek\/szukseg-van-a-tanacsadasra-a-munkaeropiacon\/","name":"Sz\u00fcks\u00e9g van p\u00e1lyaorient\u00e1ci\u00f3s tan\u00e1csad\u00e1sra a munkaer\u0151piacon","description":"A munkaer\u0151picon kiemelten fontos, hogy kell\u0151 inform\u00e1ci\u00f3k birtok\u00e1ban legyenek a munkav\u00e1llal\u00f3k. A tapasztalatok szerint komoly seg\u00edts\u00e9get jelent a szakszer\u0171 orient\u00e1l\u00e1s.","inLanguage":"hu-HU","isPartOf":{"@id":"https:\/\/allasorias.hu\/hirek\/#website"},"breadcrumb":{"@id":"https:\/\/allasorias.hu\/hirek\/szukseg-van-a-tanacsadasra-a-munkaeropiacon\/#breadcrumblist"},"author":{"@id":"https:\/\/allasorias.hu\/hirek\/author\/admin-allasorias\/#author"},"creator":{"@id":"https:\/\/allasorias.hu\/hirek\/author\/admin-allasorias\/#author"},"image":{"@type":"ImageObject","url":"https:\/\/allasorias.hu\/hirek\/wp-content\/uploads\/2025\/06\/palyaorientacios-szaktanacsadas.jpg","@id":"https:\/\/allasorias.hu\/hirek\/szukseg-van-a-tanacsadasra-a-munkaeropiacon\/#mainImage","width":800,"height":533,"caption":"Sz\u00fcks\u00e9g van a tan\u00e1csad\u00e1sra a munkaer\u0151piacon - Allasorias.hu\/Hirek"},"primaryImageOfPage":{"@id":"https:\/\/allasorias.hu\/hirek\/szukseg-van-a-tanacsadasra-a-munkaeropiacon\/#mainImage"},"datePublished":"2025-06-02T10:53:51+02:00","dateModified":"2025-06-02T10:53:51+02:00"},{"@type":"WebSite","@id":"https:\/\/allasorias.hu\/hirek\/#website","url":"https:\/\/allasorias.hu\/hirek\/","name":"AllasOrias.hu | H\u00edrek-lapszemle","description":"\u00dczleti h\u00edrek az \u00e1ll\u00e1s \u00e9s a munka vil\u00e1g\u00e1b\u00f3l","inLanguage":"hu-HU","publisher":{"@id":"https:\/\/allasorias.hu\/hirek\/#organization"}}]},"og:locale":"hu_HU","og:site_name":"AllasOrias.hu | H\u00edrek-lapszemle | \u00dczleti h\u00edrek az \u00e1ll\u00e1s \u00e9s a munka vil\u00e1g\u00e1b\u00f3l","og:type":"article","og:title":"Sz\u00fcks\u00e9g van p\u00e1lyaorient\u00e1ci\u00f3s tan\u00e1csad\u00e1sra a munkaer\u0151piacon","og:description":"A munkaer\u0151picon kiemelten fontos, hogy kell\u0151 inform\u00e1ci\u00f3k birtok\u00e1ban legyenek a munkav\u00e1llal\u00f3k. A tapasztalatok szerint komoly seg\u00edts\u00e9get jelent a szakszer\u0171 orient\u00e1l\u00e1s.","og:url":"https:\/\/allasorias.hu\/hirek\/szukseg-van-a-tanacsadasra-a-munkaeropiacon\/","og:image":"https:\/\/allasorias.hu\/hirek\/wp-content\/uploads\/2025\/06\/palyaorientacios-szaktanacsadas.jpg","og:image:secure_url":"https:\/\/allasorias.hu\/hirek\/wp-content\/uploads\/2025\/06\/palyaorientacios-szaktanacsadas.jpg","og:image:width":800,"og:image:height":533,"article:published_time":"2025-06-02T08:53:51+00:00","article:modified_time":"2025-06-02T08:53:51+00:00","article:publisher":"https:\/\/www.facebook.com\/allasorias","twitter:card":"summary_large_image","twitter:title":"Sz\u00fcks\u00e9g van p\u00e1lyaorient\u00e1ci\u00f3s tan\u00e1csad\u00e1sra a munkaer\u0151piacon","twitter:description":"A munkaer\u0151picon kiemelten fontos, hogy kell\u0151 inform\u00e1ci\u00f3k birtok\u00e1ban legyenek a munkav\u00e1llal\u00f3k. A tapasztalatok szerint komoly seg\u00edts\u00e9get jelent a szakszer\u0171 orient\u00e1l\u00e1s.","twitter:image":"https:\/\/allasorias.hu\/hirek\/wp-content\/uploads\/2025\/06\/palyaorientacios-szaktanacsadas.jpg","twitter:label1":"Written by","twitter:data1":"Juh\u00e1sz P\u00e9ter","twitter:label2":"Est. reading time","twitter:data2":"4 minutes"},"aioseo_meta_data":{"post_id":"8498","title":"Sz\u00fcks\u00e9g van p\u00e1lyaorient\u00e1ci\u00f3s tan\u00e1csad\u00e1sra a munkaer\u0151piacon","description":"A munkaer\u0151picon kiemelten fontos, hogy kell\u0151 inform\u00e1ci\u00f3k birtok\u00e1ban legyenek a munkav\u00e1llal\u00f3k. A tapasztalatok szerint komoly seg\u00edts\u00e9get jelent a szakszer\u0171 orient\u00e1l\u00e1s.","keywords":null,"keyphrases":{"focus":{"keyphrase":"","score":0,"analysis":{"keyphraseInTitle":{"score":0,"maxScore":9,"error":1}}},"additional":[]},"primary_term":null,"canonical_url":null,"og_title":null,"og_description":null,"og_object_type":"default","og_image_type":"default","og_image_url":null,"og_image_width":null,"og_image_height":null,"og_image_custom_url":null,"og_image_custom_fields":null,"og_video":"","og_custom_url":null,"og_article_section":null,"og_article_tags":null,"twitter_use_og":true,"twitter_card":"default","twitter_image_type":"default","twitter_image_url":null,"twitter_image_custom_url":null,"twitter_image_custom_fields":null,"twitter_title":null,"twitter_description":null,"schema":{"blockGraphs":[],"customGraphs":[],"default":{"data":{"Article":[],"Course":[],"Dataset":[],"FAQPage":[],"Movie":[],"Person":[],"Product":[],"ProductReview":[],"Car":[],"Recipe":[],"Service":[],"SoftwareApplication":[],"WebPage":[]},"graphName":"Article","isEnabled":true},"graphs":[]},"schema_type":"default","schema_type_options":null,"pillar_content":false,"robots_default":true,"robots_noindex":false,"robots_noarchive":false,"robots_nosnippet":false,"robots_nofollow":false,"robots_noimageindex":false,"robots_noodp":false,"robots_notranslate":false,"robots_max_snippet":"-1","robots_max_videopreview":"-1","robots_max_imagepreview":"large","priority":null,"frequency":"default","location":null,"local_seo":null,"breadcrumb_settings":null,"limit_modified_date":false,"ai":null,"created":"2025-06-02 08:26:43","updated":"2025-10-02 21:17:18","seo_analyzer_scan_date":null,"focus_keyword":null,"additional_keywords":null,"truseo_locale":null},"aioseo_breadcrumb":"<div class=\"aioseo-breadcrumbs\"><span class=\"aioseo-breadcrumb\">\n\t\t\t<a href=\"https:\/\/allasorias.hu\/hirek\" title=\"Home\">Home<\/a>\n\t\t<\/span><span class=\"aioseo-breadcrumb-separator\">&raquo;<\/span><span class=\"aioseo-breadcrumb\">\n\t\t\t<a href=\"https:\/\/allasorias.hu\/hirek\/temak\/munkaeropiac\/\" title=\"Munkaer\u0151piac\">Munkaer\u0151piac<\/a>\n\t\t<\/span><span class=\"aioseo-breadcrumb-separator\">&raquo;<\/span><span class=\"aioseo-breadcrumb\">\n\t\t\tSz\u00fcks\u00e9g van a tan\u00e1csad\u00e1sra a munkaer\u0151piacon\n\t\t<\/span><\/div>","aioseo_breadcrumb_json":[{"label":"Home","link":"https:\/\/allasorias.hu\/hirek"},{"label":"Munkaer\u0151piac","link":"https:\/\/allasorias.hu\/hirek\/temak\/munkaeropiac\/"},{"label":"Sz\u00fcks\u00e9g van a tan\u00e1csad\u00e1sra a munkaer\u0151piacon","link":"https:\/\/allasorias.hu\/hirek\/szukseg-van-a-tanacsadasra-a-munkaeropiacon\/"}],"_links":{"self":[{"href":"https:\/\/allasorias.hu\/hirek\/wp-json\/wp\/v2\/posts\/8498","targetHints":{"allow":["GET"]}}],"collection":[{"href":"https:\/\/allasorias.hu\/hirek\/wp-json\/wp\/v2\/posts"}],"about":[{"href":"https:\/\/allasorias.hu\/hirek\/wp-json\/wp\/v2\/types\/post"}],"author":[{"embeddable":true,"href":"https:\/\/allasorias.hu\/hirek\/wp-json\/wp\/v2\/users\/1"}],"replies":[{"embeddable":true,"href":"https:\/\/allasorias.hu\/hirek\/wp-json\/wp\/v2\/comments?post=8498"}],"version-history":[{"count":1,"href":"https:\/\/allasorias.hu\/hirek\/wp-json\/wp\/v2\/posts\/8498\/revisions"}],"predecessor-version":[{"id":8500,"href":"https:\/\/allasorias.hu\/hirek\/wp-json\/wp\/v2\/posts\/8498\/revisions\/8500"}],"wp:featuredmedia":[{"embeddable":true,"href":"https:\/\/allasorias.hu\/hirek\/wp-json\/wp\/v2\/media\/8499"}],"wp:attachment":[{"href":"https:\/\/allasorias.hu\/hirek\/wp-json\/wp\/v2\/media?parent=8498"}],"wp:term":[{"taxonomy":"category","embeddable":true,"href":"https:\/\/allasorias.hu\/hirek\/wp-json\/wp\/v2\/categories?post=8498"},{"taxonomy":"post_tag","embeddable":true,"href":"https:\/\/allasorias.hu\/hirek\/wp-json\/wp\/v2\/tags?post=8498"}],"curies":[{"name":"wp","href":"https:\/\/api.w.org\/{rel}","templated":true}]}}