{"id":8488,"date":"2025-05-28T10:27:46","date_gmt":"2025-05-28T08:27:46","guid":{"rendered":"https:\/\/allasorias.hu\/hirek\/?p=8488"},"modified":"2025-05-28T10:27:46","modified_gmt":"2025-05-28T08:27:46","slug":"ismet-szukseg-lesz-nyaron-az-idenymunkasokra","status":"publish","type":"post","link":"https:\/\/allasorias.hu\/hirek\/ismet-szukseg-lesz-nyaron-az-idenymunkasokra\/","title":{"rendered":"Ism\u00e9t sz\u00fcks\u00e9g lesz ny\u00e1ron az id\u00e9nymunk\u00e1sokra"},"content":{"rendered":"<p><strong>\u00dagy t\u0171nik az el\u0151rejelz\u00e9sekb\u0151l, hogy a mez\u0151gazdas\u00e1g keres majd legintenz\u00edvebben munkaer\u0151t a k\u00fcl\u00f6nf\u00e9le munk\u00e1kra. A fiatalok azonban nem igaz\u00e1n \u00e9rdekl\u0151dnek e ter\u00fclet ir\u00e1nt.<\/strong><\/p>\n<p>A ny\u00e1ri szezon k\u00f6zeledt\u00e9vel ism\u00e9t a mez\u0151gazdas\u00e1g, a vend\u00e9gl\u00e1t\u00e1s \u00e9s az \u00e9lelmiszeripar ter\u00fclet\u00e9n mutatkozik a legnagyobb kereslet a szezon\u00e1lis munkav\u00e1llal\u00f3k ir\u00e1nt \u2013 der\u00fcl ki a WHC Csoport, Magyarorsz\u00e1g egyik vezet\u0151 HR-szolg\u00e1ltat\u00f3j\u00e1nak friss piaci k\u00f6rk\u00e9p\u00e9b\u0151l. Az el\u0151z\u0151 \u00e9vekhez hasonl\u00f3an a Balaton \u00e9s a Velencei-t\u00f3 t\u00e9rs\u00e9ge kiemelked\u0151en akt\u00edv r\u00e9gi\u00f3k\u00e9nt jelenik meg a szezon\u00e1lis foglalkoztat\u00e1s t\u00e9rk\u00e9p\u00e9n. A ny\u00e1ri id\u0151szak\u00e1ban hagyom\u00e1nyosan kulcsszerepet j\u00e1tsz\u00f3 gazdas\u00e1gi \u00e1gazatok id\u00e9n is jelent\u0151s munkaer\u0151ig\u00e9nnyel n\u00e9znek szembe.<\/p>\n<p>A K\u00f6zponti Statisztikai Hivatal (KSH) legfrissebb, 2025 els\u0151 negyed\u00e9v\u00e9re vonatkoz\u00f3 adatai szerint a foglalkoztatotts\u00e1g tov\u00e1bbra is magas szinten \u00e1ll, \u00edgy a munk\u00e1ltat\u00f3knak akt\u00edvan kell keresni\u00fck a rendelkez\u00e9sre \u00e1ll\u00f3 munkaer\u0151t, k\u00fcl\u00f6n\u00f6sen az id\u0151szakosan megn\u00f6vekv\u0151 ig\u00e9nyek kiel\u00e9g\u00edt\u00e9s\u00e9re. A munk\u00e1ltat\u00f3i el\u0151rejelz\u00e9sek alapj\u00e1n id\u00e9n a legnagyobb kereslet a mez\u0151gazdas\u00e1gi szezon\u00e1lis munkak\u00f6r\u00f6k ir\u00e1nt mutatkozik, ahol a munkaer\u0151ig\u00e9ny jellemz\u0151en s\u00fcrg\u0151s \u00e9s folyamatos.<\/p>\n<h2>Idei legkeresettebb munkak\u00f6r\u00f6k<\/h2>\n<p>A WHC Csoport elemz\u00e9se szerint id\u00e9n ny\u00e1ron a legkeresettebb munkak\u00f6r\u00f6k k\u00f6z\u00e9 tartozik a c\u00edmerez\u00e9s, kap\u00e1l\u00e1s, sz\u00e1nt\u00f3f\u00f6ldi f\u00f6ld\u0151rz\u00e9s, \u00fczemi v\u00e1logat\u00e1s, illetve az olyan poz\u00edci\u00f3k, mint a foszt\u00f3 v\u00e1logat\u00f3, komb\u00e1jnos vagy sz\u00e1r\u00edt\u00f3g\u00e9pkezel\u0151. Ezekben a munkak\u00f6r\u00f6kben tov\u00e1bbra is jellemz\u0151 az egyszer\u0171s\u00edtett foglalkoztat\u00e1s, amely rugalmas keretet biztos\u00edt mind a munk\u00e1ltat\u00f3i, mind a munkav\u00e1llal\u00f3i oldal sz\u00e1m\u00e1ra.<\/p>\n<p>A WHC el\u0151rejelz\u00e9se szerint 2025-ben 5 sz\u00e1zal\u00e9kos b\u00e9rn\u00f6veked\u00e9s v\u00e1rhat\u00f3 ebben a szegmensben. A mez\u0151gazdas\u00e1gi szektor tov\u00e1bbra is k\u00fczd a demogr\u00e1fiai kih\u00edv\u00e1sokkal \u00e9s a fiatalabb gener\u00e1ci\u00f3k alacsonyabb \u00e9rdekl\u0151d\u00e9s\u00e9vel, ami tov\u00e1bb er\u0151s\u00edti a hat\u00e9kony toborz\u00e1si strat\u00e9gi\u00e1k \u00e9s a megb\u00edzhat\u00f3 munkaer\u0151-k\u00f6zvet\u00edt\u0151k szerep\u00e9t. A ny\u00e1ri szezonra k\u00e9sz\u00fclve a vend\u00e9gl\u00e1t\u00f3iparban is fokozott a munkaer\u0151-kereslet: szobaasszonyok, udvarosok, lond\u00ednerek \u00e9s szak\u00e1csok ir\u00e1nt folyamatos az ig\u00e9ny, k\u00fcl\u00f6n\u00f6sen a frekvent\u00e1lt \u00fcd\u00fcl\u0151\u00f6vezetekben, p\u00e9ld\u00e1ul a Balaton \u00e9s a Velencei-t\u00f3 k\u00f6rny\u00e9k\u00e9n.<\/p>\n<h2>6-8% b\u00e9remel\u00e9s v\u00e1rhat\u00f3<\/h2>\n<p>A szektor egyik legnagyobb kih\u00edv\u00e1sa tov\u00e1bbra is a kiseg\u00edt\u0151 szem\u00e9lyzet \u2013 a takar\u00edt\u00f3i, mosogat\u00f3i poz\u00edci\u00f3k \u2013 p\u00f3tl\u00e1sa, ezekre ugyanis neh\u00e9z jelentkez\u0151ket tal\u00e1lni. A belf\u00f6ldi turizmus v\u00e1rhat\u00f3an az idei szezonban is er\u0151s lesz, ami tov\u00e1bb n\u00f6velheti a szakk\u00e9pzett \u00e9s betan\u00edtott munkaer\u0151 ir\u00e1nti keresletet. A b\u00e9rez\u00e9s tekintet\u00e9ben nem v\u00e1rhat\u00f3 jelent\u0151s kiugr\u00e1s a vend\u00e9gl\u00e1t\u00e1sban sem: a WHC el\u0151rejelz\u00e9sei alapj\u00e1n a munkab\u00e9rek jellemz\u0151en 6-8 sz\u00e1zal\u00e9kkal emelkednek a tavalyi \u00e9vhez k\u00e9pest, amely \u00f6sszhangban van az \u00e1ltal\u00e1nos piaci trendekkel. Ez a b\u00e9remelked\u00e9s seg\u00edthet a munkav\u00e1llal\u00f3k megtart\u00e1s\u00e1ban, de a munkaad\u00f3k sz\u00e1m\u00e1ra a versenyk\u00e9pess\u00e9g kulcsa egyre ink\u00e1bb a min\u0151s\u00e9gi munkak\u00f6r\u00fclm\u00e9nyek, a rugalmas beoszt\u00e1s \u00e9s a t\u00e1mogat\u00f3 v\u00e1llalati kult\u00fara biztos\u00edt\u00e1sa lesz.<\/p>\n<p>\u201e<em>A szezon\u00e1lis munkaer\u0151piac kih\u00edv\u00e1sai \u00e9s lehet\u0151s\u00e9gei folyamatosan, \u00e9vr\u0151l \u00e9vre v\u00e1ltoznak. A WHC Csoportn\u00e1l arra t\u00f6reksz\u00fcnk, hogy partnereink sz\u00e1m\u00e1ra ne csak a sz\u00fcks\u00e9ges munkaer\u0151t biztos\u00edtsuk, hanem hossz\u00fa t\u00e1v\u00fa, strat\u00e9giai tan\u00e1csad\u00e1ssal is seg\u00edts\u00fck \u0151ket a toborz\u00e1si \u00e9s megtart\u00e1si folyamatok optimaliz\u00e1l\u00e1s\u00e1ban. Ez\u00e9rt is hangs\u00falyozzuk, hogy a gyors \u00e9s hat\u00e9kony toborz\u00e1s mellett a munkav\u00e1llal\u00f3i \u00e9lm\u00e9ny \u00e9s a korrekt felt\u00e9telek biztos\u00edt\u00e1sa m\u00e1ra elengedhetetlenn\u00e9 v\u00e1lt egy sikeres ny\u00e1ri szezonhoz<\/em>&#8221; \u2013 mondta el Gyarmati Szilvia, a WHC fizikai munkaer\u0151-k\u00f6lcs\u00f6nz\u00e9s \u00e9s -k\u00f6zvet\u00edt\u00e9s \u00fczlet\u00e1g vezet\u0151je.<\/p>\n<p>Forr\u00e1s: <a href=\"https:\/\/profitline.hu\/surgos-munkaero-kereslet-a-foldeken-kuzdelem-a-kisegitokert-ilyen-lesz-a-nyari-munkaeropiac-a-whc-elemzese-szerint-474719#google_vignette\" target=\"_blank\" rel=\"nofollow noopener noreferrer\">profitline.hu<\/a><\/p>\n<p>&nbsp;<\/p>\n","protected":false},"excerpt":{"rendered":"<p>\u00dagy t\u0171nik az el\u0151rejelz\u00e9sekb\u0151l, hogy a mez\u0151gazdas\u00e1g keres majd legintenz\u00edvebben munkaer\u0151t a k\u00fcl\u00f6nf\u00e9le munk\u00e1kra. A fiatalok azonban nem igaz\u00e1n \u00e9rdekl\u0151dnek e ter\u00fclet ir\u00e1nt. A ny\u00e1ri szezon k\u00f6zeledt\u00e9vel ism\u00e9t a mez\u0151gazdas\u00e1g, a vend\u00e9gl\u00e1t\u00e1s \u00e9s az \u00e9lelmiszeripar ter\u00fclet\u00e9n mutatkozik a legnagyobb kereslet a szezon\u00e1lis munkav\u00e1llal\u00f3k ir\u00e1nt \u2013 der\u00fcl ki a WHC Csoport, Magyarorsz\u00e1g egyik vezet\u0151 HR-szolg\u00e1ltat\u00f3j\u00e1nak friss [&hellip;]<\/p>\n","protected":false},"author":1,"featured_media":8489,"comment_status":"closed","ping_status":"closed","sticky":false,"template":"","format":"standard","meta":{"_monsterinsights_skip_tracking":false,"footnotes":""},"categories":[200],"tags":[],"class_list":["post-8488","post","type-post","status-publish","format-standard","has-post-thumbnail","hentry","category-munkaeropiac"],"aioseo_notices":[],"aioseo_head":"\n\t\t<!-- All in One SEO 5.0.0.1 - aioseo.com -->\n\t<meta name=\"description\" content=\"\u00dagy t\u0171nik az el\u0151rejelz\u00e9sekb\u0151l, hogy a mez\u0151gazdas\u00e1g keres majd legintenz\u00edvebben munkaer\u0151t a k\u00fcl\u00f6nf\u00e9le munk\u00e1kra.\" \/>\n\t<meta name=\"robots\" content=\"max-image-preview:large\" \/>\n\t<meta name=\"author\" content=\"Juh\u00e1sz P\u00e9ter\"\/>\n\t<link rel=\"canonical\" href=\"https:\/\/allasorias.hu\/hirek\/ismet-szukseg-lesz-nyaron-az-idenymunkasokra\/\" \/>\n\t<meta name=\"generator\" content=\"All in One SEO (AIOSEO) 5.0.0.1\" \/>\n\t\t<meta property=\"og:locale\" content=\"hu_HU\" \/>\n\t\t<meta property=\"og:site_name\" content=\"AllasOrias.hu | H\u00edrek-lapszemle | \u00dczleti h\u00edrek az \u00e1ll\u00e1s \u00e9s a munka vil\u00e1g\u00e1b\u00f3l\" \/>\n\t\t<meta property=\"og:type\" content=\"article\" \/>\n\t\t<meta property=\"og:title\" content=\"Sz\u00fcks\u00e9g van az id\u00e9nymunk\u00e1sokre ny\u00e1ron\" \/>\n\t\t<meta property=\"og:description\" content=\"\u00dagy t\u0171nik az el\u0151rejelz\u00e9sekb\u0151l, hogy a mez\u0151gazdas\u00e1g keres majd legintenz\u00edvebben munkaer\u0151t a k\u00fcl\u00f6nf\u00e9le munk\u00e1kra.\" \/>\n\t\t<meta property=\"og:url\" content=\"https:\/\/allasorias.hu\/hirek\/ismet-szukseg-lesz-nyaron-az-idenymunkasokra\/\" \/>\n\t\t<meta property=\"og:image\" content=\"https:\/\/allasorias.hu\/hirek\/wp-content\/uploads\/2025\/05\/nyari-idenymunka.jpg\" \/>\n\t\t<meta property=\"og:image:secure_url\" content=\"https:\/\/allasorias.hu\/hirek\/wp-content\/uploads\/2025\/05\/nyari-idenymunka.jpg\" \/>\n\t\t<meta property=\"og:image:width\" content=\"1920\" \/>\n\t\t<meta property=\"og:image:height\" content=\"1280\" \/>\n\t\t<meta property=\"article:published_time\" content=\"2025-05-28T08:27:46+00:00\" \/>\n\t\t<meta property=\"article:modified_time\" content=\"2025-05-28T08:27:46+00:00\" \/>\n\t\t<meta property=\"article:publisher\" content=\"https:\/\/www.facebook.com\/allasorias\" \/>\n\t\t<meta name=\"twitter:card\" content=\"summary_large_image\" \/>\n\t\t<meta name=\"twitter:title\" content=\"Sz\u00fcks\u00e9g van az id\u00e9nymunk\u00e1sokre ny\u00e1ron\" \/>\n\t\t<meta name=\"twitter:description\" content=\"\u00dagy t\u0171nik az el\u0151rejelz\u00e9sekb\u0151l, hogy a mez\u0151gazdas\u00e1g keres majd legintenz\u00edvebben munkaer\u0151t a k\u00fcl\u00f6nf\u00e9le munk\u00e1kra.\" \/>\n\t\t<meta name=\"twitter:image\" content=\"https:\/\/allasorias.hu\/hirek\/wp-content\/uploads\/2025\/05\/nyari-idenymunka.jpg\" \/>\n\t\t<meta name=\"twitter:label1\" content=\"Written by\" \/>\n\t\t<meta name=\"twitter:data1\" content=\"Juh\u00e1sz P\u00e9ter\" \/>\n\t\t<meta name=\"twitter:label2\" content=\"Est. reading time\" \/>\n\t\t<meta name=\"twitter:data2\" content=\"4 minutes\" \/>\n\t\t<script type=\"application\/ld+json\" class=\"aioseo-schema\">\n\t\t\t{\"@context\":\"https:\\\/\\\/schema.org\",\"@graph\":[{\"@type\":\"Article\",\"@id\":\"https:\\\/\\\/allasorias.hu\\\/hirek\\\/ismet-szukseg-lesz-nyaron-az-idenymunkasokra\\\/#article\",\"name\":\"Sz\\u00fcks\\u00e9g van az id\\u00e9nymunk\\u00e1sokre ny\\u00e1ron\",\"headline\":\"Ism\\u00e9t sz\\u00fcks\\u00e9g lesz ny\\u00e1ron az id\\u00e9nymunk\\u00e1sokra\",\"author\":{\"@id\":\"https:\\\/\\\/allasorias.hu\\\/hirek\\\/author\\\/admin-allasorias\\\/#author\"},\"publisher\":{\"@id\":\"https:\\\/\\\/allasorias.hu\\\/hirek\\\/#organization\"},\"image\":{\"@type\":\"ImageObject\",\"url\":\"https:\\\/\\\/allasorias.hu\\\/hirek\\\/wp-content\\\/uploads\\\/2025\\\/05\\\/nyari-idenymunka.jpg\",\"width\":1920,\"height\":1280,\"caption\":\"Ism\\u00e9t sz\\u00fcks\\u00e9g lesz ny\\u00e1ron az id\\u00e9nymunk\\u00e1sokra - Allasorias.hu\\\/Hirek\"},\"datePublished\":\"2025-05-28T10:27:46+02:00\",\"dateModified\":\"2025-05-28T10:27:46+02:00\",\"inLanguage\":\"hu-HU\",\"mainEntityOfPage\":{\"@id\":\"https:\\\/\\\/allasorias.hu\\\/hirek\\\/ismet-szukseg-lesz-nyaron-az-idenymunkasokra\\\/#webpage\"},\"isPartOf\":{\"@id\":\"https:\\\/\\\/allasorias.hu\\\/hirek\\\/ismet-szukseg-lesz-nyaron-az-idenymunkasokra\\\/#webpage\"},\"articleSection\":\"Munkaer\\u0151piac\"},{\"@type\":\"BreadcrumbList\",\"@id\":\"https:\\\/\\\/allasorias.hu\\\/hirek\\\/ismet-szukseg-lesz-nyaron-az-idenymunkasokra\\\/#breadcrumblist\",\"itemListElement\":[{\"@type\":\"ListItem\",\"@id\":\"https:\\\/\\\/allasorias.hu\\\/hirek#listItem\",\"position\":1,\"name\":\"Home\",\"item\":\"https:\\\/\\\/allasorias.hu\\\/hirek\",\"nextItem\":{\"@type\":\"ListItem\",\"@id\":\"https:\\\/\\\/allasorias.hu\\\/hirek\\\/temak\\\/munkaeropiac\\\/#listItem\",\"name\":\"Munkaer\\u0151piac\"}},{\"@type\":\"ListItem\",\"@id\":\"https:\\\/\\\/allasorias.hu\\\/hirek\\\/temak\\\/munkaeropiac\\\/#listItem\",\"position\":2,\"name\":\"Munkaer\\u0151piac\",\"item\":\"https:\\\/\\\/allasorias.hu\\\/hirek\\\/temak\\\/munkaeropiac\\\/\",\"nextItem\":{\"@type\":\"ListItem\",\"@id\":\"https:\\\/\\\/allasorias.hu\\\/hirek\\\/ismet-szukseg-lesz-nyaron-az-idenymunkasokra\\\/#listItem\",\"name\":\"Ism\\u00e9t sz\\u00fcks\\u00e9g lesz ny\\u00e1ron az id\\u00e9nymunk\\u00e1sokra\"},\"previousItem\":{\"@type\":\"ListItem\",\"@id\":\"https:\\\/\\\/allasorias.hu\\\/hirek#listItem\",\"name\":\"Home\"}},{\"@type\":\"ListItem\",\"@id\":\"https:\\\/\\\/allasorias.hu\\\/hirek\\\/ismet-szukseg-lesz-nyaron-az-idenymunkasokra\\\/#listItem\",\"position\":3,\"name\":\"Ism\\u00e9t sz\\u00fcks\\u00e9g lesz ny\\u00e1ron az id\\u00e9nymunk\\u00e1sokra\",\"previousItem\":{\"@type\":\"ListItem\",\"@id\":\"https:\\\/\\\/allasorias.hu\\\/hirek\\\/temak\\\/munkaeropiac\\\/#listItem\",\"name\":\"Munkaer\\u0151piac\"}}]},{\"@type\":\"Organization\",\"@id\":\"https:\\\/\\\/allasorias.hu\\\/hirek\\\/#organization\",\"name\":\"AllasOrias.hu | H\\u00edrek-lapszemle\",\"description\":\"\\u00dczleti h\\u00edrek az \\u00e1ll\\u00e1s \\u00e9s a munka vil\\u00e1g\\u00e1b\\u00f3l\",\"url\":\"https:\\\/\\\/allasorias.hu\\\/hirek\\\/\",\"logo\":{\"@type\":\"ImageObject\",\"url\":\"https:\\\/\\\/allasorias.hu\\\/hirek\\\/wp-content\\\/uploads\\\/2022\\\/10\\\/allasorias_site_facebok_logo.png\",\"@id\":\"https:\\\/\\\/allasorias.hu\\\/hirek\\\/ismet-szukseg-lesz-nyaron-az-idenymunkasokra\\\/#organizationLogo\"},\"image\":{\"@id\":\"https:\\\/\\\/allasorias.hu\\\/hirek\\\/ismet-szukseg-lesz-nyaron-az-idenymunkasokra\\\/#organizationLogo\"},\"sameAs\":[\"https:\\\/\\\/www.facebook.com\\\/allasorias\",\"https:\\\/\\\/www.linkedin.com\\\/company\\\/allasorias\"]},{\"@type\":\"Person\",\"@id\":\"https:\\\/\\\/allasorias.hu\\\/hirek\\\/author\\\/admin-allasorias\\\/#author\",\"url\":\"https:\\\/\\\/allasorias.hu\\\/hirek\\\/author\\\/admin-allasorias\\\/\",\"name\":\"Juh\\u00e1sz P\\u00e9ter\",\"image\":{\"@type\":\"ImageObject\",\"@id\":\"https:\\\/\\\/allasorias.hu\\\/hirek\\\/ismet-szukseg-lesz-nyaron-az-idenymunkasokra\\\/#authorImage\",\"url\":\"https:\\\/\\\/secure.gravatar.com\\\/avatar\\\/36e6bcb83148978b992977cb0f54d22feb0cce8a0a849a9410532bb2623ba4c6?s=96&d=mm&r=g\",\"width\":96,\"height\":96,\"caption\":\"Juh\\u00e1sz P\\u00e9ter\"}},{\"@type\":\"WebPage\",\"@id\":\"https:\\\/\\\/allasorias.hu\\\/hirek\\\/ismet-szukseg-lesz-nyaron-az-idenymunkasokra\\\/#webpage\",\"url\":\"https:\\\/\\\/allasorias.hu\\\/hirek\\\/ismet-szukseg-lesz-nyaron-az-idenymunkasokra\\\/\",\"name\":\"Sz\\u00fcks\\u00e9g van az id\\u00e9nymunk\\u00e1sokre ny\\u00e1ron\",\"description\":\"\\u00dagy t\\u0171nik az el\\u0151rejelz\\u00e9sekb\\u0151l, hogy a mez\\u0151gazdas\\u00e1g keres majd legintenz\\u00edvebben munkaer\\u0151t a k\\u00fcl\\u00f6nf\\u00e9le munk\\u00e1kra.\",\"inLanguage\":\"hu-HU\",\"isPartOf\":{\"@id\":\"https:\\\/\\\/allasorias.hu\\\/hirek\\\/#website\"},\"breadcrumb\":{\"@id\":\"https:\\\/\\\/allasorias.hu\\\/hirek\\\/ismet-szukseg-lesz-nyaron-az-idenymunkasokra\\\/#breadcrumblist\"},\"author\":{\"@id\":\"https:\\\/\\\/allasorias.hu\\\/hirek\\\/author\\\/admin-allasorias\\\/#author\"},\"creator\":{\"@id\":\"https:\\\/\\\/allasorias.hu\\\/hirek\\\/author\\\/admin-allasorias\\\/#author\"},\"image\":{\"@type\":\"ImageObject\",\"url\":\"https:\\\/\\\/allasorias.hu\\\/hirek\\\/wp-content\\\/uploads\\\/2025\\\/05\\\/nyari-idenymunka.jpg\",\"@id\":\"https:\\\/\\\/allasorias.hu\\\/hirek\\\/ismet-szukseg-lesz-nyaron-az-idenymunkasokra\\\/#mainImage\",\"width\":1920,\"height\":1280,\"caption\":\"Ism\\u00e9t sz\\u00fcks\\u00e9g lesz ny\\u00e1ron az id\\u00e9nymunk\\u00e1sokra - Allasorias.hu\\\/Hirek\"},\"primaryImageOfPage\":{\"@id\":\"https:\\\/\\\/allasorias.hu\\\/hirek\\\/ismet-szukseg-lesz-nyaron-az-idenymunkasokra\\\/#mainImage\"},\"datePublished\":\"2025-05-28T10:27:46+02:00\",\"dateModified\":\"2025-05-28T10:27:46+02:00\"},{\"@type\":\"WebSite\",\"@id\":\"https:\\\/\\\/allasorias.hu\\\/hirek\\\/#website\",\"url\":\"https:\\\/\\\/allasorias.hu\\\/hirek\\\/\",\"name\":\"AllasOrias.hu | H\\u00edrek-lapszemle\",\"description\":\"\\u00dczleti h\\u00edrek az \\u00e1ll\\u00e1s \\u00e9s a munka vil\\u00e1g\\u00e1b\\u00f3l\",\"inLanguage\":\"hu-HU\",\"publisher\":{\"@id\":\"https:\\\/\\\/allasorias.hu\\\/hirek\\\/#organization\"}}]}\n\t\t<\/script>\n\t\t<!-- All in One SEO -->\n\n","aioseo_head_json":{"title":"Sz\u00fcks\u00e9g van az id\u00e9nymunk\u00e1sokre ny\u00e1ron","description":"\u00dagy t\u0171nik az el\u0151rejelz\u00e9sekb\u0151l, hogy a mez\u0151gazdas\u00e1g keres majd legintenz\u00edvebben munkaer\u0151t a k\u00fcl\u00f6nf\u00e9le munk\u00e1kra.","canonical_url":"https:\/\/allasorias.hu\/hirek\/ismet-szukseg-lesz-nyaron-az-idenymunkasokra\/","robots":"max-image-preview:large","keywords":"","webmasterTools":{"miscellaneous":""},"schema":{"@context":"https:\/\/schema.org","@graph":[{"@type":"Article","@id":"https:\/\/allasorias.hu\/hirek\/ismet-szukseg-lesz-nyaron-az-idenymunkasokra\/#article","name":"Sz\u00fcks\u00e9g van az id\u00e9nymunk\u00e1sokre ny\u00e1ron","headline":"Ism\u00e9t sz\u00fcks\u00e9g lesz ny\u00e1ron az id\u00e9nymunk\u00e1sokra","author":{"@id":"https:\/\/allasorias.hu\/hirek\/author\/admin-allasorias\/#author"},"publisher":{"@id":"https:\/\/allasorias.hu\/hirek\/#organization"},"image":{"@type":"ImageObject","url":"https:\/\/allasorias.hu\/hirek\/wp-content\/uploads\/2025\/05\/nyari-idenymunka.jpg","width":1920,"height":1280,"caption":"Ism\u00e9t sz\u00fcks\u00e9g lesz ny\u00e1ron az id\u00e9nymunk\u00e1sokra - Allasorias.hu\/Hirek"},"datePublished":"2025-05-28T10:27:46+02:00","dateModified":"2025-05-28T10:27:46+02:00","inLanguage":"hu-HU","mainEntityOfPage":{"@id":"https:\/\/allasorias.hu\/hirek\/ismet-szukseg-lesz-nyaron-az-idenymunkasokra\/#webpage"},"isPartOf":{"@id":"https:\/\/allasorias.hu\/hirek\/ismet-szukseg-lesz-nyaron-az-idenymunkasokra\/#webpage"},"articleSection":"Munkaer\u0151piac"},{"@type":"BreadcrumbList","@id":"https:\/\/allasorias.hu\/hirek\/ismet-szukseg-lesz-nyaron-az-idenymunkasokra\/#breadcrumblist","itemListElement":[{"@type":"ListItem","@id":"https:\/\/allasorias.hu\/hirek#listItem","position":1,"name":"Home","item":"https:\/\/allasorias.hu\/hirek","nextItem":{"@type":"ListItem","@id":"https:\/\/allasorias.hu\/hirek\/temak\/munkaeropiac\/#listItem","name":"Munkaer\u0151piac"}},{"@type":"ListItem","@id":"https:\/\/allasorias.hu\/hirek\/temak\/munkaeropiac\/#listItem","position":2,"name":"Munkaer\u0151piac","item":"https:\/\/allasorias.hu\/hirek\/temak\/munkaeropiac\/","nextItem":{"@type":"ListItem","@id":"https:\/\/allasorias.hu\/hirek\/ismet-szukseg-lesz-nyaron-az-idenymunkasokra\/#listItem","name":"Ism\u00e9t sz\u00fcks\u00e9g lesz ny\u00e1ron az id\u00e9nymunk\u00e1sokra"},"previousItem":{"@type":"ListItem","@id":"https:\/\/allasorias.hu\/hirek#listItem","name":"Home"}},{"@type":"ListItem","@id":"https:\/\/allasorias.hu\/hirek\/ismet-szukseg-lesz-nyaron-az-idenymunkasokra\/#listItem","position":3,"name":"Ism\u00e9t sz\u00fcks\u00e9g lesz ny\u00e1ron az id\u00e9nymunk\u00e1sokra","previousItem":{"@type":"ListItem","@id":"https:\/\/allasorias.hu\/hirek\/temak\/munkaeropiac\/#listItem","name":"Munkaer\u0151piac"}}]},{"@type":"Organization","@id":"https:\/\/allasorias.hu\/hirek\/#organization","name":"AllasOrias.hu | H\u00edrek-lapszemle","description":"\u00dczleti h\u00edrek az \u00e1ll\u00e1s \u00e9s a munka vil\u00e1g\u00e1b\u00f3l","url":"https:\/\/allasorias.hu\/hirek\/","logo":{"@type":"ImageObject","url":"https:\/\/allasorias.hu\/hirek\/wp-content\/uploads\/2022\/10\/allasorias_site_facebok_logo.png","@id":"https:\/\/allasorias.hu\/hirek\/ismet-szukseg-lesz-nyaron-az-idenymunkasokra\/#organizationLogo"},"image":{"@id":"https:\/\/allasorias.hu\/hirek\/ismet-szukseg-lesz-nyaron-az-idenymunkasokra\/#organizationLogo"},"sameAs":["https:\/\/www.facebook.com\/allasorias","https:\/\/www.linkedin.com\/company\/allasorias"]},{"@type":"Person","@id":"https:\/\/allasorias.hu\/hirek\/author\/admin-allasorias\/#author","url":"https:\/\/allasorias.hu\/hirek\/author\/admin-allasorias\/","name":"Juh\u00e1sz P\u00e9ter","image":{"@type":"ImageObject","@id":"https:\/\/allasorias.hu\/hirek\/ismet-szukseg-lesz-nyaron-az-idenymunkasokra\/#authorImage","url":"https:\/\/secure.gravatar.com\/avatar\/36e6bcb83148978b992977cb0f54d22feb0cce8a0a849a9410532bb2623ba4c6?s=96&d=mm&r=g","width":96,"height":96,"caption":"Juh\u00e1sz P\u00e9ter"}},{"@type":"WebPage","@id":"https:\/\/allasorias.hu\/hirek\/ismet-szukseg-lesz-nyaron-az-idenymunkasokra\/#webpage","url":"https:\/\/allasorias.hu\/hirek\/ismet-szukseg-lesz-nyaron-az-idenymunkasokra\/","name":"Sz\u00fcks\u00e9g van az id\u00e9nymunk\u00e1sokre ny\u00e1ron","description":"\u00dagy t\u0171nik az el\u0151rejelz\u00e9sekb\u0151l, hogy a mez\u0151gazdas\u00e1g keres majd legintenz\u00edvebben munkaer\u0151t a k\u00fcl\u00f6nf\u00e9le munk\u00e1kra.","inLanguage":"hu-HU","isPartOf":{"@id":"https:\/\/allasorias.hu\/hirek\/#website"},"breadcrumb":{"@id":"https:\/\/allasorias.hu\/hirek\/ismet-szukseg-lesz-nyaron-az-idenymunkasokra\/#breadcrumblist"},"author":{"@id":"https:\/\/allasorias.hu\/hirek\/author\/admin-allasorias\/#author"},"creator":{"@id":"https:\/\/allasorias.hu\/hirek\/author\/admin-allasorias\/#author"},"image":{"@type":"ImageObject","url":"https:\/\/allasorias.hu\/hirek\/wp-content\/uploads\/2025\/05\/nyari-idenymunka.jpg","@id":"https:\/\/allasorias.hu\/hirek\/ismet-szukseg-lesz-nyaron-az-idenymunkasokra\/#mainImage","width":1920,"height":1280,"caption":"Ism\u00e9t sz\u00fcks\u00e9g lesz ny\u00e1ron az id\u00e9nymunk\u00e1sokra - Allasorias.hu\/Hirek"},"primaryImageOfPage":{"@id":"https:\/\/allasorias.hu\/hirek\/ismet-szukseg-lesz-nyaron-az-idenymunkasokra\/#mainImage"},"datePublished":"2025-05-28T10:27:46+02:00","dateModified":"2025-05-28T10:27:46+02:00"},{"@type":"WebSite","@id":"https:\/\/allasorias.hu\/hirek\/#website","url":"https:\/\/allasorias.hu\/hirek\/","name":"AllasOrias.hu | H\u00edrek-lapszemle","description":"\u00dczleti h\u00edrek az \u00e1ll\u00e1s \u00e9s a munka vil\u00e1g\u00e1b\u00f3l","inLanguage":"hu-HU","publisher":{"@id":"https:\/\/allasorias.hu\/hirek\/#organization"}}]},"og:locale":"hu_HU","og:site_name":"AllasOrias.hu | H\u00edrek-lapszemle | \u00dczleti h\u00edrek az \u00e1ll\u00e1s \u00e9s a munka vil\u00e1g\u00e1b\u00f3l","og:type":"article","og:title":"Sz\u00fcks\u00e9g van az id\u00e9nymunk\u00e1sokre ny\u00e1ron","og:description":"\u00dagy t\u0171nik az el\u0151rejelz\u00e9sekb\u0151l, hogy a mez\u0151gazdas\u00e1g keres majd legintenz\u00edvebben munkaer\u0151t a k\u00fcl\u00f6nf\u00e9le munk\u00e1kra.","og:url":"https:\/\/allasorias.hu\/hirek\/ismet-szukseg-lesz-nyaron-az-idenymunkasokra\/","og:image":"https:\/\/allasorias.hu\/hirek\/wp-content\/uploads\/2025\/05\/nyari-idenymunka.jpg","og:image:secure_url":"https:\/\/allasorias.hu\/hirek\/wp-content\/uploads\/2025\/05\/nyari-idenymunka.jpg","og:image:width":1920,"og:image:height":1280,"article:published_time":"2025-05-28T08:27:46+00:00","article:modified_time":"2025-05-28T08:27:46+00:00","article:publisher":"https:\/\/www.facebook.com\/allasorias","twitter:card":"summary_large_image","twitter:title":"Sz\u00fcks\u00e9g van az id\u00e9nymunk\u00e1sokre ny\u00e1ron","twitter:description":"\u00dagy t\u0171nik az el\u0151rejelz\u00e9sekb\u0151l, hogy a mez\u0151gazdas\u00e1g keres majd legintenz\u00edvebben munkaer\u0151t a k\u00fcl\u00f6nf\u00e9le munk\u00e1kra.","twitter:image":"https:\/\/allasorias.hu\/hirek\/wp-content\/uploads\/2025\/05\/nyari-idenymunka.jpg","twitter:label1":"Written by","twitter:data1":"Juh\u00e1sz P\u00e9ter","twitter:label2":"Est. reading time","twitter:data2":"4 minutes"},"aioseo_meta_data":{"post_id":"8488","title":"Sz\u00fcks\u00e9g van az id\u00e9nymunk\u00e1sokre ny\u00e1ron","description":"\u00dagy t\u0171nik az el\u0151rejelz\u00e9sekb\u0151l, hogy a mez\u0151gazdas\u00e1g keres majd legintenz\u00edvebben munkaer\u0151t a k\u00fcl\u00f6nf\u00e9le munk\u00e1kra.","keywords":null,"keyphrases":{"focus":{"keyphrase":"","score":0,"analysis":{"keyphraseInTitle":{"score":0,"maxScore":9,"error":1}}},"additional":[]},"primary_term":null,"canonical_url":null,"og_title":null,"og_description":null,"og_object_type":"default","og_image_type":"default","og_image_url":null,"og_image_width":null,"og_image_height":null,"og_image_custom_url":null,"og_image_custom_fields":null,"og_video":"","og_custom_url":null,"og_article_section":null,"og_article_tags":null,"twitter_use_og":true,"twitter_card":"default","twitter_image_type":"default","twitter_image_url":null,"twitter_image_custom_url":null,"twitter_image_custom_fields":null,"twitter_title":null,"twitter_description":null,"schema":{"blockGraphs":[],"customGraphs":[],"default":{"data":{"Article":[],"Course":[],"Dataset":[],"FAQPage":[],"Movie":[],"Person":[],"Product":[],"ProductReview":[],"Car":[],"Recipe":[],"Service":[],"SoftwareApplication":[],"WebPage":[]},"graphName":"Article","isEnabled":true},"graphs":[]},"schema_type":"default","schema_type_options":null,"pillar_content":false,"robots_default":true,"robots_noindex":false,"robots_noarchive":false,"robots_nosnippet":false,"robots_nofollow":false,"robots_noimageindex":false,"robots_noodp":false,"robots_notranslate":false,"robots_max_snippet":"-1","robots_max_videopreview":"-1","robots_max_imagepreview":"large","priority":null,"frequency":"default","location":null,"local_seo":null,"breadcrumb_settings":null,"limit_modified_date":false,"ai":null,"created":"2025-05-28 08:19:31","updated":"2025-10-02 21:16:36","seo_analyzer_scan_date":null,"focus_keyword":null,"additional_keywords":null,"truseo_locale":null},"aioseo_breadcrumb":"<div class=\"aioseo-breadcrumbs\"><span class=\"aioseo-breadcrumb\">\n\t\t\t<a href=\"https:\/\/allasorias.hu\/hirek\" title=\"Home\">Home<\/a>\n\t\t<\/span><span class=\"aioseo-breadcrumb-separator\">&raquo;<\/span><span class=\"aioseo-breadcrumb\">\n\t\t\t<a href=\"https:\/\/allasorias.hu\/hirek\/temak\/munkaeropiac\/\" title=\"Munkaer\u0151piac\">Munkaer\u0151piac<\/a>\n\t\t<\/span><span class=\"aioseo-breadcrumb-separator\">&raquo;<\/span><span class=\"aioseo-breadcrumb\">\n\t\t\tIsm\u00e9t sz\u00fcks\u00e9g lesz ny\u00e1ron az id\u00e9nymunk\u00e1sokra\n\t\t<\/span><\/div>","aioseo_breadcrumb_json":[{"label":"Home","link":"https:\/\/allasorias.hu\/hirek"},{"label":"Munkaer\u0151piac","link":"https:\/\/allasorias.hu\/hirek\/temak\/munkaeropiac\/"},{"label":"Ism\u00e9t sz\u00fcks\u00e9g lesz ny\u00e1ron az id\u00e9nymunk\u00e1sokra","link":"https:\/\/allasorias.hu\/hirek\/ismet-szukseg-lesz-nyaron-az-idenymunkasokra\/"}],"_links":{"self":[{"href":"https:\/\/allasorias.hu\/hirek\/wp-json\/wp\/v2\/posts\/8488","targetHints":{"allow":["GET"]}}],"collection":[{"href":"https:\/\/allasorias.hu\/hirek\/wp-json\/wp\/v2\/posts"}],"about":[{"href":"https:\/\/allasorias.hu\/hirek\/wp-json\/wp\/v2\/types\/post"}],"author":[{"embeddable":true,"href":"https:\/\/allasorias.hu\/hirek\/wp-json\/wp\/v2\/users\/1"}],"replies":[{"embeddable":true,"href":"https:\/\/allasorias.hu\/hirek\/wp-json\/wp\/v2\/comments?post=8488"}],"version-history":[{"count":1,"href":"https:\/\/allasorias.hu\/hirek\/wp-json\/wp\/v2\/posts\/8488\/revisions"}],"predecessor-version":[{"id":8490,"href":"https:\/\/allasorias.hu\/hirek\/wp-json\/wp\/v2\/posts\/8488\/revisions\/8490"}],"wp:featuredmedia":[{"embeddable":true,"href":"https:\/\/allasorias.hu\/hirek\/wp-json\/wp\/v2\/media\/8489"}],"wp:attachment":[{"href":"https:\/\/allasorias.hu\/hirek\/wp-json\/wp\/v2\/media?parent=8488"}],"wp:term":[{"taxonomy":"category","embeddable":true,"href":"https:\/\/allasorias.hu\/hirek\/wp-json\/wp\/v2\/categories?post=8488"},{"taxonomy":"post_tag","embeddable":true,"href":"https:\/\/allasorias.hu\/hirek\/wp-json\/wp\/v2\/tags?post=8488"}],"curies":[{"name":"wp","href":"https:\/\/api.w.org\/{rel}","templated":true}]}}