{"id":8485,"date":"2025-05-27T09:48:19","date_gmt":"2025-05-27T07:48:19","guid":{"rendered":"https:\/\/allasorias.hu\/hirek\/?p=8485"},"modified":"2025-05-27T09:48:19","modified_gmt":"2025-05-27T07:48:19","slug":"dolgozzanak-a-kisgyermekesek-is","status":"publish","type":"post","link":"https:\/\/allasorias.hu\/hirek\/dolgozzanak-a-kisgyermekesek-is\/","title":{"rendered":"Dolgozzanak a kisgyermekesek is"},"content":{"rendered":"<p><strong>A nemsok\u00e1ra \u00e9letbel\u00e9p\u0151 rendelet szerint a munk\u00e1ba v\u00e1rj\u00e1k els\u0151sorban azokat az anyuk\u00e1kat, akik t\u00e1vmunk\u00e1ban is tudnak dolgozni gyermek\u00fck mellett.<\/strong><\/p>\n<p>A j\u00falius elej\u00e9n \u00e9letbel\u00e9p\u0151 csed-extra lehet\u0151v\u00e9 teszi, hogy a gyerek h\u00e1rom h\u00f3napos kor\u00e1t\u00f3l visszat\u00e9rjenek a n\u0151k a munkaer\u0151piacra, mik\u00f6zben a csecsem\u0151gondoz\u00e1si d\u00edj (csed) 70 sz\u00e1zal\u00e9k\u00e1t is megkapj\u00e1k. A korm\u00e1nyzati tervek szerint j\u00falius 1-j\u00e9t\u0151l vezetik be a csed-extr\u00e1t, amely lehet\u0151v\u00e9 tenn\u00e9 az any\u00e1k sz\u00e1m\u00e1ra, hogy gyermek\u00fck h\u00e1rom h\u00f3napos kor\u00e1t\u00f3l visszat\u00e9rjenek dolgozni, mik\u00f6zben a csed 70 sz\u00e1zal\u00e9k\u00e1t tov\u00e1bbra is megkapj\u00e1k.<\/p>\n<p>A k\u00f6telez\u0151 eg\u00e9szs\u00e9gbiztos\u00edt\u00e1s ell\u00e1t\u00e1sair\u00f3l sz\u00f3l\u00f3 1997-ben elfogadott t\u00f6rv\u00e9ny m\u00f3dos\u00edt\u00e1sa r\u00e9v\u00e9n \u00e9letbel\u00e9p\u0151 \u00faj szab\u00e1lyoz\u00e1s \u00e9rtelm\u00e9ben a dolgoz\u00f3 kisgyermekes \u00e9desany\u00e1k fizet\u00e9s\u00e9t a kor\u00e1bbi brutt\u00f3 b\u00e9r\u00fckkel megegyez\u0151\u00a0 csecsem\u0151gondoz\u00e1si d\u00edj (csed) 70 sz\u00e1zal\u00e9k\u00e1val eg\u00e9sz\u00edten\u00e9k ki. Jelenleg a CSED \u00f6sszesen 168 napig j\u00e1r az any\u00e1knak a gyermek sz\u00fclet\u00e9se ut\u00e1n, \u00e9s eddig nem volt lehet\u0151s\u00e9g arra, hogy e t\u00e1mogat\u00e1s mellett is lehessen dolgozni.<\/p>\n<p>A kabinet tervei szerint az \u00faj int\u00e9zked\u00e9s\u00a0 m\u00e1r a foly\u00f3 ell\u00e1t\u00e1sokra is vonatkozna. Els\u0151sorban azokat a kismam\u00e1kat c\u00e9lozz\u00e1k meg ezen t\u00e1mogat\u00e1ssal, akik t\u00e1vmunk\u00e1ban a gyermek\u00fck mell\u0151l is tudnak dolgozni.\u00a0 Az int\u00e9zked\u00e9s j\u00f3 lehet\u0151s\u00e9get jelent a stabil munkaer\u0151piaci helyzet\u0171 n\u0151knek, ugyanakkor a hagyom\u00e1nyos nemi szerepek elv\u00e1r\u00e1saib\u00f3l ad\u00f3d\u00f3 terheket (a h\u00e1ztart\u00e1si, gondoskod\u00e1si feladatokat) nem cs\u00f6kkenti.<\/p>\n<p>A Portfolio elemz\u00e9se szerint a csed-extra j\u00f3l illeszkedik az Orb\u00e1n-korm\u00e1nyok csal\u00e1dt\u00e1mogat\u00e1si rendszer\u00e9be, amely \u2013 hasonl\u00f3an a szint\u00e9n a munkaer\u0151piacra val\u00f3 visszat\u00e9r\u00e9st seg\u00edteni hivatott gyed-extr\u00e1hoz \u2013 azokat a n\u0151ket jutalmazza, akik egyszerre produkt\u00edvak (teh\u00e1t min\u00e9l el\u0151bb visszat\u00e9rnek a munk\u00e1ba) \u00e9s reprodukt\u00edvak (vagyis min\u00e9l t\u00f6bb gyermeket v\u00e1llalnak).Eur\u00f3pa legnagyobb ad\u00f3cs\u00f6kkent\u00e9si programj\u00e1nak nevezi egyik frissen bejelentett programj\u00e1t a korm\u00e1ny, amelynek f\u00f3kusz\u00e1ban els\u0151sorban a n\u0151k, a csal\u00e1dok \u00e1llnak. Mik\u00f6zben az \u00e9desany\u00e1k biztosan t\u00f6bb p\u00e9nzhez jutnak, ez m\u00e9g mindig kev\u00e9s lehet ahhoz, hogy a magyar n\u0151k boldogok legyenek, a v\u00e1gyott gyermekek megsz\u00fclessenek, \u00e9s a demogr\u00e1fiai mutat\u00f3k is javuljanak.<\/p>\n<p>Forr\u00e1s: <a href=\"https:\/\/www.economx.hu\/belfold\/csaladpolitika-csecsemogondozas-anyak-munkaalaputarsadalom-gyed.809811.html\" target=\"_blank\" rel=\"nofollow noopener noreferrer\">economx.hu<\/a><\/p>\n","protected":false},"excerpt":{"rendered":"<p>A nemsok\u00e1ra \u00e9letbel\u00e9p\u0151 rendelet szerint a munk\u00e1ba v\u00e1rj\u00e1k els\u0151sorban azokat az anyuk\u00e1kat, akik t\u00e1vmunk\u00e1ban is tudnak dolgozni gyermek\u00fck mellett. A j\u00falius elej\u00e9n \u00e9letbel\u00e9p\u0151 csed-extra lehet\u0151v\u00e9 teszi, hogy a gyerek h\u00e1rom h\u00f3napos kor\u00e1t\u00f3l visszat\u00e9rjenek a n\u0151k a munkaer\u0151piacra, mik\u00f6zben a csecsem\u0151gondoz\u00e1si d\u00edj (csed) 70 sz\u00e1zal\u00e9k\u00e1t is megkapj\u00e1k. A korm\u00e1nyzati tervek szerint j\u00falius 1-j\u00e9t\u0151l vezetik be a [&hellip;]<\/p>\n","protected":false},"author":1,"featured_media":8486,"comment_status":"closed","ping_status":"closed","sticky":false,"template":"","format":"standard","meta":{"_monsterinsights_skip_tracking":false,"footnotes":""},"categories":[200],"tags":[],"class_list":["post-8485","post","type-post","status-publish","format-standard","has-post-thumbnail","hentry","category-munkaeropiac"],"aioseo_notices":[],"aioseo_head":"\n\t\t<!-- All in One SEO 5.0.0.1 - aioseo.com -->\n\t<meta name=\"description\" content=\"A nemsok\u00e1ra \u00e9letbel\u00e9p\u0151 rendelet szerint a munk\u00e1ba v\u00e1rj\u00e1k els\u0151sorban azokat az anyuk\u00e1kat, akik t\u00e1vmunk\u00e1ban is tudnak dolgozni gyermek\u00fck mellett.\" \/>\n\t<meta name=\"robots\" content=\"max-image-preview:large\" \/>\n\t<meta name=\"author\" content=\"Juh\u00e1sz P\u00e9ter\"\/>\n\t<link rel=\"canonical\" href=\"https:\/\/allasorias.hu\/hirek\/dolgozzanak-a-kisgyermekesek-is\/\" \/>\n\t<meta name=\"generator\" content=\"All in One SEO (AIOSEO) 5.0.0.1\" \/>\n\t\t<meta property=\"og:locale\" content=\"hu_HU\" \/>\n\t\t<meta property=\"og:site_name\" content=\"AllasOrias.hu | H\u00edrek-lapszemle | \u00dczleti h\u00edrek az \u00e1ll\u00e1s \u00e9s a munka vil\u00e1g\u00e1b\u00f3l\" \/>\n\t\t<meta property=\"og:type\" content=\"article\" \/>\n\t\t<meta property=\"og:title\" content=\"A kisgyermekes any\u00e1kat is munk\u00e1ba v\u00e1rj\u00e1k\" \/>\n\t\t<meta property=\"og:description\" content=\"A nemsok\u00e1ra \u00e9letbel\u00e9p\u0151 rendelet szerint a munk\u00e1ba v\u00e1rj\u00e1k els\u0151sorban azokat az anyuk\u00e1kat, akik t\u00e1vmunk\u00e1ban is tudnak dolgozni gyermek\u00fck mellett.\" \/>\n\t\t<meta property=\"og:url\" content=\"https:\/\/allasorias.hu\/hirek\/dolgozzanak-a-kisgyermekesek-is\/\" \/>\n\t\t<meta property=\"og:image\" content=\"https:\/\/allasorias.hu\/hirek\/wp-content\/uploads\/2025\/05\/kisgyermekes-anyak-munkaban.jpg\" \/>\n\t\t<meta property=\"og:image:secure_url\" content=\"https:\/\/allasorias.hu\/hirek\/wp-content\/uploads\/2025\/05\/kisgyermekes-anyak-munkaban.jpg\" \/>\n\t\t<meta property=\"og:image:width\" content=\"1920\" \/>\n\t\t<meta property=\"og:image:height\" content=\"1280\" \/>\n\t\t<meta property=\"article:published_time\" content=\"2025-05-27T07:48:19+00:00\" \/>\n\t\t<meta property=\"article:modified_time\" content=\"2025-05-27T07:48:19+00:00\" \/>\n\t\t<meta property=\"article:publisher\" content=\"https:\/\/www.facebook.com\/allasorias\" \/>\n\t\t<meta name=\"twitter:card\" content=\"summary_large_image\" \/>\n\t\t<meta name=\"twitter:title\" content=\"A kisgyermekes any\u00e1kat is munk\u00e1ba v\u00e1rj\u00e1k\" \/>\n\t\t<meta name=\"twitter:description\" content=\"A nemsok\u00e1ra \u00e9letbel\u00e9p\u0151 rendelet szerint a munk\u00e1ba v\u00e1rj\u00e1k els\u0151sorban azokat az anyuk\u00e1kat, akik t\u00e1vmunk\u00e1ban is tudnak dolgozni gyermek\u00fck mellett.\" \/>\n\t\t<meta name=\"twitter:image\" content=\"https:\/\/allasorias.hu\/hirek\/wp-content\/uploads\/2025\/05\/kisgyermekes-anyak-munkaban.jpg\" \/>\n\t\t<meta name=\"twitter:label1\" content=\"Written by\" \/>\n\t\t<meta name=\"twitter:data1\" content=\"Juh\u00e1sz P\u00e9ter\" \/>\n\t\t<meta name=\"twitter:label2\" content=\"Est. reading time\" \/>\n\t\t<meta name=\"twitter:data2\" content=\"2 minutes\" \/>\n\t\t<script type=\"application\/ld+json\" class=\"aioseo-schema\">\n\t\t\t{\"@context\":\"https:\\\/\\\/schema.org\",\"@graph\":[{\"@type\":\"Article\",\"@id\":\"https:\\\/\\\/allasorias.hu\\\/hirek\\\/dolgozzanak-a-kisgyermekesek-is\\\/#article\",\"name\":\"A kisgyermekes any\\u00e1kat is munk\\u00e1ba v\\u00e1rj\\u00e1k\",\"headline\":\"Dolgozzanak a kisgyermekesek is\",\"author\":{\"@id\":\"https:\\\/\\\/allasorias.hu\\\/hirek\\\/author\\\/admin-allasorias\\\/#author\"},\"publisher\":{\"@id\":\"https:\\\/\\\/allasorias.hu\\\/hirek\\\/#organization\"},\"image\":{\"@type\":\"ImageObject\",\"url\":\"https:\\\/\\\/allasorias.hu\\\/hirek\\\/wp-content\\\/uploads\\\/2025\\\/05\\\/kisgyermekes-anyak-munkaban.jpg\",\"width\":1920,\"height\":1280,\"caption\":\"Dolgozzanak a kisgyermekesek is - Allasorias.hu\\\/Hirek\"},\"datePublished\":\"2025-05-27T09:48:19+02:00\",\"dateModified\":\"2025-05-27T09:48:19+02:00\",\"inLanguage\":\"hu-HU\",\"mainEntityOfPage\":{\"@id\":\"https:\\\/\\\/allasorias.hu\\\/hirek\\\/dolgozzanak-a-kisgyermekesek-is\\\/#webpage\"},\"isPartOf\":{\"@id\":\"https:\\\/\\\/allasorias.hu\\\/hirek\\\/dolgozzanak-a-kisgyermekesek-is\\\/#webpage\"},\"articleSection\":\"Munkaer\\u0151piac\"},{\"@type\":\"BreadcrumbList\",\"@id\":\"https:\\\/\\\/allasorias.hu\\\/hirek\\\/dolgozzanak-a-kisgyermekesek-is\\\/#breadcrumblist\",\"itemListElement\":[{\"@type\":\"ListItem\",\"@id\":\"https:\\\/\\\/allasorias.hu\\\/hirek#listItem\",\"position\":1,\"name\":\"Home\",\"item\":\"https:\\\/\\\/allasorias.hu\\\/hirek\",\"nextItem\":{\"@type\":\"ListItem\",\"@id\":\"https:\\\/\\\/allasorias.hu\\\/hirek\\\/temak\\\/munkaeropiac\\\/#listItem\",\"name\":\"Munkaer\\u0151piac\"}},{\"@type\":\"ListItem\",\"@id\":\"https:\\\/\\\/allasorias.hu\\\/hirek\\\/temak\\\/munkaeropiac\\\/#listItem\",\"position\":2,\"name\":\"Munkaer\\u0151piac\",\"item\":\"https:\\\/\\\/allasorias.hu\\\/hirek\\\/temak\\\/munkaeropiac\\\/\",\"nextItem\":{\"@type\":\"ListItem\",\"@id\":\"https:\\\/\\\/allasorias.hu\\\/hirek\\\/dolgozzanak-a-kisgyermekesek-is\\\/#listItem\",\"name\":\"Dolgozzanak a kisgyermekesek is\"},\"previousItem\":{\"@type\":\"ListItem\",\"@id\":\"https:\\\/\\\/allasorias.hu\\\/hirek#listItem\",\"name\":\"Home\"}},{\"@type\":\"ListItem\",\"@id\":\"https:\\\/\\\/allasorias.hu\\\/hirek\\\/dolgozzanak-a-kisgyermekesek-is\\\/#listItem\",\"position\":3,\"name\":\"Dolgozzanak a kisgyermekesek is\",\"previousItem\":{\"@type\":\"ListItem\",\"@id\":\"https:\\\/\\\/allasorias.hu\\\/hirek\\\/temak\\\/munkaeropiac\\\/#listItem\",\"name\":\"Munkaer\\u0151piac\"}}]},{\"@type\":\"Organization\",\"@id\":\"https:\\\/\\\/allasorias.hu\\\/hirek\\\/#organization\",\"name\":\"AllasOrias.hu | H\\u00edrek-lapszemle\",\"description\":\"\\u00dczleti h\\u00edrek az \\u00e1ll\\u00e1s \\u00e9s a munka vil\\u00e1g\\u00e1b\\u00f3l\",\"url\":\"https:\\\/\\\/allasorias.hu\\\/hirek\\\/\",\"logo\":{\"@type\":\"ImageObject\",\"url\":\"https:\\\/\\\/allasorias.hu\\\/hirek\\\/wp-content\\\/uploads\\\/2022\\\/10\\\/allasorias_site_facebok_logo.png\",\"@id\":\"https:\\\/\\\/allasorias.hu\\\/hirek\\\/dolgozzanak-a-kisgyermekesek-is\\\/#organizationLogo\"},\"image\":{\"@id\":\"https:\\\/\\\/allasorias.hu\\\/hirek\\\/dolgozzanak-a-kisgyermekesek-is\\\/#organizationLogo\"},\"sameAs\":[\"https:\\\/\\\/www.facebook.com\\\/allasorias\",\"https:\\\/\\\/www.linkedin.com\\\/company\\\/allasorias\"]},{\"@type\":\"Person\",\"@id\":\"https:\\\/\\\/allasorias.hu\\\/hirek\\\/author\\\/admin-allasorias\\\/#author\",\"url\":\"https:\\\/\\\/allasorias.hu\\\/hirek\\\/author\\\/admin-allasorias\\\/\",\"name\":\"Juh\\u00e1sz P\\u00e9ter\",\"image\":{\"@type\":\"ImageObject\",\"@id\":\"https:\\\/\\\/allasorias.hu\\\/hirek\\\/dolgozzanak-a-kisgyermekesek-is\\\/#authorImage\",\"url\":\"https:\\\/\\\/secure.gravatar.com\\\/avatar\\\/36e6bcb83148978b992977cb0f54d22feb0cce8a0a849a9410532bb2623ba4c6?s=96&d=mm&r=g\",\"width\":96,\"height\":96,\"caption\":\"Juh\\u00e1sz P\\u00e9ter\"}},{\"@type\":\"WebPage\",\"@id\":\"https:\\\/\\\/allasorias.hu\\\/hirek\\\/dolgozzanak-a-kisgyermekesek-is\\\/#webpage\",\"url\":\"https:\\\/\\\/allasorias.hu\\\/hirek\\\/dolgozzanak-a-kisgyermekesek-is\\\/\",\"name\":\"A kisgyermekes any\\u00e1kat is munk\\u00e1ba v\\u00e1rj\\u00e1k\",\"description\":\"A nemsok\\u00e1ra \\u00e9letbel\\u00e9p\\u0151 rendelet szerint a munk\\u00e1ba v\\u00e1rj\\u00e1k els\\u0151sorban azokat az anyuk\\u00e1kat, akik t\\u00e1vmunk\\u00e1ban is tudnak dolgozni gyermek\\u00fck mellett.\",\"inLanguage\":\"hu-HU\",\"isPartOf\":{\"@id\":\"https:\\\/\\\/allasorias.hu\\\/hirek\\\/#website\"},\"breadcrumb\":{\"@id\":\"https:\\\/\\\/allasorias.hu\\\/hirek\\\/dolgozzanak-a-kisgyermekesek-is\\\/#breadcrumblist\"},\"author\":{\"@id\":\"https:\\\/\\\/allasorias.hu\\\/hirek\\\/author\\\/admin-allasorias\\\/#author\"},\"creator\":{\"@id\":\"https:\\\/\\\/allasorias.hu\\\/hirek\\\/author\\\/admin-allasorias\\\/#author\"},\"image\":{\"@type\":\"ImageObject\",\"url\":\"https:\\\/\\\/allasorias.hu\\\/hirek\\\/wp-content\\\/uploads\\\/2025\\\/05\\\/kisgyermekes-anyak-munkaban.jpg\",\"@id\":\"https:\\\/\\\/allasorias.hu\\\/hirek\\\/dolgozzanak-a-kisgyermekesek-is\\\/#mainImage\",\"width\":1920,\"height\":1280,\"caption\":\"Dolgozzanak a kisgyermekesek is - Allasorias.hu\\\/Hirek\"},\"primaryImageOfPage\":{\"@id\":\"https:\\\/\\\/allasorias.hu\\\/hirek\\\/dolgozzanak-a-kisgyermekesek-is\\\/#mainImage\"},\"datePublished\":\"2025-05-27T09:48:19+02:00\",\"dateModified\":\"2025-05-27T09:48:19+02:00\"},{\"@type\":\"WebSite\",\"@id\":\"https:\\\/\\\/allasorias.hu\\\/hirek\\\/#website\",\"url\":\"https:\\\/\\\/allasorias.hu\\\/hirek\\\/\",\"name\":\"AllasOrias.hu | H\\u00edrek-lapszemle\",\"description\":\"\\u00dczleti h\\u00edrek az \\u00e1ll\\u00e1s \\u00e9s a munka vil\\u00e1g\\u00e1b\\u00f3l\",\"inLanguage\":\"hu-HU\",\"publisher\":{\"@id\":\"https:\\\/\\\/allasorias.hu\\\/hirek\\\/#organization\"}}]}\n\t\t<\/script>\n\t\t<!-- All in One SEO -->\n\n","aioseo_head_json":{"title":"A kisgyermekes any\u00e1kat is munk\u00e1ba v\u00e1rj\u00e1k","description":"A nemsok\u00e1ra \u00e9letbel\u00e9p\u0151 rendelet szerint a munk\u00e1ba v\u00e1rj\u00e1k els\u0151sorban azokat az anyuk\u00e1kat, akik t\u00e1vmunk\u00e1ban is tudnak dolgozni gyermek\u00fck mellett.","canonical_url":"https:\/\/allasorias.hu\/hirek\/dolgozzanak-a-kisgyermekesek-is\/","robots":"max-image-preview:large","keywords":"","webmasterTools":{"miscellaneous":""},"schema":{"@context":"https:\/\/schema.org","@graph":[{"@type":"Article","@id":"https:\/\/allasorias.hu\/hirek\/dolgozzanak-a-kisgyermekesek-is\/#article","name":"A kisgyermekes any\u00e1kat is munk\u00e1ba v\u00e1rj\u00e1k","headline":"Dolgozzanak a kisgyermekesek is","author":{"@id":"https:\/\/allasorias.hu\/hirek\/author\/admin-allasorias\/#author"},"publisher":{"@id":"https:\/\/allasorias.hu\/hirek\/#organization"},"image":{"@type":"ImageObject","url":"https:\/\/allasorias.hu\/hirek\/wp-content\/uploads\/2025\/05\/kisgyermekes-anyak-munkaban.jpg","width":1920,"height":1280,"caption":"Dolgozzanak a kisgyermekesek is - Allasorias.hu\/Hirek"},"datePublished":"2025-05-27T09:48:19+02:00","dateModified":"2025-05-27T09:48:19+02:00","inLanguage":"hu-HU","mainEntityOfPage":{"@id":"https:\/\/allasorias.hu\/hirek\/dolgozzanak-a-kisgyermekesek-is\/#webpage"},"isPartOf":{"@id":"https:\/\/allasorias.hu\/hirek\/dolgozzanak-a-kisgyermekesek-is\/#webpage"},"articleSection":"Munkaer\u0151piac"},{"@type":"BreadcrumbList","@id":"https:\/\/allasorias.hu\/hirek\/dolgozzanak-a-kisgyermekesek-is\/#breadcrumblist","itemListElement":[{"@type":"ListItem","@id":"https:\/\/allasorias.hu\/hirek#listItem","position":1,"name":"Home","item":"https:\/\/allasorias.hu\/hirek","nextItem":{"@type":"ListItem","@id":"https:\/\/allasorias.hu\/hirek\/temak\/munkaeropiac\/#listItem","name":"Munkaer\u0151piac"}},{"@type":"ListItem","@id":"https:\/\/allasorias.hu\/hirek\/temak\/munkaeropiac\/#listItem","position":2,"name":"Munkaer\u0151piac","item":"https:\/\/allasorias.hu\/hirek\/temak\/munkaeropiac\/","nextItem":{"@type":"ListItem","@id":"https:\/\/allasorias.hu\/hirek\/dolgozzanak-a-kisgyermekesek-is\/#listItem","name":"Dolgozzanak a kisgyermekesek is"},"previousItem":{"@type":"ListItem","@id":"https:\/\/allasorias.hu\/hirek#listItem","name":"Home"}},{"@type":"ListItem","@id":"https:\/\/allasorias.hu\/hirek\/dolgozzanak-a-kisgyermekesek-is\/#listItem","position":3,"name":"Dolgozzanak a kisgyermekesek is","previousItem":{"@type":"ListItem","@id":"https:\/\/allasorias.hu\/hirek\/temak\/munkaeropiac\/#listItem","name":"Munkaer\u0151piac"}}]},{"@type":"Organization","@id":"https:\/\/allasorias.hu\/hirek\/#organization","name":"AllasOrias.hu | H\u00edrek-lapszemle","description":"\u00dczleti h\u00edrek az \u00e1ll\u00e1s \u00e9s a munka vil\u00e1g\u00e1b\u00f3l","url":"https:\/\/allasorias.hu\/hirek\/","logo":{"@type":"ImageObject","url":"https:\/\/allasorias.hu\/hirek\/wp-content\/uploads\/2022\/10\/allasorias_site_facebok_logo.png","@id":"https:\/\/allasorias.hu\/hirek\/dolgozzanak-a-kisgyermekesek-is\/#organizationLogo"},"image":{"@id":"https:\/\/allasorias.hu\/hirek\/dolgozzanak-a-kisgyermekesek-is\/#organizationLogo"},"sameAs":["https:\/\/www.facebook.com\/allasorias","https:\/\/www.linkedin.com\/company\/allasorias"]},{"@type":"Person","@id":"https:\/\/allasorias.hu\/hirek\/author\/admin-allasorias\/#author","url":"https:\/\/allasorias.hu\/hirek\/author\/admin-allasorias\/","name":"Juh\u00e1sz P\u00e9ter","image":{"@type":"ImageObject","@id":"https:\/\/allasorias.hu\/hirek\/dolgozzanak-a-kisgyermekesek-is\/#authorImage","url":"https:\/\/secure.gravatar.com\/avatar\/36e6bcb83148978b992977cb0f54d22feb0cce8a0a849a9410532bb2623ba4c6?s=96&d=mm&r=g","width":96,"height":96,"caption":"Juh\u00e1sz P\u00e9ter"}},{"@type":"WebPage","@id":"https:\/\/allasorias.hu\/hirek\/dolgozzanak-a-kisgyermekesek-is\/#webpage","url":"https:\/\/allasorias.hu\/hirek\/dolgozzanak-a-kisgyermekesek-is\/","name":"A kisgyermekes any\u00e1kat is munk\u00e1ba v\u00e1rj\u00e1k","description":"A nemsok\u00e1ra \u00e9letbel\u00e9p\u0151 rendelet szerint a munk\u00e1ba v\u00e1rj\u00e1k els\u0151sorban azokat az anyuk\u00e1kat, akik t\u00e1vmunk\u00e1ban is tudnak dolgozni gyermek\u00fck mellett.","inLanguage":"hu-HU","isPartOf":{"@id":"https:\/\/allasorias.hu\/hirek\/#website"},"breadcrumb":{"@id":"https:\/\/allasorias.hu\/hirek\/dolgozzanak-a-kisgyermekesek-is\/#breadcrumblist"},"author":{"@id":"https:\/\/allasorias.hu\/hirek\/author\/admin-allasorias\/#author"},"creator":{"@id":"https:\/\/allasorias.hu\/hirek\/author\/admin-allasorias\/#author"},"image":{"@type":"ImageObject","url":"https:\/\/allasorias.hu\/hirek\/wp-content\/uploads\/2025\/05\/kisgyermekes-anyak-munkaban.jpg","@id":"https:\/\/allasorias.hu\/hirek\/dolgozzanak-a-kisgyermekesek-is\/#mainImage","width":1920,"height":1280,"caption":"Dolgozzanak a kisgyermekesek is - Allasorias.hu\/Hirek"},"primaryImageOfPage":{"@id":"https:\/\/allasorias.hu\/hirek\/dolgozzanak-a-kisgyermekesek-is\/#mainImage"},"datePublished":"2025-05-27T09:48:19+02:00","dateModified":"2025-05-27T09:48:19+02:00"},{"@type":"WebSite","@id":"https:\/\/allasorias.hu\/hirek\/#website","url":"https:\/\/allasorias.hu\/hirek\/","name":"AllasOrias.hu | H\u00edrek-lapszemle","description":"\u00dczleti h\u00edrek az \u00e1ll\u00e1s \u00e9s a munka vil\u00e1g\u00e1b\u00f3l","inLanguage":"hu-HU","publisher":{"@id":"https:\/\/allasorias.hu\/hirek\/#organization"}}]},"og:locale":"hu_HU","og:site_name":"AllasOrias.hu | H\u00edrek-lapszemle | \u00dczleti h\u00edrek az \u00e1ll\u00e1s \u00e9s a munka vil\u00e1g\u00e1b\u00f3l","og:type":"article","og:title":"A kisgyermekes any\u00e1kat is munk\u00e1ba v\u00e1rj\u00e1k","og:description":"A nemsok\u00e1ra \u00e9letbel\u00e9p\u0151 rendelet szerint a munk\u00e1ba v\u00e1rj\u00e1k els\u0151sorban azokat az anyuk\u00e1kat, akik t\u00e1vmunk\u00e1ban is tudnak dolgozni gyermek\u00fck mellett.","og:url":"https:\/\/allasorias.hu\/hirek\/dolgozzanak-a-kisgyermekesek-is\/","og:image":"https:\/\/allasorias.hu\/hirek\/wp-content\/uploads\/2025\/05\/kisgyermekes-anyak-munkaban.jpg","og:image:secure_url":"https:\/\/allasorias.hu\/hirek\/wp-content\/uploads\/2025\/05\/kisgyermekes-anyak-munkaban.jpg","og:image:width":1920,"og:image:height":1280,"article:published_time":"2025-05-27T07:48:19+00:00","article:modified_time":"2025-05-27T07:48:19+00:00","article:publisher":"https:\/\/www.facebook.com\/allasorias","twitter:card":"summary_large_image","twitter:title":"A kisgyermekes any\u00e1kat is munk\u00e1ba v\u00e1rj\u00e1k","twitter:description":"A nemsok\u00e1ra \u00e9letbel\u00e9p\u0151 rendelet szerint a munk\u00e1ba v\u00e1rj\u00e1k els\u0151sorban azokat az anyuk\u00e1kat, akik t\u00e1vmunk\u00e1ban is tudnak dolgozni gyermek\u00fck mellett.","twitter:image":"https:\/\/allasorias.hu\/hirek\/wp-content\/uploads\/2025\/05\/kisgyermekes-anyak-munkaban.jpg","twitter:label1":"Written by","twitter:data1":"Juh\u00e1sz P\u00e9ter","twitter:label2":"Est. reading time","twitter:data2":"2 minutes"},"aioseo_meta_data":{"post_id":"8485","title":"A kisgyermekes any\u00e1kat is munk\u00e1ba v\u00e1rj\u00e1k","description":"A nemsok\u00e1ra \u00e9letbel\u00e9p\u0151 rendelet szerint a munk\u00e1ba v\u00e1rj\u00e1k els\u0151sorban azokat az anyuk\u00e1kat, akik t\u00e1vmunk\u00e1ban is tudnak dolgozni gyermek\u00fck mellett.","keywords":null,"keyphrases":{"focus":{"keyphrase":"","score":0,"analysis":{"keyphraseInTitle":{"score":0,"maxScore":9,"error":1}}},"additional":[]},"primary_term":null,"canonical_url":null,"og_title":null,"og_description":null,"og_object_type":"default","og_image_type":"default","og_image_url":null,"og_image_width":null,"og_image_height":null,"og_image_custom_url":null,"og_image_custom_fields":null,"og_video":"","og_custom_url":null,"og_article_section":null,"og_article_tags":null,"twitter_use_og":true,"twitter_card":"default","twitter_image_type":"default","twitter_image_url":null,"twitter_image_custom_url":null,"twitter_image_custom_fields":null,"twitter_title":null,"twitter_description":null,"schema":{"blockGraphs":[],"customGraphs":[],"default":{"data":{"Article":[],"Course":[],"Dataset":[],"FAQPage":[],"Movie":[],"Person":[],"Product":[],"ProductReview":[],"Car":[],"Recipe":[],"Service":[],"SoftwareApplication":[],"WebPage":[]},"graphName":"Article","isEnabled":true},"graphs":[]},"schema_type":"default","schema_type_options":null,"pillar_content":false,"robots_default":true,"robots_noindex":false,"robots_noarchive":false,"robots_nosnippet":false,"robots_nofollow":false,"robots_noimageindex":false,"robots_noodp":false,"robots_notranslate":false,"robots_max_snippet":"-1","robots_max_videopreview":"-1","robots_max_imagepreview":"large","priority":null,"frequency":"default","location":null,"local_seo":null,"breadcrumb_settings":null,"limit_modified_date":false,"ai":null,"created":"2025-05-27 07:26:00","updated":"2025-10-02 21:16:36","seo_analyzer_scan_date":null,"focus_keyword":null,"additional_keywords":null,"truseo_locale":null},"aioseo_breadcrumb":"<div class=\"aioseo-breadcrumbs\"><span class=\"aioseo-breadcrumb\">\n\t\t\t<a href=\"https:\/\/allasorias.hu\/hirek\" title=\"Home\">Home<\/a>\n\t\t<\/span><span class=\"aioseo-breadcrumb-separator\">&raquo;<\/span><span class=\"aioseo-breadcrumb\">\n\t\t\t<a href=\"https:\/\/allasorias.hu\/hirek\/temak\/munkaeropiac\/\" title=\"Munkaer\u0151piac\">Munkaer\u0151piac<\/a>\n\t\t<\/span><span class=\"aioseo-breadcrumb-separator\">&raquo;<\/span><span class=\"aioseo-breadcrumb\">\n\t\t\tDolgozzanak a kisgyermekesek is\n\t\t<\/span><\/div>","aioseo_breadcrumb_json":[{"label":"Home","link":"https:\/\/allasorias.hu\/hirek"},{"label":"Munkaer\u0151piac","link":"https:\/\/allasorias.hu\/hirek\/temak\/munkaeropiac\/"},{"label":"Dolgozzanak a kisgyermekesek is","link":"https:\/\/allasorias.hu\/hirek\/dolgozzanak-a-kisgyermekesek-is\/"}],"_links":{"self":[{"href":"https:\/\/allasorias.hu\/hirek\/wp-json\/wp\/v2\/posts\/8485","targetHints":{"allow":["GET"]}}],"collection":[{"href":"https:\/\/allasorias.hu\/hirek\/wp-json\/wp\/v2\/posts"}],"about":[{"href":"https:\/\/allasorias.hu\/hirek\/wp-json\/wp\/v2\/types\/post"}],"author":[{"embeddable":true,"href":"https:\/\/allasorias.hu\/hirek\/wp-json\/wp\/v2\/users\/1"}],"replies":[{"embeddable":true,"href":"https:\/\/allasorias.hu\/hirek\/wp-json\/wp\/v2\/comments?post=8485"}],"version-history":[{"count":1,"href":"https:\/\/allasorias.hu\/hirek\/wp-json\/wp\/v2\/posts\/8485\/revisions"}],"predecessor-version":[{"id":8487,"href":"https:\/\/allasorias.hu\/hirek\/wp-json\/wp\/v2\/posts\/8485\/revisions\/8487"}],"wp:featuredmedia":[{"embeddable":true,"href":"https:\/\/allasorias.hu\/hirek\/wp-json\/wp\/v2\/media\/8486"}],"wp:attachment":[{"href":"https:\/\/allasorias.hu\/hirek\/wp-json\/wp\/v2\/media?parent=8485"}],"wp:term":[{"taxonomy":"category","embeddable":true,"href":"https:\/\/allasorias.hu\/hirek\/wp-json\/wp\/v2\/categories?post=8485"},{"taxonomy":"post_tag","embeddable":true,"href":"https:\/\/allasorias.hu\/hirek\/wp-json\/wp\/v2\/tags?post=8485"}],"curies":[{"name":"wp","href":"https:\/\/api.w.org\/{rel}","templated":true}]}}