{"id":8481,"date":"2025-05-26T09:41:50","date_gmt":"2025-05-26T07:41:50","guid":{"rendered":"https:\/\/allasorias.hu\/hirek\/?p=8481"},"modified":"2025-05-26T09:41:50","modified_gmt":"2025-05-26T07:41:50","slug":"rossz-elojelek-a-munkaeropiacon","status":"publish","type":"post","link":"https:\/\/allasorias.hu\/hirek\/rossz-elojelek-a-munkaeropiacon\/","title":{"rendered":"Rossz el\u0151jelek a munkaer\u0151piacon"},"content":{"rendered":"<p><strong>Kezdenek megjelenni a munkaer\u0151piacon a negat\u00edv el\u0151jelek. A szak\u00e9rt\u0151k szerint ilyen kevesen r\u00e9gen dolgoztak haz\u00e1nkban. Aggaszt\u00f3, hogy a v\u00e1llalatok is le\u00e9p\u00edt\u00e9sekben gondolkodnak.<\/strong><\/p>\n<p>Az el\u0151z\u0151 havihoz \u00e9s az egy \u00e9vvel kor\u00e1bbihoz k\u00e9pest is 34-35 ezer f\u0151vel cs\u00f6kkent a foglalkoztatottak sz\u00e1ma a KSH \u00e1prilisi adatai szerint. Elemz\u0151k szerint az egyik h\u00f3napr\u00f3l m\u00e1sikra t\u00f6rt\u00e9n\u0151 ekkora cs\u00f6kken\u00e9s mindenk\u00e9pp v\u00e1ratlan \u00e9s meglepet\u00e9sszer\u0171, k\u00fcl\u00f6n\u00f6sen \u00fagy, hogy az el\u0151z\u0151 h\u00f3napban m\u00e9g 20 ezer f\u0151s n\u00f6veked\u00e9sr\u0151l sz\u00e1molt be a KSH. A legfrissebb munkaer\u0151piaci adatok szerint a 2025. febru\u00e1r-\u00e1prilisi id\u0151szakban a foglalkoztatottak \u00e1tlagos l\u00e9tsz\u00e1ma a 15-74 \u00e9vesek k\u00f6r\u00e9ben 4 milli\u00f3 673 ezer f\u0151 volt, 32 ezerrel kevesebb, mint egy \u00e9vvel kor\u00e1bban. Az el\u0151z\u0151 h\u00e1romhavi \u00e1tlaghoz (janu\u00e1r-m\u00e1rcius) k\u00e9pest ez a sz\u00e1m 19 ezerrel alacsonyabb.<\/p>\n<p>Mindek\u00f6zben a munkan\u00e9lk\u00fclis\u00e9g csak kiss\u00e9 emelkedett, ami azzal magyar\u00e1zhat\u00f3, hogy \u00e9rdemben cs\u00f6kkent a n\u00e9pess\u00e9g sz\u00e1ma. Virov\u00e1cz P\u00e9ter, az ING Bank vezet\u0151 k\u00f6zgazd\u00e1sza kiemelte, a gazdas\u00e1gilag akt\u00edvak sz\u00e1ma 2023 nyara \u00f3ta el\u0151sz\u00f6r esett be 4,9 milli\u00f3 f\u0151 al\u00e1. Ezt a negat\u00edv v\u00e1ltoz\u00e1st r\u00e9szben a munkaer\u0151piac \u00f6nk\u00e9ntes elhagy\u00e1sa hajtja, de nagyobb r\u00e9szben a n\u00e9pess\u00e9gfogy\u00e1s vez\u00e9relte. A foglalkoztatotti l\u00e9tsz\u00e1m is 2023 tavasza \u00f3ta most a legalacsonyabb. A magyar gazdas\u00e1g 2022 k\u00f6zepe \u00f3ta tart\u00f3 stagn\u00e1l\u00e1sa teh\u00e1t sz\u00e9pen lassan, de kezd begy\u0171r\u0171zni a munkaer\u0151piacra is \u2013 teszi hozz\u00e1 Virov\u00e1cz.<\/p>\n<h2>V\u00e1llalati le\u00e9p\u00edt\u00e9sek<\/h2>\n<p>A k\u00fcl\u00f6nb\u00f6z\u0151 bizalmi indexek \u00e9s v\u00e1llalati felm\u00e9r\u00e9sek is egyre nagyobb ar\u00e1nyban jelzik azt, hogy a v\u00e1llalatok nem terveznek b\u0151v\u00edt\u00e9st, s\u0151t le\u00e9p\u00edt\u00e9sben gondolkoznak. A n\u00f6veked\u00e9si kil\u00e1t\u00e1sok bor\u00fasak, a kereslet tart\u00f3s hi\u00e1nya pedig az eddig munkaer\u0151t tartal\u00e9kol\u00f3kat is a le\u00e9p\u00edt\u00e9sek ir\u00e1ny\u00e1ba l\u00f6ki. Egyel\u0151re azonban nem l\u00e1tszik hirtelen megindul\u00f3 le\u00e9p\u00edt\u00e9si hull\u00e1m, ink\u00e1bb hasonl\u00edt ez az ap\u00e1lyra, amikor lassan \u00e9s fokozatosan cs\u00f6kken a foglalkoztatottak sz\u00e1ma, nem pedig sokkszer\u0171en. Ez egyben azt is jelenti, hogy n\u00e9mileg enyh\u00fclni l\u00e1tszik a munkaer\u0151piac feszess\u00e9ge, ami a munkav\u00e1llal\u00f3k alkupoz\u00edci\u00f3j\u00e1t egy\u00e9rtelm\u0171en gyeng\u00edti \u2013 v\u00e9lekedett.<\/p>\n<p>A stagn\u00e1l\u00f3 gazdas\u00e1gi helyzet \u00e9s a feldolgoz\u00f3ipar neh\u00e9zs\u00e9gei alapvet\u0151en m\u00e9g al\u00e1 is t\u00e1masztj\u00e1k, hogy a foglalkoztat\u00e1snak sem kell kiugr\u00f3an magas szinten, 4 milli\u00f3 700 ezer f\u0151 f\u00f6l\u00f6tt lennie, mint egy h\u00f3nappal ezel\u0151tt volt, de mindenk\u00e9ppen felmer\u00fcl a k\u00e9rd\u00e9s, hogy egy h\u00f3nap alatt t\u00f6rt\u00e9nik-e ekkora v\u00e1ltoz\u00e1s \u00fagy, hogy a h\u00edrekben nem hallunk t\u00f6meges gy\u00e1rbez\u00e1r\u00e1sokr\u00f3l az adott id\u0151szakban \u2013 fejtegette Reg\u0151s G\u00e1bor, a Gr\u00e1nit Alapkezel\u0151 vezet\u0151 elemz\u0151je.<\/p>\n<h2>2 \u00e9ves m\u00e9lypont<\/h2>\n<p>Az MBH Bank jelent\u00e9se szerint a foglalkoztat\u00e1si mutat\u00f3 2 \u00e9ves m\u00e9lypontra esett vissza. M\u00edg a m\u00e1rciusi adatok m\u00e9g \u00f6sszess\u00e9g\u00e9ben stabilabb munkaer\u0151piacot jeleztek, ez m\u00e1r kor\u00e1ntsem mondhat\u00f3 el a friss adatokr\u00f3l, pedig a munkaer\u0151piaci k\u00f6rnyezet roml\u00e1s\u00e1val m\u00e9g \u00e1prilisra nem sz\u00e1molt a hitelint\u00e9zet sem &#8211; \u00edrja a N\u00e9pszava. Az MBH Bank hozz\u00e1teszi: a k\u00f6vetkez\u0151 h\u00f3napokat meghat\u00e1rozhatja, hogy a v\u00e1mokkal kapcsolatos bizonytalans\u00e1g k\u00f6zepette a v\u00e1llalatok beruh\u00e1z\u00e1si d\u00f6nt\u00e9seiket elhalaszthatj\u00e1k, amit m\u00e9g neh\u00e9z sz\u00e1mszer\u0171s\u00edteni. Azt egyel\u0151re fenntartj\u00e1k, hogy az \u00e9v v\u00e9ge fel\u00e9 a gazdas\u00e1gban megindulhat a fel\u00edvel\u00e9s. A foglalkoztat\u00e1snak viszont el\u0151sz\u00f6r stabiliz\u00e1l\u00f3dnia kell, \u00e9s ezt k\u00f6vet\u0151en a n\u00f6veked\u00e9se is csup\u00e1n lass\u00fa lehet, mivel a c\u00e9gek a gyenge gazdas\u00e1gi helyzet mellett sem bocs\u00e1tottak el t\u00f6megesen munkaer\u0151t, ez\u00e9rt a fel\u00edvel\u00e9s megindul\u00e1sakor v\u00e1rhat\u00f3an nem lesz nagyon gyors a toborz\u00e1s megindul\u00e1sa sem.<\/p>\n<p>Br\u00fcsszel folyamatos nyom\u00e1sgyakorl\u00e1sa ellen\u00e9re a korm\u00e1ny a magyar munkav\u00e1llal\u00f3kat t\u00e1mogatja &#8211; k\u00f6z\u00f6lte Czomba S\u00e1ndor foglalkoztat\u00e1spolitik\u00e1\u00e9rt felel\u0151s \u00e1llamtitk\u00e1r a Nemzetgazdas\u00e1gi Miniszt\u00e9rium (NGM) k\u00f6zlem\u00e9ny\u00e9ben, mellyel a friss munkaer\u0151piaci sz\u00e1mokra reag\u00e1ltak. Hangs\u00falyozta, a korm\u00e1ny f\u00e1radhatatlanul azon dolgozik, hogy mindenki, aki akar \u00e9s tud, az dolgozhasson, ennek \u00e9rdek\u00e9ben sz\u00e1mos programmal seg\u00edti az \u00e1ll\u00e1skeres\u0151k miel\u0151bbi elhelyezked\u00e9s\u00e9t.<\/p>\n<p>Br\u00fcsszel folyamatos nyom\u00e1sgyakorl\u00e1sa ellen\u00e9re a korm\u00e1ny nem Ukrajn\u00e1ra, hanem a magyar munkav\u00e1llal\u00f3k, kiemelten a gyermekes csal\u00e1dok t\u00e1mogat\u00e1s\u00e1ra ford\u00edtja Magyarorsz\u00e1g forr\u00e1sait \u00e9s mindent megtesz a munkahelyek v\u00e9delme \u00e9rdek\u00e9ben &#8211; \u00e1ll a k\u00f6zlem\u00e9nyben. A korm\u00e1nyzati int\u00e9zked\u00e9seknek k\u00f6sz\u00f6nhet\u0151en, a magyar foglalkoztatotts\u00e1g Eur\u00f3pa \u00e9lvonal\u00e1hoz tartozik. 2025 \u00e1prilis\u00e1ban k\u00f6zel 4,7 milli\u00f3an dolgoztak haz\u00e1nkban, mik\u00f6zben a regisztr\u00e1lt \u00e1ll\u00e1skeres\u0151k sz\u00e1ma tov\u00e1bbi t\u00f6bb mint 2 ezer f\u0151vel cs\u00f6kkent, a munkan\u00e9lk\u00fclis\u00e9g m\u00e9rt\u00e9ke pedig v\u00e1ltozatlanul az eur\u00f3pai uni\u00f3s \u00e1tlag alatt van &#8211; tett\u00e9k hozz\u00e1.<\/p>\n<h2>A munkan\u00e9lk\u00fclis\u00e9g az EU-s \u00e1tlag alatt van<\/h2>\n<p>A munkan\u00e9lk\u00fcliek sz\u00e1ma 2025. febru\u00e1r-\u00e1prilis id\u0151szakban 217 ezer f\u0151t tett ki, 5,7 ezerrel kevesebbet, mint egy \u00e9vvel kor\u00e1bban. A munkan\u00e9lk\u00fclis\u00e9gi r\u00e1ta egy \u00e9v alatt 4,5 sz\u00e1zal\u00e9kr\u00f3l 4,4 sz\u00e1zal\u00e9kra javult, \u00edgy haz\u00e1nkban a munkan\u00e9lk\u00fclis\u00e9g m\u00e9rt\u00e9ke tov\u00e1bbra is az eur\u00f3pai uni\u00f3s \u00e1tlag alatt van. A korm\u00e1ny m\u00e1rciust\u00f3l ism\u00e9t elind\u00edtotta a &#8222;K\u00f6zfoglalkoztat\u00e1sb\u00f3l versenyszf\u00e9r\u00e1ba 2025.&#8221; programot, amelynek c\u00e9lja, hogy a megfelel\u0151 motiv\u00e1ci\u00f3val \u00e9s szakk\u00e9pzetts\u00e9ggel rendelkez\u0151 szem\u00e9lyek a versenyszf\u00e9r\u00e1ban tal\u00e1ljanak munk\u00e1t. A program keret\u00e9ben a k\u00e9relmez\u0151k elhelyezked\u00e9si juttat\u00e1sban r\u00e9szes\u00fclhetnek, melynek k\u00f6sz\u00f6nhet\u0151en eddig t\u00f6bb mint 20 ezer f\u0151 helyezkedett el az els\u0151dleges munkaer\u0151piacon.<\/p>\n<p>A korm\u00e1ny az 1,5 milli\u00e1rd forintos keret\u00f6sszeg\u0171 &#8222;Munk\u00e1b\u00f3l munk\u00e1ba&#8221; programmal az elbocs\u00e1tott munkav\u00e1llal\u00f3k miel\u0151bbi elhelyezked\u00e9s\u00e9t is kiemelten t\u00e1mogatja. Mindezek mellett a korm\u00e1ny a &#8222;KKV kapacit\u00e1sb\u0151v\u00edt\u0151 t\u00e1mogat\u00e1s 2.0&#8221; program keret\u00e9ben tov\u00e1bbi k\u00f6zel 1700 f\u0151 elhelyezked\u00e9s\u00e9t seg\u00edtheti, ily m\u00f3don is t\u00e1mogatva a magas foglalkoztatotts\u00e1gi szint meg\u0151rz\u00e9s\u00e9hez &#8211; \u00edrt\u00e1k a k\u00f6zlem\u00e9nyben.<\/p>\n<p>A teljes foglalkoztatotts\u00e1g elr\u00e9s\u00e9hez j\u00e1rul hozz\u00e1 a 30 \u00e9v alatti fiatalokat \u00e9s inakt\u00edvakat t\u00e1mogat\u00f3 Ifj\u00fas\u00e1gi Garancia Plusz program, valamint a 30 \u00e9v felettieket t\u00e1mogat\u00f3 szint\u00e9n uni\u00f3s finansz\u00edroz\u00e1s\u00fa program is, amelyek keret\u00e9ben az \u00e1ll\u00e1skeres\u0151k b\u00e9rt\u00e1mogat\u00e1sban, lakhat\u00e1si \u00e9s utaz\u00e1si t\u00e9r\u00edt\u00e9sben r\u00e9szes\u00fclnek. A programok sikeress\u00e9g\u00e9t t\u00fckr\u00f6zi, hogy seg\u00edts\u00e9g\u00fckkel eddig t\u00f6bb mint 38 ezer \u00e1ll\u00e1skeres\u0151 helyezkedett el. Emellett az uni\u00f3s finansz\u00edroz\u00e1s\u00fa k\u00e9pz\u00e9st \u00e9s munkaer\u0151-fejleszt\u00e9st el\u0151seg\u00edt\u0151 programmal m\u00e1r mintegy 100 ezer munkav\u00e1llal\u00f3 k\u00e9pzetts\u00e9gi szintj\u00e9t siker\u00fclt n\u00f6velni. mintegy 100 ezer munkav\u00e1llal\u00f3 k\u00e9pzetts\u00e9gi szintje n\u0151tt &#8211; t\u00e1j\u00e9koztatott az NGM.<\/p>\n<p>Forr\u00e1s: hrportal.hu<\/p>\n","protected":false},"excerpt":{"rendered":"<p>Kezdenek megjelenni a munkaer\u0151piacon a negat\u00edv el\u0151jelek. A szak\u00e9rt\u0151k szerint ilyen kevesen r\u00e9gen dolgoztak haz\u00e1nkban. Aggaszt\u00f3, hogy a v\u00e1llalatok is le\u00e9p\u00edt\u00e9sekben gondolkodnak. Az el\u0151z\u0151 havihoz \u00e9s az egy \u00e9vvel kor\u00e1bbihoz k\u00e9pest is 34-35 ezer f\u0151vel cs\u00f6kkent a foglalkoztatottak sz\u00e1ma a KSH \u00e1prilisi adatai szerint. Elemz\u0151k szerint az egyik h\u00f3napr\u00f3l m\u00e1sikra t\u00f6rt\u00e9n\u0151 ekkora cs\u00f6kken\u00e9s mindenk\u00e9pp v\u00e1ratlan [&hellip;]<\/p>\n","protected":false},"author":1,"featured_media":8482,"comment_status":"closed","ping_status":"closed","sticky":false,"template":"","format":"standard","meta":{"_monsterinsights_skip_tracking":false,"footnotes":""},"categories":[200],"tags":[],"class_list":["post-8481","post","type-post","status-publish","format-standard","has-post-thumbnail","hentry","category-munkaeropiac"],"aioseo_notices":[],"aioseo_head":"\n\t\t<!-- All in One SEO 5.0.0.1 - aioseo.com -->\n\t<meta name=\"description\" content=\"Kezdenek megjelenni a munkaer\u0151piacon a negat\u00edv el\u0151jelek. A szak\u00e9rt\u0151k szerint ilyen kevesen r\u00e9gen dolgoztak haz\u00e1nkban.\" \/>\n\t<meta name=\"robots\" content=\"max-image-preview:large\" \/>\n\t<meta name=\"author\" content=\"Juh\u00e1sz P\u00e9ter\"\/>\n\t<link rel=\"canonical\" href=\"https:\/\/allasorias.hu\/hirek\/rossz-elojelek-a-munkaeropiacon\/\" \/>\n\t<meta name=\"generator\" content=\"All in One SEO (AIOSEO) 5.0.0.1\" \/>\n\t\t<meta property=\"og:locale\" content=\"hu_HU\" \/>\n\t\t<meta property=\"og:site_name\" content=\"AllasOrias.hu | H\u00edrek-lapszemle | \u00dczleti h\u00edrek az \u00e1ll\u00e1s \u00e9s a munka vil\u00e1g\u00e1b\u00f3l\" \/>\n\t\t<meta property=\"og:type\" content=\"article\" \/>\n\t\t<meta property=\"og:title\" content=\"Rosszak az el\u0151rejelz\u00e9sek a munkaer\u0151piacon\" \/>\n\t\t<meta property=\"og:description\" content=\"Kezdenek megjelenni a munkaer\u0151piacon a negat\u00edv el\u0151jelek. A szak\u00e9rt\u0151k szerint ilyen kevesen r\u00e9gen dolgoztak haz\u00e1nkban.\" \/>\n\t\t<meta property=\"og:url\" content=\"https:\/\/allasorias.hu\/hirek\/rossz-elojelek-a-munkaeropiacon\/\" \/>\n\t\t<meta property=\"og:image\" content=\"https:\/\/allasorias.hu\/hirek\/wp-content\/uploads\/2025\/05\/munkaeropiaci-elojelek.jpg\" \/>\n\t\t<meta property=\"og:image:secure_url\" content=\"https:\/\/allasorias.hu\/hirek\/wp-content\/uploads\/2025\/05\/munkaeropiaci-elojelek.jpg\" \/>\n\t\t<meta property=\"og:image:width\" content=\"1920\" \/>\n\t\t<meta property=\"og:image:height\" content=\"1280\" \/>\n\t\t<meta property=\"article:published_time\" content=\"2025-05-26T07:41:50+00:00\" \/>\n\t\t<meta property=\"article:modified_time\" content=\"2025-05-26T07:41:50+00:00\" \/>\n\t\t<meta property=\"article:publisher\" content=\"https:\/\/www.facebook.com\/allasorias\" \/>\n\t\t<meta name=\"twitter:card\" content=\"summary_large_image\" \/>\n\t\t<meta name=\"twitter:title\" content=\"Rosszak az el\u0151rejelz\u00e9sek a munkaer\u0151piacon\" \/>\n\t\t<meta name=\"twitter:description\" content=\"Kezdenek megjelenni a munkaer\u0151piacon a negat\u00edv el\u0151jelek. A szak\u00e9rt\u0151k szerint ilyen kevesen r\u00e9gen dolgoztak haz\u00e1nkban.\" \/>\n\t\t<meta name=\"twitter:image\" content=\"https:\/\/allasorias.hu\/hirek\/wp-content\/uploads\/2025\/05\/munkaeropiaci-elojelek.jpg\" \/>\n\t\t<meta name=\"twitter:label1\" content=\"Written by\" \/>\n\t\t<meta name=\"twitter:data1\" content=\"Juh\u00e1sz P\u00e9ter\" \/>\n\t\t<meta name=\"twitter:label2\" content=\"Est. reading time\" \/>\n\t\t<meta name=\"twitter:data2\" content=\"6 minutes\" \/>\n\t\t<script type=\"application\/ld+json\" class=\"aioseo-schema\">\n\t\t\t{\"@context\":\"https:\\\/\\\/schema.org\",\"@graph\":[{\"@type\":\"Article\",\"@id\":\"https:\\\/\\\/allasorias.hu\\\/hirek\\\/rossz-elojelek-a-munkaeropiacon\\\/#article\",\"name\":\"Rosszak az el\\u0151rejelz\\u00e9sek a munkaer\\u0151piacon\",\"headline\":\"Rossz el\\u0151jelek a munkaer\\u0151piacon\",\"author\":{\"@id\":\"https:\\\/\\\/allasorias.hu\\\/hirek\\\/author\\\/admin-allasorias\\\/#author\"},\"publisher\":{\"@id\":\"https:\\\/\\\/allasorias.hu\\\/hirek\\\/#organization\"},\"image\":{\"@type\":\"ImageObject\",\"url\":\"https:\\\/\\\/allasorias.hu\\\/hirek\\\/wp-content\\\/uploads\\\/2025\\\/05\\\/munkaeropiaci-elojelek.jpg\",\"width\":1920,\"height\":1280,\"caption\":\"Rossz el\\u0151jelek a munkaer\\u0151piacon - Allasorias.hu\\\/Hirek\"},\"datePublished\":\"2025-05-26T09:41:50+02:00\",\"dateModified\":\"2025-05-26T09:41:50+02:00\",\"inLanguage\":\"hu-HU\",\"mainEntityOfPage\":{\"@id\":\"https:\\\/\\\/allasorias.hu\\\/hirek\\\/rossz-elojelek-a-munkaeropiacon\\\/#webpage\"},\"isPartOf\":{\"@id\":\"https:\\\/\\\/allasorias.hu\\\/hirek\\\/rossz-elojelek-a-munkaeropiacon\\\/#webpage\"},\"articleSection\":\"Munkaer\\u0151piac\"},{\"@type\":\"BreadcrumbList\",\"@id\":\"https:\\\/\\\/allasorias.hu\\\/hirek\\\/rossz-elojelek-a-munkaeropiacon\\\/#breadcrumblist\",\"itemListElement\":[{\"@type\":\"ListItem\",\"@id\":\"https:\\\/\\\/allasorias.hu\\\/hirek#listItem\",\"position\":1,\"name\":\"Home\",\"item\":\"https:\\\/\\\/allasorias.hu\\\/hirek\",\"nextItem\":{\"@type\":\"ListItem\",\"@id\":\"https:\\\/\\\/allasorias.hu\\\/hirek\\\/temak\\\/munkaeropiac\\\/#listItem\",\"name\":\"Munkaer\\u0151piac\"}},{\"@type\":\"ListItem\",\"@id\":\"https:\\\/\\\/allasorias.hu\\\/hirek\\\/temak\\\/munkaeropiac\\\/#listItem\",\"position\":2,\"name\":\"Munkaer\\u0151piac\",\"item\":\"https:\\\/\\\/allasorias.hu\\\/hirek\\\/temak\\\/munkaeropiac\\\/\",\"nextItem\":{\"@type\":\"ListItem\",\"@id\":\"https:\\\/\\\/allasorias.hu\\\/hirek\\\/rossz-elojelek-a-munkaeropiacon\\\/#listItem\",\"name\":\"Rossz el\\u0151jelek a munkaer\\u0151piacon\"},\"previousItem\":{\"@type\":\"ListItem\",\"@id\":\"https:\\\/\\\/allasorias.hu\\\/hirek#listItem\",\"name\":\"Home\"}},{\"@type\":\"ListItem\",\"@id\":\"https:\\\/\\\/allasorias.hu\\\/hirek\\\/rossz-elojelek-a-munkaeropiacon\\\/#listItem\",\"position\":3,\"name\":\"Rossz el\\u0151jelek a munkaer\\u0151piacon\",\"previousItem\":{\"@type\":\"ListItem\",\"@id\":\"https:\\\/\\\/allasorias.hu\\\/hirek\\\/temak\\\/munkaeropiac\\\/#listItem\",\"name\":\"Munkaer\\u0151piac\"}}]},{\"@type\":\"Organization\",\"@id\":\"https:\\\/\\\/allasorias.hu\\\/hirek\\\/#organization\",\"name\":\"AllasOrias.hu | H\\u00edrek-lapszemle\",\"description\":\"\\u00dczleti h\\u00edrek az \\u00e1ll\\u00e1s \\u00e9s a munka vil\\u00e1g\\u00e1b\\u00f3l\",\"url\":\"https:\\\/\\\/allasorias.hu\\\/hirek\\\/\",\"logo\":{\"@type\":\"ImageObject\",\"url\":\"https:\\\/\\\/allasorias.hu\\\/hirek\\\/wp-content\\\/uploads\\\/2022\\\/10\\\/allasorias_site_facebok_logo.png\",\"@id\":\"https:\\\/\\\/allasorias.hu\\\/hirek\\\/rossz-elojelek-a-munkaeropiacon\\\/#organizationLogo\"},\"image\":{\"@id\":\"https:\\\/\\\/allasorias.hu\\\/hirek\\\/rossz-elojelek-a-munkaeropiacon\\\/#organizationLogo\"},\"sameAs\":[\"https:\\\/\\\/www.facebook.com\\\/allasorias\",\"https:\\\/\\\/www.linkedin.com\\\/company\\\/allasorias\"]},{\"@type\":\"Person\",\"@id\":\"https:\\\/\\\/allasorias.hu\\\/hirek\\\/author\\\/admin-allasorias\\\/#author\",\"url\":\"https:\\\/\\\/allasorias.hu\\\/hirek\\\/author\\\/admin-allasorias\\\/\",\"name\":\"Juh\\u00e1sz P\\u00e9ter\",\"image\":{\"@type\":\"ImageObject\",\"@id\":\"https:\\\/\\\/allasorias.hu\\\/hirek\\\/rossz-elojelek-a-munkaeropiacon\\\/#authorImage\",\"url\":\"https:\\\/\\\/secure.gravatar.com\\\/avatar\\\/36e6bcb83148978b992977cb0f54d22feb0cce8a0a849a9410532bb2623ba4c6?s=96&d=mm&r=g\",\"width\":96,\"height\":96,\"caption\":\"Juh\\u00e1sz P\\u00e9ter\"}},{\"@type\":\"WebPage\",\"@id\":\"https:\\\/\\\/allasorias.hu\\\/hirek\\\/rossz-elojelek-a-munkaeropiacon\\\/#webpage\",\"url\":\"https:\\\/\\\/allasorias.hu\\\/hirek\\\/rossz-elojelek-a-munkaeropiacon\\\/\",\"name\":\"Rosszak az el\\u0151rejelz\\u00e9sek a munkaer\\u0151piacon\",\"description\":\"Kezdenek megjelenni a munkaer\\u0151piacon a negat\\u00edv el\\u0151jelek. A szak\\u00e9rt\\u0151k szerint ilyen kevesen r\\u00e9gen dolgoztak haz\\u00e1nkban.\",\"inLanguage\":\"hu-HU\",\"isPartOf\":{\"@id\":\"https:\\\/\\\/allasorias.hu\\\/hirek\\\/#website\"},\"breadcrumb\":{\"@id\":\"https:\\\/\\\/allasorias.hu\\\/hirek\\\/rossz-elojelek-a-munkaeropiacon\\\/#breadcrumblist\"},\"author\":{\"@id\":\"https:\\\/\\\/allasorias.hu\\\/hirek\\\/author\\\/admin-allasorias\\\/#author\"},\"creator\":{\"@id\":\"https:\\\/\\\/allasorias.hu\\\/hirek\\\/author\\\/admin-allasorias\\\/#author\"},\"image\":{\"@type\":\"ImageObject\",\"url\":\"https:\\\/\\\/allasorias.hu\\\/hirek\\\/wp-content\\\/uploads\\\/2025\\\/05\\\/munkaeropiaci-elojelek.jpg\",\"@id\":\"https:\\\/\\\/allasorias.hu\\\/hirek\\\/rossz-elojelek-a-munkaeropiacon\\\/#mainImage\",\"width\":1920,\"height\":1280,\"caption\":\"Rossz el\\u0151jelek a munkaer\\u0151piacon - Allasorias.hu\\\/Hirek\"},\"primaryImageOfPage\":{\"@id\":\"https:\\\/\\\/allasorias.hu\\\/hirek\\\/rossz-elojelek-a-munkaeropiacon\\\/#mainImage\"},\"datePublished\":\"2025-05-26T09:41:50+02:00\",\"dateModified\":\"2025-05-26T09:41:50+02:00\"},{\"@type\":\"WebSite\",\"@id\":\"https:\\\/\\\/allasorias.hu\\\/hirek\\\/#website\",\"url\":\"https:\\\/\\\/allasorias.hu\\\/hirek\\\/\",\"name\":\"AllasOrias.hu | H\\u00edrek-lapszemle\",\"description\":\"\\u00dczleti h\\u00edrek az \\u00e1ll\\u00e1s \\u00e9s a munka vil\\u00e1g\\u00e1b\\u00f3l\",\"inLanguage\":\"hu-HU\",\"publisher\":{\"@id\":\"https:\\\/\\\/allasorias.hu\\\/hirek\\\/#organization\"}}]}\n\t\t<\/script>\n\t\t<!-- All in One SEO -->\n\n","aioseo_head_json":{"title":"Rosszak az el\u0151rejelz\u00e9sek a munkaer\u0151piacon","description":"Kezdenek megjelenni a munkaer\u0151piacon a negat\u00edv el\u0151jelek. A szak\u00e9rt\u0151k szerint ilyen kevesen r\u00e9gen dolgoztak haz\u00e1nkban.","canonical_url":"https:\/\/allasorias.hu\/hirek\/rossz-elojelek-a-munkaeropiacon\/","robots":"max-image-preview:large","keywords":"","webmasterTools":{"miscellaneous":""},"schema":{"@context":"https:\/\/schema.org","@graph":[{"@type":"Article","@id":"https:\/\/allasorias.hu\/hirek\/rossz-elojelek-a-munkaeropiacon\/#article","name":"Rosszak az el\u0151rejelz\u00e9sek a munkaer\u0151piacon","headline":"Rossz el\u0151jelek a munkaer\u0151piacon","author":{"@id":"https:\/\/allasorias.hu\/hirek\/author\/admin-allasorias\/#author"},"publisher":{"@id":"https:\/\/allasorias.hu\/hirek\/#organization"},"image":{"@type":"ImageObject","url":"https:\/\/allasorias.hu\/hirek\/wp-content\/uploads\/2025\/05\/munkaeropiaci-elojelek.jpg","width":1920,"height":1280,"caption":"Rossz el\u0151jelek a munkaer\u0151piacon - Allasorias.hu\/Hirek"},"datePublished":"2025-05-26T09:41:50+02:00","dateModified":"2025-05-26T09:41:50+02:00","inLanguage":"hu-HU","mainEntityOfPage":{"@id":"https:\/\/allasorias.hu\/hirek\/rossz-elojelek-a-munkaeropiacon\/#webpage"},"isPartOf":{"@id":"https:\/\/allasorias.hu\/hirek\/rossz-elojelek-a-munkaeropiacon\/#webpage"},"articleSection":"Munkaer\u0151piac"},{"@type":"BreadcrumbList","@id":"https:\/\/allasorias.hu\/hirek\/rossz-elojelek-a-munkaeropiacon\/#breadcrumblist","itemListElement":[{"@type":"ListItem","@id":"https:\/\/allasorias.hu\/hirek#listItem","position":1,"name":"Home","item":"https:\/\/allasorias.hu\/hirek","nextItem":{"@type":"ListItem","@id":"https:\/\/allasorias.hu\/hirek\/temak\/munkaeropiac\/#listItem","name":"Munkaer\u0151piac"}},{"@type":"ListItem","@id":"https:\/\/allasorias.hu\/hirek\/temak\/munkaeropiac\/#listItem","position":2,"name":"Munkaer\u0151piac","item":"https:\/\/allasorias.hu\/hirek\/temak\/munkaeropiac\/","nextItem":{"@type":"ListItem","@id":"https:\/\/allasorias.hu\/hirek\/rossz-elojelek-a-munkaeropiacon\/#listItem","name":"Rossz el\u0151jelek a munkaer\u0151piacon"},"previousItem":{"@type":"ListItem","@id":"https:\/\/allasorias.hu\/hirek#listItem","name":"Home"}},{"@type":"ListItem","@id":"https:\/\/allasorias.hu\/hirek\/rossz-elojelek-a-munkaeropiacon\/#listItem","position":3,"name":"Rossz el\u0151jelek a munkaer\u0151piacon","previousItem":{"@type":"ListItem","@id":"https:\/\/allasorias.hu\/hirek\/temak\/munkaeropiac\/#listItem","name":"Munkaer\u0151piac"}}]},{"@type":"Organization","@id":"https:\/\/allasorias.hu\/hirek\/#organization","name":"AllasOrias.hu | H\u00edrek-lapszemle","description":"\u00dczleti h\u00edrek az \u00e1ll\u00e1s \u00e9s a munka vil\u00e1g\u00e1b\u00f3l","url":"https:\/\/allasorias.hu\/hirek\/","logo":{"@type":"ImageObject","url":"https:\/\/allasorias.hu\/hirek\/wp-content\/uploads\/2022\/10\/allasorias_site_facebok_logo.png","@id":"https:\/\/allasorias.hu\/hirek\/rossz-elojelek-a-munkaeropiacon\/#organizationLogo"},"image":{"@id":"https:\/\/allasorias.hu\/hirek\/rossz-elojelek-a-munkaeropiacon\/#organizationLogo"},"sameAs":["https:\/\/www.facebook.com\/allasorias","https:\/\/www.linkedin.com\/company\/allasorias"]},{"@type":"Person","@id":"https:\/\/allasorias.hu\/hirek\/author\/admin-allasorias\/#author","url":"https:\/\/allasorias.hu\/hirek\/author\/admin-allasorias\/","name":"Juh\u00e1sz P\u00e9ter","image":{"@type":"ImageObject","@id":"https:\/\/allasorias.hu\/hirek\/rossz-elojelek-a-munkaeropiacon\/#authorImage","url":"https:\/\/secure.gravatar.com\/avatar\/36e6bcb83148978b992977cb0f54d22feb0cce8a0a849a9410532bb2623ba4c6?s=96&d=mm&r=g","width":96,"height":96,"caption":"Juh\u00e1sz P\u00e9ter"}},{"@type":"WebPage","@id":"https:\/\/allasorias.hu\/hirek\/rossz-elojelek-a-munkaeropiacon\/#webpage","url":"https:\/\/allasorias.hu\/hirek\/rossz-elojelek-a-munkaeropiacon\/","name":"Rosszak az el\u0151rejelz\u00e9sek a munkaer\u0151piacon","description":"Kezdenek megjelenni a munkaer\u0151piacon a negat\u00edv el\u0151jelek. A szak\u00e9rt\u0151k szerint ilyen kevesen r\u00e9gen dolgoztak haz\u00e1nkban.","inLanguage":"hu-HU","isPartOf":{"@id":"https:\/\/allasorias.hu\/hirek\/#website"},"breadcrumb":{"@id":"https:\/\/allasorias.hu\/hirek\/rossz-elojelek-a-munkaeropiacon\/#breadcrumblist"},"author":{"@id":"https:\/\/allasorias.hu\/hirek\/author\/admin-allasorias\/#author"},"creator":{"@id":"https:\/\/allasorias.hu\/hirek\/author\/admin-allasorias\/#author"},"image":{"@type":"ImageObject","url":"https:\/\/allasorias.hu\/hirek\/wp-content\/uploads\/2025\/05\/munkaeropiaci-elojelek.jpg","@id":"https:\/\/allasorias.hu\/hirek\/rossz-elojelek-a-munkaeropiacon\/#mainImage","width":1920,"height":1280,"caption":"Rossz el\u0151jelek a munkaer\u0151piacon - Allasorias.hu\/Hirek"},"primaryImageOfPage":{"@id":"https:\/\/allasorias.hu\/hirek\/rossz-elojelek-a-munkaeropiacon\/#mainImage"},"datePublished":"2025-05-26T09:41:50+02:00","dateModified":"2025-05-26T09:41:50+02:00"},{"@type":"WebSite","@id":"https:\/\/allasorias.hu\/hirek\/#website","url":"https:\/\/allasorias.hu\/hirek\/","name":"AllasOrias.hu | H\u00edrek-lapszemle","description":"\u00dczleti h\u00edrek az \u00e1ll\u00e1s \u00e9s a munka vil\u00e1g\u00e1b\u00f3l","inLanguage":"hu-HU","publisher":{"@id":"https:\/\/allasorias.hu\/hirek\/#organization"}}]},"og:locale":"hu_HU","og:site_name":"AllasOrias.hu | H\u00edrek-lapszemle | \u00dczleti h\u00edrek az \u00e1ll\u00e1s \u00e9s a munka vil\u00e1g\u00e1b\u00f3l","og:type":"article","og:title":"Rosszak az el\u0151rejelz\u00e9sek a munkaer\u0151piacon","og:description":"Kezdenek megjelenni a munkaer\u0151piacon a negat\u00edv el\u0151jelek. A szak\u00e9rt\u0151k szerint ilyen kevesen r\u00e9gen dolgoztak haz\u00e1nkban.","og:url":"https:\/\/allasorias.hu\/hirek\/rossz-elojelek-a-munkaeropiacon\/","og:image":"https:\/\/allasorias.hu\/hirek\/wp-content\/uploads\/2025\/05\/munkaeropiaci-elojelek.jpg","og:image:secure_url":"https:\/\/allasorias.hu\/hirek\/wp-content\/uploads\/2025\/05\/munkaeropiaci-elojelek.jpg","og:image:width":1920,"og:image:height":1280,"article:published_time":"2025-05-26T07:41:50+00:00","article:modified_time":"2025-05-26T07:41:50+00:00","article:publisher":"https:\/\/www.facebook.com\/allasorias","twitter:card":"summary_large_image","twitter:title":"Rosszak az el\u0151rejelz\u00e9sek a munkaer\u0151piacon","twitter:description":"Kezdenek megjelenni a munkaer\u0151piacon a negat\u00edv el\u0151jelek. A szak\u00e9rt\u0151k szerint ilyen kevesen r\u00e9gen dolgoztak haz\u00e1nkban.","twitter:image":"https:\/\/allasorias.hu\/hirek\/wp-content\/uploads\/2025\/05\/munkaeropiaci-elojelek.jpg","twitter:label1":"Written by","twitter:data1":"Juh\u00e1sz P\u00e9ter","twitter:label2":"Est. reading time","twitter:data2":"6 minutes"},"aioseo_meta_data":{"post_id":"8481","title":"Rosszak az el\u0151rejelz\u00e9sek a munkaer\u0151piacon","description":"Kezdenek megjelenni a munkaer\u0151piacon a negat\u00edv el\u0151jelek. A szak\u00e9rt\u0151k szerint ilyen kevesen r\u00e9gen dolgoztak haz\u00e1nkban.","keywords":null,"keyphrases":{"focus":{"keyphrase":"","score":0,"analysis":{"keyphraseInTitle":{"score":0,"maxScore":9,"error":1}}},"additional":[]},"primary_term":null,"canonical_url":null,"og_title":null,"og_description":null,"og_object_type":"default","og_image_type":"default","og_image_url":null,"og_image_width":null,"og_image_height":null,"og_image_custom_url":null,"og_image_custom_fields":null,"og_video":"","og_custom_url":null,"og_article_section":null,"og_article_tags":null,"twitter_use_og":true,"twitter_card":"default","twitter_image_type":"default","twitter_image_url":null,"twitter_image_custom_url":null,"twitter_image_custom_fields":null,"twitter_title":null,"twitter_description":null,"schema":{"blockGraphs":[],"customGraphs":[],"default":{"data":{"Article":[],"Course":[],"Dataset":[],"FAQPage":[],"Movie":[],"Person":[],"Product":[],"ProductReview":[],"Car":[],"Recipe":[],"Service":[],"SoftwareApplication":[],"WebPage":[]},"graphName":"Article","isEnabled":true},"graphs":[]},"schema_type":"default","schema_type_options":null,"pillar_content":false,"robots_default":true,"robots_noindex":false,"robots_noarchive":false,"robots_nosnippet":false,"robots_nofollow":false,"robots_noimageindex":false,"robots_noodp":false,"robots_notranslate":false,"robots_max_snippet":"-1","robots_max_videopreview":"-1","robots_max_imagepreview":"large","priority":null,"frequency":"default","location":null,"local_seo":null,"breadcrumb_settings":null,"limit_modified_date":false,"ai":null,"created":"2025-05-26 07:29:56","updated":"2025-10-02 21:16:36","seo_analyzer_scan_date":null,"focus_keyword":null,"additional_keywords":null,"truseo_locale":null},"aioseo_breadcrumb":"<div class=\"aioseo-breadcrumbs\"><span class=\"aioseo-breadcrumb\">\n\t\t\t<a href=\"https:\/\/allasorias.hu\/hirek\" title=\"Home\">Home<\/a>\n\t\t<\/span><span class=\"aioseo-breadcrumb-separator\">&raquo;<\/span><span class=\"aioseo-breadcrumb\">\n\t\t\t<a href=\"https:\/\/allasorias.hu\/hirek\/temak\/munkaeropiac\/\" title=\"Munkaer\u0151piac\">Munkaer\u0151piac<\/a>\n\t\t<\/span><span class=\"aioseo-breadcrumb-separator\">&raquo;<\/span><span class=\"aioseo-breadcrumb\">\n\t\t\tRossz el\u0151jelek a munkaer\u0151piacon\n\t\t<\/span><\/div>","aioseo_breadcrumb_json":[{"label":"Home","link":"https:\/\/allasorias.hu\/hirek"},{"label":"Munkaer\u0151piac","link":"https:\/\/allasorias.hu\/hirek\/temak\/munkaeropiac\/"},{"label":"Rossz el\u0151jelek a munkaer\u0151piacon","link":"https:\/\/allasorias.hu\/hirek\/rossz-elojelek-a-munkaeropiacon\/"}],"_links":{"self":[{"href":"https:\/\/allasorias.hu\/hirek\/wp-json\/wp\/v2\/posts\/8481","targetHints":{"allow":["GET"]}}],"collection":[{"href":"https:\/\/allasorias.hu\/hirek\/wp-json\/wp\/v2\/posts"}],"about":[{"href":"https:\/\/allasorias.hu\/hirek\/wp-json\/wp\/v2\/types\/post"}],"author":[{"embeddable":true,"href":"https:\/\/allasorias.hu\/hirek\/wp-json\/wp\/v2\/users\/1"}],"replies":[{"embeddable":true,"href":"https:\/\/allasorias.hu\/hirek\/wp-json\/wp\/v2\/comments?post=8481"}],"version-history":[{"count":1,"href":"https:\/\/allasorias.hu\/hirek\/wp-json\/wp\/v2\/posts\/8481\/revisions"}],"predecessor-version":[{"id":8483,"href":"https:\/\/allasorias.hu\/hirek\/wp-json\/wp\/v2\/posts\/8481\/revisions\/8483"}],"wp:featuredmedia":[{"embeddable":true,"href":"https:\/\/allasorias.hu\/hirek\/wp-json\/wp\/v2\/media\/8482"}],"wp:attachment":[{"href":"https:\/\/allasorias.hu\/hirek\/wp-json\/wp\/v2\/media?parent=8481"}],"wp:term":[{"taxonomy":"category","embeddable":true,"href":"https:\/\/allasorias.hu\/hirek\/wp-json\/wp\/v2\/categories?post=8481"},{"taxonomy":"post_tag","embeddable":true,"href":"https:\/\/allasorias.hu\/hirek\/wp-json\/wp\/v2\/tags?post=8481"}],"curies":[{"name":"wp","href":"https:\/\/api.w.org\/{rel}","templated":true}]}}