{"id":8471,"date":"2025-05-21T09:33:31","date_gmt":"2025-05-21T07:33:31","guid":{"rendered":"https:\/\/allasorias.hu\/hirek\/?p=8471"},"modified":"2025-05-21T09:35:49","modified_gmt":"2025-05-21T07:35:49","slug":"keves-a-hazai-munkaero-jonnek-a-filippinok","status":"publish","type":"post","link":"https:\/\/allasorias.hu\/hirek\/keves-a-hazai-munkaero-jonnek-a-filippinok\/","title":{"rendered":"Kev\u00e9s a hazai munkaer\u0151-j\u00f6nnek a filipp\u00edn\u00f3k"},"content":{"rendered":"<p><strong>A tervek szerint t\u00f6bb sz\u00e1z filipp\u00edn\u00f3 vend\u00e9gmunk\u00e1s \u00e9rkezik Debrecenbe az akkumul\u00e1torgy\u00e1rba. M\u00e1r eddig is foglalkoztattak k\u00fclf\u00f6ldi munk\u00e1sokat, de \u00fajabbakra lesz sz\u00fcks\u00e9g\u00fck.<\/strong><\/p>\n<p>Az Index \u00edrt r\u00f3la, hogy a k\u00ednai CATL Debrecenben \u00e9p\u00edti fel m\u00e1sodik eur\u00f3pai akkumul\u00e1torgy\u00e1r\u00e1t mintegy 3000 milli\u00e1rd forintb\u00f3l, a D\u00e9li Ipari Parkban tal\u00e1lhat\u00f3 105 hekt\u00e1ros z\u00f6ldmez\u0151s ter\u00fcleten. A cellagy\u00e1rban az \u00e9v m\u00e1sodik fel\u00e9ben indulhat el a gy\u00e1rt\u00e1s. A port\u00e1l szerint a dolgoz\u00f3i l\u00e9tsz\u00e1m jelenleg t\u00f6bb mint 600 f\u0151, de az \u00e9v v\u00e9ge el\u0151tt el\u00e9rheti a 2000-et. Az els\u0151 gy\u00e1regys\u00e9g v\u00e1rhat\u00f3an j\u00f6v\u0151re \u00e9ri el a teljes kapacit\u00e1son t\u00f6rt\u00e9n\u0151 gy\u00e1rt\u00e1st, \u00e9s az ahhoz sz\u00fcks\u00e9ges mintegy 2600 f\u0151s v\u00e9gleges l\u00e9tsz\u00e1mot.<\/p>\n<p>El\u0151sz\u00f6r els\u0151sorban Debrecenben \u00e9s a v\u00e1ros 60 kilom\u00e9teres agglomer\u00e1ci\u00f3j\u00e1ban kerestek dolgoz\u00f3kat, de tavaly m\u00e1r orsz\u00e1gos m\u00e9reteket \u00f6lt\u00f6tt a munkaer\u0151-keres\u00e9s. Azonban a munkaer\u0151piac feszess\u00e9ge miatt a sz\u00fcks\u00e9ges l\u00e9tsz\u00e1m nem biztos\u00edthat\u00f3 kiz\u00e1r\u00f3lag helyi forr\u00e1sb\u00f3l, ez\u00e9rt a v\u00e1llalat k\u00fclf\u00f6ldi munkaer\u0151t is keresett. T\u00e1vol-keleti, k\u00fcl\u00f6n\u00f6sen k\u00ednai szakemberek m\u00e1r most is dolgoznak a gy\u00e1rban, emellett a port\u00e1l szerint 2025 m\u00e1jus\u00e1t\u00f3l fokozatosan \u00e9rkeznek a f\u00fcl\u00f6p-szigeteki dolgoz\u00f3k is, f\u0151leg a betan\u00edtott poz\u00edci\u00f3k bet\u00f6lt\u00e9s\u00e9re.<\/p>\n<p>A tervek szerint 2025 v\u00e9g\u00e9ig ak\u00e1r 500 f\u0151 is \u00e9rkezhet a t\u00e1vol-keleti orsz\u00e1gb\u00f3l. A vezet\u0151k jelezt\u00e9k, hogy ez egy tervezett fels\u0151 hat\u00e1r, amire a gy\u00e1rt\u00e1si folyamat felfut\u00e1sa \u00e9s az aktu\u00e1lis kapacit\u00e1sig\u00e9ny is hat\u00e1ssal van. A v\u00e1llalat hossz\u00fa t\u00e1v\u00fa c\u00e9lja, hogy a 2000 f\u0151s dolgoz\u00f3i \u00e1llom\u00e1ny maximum 30 sz\u00e1zal\u00e9ka legyen k\u00fclf\u00f6ldi.<\/p>\n<p>Forr\u00e1s: <a href=\"https:\/\/www.hrportal.hu\/c\/500-fulop-szigeteki-vendegmunkas-dolgozhat-majd-a-debreceni-akkugyarban-20250520.html\" target=\"_blank\" rel=\"nofollow noopener noreferrer\">hrportal.hu<\/a><\/p>\n","protected":false},"excerpt":{"rendered":"<p>A tervek szerint t\u00f6bb sz\u00e1z filipp\u00edn\u00f3 vend\u00e9gmunk\u00e1s \u00e9rkezik Debrecenbe az akkumul\u00e1torgy\u00e1rba. M\u00e1r eddig is foglalkoztattak k\u00fclf\u00f6ldi munk\u00e1sokat, de \u00fajabbakra lesz sz\u00fcks\u00e9g\u00fck. Az Index \u00edrt r\u00f3la, hogy a k\u00ednai CATL Debrecenben \u00e9p\u00edti fel m\u00e1sodik eur\u00f3pai akkumul\u00e1torgy\u00e1r\u00e1t mintegy 3000 milli\u00e1rd forintb\u00f3l, a D\u00e9li Ipari Parkban tal\u00e1lhat\u00f3 105 hekt\u00e1ros z\u00f6ldmez\u0151s ter\u00fcleten. A cellagy\u00e1rban az \u00e9v m\u00e1sodik fel\u00e9ben indulhat [&hellip;]<\/p>\n","protected":false},"author":1,"featured_media":8472,"comment_status":"closed","ping_status":"closed","sticky":false,"template":"","format":"standard","meta":{"_monsterinsights_skip_tracking":false,"footnotes":""},"categories":[200],"tags":[],"class_list":["post-8471","post","type-post","status-publish","format-standard","has-post-thumbnail","hentry","category-munkaeropiac"],"aioseo_notices":[],"aioseo_head":"\n\t\t<!-- All in One SEO 5.0.0.1 - aioseo.com -->\n\t<meta name=\"description\" content=\"A tervek szerint t\u00f6bb sz\u00e1z filipp\u00edn\u00f3 vend\u00e9gmunk\u00e1s \u00e9rkezik Debrecenbe az akkumul\u00e1torgy\u00e1rba. M\u00e1r eddig is foglalkoztattak k\u00fclf\u00f6ldi munk\u00e1sokat.\" \/>\n\t<meta name=\"robots\" content=\"max-image-preview:large\" \/>\n\t<meta name=\"author\" content=\"Juh\u00e1sz P\u00e9ter\"\/>\n\t<link rel=\"canonical\" href=\"https:\/\/allasorias.hu\/hirek\/keves-a-hazai-munkaero-jonnek-a-filippinok\/\" \/>\n\t<meta name=\"generator\" content=\"All in One SEO (AIOSEO) 5.0.0.1\" \/>\n\t\t<meta property=\"og:locale\" content=\"hu_HU\" \/>\n\t\t<meta property=\"og:site_name\" content=\"AllasOrias.hu | H\u00edrek-lapszemle | \u00dczleti h\u00edrek az \u00e1ll\u00e1s \u00e9s a munka vil\u00e1g\u00e1b\u00f3l\" \/>\n\t\t<meta property=\"og:type\" content=\"article\" \/>\n\t\t<meta property=\"og:title\" content=\"J\u00f6nnek a filipp\u00edn\u00f3k - Kev\u00e9s a hazai munkaer\u0151\" \/>\n\t\t<meta property=\"og:description\" content=\"A tervek szerint t\u00f6bb sz\u00e1z filipp\u00edn\u00f3 vend\u00e9gmunk\u00e1s \u00e9rkezik Debrecenbe az akkumul\u00e1torgy\u00e1rba. M\u00e1r eddig is foglalkoztattak k\u00fclf\u00f6ldi munk\u00e1sokat.\" \/>\n\t\t<meta property=\"og:url\" content=\"https:\/\/allasorias.hu\/hirek\/keves-a-hazai-munkaero-jonnek-a-filippinok\/\" \/>\n\t\t<meta property=\"og:image\" content=\"https:\/\/allasorias.hu\/hirek\/wp-content\/uploads\/2025\/05\/filippin-vendegmunkasok.jpg\" \/>\n\t\t<meta property=\"og:image:secure_url\" content=\"https:\/\/allasorias.hu\/hirek\/wp-content\/uploads\/2025\/05\/filippin-vendegmunkasok.jpg\" \/>\n\t\t<meta property=\"og:image:width\" content=\"1920\" \/>\n\t\t<meta property=\"og:image:height\" content=\"1280\" \/>\n\t\t<meta property=\"article:published_time\" content=\"2025-05-21T07:33:31+00:00\" \/>\n\t\t<meta property=\"article:modified_time\" content=\"2025-05-21T07:35:49+00:00\" \/>\n\t\t<meta property=\"article:publisher\" content=\"https:\/\/www.facebook.com\/allasorias\" \/>\n\t\t<meta name=\"twitter:card\" content=\"summary_large_image\" \/>\n\t\t<meta name=\"twitter:title\" content=\"J\u00f6nnek a filipp\u00edn\u00f3k - Kev\u00e9s a hazai munkaer\u0151\" \/>\n\t\t<meta name=\"twitter:description\" content=\"A tervek szerint t\u00f6bb sz\u00e1z filipp\u00edn\u00f3 vend\u00e9gmunk\u00e1s \u00e9rkezik Debrecenbe az akkumul\u00e1torgy\u00e1rba. M\u00e1r eddig is foglalkoztattak k\u00fclf\u00f6ldi munk\u00e1sokat.\" \/>\n\t\t<meta name=\"twitter:image\" content=\"https:\/\/allasorias.hu\/hirek\/wp-content\/uploads\/2025\/05\/filippin-vendegmunkasok.jpg\" \/>\n\t\t<meta name=\"twitter:label1\" content=\"Written by\" \/>\n\t\t<meta name=\"twitter:data1\" content=\"Juh\u00e1sz P\u00e9ter\" \/>\n\t\t<meta name=\"twitter:label2\" content=\"Est. reading time\" \/>\n\t\t<meta name=\"twitter:data2\" content=\"2 minutes\" \/>\n\t\t<script type=\"application\/ld+json\" class=\"aioseo-schema\">\n\t\t\t{\"@context\":\"https:\\\/\\\/schema.org\",\"@graph\":[{\"@type\":\"Article\",\"@id\":\"https:\\\/\\\/allasorias.hu\\\/hirek\\\/keves-a-hazai-munkaero-jonnek-a-filippinok\\\/#article\",\"name\":\"J\\u00f6nnek a filipp\\u00edn\\u00f3k - Kev\\u00e9s a hazai munkaer\\u0151\",\"headline\":\"Kev\\u00e9s a hazai munkaer\\u0151-j\\u00f6nnek a filipp\\u00edn\\u00f3k\",\"author\":{\"@id\":\"https:\\\/\\\/allasorias.hu\\\/hirek\\\/author\\\/admin-allasorias\\\/#author\"},\"publisher\":{\"@id\":\"https:\\\/\\\/allasorias.hu\\\/hirek\\\/#organization\"},\"image\":{\"@type\":\"ImageObject\",\"url\":\"https:\\\/\\\/allasorias.hu\\\/hirek\\\/wp-content\\\/uploads\\\/2025\\\/05\\\/filippin-vendegmunkasok.jpg\",\"width\":1920,\"height\":1280,\"caption\":\"Kev\\u00e9s a hazai munkaer\\u0151-j\\u00f6nnek a filipp\\u00edn\\u00f3k - Allasorias.hu\\\/Hirek\"},\"datePublished\":\"2025-05-21T09:33:31+02:00\",\"dateModified\":\"2025-05-21T09:35:49+02:00\",\"inLanguage\":\"hu-HU\",\"mainEntityOfPage\":{\"@id\":\"https:\\\/\\\/allasorias.hu\\\/hirek\\\/keves-a-hazai-munkaero-jonnek-a-filippinok\\\/#webpage\"},\"isPartOf\":{\"@id\":\"https:\\\/\\\/allasorias.hu\\\/hirek\\\/keves-a-hazai-munkaero-jonnek-a-filippinok\\\/#webpage\"},\"articleSection\":\"Munkaer\\u0151piac\"},{\"@type\":\"BreadcrumbList\",\"@id\":\"https:\\\/\\\/allasorias.hu\\\/hirek\\\/keves-a-hazai-munkaero-jonnek-a-filippinok\\\/#breadcrumblist\",\"itemListElement\":[{\"@type\":\"ListItem\",\"@id\":\"https:\\\/\\\/allasorias.hu\\\/hirek#listItem\",\"position\":1,\"name\":\"Home\",\"item\":\"https:\\\/\\\/allasorias.hu\\\/hirek\",\"nextItem\":{\"@type\":\"ListItem\",\"@id\":\"https:\\\/\\\/allasorias.hu\\\/hirek\\\/temak\\\/munkaeropiac\\\/#listItem\",\"name\":\"Munkaer\\u0151piac\"}},{\"@type\":\"ListItem\",\"@id\":\"https:\\\/\\\/allasorias.hu\\\/hirek\\\/temak\\\/munkaeropiac\\\/#listItem\",\"position\":2,\"name\":\"Munkaer\\u0151piac\",\"item\":\"https:\\\/\\\/allasorias.hu\\\/hirek\\\/temak\\\/munkaeropiac\\\/\",\"nextItem\":{\"@type\":\"ListItem\",\"@id\":\"https:\\\/\\\/allasorias.hu\\\/hirek\\\/keves-a-hazai-munkaero-jonnek-a-filippinok\\\/#listItem\",\"name\":\"Kev\\u00e9s a hazai munkaer\\u0151-j\\u00f6nnek a filipp\\u00edn\\u00f3k\"},\"previousItem\":{\"@type\":\"ListItem\",\"@id\":\"https:\\\/\\\/allasorias.hu\\\/hirek#listItem\",\"name\":\"Home\"}},{\"@type\":\"ListItem\",\"@id\":\"https:\\\/\\\/allasorias.hu\\\/hirek\\\/keves-a-hazai-munkaero-jonnek-a-filippinok\\\/#listItem\",\"position\":3,\"name\":\"Kev\\u00e9s a hazai munkaer\\u0151-j\\u00f6nnek a filipp\\u00edn\\u00f3k\",\"previousItem\":{\"@type\":\"ListItem\",\"@id\":\"https:\\\/\\\/allasorias.hu\\\/hirek\\\/temak\\\/munkaeropiac\\\/#listItem\",\"name\":\"Munkaer\\u0151piac\"}}]},{\"@type\":\"Organization\",\"@id\":\"https:\\\/\\\/allasorias.hu\\\/hirek\\\/#organization\",\"name\":\"AllasOrias.hu | H\\u00edrek-lapszemle\",\"description\":\"\\u00dczleti h\\u00edrek az \\u00e1ll\\u00e1s \\u00e9s a munka vil\\u00e1g\\u00e1b\\u00f3l\",\"url\":\"https:\\\/\\\/allasorias.hu\\\/hirek\\\/\",\"logo\":{\"@type\":\"ImageObject\",\"url\":\"https:\\\/\\\/allasorias.hu\\\/hirek\\\/wp-content\\\/uploads\\\/2022\\\/10\\\/allasorias_site_facebok_logo.png\",\"@id\":\"https:\\\/\\\/allasorias.hu\\\/hirek\\\/keves-a-hazai-munkaero-jonnek-a-filippinok\\\/#organizationLogo\"},\"image\":{\"@id\":\"https:\\\/\\\/allasorias.hu\\\/hirek\\\/keves-a-hazai-munkaero-jonnek-a-filippinok\\\/#organizationLogo\"},\"sameAs\":[\"https:\\\/\\\/www.facebook.com\\\/allasorias\",\"https:\\\/\\\/www.linkedin.com\\\/company\\\/allasorias\"]},{\"@type\":\"Person\",\"@id\":\"https:\\\/\\\/allasorias.hu\\\/hirek\\\/author\\\/admin-allasorias\\\/#author\",\"url\":\"https:\\\/\\\/allasorias.hu\\\/hirek\\\/author\\\/admin-allasorias\\\/\",\"name\":\"Juh\\u00e1sz P\\u00e9ter\",\"image\":{\"@type\":\"ImageObject\",\"@id\":\"https:\\\/\\\/allasorias.hu\\\/hirek\\\/keves-a-hazai-munkaero-jonnek-a-filippinok\\\/#authorImage\",\"url\":\"https:\\\/\\\/secure.gravatar.com\\\/avatar\\\/36e6bcb83148978b992977cb0f54d22feb0cce8a0a849a9410532bb2623ba4c6?s=96&d=mm&r=g\",\"width\":96,\"height\":96,\"caption\":\"Juh\\u00e1sz P\\u00e9ter\"}},{\"@type\":\"WebPage\",\"@id\":\"https:\\\/\\\/allasorias.hu\\\/hirek\\\/keves-a-hazai-munkaero-jonnek-a-filippinok\\\/#webpage\",\"url\":\"https:\\\/\\\/allasorias.hu\\\/hirek\\\/keves-a-hazai-munkaero-jonnek-a-filippinok\\\/\",\"name\":\"J\\u00f6nnek a filipp\\u00edn\\u00f3k - Kev\\u00e9s a hazai munkaer\\u0151\",\"description\":\"A tervek szerint t\\u00f6bb sz\\u00e1z filipp\\u00edn\\u00f3 vend\\u00e9gmunk\\u00e1s \\u00e9rkezik Debrecenbe az akkumul\\u00e1torgy\\u00e1rba. M\\u00e1r eddig is foglalkoztattak k\\u00fclf\\u00f6ldi munk\\u00e1sokat.\",\"inLanguage\":\"hu-HU\",\"isPartOf\":{\"@id\":\"https:\\\/\\\/allasorias.hu\\\/hirek\\\/#website\"},\"breadcrumb\":{\"@id\":\"https:\\\/\\\/allasorias.hu\\\/hirek\\\/keves-a-hazai-munkaero-jonnek-a-filippinok\\\/#breadcrumblist\"},\"author\":{\"@id\":\"https:\\\/\\\/allasorias.hu\\\/hirek\\\/author\\\/admin-allasorias\\\/#author\"},\"creator\":{\"@id\":\"https:\\\/\\\/allasorias.hu\\\/hirek\\\/author\\\/admin-allasorias\\\/#author\"},\"image\":{\"@type\":\"ImageObject\",\"url\":\"https:\\\/\\\/allasorias.hu\\\/hirek\\\/wp-content\\\/uploads\\\/2025\\\/05\\\/filippin-vendegmunkasok.jpg\",\"@id\":\"https:\\\/\\\/allasorias.hu\\\/hirek\\\/keves-a-hazai-munkaero-jonnek-a-filippinok\\\/#mainImage\",\"width\":1920,\"height\":1280,\"caption\":\"Kev\\u00e9s a hazai munkaer\\u0151-j\\u00f6nnek a filipp\\u00edn\\u00f3k - Allasorias.hu\\\/Hirek\"},\"primaryImageOfPage\":{\"@id\":\"https:\\\/\\\/allasorias.hu\\\/hirek\\\/keves-a-hazai-munkaero-jonnek-a-filippinok\\\/#mainImage\"},\"datePublished\":\"2025-05-21T09:33:31+02:00\",\"dateModified\":\"2025-05-21T09:35:49+02:00\"},{\"@type\":\"WebSite\",\"@id\":\"https:\\\/\\\/allasorias.hu\\\/hirek\\\/#website\",\"url\":\"https:\\\/\\\/allasorias.hu\\\/hirek\\\/\",\"name\":\"AllasOrias.hu | H\\u00edrek-lapszemle\",\"description\":\"\\u00dczleti h\\u00edrek az \\u00e1ll\\u00e1s \\u00e9s a munka vil\\u00e1g\\u00e1b\\u00f3l\",\"inLanguage\":\"hu-HU\",\"publisher\":{\"@id\":\"https:\\\/\\\/allasorias.hu\\\/hirek\\\/#organization\"}}]}\n\t\t<\/script>\n\t\t<!-- All in One SEO -->\n\n","aioseo_head_json":{"title":"J\u00f6nnek a filipp\u00edn\u00f3k - Kev\u00e9s a hazai munkaer\u0151","description":"A tervek szerint t\u00f6bb sz\u00e1z filipp\u00edn\u00f3 vend\u00e9gmunk\u00e1s \u00e9rkezik Debrecenbe az akkumul\u00e1torgy\u00e1rba. M\u00e1r eddig is foglalkoztattak k\u00fclf\u00f6ldi munk\u00e1sokat.","canonical_url":"https:\/\/allasorias.hu\/hirek\/keves-a-hazai-munkaero-jonnek-a-filippinok\/","robots":"max-image-preview:large","keywords":"","webmasterTools":{"miscellaneous":""},"schema":{"@context":"https:\/\/schema.org","@graph":[{"@type":"Article","@id":"https:\/\/allasorias.hu\/hirek\/keves-a-hazai-munkaero-jonnek-a-filippinok\/#article","name":"J\u00f6nnek a filipp\u00edn\u00f3k - Kev\u00e9s a hazai munkaer\u0151","headline":"Kev\u00e9s a hazai munkaer\u0151-j\u00f6nnek a filipp\u00edn\u00f3k","author":{"@id":"https:\/\/allasorias.hu\/hirek\/author\/admin-allasorias\/#author"},"publisher":{"@id":"https:\/\/allasorias.hu\/hirek\/#organization"},"image":{"@type":"ImageObject","url":"https:\/\/allasorias.hu\/hirek\/wp-content\/uploads\/2025\/05\/filippin-vendegmunkasok.jpg","width":1920,"height":1280,"caption":"Kev\u00e9s a hazai munkaer\u0151-j\u00f6nnek a filipp\u00edn\u00f3k - Allasorias.hu\/Hirek"},"datePublished":"2025-05-21T09:33:31+02:00","dateModified":"2025-05-21T09:35:49+02:00","inLanguage":"hu-HU","mainEntityOfPage":{"@id":"https:\/\/allasorias.hu\/hirek\/keves-a-hazai-munkaero-jonnek-a-filippinok\/#webpage"},"isPartOf":{"@id":"https:\/\/allasorias.hu\/hirek\/keves-a-hazai-munkaero-jonnek-a-filippinok\/#webpage"},"articleSection":"Munkaer\u0151piac"},{"@type":"BreadcrumbList","@id":"https:\/\/allasorias.hu\/hirek\/keves-a-hazai-munkaero-jonnek-a-filippinok\/#breadcrumblist","itemListElement":[{"@type":"ListItem","@id":"https:\/\/allasorias.hu\/hirek#listItem","position":1,"name":"Home","item":"https:\/\/allasorias.hu\/hirek","nextItem":{"@type":"ListItem","@id":"https:\/\/allasorias.hu\/hirek\/temak\/munkaeropiac\/#listItem","name":"Munkaer\u0151piac"}},{"@type":"ListItem","@id":"https:\/\/allasorias.hu\/hirek\/temak\/munkaeropiac\/#listItem","position":2,"name":"Munkaer\u0151piac","item":"https:\/\/allasorias.hu\/hirek\/temak\/munkaeropiac\/","nextItem":{"@type":"ListItem","@id":"https:\/\/allasorias.hu\/hirek\/keves-a-hazai-munkaero-jonnek-a-filippinok\/#listItem","name":"Kev\u00e9s a hazai munkaer\u0151-j\u00f6nnek a filipp\u00edn\u00f3k"},"previousItem":{"@type":"ListItem","@id":"https:\/\/allasorias.hu\/hirek#listItem","name":"Home"}},{"@type":"ListItem","@id":"https:\/\/allasorias.hu\/hirek\/keves-a-hazai-munkaero-jonnek-a-filippinok\/#listItem","position":3,"name":"Kev\u00e9s a hazai munkaer\u0151-j\u00f6nnek a filipp\u00edn\u00f3k","previousItem":{"@type":"ListItem","@id":"https:\/\/allasorias.hu\/hirek\/temak\/munkaeropiac\/#listItem","name":"Munkaer\u0151piac"}}]},{"@type":"Organization","@id":"https:\/\/allasorias.hu\/hirek\/#organization","name":"AllasOrias.hu | H\u00edrek-lapszemle","description":"\u00dczleti h\u00edrek az \u00e1ll\u00e1s \u00e9s a munka vil\u00e1g\u00e1b\u00f3l","url":"https:\/\/allasorias.hu\/hirek\/","logo":{"@type":"ImageObject","url":"https:\/\/allasorias.hu\/hirek\/wp-content\/uploads\/2022\/10\/allasorias_site_facebok_logo.png","@id":"https:\/\/allasorias.hu\/hirek\/keves-a-hazai-munkaero-jonnek-a-filippinok\/#organizationLogo"},"image":{"@id":"https:\/\/allasorias.hu\/hirek\/keves-a-hazai-munkaero-jonnek-a-filippinok\/#organizationLogo"},"sameAs":["https:\/\/www.facebook.com\/allasorias","https:\/\/www.linkedin.com\/company\/allasorias"]},{"@type":"Person","@id":"https:\/\/allasorias.hu\/hirek\/author\/admin-allasorias\/#author","url":"https:\/\/allasorias.hu\/hirek\/author\/admin-allasorias\/","name":"Juh\u00e1sz P\u00e9ter","image":{"@type":"ImageObject","@id":"https:\/\/allasorias.hu\/hirek\/keves-a-hazai-munkaero-jonnek-a-filippinok\/#authorImage","url":"https:\/\/secure.gravatar.com\/avatar\/36e6bcb83148978b992977cb0f54d22feb0cce8a0a849a9410532bb2623ba4c6?s=96&d=mm&r=g","width":96,"height":96,"caption":"Juh\u00e1sz P\u00e9ter"}},{"@type":"WebPage","@id":"https:\/\/allasorias.hu\/hirek\/keves-a-hazai-munkaero-jonnek-a-filippinok\/#webpage","url":"https:\/\/allasorias.hu\/hirek\/keves-a-hazai-munkaero-jonnek-a-filippinok\/","name":"J\u00f6nnek a filipp\u00edn\u00f3k - Kev\u00e9s a hazai munkaer\u0151","description":"A tervek szerint t\u00f6bb sz\u00e1z filipp\u00edn\u00f3 vend\u00e9gmunk\u00e1s \u00e9rkezik Debrecenbe az akkumul\u00e1torgy\u00e1rba. M\u00e1r eddig is foglalkoztattak k\u00fclf\u00f6ldi munk\u00e1sokat.","inLanguage":"hu-HU","isPartOf":{"@id":"https:\/\/allasorias.hu\/hirek\/#website"},"breadcrumb":{"@id":"https:\/\/allasorias.hu\/hirek\/keves-a-hazai-munkaero-jonnek-a-filippinok\/#breadcrumblist"},"author":{"@id":"https:\/\/allasorias.hu\/hirek\/author\/admin-allasorias\/#author"},"creator":{"@id":"https:\/\/allasorias.hu\/hirek\/author\/admin-allasorias\/#author"},"image":{"@type":"ImageObject","url":"https:\/\/allasorias.hu\/hirek\/wp-content\/uploads\/2025\/05\/filippin-vendegmunkasok.jpg","@id":"https:\/\/allasorias.hu\/hirek\/keves-a-hazai-munkaero-jonnek-a-filippinok\/#mainImage","width":1920,"height":1280,"caption":"Kev\u00e9s a hazai munkaer\u0151-j\u00f6nnek a filipp\u00edn\u00f3k - Allasorias.hu\/Hirek"},"primaryImageOfPage":{"@id":"https:\/\/allasorias.hu\/hirek\/keves-a-hazai-munkaero-jonnek-a-filippinok\/#mainImage"},"datePublished":"2025-05-21T09:33:31+02:00","dateModified":"2025-05-21T09:35:49+02:00"},{"@type":"WebSite","@id":"https:\/\/allasorias.hu\/hirek\/#website","url":"https:\/\/allasorias.hu\/hirek\/","name":"AllasOrias.hu | H\u00edrek-lapszemle","description":"\u00dczleti h\u00edrek az \u00e1ll\u00e1s \u00e9s a munka vil\u00e1g\u00e1b\u00f3l","inLanguage":"hu-HU","publisher":{"@id":"https:\/\/allasorias.hu\/hirek\/#organization"}}]},"og:locale":"hu_HU","og:site_name":"AllasOrias.hu | H\u00edrek-lapszemle | \u00dczleti h\u00edrek az \u00e1ll\u00e1s \u00e9s a munka vil\u00e1g\u00e1b\u00f3l","og:type":"article","og:title":"J\u00f6nnek a filipp\u00edn\u00f3k - Kev\u00e9s a hazai munkaer\u0151","og:description":"A tervek szerint t\u00f6bb sz\u00e1z filipp\u00edn\u00f3 vend\u00e9gmunk\u00e1s \u00e9rkezik Debrecenbe az akkumul\u00e1torgy\u00e1rba. M\u00e1r eddig is foglalkoztattak k\u00fclf\u00f6ldi munk\u00e1sokat.","og:url":"https:\/\/allasorias.hu\/hirek\/keves-a-hazai-munkaero-jonnek-a-filippinok\/","og:image":"https:\/\/allasorias.hu\/hirek\/wp-content\/uploads\/2025\/05\/filippin-vendegmunkasok.jpg","og:image:secure_url":"https:\/\/allasorias.hu\/hirek\/wp-content\/uploads\/2025\/05\/filippin-vendegmunkasok.jpg","og:image:width":1920,"og:image:height":1280,"article:published_time":"2025-05-21T07:33:31+00:00","article:modified_time":"2025-05-21T07:35:49+00:00","article:publisher":"https:\/\/www.facebook.com\/allasorias","twitter:card":"summary_large_image","twitter:title":"J\u00f6nnek a filipp\u00edn\u00f3k - Kev\u00e9s a hazai munkaer\u0151","twitter:description":"A tervek szerint t\u00f6bb sz\u00e1z filipp\u00edn\u00f3 vend\u00e9gmunk\u00e1s \u00e9rkezik Debrecenbe az akkumul\u00e1torgy\u00e1rba. M\u00e1r eddig is foglalkoztattak k\u00fclf\u00f6ldi munk\u00e1sokat.","twitter:image":"https:\/\/allasorias.hu\/hirek\/wp-content\/uploads\/2025\/05\/filippin-vendegmunkasok.jpg","twitter:label1":"Written by","twitter:data1":"Juh\u00e1sz P\u00e9ter","twitter:label2":"Est. reading time","twitter:data2":"2 minutes"},"aioseo_meta_data":{"post_id":"8471","title":"J\u00f6nnek a filipp\u00edn\u00f3k - Kev\u00e9s a hazai munkaer\u0151","description":"A tervek szerint t\u00f6bb sz\u00e1z filipp\u00edn\u00f3 vend\u00e9gmunk\u00e1s \u00e9rkezik Debrecenbe az akkumul\u00e1torgy\u00e1rba. M\u00e1r eddig is foglalkoztattak k\u00fclf\u00f6ldi munk\u00e1sokat.","keywords":null,"keyphrases":{"focus":{"keyphrase":"","score":0,"analysis":{"keyphraseInTitle":{"score":0,"maxScore":9,"error":1}}},"additional":[]},"primary_term":null,"canonical_url":null,"og_title":null,"og_description":null,"og_object_type":"default","og_image_type":"default","og_image_url":null,"og_image_width":null,"og_image_height":null,"og_image_custom_url":null,"og_image_custom_fields":null,"og_video":"","og_custom_url":null,"og_article_section":null,"og_article_tags":null,"twitter_use_og":true,"twitter_card":"default","twitter_image_type":"default","twitter_image_url":null,"twitter_image_custom_url":null,"twitter_image_custom_fields":null,"twitter_title":null,"twitter_description":null,"schema":{"blockGraphs":[],"customGraphs":[],"default":{"data":{"Article":[],"Course":[],"Dataset":[],"FAQPage":[],"Movie":[],"Person":[],"Product":[],"ProductReview":[],"Car":[],"Recipe":[],"Service":[],"SoftwareApplication":[],"WebPage":[]},"graphName":"Article","isEnabled":true},"graphs":[]},"schema_type":"default","schema_type_options":null,"pillar_content":false,"robots_default":true,"robots_noindex":false,"robots_noarchive":false,"robots_nosnippet":false,"robots_nofollow":false,"robots_noimageindex":false,"robots_noodp":false,"robots_notranslate":false,"robots_max_snippet":"-1","robots_max_videopreview":"-1","robots_max_imagepreview":"large","priority":null,"frequency":"default","location":null,"local_seo":null,"breadcrumb_settings":null,"limit_modified_date":false,"ai":null,"created":"2025-05-21 07:24:06","updated":"2025-10-02 21:15:30","seo_analyzer_scan_date":null,"focus_keyword":null,"additional_keywords":null,"truseo_locale":null},"aioseo_breadcrumb":"<div class=\"aioseo-breadcrumbs\"><span class=\"aioseo-breadcrumb\">\n\t\t\t<a href=\"https:\/\/allasorias.hu\/hirek\" title=\"Home\">Home<\/a>\n\t\t<\/span><span class=\"aioseo-breadcrumb-separator\">&raquo;<\/span><span class=\"aioseo-breadcrumb\">\n\t\t\t<a href=\"https:\/\/allasorias.hu\/hirek\/temak\/munkaeropiac\/\" title=\"Munkaer\u0151piac\">Munkaer\u0151piac<\/a>\n\t\t<\/span><span class=\"aioseo-breadcrumb-separator\">&raquo;<\/span><span class=\"aioseo-breadcrumb\">\n\t\t\tKev\u00e9s a hazai munkaer\u0151-j\u00f6nnek a filipp\u00edn\u00f3k\n\t\t<\/span><\/div>","aioseo_breadcrumb_json":[{"label":"Home","link":"https:\/\/allasorias.hu\/hirek"},{"label":"Munkaer\u0151piac","link":"https:\/\/allasorias.hu\/hirek\/temak\/munkaeropiac\/"},{"label":"Kev\u00e9s a hazai munkaer\u0151-j\u00f6nnek a filipp\u00edn\u00f3k","link":"https:\/\/allasorias.hu\/hirek\/keves-a-hazai-munkaero-jonnek-a-filippinok\/"}],"_links":{"self":[{"href":"https:\/\/allasorias.hu\/hirek\/wp-json\/wp\/v2\/posts\/8471","targetHints":{"allow":["GET"]}}],"collection":[{"href":"https:\/\/allasorias.hu\/hirek\/wp-json\/wp\/v2\/posts"}],"about":[{"href":"https:\/\/allasorias.hu\/hirek\/wp-json\/wp\/v2\/types\/post"}],"author":[{"embeddable":true,"href":"https:\/\/allasorias.hu\/hirek\/wp-json\/wp\/v2\/users\/1"}],"replies":[{"embeddable":true,"href":"https:\/\/allasorias.hu\/hirek\/wp-json\/wp\/v2\/comments?post=8471"}],"version-history":[{"count":2,"href":"https:\/\/allasorias.hu\/hirek\/wp-json\/wp\/v2\/posts\/8471\/revisions"}],"predecessor-version":[{"id":8474,"href":"https:\/\/allasorias.hu\/hirek\/wp-json\/wp\/v2\/posts\/8471\/revisions\/8474"}],"wp:featuredmedia":[{"embeddable":true,"href":"https:\/\/allasorias.hu\/hirek\/wp-json\/wp\/v2\/media\/8472"}],"wp:attachment":[{"href":"https:\/\/allasorias.hu\/hirek\/wp-json\/wp\/v2\/media?parent=8471"}],"wp:term":[{"taxonomy":"category","embeddable":true,"href":"https:\/\/allasorias.hu\/hirek\/wp-json\/wp\/v2\/categories?post=8471"},{"taxonomy":"post_tag","embeddable":true,"href":"https:\/\/allasorias.hu\/hirek\/wp-json\/wp\/v2\/tags?post=8471"}],"curies":[{"name":"wp","href":"https:\/\/api.w.org\/{rel}","templated":true}]}}