{"id":8468,"date":"2025-05-20T09:53:48","date_gmt":"2025-05-20T07:53:48","guid":{"rendered":"https:\/\/allasorias.hu\/hirek\/?p=8468"},"modified":"2025-05-20T09:53:48","modified_gmt":"2025-05-20T07:53:48","slug":"atlathato-lesz-a-dolgozok-fizetese-a-cseheknel","status":"publish","type":"post","link":"https:\/\/allasorias.hu\/hirek\/atlathato-lesz-a-dolgozok-fizetese-a-cseheknel\/","title":{"rendered":"\u00c1tl\u00e1that\u00f3 lesz a dolgoz\u00f3k fizet\u00e9se a csehekn\u00e9l"},"content":{"rendered":"<p><strong>M\u00e9g a titoktart\u00e1si z\u00e1rad\u00e9kot is elt\u00f6rlik a csehekn\u00e9l, ami eddig azt is megtiltotta, hogy a munkav\u00e1llal\u00f3k megismerj\u00e9k egym\u00e1s fizet\u00e9s\u00e9t. A fizet\u00e9si inform\u00e1ci\u00f3kat az \u00e1ll\u00e1shirdet\u00e9sekben is fel kell majd t\u00fcntetni.<\/strong><\/p>\n<p>Csehorsz\u00e1gban m\u00e1r id\u00e9n j\u00faniust\u00f3l megsz\u0171nik a b\u00e9rtitoktart\u00e1s: \u00faj t\u00f6rv\u00e9ny tiltja a fizet\u00e9sekr\u0151l val\u00f3 hallgat\u00e1si z\u00e1rad\u00e9kokat, az EU-s ir\u00e1nyelv pedig \u00e1tfog\u00f3 b\u00e9r\u00e1tl\u00e1that\u00f3s\u00e1got k\u00f6vetel meg. A c\u00e9l a diszkrimin\u00e1ci\u00f3 cs\u00f6kkent\u00e9se \u00e9s a nemek k\u00f6z\u00f6tti b\u00e9rszakad\u00e9k felsz\u00e1mol\u00e1sa \u2013 de a c\u00e9gek t\u00f6bbs\u00e9ge m\u00e9g nincs felk\u00e9sz\u00fclve &#8211; \u00edrja az Expats.cz platform. J\u00fanius 1-t\u0151l m\u00f3dosul a cseh Munka T\u00f6rv\u00e9nyk\u00f6nyve: a munk\u00e1ltat\u00f3k t\u00f6bb\u00e9 nem \u00edrhatnak el\u0151 titoktart\u00e1si z\u00e1rad\u00e9kokat a munkaszerz\u0151d\u00e9sekben, amelyek megtiltan\u00e1k a munkav\u00e1llal\u00f3knak, hogy besz\u00e9ljenek a fizet\u00e9s\u00fckr\u0151l. Ezzel egyidej\u0171leg m\u00e1r folyamatban van az \u00e1tfog\u00f3 EU-s ir\u00e1nyelv v\u00e9grehajt\u00e1sa, amelynek c\u00e9lja a nemek k\u00f6zti b\u00e9rk\u00fcl\u00f6nbs\u00e9gek cs\u00f6kkent\u00e9se \u00e9s a b\u00e9r-egyenl\u0151s\u00e9g el\u0151mozd\u00edt\u00e1sa.<\/p>\n<h2>Magyarorsz\u00e1gon is el\u0151k\u00e9sz\u00fcletben van<\/h2>\n<p>Magyarorsz\u00e1gnak 2026. j\u00fanius 7-ig kell bevezetnie az Eur\u00f3pai Uni\u00f3 2023\/970 sz\u00e1m\u00fa b\u00e9rtranszparencia ir\u00e1nyelv\u00e9t a nemzeti jogba. A magyar szab\u00e1lyoz\u00e1s m\u00e9g el\u0151k\u00e9sz\u00fcletben van, az orsz\u00e1ggy\u0171l\u00e9snek 2026 j\u00fanius\u00e1ig kell d\u00f6ntenie r\u00f3la. A m\u00faltban sok cseh munk\u00e1ltat\u00f3 olyan titoktart\u00e1si z\u00e1rad\u00e9kokat iktatott a munkaszerz\u0151d\u00e9sekbe, amelyek megtiltott\u00e1k a dolgoz\u00f3knak, hogy koll\u00e9g\u00e1ikkal megossz\u00e1k fizet\u00e9s\u00fckre vonatkoz\u00f3 inform\u00e1ci\u00f3kat. A munk\u00e1ltat\u00f3k ezt azzal indokolt\u00e1k, hogy az ilyen z\u00e1rad\u00e9kok v\u00e9dik a v\u00e1llalati strat\u00e9gi\u00e1t, megel\u0151zik a bels\u0151 konfliktusokat, \u00e9s rugalmass\u00e1got biztos\u00edtanak a b\u00e9rt\u00e1rgyal\u00e1sokban.<\/p>\n<p>Azonban sok szak\u00e9rt\u0151 \u2013 k\u00f6zt\u00fck a Munka\u00fcgyi Miniszt\u00e9rium munkat\u00e1rsai \u2013 szerint ezek a z\u00e1rad\u00e9kok val\u00f3j\u00e1ban csak arra szolg\u00e1ltak, hogy elfedj\u00e9k a b\u00e9rk\u00fcl\u00f6nbs\u00e9geket, \u00e9s lehet\u0151v\u00e9 tegy\u00e9k az igazs\u00e1gtalan fizet\u00e9si gyakorlatok fennmarad\u00e1s\u00e1t. Veronika Odrobinov\u00e1, a Grant Thornton \u00fcgyv\u00e9dje a Pen\u00edze.cz cseh p\u00e9nz\u00fcgyi port\u00e1lnak elmondta, hogy \u201e<em>a munk\u00e1ltat\u00f3k j\u00faniust\u00f3l t\u00f6bb\u00e9 nem korl\u00e1tozhatj\u00e1k a munkav\u00e1llal\u00f3kat abban, hogy megossz\u00e1k egym\u00e1ssal a fizet\u00e9s\u00fckre, b\u00e9r\u00fckre vagy juttat\u00e1saikra vonatkoz\u00f3 inform\u00e1ci\u00f3kat.<\/em>\u201dAzok a munk\u00e1ltat\u00f3k, akik tov\u00e1bbra is alkalmazz\u00e1k ezeket a z\u00e1rad\u00e9kokat, ak\u00e1r 400 000 cseh koron\u00e1s (kb. 6,5 milli\u00f3 forint) b\u00edrs\u00e1gra is sz\u00e1m\u00edthatnak.<\/p>\n<p>A t\u00f6rv\u00e9ny c\u00e9lja, hogy a dolgoz\u00f3k \u00f6sszehasonl\u00edthass\u00e1k a b\u00e9reket, \u00e9s felfedhess\u00e9k az indokolatlan k\u00fcl\u00f6nbs\u00e9geket olyan alkalmazottak k\u00f6z\u00f6tt, akik ugyanazt a munk\u00e1t v\u00e9gzik. Ez a reform a nemzeti ombudsman kor\u00e1bbi aj\u00e1nl\u00e1sait is k\u00f6veti, aki kor\u00e1bban m\u00e1r jelezte, hogy ezek a titoktart\u00e1si z\u00e1rad\u00e9kok s\u00e9rtik a munkav\u00e1llal\u00f3k Munka T\u00f6rv\u00e9nyk\u00f6nyv\u00e9ben biztos\u00edtott jogait. N\u00e9h\u00e1ny b\u00e9rk\u00fcl\u00f6nbs\u00e9gi \u00fcgy m\u00e1r b\u00edr\u00f3s\u00e1g el\u00e9 is ker\u00fclt, ami tov\u00e1bb er\u0151s\u00edtette az \u00e1tl\u00e1that\u00f3s\u00e1g sz\u00fcks\u00e9gess\u00e9g\u00e9t.<\/p>\n<h2>Nemek k\u00f6z\u00f6tti b\u00e9rk\u00fcl\u00f6nbs\u00e9gek cs\u00f6kkent\u00e9se<\/h2>\n<p>A m\u00e1sodik jelent\u0151s v\u00e1ltoz\u00e1s egy EU-s ir\u00e1nyelvb\u0151l ered, amely a nemek k\u00f6z\u00f6tti b\u00e9rk\u00fcl\u00f6nbs\u00e9gek cs\u00f6kkent\u00e9s\u00e9t c\u00e9lozza. Az \u00faj szab\u00e1lyoz\u00e1s t\u00f6bb fontos el\u0151\u00edr\u00e1st tartalmaz:<\/p>\n<ul>\n<li>Az \u00e1ll\u00e1shirdet\u00e9sekben fel kell t\u00fcntetni a fizet\u00e9si inform\u00e1ci\u00f3kat.<\/li>\n<li>A munk\u00e1ltat\u00f3k nem k\u00e9rdezhetik meg a jelentkez\u0151ket kor\u00e1bbi fizet\u00e9s\u00fckr\u0151l.<\/li>\n<li>A dolgoz\u00f3k jogosultak lesznek inform\u00e1ci\u00f3t k\u00e9rni az azonos vagy hasonl\u00f3 munk\u00e1t v\u00e9gz\u0151k \u00e1tlagb\u00e9r\u00e9r\u0151l \u2013 nemek szerinti bont\u00e1sban.<\/li>\n<li>A 100 f\u0151n\u00e9l nagyobb c\u00e9geknek k\u00f6telez\u0151en jelenteni\u00fck kell a b\u00e9radatokat egy k\u00f6zponti rendszer fel\u00e9.<\/li>\n<li>A f\u00e9rfiak \u00e9s n\u0151k k\u00f6z\u00f6tti b\u00e9rk\u00fcl\u00f6nbs\u00e9g nem haladhatja meg az 5 sz\u00e1zal\u00e9kot.<\/li>\n<\/ul>\n<p>Ezzel szemben jelenleg a nemek k\u00f6z\u00f6tti b\u00e9rszakad\u00e9k Csehorsz\u00e1gban k\u00f6r\u00fclbel\u00fcl 17 sz\u00e1zal\u00e9k. B\u00e1r az EU-s ir\u00e1nyelv c\u00e9lja a b\u00e9r-egyenl\u0151s\u00e9g jav\u00edt\u00e1sa, a legt\u00f6bb cseh v\u00e1llalat nincs felk\u00e9sz\u00fclve ezekre a v\u00e1ltoz\u00e1sokra. Egy nemr\u00e9giben k\u00e9sz\u00fclt felm\u00e9r\u00e9s (a Hays toborz\u00f3c\u00e9g \u00e9s az EY tan\u00e1csad\u00f3c\u00e9g \u00e1ltal) szerint a v\u00e1llalatok k\u00e9tharmada nem k\u00f6veti nyomon a b\u00e9rk\u00fcl\u00f6nbs\u00e9geket, \u00e9s t\u00f6bb mint 80 sz\u00e1zal\u00e9kuk nincs k\u00e9szen az \u00faj el\u0151\u00edr\u00e1sokra.<\/p>\n<p>Sz\u00e1mos cseh \u00fczleti szervezet \u2013 k\u00f6zt\u00fck a Cseh Kereskedelmi Kamara \u00e9s az Ipari Sz\u00f6vets\u00e9g \u2013 halaszt\u00e1st k\u00e9r az ir\u00e1nyelv bevezet\u00e9s\u00e9re. Arra figyelmeztetnek, hogy az \u00faj szab\u00e1lyok n\u00f6velhetik a k\u00f6lts\u00e9geket, jogi probl\u00e9m\u00e1kat okozhatnak, \u00e9s k\u00fcl\u00f6n\u00f6sen a kisv\u00e1llalkoz\u00e1sokra nehezedhet nagy nyom\u00e1s. Egy k\u00f6z\u00f6s lev\u00e9lben a munka\u00fcgyi minisztert\u0151l k\u00e9t \u00e9v halad\u00e9kot k\u00e9rtek a felk\u00e9sz\u00fcl\u00e9sre. Ennek ellen\u00e9re a cseh korm\u00e1ny elt\u00f6k\u00e9lt a v\u00e1ltoz\u00e1sok bevezet\u00e9se mellett, c\u00e9lja, hogy az orsz\u00e1g megfeleljen az EU-s norm\u00e1knak, \u00e9s tisztess\u00e9ges b\u00e9rez\u00e9st biztos\u00edtson minden munkav\u00e1llal\u00f3 sz\u00e1m\u00e1ra.<\/p>\n<p>Forr\u00e1s: <a href=\"https:\/\/www.hrportal.hu\/hr\/egy-honap-mulva-a-fizetesek-nyitott-konyvve-valnak-kettos-reform-a-cseh-munkaeropiacon-20250518.html\" target=\"_blank\" rel=\"nofollow noopener noreferrer\">hrportal.hu<\/a><\/p>\n","protected":false},"excerpt":{"rendered":"<p>M\u00e9g a titoktart\u00e1si z\u00e1rad\u00e9kot is elt\u00f6rlik a csehekn\u00e9l, ami eddig azt is megtiltotta, hogy a munkav\u00e1llal\u00f3k megismerj\u00e9k egym\u00e1s fizet\u00e9s\u00e9t. A fizet\u00e9si inform\u00e1ci\u00f3kat az \u00e1ll\u00e1shirdet\u00e9sekben is fel kell majd t\u00fcntetni. Csehorsz\u00e1gban m\u00e1r id\u00e9n j\u00faniust\u00f3l megsz\u0171nik a b\u00e9rtitoktart\u00e1s: \u00faj t\u00f6rv\u00e9ny tiltja a fizet\u00e9sekr\u0151l val\u00f3 hallgat\u00e1si z\u00e1rad\u00e9kokat, az EU-s ir\u00e1nyelv pedig \u00e1tfog\u00f3 b\u00e9r\u00e1tl\u00e1that\u00f3s\u00e1got k\u00f6vetel meg. A c\u00e9l a [&hellip;]<\/p>\n","protected":false},"author":1,"featured_media":8469,"comment_status":"closed","ping_status":"closed","sticky":false,"template":"","format":"standard","meta":{"_monsterinsights_skip_tracking":false,"footnotes":""},"categories":[201],"tags":[],"class_list":["post-8468","post","type-post","status-publish","format-standard","has-post-thumbnail","hentry","category-kulfold"],"aioseo_notices":[],"aioseo_head":"\n\t\t<!-- All in One SEO 5.0.0.1 - aioseo.com -->\n\t<meta name=\"description\" content=\"M\u00e9g a titoktart\u00e1si z\u00e1rad\u00e9kot is elt\u00f6rlik a csehekn\u00e9l, ami eddig azt is megtiltotta, hogy a munkav\u00e1llal\u00f3k megismerj\u00e9k egym\u00e1s fizet\u00e9s\u00e9t. A fizet\u00e9si inform\u00e1ci\u00f3kat az \u00e1ll\u00e1shirdet\u00e9sekben is fel kell majd t\u00fcntetni.\" \/>\n\t<meta name=\"robots\" content=\"max-image-preview:large\" \/>\n\t<meta name=\"author\" content=\"Juh\u00e1sz P\u00e9ter\"\/>\n\t<link rel=\"canonical\" href=\"https:\/\/allasorias.hu\/hirek\/atlathato-lesz-a-dolgozok-fizetese-a-cseheknel\/\" \/>\n\t<meta name=\"generator\" content=\"All in One SEO (AIOSEO) 5.0.0.1\" \/>\n\t\t<meta property=\"og:locale\" content=\"hu_HU\" \/>\n\t\t<meta property=\"og:site_name\" content=\"AllasOrias.hu | H\u00edrek-lapszemle | \u00dczleti h\u00edrek az \u00e1ll\u00e1s \u00e9s a munka vil\u00e1g\u00e1b\u00f3l\" \/>\n\t\t<meta property=\"og:type\" content=\"article\" \/>\n\t\t<meta property=\"og:title\" content=\"\u00c1tl\u00e1that\u00f3 b\u00e9rek a Csehekn\u00e9l | AllasOrias.hu | H\u00edrek-lapszemle\" \/>\n\t\t<meta property=\"og:description\" content=\"M\u00e9g a titoktart\u00e1si z\u00e1rad\u00e9kot is elt\u00f6rlik a csehekn\u00e9l, ami eddig azt is megtiltotta, hogy a munkav\u00e1llal\u00f3k megismerj\u00e9k egym\u00e1s fizet\u00e9s\u00e9t. A fizet\u00e9si inform\u00e1ci\u00f3kat az \u00e1ll\u00e1shirdet\u00e9sekben is fel kell majd t\u00fcntetni.\" \/>\n\t\t<meta property=\"og:url\" content=\"https:\/\/allasorias.hu\/hirek\/atlathato-lesz-a-dolgozok-fizetese-a-cseheknel\/\" \/>\n\t\t<meta property=\"og:image\" content=\"https:\/\/allasorias.hu\/hirek\/wp-content\/uploads\/2025\/05\/atlathato-berek-a-cseheknel.jpg\" \/>\n\t\t<meta property=\"og:image:secure_url\" content=\"https:\/\/allasorias.hu\/hirek\/wp-content\/uploads\/2025\/05\/atlathato-berek-a-cseheknel.jpg\" \/>\n\t\t<meta property=\"og:image:width\" content=\"1920\" \/>\n\t\t<meta property=\"og:image:height\" content=\"1280\" \/>\n\t\t<meta property=\"article:published_time\" content=\"2025-05-20T07:53:48+00:00\" \/>\n\t\t<meta property=\"article:modified_time\" content=\"2025-05-20T07:53:48+00:00\" \/>\n\t\t<meta property=\"article:publisher\" content=\"https:\/\/www.facebook.com\/allasorias\" \/>\n\t\t<meta name=\"twitter:card\" content=\"summary_large_image\" \/>\n\t\t<meta name=\"twitter:title\" content=\"\u00c1tl\u00e1that\u00f3 b\u00e9rek a Csehekn\u00e9l | AllasOrias.hu | H\u00edrek-lapszemle\" \/>\n\t\t<meta name=\"twitter:description\" content=\"M\u00e9g a titoktart\u00e1si z\u00e1rad\u00e9kot is elt\u00f6rlik a csehekn\u00e9l, ami eddig azt is megtiltotta, hogy a munkav\u00e1llal\u00f3k megismerj\u00e9k egym\u00e1s fizet\u00e9s\u00e9t. A fizet\u00e9si inform\u00e1ci\u00f3kat az \u00e1ll\u00e1shirdet\u00e9sekben is fel kell majd t\u00fcntetni.\" \/>\n\t\t<meta name=\"twitter:image\" content=\"https:\/\/allasorias.hu\/hirek\/wp-content\/uploads\/2025\/05\/atlathato-berek-a-cseheknel.jpg\" \/>\n\t\t<meta name=\"twitter:label1\" content=\"Written by\" \/>\n\t\t<meta name=\"twitter:data1\" content=\"Juh\u00e1sz P\u00e9ter\" \/>\n\t\t<meta name=\"twitter:label2\" content=\"Est. reading time\" \/>\n\t\t<meta name=\"twitter:data2\" content=\"5 minutes\" \/>\n\t\t<script type=\"application\/ld+json\" class=\"aioseo-schema\">\n\t\t\t{\"@context\":\"https:\\\/\\\/schema.org\",\"@graph\":[{\"@type\":\"Article\",\"@id\":\"https:\\\/\\\/allasorias.hu\\\/hirek\\\/atlathato-lesz-a-dolgozok-fizetese-a-cseheknel\\\/#article\",\"name\":\"\\u00c1tl\\u00e1that\\u00f3 b\\u00e9rek a Csehekn\\u00e9l | AllasOrias.hu | H\\u00edrek-lapszemle\",\"headline\":\"\\u00c1tl\\u00e1that\\u00f3 lesz a dolgoz\\u00f3k fizet\\u00e9se a csehekn\\u00e9l\",\"author\":{\"@id\":\"https:\\\/\\\/allasorias.hu\\\/hirek\\\/author\\\/admin-allasorias\\\/#author\"},\"publisher\":{\"@id\":\"https:\\\/\\\/allasorias.hu\\\/hirek\\\/#organization\"},\"image\":{\"@type\":\"ImageObject\",\"url\":\"https:\\\/\\\/allasorias.hu\\\/hirek\\\/wp-content\\\/uploads\\\/2025\\\/05\\\/atlathato-berek-a-cseheknel.jpg\",\"width\":1920,\"height\":1280,\"caption\":\"\\u00c1tl\\u00e1that\\u00f3 lesz a dolgoz\\u00f3k fizet\\u00e9se a csehekn\\u00e9l - Allasorias.hu\\\/Hirek\"},\"datePublished\":\"2025-05-20T09:53:48+02:00\",\"dateModified\":\"2025-05-20T09:53:48+02:00\",\"inLanguage\":\"hu-HU\",\"mainEntityOfPage\":{\"@id\":\"https:\\\/\\\/allasorias.hu\\\/hirek\\\/atlathato-lesz-a-dolgozok-fizetese-a-cseheknel\\\/#webpage\"},\"isPartOf\":{\"@id\":\"https:\\\/\\\/allasorias.hu\\\/hirek\\\/atlathato-lesz-a-dolgozok-fizetese-a-cseheknel\\\/#webpage\"},\"articleSection\":\"K\\u00fclf\\u00f6ld\"},{\"@type\":\"BreadcrumbList\",\"@id\":\"https:\\\/\\\/allasorias.hu\\\/hirek\\\/atlathato-lesz-a-dolgozok-fizetese-a-cseheknel\\\/#breadcrumblist\",\"itemListElement\":[{\"@type\":\"ListItem\",\"@id\":\"https:\\\/\\\/allasorias.hu\\\/hirek#listItem\",\"position\":1,\"name\":\"Home\",\"item\":\"https:\\\/\\\/allasorias.hu\\\/hirek\",\"nextItem\":{\"@type\":\"ListItem\",\"@id\":\"https:\\\/\\\/allasorias.hu\\\/hirek\\\/temak\\\/kulfold\\\/#listItem\",\"name\":\"K\\u00fclf\\u00f6ld\"}},{\"@type\":\"ListItem\",\"@id\":\"https:\\\/\\\/allasorias.hu\\\/hirek\\\/temak\\\/kulfold\\\/#listItem\",\"position\":2,\"name\":\"K\\u00fclf\\u00f6ld\",\"item\":\"https:\\\/\\\/allasorias.hu\\\/hirek\\\/temak\\\/kulfold\\\/\",\"nextItem\":{\"@type\":\"ListItem\",\"@id\":\"https:\\\/\\\/allasorias.hu\\\/hirek\\\/atlathato-lesz-a-dolgozok-fizetese-a-cseheknel\\\/#listItem\",\"name\":\"\\u00c1tl\\u00e1that\\u00f3 lesz a dolgoz\\u00f3k fizet\\u00e9se a csehekn\\u00e9l\"},\"previousItem\":{\"@type\":\"ListItem\",\"@id\":\"https:\\\/\\\/allasorias.hu\\\/hirek#listItem\",\"name\":\"Home\"}},{\"@type\":\"ListItem\",\"@id\":\"https:\\\/\\\/allasorias.hu\\\/hirek\\\/atlathato-lesz-a-dolgozok-fizetese-a-cseheknel\\\/#listItem\",\"position\":3,\"name\":\"\\u00c1tl\\u00e1that\\u00f3 lesz a dolgoz\\u00f3k fizet\\u00e9se a csehekn\\u00e9l\",\"previousItem\":{\"@type\":\"ListItem\",\"@id\":\"https:\\\/\\\/allasorias.hu\\\/hirek\\\/temak\\\/kulfold\\\/#listItem\",\"name\":\"K\\u00fclf\\u00f6ld\"}}]},{\"@type\":\"Organization\",\"@id\":\"https:\\\/\\\/allasorias.hu\\\/hirek\\\/#organization\",\"name\":\"AllasOrias.hu | H\\u00edrek-lapszemle\",\"description\":\"\\u00dczleti h\\u00edrek az \\u00e1ll\\u00e1s \\u00e9s a munka vil\\u00e1g\\u00e1b\\u00f3l\",\"url\":\"https:\\\/\\\/allasorias.hu\\\/hirek\\\/\",\"logo\":{\"@type\":\"ImageObject\",\"url\":\"https:\\\/\\\/allasorias.hu\\\/hirek\\\/wp-content\\\/uploads\\\/2022\\\/10\\\/allasorias_site_facebok_logo.png\",\"@id\":\"https:\\\/\\\/allasorias.hu\\\/hirek\\\/atlathato-lesz-a-dolgozok-fizetese-a-cseheknel\\\/#organizationLogo\"},\"image\":{\"@id\":\"https:\\\/\\\/allasorias.hu\\\/hirek\\\/atlathato-lesz-a-dolgozok-fizetese-a-cseheknel\\\/#organizationLogo\"},\"sameAs\":[\"https:\\\/\\\/www.facebook.com\\\/allasorias\",\"https:\\\/\\\/www.linkedin.com\\\/company\\\/allasorias\"]},{\"@type\":\"Person\",\"@id\":\"https:\\\/\\\/allasorias.hu\\\/hirek\\\/author\\\/admin-allasorias\\\/#author\",\"url\":\"https:\\\/\\\/allasorias.hu\\\/hirek\\\/author\\\/admin-allasorias\\\/\",\"name\":\"Juh\\u00e1sz P\\u00e9ter\",\"image\":{\"@type\":\"ImageObject\",\"@id\":\"https:\\\/\\\/allasorias.hu\\\/hirek\\\/atlathato-lesz-a-dolgozok-fizetese-a-cseheknel\\\/#authorImage\",\"url\":\"https:\\\/\\\/secure.gravatar.com\\\/avatar\\\/36e6bcb83148978b992977cb0f54d22feb0cce8a0a849a9410532bb2623ba4c6?s=96&d=mm&r=g\",\"width\":96,\"height\":96,\"caption\":\"Juh\\u00e1sz P\\u00e9ter\"}},{\"@type\":\"WebPage\",\"@id\":\"https:\\\/\\\/allasorias.hu\\\/hirek\\\/atlathato-lesz-a-dolgozok-fizetese-a-cseheknel\\\/#webpage\",\"url\":\"https:\\\/\\\/allasorias.hu\\\/hirek\\\/atlathato-lesz-a-dolgozok-fizetese-a-cseheknel\\\/\",\"name\":\"\\u00c1tl\\u00e1that\\u00f3 b\\u00e9rek a Csehekn\\u00e9l | AllasOrias.hu | H\\u00edrek-lapszemle\",\"description\":\"M\\u00e9g a titoktart\\u00e1si z\\u00e1rad\\u00e9kot is elt\\u00f6rlik a csehekn\\u00e9l, ami eddig azt is megtiltotta, hogy a munkav\\u00e1llal\\u00f3k megismerj\\u00e9k egym\\u00e1s fizet\\u00e9s\\u00e9t. A fizet\\u00e9si inform\\u00e1ci\\u00f3kat az \\u00e1ll\\u00e1shirdet\\u00e9sekben is fel kell majd t\\u00fcntetni.\",\"inLanguage\":\"hu-HU\",\"isPartOf\":{\"@id\":\"https:\\\/\\\/allasorias.hu\\\/hirek\\\/#website\"},\"breadcrumb\":{\"@id\":\"https:\\\/\\\/allasorias.hu\\\/hirek\\\/atlathato-lesz-a-dolgozok-fizetese-a-cseheknel\\\/#breadcrumblist\"},\"author\":{\"@id\":\"https:\\\/\\\/allasorias.hu\\\/hirek\\\/author\\\/admin-allasorias\\\/#author\"},\"creator\":{\"@id\":\"https:\\\/\\\/allasorias.hu\\\/hirek\\\/author\\\/admin-allasorias\\\/#author\"},\"image\":{\"@type\":\"ImageObject\",\"url\":\"https:\\\/\\\/allasorias.hu\\\/hirek\\\/wp-content\\\/uploads\\\/2025\\\/05\\\/atlathato-berek-a-cseheknel.jpg\",\"@id\":\"https:\\\/\\\/allasorias.hu\\\/hirek\\\/atlathato-lesz-a-dolgozok-fizetese-a-cseheknel\\\/#mainImage\",\"width\":1920,\"height\":1280,\"caption\":\"\\u00c1tl\\u00e1that\\u00f3 lesz a dolgoz\\u00f3k fizet\\u00e9se a csehekn\\u00e9l - Allasorias.hu\\\/Hirek\"},\"primaryImageOfPage\":{\"@id\":\"https:\\\/\\\/allasorias.hu\\\/hirek\\\/atlathato-lesz-a-dolgozok-fizetese-a-cseheknel\\\/#mainImage\"},\"datePublished\":\"2025-05-20T09:53:48+02:00\",\"dateModified\":\"2025-05-20T09:53:48+02:00\"},{\"@type\":\"WebSite\",\"@id\":\"https:\\\/\\\/allasorias.hu\\\/hirek\\\/#website\",\"url\":\"https:\\\/\\\/allasorias.hu\\\/hirek\\\/\",\"name\":\"AllasOrias.hu | H\\u00edrek-lapszemle\",\"description\":\"\\u00dczleti h\\u00edrek az \\u00e1ll\\u00e1s \\u00e9s a munka vil\\u00e1g\\u00e1b\\u00f3l\",\"inLanguage\":\"hu-HU\",\"publisher\":{\"@id\":\"https:\\\/\\\/allasorias.hu\\\/hirek\\\/#organization\"}}]}\n\t\t<\/script>\n\t\t<!-- All in One SEO -->\n\n","aioseo_head_json":{"title":"\u00c1tl\u00e1that\u00f3 b\u00e9rek a Csehekn\u00e9l | AllasOrias.hu | H\u00edrek-lapszemle","description":"M\u00e9g a titoktart\u00e1si z\u00e1rad\u00e9kot is elt\u00f6rlik a csehekn\u00e9l, ami eddig azt is megtiltotta, hogy a munkav\u00e1llal\u00f3k megismerj\u00e9k egym\u00e1s fizet\u00e9s\u00e9t. A fizet\u00e9si inform\u00e1ci\u00f3kat az \u00e1ll\u00e1shirdet\u00e9sekben is fel kell majd t\u00fcntetni.","canonical_url":"https:\/\/allasorias.hu\/hirek\/atlathato-lesz-a-dolgozok-fizetese-a-cseheknel\/","robots":"max-image-preview:large","keywords":"","webmasterTools":{"miscellaneous":""},"schema":{"@context":"https:\/\/schema.org","@graph":[{"@type":"Article","@id":"https:\/\/allasorias.hu\/hirek\/atlathato-lesz-a-dolgozok-fizetese-a-cseheknel\/#article","name":"\u00c1tl\u00e1that\u00f3 b\u00e9rek a Csehekn\u00e9l | AllasOrias.hu | H\u00edrek-lapszemle","headline":"\u00c1tl\u00e1that\u00f3 lesz a dolgoz\u00f3k fizet\u00e9se a csehekn\u00e9l","author":{"@id":"https:\/\/allasorias.hu\/hirek\/author\/admin-allasorias\/#author"},"publisher":{"@id":"https:\/\/allasorias.hu\/hirek\/#organization"},"image":{"@type":"ImageObject","url":"https:\/\/allasorias.hu\/hirek\/wp-content\/uploads\/2025\/05\/atlathato-berek-a-cseheknel.jpg","width":1920,"height":1280,"caption":"\u00c1tl\u00e1that\u00f3 lesz a dolgoz\u00f3k fizet\u00e9se a csehekn\u00e9l - Allasorias.hu\/Hirek"},"datePublished":"2025-05-20T09:53:48+02:00","dateModified":"2025-05-20T09:53:48+02:00","inLanguage":"hu-HU","mainEntityOfPage":{"@id":"https:\/\/allasorias.hu\/hirek\/atlathato-lesz-a-dolgozok-fizetese-a-cseheknel\/#webpage"},"isPartOf":{"@id":"https:\/\/allasorias.hu\/hirek\/atlathato-lesz-a-dolgozok-fizetese-a-cseheknel\/#webpage"},"articleSection":"K\u00fclf\u00f6ld"},{"@type":"BreadcrumbList","@id":"https:\/\/allasorias.hu\/hirek\/atlathato-lesz-a-dolgozok-fizetese-a-cseheknel\/#breadcrumblist","itemListElement":[{"@type":"ListItem","@id":"https:\/\/allasorias.hu\/hirek#listItem","position":1,"name":"Home","item":"https:\/\/allasorias.hu\/hirek","nextItem":{"@type":"ListItem","@id":"https:\/\/allasorias.hu\/hirek\/temak\/kulfold\/#listItem","name":"K\u00fclf\u00f6ld"}},{"@type":"ListItem","@id":"https:\/\/allasorias.hu\/hirek\/temak\/kulfold\/#listItem","position":2,"name":"K\u00fclf\u00f6ld","item":"https:\/\/allasorias.hu\/hirek\/temak\/kulfold\/","nextItem":{"@type":"ListItem","@id":"https:\/\/allasorias.hu\/hirek\/atlathato-lesz-a-dolgozok-fizetese-a-cseheknel\/#listItem","name":"\u00c1tl\u00e1that\u00f3 lesz a dolgoz\u00f3k fizet\u00e9se a csehekn\u00e9l"},"previousItem":{"@type":"ListItem","@id":"https:\/\/allasorias.hu\/hirek#listItem","name":"Home"}},{"@type":"ListItem","@id":"https:\/\/allasorias.hu\/hirek\/atlathato-lesz-a-dolgozok-fizetese-a-cseheknel\/#listItem","position":3,"name":"\u00c1tl\u00e1that\u00f3 lesz a dolgoz\u00f3k fizet\u00e9se a csehekn\u00e9l","previousItem":{"@type":"ListItem","@id":"https:\/\/allasorias.hu\/hirek\/temak\/kulfold\/#listItem","name":"K\u00fclf\u00f6ld"}}]},{"@type":"Organization","@id":"https:\/\/allasorias.hu\/hirek\/#organization","name":"AllasOrias.hu | H\u00edrek-lapszemle","description":"\u00dczleti h\u00edrek az \u00e1ll\u00e1s \u00e9s a munka vil\u00e1g\u00e1b\u00f3l","url":"https:\/\/allasorias.hu\/hirek\/","logo":{"@type":"ImageObject","url":"https:\/\/allasorias.hu\/hirek\/wp-content\/uploads\/2022\/10\/allasorias_site_facebok_logo.png","@id":"https:\/\/allasorias.hu\/hirek\/atlathato-lesz-a-dolgozok-fizetese-a-cseheknel\/#organizationLogo"},"image":{"@id":"https:\/\/allasorias.hu\/hirek\/atlathato-lesz-a-dolgozok-fizetese-a-cseheknel\/#organizationLogo"},"sameAs":["https:\/\/www.facebook.com\/allasorias","https:\/\/www.linkedin.com\/company\/allasorias"]},{"@type":"Person","@id":"https:\/\/allasorias.hu\/hirek\/author\/admin-allasorias\/#author","url":"https:\/\/allasorias.hu\/hirek\/author\/admin-allasorias\/","name":"Juh\u00e1sz P\u00e9ter","image":{"@type":"ImageObject","@id":"https:\/\/allasorias.hu\/hirek\/atlathato-lesz-a-dolgozok-fizetese-a-cseheknel\/#authorImage","url":"https:\/\/secure.gravatar.com\/avatar\/36e6bcb83148978b992977cb0f54d22feb0cce8a0a849a9410532bb2623ba4c6?s=96&d=mm&r=g","width":96,"height":96,"caption":"Juh\u00e1sz P\u00e9ter"}},{"@type":"WebPage","@id":"https:\/\/allasorias.hu\/hirek\/atlathato-lesz-a-dolgozok-fizetese-a-cseheknel\/#webpage","url":"https:\/\/allasorias.hu\/hirek\/atlathato-lesz-a-dolgozok-fizetese-a-cseheknel\/","name":"\u00c1tl\u00e1that\u00f3 b\u00e9rek a Csehekn\u00e9l | AllasOrias.hu | H\u00edrek-lapszemle","description":"M\u00e9g a titoktart\u00e1si z\u00e1rad\u00e9kot is elt\u00f6rlik a csehekn\u00e9l, ami eddig azt is megtiltotta, hogy a munkav\u00e1llal\u00f3k megismerj\u00e9k egym\u00e1s fizet\u00e9s\u00e9t. A fizet\u00e9si inform\u00e1ci\u00f3kat az \u00e1ll\u00e1shirdet\u00e9sekben is fel kell majd t\u00fcntetni.","inLanguage":"hu-HU","isPartOf":{"@id":"https:\/\/allasorias.hu\/hirek\/#website"},"breadcrumb":{"@id":"https:\/\/allasorias.hu\/hirek\/atlathato-lesz-a-dolgozok-fizetese-a-cseheknel\/#breadcrumblist"},"author":{"@id":"https:\/\/allasorias.hu\/hirek\/author\/admin-allasorias\/#author"},"creator":{"@id":"https:\/\/allasorias.hu\/hirek\/author\/admin-allasorias\/#author"},"image":{"@type":"ImageObject","url":"https:\/\/allasorias.hu\/hirek\/wp-content\/uploads\/2025\/05\/atlathato-berek-a-cseheknel.jpg","@id":"https:\/\/allasorias.hu\/hirek\/atlathato-lesz-a-dolgozok-fizetese-a-cseheknel\/#mainImage","width":1920,"height":1280,"caption":"\u00c1tl\u00e1that\u00f3 lesz a dolgoz\u00f3k fizet\u00e9se a csehekn\u00e9l - Allasorias.hu\/Hirek"},"primaryImageOfPage":{"@id":"https:\/\/allasorias.hu\/hirek\/atlathato-lesz-a-dolgozok-fizetese-a-cseheknel\/#mainImage"},"datePublished":"2025-05-20T09:53:48+02:00","dateModified":"2025-05-20T09:53:48+02:00"},{"@type":"WebSite","@id":"https:\/\/allasorias.hu\/hirek\/#website","url":"https:\/\/allasorias.hu\/hirek\/","name":"AllasOrias.hu | H\u00edrek-lapszemle","description":"\u00dczleti h\u00edrek az \u00e1ll\u00e1s \u00e9s a munka vil\u00e1g\u00e1b\u00f3l","inLanguage":"hu-HU","publisher":{"@id":"https:\/\/allasorias.hu\/hirek\/#organization"}}]},"og:locale":"hu_HU","og:site_name":"AllasOrias.hu | H\u00edrek-lapszemle | \u00dczleti h\u00edrek az \u00e1ll\u00e1s \u00e9s a munka vil\u00e1g\u00e1b\u00f3l","og:type":"article","og:title":"\u00c1tl\u00e1that\u00f3 b\u00e9rek a Csehekn\u00e9l | AllasOrias.hu | H\u00edrek-lapszemle","og:description":"M\u00e9g a titoktart\u00e1si z\u00e1rad\u00e9kot is elt\u00f6rlik a csehekn\u00e9l, ami eddig azt is megtiltotta, hogy a munkav\u00e1llal\u00f3k megismerj\u00e9k egym\u00e1s fizet\u00e9s\u00e9t. A fizet\u00e9si inform\u00e1ci\u00f3kat az \u00e1ll\u00e1shirdet\u00e9sekben is fel kell majd t\u00fcntetni.","og:url":"https:\/\/allasorias.hu\/hirek\/atlathato-lesz-a-dolgozok-fizetese-a-cseheknel\/","og:image":"https:\/\/allasorias.hu\/hirek\/wp-content\/uploads\/2025\/05\/atlathato-berek-a-cseheknel.jpg","og:image:secure_url":"https:\/\/allasorias.hu\/hirek\/wp-content\/uploads\/2025\/05\/atlathato-berek-a-cseheknel.jpg","og:image:width":1920,"og:image:height":1280,"article:published_time":"2025-05-20T07:53:48+00:00","article:modified_time":"2025-05-20T07:53:48+00:00","article:publisher":"https:\/\/www.facebook.com\/allasorias","twitter:card":"summary_large_image","twitter:title":"\u00c1tl\u00e1that\u00f3 b\u00e9rek a Csehekn\u00e9l | AllasOrias.hu | H\u00edrek-lapszemle","twitter:description":"M\u00e9g a titoktart\u00e1si z\u00e1rad\u00e9kot is elt\u00f6rlik a csehekn\u00e9l, ami eddig azt is megtiltotta, hogy a munkav\u00e1llal\u00f3k megismerj\u00e9k egym\u00e1s fizet\u00e9s\u00e9t. A fizet\u00e9si inform\u00e1ci\u00f3kat az \u00e1ll\u00e1shirdet\u00e9sekben is fel kell majd t\u00fcntetni.","twitter:image":"https:\/\/allasorias.hu\/hirek\/wp-content\/uploads\/2025\/05\/atlathato-berek-a-cseheknel.jpg","twitter:label1":"Written by","twitter:data1":"Juh\u00e1sz P\u00e9ter","twitter:label2":"Est. reading time","twitter:data2":"5 minutes"},"aioseo_meta_data":{"post_id":"8468","title":"\u00c1tl\u00e1that\u00f3 b\u00e9rek a Csehekn\u00e9l | #site_title","description":"M\u00e9g a titoktart\u00e1si z\u00e1rad\u00e9kot is elt\u00f6rlik a csehekn\u00e9l, ami eddig azt is megtiltotta, hogy a munkav\u00e1llal\u00f3k megismerj\u00e9k egym\u00e1s fizet\u00e9s\u00e9t. A fizet\u00e9si inform\u00e1ci\u00f3kat az \u00e1ll\u00e1shirdet\u00e9sekben is fel kell majd t\u00fcntetni.","keywords":null,"keyphrases":{"focus":{"keyphrase":"","score":0,"analysis":{"keyphraseInTitle":{"score":0,"maxScore":9,"error":1}}},"additional":[]},"primary_term":null,"canonical_url":null,"og_title":null,"og_description":null,"og_object_type":"default","og_image_type":"default","og_image_url":null,"og_image_width":null,"og_image_height":null,"og_image_custom_url":null,"og_image_custom_fields":null,"og_video":"","og_custom_url":null,"og_article_section":null,"og_article_tags":null,"twitter_use_og":true,"twitter_card":"default","twitter_image_type":"default","twitter_image_url":null,"twitter_image_custom_url":null,"twitter_image_custom_fields":null,"twitter_title":null,"twitter_description":null,"schema":{"blockGraphs":[],"customGraphs":[],"default":{"data":{"Article":[],"Course":[],"Dataset":[],"FAQPage":[],"Movie":[],"Person":[],"Product":[],"ProductReview":[],"Car":[],"Recipe":[],"Service":[],"SoftwareApplication":[],"WebPage":[]},"graphName":"Article","isEnabled":true},"graphs":[]},"schema_type":"default","schema_type_options":null,"pillar_content":false,"robots_default":true,"robots_noindex":false,"robots_noarchive":false,"robots_nosnippet":false,"robots_nofollow":false,"robots_noimageindex":false,"robots_noodp":false,"robots_notranslate":false,"robots_max_snippet":"-1","robots_max_videopreview":"-1","robots_max_imagepreview":"large","priority":null,"frequency":"default","location":null,"local_seo":null,"breadcrumb_settings":null,"limit_modified_date":false,"ai":null,"created":"2025-05-20 07:36:41","updated":"2025-10-02 21:15:30","seo_analyzer_scan_date":null,"focus_keyword":null,"additional_keywords":null,"truseo_locale":null},"aioseo_breadcrumb":"<div class=\"aioseo-breadcrumbs\"><span class=\"aioseo-breadcrumb\">\n\t\t\t<a href=\"https:\/\/allasorias.hu\/hirek\" title=\"Home\">Home<\/a>\n\t\t<\/span><span class=\"aioseo-breadcrumb-separator\">&raquo;<\/span><span class=\"aioseo-breadcrumb\">\n\t\t\t<a href=\"https:\/\/allasorias.hu\/hirek\/temak\/kulfold\/\" title=\"K\u00fclf\u00f6ld\">K\u00fclf\u00f6ld<\/a>\n\t\t<\/span><span class=\"aioseo-breadcrumb-separator\">&raquo;<\/span><span class=\"aioseo-breadcrumb\">\n\t\t\t\u00c1tl\u00e1that\u00f3 lesz a dolgoz\u00f3k fizet\u00e9se a csehekn\u00e9l\n\t\t<\/span><\/div>","aioseo_breadcrumb_json":[{"label":"Home","link":"https:\/\/allasorias.hu\/hirek"},{"label":"K\u00fclf\u00f6ld","link":"https:\/\/allasorias.hu\/hirek\/temak\/kulfold\/"},{"label":"\u00c1tl\u00e1that\u00f3 lesz a dolgoz\u00f3k fizet\u00e9se a csehekn\u00e9l","link":"https:\/\/allasorias.hu\/hirek\/atlathato-lesz-a-dolgozok-fizetese-a-cseheknel\/"}],"_links":{"self":[{"href":"https:\/\/allasorias.hu\/hirek\/wp-json\/wp\/v2\/posts\/8468","targetHints":{"allow":["GET"]}}],"collection":[{"href":"https:\/\/allasorias.hu\/hirek\/wp-json\/wp\/v2\/posts"}],"about":[{"href":"https:\/\/allasorias.hu\/hirek\/wp-json\/wp\/v2\/types\/post"}],"author":[{"embeddable":true,"href":"https:\/\/allasorias.hu\/hirek\/wp-json\/wp\/v2\/users\/1"}],"replies":[{"embeddable":true,"href":"https:\/\/allasorias.hu\/hirek\/wp-json\/wp\/v2\/comments?post=8468"}],"version-history":[{"count":1,"href":"https:\/\/allasorias.hu\/hirek\/wp-json\/wp\/v2\/posts\/8468\/revisions"}],"predecessor-version":[{"id":8470,"href":"https:\/\/allasorias.hu\/hirek\/wp-json\/wp\/v2\/posts\/8468\/revisions\/8470"}],"wp:featuredmedia":[{"embeddable":true,"href":"https:\/\/allasorias.hu\/hirek\/wp-json\/wp\/v2\/media\/8469"}],"wp:attachment":[{"href":"https:\/\/allasorias.hu\/hirek\/wp-json\/wp\/v2\/media?parent=8468"}],"wp:term":[{"taxonomy":"category","embeddable":true,"href":"https:\/\/allasorias.hu\/hirek\/wp-json\/wp\/v2\/categories?post=8468"},{"taxonomy":"post_tag","embeddable":true,"href":"https:\/\/allasorias.hu\/hirek\/wp-json\/wp\/v2\/tags?post=8468"}],"curies":[{"name":"wp","href":"https:\/\/api.w.org\/{rel}","templated":true}]}}