{"id":8465,"date":"2025-05-19T09:39:12","date_gmt":"2025-05-19T07:39:12","guid":{"rendered":"https:\/\/allasorias.hu\/hirek\/?p=8465"},"modified":"2025-05-19T09:39:12","modified_gmt":"2025-05-19T07:39:12","slug":"tobb-penz-a-kutatoknak","status":"publish","type":"post","link":"https:\/\/allasorias.hu\/hirek\/tobb-penz-a-kutatoknak\/","title":{"rendered":"T\u00f6bb p\u00e9nz a kutat\u00f3knak"},"content":{"rendered":"<p><strong>Nagyobb figyelmet \u00e9s t\u00f6bb p\u00e9nzt kaphatnak, akik tudom\u00e1nyos fokozat megszerz\u00e9s\u00e9\u00e9rt tanulnak. Az egyetemek pozit\u00edvan fogadt\u00e1k a bejelent\u00e9st, a t\u00e9m\u00e1ban felm\u00e9r\u00e9s is k\u00e9sz\u00fclt.<\/strong><\/p>\n<p>\u00daj id\u0151sz\u00e1m\u00edt\u00e1s kezdet\u00e9r\u0151l besz\u00e9lt a doktori k\u00e9pz\u00e9sekben\u00a0 budapesti sajt\u00f3t\u00e1j\u00e9koztat\u00f3j\u00e1n a kultur\u00e1lis \u00e9s innov\u00e1ci\u00f3s miniszter. Hank\u00f3 Bal\u00e1zs elmondta, t\u00f6bb p\u00e9nzhez juthatnak majd a j\u00f6v\u0151t alkot\u00f3 \u00e9s alak\u00edt\u00f3 fiatalok &#8211; k\u00f6zli az MTI. A miniszter kiemelte, a korm\u00e1ny a magyar kutat\u00f3k \u00e9s tud\u00f3sok &#8211; ez\u00e1ltal a magyar nemzet &#8211; siker\u00e9ben \u00e9rdekelt. Itt az ideje, hogy &#8222;\u00fajat l\u00e9pj\u00fcnk&#8221; a doktoranduszk\u00e9pz\u00e9sben, tov\u00e1bb er\u0151s\u00edtve azt &#8211; hangoztatta Hank\u00f3 Bal\u00e1zs. Kifejtette: win-win helyzetet &#8222;hozunk l\u00e9tre&#8221;, amely r\u00e9v\u00e9n jobb helyzetbe ker\u00fclnek a doktoranduszok, a kutat\u00f3k \u00e9s az egyetemek egyar\u00e1nt.<\/p>\n<h2>H\u00e1romszint\u0171 doktori k\u00e9pz\u00e9s<\/h2>\n<p>K\u00f6z\u00f6lte, a doktori k\u00e9pz\u00e9s h\u00e1romszint\u0171 lesz, a h\u00e1rom szint a kutat\u00f3i kiv\u00e1l\u00f3s\u00e1gi, a kooperat\u00edv, valamint a hagyom\u00e1nyos doktori k\u00e9pz\u00e9s. A miniszter ismertetve a doktori k\u00e9pz\u00e9s j\u00f6v\u0151beni h\u00e1rom t\u00edpus\u00e1t, a kutat\u00f3i kiv\u00e1l\u00f3s\u00e1gi doktori k\u00e9pz\u00e9sr\u0151l sz\u00f3lva elmondta:40 milli\u00e1rd forintra emelt\u00e9k a Nemzeti Kutat\u00e1si Kiv\u00e1l\u00f3s\u00e1gi Programot, amelyben 300-350 doktori \u00e1ll\u00e1shelyet hoznak l\u00e9tre. Itt a legkiv\u00e1l\u00f3bbak vehetnek r\u00e9szt kutat\u00e1sokban, \u00e9s ebb\u0151l brutt\u00f3 600 ezer forint lesz a havi minim\u00e1lisan biztos\u00edtott j\u00f6vedelm\u00fck &#8211; k\u00f6z\u00f6lte Hank\u00f3 Bal\u00e1zs. Elmondta, a kooperat\u00edv doktori k\u00e9pz\u00e9s eset\u00e9ben, amelyben a doktorandusz egyszerre dolgozik &#8211; egyetemen, k\u00f3rh\u00e1zban, fejleszt\u0151c\u00e9gn\u00e9l &#8211; \u00e9s v\u00e9gzi doktori k\u00e9pz\u00e9s\u00e9t, havi nett\u00f3 250 ezer forintra emelik az \u00e1llami \u00f6szt\u00f6nd\u00edjat. Ez azt jelenti, hogy a doktoranduszok minimum a kooperat\u00edv k\u00e9pz\u00e9snek k\u00f6sz\u00f6nhet\u0151en k\u00e9t helyr\u0151l, nett\u00f3 400 ezer forintot tudnak majd hazavinni &#8211; mutatott r\u00e1 a t\u00e1rcavezet\u0151.<\/p>\n<p>Kiemelte, hogy az el\u0151\u00edrt n\u00e9gy\u00e9ves k\u00e9pz\u00e9si id\u0151re j\u00e1r\u00f3 \u00e1llami \u00f6szt\u00f6nd\u00edjat az el\u0151bb teljes\u00edt\u0151k is megkapj\u00e1k. Teh\u00e1t ha valaki p\u00e9ld\u00e1ul k\u00e9t \u00e9v alatt szerzi meg a PhD min\u0151s\u00edt\u00e9s\u00e9t, akkor is a teljes n\u00e9gy \u00e9vnyi \u00f6szt\u00f6nd\u00edjat megkapja &#8211; hozott egy p\u00e9ld\u00e1t a miniszter, megjegyezve, ez mind a 11 ezer jelenlegi doktoranduszt is \u00e9rintheti. &#8222;Ezzel pr\u00f3b\u00e1ljuk \u00f6szt\u00f6n\u00f6zni a m\u00e9g intenz\u00edvebb egy\u00fcttm\u0171k\u00f6d\u00e9sre, kutat\u00e1sra, tanul\u00e1sra a fiataljainkat&#8221; &#8211; fogalmazott. Kiemelte, er\u0151s\u00edtik a m\u0171szaki, term\u00e9szettudom\u00e1nyos, m\u00e9rn\u00f6ki, informatikai \u00e9s agr\u00e1rk\u00e9pz\u00e9st, valamint az egyetemi auton\u00f3mi\u00e1t.<\/p>\n<h2>A c\u00e9l 9 ezer kutat\u00f3 egymilli\u00f3 lakosra<\/h2>\n<p>A j\u00f6v\u0151ben minden egyetem saj\u00e1t maga d\u00f6nti el, hogy milyen kontakt\u00f3rasz\u00e1mban, hogyan szervezi a doktori k\u00e9pz\u00e9seket, tov\u00e1bb\u00e1 alkalmazza-e a kreditrendszert a doktori k\u00e9pz\u00e9sekben &#8211; mondta a miniszter. Hank\u00f3 Bal\u00e1zs az \u00faj modell &#8222;j\u00f3 alapjair\u00f3l&#8221; sz\u00f3lva kiemelte, tizenk\u00e9t magyar egyetem van a vil\u00e1g legjobb \u00f6t sz\u00e1zal\u00e9k\u00e1ban. Tov\u00e1bb\u00e1 az elm\u00falt t\u00edz \u00e9vben \u00f6tven sz\u00e1zal\u00e9kkal n\u00f6velt\u00e9k a doktoranduszok l\u00e9tsz\u00e1m\u00e1t \u00e9s megdupl\u00e1zt\u00e1k a kutat\u00f3-fejleszt\u0151k l\u00e9tsz\u00e1m\u00e1t. Jelenleg egymilli\u00f3 lakosra 6500 kutat\u00f3-fejleszt\u0151 jut. C\u00e9l, hogy egymilli\u00f3 lakosra 9 ezer kutat\u00f3-fejleszt\u0151 jusson majd.<\/p>\n<p>Hangs\u00falyozta, er\u0151s\u00edteni kell a doktori k\u00e9pz\u00e9seket, mik\u00f6zben Br\u00fcsszel jogtalanul z\u00e1rja ki az Erasmusb\u00f3l, a Horizontb\u00f3l a kutat\u00f3kat. Moln\u00e1r D\u00e1niel, a Doktoranduszok Orsz\u00e1gos Sz\u00f6vets\u00e9g\u00e9nek eln\u00f6ke elmondta, a doktoranduszok jelenlegi helyzet\u00e9r\u0151l, a kih\u00edv\u00e1sokr\u00f3l \u00e9s a doktori k\u00e9pz\u00e9s fejleszt\u00e9si lehet\u0151s\u00e9geinek t\u00e9mak\u00f6r\u00e9ben egy orsz\u00e1gos felm\u00e9r\u00e9st v\u00e9geztek. A k\u00e9rd\u0151\u00edvet t\u00f6bb mint 1300 doktorandusz t\u00f6lt\u00f6tte ki 26 fels\u0151oktat\u00e1si int\u00e9zm\u00e9nyb\u0151l. A felm\u00e9r\u00e9s eredm\u00e9nyeit ismertetve k\u00f6z\u00f6lte: egy\u00e9rtelm\u0171en meg\u00e1llap\u00edthat\u00f3, hogy a doktoranduszok a szakmai \u00e9rdekl\u0151d\u00e9s, a kutat\u00e1si lehet\u0151s\u00e9gek, a szakmai tudom\u00e1nyos karrier, illetve a j\u00f6v\u0151beli \u00f6n\u00e1ll\u00f3 kutat\u00f3i munka rem\u00e9nye miatt jelentkeznek doktori k\u00e9pz\u00e9sekre.<\/p>\n<p>A k\u00e9rd\u0151\u00edvet kit\u00f6lt\u0151k 45 sz\u00e1zal\u00e9ka a hallgat\u00f3i jogviszonnyal el\u00e9rhet\u0151 \u00f6szt\u00f6nd\u00edjak megp\u00e1ly\u00e1z\u00e1sa mellett tette le a voks\u00e1t. Tov\u00e1bbi szint\u00e9n 45 sz\u00e1zal\u00e9k pedig kedvez\u0151bbnek tartja a tudom\u00e1nyos \u00e9s szakmai el\u0151rehalad\u00e1sa szempontj\u00e1b\u00f3l a munkav\u00e1llal\u00f3i jogviszonyt. A v\u00e1laszad\u00f3k 9 sz\u00e1zal\u00e9ka a projektmunka jelleg\u0171 megb\u00edz\u00e1st prefer\u00e1lja. A doktori k\u00e9pz\u00e9sek sor\u00e1n a doktoranduszok szerint a t\u00e9mavezet\u0151k szakmai kompetenci\u00e1j\u00e1nak meghat\u00e1roz\u00f3 szerepe van. Nagyon fontos, hogy a v\u00e1laszad\u00f3k szerint a doktoranduszok erk\u00f6lcsi \u00e9s anyagi megbecs\u00fcl\u00e9se, a k\u00e9pz\u00e9s finansz\u00edroz\u00e1sa, a szakmai fejl\u0151d\u00e9s int\u00e9zm\u00e9nyi felt\u00e9telei \u00e9s a doktoranduszok kutat\u00e1si programokba t\u00f6rt\u00e9n\u0151 bevon\u00e1sa kiemelten fontos t\u00e9nyez\u0151 a doktori k\u00e9pz\u00e9sekben &#8211; mondta Moln\u00e1r D\u00e1niel.<\/p>\n<h2>Sz\u00fcks\u00e9g van a doktori k\u00e9pz\u00e9sek er\u0151s\u00edt\u00e9s\u00e9re<\/h2>\n<p>K\u00f6z\u00f6lte, doktoranduszok t\u00f6bbs\u00e9ge, 41,6 sz\u00e1zal\u00e9k a sikeres doktori v\u00e9gz\u00e9st k\u00f6vet\u0151en a fels\u0151oktat\u00e1si oktat\u00f3i, kutat\u00f3i munkak\u00f6rben szeretne elhelyezkedni. A v\u00e1laszad\u00f3k 16 sz\u00e1zal\u00e9ka tervezi az ipari v\u00e1llalati szektorra f\u00f3kusz\u00e1lt kutat\u00f3i-fejleszt\u0151i p\u00e1ly\u00e1t a j\u00f6v\u0151ben mag\u00e1nak, illetve a kit\u00f6lt\u0151k 15,5 sz\u00e1zal\u00e9ka kutat\u00f3int\u00e9zeti kutat\u00f3p\u00e1ly\u00e1n k\u00e9pzeli el a j\u00f6v\u0151j\u00e9t. Saj\u00e1t v\u00e1llalkoz\u00e1s ind\u00edt\u00e1s\u00e1t, vagy vezet\u00e9s\u00e9t pedig a v\u00e1laszad\u00f3k 7 sz\u00e1zal\u00e9ka tervezi. Kiemelte, a v\u00e1laszad\u00f3k v\u00e9lem\u00e9nye alapj\u00e1n teh\u00e1t egy\u00e9rtelm\u0171en kijelenthet\u0151 az, hogy sz\u00fcks\u00e9ges a doktori k\u00e9pz\u00e9sek tov\u00e1bbi er\u0151s\u00edt\u00e9se \u00e9s egy olyan kisz\u00e1m\u00edthat\u00f3 kutat\u00f3i \u00e9letp\u00e1lyamodell kialak\u00edt\u00e1sa, amely szakmai \u00e9s anyagi megbecs\u00fcl\u00e9s mellett vil\u00e1gos karrierutakat biztos\u00edt a doktoranduszok sz\u00e1m\u00e1ra.<\/p>\n<p>A sz\u00f6vets\u00e9g szerint az \u00faj modell k\u00e9pes lesz arra, hogy ezen elv\u00e1r\u00e1sokat teljes\u00edtse &#8211; mondta Moln\u00e1r D\u00e1niel. Domokos P\u00e9ter kutat\u00f3professzor, a Nemzeti Kutat\u00e1si, Fejleszt\u00e9si \u00e9s Innov\u00e1ci\u00f3s Hivatal tudom\u00e1nyos t\u00e1rseln\u00f6ke szerint az \u00faj rendszerrel a f\u0151 \u00fczenet az, hogy a tudom\u00e1nyos kutat\u00f3knak sz\u00fcks\u00e9g\u00fck van doktoranduszokra, nekik pedig sz\u00fcks\u00e9g\u00fck van tudom\u00e1nyos projektekre \u00e9s tapasztalt vezet\u0151 kutat\u00f3kra. A tudom\u00e1nyos kutat\u00e1si projektek az egyik f\u0151 foglalkoztat\u00f3i lesznek a j\u00f6v\u0151ben a doktoranduszoknak a kutat\u00f3i kiv\u00e1l\u00f3s\u00e1gi k\u00e9pz\u00e9sben &#8211; mutatott r\u00e1. Szavai szerint a k\u00f6vetkez\u0151 p\u00e1ly\u00e1zati k\u00f6rben nagyon gyors \u00fctemben fel lehet \u00e9p\u00edteni a rendszert, teh\u00e1t 2026-t\u00f3l, de egy \u00e1tmenettel m\u00e1r a mostani szeptemberi indul\u00e1st\u00f3l ezt el lehet kezdeni fel\u00e9p\u00edteni &#8211; mondta.<\/p>\n<p>Forr\u00e1s: <a href=\"https:\/\/www.hrportal.hu\/hr\/uj-osztondijak-nagyobb-megbecsules-atalakul-a-doktori-kepzes-20250518.html#google_vignette\" target=\"_blank\" rel=\"nofollow noopener noreferrer\">hrportal.hu<\/a><\/p>\n","protected":false},"excerpt":{"rendered":"<p>Nagyobb figyelmet \u00e9s t\u00f6bb p\u00e9nzt kaphatnak, akik tudom\u00e1nyos fokozat megszerz\u00e9s\u00e9\u00e9rt tanulnak. Az egyetemek pozit\u00edvan fogadt\u00e1k a bejelent\u00e9st, a t\u00e9m\u00e1ban felm\u00e9r\u00e9s is k\u00e9sz\u00fclt. \u00daj id\u0151sz\u00e1m\u00edt\u00e1s kezdet\u00e9r\u0151l besz\u00e9lt a doktori k\u00e9pz\u00e9sekben\u00a0 budapesti sajt\u00f3t\u00e1j\u00e9koztat\u00f3j\u00e1n a kultur\u00e1lis \u00e9s innov\u00e1ci\u00f3s miniszter. Hank\u00f3 Bal\u00e1zs elmondta, t\u00f6bb p\u00e9nzhez juthatnak majd a j\u00f6v\u0151t alkot\u00f3 \u00e9s alak\u00edt\u00f3 fiatalok &#8211; k\u00f6zli az MTI. A miniszter [&hellip;]<\/p>\n","protected":false},"author":1,"featured_media":8466,"comment_status":"closed","ping_status":"closed","sticky":false,"template":"","format":"standard","meta":{"_monsterinsights_skip_tracking":false,"footnotes":""},"categories":[200],"tags":[],"class_list":["post-8465","post","type-post","status-publish","format-standard","has-post-thumbnail","hentry","category-munkaeropiac"],"aioseo_notices":[],"aioseo_head":"\n\t\t<!-- All in One SEO 5.0.0.1 - aioseo.com -->\n\t<meta name=\"description\" content=\"Nagyobb figyelmet \u00e9s t\u00f6bb p\u00e9nzt kaphatnak, akik tudom\u00e1nyos fokozat megszerz\u00e9s\u00e9\u00e9rt tanulnak. Az egyetemek pozit\u00edvan fogadt\u00e1k a bejelent\u00e9st.\" \/>\n\t<meta name=\"robots\" content=\"max-image-preview:large\" \/>\n\t<meta name=\"author\" content=\"Juh\u00e1sz P\u00e9ter\"\/>\n\t<link rel=\"canonical\" href=\"https:\/\/allasorias.hu\/hirek\/tobb-penz-a-kutatoknak\/\" \/>\n\t<meta name=\"generator\" content=\"All in One SEO (AIOSEO) 5.0.0.1\" \/>\n\t\t<meta property=\"og:locale\" content=\"hu_HU\" \/>\n\t\t<meta property=\"og:site_name\" content=\"AllasOrias.hu | H\u00edrek-lapszemle | \u00dczleti h\u00edrek az \u00e1ll\u00e1s \u00e9s a munka vil\u00e1g\u00e1b\u00f3l\" \/>\n\t\t<meta property=\"og:type\" content=\"article\" \/>\n\t\t<meta property=\"og:title\" content=\"Nagyobb figyelmet \u00e9s t\u00f6bb p\u00e9nzt kaphatnak a kutat\u00f3k\" \/>\n\t\t<meta property=\"og:description\" content=\"Nagyobb figyelmet \u00e9s t\u00f6bb p\u00e9nzt kaphatnak, akik tudom\u00e1nyos fokozat megszerz\u00e9s\u00e9\u00e9rt tanulnak. Az egyetemek pozit\u00edvan fogadt\u00e1k a bejelent\u00e9st.\" \/>\n\t\t<meta property=\"og:url\" content=\"https:\/\/allasorias.hu\/hirek\/tobb-penz-a-kutatoknak\/\" \/>\n\t\t<meta property=\"og:image\" content=\"https:\/\/allasorias.hu\/hirek\/wp-content\/uploads\/2025\/05\/tobb-penz-a-kutatoknak.jpg\" \/>\n\t\t<meta property=\"og:image:secure_url\" content=\"https:\/\/allasorias.hu\/hirek\/wp-content\/uploads\/2025\/05\/tobb-penz-a-kutatoknak.jpg\" \/>\n\t\t<meta property=\"og:image:width\" content=\"1920\" \/>\n\t\t<meta property=\"og:image:height\" content=\"1080\" \/>\n\t\t<meta property=\"article:published_time\" content=\"2025-05-19T07:39:12+00:00\" \/>\n\t\t<meta property=\"article:modified_time\" content=\"2025-05-19T07:39:12+00:00\" \/>\n\t\t<meta property=\"article:publisher\" content=\"https:\/\/www.facebook.com\/allasorias\" \/>\n\t\t<meta name=\"twitter:card\" content=\"summary_large_image\" \/>\n\t\t<meta name=\"twitter:title\" content=\"Nagyobb figyelmet \u00e9s t\u00f6bb p\u00e9nzt kaphatnak a kutat\u00f3k\" \/>\n\t\t<meta name=\"twitter:description\" content=\"Nagyobb figyelmet \u00e9s t\u00f6bb p\u00e9nzt kaphatnak, akik tudom\u00e1nyos fokozat megszerz\u00e9s\u00e9\u00e9rt tanulnak. Az egyetemek pozit\u00edvan fogadt\u00e1k a bejelent\u00e9st.\" \/>\n\t\t<meta name=\"twitter:image\" content=\"https:\/\/allasorias.hu\/hirek\/wp-content\/uploads\/2025\/05\/tobb-penz-a-kutatoknak.jpg\" \/>\n\t\t<meta name=\"twitter:label1\" content=\"Written by\" \/>\n\t\t<meta name=\"twitter:data1\" content=\"Juh\u00e1sz P\u00e9ter\" \/>\n\t\t<meta name=\"twitter:label2\" content=\"Est. reading time\" \/>\n\t\t<meta name=\"twitter:data2\" content=\"6 minutes\" \/>\n\t\t<script type=\"application\/ld+json\" class=\"aioseo-schema\">\n\t\t\t{\"@context\":\"https:\\\/\\\/schema.org\",\"@graph\":[{\"@type\":\"Article\",\"@id\":\"https:\\\/\\\/allasorias.hu\\\/hirek\\\/tobb-penz-a-kutatoknak\\\/#article\",\"name\":\"Nagyobb figyelmet \\u00e9s t\\u00f6bb p\\u00e9nzt kaphatnak a kutat\\u00f3k\",\"headline\":\"T\\u00f6bb p\\u00e9nz a kutat\\u00f3knak\",\"author\":{\"@id\":\"https:\\\/\\\/allasorias.hu\\\/hirek\\\/author\\\/admin-allasorias\\\/#author\"},\"publisher\":{\"@id\":\"https:\\\/\\\/allasorias.hu\\\/hirek\\\/#organization\"},\"image\":{\"@type\":\"ImageObject\",\"url\":\"https:\\\/\\\/allasorias.hu\\\/hirek\\\/wp-content\\\/uploads\\\/2025\\\/05\\\/tobb-penz-a-kutatoknak.jpg\",\"width\":1920,\"height\":1080,\"caption\":\"T\\u00f6bb p\\u00e9nz a kutat\\u00f3knak - Allasorias.hu\\\/Hirek\"},\"datePublished\":\"2025-05-19T09:39:12+02:00\",\"dateModified\":\"2025-05-19T09:39:12+02:00\",\"inLanguage\":\"hu-HU\",\"mainEntityOfPage\":{\"@id\":\"https:\\\/\\\/allasorias.hu\\\/hirek\\\/tobb-penz-a-kutatoknak\\\/#webpage\"},\"isPartOf\":{\"@id\":\"https:\\\/\\\/allasorias.hu\\\/hirek\\\/tobb-penz-a-kutatoknak\\\/#webpage\"},\"articleSection\":\"Munkaer\\u0151piac\"},{\"@type\":\"BreadcrumbList\",\"@id\":\"https:\\\/\\\/allasorias.hu\\\/hirek\\\/tobb-penz-a-kutatoknak\\\/#breadcrumblist\",\"itemListElement\":[{\"@type\":\"ListItem\",\"@id\":\"https:\\\/\\\/allasorias.hu\\\/hirek#listItem\",\"position\":1,\"name\":\"Home\",\"item\":\"https:\\\/\\\/allasorias.hu\\\/hirek\",\"nextItem\":{\"@type\":\"ListItem\",\"@id\":\"https:\\\/\\\/allasorias.hu\\\/hirek\\\/temak\\\/munkaeropiac\\\/#listItem\",\"name\":\"Munkaer\\u0151piac\"}},{\"@type\":\"ListItem\",\"@id\":\"https:\\\/\\\/allasorias.hu\\\/hirek\\\/temak\\\/munkaeropiac\\\/#listItem\",\"position\":2,\"name\":\"Munkaer\\u0151piac\",\"item\":\"https:\\\/\\\/allasorias.hu\\\/hirek\\\/temak\\\/munkaeropiac\\\/\",\"nextItem\":{\"@type\":\"ListItem\",\"@id\":\"https:\\\/\\\/allasorias.hu\\\/hirek\\\/tobb-penz-a-kutatoknak\\\/#listItem\",\"name\":\"T\\u00f6bb p\\u00e9nz a kutat\\u00f3knak\"},\"previousItem\":{\"@type\":\"ListItem\",\"@id\":\"https:\\\/\\\/allasorias.hu\\\/hirek#listItem\",\"name\":\"Home\"}},{\"@type\":\"ListItem\",\"@id\":\"https:\\\/\\\/allasorias.hu\\\/hirek\\\/tobb-penz-a-kutatoknak\\\/#listItem\",\"position\":3,\"name\":\"T\\u00f6bb p\\u00e9nz a kutat\\u00f3knak\",\"previousItem\":{\"@type\":\"ListItem\",\"@id\":\"https:\\\/\\\/allasorias.hu\\\/hirek\\\/temak\\\/munkaeropiac\\\/#listItem\",\"name\":\"Munkaer\\u0151piac\"}}]},{\"@type\":\"Organization\",\"@id\":\"https:\\\/\\\/allasorias.hu\\\/hirek\\\/#organization\",\"name\":\"AllasOrias.hu | H\\u00edrek-lapszemle\",\"description\":\"\\u00dczleti h\\u00edrek az \\u00e1ll\\u00e1s \\u00e9s a munka vil\\u00e1g\\u00e1b\\u00f3l\",\"url\":\"https:\\\/\\\/allasorias.hu\\\/hirek\\\/\",\"logo\":{\"@type\":\"ImageObject\",\"url\":\"https:\\\/\\\/allasorias.hu\\\/hirek\\\/wp-content\\\/uploads\\\/2022\\\/10\\\/allasorias_site_facebok_logo.png\",\"@id\":\"https:\\\/\\\/allasorias.hu\\\/hirek\\\/tobb-penz-a-kutatoknak\\\/#organizationLogo\"},\"image\":{\"@id\":\"https:\\\/\\\/allasorias.hu\\\/hirek\\\/tobb-penz-a-kutatoknak\\\/#organizationLogo\"},\"sameAs\":[\"https:\\\/\\\/www.facebook.com\\\/allasorias\",\"https:\\\/\\\/www.linkedin.com\\\/company\\\/allasorias\"]},{\"@type\":\"Person\",\"@id\":\"https:\\\/\\\/allasorias.hu\\\/hirek\\\/author\\\/admin-allasorias\\\/#author\",\"url\":\"https:\\\/\\\/allasorias.hu\\\/hirek\\\/author\\\/admin-allasorias\\\/\",\"name\":\"Juh\\u00e1sz P\\u00e9ter\",\"image\":{\"@type\":\"ImageObject\",\"@id\":\"https:\\\/\\\/allasorias.hu\\\/hirek\\\/tobb-penz-a-kutatoknak\\\/#authorImage\",\"url\":\"https:\\\/\\\/secure.gravatar.com\\\/avatar\\\/36e6bcb83148978b992977cb0f54d22feb0cce8a0a849a9410532bb2623ba4c6?s=96&d=mm&r=g\",\"width\":96,\"height\":96,\"caption\":\"Juh\\u00e1sz P\\u00e9ter\"}},{\"@type\":\"WebPage\",\"@id\":\"https:\\\/\\\/allasorias.hu\\\/hirek\\\/tobb-penz-a-kutatoknak\\\/#webpage\",\"url\":\"https:\\\/\\\/allasorias.hu\\\/hirek\\\/tobb-penz-a-kutatoknak\\\/\",\"name\":\"Nagyobb figyelmet \\u00e9s t\\u00f6bb p\\u00e9nzt kaphatnak a kutat\\u00f3k\",\"description\":\"Nagyobb figyelmet \\u00e9s t\\u00f6bb p\\u00e9nzt kaphatnak, akik tudom\\u00e1nyos fokozat megszerz\\u00e9s\\u00e9\\u00e9rt tanulnak. Az egyetemek pozit\\u00edvan fogadt\\u00e1k a bejelent\\u00e9st.\",\"inLanguage\":\"hu-HU\",\"isPartOf\":{\"@id\":\"https:\\\/\\\/allasorias.hu\\\/hirek\\\/#website\"},\"breadcrumb\":{\"@id\":\"https:\\\/\\\/allasorias.hu\\\/hirek\\\/tobb-penz-a-kutatoknak\\\/#breadcrumblist\"},\"author\":{\"@id\":\"https:\\\/\\\/allasorias.hu\\\/hirek\\\/author\\\/admin-allasorias\\\/#author\"},\"creator\":{\"@id\":\"https:\\\/\\\/allasorias.hu\\\/hirek\\\/author\\\/admin-allasorias\\\/#author\"},\"image\":{\"@type\":\"ImageObject\",\"url\":\"https:\\\/\\\/allasorias.hu\\\/hirek\\\/wp-content\\\/uploads\\\/2025\\\/05\\\/tobb-penz-a-kutatoknak.jpg\",\"@id\":\"https:\\\/\\\/allasorias.hu\\\/hirek\\\/tobb-penz-a-kutatoknak\\\/#mainImage\",\"width\":1920,\"height\":1080,\"caption\":\"T\\u00f6bb p\\u00e9nz a kutat\\u00f3knak - Allasorias.hu\\\/Hirek\"},\"primaryImageOfPage\":{\"@id\":\"https:\\\/\\\/allasorias.hu\\\/hirek\\\/tobb-penz-a-kutatoknak\\\/#mainImage\"},\"datePublished\":\"2025-05-19T09:39:12+02:00\",\"dateModified\":\"2025-05-19T09:39:12+02:00\"},{\"@type\":\"WebSite\",\"@id\":\"https:\\\/\\\/allasorias.hu\\\/hirek\\\/#website\",\"url\":\"https:\\\/\\\/allasorias.hu\\\/hirek\\\/\",\"name\":\"AllasOrias.hu | H\\u00edrek-lapszemle\",\"description\":\"\\u00dczleti h\\u00edrek az \\u00e1ll\\u00e1s \\u00e9s a munka vil\\u00e1g\\u00e1b\\u00f3l\",\"inLanguage\":\"hu-HU\",\"publisher\":{\"@id\":\"https:\\\/\\\/allasorias.hu\\\/hirek\\\/#organization\"}}]}\n\t\t<\/script>\n\t\t<!-- All in One SEO -->\n\n","aioseo_head_json":{"title":"Nagyobb figyelmet \u00e9s t\u00f6bb p\u00e9nzt kaphatnak a kutat\u00f3k","description":"Nagyobb figyelmet \u00e9s t\u00f6bb p\u00e9nzt kaphatnak, akik tudom\u00e1nyos fokozat megszerz\u00e9s\u00e9\u00e9rt tanulnak. Az egyetemek pozit\u00edvan fogadt\u00e1k a bejelent\u00e9st.","canonical_url":"https:\/\/allasorias.hu\/hirek\/tobb-penz-a-kutatoknak\/","robots":"max-image-preview:large","keywords":"","webmasterTools":{"miscellaneous":""},"schema":{"@context":"https:\/\/schema.org","@graph":[{"@type":"Article","@id":"https:\/\/allasorias.hu\/hirek\/tobb-penz-a-kutatoknak\/#article","name":"Nagyobb figyelmet \u00e9s t\u00f6bb p\u00e9nzt kaphatnak a kutat\u00f3k","headline":"T\u00f6bb p\u00e9nz a kutat\u00f3knak","author":{"@id":"https:\/\/allasorias.hu\/hirek\/author\/admin-allasorias\/#author"},"publisher":{"@id":"https:\/\/allasorias.hu\/hirek\/#organization"},"image":{"@type":"ImageObject","url":"https:\/\/allasorias.hu\/hirek\/wp-content\/uploads\/2025\/05\/tobb-penz-a-kutatoknak.jpg","width":1920,"height":1080,"caption":"T\u00f6bb p\u00e9nz a kutat\u00f3knak - Allasorias.hu\/Hirek"},"datePublished":"2025-05-19T09:39:12+02:00","dateModified":"2025-05-19T09:39:12+02:00","inLanguage":"hu-HU","mainEntityOfPage":{"@id":"https:\/\/allasorias.hu\/hirek\/tobb-penz-a-kutatoknak\/#webpage"},"isPartOf":{"@id":"https:\/\/allasorias.hu\/hirek\/tobb-penz-a-kutatoknak\/#webpage"},"articleSection":"Munkaer\u0151piac"},{"@type":"BreadcrumbList","@id":"https:\/\/allasorias.hu\/hirek\/tobb-penz-a-kutatoknak\/#breadcrumblist","itemListElement":[{"@type":"ListItem","@id":"https:\/\/allasorias.hu\/hirek#listItem","position":1,"name":"Home","item":"https:\/\/allasorias.hu\/hirek","nextItem":{"@type":"ListItem","@id":"https:\/\/allasorias.hu\/hirek\/temak\/munkaeropiac\/#listItem","name":"Munkaer\u0151piac"}},{"@type":"ListItem","@id":"https:\/\/allasorias.hu\/hirek\/temak\/munkaeropiac\/#listItem","position":2,"name":"Munkaer\u0151piac","item":"https:\/\/allasorias.hu\/hirek\/temak\/munkaeropiac\/","nextItem":{"@type":"ListItem","@id":"https:\/\/allasorias.hu\/hirek\/tobb-penz-a-kutatoknak\/#listItem","name":"T\u00f6bb p\u00e9nz a kutat\u00f3knak"},"previousItem":{"@type":"ListItem","@id":"https:\/\/allasorias.hu\/hirek#listItem","name":"Home"}},{"@type":"ListItem","@id":"https:\/\/allasorias.hu\/hirek\/tobb-penz-a-kutatoknak\/#listItem","position":3,"name":"T\u00f6bb p\u00e9nz a kutat\u00f3knak","previousItem":{"@type":"ListItem","@id":"https:\/\/allasorias.hu\/hirek\/temak\/munkaeropiac\/#listItem","name":"Munkaer\u0151piac"}}]},{"@type":"Organization","@id":"https:\/\/allasorias.hu\/hirek\/#organization","name":"AllasOrias.hu | H\u00edrek-lapszemle","description":"\u00dczleti h\u00edrek az \u00e1ll\u00e1s \u00e9s a munka vil\u00e1g\u00e1b\u00f3l","url":"https:\/\/allasorias.hu\/hirek\/","logo":{"@type":"ImageObject","url":"https:\/\/allasorias.hu\/hirek\/wp-content\/uploads\/2022\/10\/allasorias_site_facebok_logo.png","@id":"https:\/\/allasorias.hu\/hirek\/tobb-penz-a-kutatoknak\/#organizationLogo"},"image":{"@id":"https:\/\/allasorias.hu\/hirek\/tobb-penz-a-kutatoknak\/#organizationLogo"},"sameAs":["https:\/\/www.facebook.com\/allasorias","https:\/\/www.linkedin.com\/company\/allasorias"]},{"@type":"Person","@id":"https:\/\/allasorias.hu\/hirek\/author\/admin-allasorias\/#author","url":"https:\/\/allasorias.hu\/hirek\/author\/admin-allasorias\/","name":"Juh\u00e1sz P\u00e9ter","image":{"@type":"ImageObject","@id":"https:\/\/allasorias.hu\/hirek\/tobb-penz-a-kutatoknak\/#authorImage","url":"https:\/\/secure.gravatar.com\/avatar\/36e6bcb83148978b992977cb0f54d22feb0cce8a0a849a9410532bb2623ba4c6?s=96&d=mm&r=g","width":96,"height":96,"caption":"Juh\u00e1sz P\u00e9ter"}},{"@type":"WebPage","@id":"https:\/\/allasorias.hu\/hirek\/tobb-penz-a-kutatoknak\/#webpage","url":"https:\/\/allasorias.hu\/hirek\/tobb-penz-a-kutatoknak\/","name":"Nagyobb figyelmet \u00e9s t\u00f6bb p\u00e9nzt kaphatnak a kutat\u00f3k","description":"Nagyobb figyelmet \u00e9s t\u00f6bb p\u00e9nzt kaphatnak, akik tudom\u00e1nyos fokozat megszerz\u00e9s\u00e9\u00e9rt tanulnak. Az egyetemek pozit\u00edvan fogadt\u00e1k a bejelent\u00e9st.","inLanguage":"hu-HU","isPartOf":{"@id":"https:\/\/allasorias.hu\/hirek\/#website"},"breadcrumb":{"@id":"https:\/\/allasorias.hu\/hirek\/tobb-penz-a-kutatoknak\/#breadcrumblist"},"author":{"@id":"https:\/\/allasorias.hu\/hirek\/author\/admin-allasorias\/#author"},"creator":{"@id":"https:\/\/allasorias.hu\/hirek\/author\/admin-allasorias\/#author"},"image":{"@type":"ImageObject","url":"https:\/\/allasorias.hu\/hirek\/wp-content\/uploads\/2025\/05\/tobb-penz-a-kutatoknak.jpg","@id":"https:\/\/allasorias.hu\/hirek\/tobb-penz-a-kutatoknak\/#mainImage","width":1920,"height":1080,"caption":"T\u00f6bb p\u00e9nz a kutat\u00f3knak - Allasorias.hu\/Hirek"},"primaryImageOfPage":{"@id":"https:\/\/allasorias.hu\/hirek\/tobb-penz-a-kutatoknak\/#mainImage"},"datePublished":"2025-05-19T09:39:12+02:00","dateModified":"2025-05-19T09:39:12+02:00"},{"@type":"WebSite","@id":"https:\/\/allasorias.hu\/hirek\/#website","url":"https:\/\/allasorias.hu\/hirek\/","name":"AllasOrias.hu | H\u00edrek-lapszemle","description":"\u00dczleti h\u00edrek az \u00e1ll\u00e1s \u00e9s a munka vil\u00e1g\u00e1b\u00f3l","inLanguage":"hu-HU","publisher":{"@id":"https:\/\/allasorias.hu\/hirek\/#organization"}}]},"og:locale":"hu_HU","og:site_name":"AllasOrias.hu | H\u00edrek-lapszemle | \u00dczleti h\u00edrek az \u00e1ll\u00e1s \u00e9s a munka vil\u00e1g\u00e1b\u00f3l","og:type":"article","og:title":"Nagyobb figyelmet \u00e9s t\u00f6bb p\u00e9nzt kaphatnak a kutat\u00f3k","og:description":"Nagyobb figyelmet \u00e9s t\u00f6bb p\u00e9nzt kaphatnak, akik tudom\u00e1nyos fokozat megszerz\u00e9s\u00e9\u00e9rt tanulnak. Az egyetemek pozit\u00edvan fogadt\u00e1k a bejelent\u00e9st.","og:url":"https:\/\/allasorias.hu\/hirek\/tobb-penz-a-kutatoknak\/","og:image":"https:\/\/allasorias.hu\/hirek\/wp-content\/uploads\/2025\/05\/tobb-penz-a-kutatoknak.jpg","og:image:secure_url":"https:\/\/allasorias.hu\/hirek\/wp-content\/uploads\/2025\/05\/tobb-penz-a-kutatoknak.jpg","og:image:width":1920,"og:image:height":1080,"article:published_time":"2025-05-19T07:39:12+00:00","article:modified_time":"2025-05-19T07:39:12+00:00","article:publisher":"https:\/\/www.facebook.com\/allasorias","twitter:card":"summary_large_image","twitter:title":"Nagyobb figyelmet \u00e9s t\u00f6bb p\u00e9nzt kaphatnak a kutat\u00f3k","twitter:description":"Nagyobb figyelmet \u00e9s t\u00f6bb p\u00e9nzt kaphatnak, akik tudom\u00e1nyos fokozat megszerz\u00e9s\u00e9\u00e9rt tanulnak. Az egyetemek pozit\u00edvan fogadt\u00e1k a bejelent\u00e9st.","twitter:image":"https:\/\/allasorias.hu\/hirek\/wp-content\/uploads\/2025\/05\/tobb-penz-a-kutatoknak.jpg","twitter:label1":"Written by","twitter:data1":"Juh\u00e1sz P\u00e9ter","twitter:label2":"Est. reading time","twitter:data2":"6 minutes"},"aioseo_meta_data":{"post_id":"8465","title":"Nagyobb figyelmet \u00e9s t\u00f6bb p\u00e9nzt kaphatnak a kutat\u00f3k","description":"Nagyobb figyelmet \u00e9s t\u00f6bb p\u00e9nzt kaphatnak, akik tudom\u00e1nyos fokozat megszerz\u00e9s\u00e9\u00e9rt tanulnak. Az egyetemek pozit\u00edvan fogadt\u00e1k a bejelent\u00e9st.","keywords":null,"keyphrases":{"focus":{"keyphrase":"","score":0,"analysis":{"keyphraseInTitle":{"score":0,"maxScore":9,"error":1}}},"additional":[]},"primary_term":null,"canonical_url":null,"og_title":null,"og_description":null,"og_object_type":"default","og_image_type":"default","og_image_url":null,"og_image_width":null,"og_image_height":null,"og_image_custom_url":null,"og_image_custom_fields":null,"og_video":"","og_custom_url":null,"og_article_section":null,"og_article_tags":null,"twitter_use_og":true,"twitter_card":"default","twitter_image_type":"default","twitter_image_url":null,"twitter_image_custom_url":null,"twitter_image_custom_fields":null,"twitter_title":null,"twitter_description":null,"schema":{"blockGraphs":[],"customGraphs":[],"default":{"data":{"Article":[],"Course":[],"Dataset":[],"FAQPage":[],"Movie":[],"Person":[],"Product":[],"ProductReview":[],"Car":[],"Recipe":[],"Service":[],"SoftwareApplication":[],"WebPage":[]},"graphName":"Article","isEnabled":true},"graphs":[]},"schema_type":"default","schema_type_options":null,"pillar_content":false,"robots_default":true,"robots_noindex":false,"robots_noarchive":false,"robots_nosnippet":false,"robots_nofollow":false,"robots_noimageindex":false,"robots_noodp":false,"robots_notranslate":false,"robots_max_snippet":"-1","robots_max_videopreview":"-1","robots_max_imagepreview":"large","priority":null,"frequency":"default","location":null,"local_seo":null,"breadcrumb_settings":null,"limit_modified_date":false,"ai":null,"created":"2025-05-19 07:29:02","updated":"2025-10-02 21:15:30","seo_analyzer_scan_date":null,"focus_keyword":null,"additional_keywords":null,"truseo_locale":null},"aioseo_breadcrumb":"<div class=\"aioseo-breadcrumbs\"><span class=\"aioseo-breadcrumb\">\n\t\t\t<a href=\"https:\/\/allasorias.hu\/hirek\" title=\"Home\">Home<\/a>\n\t\t<\/span><span class=\"aioseo-breadcrumb-separator\">&raquo;<\/span><span class=\"aioseo-breadcrumb\">\n\t\t\t<a href=\"https:\/\/allasorias.hu\/hirek\/temak\/munkaeropiac\/\" title=\"Munkaer\u0151piac\">Munkaer\u0151piac<\/a>\n\t\t<\/span><span class=\"aioseo-breadcrumb-separator\">&raquo;<\/span><span class=\"aioseo-breadcrumb\">\n\t\t\tT\u00f6bb p\u00e9nz a kutat\u00f3knak\n\t\t<\/span><\/div>","aioseo_breadcrumb_json":[{"label":"Home","link":"https:\/\/allasorias.hu\/hirek"},{"label":"Munkaer\u0151piac","link":"https:\/\/allasorias.hu\/hirek\/temak\/munkaeropiac\/"},{"label":"T\u00f6bb p\u00e9nz a kutat\u00f3knak","link":"https:\/\/allasorias.hu\/hirek\/tobb-penz-a-kutatoknak\/"}],"_links":{"self":[{"href":"https:\/\/allasorias.hu\/hirek\/wp-json\/wp\/v2\/posts\/8465","targetHints":{"allow":["GET"]}}],"collection":[{"href":"https:\/\/allasorias.hu\/hirek\/wp-json\/wp\/v2\/posts"}],"about":[{"href":"https:\/\/allasorias.hu\/hirek\/wp-json\/wp\/v2\/types\/post"}],"author":[{"embeddable":true,"href":"https:\/\/allasorias.hu\/hirek\/wp-json\/wp\/v2\/users\/1"}],"replies":[{"embeddable":true,"href":"https:\/\/allasorias.hu\/hirek\/wp-json\/wp\/v2\/comments?post=8465"}],"version-history":[{"count":1,"href":"https:\/\/allasorias.hu\/hirek\/wp-json\/wp\/v2\/posts\/8465\/revisions"}],"predecessor-version":[{"id":8467,"href":"https:\/\/allasorias.hu\/hirek\/wp-json\/wp\/v2\/posts\/8465\/revisions\/8467"}],"wp:featuredmedia":[{"embeddable":true,"href":"https:\/\/allasorias.hu\/hirek\/wp-json\/wp\/v2\/media\/8466"}],"wp:attachment":[{"href":"https:\/\/allasorias.hu\/hirek\/wp-json\/wp\/v2\/media?parent=8465"}],"wp:term":[{"taxonomy":"category","embeddable":true,"href":"https:\/\/allasorias.hu\/hirek\/wp-json\/wp\/v2\/categories?post=8465"},{"taxonomy":"post_tag","embeddable":true,"href":"https:\/\/allasorias.hu\/hirek\/wp-json\/wp\/v2\/tags?post=8465"}],"curies":[{"name":"wp","href":"https:\/\/api.w.org\/{rel}","templated":true}]}}