{"id":8459,"date":"2025-05-15T11:35:28","date_gmt":"2025-05-15T09:35:28","guid":{"rendered":"https:\/\/allasorias.hu\/hirek\/?p=8459"},"modified":"2025-05-15T11:35:28","modified_gmt":"2025-05-15T09:35:28","slug":"kiemelt-figyelmet-forditanak-a-munkaeropiacra","status":"publish","type":"post","link":"https:\/\/allasorias.hu\/hirek\/kiemelt-figyelmet-forditanak-a-munkaeropiacra\/","title":{"rendered":"Kiemelt figyelmet ford\u00edtanak a munkaer\u0151piacra"},"content":{"rendered":"<p><strong>A munkaer\u0151piacra kiemelt figyelmet ford\u00edtana a korm\u00e1ny gazdas\u00e1gpolitik\u00e1j\u00e1ban, r\u00f6vidt\u00e1von a fogyaszt\u00e1st, hossz\u00fat\u00e1von a beruh\u00e1z\u00e1sokat szeretn\u00e9k n\u00f6velni.<\/strong><\/p>\n<p>Hossz\u00fa t\u00e1von vissza kell t\u00e9rni a beruh\u00e1z\u00e1s vez\u00e9relte gazdas\u00e1gi n\u00f6veked\u00e9shez \u2013 hangs\u00falyozta Nagy M\u00e1rton nemzetgazdas\u00e1gi miniszter, a Joint Venture Sz\u00f6vets\u00e9g (JVSZ) \u00faj t\u00e1rseln\u00f6ke az \u00e9rdekk\u00e9pviselet \u00e9ves, egyben tiszt\u00faj\u00edt\u00f3 k\u00f6zgy\u0171l\u00e9s\u00e9n Budapesten. Kifejtette: a 2025. \u00e9v ezid\u00e1ig vegyes k\u00e9pet mutat a gazdas\u00e1gr\u00f3l, az els\u0151 negyed\u00e9ves GDP a v\u00e1rtn\u00e1l gyeng\u00e9bb eredm\u00e9nyt hozott. A miniszter szerint ez egyebek k\u00f6zt a gyenge k\u00fcls\u0151 keresletnek tudhat\u00f3 be, ami h\u00e1tr\u00e1nyosan \u00e9rinti a magyar exportot, a hazai ipart, ugyanakkor er\u0151s a bels\u0151 kereslet, a fogyaszt\u00e1s n\u00f6vekszik, amely alapvet\u0151en felfel\u00e9 h\u00fazza a GDP-t.<\/p>\n<h2>Fogyaszt\u00e1s \u00e9s beruh\u00e1z\u00e1sok<\/h2>\n<p>Nagy M\u00e1rton kijelentette: a fogyaszt\u00e1s vez\u00e9relte gazdas\u00e1gi n\u00f6veked\u00e9s hossz\u00fa t\u00e1von nem fenntarthat\u00f3. \u00dagy fogalmazott, a fogyaszt\u00e1salap\u00fa gazdas\u00e1gi n\u00f6veked\u00e9sre nem lehet t\u00f6bb \u00e9vnyi gazdas\u00e1got alapozni, hossz\u00fa t\u00e1von vissza kell t\u00e9rni a beruh\u00e1z\u00e1s vez\u00e9relte gazdas\u00e1gi n\u00f6veked\u00e9shez. A miniszter jelezte, hogy a korm\u00e1ny gazdas\u00e1gpolitik\u00e1j\u00e1ban mindk\u00e9t elem \u2013 mind a r\u00f6vidt\u00e1v\u00fa fogyaszt\u00e1s\u00f6szt\u00f6nz\u00e9s, mind a hossz\u00fat\u00e1v\u00fa beruh\u00e1z\u00e1s\u00f6szt\u00f6nz\u00e9s \u2013 jelen van. A fogyaszt\u00e1st illet\u0151en kiemelt figyelmet ford\u00edtanak a munkaer\u0151piacra, amely jelenleg stabil, teljes foglalkoztat\u00e1s van, a b\u00e9rek emelkednek \u2013 ismertette.<\/p>\n<p>Megjegyezte, hogy a bankszektorban a hitelez\u00e9s tavalyi \u00e9ve cs\u00facs\u00e9v volt, \u00e9s a hiteldinamik\u00e1t az idei els\u0151 negyed\u00e9vben a munk\u00e1shitel tov\u00e1bb fokozta. A fisk\u00e1lis transzferek most fogj\u00e1k a fogyaszt\u00e1st igaz\u00e1n \u00e9l\u00e9nk\u00edteni &#8211; mondta Nagy M\u00e1rton. Kiemelte, hogy a munk\u00e1shitel mellett a nagy ad\u00f3cs\u00f6kkent\u00e9sek, egyebek k\u00f6zt a csal\u00e1dokhoz, nyugd\u00edjasokhoz \u00e9rkez\u0151 transzferek most fognak a gazdas\u00e1gba bekapcsol\u00f3dni.<\/p>\n<ul>\n<li>P\u00e9ldak\u00e9nt eml\u00edtette a csal\u00e1di ad\u00f3kedvezm\u00e9ny emelked\u00e9s\u00e9t,<\/li>\n<li>a gyermeket nevel\u0151 any\u00e1k szja-mentess\u00e9g\u00e9t,<\/li>\n<li>a nyugd\u00edjasok \u00e1fa-visszat\u00e9r\u00edt\u00e9st,<\/li>\n<li>a nyugd\u00edjak infl\u00e1ci\u00f3s kompenz\u00e1l\u00e1s\u00e1t,<\/li>\n<li>a gyes-gyed ad\u00f3mentess\u00e9g\u00e9t,<\/li>\n<li>a fegyverp\u00e9nz kifizet\u00e9s\u00e9t,<\/li>\n<li>a 13. havi nyugd\u00edjat.<\/li>\n<\/ul>\n<h2>Infl\u00e1ci\u00f3 cs\u00f6kkent\u00e9se<\/h2>\n<p>Ezek sz\u00e1zmilli\u00e1rdokban m\u00e9rhet\u0151 nagys\u00e1grend\u0171 p\u00e9nzki\u00e1raml\u00e1st jelentenek a gazdas\u00e1gba \u2013 mondta a nemzetgazdas\u00e1gi miniszter. Megjegyezte, hogy ugyanakkor a fogyaszt\u00e1s \u201emumusa\u201d az infl\u00e1ci\u00f3. Az \u00e9lelmiszer-infl\u00e1ci\u00f3t le kell t\u00f6rni \u00f6t sz\u00e1zal\u00e9k al\u00e1, ez\u00e9rt van sz\u00fcks\u00e9g az \u00e1rr\u00e9scs\u00f6kkent\u00e9sre \u2013 sz\u00f6gezte le. Nagy M\u00e1rton kit\u00e9rt arra: a korm\u00e1ny k\u00e9t gazdas\u00e1gfejleszt\u00e9si pill\u00e9rj\u00e9t\u0151l, a Demj\u00e1n S\u00e1ndor programt\u00f3l \u00e9s a 150 gy\u00e1r programt\u00f3l azt v\u00e1rja, hogy a beruh\u00e1z\u00e1si r\u00e1ta n\u00f6vekedjen, \u00e9s visszat\u00e9rjen a 25 sz\u00e1zal\u00e9kos szintre.<\/p>\n<p>Ebben k\u00e9rik a sz\u00f6vets\u00e9g tagv\u00e1llalatainak is a seg\u00edts\u00e9g\u00e9t is \u2013 tette hozz\u00e1. A miniszter sz\u00f3lt arr\u00f3l is, hogy a korm\u00e1ny kiemelt \u00e9rt\u00e9knek tartja a folyamatos p\u00e1rbesz\u00e9det, amely a partners\u00e9get er\u0151s\u00edti. Szem\u00e9lyes sikerek\u00e9nt \u00e9rt\u00e9kelte, hogy a t\u00e1rca 2024-ben strat\u00e9giai partners\u00e9gi meg\u00e1llapod\u00e1st \u00edrt al\u00e1 a JVSZ-szel, \u00e9s magasabb szintre emelt\u00e9k az egy\u00fcttm\u0171k\u00f6d\u00e9st. A k\u00f6zgy\u0171l\u00e9s ism\u00e9t a JVSZ eln\u00f6k\u00e9nek v\u00e1lasztotta F\u00e1bi\u00e1n \u00c1gnest, a Henkel Magyarorsz\u00e1g Kft. \u00fcgyvezet\u0151 igazgat\u00f3j\u00e1t, \u00e9s d\u00f6nt\u00f6ttek az \u00faj eln\u00f6ks\u00e9g, fel\u00fcgyel\u0151bizotts\u00e1g, etikai bizotts\u00e1g tagjair\u00f3l.<\/p>\n<p>Forr\u00e1s: <a href=\"https:\/\/www.magyarhirlap.hu\/gazdasag\/20250514-hosszu-tavon-vissza-kell-terni-a-beruhazas-vezerelte-gazdasagi-novekedeshez\" target=\"_blank\" rel=\"nofollow noopener noreferrer\">magyarhirlap.hu<\/a><\/p>\n","protected":false},"excerpt":{"rendered":"<p>A munkaer\u0151piacra kiemelt figyelmet ford\u00edtana a korm\u00e1ny gazdas\u00e1gpolitik\u00e1j\u00e1ban, r\u00f6vidt\u00e1von a fogyaszt\u00e1st, hossz\u00fat\u00e1von a beruh\u00e1z\u00e1sokat szeretn\u00e9k n\u00f6velni. Hossz\u00fa t\u00e1von vissza kell t\u00e9rni a beruh\u00e1z\u00e1s vez\u00e9relte gazdas\u00e1gi n\u00f6veked\u00e9shez \u2013 hangs\u00falyozta Nagy M\u00e1rton nemzetgazdas\u00e1gi miniszter, a Joint Venture Sz\u00f6vets\u00e9g (JVSZ) \u00faj t\u00e1rseln\u00f6ke az \u00e9rdekk\u00e9pviselet \u00e9ves, egyben tiszt\u00faj\u00edt\u00f3 k\u00f6zgy\u0171l\u00e9s\u00e9n Budapesten. Kifejtette: a 2025. \u00e9v ezid\u00e1ig vegyes k\u00e9pet mutat a [&hellip;]<\/p>\n","protected":false},"author":1,"featured_media":8462,"comment_status":"closed","ping_status":"closed","sticky":false,"template":"","format":"standard","meta":{"_monsterinsights_skip_tracking":false,"footnotes":""},"categories":[200],"tags":[],"class_list":["post-8459","post","type-post","status-publish","format-standard","has-post-thumbnail","hentry","category-munkaeropiac"],"aioseo_notices":[],"aioseo_head":"\n\t\t<!-- All in One SEO 5.0.0.1 - aioseo.com -->\n\t<meta name=\"description\" content=\"A munkaer\u0151piacra kiemelt figyelmet ford\u00edtana a korm\u00e1ny gazdas\u00e1gpolitik\u00e1j\u00e1ban, r\u00f6vidt\u00e1von a fogyaszt\u00e1st, hossz\u00fat\u00e1von a beruh\u00e1z\u00e1sokat szeretn\u00e9k n\u00f6velni.\" \/>\n\t<meta name=\"robots\" content=\"max-image-preview:large\" \/>\n\t<meta name=\"author\" content=\"Juh\u00e1sz P\u00e9ter\"\/>\n\t<link rel=\"canonical\" href=\"https:\/\/allasorias.hu\/hirek\/kiemelt-figyelmet-forditanak-a-munkaeropiacra\/\" \/>\n\t<meta name=\"generator\" content=\"All in One SEO (AIOSEO) 5.0.0.1\" \/>\n\t\t<meta property=\"og:locale\" content=\"hu_HU\" \/>\n\t\t<meta property=\"og:site_name\" content=\"AllasOrias.hu | H\u00edrek-lapszemle | \u00dczleti h\u00edrek az \u00e1ll\u00e1s \u00e9s a munka vil\u00e1g\u00e1b\u00f3l\" \/>\n\t\t<meta property=\"og:type\" content=\"article\" \/>\n\t\t<meta property=\"og:title\" content=\"Kiemelt figyelem ir\u00e1nyul a munkaer\u0151piacra\" \/>\n\t\t<meta property=\"og:description\" content=\"A munkaer\u0151piacra kiemelt figyelmet ford\u00edtana a korm\u00e1ny gazdas\u00e1gpolitik\u00e1j\u00e1ban, r\u00f6vidt\u00e1von a fogyaszt\u00e1st, hossz\u00fat\u00e1von a beruh\u00e1z\u00e1sokat szeretn\u00e9k n\u00f6velni.\" \/>\n\t\t<meta property=\"og:url\" content=\"https:\/\/allasorias.hu\/hirek\/kiemelt-figyelmet-forditanak-a-munkaeropiacra\/\" \/>\n\t\t<meta property=\"og:image\" content=\"https:\/\/allasorias.hu\/hirek\/wp-content\/uploads\/2025\/05\/fogyasztas-beruhazas.jpg\" \/>\n\t\t<meta property=\"og:image:secure_url\" content=\"https:\/\/allasorias.hu\/hirek\/wp-content\/uploads\/2025\/05\/fogyasztas-beruhazas.jpg\" \/>\n\t\t<meta property=\"og:image:width\" content=\"1920\" \/>\n\t\t<meta property=\"og:image:height\" content=\"1307\" \/>\n\t\t<meta property=\"article:published_time\" content=\"2025-05-15T09:35:28+00:00\" \/>\n\t\t<meta property=\"article:modified_time\" content=\"2025-05-15T09:35:28+00:00\" \/>\n\t\t<meta property=\"article:publisher\" content=\"https:\/\/www.facebook.com\/allasorias\" \/>\n\t\t<meta name=\"twitter:card\" content=\"summary_large_image\" \/>\n\t\t<meta name=\"twitter:title\" content=\"Kiemelt figyelem ir\u00e1nyul a munkaer\u0151piacra\" \/>\n\t\t<meta name=\"twitter:description\" content=\"A munkaer\u0151piacra kiemelt figyelmet ford\u00edtana a korm\u00e1ny gazdas\u00e1gpolitik\u00e1j\u00e1ban, r\u00f6vidt\u00e1von a fogyaszt\u00e1st, hossz\u00fat\u00e1von a beruh\u00e1z\u00e1sokat szeretn\u00e9k n\u00f6velni.\" \/>\n\t\t<meta name=\"twitter:image\" content=\"https:\/\/allasorias.hu\/hirek\/wp-content\/uploads\/2025\/05\/fogyasztas-beruhazas.jpg\" \/>\n\t\t<meta name=\"twitter:label1\" content=\"Written by\" \/>\n\t\t<meta name=\"twitter:data1\" content=\"Juh\u00e1sz P\u00e9ter\" \/>\n\t\t<meta name=\"twitter:label2\" content=\"Est. reading time\" \/>\n\t\t<meta name=\"twitter:data2\" content=\"3 minutes\" \/>\n\t\t<script type=\"application\/ld+json\" class=\"aioseo-schema\">\n\t\t\t{\"@context\":\"https:\\\/\\\/schema.org\",\"@graph\":[{\"@type\":\"Article\",\"@id\":\"https:\\\/\\\/allasorias.hu\\\/hirek\\\/kiemelt-figyelmet-forditanak-a-munkaeropiacra\\\/#article\",\"name\":\"Kiemelt figyelem ir\\u00e1nyul a munkaer\\u0151piacra\",\"headline\":\"Kiemelt figyelmet ford\\u00edtanak a munkaer\\u0151piacra\",\"author\":{\"@id\":\"https:\\\/\\\/allasorias.hu\\\/hirek\\\/author\\\/admin-allasorias\\\/#author\"},\"publisher\":{\"@id\":\"https:\\\/\\\/allasorias.hu\\\/hirek\\\/#organization\"},\"image\":{\"@type\":\"ImageObject\",\"url\":\"https:\\\/\\\/allasorias.hu\\\/hirek\\\/wp-content\\\/uploads\\\/2025\\\/05\\\/fogyasztas-beruhazas.jpg\",\"width\":1920,\"height\":1307,\"caption\":\"Kiemelt figyelmet ford\\u00edtanak a munkaer\\u0151piacra - Allasorias.hu\\\/Hirek\"},\"datePublished\":\"2025-05-15T11:35:28+02:00\",\"dateModified\":\"2025-05-15T11:35:28+02:00\",\"inLanguage\":\"hu-HU\",\"mainEntityOfPage\":{\"@id\":\"https:\\\/\\\/allasorias.hu\\\/hirek\\\/kiemelt-figyelmet-forditanak-a-munkaeropiacra\\\/#webpage\"},\"isPartOf\":{\"@id\":\"https:\\\/\\\/allasorias.hu\\\/hirek\\\/kiemelt-figyelmet-forditanak-a-munkaeropiacra\\\/#webpage\"},\"articleSection\":\"Munkaer\\u0151piac\"},{\"@type\":\"BreadcrumbList\",\"@id\":\"https:\\\/\\\/allasorias.hu\\\/hirek\\\/kiemelt-figyelmet-forditanak-a-munkaeropiacra\\\/#breadcrumblist\",\"itemListElement\":[{\"@type\":\"ListItem\",\"@id\":\"https:\\\/\\\/allasorias.hu\\\/hirek#listItem\",\"position\":1,\"name\":\"Home\",\"item\":\"https:\\\/\\\/allasorias.hu\\\/hirek\",\"nextItem\":{\"@type\":\"ListItem\",\"@id\":\"https:\\\/\\\/allasorias.hu\\\/hirek\\\/temak\\\/munkaeropiac\\\/#listItem\",\"name\":\"Munkaer\\u0151piac\"}},{\"@type\":\"ListItem\",\"@id\":\"https:\\\/\\\/allasorias.hu\\\/hirek\\\/temak\\\/munkaeropiac\\\/#listItem\",\"position\":2,\"name\":\"Munkaer\\u0151piac\",\"item\":\"https:\\\/\\\/allasorias.hu\\\/hirek\\\/temak\\\/munkaeropiac\\\/\",\"nextItem\":{\"@type\":\"ListItem\",\"@id\":\"https:\\\/\\\/allasorias.hu\\\/hirek\\\/kiemelt-figyelmet-forditanak-a-munkaeropiacra\\\/#listItem\",\"name\":\"Kiemelt figyelmet ford\\u00edtanak a munkaer\\u0151piacra\"},\"previousItem\":{\"@type\":\"ListItem\",\"@id\":\"https:\\\/\\\/allasorias.hu\\\/hirek#listItem\",\"name\":\"Home\"}},{\"@type\":\"ListItem\",\"@id\":\"https:\\\/\\\/allasorias.hu\\\/hirek\\\/kiemelt-figyelmet-forditanak-a-munkaeropiacra\\\/#listItem\",\"position\":3,\"name\":\"Kiemelt figyelmet ford\\u00edtanak a munkaer\\u0151piacra\",\"previousItem\":{\"@type\":\"ListItem\",\"@id\":\"https:\\\/\\\/allasorias.hu\\\/hirek\\\/temak\\\/munkaeropiac\\\/#listItem\",\"name\":\"Munkaer\\u0151piac\"}}]},{\"@type\":\"Organization\",\"@id\":\"https:\\\/\\\/allasorias.hu\\\/hirek\\\/#organization\",\"name\":\"AllasOrias.hu | H\\u00edrek-lapszemle\",\"description\":\"\\u00dczleti h\\u00edrek az \\u00e1ll\\u00e1s \\u00e9s a munka vil\\u00e1g\\u00e1b\\u00f3l\",\"url\":\"https:\\\/\\\/allasorias.hu\\\/hirek\\\/\",\"logo\":{\"@type\":\"ImageObject\",\"url\":\"https:\\\/\\\/allasorias.hu\\\/hirek\\\/wp-content\\\/uploads\\\/2022\\\/10\\\/allasorias_site_facebok_logo.png\",\"@id\":\"https:\\\/\\\/allasorias.hu\\\/hirek\\\/kiemelt-figyelmet-forditanak-a-munkaeropiacra\\\/#organizationLogo\"},\"image\":{\"@id\":\"https:\\\/\\\/allasorias.hu\\\/hirek\\\/kiemelt-figyelmet-forditanak-a-munkaeropiacra\\\/#organizationLogo\"},\"sameAs\":[\"https:\\\/\\\/www.facebook.com\\\/allasorias\",\"https:\\\/\\\/www.linkedin.com\\\/company\\\/allasorias\"]},{\"@type\":\"Person\",\"@id\":\"https:\\\/\\\/allasorias.hu\\\/hirek\\\/author\\\/admin-allasorias\\\/#author\",\"url\":\"https:\\\/\\\/allasorias.hu\\\/hirek\\\/author\\\/admin-allasorias\\\/\",\"name\":\"Juh\\u00e1sz P\\u00e9ter\",\"image\":{\"@type\":\"ImageObject\",\"@id\":\"https:\\\/\\\/allasorias.hu\\\/hirek\\\/kiemelt-figyelmet-forditanak-a-munkaeropiacra\\\/#authorImage\",\"url\":\"https:\\\/\\\/secure.gravatar.com\\\/avatar\\\/36e6bcb83148978b992977cb0f54d22feb0cce8a0a849a9410532bb2623ba4c6?s=96&d=mm&r=g\",\"width\":96,\"height\":96,\"caption\":\"Juh\\u00e1sz P\\u00e9ter\"}},{\"@type\":\"WebPage\",\"@id\":\"https:\\\/\\\/allasorias.hu\\\/hirek\\\/kiemelt-figyelmet-forditanak-a-munkaeropiacra\\\/#webpage\",\"url\":\"https:\\\/\\\/allasorias.hu\\\/hirek\\\/kiemelt-figyelmet-forditanak-a-munkaeropiacra\\\/\",\"name\":\"Kiemelt figyelem ir\\u00e1nyul a munkaer\\u0151piacra\",\"description\":\"A munkaer\\u0151piacra kiemelt figyelmet ford\\u00edtana a korm\\u00e1ny gazdas\\u00e1gpolitik\\u00e1j\\u00e1ban, r\\u00f6vidt\\u00e1von a fogyaszt\\u00e1st, hossz\\u00fat\\u00e1von a beruh\\u00e1z\\u00e1sokat szeretn\\u00e9k n\\u00f6velni.\",\"inLanguage\":\"hu-HU\",\"isPartOf\":{\"@id\":\"https:\\\/\\\/allasorias.hu\\\/hirek\\\/#website\"},\"breadcrumb\":{\"@id\":\"https:\\\/\\\/allasorias.hu\\\/hirek\\\/kiemelt-figyelmet-forditanak-a-munkaeropiacra\\\/#breadcrumblist\"},\"author\":{\"@id\":\"https:\\\/\\\/allasorias.hu\\\/hirek\\\/author\\\/admin-allasorias\\\/#author\"},\"creator\":{\"@id\":\"https:\\\/\\\/allasorias.hu\\\/hirek\\\/author\\\/admin-allasorias\\\/#author\"},\"image\":{\"@type\":\"ImageObject\",\"url\":\"https:\\\/\\\/allasorias.hu\\\/hirek\\\/wp-content\\\/uploads\\\/2025\\\/05\\\/fogyasztas-beruhazas.jpg\",\"@id\":\"https:\\\/\\\/allasorias.hu\\\/hirek\\\/kiemelt-figyelmet-forditanak-a-munkaeropiacra\\\/#mainImage\",\"width\":1920,\"height\":1307,\"caption\":\"Kiemelt figyelmet ford\\u00edtanak a munkaer\\u0151piacra - Allasorias.hu\\\/Hirek\"},\"primaryImageOfPage\":{\"@id\":\"https:\\\/\\\/allasorias.hu\\\/hirek\\\/kiemelt-figyelmet-forditanak-a-munkaeropiacra\\\/#mainImage\"},\"datePublished\":\"2025-05-15T11:35:28+02:00\",\"dateModified\":\"2025-05-15T11:35:28+02:00\"},{\"@type\":\"WebSite\",\"@id\":\"https:\\\/\\\/allasorias.hu\\\/hirek\\\/#website\",\"url\":\"https:\\\/\\\/allasorias.hu\\\/hirek\\\/\",\"name\":\"AllasOrias.hu | H\\u00edrek-lapszemle\",\"description\":\"\\u00dczleti h\\u00edrek az \\u00e1ll\\u00e1s \\u00e9s a munka vil\\u00e1g\\u00e1b\\u00f3l\",\"inLanguage\":\"hu-HU\",\"publisher\":{\"@id\":\"https:\\\/\\\/allasorias.hu\\\/hirek\\\/#organization\"}}]}\n\t\t<\/script>\n\t\t<!-- All in One SEO -->\n\n","aioseo_head_json":{"title":"Kiemelt figyelem ir\u00e1nyul a munkaer\u0151piacra","description":"A munkaer\u0151piacra kiemelt figyelmet ford\u00edtana a korm\u00e1ny gazdas\u00e1gpolitik\u00e1j\u00e1ban, r\u00f6vidt\u00e1von a fogyaszt\u00e1st, hossz\u00fat\u00e1von a beruh\u00e1z\u00e1sokat szeretn\u00e9k n\u00f6velni.","canonical_url":"https:\/\/allasorias.hu\/hirek\/kiemelt-figyelmet-forditanak-a-munkaeropiacra\/","robots":"max-image-preview:large","keywords":"","webmasterTools":{"miscellaneous":""},"schema":{"@context":"https:\/\/schema.org","@graph":[{"@type":"Article","@id":"https:\/\/allasorias.hu\/hirek\/kiemelt-figyelmet-forditanak-a-munkaeropiacra\/#article","name":"Kiemelt figyelem ir\u00e1nyul a munkaer\u0151piacra","headline":"Kiemelt figyelmet ford\u00edtanak a munkaer\u0151piacra","author":{"@id":"https:\/\/allasorias.hu\/hirek\/author\/admin-allasorias\/#author"},"publisher":{"@id":"https:\/\/allasorias.hu\/hirek\/#organization"},"image":{"@type":"ImageObject","url":"https:\/\/allasorias.hu\/hirek\/wp-content\/uploads\/2025\/05\/fogyasztas-beruhazas.jpg","width":1920,"height":1307,"caption":"Kiemelt figyelmet ford\u00edtanak a munkaer\u0151piacra - Allasorias.hu\/Hirek"},"datePublished":"2025-05-15T11:35:28+02:00","dateModified":"2025-05-15T11:35:28+02:00","inLanguage":"hu-HU","mainEntityOfPage":{"@id":"https:\/\/allasorias.hu\/hirek\/kiemelt-figyelmet-forditanak-a-munkaeropiacra\/#webpage"},"isPartOf":{"@id":"https:\/\/allasorias.hu\/hirek\/kiemelt-figyelmet-forditanak-a-munkaeropiacra\/#webpage"},"articleSection":"Munkaer\u0151piac"},{"@type":"BreadcrumbList","@id":"https:\/\/allasorias.hu\/hirek\/kiemelt-figyelmet-forditanak-a-munkaeropiacra\/#breadcrumblist","itemListElement":[{"@type":"ListItem","@id":"https:\/\/allasorias.hu\/hirek#listItem","position":1,"name":"Home","item":"https:\/\/allasorias.hu\/hirek","nextItem":{"@type":"ListItem","@id":"https:\/\/allasorias.hu\/hirek\/temak\/munkaeropiac\/#listItem","name":"Munkaer\u0151piac"}},{"@type":"ListItem","@id":"https:\/\/allasorias.hu\/hirek\/temak\/munkaeropiac\/#listItem","position":2,"name":"Munkaer\u0151piac","item":"https:\/\/allasorias.hu\/hirek\/temak\/munkaeropiac\/","nextItem":{"@type":"ListItem","@id":"https:\/\/allasorias.hu\/hirek\/kiemelt-figyelmet-forditanak-a-munkaeropiacra\/#listItem","name":"Kiemelt figyelmet ford\u00edtanak a munkaer\u0151piacra"},"previousItem":{"@type":"ListItem","@id":"https:\/\/allasorias.hu\/hirek#listItem","name":"Home"}},{"@type":"ListItem","@id":"https:\/\/allasorias.hu\/hirek\/kiemelt-figyelmet-forditanak-a-munkaeropiacra\/#listItem","position":3,"name":"Kiemelt figyelmet ford\u00edtanak a munkaer\u0151piacra","previousItem":{"@type":"ListItem","@id":"https:\/\/allasorias.hu\/hirek\/temak\/munkaeropiac\/#listItem","name":"Munkaer\u0151piac"}}]},{"@type":"Organization","@id":"https:\/\/allasorias.hu\/hirek\/#organization","name":"AllasOrias.hu | H\u00edrek-lapszemle","description":"\u00dczleti h\u00edrek az \u00e1ll\u00e1s \u00e9s a munka vil\u00e1g\u00e1b\u00f3l","url":"https:\/\/allasorias.hu\/hirek\/","logo":{"@type":"ImageObject","url":"https:\/\/allasorias.hu\/hirek\/wp-content\/uploads\/2022\/10\/allasorias_site_facebok_logo.png","@id":"https:\/\/allasorias.hu\/hirek\/kiemelt-figyelmet-forditanak-a-munkaeropiacra\/#organizationLogo"},"image":{"@id":"https:\/\/allasorias.hu\/hirek\/kiemelt-figyelmet-forditanak-a-munkaeropiacra\/#organizationLogo"},"sameAs":["https:\/\/www.facebook.com\/allasorias","https:\/\/www.linkedin.com\/company\/allasorias"]},{"@type":"Person","@id":"https:\/\/allasorias.hu\/hirek\/author\/admin-allasorias\/#author","url":"https:\/\/allasorias.hu\/hirek\/author\/admin-allasorias\/","name":"Juh\u00e1sz P\u00e9ter","image":{"@type":"ImageObject","@id":"https:\/\/allasorias.hu\/hirek\/kiemelt-figyelmet-forditanak-a-munkaeropiacra\/#authorImage","url":"https:\/\/secure.gravatar.com\/avatar\/36e6bcb83148978b992977cb0f54d22feb0cce8a0a849a9410532bb2623ba4c6?s=96&d=mm&r=g","width":96,"height":96,"caption":"Juh\u00e1sz P\u00e9ter"}},{"@type":"WebPage","@id":"https:\/\/allasorias.hu\/hirek\/kiemelt-figyelmet-forditanak-a-munkaeropiacra\/#webpage","url":"https:\/\/allasorias.hu\/hirek\/kiemelt-figyelmet-forditanak-a-munkaeropiacra\/","name":"Kiemelt figyelem ir\u00e1nyul a munkaer\u0151piacra","description":"A munkaer\u0151piacra kiemelt figyelmet ford\u00edtana a korm\u00e1ny gazdas\u00e1gpolitik\u00e1j\u00e1ban, r\u00f6vidt\u00e1von a fogyaszt\u00e1st, hossz\u00fat\u00e1von a beruh\u00e1z\u00e1sokat szeretn\u00e9k n\u00f6velni.","inLanguage":"hu-HU","isPartOf":{"@id":"https:\/\/allasorias.hu\/hirek\/#website"},"breadcrumb":{"@id":"https:\/\/allasorias.hu\/hirek\/kiemelt-figyelmet-forditanak-a-munkaeropiacra\/#breadcrumblist"},"author":{"@id":"https:\/\/allasorias.hu\/hirek\/author\/admin-allasorias\/#author"},"creator":{"@id":"https:\/\/allasorias.hu\/hirek\/author\/admin-allasorias\/#author"},"image":{"@type":"ImageObject","url":"https:\/\/allasorias.hu\/hirek\/wp-content\/uploads\/2025\/05\/fogyasztas-beruhazas.jpg","@id":"https:\/\/allasorias.hu\/hirek\/kiemelt-figyelmet-forditanak-a-munkaeropiacra\/#mainImage","width":1920,"height":1307,"caption":"Kiemelt figyelmet ford\u00edtanak a munkaer\u0151piacra - Allasorias.hu\/Hirek"},"primaryImageOfPage":{"@id":"https:\/\/allasorias.hu\/hirek\/kiemelt-figyelmet-forditanak-a-munkaeropiacra\/#mainImage"},"datePublished":"2025-05-15T11:35:28+02:00","dateModified":"2025-05-15T11:35:28+02:00"},{"@type":"WebSite","@id":"https:\/\/allasorias.hu\/hirek\/#website","url":"https:\/\/allasorias.hu\/hirek\/","name":"AllasOrias.hu | H\u00edrek-lapszemle","description":"\u00dczleti h\u00edrek az \u00e1ll\u00e1s \u00e9s a munka vil\u00e1g\u00e1b\u00f3l","inLanguage":"hu-HU","publisher":{"@id":"https:\/\/allasorias.hu\/hirek\/#organization"}}]},"og:locale":"hu_HU","og:site_name":"AllasOrias.hu | H\u00edrek-lapszemle | \u00dczleti h\u00edrek az \u00e1ll\u00e1s \u00e9s a munka vil\u00e1g\u00e1b\u00f3l","og:type":"article","og:title":"Kiemelt figyelem ir\u00e1nyul a munkaer\u0151piacra","og:description":"A munkaer\u0151piacra kiemelt figyelmet ford\u00edtana a korm\u00e1ny gazdas\u00e1gpolitik\u00e1j\u00e1ban, r\u00f6vidt\u00e1von a fogyaszt\u00e1st, hossz\u00fat\u00e1von a beruh\u00e1z\u00e1sokat szeretn\u00e9k n\u00f6velni.","og:url":"https:\/\/allasorias.hu\/hirek\/kiemelt-figyelmet-forditanak-a-munkaeropiacra\/","og:image":"https:\/\/allasorias.hu\/hirek\/wp-content\/uploads\/2025\/05\/fogyasztas-beruhazas.jpg","og:image:secure_url":"https:\/\/allasorias.hu\/hirek\/wp-content\/uploads\/2025\/05\/fogyasztas-beruhazas.jpg","og:image:width":1920,"og:image:height":1307,"article:published_time":"2025-05-15T09:35:28+00:00","article:modified_time":"2025-05-15T09:35:28+00:00","article:publisher":"https:\/\/www.facebook.com\/allasorias","twitter:card":"summary_large_image","twitter:title":"Kiemelt figyelem ir\u00e1nyul a munkaer\u0151piacra","twitter:description":"A munkaer\u0151piacra kiemelt figyelmet ford\u00edtana a korm\u00e1ny gazdas\u00e1gpolitik\u00e1j\u00e1ban, r\u00f6vidt\u00e1von a fogyaszt\u00e1st, hossz\u00fat\u00e1von a beruh\u00e1z\u00e1sokat szeretn\u00e9k n\u00f6velni.","twitter:image":"https:\/\/allasorias.hu\/hirek\/wp-content\/uploads\/2025\/05\/fogyasztas-beruhazas.jpg","twitter:label1":"Written by","twitter:data1":"Juh\u00e1sz P\u00e9ter","twitter:label2":"Est. reading time","twitter:data2":"3 minutes"},"aioseo_meta_data":{"post_id":"8459","title":"Kiemelt figyelem ir\u00e1nyul a munkaer\u0151piacra","description":"A munkaer\u0151piacra kiemelt figyelmet ford\u00edtana a korm\u00e1ny gazdas\u00e1gpolitik\u00e1j\u00e1ban, r\u00f6vidt\u00e1von a fogyaszt\u00e1st, hossz\u00fat\u00e1von a beruh\u00e1z\u00e1sokat szeretn\u00e9k n\u00f6velni.","keywords":null,"keyphrases":{"focus":{"keyphrase":"","score":0,"analysis":{"keyphraseInTitle":{"score":0,"maxScore":9,"error":1}}},"additional":[]},"primary_term":null,"canonical_url":null,"og_title":null,"og_description":null,"og_object_type":"default","og_image_type":"default","og_image_url":null,"og_image_width":null,"og_image_height":null,"og_image_custom_url":null,"og_image_custom_fields":null,"og_video":"","og_custom_url":null,"og_article_section":null,"og_article_tags":null,"twitter_use_og":true,"twitter_card":"default","twitter_image_type":"default","twitter_image_url":null,"twitter_image_custom_url":null,"twitter_image_custom_fields":null,"twitter_title":null,"twitter_description":null,"schema":{"blockGraphs":[],"customGraphs":[],"default":{"data":{"Article":[],"Course":[],"Dataset":[],"FAQPage":[],"Movie":[],"Person":[],"Product":[],"ProductReview":[],"Car":[],"Recipe":[],"Service":[],"SoftwareApplication":[],"WebPage":[]},"graphName":"Article","isEnabled":true},"graphs":[]},"schema_type":"default","schema_type_options":null,"pillar_content":false,"robots_default":true,"robots_noindex":false,"robots_noarchive":false,"robots_nosnippet":false,"robots_nofollow":false,"robots_noimageindex":false,"robots_noodp":false,"robots_notranslate":false,"robots_max_snippet":"-1","robots_max_videopreview":"-1","robots_max_imagepreview":"large","priority":null,"frequency":"default","location":null,"local_seo":null,"breadcrumb_settings":null,"limit_modified_date":false,"ai":null,"created":"2025-05-15 08:39:44","updated":"2025-10-02 21:13:22","seo_analyzer_scan_date":null,"focus_keyword":null,"additional_keywords":null,"truseo_locale":null},"aioseo_breadcrumb":"<div class=\"aioseo-breadcrumbs\"><span class=\"aioseo-breadcrumb\">\n\t\t\t<a href=\"https:\/\/allasorias.hu\/hirek\" title=\"Home\">Home<\/a>\n\t\t<\/span><span class=\"aioseo-breadcrumb-separator\">&raquo;<\/span><span class=\"aioseo-breadcrumb\">\n\t\t\t<a href=\"https:\/\/allasorias.hu\/hirek\/temak\/munkaeropiac\/\" title=\"Munkaer\u0151piac\">Munkaer\u0151piac<\/a>\n\t\t<\/span><span class=\"aioseo-breadcrumb-separator\">&raquo;<\/span><span class=\"aioseo-breadcrumb\">\n\t\t\tKiemelt figyelmet ford\u00edtanak a munkaer\u0151piacra\n\t\t<\/span><\/div>","aioseo_breadcrumb_json":[{"label":"Home","link":"https:\/\/allasorias.hu\/hirek"},{"label":"Munkaer\u0151piac","link":"https:\/\/allasorias.hu\/hirek\/temak\/munkaeropiac\/"},{"label":"Kiemelt figyelmet ford\u00edtanak a munkaer\u0151piacra","link":"https:\/\/allasorias.hu\/hirek\/kiemelt-figyelmet-forditanak-a-munkaeropiacra\/"}],"_links":{"self":[{"href":"https:\/\/allasorias.hu\/hirek\/wp-json\/wp\/v2\/posts\/8459","targetHints":{"allow":["GET"]}}],"collection":[{"href":"https:\/\/allasorias.hu\/hirek\/wp-json\/wp\/v2\/posts"}],"about":[{"href":"https:\/\/allasorias.hu\/hirek\/wp-json\/wp\/v2\/types\/post"}],"author":[{"embeddable":true,"href":"https:\/\/allasorias.hu\/hirek\/wp-json\/wp\/v2\/users\/1"}],"replies":[{"embeddable":true,"href":"https:\/\/allasorias.hu\/hirek\/wp-json\/wp\/v2\/comments?post=8459"}],"version-history":[{"count":1,"href":"https:\/\/allasorias.hu\/hirek\/wp-json\/wp\/v2\/posts\/8459\/revisions"}],"predecessor-version":[{"id":8463,"href":"https:\/\/allasorias.hu\/hirek\/wp-json\/wp\/v2\/posts\/8459\/revisions\/8463"}],"wp:featuredmedia":[{"embeddable":true,"href":"https:\/\/allasorias.hu\/hirek\/wp-json\/wp\/v2\/media\/8462"}],"wp:attachment":[{"href":"https:\/\/allasorias.hu\/hirek\/wp-json\/wp\/v2\/media?parent=8459"}],"wp:term":[{"taxonomy":"category","embeddable":true,"href":"https:\/\/allasorias.hu\/hirek\/wp-json\/wp\/v2\/categories?post=8459"},{"taxonomy":"post_tag","embeddable":true,"href":"https:\/\/allasorias.hu\/hirek\/wp-json\/wp\/v2\/tags?post=8459"}],"curies":[{"name":"wp","href":"https:\/\/api.w.org\/{rel}","templated":true}]}}