{"id":8456,"date":"2025-05-14T10:23:46","date_gmt":"2025-05-14T08:23:46","guid":{"rendered":"https:\/\/allasorias.hu\/hirek\/?p=8456"},"modified":"2025-05-14T10:23:46","modified_gmt":"2025-05-14T08:23:46","slug":"koran-kell-kezdeni-az-oktatast-a-mesterseges-intelligenciarol","status":"publish","type":"post","link":"https:\/\/allasorias.hu\/hirek\/koran-kell-kezdeni-az-oktatast-a-mesterseges-intelligenciarol\/","title":{"rendered":"Kor\u00e1n kell kezdeni az oktat\u00e1st a mesters\u00e9ges intelligenci\u00e1r\u00f3l"},"content":{"rendered":"<p><strong>Nem el\u00e9g kor\u00e1n tan\u00edtani a mesters\u00e9ges intelligenci\u00e1t. B\u00e1r sokan tartanak t\u0151le, de ez ismeret hi\u00e1ny\u00e1b\u00f3l fakad. Elengedhetetlen\u00fcl fontos az oktat\u00e1s fejleszt\u00e9se ezen a ter\u00fcleten.<\/strong><\/p>\n<p>Az oktat\u00e1s a mesters\u00e9ges intelligencia strat\u00e9gia egyik legfontosabb alappill\u00e9re &#8211; hangs\u00falyozta Palkovics L\u00e1szl\u00f3 mesters\u00e9ges intelligenci\u00e1\u00e9rt felel\u0151s korm\u00e1nybiztos az E\u00f6tv\u00f6s Lor\u00e1nd Tudom\u00e1nyegyetemmel (ELTE) val\u00f3 egy\u00fcttm\u0171k\u00f6d\u00e9si meg\u00e1llapod\u00e1s\u00e1nak al\u00e1\u00edr\u00e1s\u00e1n Budapesten. A korm\u00e1nybiztos \u00fagy fogalmazott: a mesters\u00e9ges intelligenci\u00e1t\u00f3l val\u00f3 f\u00e9lelmet, tart\u00e1st f\u0151k\u00e9nt az okozza, hogy nem vagyunk minden inform\u00e1ci\u00f3 birtok\u00e1ban. Ez\u00e9rt fontos az MI-technol\u00f3gi\u00e1val kapcsolatos oktat\u00e1s fejleszt\u00e9se m\u00e1r az \u00f3vod\u00e1t\u00f3l kezdve \u2013 hangs\u00falyozta.<\/p>\n<h2>Egy\u00fcttm\u0171k\u00f6d\u00e9s az ELTE-vel<\/h2>\n<p>Palkovics L\u00e1szl\u00f3 k\u00f6z\u00f6lte: az MI fejleszt\u00e9se, t\u00e1rsadalmi, gazdas\u00e1gi hasznos\u00edt\u00e1sa \u00e9rdek\u00e9ben fel\u00fclvizsg\u00e1lj\u00e1k \u00e9s \u00e1talak\u00edtj\u00e1k a korm\u00e1ny \u00e1ltal 2020-ban l\u00e9trehozott mesters\u00e9ges intelligencia strat\u00e9gi\u00e1t. Ehhez a korm\u00e1nynak partnerekre is sz\u00fcks\u00e9ge van &#8211; folytatta, megjegyezve: az ELTE kiv\u00e1l\u00f3 partner, mert Magyarorsz\u00e1g legnagyobb, \u00e9s egyben egyetlen \u00e1llami egyeteme. Az int\u00e9zm\u00e9ny kiemelten sz\u00e9lesk\u00f6r\u0171 multidiszciplin\u00e1ris kompetenci\u00e1kkal rendelkezik az MI-technol\u00f3gia \u00e9s ipar ter\u00fclet\u00e9n, mag\u00e1ba foglalva a t\u00e1rsadalom, jog- \u00e9s b\u00f6lcs\u00e9szettudom\u00e1nyi, valamint informatikai \u00e9s term\u00e9szettudom\u00e1nyi ter\u00fcleteket, tov\u00e1bb\u00e1 a pedag\u00f3gusk\u00e9pz\u00e9s valamennyi szintj\u00e9t &#8211; magyar\u00e1zta.<\/p>\n<p>Az egy\u00fcttm\u0171k\u00f6d\u00e9s c\u00e9lja az emberk\u00f6zpont\u00fa MI megval\u00f3s\u00edt\u00e1s\u00e1nak el\u0151seg\u00edt\u00e9se, annak t\u00e1rsadalmi hasznosul\u00e1s\u00e1ban val\u00f3 k\u00f6zrem\u0171k\u00f6d\u00e9s, hogy a jelenleg zajl\u00f3 MI-forradalom az emberek haszn\u00e1ra v\u00e1ljon \u00e9s elker\u00fclhet\u0151ek legyenek annak kih\u00edv\u00e1sai, tov\u00e1bb\u00e1 egy olyan megb\u00edzhat\u00f3 \u00e9s etikus technol\u00f3gia kifejleszt\u00e9s\u00e9ben val\u00f3 k\u00f6zrem\u0171k\u00f6d\u00e9s, amely kiterjeszti az emberi k\u00e9pess\u00e9geket \u2013 k\u00f6z\u00f6lte a korm\u00e1nybiztos, aki kiemelt feladatnak nevezte a mesters\u00e9ges intelligenci\u00e1val kapcsolatos jogi k\u00e9rd\u00e9sek tiszt\u00e1z\u00e1s\u00e1t. Hozz\u00e1tette, az Eur\u00f3pai Uni\u00f3 AI Act elnevez\u00e9s\u0171 jogszab\u00e1lycsomagja n\u00e9h\u00e1ny dolgot m\u00e1r rendezett, de sok m\u00e9g a feladat, p\u00e9ld\u00e1ul a felel\u0151ss\u00e9gi k\u00e9rd\u00e9sek tiszt\u00e1z\u00e1sa ter\u00e9n.<\/p>\n<h2>Fontos etikai k\u00e9rd\u00e9sek<\/h2>\n<p>Palkovics L\u00e1szl\u00f3 kiemelte az MI technol\u00f3gi\u00e1val kapcsolatos etikai k\u00e9rd\u00e9seket is, megjegyezve: az MI felel\u0151s haszn\u00e1lat\u00e1val kapcsolatban a b\u00f6lcs\u00e9szettudom\u00e1nyi szakter\u00fclet tud a legt\u00f6bbet seg\u00edteni. Dar\u00e1zs L\u00e9n\u00e1rd, az ELTE kinevezett, \u00faj rektora, Palkovics L\u00e1szl\u00f3 mesters\u00e9ges intelligenci\u00e1\u00e9rt felel\u0151s korm\u00e1nybiztos \u00e9s Borhy L\u00e1szl\u00f3, az ELTE rektora\u00a0 az E\u00f6tv\u00f6s Lor\u00e1nd Tudom\u00e1nyegyetemmel (ELTE) k\u00f6t\u00f6tt, a mesters\u00e9ges intelligenci\u00e1val kapcsolatos oktat\u00e1s fejleszt\u00e9s\u00e9t c\u00e9lz\u00f3 egy\u00fcttm\u0171k\u00f6d\u00e9si meg\u00e1llapod\u00e1s al\u00e1\u00edr\u00e1s\u00e1n az Energia\u00fcgyi Miniszt\u00e9riumban. Borhy L\u00e1szl\u00f3, az ELTE rektora elmondta: \u00e9vek \u00f3ta foglalkoznak a mesters\u00e9ges intelligenci\u00e1val, \u00e9s nagy megtiszteltet\u00e9s, hogy az egyetem a korm\u00e1ny els\u0151 partnerek\u00e9nt aj\u00e1nlhatja fel a kompetenci\u00e1it. R\u00e1mutatott: az MI nem helyettes\u00edtheti a tudom\u00e1nyos felfedez\u00e9s \u00f6r\u00f6m\u00e9t, de \u00f3ri\u00e1si lehet\u0151s\u00e9geket \u00e9s nagy t\u00e1vlatokat nyit valamennyi tudom\u00e1ny\u00e1gban.<\/p>\n<p>P\u00e9ldak\u00e9nt megjegyezte: j\u00f6v\u0151 h\u00e9ten egy nemzetk\u00f6zi r\u00e9g\u00e9szeti konferenci\u00e1t szerveznek, ahol m\u00e1r a megnyit\u00f3 el\u0151ad\u00e1sokban sz\u00f3 lesz a mesters\u00e9ges intelligencia alkalmazhat\u00f3s\u00e1g\u00e1r\u00f3l. Borhy L\u00e1szl\u00f3 elmondta, az ELTE foglalkozik MI-n alapul\u00f3 m\u00f3dszerekkel egyebek k\u00f6z\u00f6tt a b\u00f6lcs\u00e9szkaron, a term\u00e9szettudom\u00e1nyi \u00e9s az informatikai karon is. Hangs\u00falyozta, a korm\u00e1nnyal val\u00f3 egy\u00fcttm\u0171k\u00f6d\u00e9sben akt\u00edv partnerk\u00e9nt fognak dolgozni.<\/p>\n<p>Dar\u00e1zs L\u00e9n\u00e1rd, az ELTE kinevezett, \u00faj rektora azt mondta: \u00faj fejezet kezd\u0151dik a mesters\u00e9ge intelligencia fejleszt\u00e9s\u00e9ben, hiszen m\u00e1r azt hat\u00e1rozz\u00e1k meg, hogyan lehet az MI-t a gyakorlatban alkalmazni, \u00e9s hat\u00e9konyan a t\u00e1rsadalom szolg\u00e1lat\u00e1ba \u00e1ll\u00edtani. A rektor a digit\u00e1lis oktat\u00e1s fontoss\u00e1g\u00e1t hangs\u00falyozva \u00fagy fogalmazott: v\u00e9get \u00e9rt a r\u00e9gi oktat\u00e1si m\u00f3dszerek ideje, m\u00e1s skillekre van sz\u00fcks\u00e9g, megv\u00e1ltoztak a munkaer\u0151piaci elv\u00e1r\u00e1sok is. Kit\u00e9rt arra is, hogy a kultur\u00e1lis \u00f6r\u00f6ks\u00e9g digitaliz\u00e1ci\u00f3j\u00e1ban m\u00e1r komoly l\u00e9p\u00e9seket tettek, ugyanakkor az adatgazdas\u00e1g, adatvagyon kezel\u00e9se ter\u00fclet\u00e9n vannak lemarad\u00e1sok.<\/p>\n<p>Forr\u00e1s: <a href=\"https:\/\/www.hrportal.hu\/hr\/ujrairjak-az-mi-strategiat-mar-ovodatol-tanitani-kell-a-mesterseges-intelligenciat-20250513.html\" target=\"_blank\" rel=\"nofollow noopener noreferrer\">hrportal.hu<\/a><\/p>\n","protected":false},"excerpt":{"rendered":"<p>Nem el\u00e9g kor\u00e1n tan\u00edtani a mesters\u00e9ges intelligenci\u00e1t. B\u00e1r sokan tartanak t\u0151le, de ez ismeret hi\u00e1ny\u00e1b\u00f3l fakad. Elengedhetetlen\u00fcl fontos az oktat\u00e1s fejleszt\u00e9se ezen a ter\u00fcleten. Az oktat\u00e1s a mesters\u00e9ges intelligencia strat\u00e9gia egyik legfontosabb alappill\u00e9re &#8211; hangs\u00falyozta Palkovics L\u00e1szl\u00f3 mesters\u00e9ges intelligenci\u00e1\u00e9rt felel\u0151s korm\u00e1nybiztos az E\u00f6tv\u00f6s Lor\u00e1nd Tudom\u00e1nyegyetemmel (ELTE) val\u00f3 egy\u00fcttm\u0171k\u00f6d\u00e9si meg\u00e1llapod\u00e1s\u00e1nak al\u00e1\u00edr\u00e1s\u00e1n Budapesten. A korm\u00e1nybiztos \u00fagy fogalmazott: [&hellip;]<\/p>\n","protected":false},"author":1,"featured_media":8457,"comment_status":"closed","ping_status":"closed","sticky":false,"template":"","format":"standard","meta":{"_monsterinsights_skip_tracking":false,"footnotes":""},"categories":[200],"tags":[264],"class_list":["post-8456","post","type-post","status-publish","format-standard","has-post-thumbnail","hentry","category-munkaeropiac","tag-mesterseges-intelligencia"],"aioseo_notices":[],"aioseo_head":"\n\t\t<!-- All in One SEO 5.0.0.1 - aioseo.com -->\n\t<meta name=\"description\" content=\"Nem el\u00e9g kor\u00e1n tan\u00edtani a mesters\u00e9ges intelligenci\u00e1t. B\u00e1r sokan tartanak t\u0151le, de ez ismeret hi\u00e1ny\u00e1b\u00f3l fakad.\" \/>\n\t<meta name=\"robots\" content=\"max-image-preview:large\" \/>\n\t<meta name=\"author\" content=\"Juh\u00e1sz P\u00e9ter\"\/>\n\t<meta name=\"keywords\" content=\"mesters\u00e9ges intelligencia\" \/>\n\t<link rel=\"canonical\" href=\"https:\/\/allasorias.hu\/hirek\/koran-kell-kezdeni-az-oktatast-a-mesterseges-intelligenciarol\/\" \/>\n\t<meta name=\"generator\" content=\"All in One SEO (AIOSEO) 5.0.0.1\" \/>\n\t\t<meta property=\"og:locale\" content=\"hu_HU\" \/>\n\t\t<meta property=\"og:site_name\" content=\"AllasOrias.hu | H\u00edrek-lapszemle | \u00dczleti h\u00edrek az \u00e1ll\u00e1s \u00e9s a munka vil\u00e1g\u00e1b\u00f3l\" \/>\n\t\t<meta property=\"og:type\" content=\"article\" \/>\n\t\t<meta property=\"og:title\" content=\"A mesters\u00e9ges intelligencia oktat\u00e1s\u00e1t id\u0151ben el kell kezdeni\" \/>\n\t\t<meta property=\"og:description\" content=\"Nem el\u00e9g kor\u00e1n tan\u00edtani a mesters\u00e9ges intelligenci\u00e1t. B\u00e1r sokan tartanak t\u0151le, de ez ismeret hi\u00e1ny\u00e1b\u00f3l fakad.\" \/>\n\t\t<meta property=\"og:url\" content=\"https:\/\/allasorias.hu\/hirek\/koran-kell-kezdeni-az-oktatast-a-mesterseges-intelligenciarol\/\" \/>\n\t\t<meta property=\"og:image\" content=\"https:\/\/allasorias.hu\/hirek\/wp-content\/uploads\/2025\/05\/mesterseges-intelligencia-oktatasa.jpg\" \/>\n\t\t<meta property=\"og:image:secure_url\" content=\"https:\/\/allasorias.hu\/hirek\/wp-content\/uploads\/2025\/05\/mesterseges-intelligencia-oktatasa.jpg\" \/>\n\t\t<meta property=\"og:image:width\" content=\"1920\" \/>\n\t\t<meta property=\"og:image:height\" content=\"1314\" \/>\n\t\t<meta property=\"article:published_time\" content=\"2025-05-14T08:23:46+00:00\" \/>\n\t\t<meta property=\"article:modified_time\" content=\"2025-05-14T08:23:46+00:00\" \/>\n\t\t<meta property=\"article:publisher\" content=\"https:\/\/www.facebook.com\/allasorias\" \/>\n\t\t<meta name=\"twitter:card\" content=\"summary_large_image\" \/>\n\t\t<meta name=\"twitter:title\" content=\"A mesters\u00e9ges intelligencia oktat\u00e1s\u00e1t id\u0151ben el kell kezdeni\" \/>\n\t\t<meta name=\"twitter:description\" content=\"Nem el\u00e9g kor\u00e1n tan\u00edtani a mesters\u00e9ges intelligenci\u00e1t. B\u00e1r sokan tartanak t\u0151le, de ez ismeret hi\u00e1ny\u00e1b\u00f3l fakad.\" \/>\n\t\t<meta name=\"twitter:image\" content=\"https:\/\/allasorias.hu\/hirek\/wp-content\/uploads\/2025\/05\/mesterseges-intelligencia-oktatasa.jpg\" \/>\n\t\t<meta name=\"twitter:label1\" content=\"Written by\" \/>\n\t\t<meta name=\"twitter:data1\" content=\"Juh\u00e1sz P\u00e9ter\" \/>\n\t\t<meta name=\"twitter:label2\" content=\"Est. reading time\" \/>\n\t\t<meta name=\"twitter:data2\" content=\"4 minutes\" \/>\n\t\t<script type=\"application\/ld+json\" class=\"aioseo-schema\">\n\t\t\t{\"@context\":\"https:\\\/\\\/schema.org\",\"@graph\":[{\"@type\":\"Article\",\"@id\":\"https:\\\/\\\/allasorias.hu\\\/hirek\\\/koran-kell-kezdeni-az-oktatast-a-mesterseges-intelligenciarol\\\/#article\",\"name\":\"A mesters\\u00e9ges intelligencia oktat\\u00e1s\\u00e1t id\\u0151ben el kell kezdeni\",\"headline\":\"Kor\\u00e1n kell kezdeni az oktat\\u00e1st a mesters\\u00e9ges intelligenci\\u00e1r\\u00f3l\",\"author\":{\"@id\":\"https:\\\/\\\/allasorias.hu\\\/hirek\\\/author\\\/admin-allasorias\\\/#author\"},\"publisher\":{\"@id\":\"https:\\\/\\\/allasorias.hu\\\/hirek\\\/#organization\"},\"image\":{\"@type\":\"ImageObject\",\"url\":\"https:\\\/\\\/allasorias.hu\\\/hirek\\\/wp-content\\\/uploads\\\/2025\\\/05\\\/mesterseges-intelligencia-oktatasa.jpg\",\"width\":1920,\"height\":1314,\"caption\":\"Kor\\u00e1n kell kezdeni az oktat\\u00e1st a mesters\\u00e9ges intelligenci\\u00e1r\\u00f3l - Allasorias.hu\\\/Hirek\"},\"datePublished\":\"2025-05-14T10:23:46+02:00\",\"dateModified\":\"2025-05-14T10:23:46+02:00\",\"inLanguage\":\"hu-HU\",\"mainEntityOfPage\":{\"@id\":\"https:\\\/\\\/allasorias.hu\\\/hirek\\\/koran-kell-kezdeni-az-oktatast-a-mesterseges-intelligenciarol\\\/#webpage\"},\"isPartOf\":{\"@id\":\"https:\\\/\\\/allasorias.hu\\\/hirek\\\/koran-kell-kezdeni-az-oktatast-a-mesterseges-intelligenciarol\\\/#webpage\"},\"articleSection\":\"Munkaer\\u0151piac, mesters\\u00e9ges intelligencia\"},{\"@type\":\"BreadcrumbList\",\"@id\":\"https:\\\/\\\/allasorias.hu\\\/hirek\\\/koran-kell-kezdeni-az-oktatast-a-mesterseges-intelligenciarol\\\/#breadcrumblist\",\"itemListElement\":[{\"@type\":\"ListItem\",\"@id\":\"https:\\\/\\\/allasorias.hu\\\/hirek#listItem\",\"position\":1,\"name\":\"Home\",\"item\":\"https:\\\/\\\/allasorias.hu\\\/hirek\",\"nextItem\":{\"@type\":\"ListItem\",\"@id\":\"https:\\\/\\\/allasorias.hu\\\/hirek\\\/temak\\\/munkaeropiac\\\/#listItem\",\"name\":\"Munkaer\\u0151piac\"}},{\"@type\":\"ListItem\",\"@id\":\"https:\\\/\\\/allasorias.hu\\\/hirek\\\/temak\\\/munkaeropiac\\\/#listItem\",\"position\":2,\"name\":\"Munkaer\\u0151piac\",\"item\":\"https:\\\/\\\/allasorias.hu\\\/hirek\\\/temak\\\/munkaeropiac\\\/\",\"nextItem\":{\"@type\":\"ListItem\",\"@id\":\"https:\\\/\\\/allasorias.hu\\\/hirek\\\/koran-kell-kezdeni-az-oktatast-a-mesterseges-intelligenciarol\\\/#listItem\",\"name\":\"Kor\\u00e1n kell kezdeni az oktat\\u00e1st a mesters\\u00e9ges intelligenci\\u00e1r\\u00f3l\"},\"previousItem\":{\"@type\":\"ListItem\",\"@id\":\"https:\\\/\\\/allasorias.hu\\\/hirek#listItem\",\"name\":\"Home\"}},{\"@type\":\"ListItem\",\"@id\":\"https:\\\/\\\/allasorias.hu\\\/hirek\\\/koran-kell-kezdeni-az-oktatast-a-mesterseges-intelligenciarol\\\/#listItem\",\"position\":3,\"name\":\"Kor\\u00e1n kell kezdeni az oktat\\u00e1st a mesters\\u00e9ges intelligenci\\u00e1r\\u00f3l\",\"previousItem\":{\"@type\":\"ListItem\",\"@id\":\"https:\\\/\\\/allasorias.hu\\\/hirek\\\/temak\\\/munkaeropiac\\\/#listItem\",\"name\":\"Munkaer\\u0151piac\"}}]},{\"@type\":\"Organization\",\"@id\":\"https:\\\/\\\/allasorias.hu\\\/hirek\\\/#organization\",\"name\":\"AllasOrias.hu | H\\u00edrek-lapszemle\",\"description\":\"\\u00dczleti h\\u00edrek az \\u00e1ll\\u00e1s \\u00e9s a munka vil\\u00e1g\\u00e1b\\u00f3l\",\"url\":\"https:\\\/\\\/allasorias.hu\\\/hirek\\\/\",\"logo\":{\"@type\":\"ImageObject\",\"url\":\"https:\\\/\\\/allasorias.hu\\\/hirek\\\/wp-content\\\/uploads\\\/2022\\\/10\\\/allasorias_site_facebok_logo.png\",\"@id\":\"https:\\\/\\\/allasorias.hu\\\/hirek\\\/koran-kell-kezdeni-az-oktatast-a-mesterseges-intelligenciarol\\\/#organizationLogo\"},\"image\":{\"@id\":\"https:\\\/\\\/allasorias.hu\\\/hirek\\\/koran-kell-kezdeni-az-oktatast-a-mesterseges-intelligenciarol\\\/#organizationLogo\"},\"sameAs\":[\"https:\\\/\\\/www.facebook.com\\\/allasorias\",\"https:\\\/\\\/www.linkedin.com\\\/company\\\/allasorias\"]},{\"@type\":\"Person\",\"@id\":\"https:\\\/\\\/allasorias.hu\\\/hirek\\\/author\\\/admin-allasorias\\\/#author\",\"url\":\"https:\\\/\\\/allasorias.hu\\\/hirek\\\/author\\\/admin-allasorias\\\/\",\"name\":\"Juh\\u00e1sz P\\u00e9ter\",\"image\":{\"@type\":\"ImageObject\",\"@id\":\"https:\\\/\\\/allasorias.hu\\\/hirek\\\/koran-kell-kezdeni-az-oktatast-a-mesterseges-intelligenciarol\\\/#authorImage\",\"url\":\"https:\\\/\\\/secure.gravatar.com\\\/avatar\\\/36e6bcb83148978b992977cb0f54d22feb0cce8a0a849a9410532bb2623ba4c6?s=96&d=mm&r=g\",\"width\":96,\"height\":96,\"caption\":\"Juh\\u00e1sz P\\u00e9ter\"}},{\"@type\":\"WebPage\",\"@id\":\"https:\\\/\\\/allasorias.hu\\\/hirek\\\/koran-kell-kezdeni-az-oktatast-a-mesterseges-intelligenciarol\\\/#webpage\",\"url\":\"https:\\\/\\\/allasorias.hu\\\/hirek\\\/koran-kell-kezdeni-az-oktatast-a-mesterseges-intelligenciarol\\\/\",\"name\":\"A mesters\\u00e9ges intelligencia oktat\\u00e1s\\u00e1t id\\u0151ben el kell kezdeni\",\"description\":\"Nem el\\u00e9g kor\\u00e1n tan\\u00edtani a mesters\\u00e9ges intelligenci\\u00e1t. B\\u00e1r sokan tartanak t\\u0151le, de ez ismeret hi\\u00e1ny\\u00e1b\\u00f3l fakad.\",\"inLanguage\":\"hu-HU\",\"isPartOf\":{\"@id\":\"https:\\\/\\\/allasorias.hu\\\/hirek\\\/#website\"},\"breadcrumb\":{\"@id\":\"https:\\\/\\\/allasorias.hu\\\/hirek\\\/koran-kell-kezdeni-az-oktatast-a-mesterseges-intelligenciarol\\\/#breadcrumblist\"},\"author\":{\"@id\":\"https:\\\/\\\/allasorias.hu\\\/hirek\\\/author\\\/admin-allasorias\\\/#author\"},\"creator\":{\"@id\":\"https:\\\/\\\/allasorias.hu\\\/hirek\\\/author\\\/admin-allasorias\\\/#author\"},\"image\":{\"@type\":\"ImageObject\",\"url\":\"https:\\\/\\\/allasorias.hu\\\/hirek\\\/wp-content\\\/uploads\\\/2025\\\/05\\\/mesterseges-intelligencia-oktatasa.jpg\",\"@id\":\"https:\\\/\\\/allasorias.hu\\\/hirek\\\/koran-kell-kezdeni-az-oktatast-a-mesterseges-intelligenciarol\\\/#mainImage\",\"width\":1920,\"height\":1314,\"caption\":\"Kor\\u00e1n kell kezdeni az oktat\\u00e1st a mesters\\u00e9ges intelligenci\\u00e1r\\u00f3l - Allasorias.hu\\\/Hirek\"},\"primaryImageOfPage\":{\"@id\":\"https:\\\/\\\/allasorias.hu\\\/hirek\\\/koran-kell-kezdeni-az-oktatast-a-mesterseges-intelligenciarol\\\/#mainImage\"},\"datePublished\":\"2025-05-14T10:23:46+02:00\",\"dateModified\":\"2025-05-14T10:23:46+02:00\"},{\"@type\":\"WebSite\",\"@id\":\"https:\\\/\\\/allasorias.hu\\\/hirek\\\/#website\",\"url\":\"https:\\\/\\\/allasorias.hu\\\/hirek\\\/\",\"name\":\"AllasOrias.hu | H\\u00edrek-lapszemle\",\"description\":\"\\u00dczleti h\\u00edrek az \\u00e1ll\\u00e1s \\u00e9s a munka vil\\u00e1g\\u00e1b\\u00f3l\",\"inLanguage\":\"hu-HU\",\"publisher\":{\"@id\":\"https:\\\/\\\/allasorias.hu\\\/hirek\\\/#organization\"}}]}\n\t\t<\/script>\n\t\t<!-- All in One SEO -->\n\n","aioseo_head_json":{"title":"A mesters\u00e9ges intelligencia oktat\u00e1s\u00e1t id\u0151ben el kell kezdeni","description":"Nem el\u00e9g kor\u00e1n tan\u00edtani a mesters\u00e9ges intelligenci\u00e1t. B\u00e1r sokan tartanak t\u0151le, de ez ismeret hi\u00e1ny\u00e1b\u00f3l fakad.","canonical_url":"https:\/\/allasorias.hu\/hirek\/koran-kell-kezdeni-az-oktatast-a-mesterseges-intelligenciarol\/","robots":"max-image-preview:large","keywords":"mesters\u00e9ges intelligencia","webmasterTools":{"miscellaneous":""},"schema":{"@context":"https:\/\/schema.org","@graph":[{"@type":"Article","@id":"https:\/\/allasorias.hu\/hirek\/koran-kell-kezdeni-az-oktatast-a-mesterseges-intelligenciarol\/#article","name":"A mesters\u00e9ges intelligencia oktat\u00e1s\u00e1t id\u0151ben el kell kezdeni","headline":"Kor\u00e1n kell kezdeni az oktat\u00e1st a mesters\u00e9ges intelligenci\u00e1r\u00f3l","author":{"@id":"https:\/\/allasorias.hu\/hirek\/author\/admin-allasorias\/#author"},"publisher":{"@id":"https:\/\/allasorias.hu\/hirek\/#organization"},"image":{"@type":"ImageObject","url":"https:\/\/allasorias.hu\/hirek\/wp-content\/uploads\/2025\/05\/mesterseges-intelligencia-oktatasa.jpg","width":1920,"height":1314,"caption":"Kor\u00e1n kell kezdeni az oktat\u00e1st a mesters\u00e9ges intelligenci\u00e1r\u00f3l - Allasorias.hu\/Hirek"},"datePublished":"2025-05-14T10:23:46+02:00","dateModified":"2025-05-14T10:23:46+02:00","inLanguage":"hu-HU","mainEntityOfPage":{"@id":"https:\/\/allasorias.hu\/hirek\/koran-kell-kezdeni-az-oktatast-a-mesterseges-intelligenciarol\/#webpage"},"isPartOf":{"@id":"https:\/\/allasorias.hu\/hirek\/koran-kell-kezdeni-az-oktatast-a-mesterseges-intelligenciarol\/#webpage"},"articleSection":"Munkaer\u0151piac, mesters\u00e9ges intelligencia"},{"@type":"BreadcrumbList","@id":"https:\/\/allasorias.hu\/hirek\/koran-kell-kezdeni-az-oktatast-a-mesterseges-intelligenciarol\/#breadcrumblist","itemListElement":[{"@type":"ListItem","@id":"https:\/\/allasorias.hu\/hirek#listItem","position":1,"name":"Home","item":"https:\/\/allasorias.hu\/hirek","nextItem":{"@type":"ListItem","@id":"https:\/\/allasorias.hu\/hirek\/temak\/munkaeropiac\/#listItem","name":"Munkaer\u0151piac"}},{"@type":"ListItem","@id":"https:\/\/allasorias.hu\/hirek\/temak\/munkaeropiac\/#listItem","position":2,"name":"Munkaer\u0151piac","item":"https:\/\/allasorias.hu\/hirek\/temak\/munkaeropiac\/","nextItem":{"@type":"ListItem","@id":"https:\/\/allasorias.hu\/hirek\/koran-kell-kezdeni-az-oktatast-a-mesterseges-intelligenciarol\/#listItem","name":"Kor\u00e1n kell kezdeni az oktat\u00e1st a mesters\u00e9ges intelligenci\u00e1r\u00f3l"},"previousItem":{"@type":"ListItem","@id":"https:\/\/allasorias.hu\/hirek#listItem","name":"Home"}},{"@type":"ListItem","@id":"https:\/\/allasorias.hu\/hirek\/koran-kell-kezdeni-az-oktatast-a-mesterseges-intelligenciarol\/#listItem","position":3,"name":"Kor\u00e1n kell kezdeni az oktat\u00e1st a mesters\u00e9ges intelligenci\u00e1r\u00f3l","previousItem":{"@type":"ListItem","@id":"https:\/\/allasorias.hu\/hirek\/temak\/munkaeropiac\/#listItem","name":"Munkaer\u0151piac"}}]},{"@type":"Organization","@id":"https:\/\/allasorias.hu\/hirek\/#organization","name":"AllasOrias.hu | H\u00edrek-lapszemle","description":"\u00dczleti h\u00edrek az \u00e1ll\u00e1s \u00e9s a munka vil\u00e1g\u00e1b\u00f3l","url":"https:\/\/allasorias.hu\/hirek\/","logo":{"@type":"ImageObject","url":"https:\/\/allasorias.hu\/hirek\/wp-content\/uploads\/2022\/10\/allasorias_site_facebok_logo.png","@id":"https:\/\/allasorias.hu\/hirek\/koran-kell-kezdeni-az-oktatast-a-mesterseges-intelligenciarol\/#organizationLogo"},"image":{"@id":"https:\/\/allasorias.hu\/hirek\/koran-kell-kezdeni-az-oktatast-a-mesterseges-intelligenciarol\/#organizationLogo"},"sameAs":["https:\/\/www.facebook.com\/allasorias","https:\/\/www.linkedin.com\/company\/allasorias"]},{"@type":"Person","@id":"https:\/\/allasorias.hu\/hirek\/author\/admin-allasorias\/#author","url":"https:\/\/allasorias.hu\/hirek\/author\/admin-allasorias\/","name":"Juh\u00e1sz P\u00e9ter","image":{"@type":"ImageObject","@id":"https:\/\/allasorias.hu\/hirek\/koran-kell-kezdeni-az-oktatast-a-mesterseges-intelligenciarol\/#authorImage","url":"https:\/\/secure.gravatar.com\/avatar\/36e6bcb83148978b992977cb0f54d22feb0cce8a0a849a9410532bb2623ba4c6?s=96&d=mm&r=g","width":96,"height":96,"caption":"Juh\u00e1sz P\u00e9ter"}},{"@type":"WebPage","@id":"https:\/\/allasorias.hu\/hirek\/koran-kell-kezdeni-az-oktatast-a-mesterseges-intelligenciarol\/#webpage","url":"https:\/\/allasorias.hu\/hirek\/koran-kell-kezdeni-az-oktatast-a-mesterseges-intelligenciarol\/","name":"A mesters\u00e9ges intelligencia oktat\u00e1s\u00e1t id\u0151ben el kell kezdeni","description":"Nem el\u00e9g kor\u00e1n tan\u00edtani a mesters\u00e9ges intelligenci\u00e1t. B\u00e1r sokan tartanak t\u0151le, de ez ismeret hi\u00e1ny\u00e1b\u00f3l fakad.","inLanguage":"hu-HU","isPartOf":{"@id":"https:\/\/allasorias.hu\/hirek\/#website"},"breadcrumb":{"@id":"https:\/\/allasorias.hu\/hirek\/koran-kell-kezdeni-az-oktatast-a-mesterseges-intelligenciarol\/#breadcrumblist"},"author":{"@id":"https:\/\/allasorias.hu\/hirek\/author\/admin-allasorias\/#author"},"creator":{"@id":"https:\/\/allasorias.hu\/hirek\/author\/admin-allasorias\/#author"},"image":{"@type":"ImageObject","url":"https:\/\/allasorias.hu\/hirek\/wp-content\/uploads\/2025\/05\/mesterseges-intelligencia-oktatasa.jpg","@id":"https:\/\/allasorias.hu\/hirek\/koran-kell-kezdeni-az-oktatast-a-mesterseges-intelligenciarol\/#mainImage","width":1920,"height":1314,"caption":"Kor\u00e1n kell kezdeni az oktat\u00e1st a mesters\u00e9ges intelligenci\u00e1r\u00f3l - Allasorias.hu\/Hirek"},"primaryImageOfPage":{"@id":"https:\/\/allasorias.hu\/hirek\/koran-kell-kezdeni-az-oktatast-a-mesterseges-intelligenciarol\/#mainImage"},"datePublished":"2025-05-14T10:23:46+02:00","dateModified":"2025-05-14T10:23:46+02:00"},{"@type":"WebSite","@id":"https:\/\/allasorias.hu\/hirek\/#website","url":"https:\/\/allasorias.hu\/hirek\/","name":"AllasOrias.hu | H\u00edrek-lapszemle","description":"\u00dczleti h\u00edrek az \u00e1ll\u00e1s \u00e9s a munka vil\u00e1g\u00e1b\u00f3l","inLanguage":"hu-HU","publisher":{"@id":"https:\/\/allasorias.hu\/hirek\/#organization"}}]},"og:locale":"hu_HU","og:site_name":"AllasOrias.hu | H\u00edrek-lapszemle | \u00dczleti h\u00edrek az \u00e1ll\u00e1s \u00e9s a munka vil\u00e1g\u00e1b\u00f3l","og:type":"article","og:title":"A mesters\u00e9ges intelligencia oktat\u00e1s\u00e1t id\u0151ben el kell kezdeni","og:description":"Nem el\u00e9g kor\u00e1n tan\u00edtani a mesters\u00e9ges intelligenci\u00e1t. B\u00e1r sokan tartanak t\u0151le, de ez ismeret hi\u00e1ny\u00e1b\u00f3l fakad.","og:url":"https:\/\/allasorias.hu\/hirek\/koran-kell-kezdeni-az-oktatast-a-mesterseges-intelligenciarol\/","og:image":"https:\/\/allasorias.hu\/hirek\/wp-content\/uploads\/2025\/05\/mesterseges-intelligencia-oktatasa.jpg","og:image:secure_url":"https:\/\/allasorias.hu\/hirek\/wp-content\/uploads\/2025\/05\/mesterseges-intelligencia-oktatasa.jpg","og:image:width":1920,"og:image:height":1314,"article:published_time":"2025-05-14T08:23:46+00:00","article:modified_time":"2025-05-14T08:23:46+00:00","article:publisher":"https:\/\/www.facebook.com\/allasorias","twitter:card":"summary_large_image","twitter:title":"A mesters\u00e9ges intelligencia oktat\u00e1s\u00e1t id\u0151ben el kell kezdeni","twitter:description":"Nem el\u00e9g kor\u00e1n tan\u00edtani a mesters\u00e9ges intelligenci\u00e1t. B\u00e1r sokan tartanak t\u0151le, de ez ismeret hi\u00e1ny\u00e1b\u00f3l fakad.","twitter:image":"https:\/\/allasorias.hu\/hirek\/wp-content\/uploads\/2025\/05\/mesterseges-intelligencia-oktatasa.jpg","twitter:label1":"Written by","twitter:data1":"Juh\u00e1sz P\u00e9ter","twitter:label2":"Est. reading time","twitter:data2":"4 minutes"},"aioseo_meta_data":{"post_id":"8456","title":"A mesters\u00e9ges intelligencia oktat\u00e1s\u00e1t id\u0151ben el kell kezdeni","description":"Nem el\u00e9g kor\u00e1n tan\u00edtani a mesters\u00e9ges intelligenci\u00e1t. B\u00e1r sokan tartanak t\u0151le, de ez ismeret hi\u00e1ny\u00e1b\u00f3l fakad.","keywords":null,"keyphrases":{"focus":{"keyphrase":"","score":0,"analysis":{"keyphraseInTitle":{"score":0,"maxScore":9,"error":1}}},"additional":[]},"primary_term":null,"canonical_url":null,"og_title":null,"og_description":null,"og_object_type":"default","og_image_type":"default","og_image_url":null,"og_image_width":null,"og_image_height":null,"og_image_custom_url":null,"og_image_custom_fields":null,"og_video":"","og_custom_url":null,"og_article_section":null,"og_article_tags":null,"twitter_use_og":true,"twitter_card":"default","twitter_image_type":"default","twitter_image_url":null,"twitter_image_custom_url":null,"twitter_image_custom_fields":null,"twitter_title":null,"twitter_description":null,"schema":{"blockGraphs":[],"customGraphs":[],"default":{"data":{"Article":[],"Course":[],"Dataset":[],"FAQPage":[],"Movie":[],"Person":[],"Product":[],"ProductReview":[],"Car":[],"Recipe":[],"Service":[],"SoftwareApplication":[],"WebPage":[]},"graphName":"Article","isEnabled":true},"graphs":[]},"schema_type":"default","schema_type_options":null,"pillar_content":false,"robots_default":true,"robots_noindex":false,"robots_noarchive":false,"robots_nosnippet":false,"robots_nofollow":false,"robots_noimageindex":false,"robots_noodp":false,"robots_notranslate":false,"robots_max_snippet":"-1","robots_max_videopreview":"-1","robots_max_imagepreview":"large","priority":null,"frequency":"default","location":null,"local_seo":null,"breadcrumb_settings":null,"limit_modified_date":false,"ai":null,"created":"2025-05-14 07:27:03","updated":"2025-10-02 21:13:22","seo_analyzer_scan_date":null,"focus_keyword":null,"additional_keywords":null,"truseo_locale":null},"aioseo_breadcrumb":"<div class=\"aioseo-breadcrumbs\"><span class=\"aioseo-breadcrumb\">\n\t\t\t<a href=\"https:\/\/allasorias.hu\/hirek\" title=\"Home\">Home<\/a>\n\t\t<\/span><span class=\"aioseo-breadcrumb-separator\">&raquo;<\/span><span class=\"aioseo-breadcrumb\">\n\t\t\t<a href=\"https:\/\/allasorias.hu\/hirek\/temak\/munkaeropiac\/\" title=\"Munkaer\u0151piac\">Munkaer\u0151piac<\/a>\n\t\t<\/span><span class=\"aioseo-breadcrumb-separator\">&raquo;<\/span><span class=\"aioseo-breadcrumb\">\n\t\t\tKor\u00e1n kell kezdeni az oktat\u00e1st a mesters\u00e9ges intelligenci\u00e1r\u00f3l\n\t\t<\/span><\/div>","aioseo_breadcrumb_json":[{"label":"Home","link":"https:\/\/allasorias.hu\/hirek"},{"label":"Munkaer\u0151piac","link":"https:\/\/allasorias.hu\/hirek\/temak\/munkaeropiac\/"},{"label":"Kor\u00e1n kell kezdeni az oktat\u00e1st a mesters\u00e9ges intelligenci\u00e1r\u00f3l","link":"https:\/\/allasorias.hu\/hirek\/koran-kell-kezdeni-az-oktatast-a-mesterseges-intelligenciarol\/"}],"_links":{"self":[{"href":"https:\/\/allasorias.hu\/hirek\/wp-json\/wp\/v2\/posts\/8456","targetHints":{"allow":["GET"]}}],"collection":[{"href":"https:\/\/allasorias.hu\/hirek\/wp-json\/wp\/v2\/posts"}],"about":[{"href":"https:\/\/allasorias.hu\/hirek\/wp-json\/wp\/v2\/types\/post"}],"author":[{"embeddable":true,"href":"https:\/\/allasorias.hu\/hirek\/wp-json\/wp\/v2\/users\/1"}],"replies":[{"embeddable":true,"href":"https:\/\/allasorias.hu\/hirek\/wp-json\/wp\/v2\/comments?post=8456"}],"version-history":[{"count":1,"href":"https:\/\/allasorias.hu\/hirek\/wp-json\/wp\/v2\/posts\/8456\/revisions"}],"predecessor-version":[{"id":8458,"href":"https:\/\/allasorias.hu\/hirek\/wp-json\/wp\/v2\/posts\/8456\/revisions\/8458"}],"wp:featuredmedia":[{"embeddable":true,"href":"https:\/\/allasorias.hu\/hirek\/wp-json\/wp\/v2\/media\/8457"}],"wp:attachment":[{"href":"https:\/\/allasorias.hu\/hirek\/wp-json\/wp\/v2\/media?parent=8456"}],"wp:term":[{"taxonomy":"category","embeddable":true,"href":"https:\/\/allasorias.hu\/hirek\/wp-json\/wp\/v2\/categories?post=8456"},{"taxonomy":"post_tag","embeddable":true,"href":"https:\/\/allasorias.hu\/hirek\/wp-json\/wp\/v2\/tags?post=8456"}],"curies":[{"name":"wp","href":"https:\/\/api.w.org\/{rel}","templated":true}]}}