{"id":8449,"date":"2025-05-12T10:39:31","date_gmt":"2025-05-12T08:39:31","guid":{"rendered":"https:\/\/allasorias.hu\/hirek\/?p=8449"},"modified":"2025-05-12T10:39:31","modified_gmt":"2025-05-12T08:39:31","slug":"a-legtobb-engedelyt-az-indiai-szakemberek-kaptak","status":"publish","type":"post","link":"https:\/\/allasorias.hu\/hirek\/a-legtobb-engedelyt-az-indiai-szakemberek-kaptak\/","title":{"rendered":"A legt\u00f6bb enged\u00e9lyt az indiai szakemberek kapt\u00e1k"},"content":{"rendered":"<p><strong>Haz\u00e1nkban adt\u00e1k ki a legkevesebb EU k\u00e9k k\u00e1rty\u00e1t k\u00fclf\u00f6ldi szakembereknek. Ebben a tekintetben N\u00e9metorsz\u00e1g vezeti a ranglist\u00e1t.<\/strong><\/p>\n<p>2023-ban az Eur\u00f3pai Uni\u00f3 jelent\u0151sen n\u00f6velte a magasan k\u00e9pzett, nem EU-s \u00e1llampolg\u00e1rok sz\u00e1m\u00e1ra kiadott munkav\u00e1llal\u00e1si \u00e9s tart\u00f3zkod\u00e1si enged\u00e9lyek sz\u00e1m\u00e1t. Az EU K\u00e9k K\u00e1rty\u00e1b\u00f3l k\u00f6zel 89 ezret bocs\u00e1tottak ki, els\u0151sorban indiai szakembereknek. N\u00e9metorsz\u00e1g domin\u00e1l a kiad\u00e1sban, m\u00edg a kutat\u00f3i \u00e9s di\u00e1kv\u00edzumok is emelkedtek &#8211; adta h\u00edr\u00fcl a legfrissebb sz\u00e1mokat az Eurostat. 2023-ban az Eur\u00f3pai Uni\u00f3 \u00f6sszesen 89 000 \u00fagynevezett EU K\u00e9k K\u00e1rty\u00e1t bocs\u00e1tott ki, amelyeket magasan k\u00e9pzett munkav\u00e1llal\u00f3knak adnak ki.<\/p>\n<p>Az EU K\u00e9k K\u00e1rtya egy k\u00fcl\u00f6nleges tart\u00f3zkod\u00e1si \u00e9s munkav\u00e1llal\u00e1si enged\u00e9ly, amely lehet\u0151v\u00e9 teszi, hogy nem EU-s \u00e1llampolg\u00e1rs\u00e1g\u00fa szakemberek az EU-ban dolgozzanak. A legt\u00f6bb k\u00e1rty\u00e1t<\/p>\n<ul>\n<li>N\u00e9metorsz\u00e1g adta ki (69 ezer, az \u00f6sszes EU K\u00e9k K\u00e1rtya 78%-a),<\/li>\n<li>ezt k\u00f6vette Lengyelorsz\u00e1g (7 ezer, 8%)<\/li>\n<li>\u00e9s Franciaorsz\u00e1g (4 ezer, 4%).<\/li>\n<\/ul>\n<p>2023-ban<\/p>\n<ul>\n<li>az indiai \u00e1llampolg\u00e1rok kapt\u00e1k a legt\u00f6bb EU K\u00e9k K\u00e1rty\u00e1t (21 ezer, az \u00f6sszes kiadott k\u00e1rtya 24%-a),<\/li>\n<li>ut\u00e1nuk az orosz (9 ezer, 11%),<\/li>\n<li>t\u00f6r\u00f6k (6 ezer, 7%)<\/li>\n<li>\u00e9s feh\u00e9rorosz \u00e1llampolg\u00e1rok (5 ezer, 6%) k\u00f6vetkeztek.<\/li>\n<\/ul>\n<p>Magyarorsz\u00e1gon 2023-ban mind\u00f6ssze 17 EU K\u00e9k K\u00e1rty\u00e1t adtak ki, ami az egyik legalacsonyabb sz\u00e1m az Eur\u00f3pai Uni\u00f3ban.<\/p>\n<p>Ami a tanul\u00e1si \u00e9s kutat\u00e1si c\u00e9l\u00fa enged\u00e9lyeket illeti a nem uni\u00f3s \u00e1llampolg\u00e1rok sz\u00e1m\u00e1ra, az EU-orsz\u00e1gok 2023-ban \u00f6sszesen 451 000 enged\u00e9lyt adtak ki. Ez az adat azt mutatja, hogy az EU tov\u00e1bbra is jelent\u0151s c\u00e9lpontja a nem EU-s di\u00e1koknak \u00e9s kutat\u00f3knak, k\u00fcl\u00f6n\u00f6sen a fels\u0151oktat\u00e1s \u00e9s a tudom\u00e1nyos mobilit\u00e1s ter\u00e9n.<\/p>\n<ul>\n<li>A legt\u00f6bb ilyen enged\u00e9lyt N\u00e9metorsz\u00e1g adta ki (144 000, az \u00f6sszes enged\u00e9ly 32%-a),<\/li>\n<li>majd Franciaorsz\u00e1g (117 000, 26%)<\/li>\n<li>\u00e9s Spanyolorsz\u00e1g (55 000, 12%) k\u00f6vetkezett.<\/li>\n<\/ul>\n<p>A f\u0151 kedvezm\u00e9nyezettek<\/p>\n<ul>\n<li>indiai \u00e1llampolg\u00e1rok voltak (50 000, az \u00f6sszes EU-s enged\u00e9ly 11%-a),<\/li>\n<li>ut\u00e1nuk k\u00ednaiak (47 000, 10%),<\/li>\n<li>marokk\u00f3iak (22 000, 5%)<\/li>\n<li>\u00e9s amerikaiak (21 000, 5%).<\/li>\n<\/ul>\n<p>2023-ban az EU-tag\u00e1llamok \u00f6sszesen 10 800 v\u00e1llalaton bel\u00fcli \u00e1thelyez\u00e9si enged\u00e9lyt adtak ki. Ezek az enged\u00e9lyek lehet\u0151v\u00e9 teszik, hogy nem uni\u00f3s \u00e1llampolg\u00e1rokat egy EU-n k\u00edv\u00fcli v\u00e1llalat \u00e1thelyezzen az EU egyik orsz\u00e1g\u00e1ban m\u0171k\u00f6d\u0151 fi\u00f3ktelep\u00e9re.<\/p>\n<p>A legt\u00f6bb ilyen enged\u00e9lyt<\/p>\n<ul>\n<li>Hollandia adta ki (2 700, az \u00f6sszes enged\u00e9ly 25%-a),<\/li>\n<li>majd N\u00e9metorsz\u00e1g \u00e9s Magyarorsz\u00e1g k\u00f6vetkezett (mindkett\u0151 1 900, 18%),<\/li>\n<li>ezut\u00e1n Franciaorsz\u00e1g (1 500, 14%)<\/li>\n<li>\u00e9s Spanyolorsz\u00e1g (1 100, 10%).<\/li>\n<\/ul>\n<p>(Magyarorsz\u00e1g eset\u00e9ben ez k\u00fcl\u00f6n\u00f6sen figyelemre m\u00e9lt\u00f3, mivel a m\u00e9ret\u00e9hez k\u00e9pest magas az ar\u00e1ny &#8211; a szerk.) A legt\u00f6bb enged\u00e9lyt indiai \u00e1llampolg\u00e1roknak adt\u00e1k ki (3 900, 36%), ut\u00e1nuk k\u00ednaiaknak (1 600, 14%) \u00e9s d\u00e9l-koreaiaknak (1 300, 12%).<\/p>\n<p>Forr\u00e1s: <a href=\"https:\/\/www.hrportal.hu\/hr\/eu-kek-kartya-mely-kulsos-orszag-szakemberei-kaptak-a-legtobb-munkavallalasi-engedelyt-20250511.html\" target=\"_blank\" rel=\"nofollow noopener noreferrer\">hrportal.hu<\/a><\/p>\n","protected":false},"excerpt":{"rendered":"<p>Haz\u00e1nkban adt\u00e1k ki a legkevesebb EU k\u00e9k k\u00e1rty\u00e1t k\u00fclf\u00f6ldi szakembereknek. Ebben a tekintetben N\u00e9metorsz\u00e1g vezeti a ranglist\u00e1t. 2023-ban az Eur\u00f3pai Uni\u00f3 jelent\u0151sen n\u00f6velte a magasan k\u00e9pzett, nem EU-s \u00e1llampolg\u00e1rok sz\u00e1m\u00e1ra kiadott munkav\u00e1llal\u00e1si \u00e9s tart\u00f3zkod\u00e1si enged\u00e9lyek sz\u00e1m\u00e1t. Az EU K\u00e9k K\u00e1rty\u00e1b\u00f3l k\u00f6zel 89 ezret bocs\u00e1tottak ki, els\u0151sorban indiai szakembereknek. N\u00e9metorsz\u00e1g domin\u00e1l a kiad\u00e1sban, m\u00edg a kutat\u00f3i [&hellip;]<\/p>\n","protected":false},"author":1,"featured_media":8450,"comment_status":"closed","ping_status":"closed","sticky":false,"template":"","format":"standard","meta":{"_monsterinsights_skip_tracking":false,"footnotes":""},"categories":[200],"tags":[918],"class_list":["post-8449","post","type-post","status-publish","format-standard","has-post-thumbnail","hentry","category-munkaeropiac","tag-eu-kek-kartya"],"aioseo_notices":[],"aioseo_head":"\n\t\t<!-- All in One SEO 5.0.0.1 - aioseo.com -->\n\t<meta name=\"description\" content=\"Haz\u00e1nkban adt\u00e1k ki a legkevesebb EU k\u00e9k k\u00e1rty\u00e1t k\u00fclf\u00f6ldi szakembereknek. Ebben a tekintetben N\u00e9metorsz\u00e1g vezeti a ranglist\u00e1t.\" \/>\n\t<meta name=\"robots\" content=\"max-image-preview:large\" \/>\n\t<meta name=\"author\" content=\"Juh\u00e1sz P\u00e9ter\"\/>\n\t<meta name=\"keywords\" content=\"eu k\u00e9k k\u00e1rtya\" \/>\n\t<link rel=\"canonical\" href=\"https:\/\/allasorias.hu\/hirek\/a-legtobb-engedelyt-az-indiai-szakemberek-kaptak\/\" \/>\n\t<meta name=\"generator\" content=\"All in One SEO (AIOSEO) 5.0.0.1\" \/>\n\t\t<meta property=\"og:locale\" content=\"hu_HU\" \/>\n\t\t<meta property=\"og:site_name\" content=\"AllasOrias.hu | H\u00edrek-lapszemle | \u00dczleti h\u00edrek az \u00e1ll\u00e1s \u00e9s a munka vil\u00e1g\u00e1b\u00f3l\" \/>\n\t\t<meta property=\"og:type\" content=\"article\" \/>\n\t\t<meta property=\"og:title\" content=\"EU k\u00e9k k\u00e1rtya, tanul\u00e1si \u00e9s kutat\u00e1si c\u00e9l\u00fa enged\u00e9lyek sz\u00e1ma\" \/>\n\t\t<meta property=\"og:description\" content=\"Haz\u00e1nkban adt\u00e1k ki a legkevesebb EU k\u00e9k k\u00e1rty\u00e1t k\u00fclf\u00f6ldi szakembereknek. Ebben a tekintetben N\u00e9metorsz\u00e1g vezeti a ranglist\u00e1t.\" \/>\n\t\t<meta property=\"og:url\" content=\"https:\/\/allasorias.hu\/hirek\/a-legtobb-engedelyt-az-indiai-szakemberek-kaptak\/\" \/>\n\t\t<meta property=\"og:image\" content=\"https:\/\/allasorias.hu\/hirek\/wp-content\/uploads\/2025\/05\/EU-kek-kartya.jpg\" \/>\n\t\t<meta property=\"og:image:secure_url\" content=\"https:\/\/allasorias.hu\/hirek\/wp-content\/uploads\/2025\/05\/EU-kek-kartya.jpg\" \/>\n\t\t<meta property=\"og:image:width\" content=\"1920\" \/>\n\t\t<meta property=\"og:image:height\" content=\"1280\" \/>\n\t\t<meta property=\"article:published_time\" content=\"2025-05-12T08:39:31+00:00\" \/>\n\t\t<meta property=\"article:modified_time\" content=\"2025-05-12T08:39:31+00:00\" \/>\n\t\t<meta property=\"article:publisher\" content=\"https:\/\/www.facebook.com\/allasorias\" \/>\n\t\t<meta name=\"twitter:card\" content=\"summary_large_image\" \/>\n\t\t<meta name=\"twitter:title\" content=\"EU k\u00e9k k\u00e1rtya, tanul\u00e1si \u00e9s kutat\u00e1si c\u00e9l\u00fa enged\u00e9lyek sz\u00e1ma\" \/>\n\t\t<meta name=\"twitter:description\" content=\"Haz\u00e1nkban adt\u00e1k ki a legkevesebb EU k\u00e9k k\u00e1rty\u00e1t k\u00fclf\u00f6ldi szakembereknek. Ebben a tekintetben N\u00e9metorsz\u00e1g vezeti a ranglist\u00e1t.\" \/>\n\t\t<meta name=\"twitter:image\" content=\"https:\/\/allasorias.hu\/hirek\/wp-content\/uploads\/2025\/05\/EU-kek-kartya.jpg\" \/>\n\t\t<meta name=\"twitter:label1\" content=\"Written by\" \/>\n\t\t<meta name=\"twitter:data1\" content=\"Juh\u00e1sz P\u00e9ter\" \/>\n\t\t<meta name=\"twitter:label2\" content=\"Est. reading time\" \/>\n\t\t<meta name=\"twitter:data2\" content=\"3 minutes\" \/>\n\t\t<script type=\"application\/ld+json\" class=\"aioseo-schema\">\n\t\t\t{\"@context\":\"https:\\\/\\\/schema.org\",\"@graph\":[{\"@type\":\"Article\",\"@id\":\"https:\\\/\\\/allasorias.hu\\\/hirek\\\/a-legtobb-engedelyt-az-indiai-szakemberek-kaptak\\\/#article\",\"name\":\"EU k\\u00e9k k\\u00e1rtya, tanul\\u00e1si \\u00e9s kutat\\u00e1si c\\u00e9l\\u00fa enged\\u00e9lyek sz\\u00e1ma\",\"headline\":\"A legt\\u00f6bb enged\\u00e9lyt az indiai szakemberek kapt\\u00e1k\",\"author\":{\"@id\":\"https:\\\/\\\/allasorias.hu\\\/hirek\\\/author\\\/admin-allasorias\\\/#author\"},\"publisher\":{\"@id\":\"https:\\\/\\\/allasorias.hu\\\/hirek\\\/#organization\"},\"image\":{\"@type\":\"ImageObject\",\"url\":\"https:\\\/\\\/allasorias.hu\\\/hirek\\\/wp-content\\\/uploads\\\/2025\\\/05\\\/EU-kek-kartya.jpg\",\"width\":1920,\"height\":1280,\"caption\":\"EU k\\u00e9k k\\u00e1rtya, tanul\\u00e1si \\u00e9s kutat\\u00e1si c\\u00e9l\\u00fa enged\\u00e9lyek sz\\u00e1ma - Allasorias.hu\\\/Hirek\"},\"datePublished\":\"2025-05-12T10:39:31+02:00\",\"dateModified\":\"2025-05-12T10:39:31+02:00\",\"inLanguage\":\"hu-HU\",\"mainEntityOfPage\":{\"@id\":\"https:\\\/\\\/allasorias.hu\\\/hirek\\\/a-legtobb-engedelyt-az-indiai-szakemberek-kaptak\\\/#webpage\"},\"isPartOf\":{\"@id\":\"https:\\\/\\\/allasorias.hu\\\/hirek\\\/a-legtobb-engedelyt-az-indiai-szakemberek-kaptak\\\/#webpage\"},\"articleSection\":\"Munkaer\\u0151piac, EU K\\u00e9k K\\u00e1rtya\"},{\"@type\":\"BreadcrumbList\",\"@id\":\"https:\\\/\\\/allasorias.hu\\\/hirek\\\/a-legtobb-engedelyt-az-indiai-szakemberek-kaptak\\\/#breadcrumblist\",\"itemListElement\":[{\"@type\":\"ListItem\",\"@id\":\"https:\\\/\\\/allasorias.hu\\\/hirek#listItem\",\"position\":1,\"name\":\"Home\",\"item\":\"https:\\\/\\\/allasorias.hu\\\/hirek\",\"nextItem\":{\"@type\":\"ListItem\",\"@id\":\"https:\\\/\\\/allasorias.hu\\\/hirek\\\/temak\\\/munkaeropiac\\\/#listItem\",\"name\":\"Munkaer\\u0151piac\"}},{\"@type\":\"ListItem\",\"@id\":\"https:\\\/\\\/allasorias.hu\\\/hirek\\\/temak\\\/munkaeropiac\\\/#listItem\",\"position\":2,\"name\":\"Munkaer\\u0151piac\",\"item\":\"https:\\\/\\\/allasorias.hu\\\/hirek\\\/temak\\\/munkaeropiac\\\/\",\"nextItem\":{\"@type\":\"ListItem\",\"@id\":\"https:\\\/\\\/allasorias.hu\\\/hirek\\\/a-legtobb-engedelyt-az-indiai-szakemberek-kaptak\\\/#listItem\",\"name\":\"A legt\\u00f6bb enged\\u00e9lyt az indiai szakemberek kapt\\u00e1k\"},\"previousItem\":{\"@type\":\"ListItem\",\"@id\":\"https:\\\/\\\/allasorias.hu\\\/hirek#listItem\",\"name\":\"Home\"}},{\"@type\":\"ListItem\",\"@id\":\"https:\\\/\\\/allasorias.hu\\\/hirek\\\/a-legtobb-engedelyt-az-indiai-szakemberek-kaptak\\\/#listItem\",\"position\":3,\"name\":\"A legt\\u00f6bb enged\\u00e9lyt az indiai szakemberek kapt\\u00e1k\",\"previousItem\":{\"@type\":\"ListItem\",\"@id\":\"https:\\\/\\\/allasorias.hu\\\/hirek\\\/temak\\\/munkaeropiac\\\/#listItem\",\"name\":\"Munkaer\\u0151piac\"}}]},{\"@type\":\"Organization\",\"@id\":\"https:\\\/\\\/allasorias.hu\\\/hirek\\\/#organization\",\"name\":\"AllasOrias.hu | H\\u00edrek-lapszemle\",\"description\":\"\\u00dczleti h\\u00edrek az \\u00e1ll\\u00e1s \\u00e9s a munka vil\\u00e1g\\u00e1b\\u00f3l\",\"url\":\"https:\\\/\\\/allasorias.hu\\\/hirek\\\/\",\"logo\":{\"@type\":\"ImageObject\",\"url\":\"https:\\\/\\\/allasorias.hu\\\/hirek\\\/wp-content\\\/uploads\\\/2022\\\/10\\\/allasorias_site_facebok_logo.png\",\"@id\":\"https:\\\/\\\/allasorias.hu\\\/hirek\\\/a-legtobb-engedelyt-az-indiai-szakemberek-kaptak\\\/#organizationLogo\"},\"image\":{\"@id\":\"https:\\\/\\\/allasorias.hu\\\/hirek\\\/a-legtobb-engedelyt-az-indiai-szakemberek-kaptak\\\/#organizationLogo\"},\"sameAs\":[\"https:\\\/\\\/www.facebook.com\\\/allasorias\",\"https:\\\/\\\/www.linkedin.com\\\/company\\\/allasorias\"]},{\"@type\":\"Person\",\"@id\":\"https:\\\/\\\/allasorias.hu\\\/hirek\\\/author\\\/admin-allasorias\\\/#author\",\"url\":\"https:\\\/\\\/allasorias.hu\\\/hirek\\\/author\\\/admin-allasorias\\\/\",\"name\":\"Juh\\u00e1sz P\\u00e9ter\",\"image\":{\"@type\":\"ImageObject\",\"@id\":\"https:\\\/\\\/allasorias.hu\\\/hirek\\\/a-legtobb-engedelyt-az-indiai-szakemberek-kaptak\\\/#authorImage\",\"url\":\"https:\\\/\\\/secure.gravatar.com\\\/avatar\\\/36e6bcb83148978b992977cb0f54d22feb0cce8a0a849a9410532bb2623ba4c6?s=96&d=mm&r=g\",\"width\":96,\"height\":96,\"caption\":\"Juh\\u00e1sz P\\u00e9ter\"}},{\"@type\":\"WebPage\",\"@id\":\"https:\\\/\\\/allasorias.hu\\\/hirek\\\/a-legtobb-engedelyt-az-indiai-szakemberek-kaptak\\\/#webpage\",\"url\":\"https:\\\/\\\/allasorias.hu\\\/hirek\\\/a-legtobb-engedelyt-az-indiai-szakemberek-kaptak\\\/\",\"name\":\"EU k\\u00e9k k\\u00e1rtya, tanul\\u00e1si \\u00e9s kutat\\u00e1si c\\u00e9l\\u00fa enged\\u00e9lyek sz\\u00e1ma\",\"description\":\"Haz\\u00e1nkban adt\\u00e1k ki a legkevesebb EU k\\u00e9k k\\u00e1rty\\u00e1t k\\u00fclf\\u00f6ldi szakembereknek. Ebben a tekintetben N\\u00e9metorsz\\u00e1g vezeti a ranglist\\u00e1t.\",\"inLanguage\":\"hu-HU\",\"isPartOf\":{\"@id\":\"https:\\\/\\\/allasorias.hu\\\/hirek\\\/#website\"},\"breadcrumb\":{\"@id\":\"https:\\\/\\\/allasorias.hu\\\/hirek\\\/a-legtobb-engedelyt-az-indiai-szakemberek-kaptak\\\/#breadcrumblist\"},\"author\":{\"@id\":\"https:\\\/\\\/allasorias.hu\\\/hirek\\\/author\\\/admin-allasorias\\\/#author\"},\"creator\":{\"@id\":\"https:\\\/\\\/allasorias.hu\\\/hirek\\\/author\\\/admin-allasorias\\\/#author\"},\"image\":{\"@type\":\"ImageObject\",\"url\":\"https:\\\/\\\/allasorias.hu\\\/hirek\\\/wp-content\\\/uploads\\\/2025\\\/05\\\/EU-kek-kartya.jpg\",\"@id\":\"https:\\\/\\\/allasorias.hu\\\/hirek\\\/a-legtobb-engedelyt-az-indiai-szakemberek-kaptak\\\/#mainImage\",\"width\":1920,\"height\":1280,\"caption\":\"EU k\\u00e9k k\\u00e1rtya, tanul\\u00e1si \\u00e9s kutat\\u00e1si c\\u00e9l\\u00fa enged\\u00e9lyek sz\\u00e1ma - Allasorias.hu\\\/Hirek\"},\"primaryImageOfPage\":{\"@id\":\"https:\\\/\\\/allasorias.hu\\\/hirek\\\/a-legtobb-engedelyt-az-indiai-szakemberek-kaptak\\\/#mainImage\"},\"datePublished\":\"2025-05-12T10:39:31+02:00\",\"dateModified\":\"2025-05-12T10:39:31+02:00\"},{\"@type\":\"WebSite\",\"@id\":\"https:\\\/\\\/allasorias.hu\\\/hirek\\\/#website\",\"url\":\"https:\\\/\\\/allasorias.hu\\\/hirek\\\/\",\"name\":\"AllasOrias.hu | H\\u00edrek-lapszemle\",\"description\":\"\\u00dczleti h\\u00edrek az \\u00e1ll\\u00e1s \\u00e9s a munka vil\\u00e1g\\u00e1b\\u00f3l\",\"inLanguage\":\"hu-HU\",\"publisher\":{\"@id\":\"https:\\\/\\\/allasorias.hu\\\/hirek\\\/#organization\"}}]}\n\t\t<\/script>\n\t\t<!-- All in One SEO -->\n\n","aioseo_head_json":{"title":"EU k\u00e9k k\u00e1rtya, tanul\u00e1si \u00e9s kutat\u00e1si c\u00e9l\u00fa enged\u00e9lyek sz\u00e1ma","description":"Haz\u00e1nkban adt\u00e1k ki a legkevesebb EU k\u00e9k k\u00e1rty\u00e1t k\u00fclf\u00f6ldi szakembereknek. Ebben a tekintetben N\u00e9metorsz\u00e1g vezeti a ranglist\u00e1t.","canonical_url":"https:\/\/allasorias.hu\/hirek\/a-legtobb-engedelyt-az-indiai-szakemberek-kaptak\/","robots":"max-image-preview:large","keywords":"eu k\u00e9k k\u00e1rtya","webmasterTools":{"miscellaneous":""},"schema":{"@context":"https:\/\/schema.org","@graph":[{"@type":"Article","@id":"https:\/\/allasorias.hu\/hirek\/a-legtobb-engedelyt-az-indiai-szakemberek-kaptak\/#article","name":"EU k\u00e9k k\u00e1rtya, tanul\u00e1si \u00e9s kutat\u00e1si c\u00e9l\u00fa enged\u00e9lyek sz\u00e1ma","headline":"A legt\u00f6bb enged\u00e9lyt az indiai szakemberek kapt\u00e1k","author":{"@id":"https:\/\/allasorias.hu\/hirek\/author\/admin-allasorias\/#author"},"publisher":{"@id":"https:\/\/allasorias.hu\/hirek\/#organization"},"image":{"@type":"ImageObject","url":"https:\/\/allasorias.hu\/hirek\/wp-content\/uploads\/2025\/05\/EU-kek-kartya.jpg","width":1920,"height":1280,"caption":"EU k\u00e9k k\u00e1rtya, tanul\u00e1si \u00e9s kutat\u00e1si c\u00e9l\u00fa enged\u00e9lyek sz\u00e1ma - Allasorias.hu\/Hirek"},"datePublished":"2025-05-12T10:39:31+02:00","dateModified":"2025-05-12T10:39:31+02:00","inLanguage":"hu-HU","mainEntityOfPage":{"@id":"https:\/\/allasorias.hu\/hirek\/a-legtobb-engedelyt-az-indiai-szakemberek-kaptak\/#webpage"},"isPartOf":{"@id":"https:\/\/allasorias.hu\/hirek\/a-legtobb-engedelyt-az-indiai-szakemberek-kaptak\/#webpage"},"articleSection":"Munkaer\u0151piac, EU K\u00e9k K\u00e1rtya"},{"@type":"BreadcrumbList","@id":"https:\/\/allasorias.hu\/hirek\/a-legtobb-engedelyt-az-indiai-szakemberek-kaptak\/#breadcrumblist","itemListElement":[{"@type":"ListItem","@id":"https:\/\/allasorias.hu\/hirek#listItem","position":1,"name":"Home","item":"https:\/\/allasorias.hu\/hirek","nextItem":{"@type":"ListItem","@id":"https:\/\/allasorias.hu\/hirek\/temak\/munkaeropiac\/#listItem","name":"Munkaer\u0151piac"}},{"@type":"ListItem","@id":"https:\/\/allasorias.hu\/hirek\/temak\/munkaeropiac\/#listItem","position":2,"name":"Munkaer\u0151piac","item":"https:\/\/allasorias.hu\/hirek\/temak\/munkaeropiac\/","nextItem":{"@type":"ListItem","@id":"https:\/\/allasorias.hu\/hirek\/a-legtobb-engedelyt-az-indiai-szakemberek-kaptak\/#listItem","name":"A legt\u00f6bb enged\u00e9lyt az indiai szakemberek kapt\u00e1k"},"previousItem":{"@type":"ListItem","@id":"https:\/\/allasorias.hu\/hirek#listItem","name":"Home"}},{"@type":"ListItem","@id":"https:\/\/allasorias.hu\/hirek\/a-legtobb-engedelyt-az-indiai-szakemberek-kaptak\/#listItem","position":3,"name":"A legt\u00f6bb enged\u00e9lyt az indiai szakemberek kapt\u00e1k","previousItem":{"@type":"ListItem","@id":"https:\/\/allasorias.hu\/hirek\/temak\/munkaeropiac\/#listItem","name":"Munkaer\u0151piac"}}]},{"@type":"Organization","@id":"https:\/\/allasorias.hu\/hirek\/#organization","name":"AllasOrias.hu | H\u00edrek-lapszemle","description":"\u00dczleti h\u00edrek az \u00e1ll\u00e1s \u00e9s a munka vil\u00e1g\u00e1b\u00f3l","url":"https:\/\/allasorias.hu\/hirek\/","logo":{"@type":"ImageObject","url":"https:\/\/allasorias.hu\/hirek\/wp-content\/uploads\/2022\/10\/allasorias_site_facebok_logo.png","@id":"https:\/\/allasorias.hu\/hirek\/a-legtobb-engedelyt-az-indiai-szakemberek-kaptak\/#organizationLogo"},"image":{"@id":"https:\/\/allasorias.hu\/hirek\/a-legtobb-engedelyt-az-indiai-szakemberek-kaptak\/#organizationLogo"},"sameAs":["https:\/\/www.facebook.com\/allasorias","https:\/\/www.linkedin.com\/company\/allasorias"]},{"@type":"Person","@id":"https:\/\/allasorias.hu\/hirek\/author\/admin-allasorias\/#author","url":"https:\/\/allasorias.hu\/hirek\/author\/admin-allasorias\/","name":"Juh\u00e1sz P\u00e9ter","image":{"@type":"ImageObject","@id":"https:\/\/allasorias.hu\/hirek\/a-legtobb-engedelyt-az-indiai-szakemberek-kaptak\/#authorImage","url":"https:\/\/secure.gravatar.com\/avatar\/36e6bcb83148978b992977cb0f54d22feb0cce8a0a849a9410532bb2623ba4c6?s=96&d=mm&r=g","width":96,"height":96,"caption":"Juh\u00e1sz P\u00e9ter"}},{"@type":"WebPage","@id":"https:\/\/allasorias.hu\/hirek\/a-legtobb-engedelyt-az-indiai-szakemberek-kaptak\/#webpage","url":"https:\/\/allasorias.hu\/hirek\/a-legtobb-engedelyt-az-indiai-szakemberek-kaptak\/","name":"EU k\u00e9k k\u00e1rtya, tanul\u00e1si \u00e9s kutat\u00e1si c\u00e9l\u00fa enged\u00e9lyek sz\u00e1ma","description":"Haz\u00e1nkban adt\u00e1k ki a legkevesebb EU k\u00e9k k\u00e1rty\u00e1t k\u00fclf\u00f6ldi szakembereknek. Ebben a tekintetben N\u00e9metorsz\u00e1g vezeti a ranglist\u00e1t.","inLanguage":"hu-HU","isPartOf":{"@id":"https:\/\/allasorias.hu\/hirek\/#website"},"breadcrumb":{"@id":"https:\/\/allasorias.hu\/hirek\/a-legtobb-engedelyt-az-indiai-szakemberek-kaptak\/#breadcrumblist"},"author":{"@id":"https:\/\/allasorias.hu\/hirek\/author\/admin-allasorias\/#author"},"creator":{"@id":"https:\/\/allasorias.hu\/hirek\/author\/admin-allasorias\/#author"},"image":{"@type":"ImageObject","url":"https:\/\/allasorias.hu\/hirek\/wp-content\/uploads\/2025\/05\/EU-kek-kartya.jpg","@id":"https:\/\/allasorias.hu\/hirek\/a-legtobb-engedelyt-az-indiai-szakemberek-kaptak\/#mainImage","width":1920,"height":1280,"caption":"EU k\u00e9k k\u00e1rtya, tanul\u00e1si \u00e9s kutat\u00e1si c\u00e9l\u00fa enged\u00e9lyek sz\u00e1ma - Allasorias.hu\/Hirek"},"primaryImageOfPage":{"@id":"https:\/\/allasorias.hu\/hirek\/a-legtobb-engedelyt-az-indiai-szakemberek-kaptak\/#mainImage"},"datePublished":"2025-05-12T10:39:31+02:00","dateModified":"2025-05-12T10:39:31+02:00"},{"@type":"WebSite","@id":"https:\/\/allasorias.hu\/hirek\/#website","url":"https:\/\/allasorias.hu\/hirek\/","name":"AllasOrias.hu | H\u00edrek-lapszemle","description":"\u00dczleti h\u00edrek az \u00e1ll\u00e1s \u00e9s a munka vil\u00e1g\u00e1b\u00f3l","inLanguage":"hu-HU","publisher":{"@id":"https:\/\/allasorias.hu\/hirek\/#organization"}}]},"og:locale":"hu_HU","og:site_name":"AllasOrias.hu | H\u00edrek-lapszemle | \u00dczleti h\u00edrek az \u00e1ll\u00e1s \u00e9s a munka vil\u00e1g\u00e1b\u00f3l","og:type":"article","og:title":"EU k\u00e9k k\u00e1rtya, tanul\u00e1si \u00e9s kutat\u00e1si c\u00e9l\u00fa enged\u00e9lyek sz\u00e1ma","og:description":"Haz\u00e1nkban adt\u00e1k ki a legkevesebb EU k\u00e9k k\u00e1rty\u00e1t k\u00fclf\u00f6ldi szakembereknek. Ebben a tekintetben N\u00e9metorsz\u00e1g vezeti a ranglist\u00e1t.","og:url":"https:\/\/allasorias.hu\/hirek\/a-legtobb-engedelyt-az-indiai-szakemberek-kaptak\/","og:image":"https:\/\/allasorias.hu\/hirek\/wp-content\/uploads\/2025\/05\/EU-kek-kartya.jpg","og:image:secure_url":"https:\/\/allasorias.hu\/hirek\/wp-content\/uploads\/2025\/05\/EU-kek-kartya.jpg","og:image:width":1920,"og:image:height":1280,"article:published_time":"2025-05-12T08:39:31+00:00","article:modified_time":"2025-05-12T08:39:31+00:00","article:publisher":"https:\/\/www.facebook.com\/allasorias","twitter:card":"summary_large_image","twitter:title":"EU k\u00e9k k\u00e1rtya, tanul\u00e1si \u00e9s kutat\u00e1si c\u00e9l\u00fa enged\u00e9lyek sz\u00e1ma","twitter:description":"Haz\u00e1nkban adt\u00e1k ki a legkevesebb EU k\u00e9k k\u00e1rty\u00e1t k\u00fclf\u00f6ldi szakembereknek. Ebben a tekintetben N\u00e9metorsz\u00e1g vezeti a ranglist\u00e1t.","twitter:image":"https:\/\/allasorias.hu\/hirek\/wp-content\/uploads\/2025\/05\/EU-kek-kartya.jpg","twitter:label1":"Written by","twitter:data1":"Juh\u00e1sz P\u00e9ter","twitter:label2":"Est. reading time","twitter:data2":"3 minutes"},"aioseo_meta_data":{"post_id":"8449","title":"EU k\u00e9k k\u00e1rtya, tanul\u00e1si \u00e9s kutat\u00e1si c\u00e9l\u00fa enged\u00e9lyek sz\u00e1ma","description":"Haz\u00e1nkban adt\u00e1k ki a legkevesebb EU k\u00e9k k\u00e1rty\u00e1t k\u00fclf\u00f6ldi szakembereknek. Ebben a tekintetben N\u00e9metorsz\u00e1g vezeti a ranglist\u00e1t.","keywords":null,"keyphrases":{"focus":{"keyphrase":"","score":0,"analysis":{"keyphraseInTitle":{"score":0,"maxScore":9,"error":1}}},"additional":[]},"primary_term":null,"canonical_url":null,"og_title":null,"og_description":null,"og_object_type":"default","og_image_type":"default","og_image_url":null,"og_image_width":null,"og_image_height":null,"og_image_custom_url":null,"og_image_custom_fields":null,"og_video":"","og_custom_url":null,"og_article_section":null,"og_article_tags":null,"twitter_use_og":true,"twitter_card":"default","twitter_image_type":"default","twitter_image_url":null,"twitter_image_custom_url":null,"twitter_image_custom_fields":null,"twitter_title":null,"twitter_description":null,"schema":{"blockGraphs":[],"customGraphs":[],"default":{"data":{"Article":[],"Course":[],"Dataset":[],"FAQPage":[],"Movie":[],"Person":[],"Product":[],"ProductReview":[],"Car":[],"Recipe":[],"Service":[],"SoftwareApplication":[],"WebPage":[]},"graphName":"Article","isEnabled":true},"graphs":[]},"schema_type":"default","schema_type_options":null,"pillar_content":false,"robots_default":true,"robots_noindex":false,"robots_noarchive":false,"robots_nosnippet":false,"robots_nofollow":false,"robots_noimageindex":false,"robots_noodp":false,"robots_notranslate":false,"robots_max_snippet":"-1","robots_max_videopreview":"-1","robots_max_imagepreview":"large","priority":null,"frequency":"default","location":null,"local_seo":null,"breadcrumb_settings":null,"limit_modified_date":false,"ai":null,"created":"2025-05-12 08:30:10","updated":"2025-10-02 21:13:22","seo_analyzer_scan_date":null,"focus_keyword":null,"additional_keywords":null,"truseo_locale":null},"aioseo_breadcrumb":"<div class=\"aioseo-breadcrumbs\"><span class=\"aioseo-breadcrumb\">\n\t\t\t<a href=\"https:\/\/allasorias.hu\/hirek\" title=\"Home\">Home<\/a>\n\t\t<\/span><span class=\"aioseo-breadcrumb-separator\">&raquo;<\/span><span class=\"aioseo-breadcrumb\">\n\t\t\t<a href=\"https:\/\/allasorias.hu\/hirek\/temak\/munkaeropiac\/\" title=\"Munkaer\u0151piac\">Munkaer\u0151piac<\/a>\n\t\t<\/span><span class=\"aioseo-breadcrumb-separator\">&raquo;<\/span><span class=\"aioseo-breadcrumb\">\n\t\t\tA legt\u00f6bb enged\u00e9lyt az indiai szakemberek kapt\u00e1k\n\t\t<\/span><\/div>","aioseo_breadcrumb_json":[{"label":"Home","link":"https:\/\/allasorias.hu\/hirek"},{"label":"Munkaer\u0151piac","link":"https:\/\/allasorias.hu\/hirek\/temak\/munkaeropiac\/"},{"label":"A legt\u00f6bb enged\u00e9lyt az indiai szakemberek kapt\u00e1k","link":"https:\/\/allasorias.hu\/hirek\/a-legtobb-engedelyt-az-indiai-szakemberek-kaptak\/"}],"_links":{"self":[{"href":"https:\/\/allasorias.hu\/hirek\/wp-json\/wp\/v2\/posts\/8449","targetHints":{"allow":["GET"]}}],"collection":[{"href":"https:\/\/allasorias.hu\/hirek\/wp-json\/wp\/v2\/posts"}],"about":[{"href":"https:\/\/allasorias.hu\/hirek\/wp-json\/wp\/v2\/types\/post"}],"author":[{"embeddable":true,"href":"https:\/\/allasorias.hu\/hirek\/wp-json\/wp\/v2\/users\/1"}],"replies":[{"embeddable":true,"href":"https:\/\/allasorias.hu\/hirek\/wp-json\/wp\/v2\/comments?post=8449"}],"version-history":[{"count":1,"href":"https:\/\/allasorias.hu\/hirek\/wp-json\/wp\/v2\/posts\/8449\/revisions"}],"predecessor-version":[{"id":8451,"href":"https:\/\/allasorias.hu\/hirek\/wp-json\/wp\/v2\/posts\/8449\/revisions\/8451"}],"wp:featuredmedia":[{"embeddable":true,"href":"https:\/\/allasorias.hu\/hirek\/wp-json\/wp\/v2\/media\/8450"}],"wp:attachment":[{"href":"https:\/\/allasorias.hu\/hirek\/wp-json\/wp\/v2\/media?parent=8449"}],"wp:term":[{"taxonomy":"category","embeddable":true,"href":"https:\/\/allasorias.hu\/hirek\/wp-json\/wp\/v2\/categories?post=8449"},{"taxonomy":"post_tag","embeddable":true,"href":"https:\/\/allasorias.hu\/hirek\/wp-json\/wp\/v2\/tags?post=8449"}],"curies":[{"name":"wp","href":"https:\/\/api.w.org\/{rel}","templated":true}]}}