{"id":8393,"date":"2025-05-08T10:31:49","date_gmt":"2025-05-08T08:31:49","guid":{"rendered":"https:\/\/allasorias.hu\/hirek\/?p=8393"},"modified":"2025-05-08T10:31:49","modified_gmt":"2025-05-08T08:31:49","slug":"hogyan-segithetik-a-munkavallalokat-stressz-eseten","status":"publish","type":"post","link":"https:\/\/allasorias.hu\/hirek\/hogyan-segithetik-a-munkavallalokat-stressz-eseten\/","title":{"rendered":"Hogyan seg\u00edthetik a munkav\u00e1llal\u00f3kat stressz eset\u00e9n?"},"content":{"rendered":"<p><strong>A munkahelyi vezet\u0151knek arra is figyelni\u00fck kell, hogy mennyire stresszesek a dolgoz\u00f3ik, akik ig\u00e9nylik az \u0151szinte p\u00e1rbesz\u00e9det. Fontos, hogy a munkav\u00e1llal\u00f3k biztons\u00e1gban \u00e9rezz\u00e9k magukat.<\/strong><\/p>\n<p>Mivel a munkahelyi stressz egyre n\u00f6vekszik, a k\u00e9rd\u00e9s nem az, hogy a v\u00e1llalatoknak kell-e l\u00e9p\u00e9seket tenni\u00fck, hanem az, hogy milyen l\u00e9p\u00e9seket tegyenek \u2013 \u00edrja a HR News cikke. A munkahelyi stressz tekintet\u00e9ben a v\u00e1ltoz\u00e1s egyik leger\u0151sebb mozgat\u00f3rug\u00f3ja gyakran figyelmen k\u00edv\u00fcl hagyott t\u00e9nyez\u0151: a vezet\u0151k \u00e9s csapataik k\u00f6z\u00f6tti mindennapi besz\u00e9lget\u00e9sek. A The Workforce Institute at UKG glob\u00e1lis felm\u00e9r\u00e9se szerint a menedzserek hat\u00e1sa a munkav\u00e1llal\u00f3k ment\u00e1lis eg\u00e9szs\u00e9g\u00e9re a partner vagy a h\u00e1zast\u00e1rs\u00e9hoz hasonl\u00f3, \u00e9s m\u00e9g az orvosok\u00e9hoz vagy a terapeut\u00e1k\u00e9hoz k\u00e9pest is nagyobb. Ez\u00e1ltal a stressz kezel\u00e9s\u00e9ben bet\u00f6lt\u00f6tt szerep\u00fck nem csup\u00e1n t\u00e1mogat\u00f3, hanem \u00e1talak\u00edt\u00f3 jelleg\u0171.<\/p>\n<p>A legt\u00f6bb vezet\u0151 nem k\u00e9pzett terapeuta &#8211; \u00e9s nem is kell, hogy az legyen. De sz\u00fcks\u00e9g\u00fck van az eszk\u00f6z\u00f6kre \u00e9s a know-how-ra ahhoz, hogy ezeket a besz\u00e9lget\u00e9seket gondosan, vil\u00e1gosan \u00e9s magabiztosan vezess\u00e9k. Egy j\u00f3l id\u0151z\u00edtett, egy\u00fctt\u00e9rz\u0151 v\u00e1lasz mindent megv\u00e1ltoztathat abban, hogy a munkav\u00e1llal\u00f3 mennyire \u00e9rzi mag\u00e1t t\u00e1mogatottnak.<\/p>\n<h2>Tippek stresszkezel\u00e9sre<\/h2>\n<p>\u00cdme, p\u00e1r tipp, hogyan alak\u00edthatj\u00e1k a vezet\u0151k a besz\u00e9lget\u00e9seket hasznos t\u00e1mogat\u00e1ss\u00e1 a stresszel k\u00fczd\u0151 munkav\u00e1llal\u00f3 sz\u00e1m\u00e1ra: ahelyett, hogy azonnal megpr\u00f3b\u00e1ln\u00e1nk \u201emegoldani\u201d a probl\u00e9m\u00e1t, kezdj\u00fck k\u00edv\u00e1ncsis\u00e1ggal. Tegy\u00fcnk fel ny\u00edlt k\u00e9rd\u00e9seket, mint p\u00e9ld\u00e1ul: \u201eMit \u00e9rzel mostan\u00e1ban a legnehezebben?\u201d. Ez \u0151szinte v\u00e1laszokra \u00f6szt\u00f6n\u00f6z an\u00e9lk\u00fcl, hogy nyom\u00e1st gyakorolna a munkav\u00e1llal\u00f3ra, hogy igazolja \u00e9rz\u00e9seit. Egy egyszer\u0171 v\u00e1lasz, mint p\u00e9ld\u00e1ul \u201eK\u00f6sz\u00f6n\u00f6m, hogy elmondtad &#8211; nagyon neh\u00e9znek hangzik\u201d, nagy v\u00e1ltoz\u00e1st hozhat. A stresszes embereknek sz\u00fcks\u00e9g\u00fck van arra, hogy meghallgatva \u00e9rezz\u00e9k magukat, nem pedig \u00e9rt\u00e9kelve.<\/p>\n<p>B\u00e1r a stressz probl\u00e9m\u00e1ss\u00e1 v\u00e1lhat, ha hosszan tart\u00f3 vagy intenz\u00edv, ez egy norm\u00e1lis emberi reakci\u00f3 a kih\u00edv\u00e1st jelent\u0151 helyzetekre, \u00e9s fontos, hogy az alkalmazottak meg\u00e9rts\u00e9k ezt. A vezet\u0151k \u00e9s a csapatok egyar\u00e1nt profit\u00e1lnak az olyan k\u00e9pz\u00e9sekb\u0151l, amelyek k\u00fcl\u00f6nbs\u00e9get tesznek a mindennapi stressz \u00e9s valami komolyabb probl\u00e9ma jelei k\u00f6z\u00f6tt. A vil\u00e1gos meg\u00e9rt\u00e9s seg\u00edthet mindenkinek abban, hogy konstrukt\u00edvabban reag\u00e1ljon.<\/p>\n<p>A munkav\u00e1llal\u00f3k csaknem fele szerint a ment\u00e1lis eg\u00e9szs\u00e9gr\u0151l folytatott ny\u00edlt p\u00e1rbesz\u00e9d jav\u00edtan\u00e1 a munkahelyi j\u00f3l\u00e9t\u00fcket. A ment\u00e1lis eg\u00e9szs\u00e9g k\u00f6r\u00fcl azonban m\u00e9g mindig l\u00e9tezik egy stigma, amely megakad\u00e1lyozza az embereket abban, hogy felemelj\u00e9k a szavukat \u00e9s besz\u00e9ljenek r\u00f3la. Fontos, hogy a vezet\u0151k azon dolgozzanak, hogy a stresszr\u0151l sz\u00f3l\u00f3 besz\u00e9lget\u00e9sek normaliz\u00e1l\u00f3djanak. A p\u00e9ldamutat\u00f3 viselked\u00e9s hat\u00e9kony m\u00f3dja lehet ennek &#8211; amikor a vezet\u0151k megosztj\u00e1k saj\u00e1t tapasztalataikat, seg\u00edtenek olyan teret kialak\u00edtani, ahol a munkav\u00e1llal\u00f3k biztons\u00e1gban \u00e9rzik magukat, hogy ugyanezt tegy\u00e9k.<\/p>\n<h2>Gyakorlati l\u00e9p\u00e9sek sz\u00fcks\u00e9gesek<\/h2>\n<p>Ahelyett, hogy \u00e1ltal\u00e1nos megnyugtat\u00e1sokra hagyatkozn\u00e1nak, a vezet\u0151knek olyan gyakorlati l\u00e9p\u00e9seket kell el\u0151t\u00e9rbe helyezni\u00fck, amelyek k\u00f6zvetlen\u00fcl foglalkoznak azzal, hogy mi okozza a munkav\u00e1llal\u00f3 stressz\u00e9t. A munkaterhek kiigaz\u00edt\u00e1sa, az id\u0151beoszt\u00e1s megv\u00e1ltoztat\u00e1sa vagy az elv\u00e1r\u00e1sok \u00e1t\u00e1ll\u00edt\u00e1sa megadhatja az egy\u00e9neknek azt a l\u00e9legzetv\u00e9telnyi teret, amelyre sz\u00fcks\u00e9g\u00fck van ahhoz, hogy helyre\u00e1lljanak, visszanyerj\u00e9k az ir\u00e1ny\u00edt\u00e1st, \u00e9s kezelhet\u0151 \u00fctemben \u00e9p\u00edts\u00e9k \u00fajra a ment\u00e1lis j\u00f3l\u00e9t\u00fcket.<\/p>\n<p>A hasznos l\u00e9p\u00e9sek k\u00f6z\u00e9 tartozhatnak p\u00e9ld\u00e1ul a k\u00f6vetkez\u0151k:<\/p>\n<ul>\n<li>A munkaterhel\u00e9s enyh\u00edt\u00e9se vagy bizonyos feladatok \u00e1tcsoportos\u00edt\u00e1sa,<\/li>\n<li>rugalmas munkaid\u0151 vagy t\u00e1vmunka bevezet\u00e9se,<\/li>\n<li>sz\u00fcks\u00e9g eset\u00e9n tov\u00e1bbi er\u0151forr\u00e1sok felaj\u00e1nl\u00e1sa vagy kieg\u00e9sz\u00edt\u0151 t\u00e1mogat\u00e1s kijel\u00f6l\u00e9se.<\/li>\n<\/ul>\n<p>Ha a vezet\u0151k emp\u00e1ti\u00e1val \u00e9s k\u00edv\u00e1ncsis\u00e1ggal vezetnek, a stresszr\u0151l folytatott mindennapi besz\u00e9lget\u00e9seket olyan hat\u00e9kony beavatkoz\u00e1sokk\u00e1 alak\u00edthatj\u00e1k \u00e1t, amelyek val\u00f3ban t\u00e1mogatj\u00e1k a munkav\u00e1llal\u00f3k j\u00f3l\u00e9t\u00e9t. Ezek nem csup\u00e1n puha k\u00e9szs\u00e9gek &#8211; ma m\u00e1r a vezet\u0151k alapvet\u0151 k\u00e9pess\u00e9gei. A mai munkahelyeken, ahol a ment\u00e1lis eg\u00e9szs\u00e9g k\u00f6zvetlen\u00fcl \u00f6sszef\u00fcgg a teljes\u00edtm\u00e9nnyel, megtart\u00e1ssal \u00e9s a kult\u00far\u00e1val, a vezet\u0151k sz\u00e1m\u00e1ra a neh\u00e9z besz\u00e9lget\u00e9sekhez sz\u00fcks\u00e9ges \u00f6nbizalom \u00e9s eszk\u00f6z\u00f6k biztos\u00edt\u00e1sa \u00e1talak\u00edt\u00f3 hat\u00e1ssal lehet.<\/p>\n<p>Forr\u00e1s: <a href=\"https:\/\/www.hrportal.hu\/hr\/hogyan-tamogassa-a-vezeto-a-stresszel-kuzdo-munkavallalokat-20250507.html\" target=\"_blank\" rel=\"nofollow noopener noreferrer\">hrportal.hu<\/a><\/p>\n<p>&nbsp;<\/p>\n","protected":false},"excerpt":{"rendered":"<p>A munkahelyi vezet\u0151knek arra is figyelni\u00fck kell, hogy mennyire stresszesek a dolgoz\u00f3ik, akik ig\u00e9nylik az \u0151szinte p\u00e1rbesz\u00e9det. Fontos, hogy a munkav\u00e1llal\u00f3k biztons\u00e1gban \u00e9rezz\u00e9k magukat. Mivel a munkahelyi stressz egyre n\u00f6vekszik, a k\u00e9rd\u00e9s nem az, hogy a v\u00e1llalatoknak kell-e l\u00e9p\u00e9seket tenni\u00fck, hanem az, hogy milyen l\u00e9p\u00e9seket tegyenek \u2013 \u00edrja a HR News cikke. A munkahelyi stressz [&hellip;]<\/p>\n","protected":false},"author":1,"featured_media":8394,"comment_status":"closed","ping_status":"closed","sticky":false,"template":"","format":"standard","meta":{"_monsterinsights_skip_tracking":false,"footnotes":""},"categories":[200],"tags":[917,852],"class_list":["post-8393","post","type-post","status-publish","format-standard","has-post-thumbnail","hentry","category-munkaeropiac","tag-munkahelyi-stessz","tag-stressz"],"aioseo_notices":[],"aioseo_head":"\n\t\t<!-- All in One SEO 5.0.0.1 - aioseo.com -->\n\t<meta name=\"description\" content=\"A munkahelyi vezet\u0151knek arra is figyelni\u00fck kell, hogy mennyire stresszesek a dolgoz\u00f3ik, akik ig\u00e9nylik az \u0151szinte p\u00e1rbesz\u00e9det.\" \/>\n\t<meta name=\"robots\" content=\"max-image-preview:large\" \/>\n\t<meta name=\"author\" content=\"Juh\u00e1sz P\u00e9ter\"\/>\n\t<meta name=\"keywords\" content=\"munkahelyi stessz,stressz\" \/>\n\t<link rel=\"canonical\" href=\"https:\/\/allasorias.hu\/hirek\/hogyan-segithetik-a-munkavallalokat-stressz-eseten\/\" \/>\n\t<meta name=\"generator\" content=\"All in One SEO (AIOSEO) 5.0.0.1\" \/>\n\t\t<meta property=\"og:locale\" content=\"hu_HU\" \/>\n\t\t<meta property=\"og:site_name\" content=\"AllasOrias.hu | H\u00edrek-lapszemle | \u00dczleti h\u00edrek az \u00e1ll\u00e1s \u00e9s a munka vil\u00e1g\u00e1b\u00f3l\" \/>\n\t\t<meta property=\"og:type\" content=\"article\" \/>\n\t\t<meta property=\"og:title\" content=\"Milyen l\u00e9p\u00e9seket kell tenni a munkahelyi stressz ellen?\" \/>\n\t\t<meta property=\"og:description\" content=\"A munkahelyi vezet\u0151knek arra is figyelni\u00fck kell, hogy mennyire stresszesek a dolgoz\u00f3ik, akik ig\u00e9nylik az \u0151szinte p\u00e1rbesz\u00e9det.\" \/>\n\t\t<meta property=\"og:url\" content=\"https:\/\/allasorias.hu\/hirek\/hogyan-segithetik-a-munkavallalokat-stressz-eseten\/\" \/>\n\t\t<meta property=\"og:image\" content=\"https:\/\/allasorias.hu\/hirek\/wp-content\/uploads\/2025\/05\/munkahelyi-stressz-kezelese.jpg\" \/>\n\t\t<meta property=\"og:image:secure_url\" content=\"https:\/\/allasorias.hu\/hirek\/wp-content\/uploads\/2025\/05\/munkahelyi-stressz-kezelese.jpg\" \/>\n\t\t<meta property=\"og:image:width\" content=\"1920\" \/>\n\t\t<meta property=\"og:image:height\" content=\"1280\" \/>\n\t\t<meta property=\"article:published_time\" content=\"2025-05-08T08:31:49+00:00\" \/>\n\t\t<meta property=\"article:modified_time\" content=\"2025-05-08T08:31:49+00:00\" \/>\n\t\t<meta property=\"article:publisher\" content=\"https:\/\/www.facebook.com\/allasorias\" \/>\n\t\t<meta name=\"twitter:card\" content=\"summary_large_image\" \/>\n\t\t<meta name=\"twitter:title\" content=\"Milyen l\u00e9p\u00e9seket kell tenni a munkahelyi stressz ellen?\" \/>\n\t\t<meta name=\"twitter:description\" content=\"A munkahelyi vezet\u0151knek arra is figyelni\u00fck kell, hogy mennyire stresszesek a dolgoz\u00f3ik, akik ig\u00e9nylik az \u0151szinte p\u00e1rbesz\u00e9det.\" \/>\n\t\t<meta name=\"twitter:image\" content=\"https:\/\/allasorias.hu\/hirek\/wp-content\/uploads\/2025\/05\/munkahelyi-stressz-kezelese.jpg\" \/>\n\t\t<meta name=\"twitter:label1\" content=\"Written by\" \/>\n\t\t<meta name=\"twitter:data1\" content=\"Juh\u00e1sz P\u00e9ter\" \/>\n\t\t<meta name=\"twitter:label2\" content=\"Est. reading time\" \/>\n\t\t<meta name=\"twitter:data2\" content=\"4 minutes\" \/>\n\t\t<script type=\"application\/ld+json\" class=\"aioseo-schema\">\n\t\t\t{\"@context\":\"https:\\\/\\\/schema.org\",\"@graph\":[{\"@type\":\"Article\",\"@id\":\"https:\\\/\\\/allasorias.hu\\\/hirek\\\/hogyan-segithetik-a-munkavallalokat-stressz-eseten\\\/#article\",\"name\":\"Milyen l\\u00e9p\\u00e9seket kell tenni a munkahelyi stressz ellen?\",\"headline\":\"Hogyan seg\\u00edthetik a munkav\\u00e1llal\\u00f3kat stressz eset\\u00e9n?\",\"author\":{\"@id\":\"https:\\\/\\\/allasorias.hu\\\/hirek\\\/author\\\/admin-allasorias\\\/#author\"},\"publisher\":{\"@id\":\"https:\\\/\\\/allasorias.hu\\\/hirek\\\/#organization\"},\"image\":{\"@type\":\"ImageObject\",\"url\":\"https:\\\/\\\/allasorias.hu\\\/hirek\\\/wp-content\\\/uploads\\\/2025\\\/05\\\/munkahelyi-stressz-kezelese.jpg\",\"width\":1920,\"height\":1280,\"caption\":\"Hogyan seg\\u00edthetik a munkav\\u00e1llal\\u00f3kat stressz eset\\u00e9n? - Allasorias.hu\\\/Hirek\"},\"datePublished\":\"2025-05-08T10:31:49+02:00\",\"dateModified\":\"2025-05-08T10:31:49+02:00\",\"inLanguage\":\"hu-HU\",\"mainEntityOfPage\":{\"@id\":\"https:\\\/\\\/allasorias.hu\\\/hirek\\\/hogyan-segithetik-a-munkavallalokat-stressz-eseten\\\/#webpage\"},\"isPartOf\":{\"@id\":\"https:\\\/\\\/allasorias.hu\\\/hirek\\\/hogyan-segithetik-a-munkavallalokat-stressz-eseten\\\/#webpage\"},\"articleSection\":\"Munkaer\\u0151piac, munkahelyi stessz, stressz\"},{\"@type\":\"BreadcrumbList\",\"@id\":\"https:\\\/\\\/allasorias.hu\\\/hirek\\\/hogyan-segithetik-a-munkavallalokat-stressz-eseten\\\/#breadcrumblist\",\"itemListElement\":[{\"@type\":\"ListItem\",\"@id\":\"https:\\\/\\\/allasorias.hu\\\/hirek#listItem\",\"position\":1,\"name\":\"Home\",\"item\":\"https:\\\/\\\/allasorias.hu\\\/hirek\",\"nextItem\":{\"@type\":\"ListItem\",\"@id\":\"https:\\\/\\\/allasorias.hu\\\/hirek\\\/temak\\\/munkaeropiac\\\/#listItem\",\"name\":\"Munkaer\\u0151piac\"}},{\"@type\":\"ListItem\",\"@id\":\"https:\\\/\\\/allasorias.hu\\\/hirek\\\/temak\\\/munkaeropiac\\\/#listItem\",\"position\":2,\"name\":\"Munkaer\\u0151piac\",\"item\":\"https:\\\/\\\/allasorias.hu\\\/hirek\\\/temak\\\/munkaeropiac\\\/\",\"nextItem\":{\"@type\":\"ListItem\",\"@id\":\"https:\\\/\\\/allasorias.hu\\\/hirek\\\/hogyan-segithetik-a-munkavallalokat-stressz-eseten\\\/#listItem\",\"name\":\"Hogyan seg\\u00edthetik a munkav\\u00e1llal\\u00f3kat stressz eset\\u00e9n?\"},\"previousItem\":{\"@type\":\"ListItem\",\"@id\":\"https:\\\/\\\/allasorias.hu\\\/hirek#listItem\",\"name\":\"Home\"}},{\"@type\":\"ListItem\",\"@id\":\"https:\\\/\\\/allasorias.hu\\\/hirek\\\/hogyan-segithetik-a-munkavallalokat-stressz-eseten\\\/#listItem\",\"position\":3,\"name\":\"Hogyan seg\\u00edthetik a munkav\\u00e1llal\\u00f3kat stressz eset\\u00e9n?\",\"previousItem\":{\"@type\":\"ListItem\",\"@id\":\"https:\\\/\\\/allasorias.hu\\\/hirek\\\/temak\\\/munkaeropiac\\\/#listItem\",\"name\":\"Munkaer\\u0151piac\"}}]},{\"@type\":\"Organization\",\"@id\":\"https:\\\/\\\/allasorias.hu\\\/hirek\\\/#organization\",\"name\":\"AllasOrias.hu | H\\u00edrek-lapszemle\",\"description\":\"\\u00dczleti h\\u00edrek az \\u00e1ll\\u00e1s \\u00e9s a munka vil\\u00e1g\\u00e1b\\u00f3l\",\"url\":\"https:\\\/\\\/allasorias.hu\\\/hirek\\\/\",\"logo\":{\"@type\":\"ImageObject\",\"url\":\"https:\\\/\\\/allasorias.hu\\\/hirek\\\/wp-content\\\/uploads\\\/2022\\\/10\\\/allasorias_site_facebok_logo.png\",\"@id\":\"https:\\\/\\\/allasorias.hu\\\/hirek\\\/hogyan-segithetik-a-munkavallalokat-stressz-eseten\\\/#organizationLogo\"},\"image\":{\"@id\":\"https:\\\/\\\/allasorias.hu\\\/hirek\\\/hogyan-segithetik-a-munkavallalokat-stressz-eseten\\\/#organizationLogo\"},\"sameAs\":[\"https:\\\/\\\/www.facebook.com\\\/allasorias\",\"https:\\\/\\\/www.linkedin.com\\\/company\\\/allasorias\"]},{\"@type\":\"Person\",\"@id\":\"https:\\\/\\\/allasorias.hu\\\/hirek\\\/author\\\/admin-allasorias\\\/#author\",\"url\":\"https:\\\/\\\/allasorias.hu\\\/hirek\\\/author\\\/admin-allasorias\\\/\",\"name\":\"Juh\\u00e1sz P\\u00e9ter\",\"image\":{\"@type\":\"ImageObject\",\"@id\":\"https:\\\/\\\/allasorias.hu\\\/hirek\\\/hogyan-segithetik-a-munkavallalokat-stressz-eseten\\\/#authorImage\",\"url\":\"https:\\\/\\\/secure.gravatar.com\\\/avatar\\\/36e6bcb83148978b992977cb0f54d22feb0cce8a0a849a9410532bb2623ba4c6?s=96&d=mm&r=g\",\"width\":96,\"height\":96,\"caption\":\"Juh\\u00e1sz P\\u00e9ter\"}},{\"@type\":\"WebPage\",\"@id\":\"https:\\\/\\\/allasorias.hu\\\/hirek\\\/hogyan-segithetik-a-munkavallalokat-stressz-eseten\\\/#webpage\",\"url\":\"https:\\\/\\\/allasorias.hu\\\/hirek\\\/hogyan-segithetik-a-munkavallalokat-stressz-eseten\\\/\",\"name\":\"Milyen l\\u00e9p\\u00e9seket kell tenni a munkahelyi stressz ellen?\",\"description\":\"A munkahelyi vezet\\u0151knek arra is figyelni\\u00fck kell, hogy mennyire stresszesek a dolgoz\\u00f3ik, akik ig\\u00e9nylik az \\u0151szinte p\\u00e1rbesz\\u00e9det.\",\"inLanguage\":\"hu-HU\",\"isPartOf\":{\"@id\":\"https:\\\/\\\/allasorias.hu\\\/hirek\\\/#website\"},\"breadcrumb\":{\"@id\":\"https:\\\/\\\/allasorias.hu\\\/hirek\\\/hogyan-segithetik-a-munkavallalokat-stressz-eseten\\\/#breadcrumblist\"},\"author\":{\"@id\":\"https:\\\/\\\/allasorias.hu\\\/hirek\\\/author\\\/admin-allasorias\\\/#author\"},\"creator\":{\"@id\":\"https:\\\/\\\/allasorias.hu\\\/hirek\\\/author\\\/admin-allasorias\\\/#author\"},\"image\":{\"@type\":\"ImageObject\",\"url\":\"https:\\\/\\\/allasorias.hu\\\/hirek\\\/wp-content\\\/uploads\\\/2025\\\/05\\\/munkahelyi-stressz-kezelese.jpg\",\"@id\":\"https:\\\/\\\/allasorias.hu\\\/hirek\\\/hogyan-segithetik-a-munkavallalokat-stressz-eseten\\\/#mainImage\",\"width\":1920,\"height\":1280,\"caption\":\"Hogyan seg\\u00edthetik a munkav\\u00e1llal\\u00f3kat stressz eset\\u00e9n? - Allasorias.hu\\\/Hirek\"},\"primaryImageOfPage\":{\"@id\":\"https:\\\/\\\/allasorias.hu\\\/hirek\\\/hogyan-segithetik-a-munkavallalokat-stressz-eseten\\\/#mainImage\"},\"datePublished\":\"2025-05-08T10:31:49+02:00\",\"dateModified\":\"2025-05-08T10:31:49+02:00\"},{\"@type\":\"WebSite\",\"@id\":\"https:\\\/\\\/allasorias.hu\\\/hirek\\\/#website\",\"url\":\"https:\\\/\\\/allasorias.hu\\\/hirek\\\/\",\"name\":\"AllasOrias.hu | H\\u00edrek-lapszemle\",\"description\":\"\\u00dczleti h\\u00edrek az \\u00e1ll\\u00e1s \\u00e9s a munka vil\\u00e1g\\u00e1b\\u00f3l\",\"inLanguage\":\"hu-HU\",\"publisher\":{\"@id\":\"https:\\\/\\\/allasorias.hu\\\/hirek\\\/#organization\"}}]}\n\t\t<\/script>\n\t\t<!-- All in One SEO -->\n\n","aioseo_head_json":{"title":"Milyen l\u00e9p\u00e9seket kell tenni a munkahelyi stressz ellen?","description":"A munkahelyi vezet\u0151knek arra is figyelni\u00fck kell, hogy mennyire stresszesek a dolgoz\u00f3ik, akik ig\u00e9nylik az \u0151szinte p\u00e1rbesz\u00e9det.","canonical_url":"https:\/\/allasorias.hu\/hirek\/hogyan-segithetik-a-munkavallalokat-stressz-eseten\/","robots":"max-image-preview:large","keywords":"munkahelyi stessz,stressz","webmasterTools":{"miscellaneous":""},"schema":{"@context":"https:\/\/schema.org","@graph":[{"@type":"Article","@id":"https:\/\/allasorias.hu\/hirek\/hogyan-segithetik-a-munkavallalokat-stressz-eseten\/#article","name":"Milyen l\u00e9p\u00e9seket kell tenni a munkahelyi stressz ellen?","headline":"Hogyan seg\u00edthetik a munkav\u00e1llal\u00f3kat stressz eset\u00e9n?","author":{"@id":"https:\/\/allasorias.hu\/hirek\/author\/admin-allasorias\/#author"},"publisher":{"@id":"https:\/\/allasorias.hu\/hirek\/#organization"},"image":{"@type":"ImageObject","url":"https:\/\/allasorias.hu\/hirek\/wp-content\/uploads\/2025\/05\/munkahelyi-stressz-kezelese.jpg","width":1920,"height":1280,"caption":"Hogyan seg\u00edthetik a munkav\u00e1llal\u00f3kat stressz eset\u00e9n? - Allasorias.hu\/Hirek"},"datePublished":"2025-05-08T10:31:49+02:00","dateModified":"2025-05-08T10:31:49+02:00","inLanguage":"hu-HU","mainEntityOfPage":{"@id":"https:\/\/allasorias.hu\/hirek\/hogyan-segithetik-a-munkavallalokat-stressz-eseten\/#webpage"},"isPartOf":{"@id":"https:\/\/allasorias.hu\/hirek\/hogyan-segithetik-a-munkavallalokat-stressz-eseten\/#webpage"},"articleSection":"Munkaer\u0151piac, munkahelyi stessz, stressz"},{"@type":"BreadcrumbList","@id":"https:\/\/allasorias.hu\/hirek\/hogyan-segithetik-a-munkavallalokat-stressz-eseten\/#breadcrumblist","itemListElement":[{"@type":"ListItem","@id":"https:\/\/allasorias.hu\/hirek#listItem","position":1,"name":"Home","item":"https:\/\/allasorias.hu\/hirek","nextItem":{"@type":"ListItem","@id":"https:\/\/allasorias.hu\/hirek\/temak\/munkaeropiac\/#listItem","name":"Munkaer\u0151piac"}},{"@type":"ListItem","@id":"https:\/\/allasorias.hu\/hirek\/temak\/munkaeropiac\/#listItem","position":2,"name":"Munkaer\u0151piac","item":"https:\/\/allasorias.hu\/hirek\/temak\/munkaeropiac\/","nextItem":{"@type":"ListItem","@id":"https:\/\/allasorias.hu\/hirek\/hogyan-segithetik-a-munkavallalokat-stressz-eseten\/#listItem","name":"Hogyan seg\u00edthetik a munkav\u00e1llal\u00f3kat stressz eset\u00e9n?"},"previousItem":{"@type":"ListItem","@id":"https:\/\/allasorias.hu\/hirek#listItem","name":"Home"}},{"@type":"ListItem","@id":"https:\/\/allasorias.hu\/hirek\/hogyan-segithetik-a-munkavallalokat-stressz-eseten\/#listItem","position":3,"name":"Hogyan seg\u00edthetik a munkav\u00e1llal\u00f3kat stressz eset\u00e9n?","previousItem":{"@type":"ListItem","@id":"https:\/\/allasorias.hu\/hirek\/temak\/munkaeropiac\/#listItem","name":"Munkaer\u0151piac"}}]},{"@type":"Organization","@id":"https:\/\/allasorias.hu\/hirek\/#organization","name":"AllasOrias.hu | H\u00edrek-lapszemle","description":"\u00dczleti h\u00edrek az \u00e1ll\u00e1s \u00e9s a munka vil\u00e1g\u00e1b\u00f3l","url":"https:\/\/allasorias.hu\/hirek\/","logo":{"@type":"ImageObject","url":"https:\/\/allasorias.hu\/hirek\/wp-content\/uploads\/2022\/10\/allasorias_site_facebok_logo.png","@id":"https:\/\/allasorias.hu\/hirek\/hogyan-segithetik-a-munkavallalokat-stressz-eseten\/#organizationLogo"},"image":{"@id":"https:\/\/allasorias.hu\/hirek\/hogyan-segithetik-a-munkavallalokat-stressz-eseten\/#organizationLogo"},"sameAs":["https:\/\/www.facebook.com\/allasorias","https:\/\/www.linkedin.com\/company\/allasorias"]},{"@type":"Person","@id":"https:\/\/allasorias.hu\/hirek\/author\/admin-allasorias\/#author","url":"https:\/\/allasorias.hu\/hirek\/author\/admin-allasorias\/","name":"Juh\u00e1sz P\u00e9ter","image":{"@type":"ImageObject","@id":"https:\/\/allasorias.hu\/hirek\/hogyan-segithetik-a-munkavallalokat-stressz-eseten\/#authorImage","url":"https:\/\/secure.gravatar.com\/avatar\/36e6bcb83148978b992977cb0f54d22feb0cce8a0a849a9410532bb2623ba4c6?s=96&d=mm&r=g","width":96,"height":96,"caption":"Juh\u00e1sz P\u00e9ter"}},{"@type":"WebPage","@id":"https:\/\/allasorias.hu\/hirek\/hogyan-segithetik-a-munkavallalokat-stressz-eseten\/#webpage","url":"https:\/\/allasorias.hu\/hirek\/hogyan-segithetik-a-munkavallalokat-stressz-eseten\/","name":"Milyen l\u00e9p\u00e9seket kell tenni a munkahelyi stressz ellen?","description":"A munkahelyi vezet\u0151knek arra is figyelni\u00fck kell, hogy mennyire stresszesek a dolgoz\u00f3ik, akik ig\u00e9nylik az \u0151szinte p\u00e1rbesz\u00e9det.","inLanguage":"hu-HU","isPartOf":{"@id":"https:\/\/allasorias.hu\/hirek\/#website"},"breadcrumb":{"@id":"https:\/\/allasorias.hu\/hirek\/hogyan-segithetik-a-munkavallalokat-stressz-eseten\/#breadcrumblist"},"author":{"@id":"https:\/\/allasorias.hu\/hirek\/author\/admin-allasorias\/#author"},"creator":{"@id":"https:\/\/allasorias.hu\/hirek\/author\/admin-allasorias\/#author"},"image":{"@type":"ImageObject","url":"https:\/\/allasorias.hu\/hirek\/wp-content\/uploads\/2025\/05\/munkahelyi-stressz-kezelese.jpg","@id":"https:\/\/allasorias.hu\/hirek\/hogyan-segithetik-a-munkavallalokat-stressz-eseten\/#mainImage","width":1920,"height":1280,"caption":"Hogyan seg\u00edthetik a munkav\u00e1llal\u00f3kat stressz eset\u00e9n? - Allasorias.hu\/Hirek"},"primaryImageOfPage":{"@id":"https:\/\/allasorias.hu\/hirek\/hogyan-segithetik-a-munkavallalokat-stressz-eseten\/#mainImage"},"datePublished":"2025-05-08T10:31:49+02:00","dateModified":"2025-05-08T10:31:49+02:00"},{"@type":"WebSite","@id":"https:\/\/allasorias.hu\/hirek\/#website","url":"https:\/\/allasorias.hu\/hirek\/","name":"AllasOrias.hu | H\u00edrek-lapszemle","description":"\u00dczleti h\u00edrek az \u00e1ll\u00e1s \u00e9s a munka vil\u00e1g\u00e1b\u00f3l","inLanguage":"hu-HU","publisher":{"@id":"https:\/\/allasorias.hu\/hirek\/#organization"}}]},"og:locale":"hu_HU","og:site_name":"AllasOrias.hu | H\u00edrek-lapszemle | \u00dczleti h\u00edrek az \u00e1ll\u00e1s \u00e9s a munka vil\u00e1g\u00e1b\u00f3l","og:type":"article","og:title":"Milyen l\u00e9p\u00e9seket kell tenni a munkahelyi stressz ellen?","og:description":"A munkahelyi vezet\u0151knek arra is figyelni\u00fck kell, hogy mennyire stresszesek a dolgoz\u00f3ik, akik ig\u00e9nylik az \u0151szinte p\u00e1rbesz\u00e9det.","og:url":"https:\/\/allasorias.hu\/hirek\/hogyan-segithetik-a-munkavallalokat-stressz-eseten\/","og:image":"https:\/\/allasorias.hu\/hirek\/wp-content\/uploads\/2025\/05\/munkahelyi-stressz-kezelese.jpg","og:image:secure_url":"https:\/\/allasorias.hu\/hirek\/wp-content\/uploads\/2025\/05\/munkahelyi-stressz-kezelese.jpg","og:image:width":1920,"og:image:height":1280,"article:published_time":"2025-05-08T08:31:49+00:00","article:modified_time":"2025-05-08T08:31:49+00:00","article:publisher":"https:\/\/www.facebook.com\/allasorias","twitter:card":"summary_large_image","twitter:title":"Milyen l\u00e9p\u00e9seket kell tenni a munkahelyi stressz ellen?","twitter:description":"A munkahelyi vezet\u0151knek arra is figyelni\u00fck kell, hogy mennyire stresszesek a dolgoz\u00f3ik, akik ig\u00e9nylik az \u0151szinte p\u00e1rbesz\u00e9det.","twitter:image":"https:\/\/allasorias.hu\/hirek\/wp-content\/uploads\/2025\/05\/munkahelyi-stressz-kezelese.jpg","twitter:label1":"Written by","twitter:data1":"Juh\u00e1sz P\u00e9ter","twitter:label2":"Est. reading time","twitter:data2":"4 minutes"},"aioseo_meta_data":{"post_id":"8393","title":"Milyen l\u00e9p\u00e9seket kell tenni a munkahelyi stressz ellen?","description":"A munkahelyi vezet\u0151knek arra is figyelni\u00fck kell, hogy mennyire stresszesek a dolgoz\u00f3ik, akik ig\u00e9nylik az \u0151szinte p\u00e1rbesz\u00e9det.","keywords":null,"keyphrases":{"focus":{"keyphrase":"","score":0,"analysis":{"keyphraseInTitle":{"score":0,"maxScore":9,"error":1}}},"additional":[]},"primary_term":null,"canonical_url":null,"og_title":null,"og_description":null,"og_object_type":"default","og_image_type":"default","og_image_url":null,"og_image_width":null,"og_image_height":null,"og_image_custom_url":null,"og_image_custom_fields":null,"og_video":"","og_custom_url":null,"og_article_section":null,"og_article_tags":null,"twitter_use_og":true,"twitter_card":"default","twitter_image_type":"default","twitter_image_url":null,"twitter_image_custom_url":null,"twitter_image_custom_fields":null,"twitter_title":null,"twitter_description":null,"schema":{"blockGraphs":[],"customGraphs":[],"default":{"data":{"Article":[],"Course":[],"Dataset":[],"FAQPage":[],"Movie":[],"Person":[],"Product":[],"ProductReview":[],"Car":[],"Recipe":[],"Service":[],"SoftwareApplication":[],"WebPage":[]},"graphName":"Article","isEnabled":true},"graphs":[]},"schema_type":"default","schema_type_options":null,"pillar_content":false,"robots_default":true,"robots_noindex":false,"robots_noarchive":false,"robots_nosnippet":false,"robots_nofollow":false,"robots_noimageindex":false,"robots_noodp":false,"robots_notranslate":false,"robots_max_snippet":"-1","robots_max_videopreview":"-1","robots_max_imagepreview":"large","priority":null,"frequency":"default","location":null,"local_seo":null,"breadcrumb_settings":null,"limit_modified_date":false,"ai":null,"created":"2025-05-08 07:54:20","updated":"2025-10-02 21:11:25","seo_analyzer_scan_date":null,"focus_keyword":null,"additional_keywords":null,"truseo_locale":null},"aioseo_breadcrumb":"<div class=\"aioseo-breadcrumbs\"><span class=\"aioseo-breadcrumb\">\n\t\t\t<a href=\"https:\/\/allasorias.hu\/hirek\" title=\"Home\">Home<\/a>\n\t\t<\/span><span class=\"aioseo-breadcrumb-separator\">&raquo;<\/span><span class=\"aioseo-breadcrumb\">\n\t\t\t<a href=\"https:\/\/allasorias.hu\/hirek\/temak\/munkaeropiac\/\" title=\"Munkaer\u0151piac\">Munkaer\u0151piac<\/a>\n\t\t<\/span><span class=\"aioseo-breadcrumb-separator\">&raquo;<\/span><span class=\"aioseo-breadcrumb\">\n\t\t\tHogyan seg\u00edthetik a munkav\u00e1llal\u00f3kat stressz eset\u00e9n?\n\t\t<\/span><\/div>","aioseo_breadcrumb_json":[{"label":"Home","link":"https:\/\/allasorias.hu\/hirek"},{"label":"Munkaer\u0151piac","link":"https:\/\/allasorias.hu\/hirek\/temak\/munkaeropiac\/"},{"label":"Hogyan seg\u00edthetik a munkav\u00e1llal\u00f3kat stressz eset\u00e9n?","link":"https:\/\/allasorias.hu\/hirek\/hogyan-segithetik-a-munkavallalokat-stressz-eseten\/"}],"_links":{"self":[{"href":"https:\/\/allasorias.hu\/hirek\/wp-json\/wp\/v2\/posts\/8393","targetHints":{"allow":["GET"]}}],"collection":[{"href":"https:\/\/allasorias.hu\/hirek\/wp-json\/wp\/v2\/posts"}],"about":[{"href":"https:\/\/allasorias.hu\/hirek\/wp-json\/wp\/v2\/types\/post"}],"author":[{"embeddable":true,"href":"https:\/\/allasorias.hu\/hirek\/wp-json\/wp\/v2\/users\/1"}],"replies":[{"embeddable":true,"href":"https:\/\/allasorias.hu\/hirek\/wp-json\/wp\/v2\/comments?post=8393"}],"version-history":[{"count":1,"href":"https:\/\/allasorias.hu\/hirek\/wp-json\/wp\/v2\/posts\/8393\/revisions"}],"predecessor-version":[{"id":8395,"href":"https:\/\/allasorias.hu\/hirek\/wp-json\/wp\/v2\/posts\/8393\/revisions\/8395"}],"wp:featuredmedia":[{"embeddable":true,"href":"https:\/\/allasorias.hu\/hirek\/wp-json\/wp\/v2\/media\/8394"}],"wp:attachment":[{"href":"https:\/\/allasorias.hu\/hirek\/wp-json\/wp\/v2\/media?parent=8393"}],"wp:term":[{"taxonomy":"category","embeddable":true,"href":"https:\/\/allasorias.hu\/hirek\/wp-json\/wp\/v2\/categories?post=8393"},{"taxonomy":"post_tag","embeddable":true,"href":"https:\/\/allasorias.hu\/hirek\/wp-json\/wp\/v2\/tags?post=8393"}],"curies":[{"name":"wp","href":"https:\/\/api.w.org\/{rel}","templated":true}]}}