{"id":8364,"date":"2025-05-05T11:46:53","date_gmt":"2025-05-05T09:46:53","guid":{"rendered":"https:\/\/allasorias.hu\/hirek\/?p=8364"},"modified":"2025-05-05T11:46:53","modified_gmt":"2025-05-05T09:46:53","slug":"sokan-felmondtak-a-gyermekvedelemben-dolgozok-kozul","status":"publish","type":"post","link":"https:\/\/allasorias.hu\/hirek\/sokan-felmondtak-a-gyermekvedelemben-dolgozok-kozul\/","title":{"rendered":"Sokan felmondtak a gyermekv\u00e9delemben dolgoz\u00f3k k\u00f6z\u00fcl"},"content":{"rendered":"<p><strong>Az elm\u00falt \u00e9vben t\u00f6bb vizsg\u00e1latot v\u00e9geztek a gyermekv\u00e9delemben dolgoz\u00f3k k\u00f6r\u00e9ben. Emiatt is sokan felmondtak \u00e9s m\u00e1s ter\u00fcleten kerestek munk\u00e1t. A vizsg\u00e1lt dolgoz\u00f3k k\u00f6r\u00e9ben t\u00f6bb rend\u0151rs\u00e9gi vizsg\u00e1lat is folyik.<\/strong><\/p>\n<p>Mind\u00f6ssze 75 esetben \u00e1llap\u00edtottak meg kifog\u00e1solhat\u00f3 \u00e9letvitelt 2024-ben, pedig t\u00f6bb mint 13 ezer vizsg\u00e1latot v\u00e9geztek el. A gyermekv\u00e9delmi rendszerben dolgoz\u00f3k 30 sz\u00e1zal\u00e9ka t\u00e1vozott tavaly, az \u00faj jelentkez\u0151knek pedig csak harmada marad meg \u2013 \u00edrta a N\u00e9pszava. A lap szerint 2024-ben 13 480 gyermekv\u00e9delemben dolgoz\u00f3 szem\u00e9ly vizsg\u00e1lat\u00e1t rendelt\u00e9k el, ebb\u0151l 13.400-at fejeztek be, 75 esetben \u00e1llap\u00edtottak meg kifog\u00e1solhat\u00f3 \u00e9letvitelt.<\/p>\n<p>Id\u00e9n az els\u0151 k\u00e9t h\u00f3napban 596 dolgoz\u00f3 vizsg\u00e1lata fejez\u0151d\u00f6tt be, ebb\u0151l 540 kifog\u00e1stalan \u00e9letvitel\u0171 volt \u2013 azaz itt ar\u00e1nyaiban j\u00f3val t\u00f6bb kifog\u00e1solhat\u00f3 eset van. Horv\u00e1th Tam\u00e1s Bal\u00e1zs, a Nemzeti V\u00e9delmi Szolg\u00e1lat munkat\u00e1rsa a korm\u00e1ny, a munk\u00e1ltat\u00f3k \u00e9s munkav\u00e1llal\u00f3k k\u00e9pvisel\u0151inek tal\u00e1lkoz\u00f3j\u00e1n ugyanakkor azt mondta: sokan meg sem v\u00e1rj\u00e1k a vizsg\u00e1lat v\u00e9g\u00e9t.<\/p>\n<p>A rendszerben a b\u0171nelk\u00f6vet\u0151k sz\u00e1ma ugyan alacsony, m\u00e9gis sok a b\u0171n\u00fcgy, nagyon sok ugyanis a feljelent\u00e9s. Azt nem tudni, hogy a koll\u00e9g\u00e1k vagy a gyerekek keresik-e meg nagy sz\u00e1mban a rend\u0151rs\u00e9get, de az biztos, hogy a jelens\u00e9g t\u00falterheli a rend\u0151rs\u00e9get: jelenleg 221 elj\u00e1r\u00e1s van folyamatban. Az alkalmatlannak min\u0151s\u00edtett munkat\u00e1rsak foglalkoztat\u00e1si jogviszony\u00e1t azonnal megsz\u00fcntetik, a mag\u00e1n-vagy munkahelyi probl\u00e9m\u00e1val k\u00fczd\u0151 dolgoz\u00f3 pedig korl\u00e1tozottan alkalmas min\u0151s\u00edt\u00e9st kap.<\/p>\n<p>Forr\u00e1s: <a href=\"https:\/\/hvg.hu\/itthon\/20250505_A-dolgozok-harmada-tavozott-a-gyerekvedelembol\" target=\"_blank\" rel=\"nofollow noopener noreferrer\">hvg.hu<\/a><\/p>\n","protected":false},"excerpt":{"rendered":"<p>Az elm\u00falt \u00e9vben t\u00f6bb vizsg\u00e1latot v\u00e9geztek a gyermekv\u00e9delemben dolgoz\u00f3k k\u00f6r\u00e9ben. Emiatt is sokan felmondtak \u00e9s m\u00e1s ter\u00fcleten kerestek munk\u00e1t. A vizsg\u00e1lt dolgoz\u00f3k k\u00f6r\u00e9ben t\u00f6bb rend\u0151rs\u00e9gi vizsg\u00e1lat is folyik. Mind\u00f6ssze 75 esetben \u00e1llap\u00edtottak meg kifog\u00e1solhat\u00f3 \u00e9letvitelt 2024-ben, pedig t\u00f6bb mint 13 ezer vizsg\u00e1latot v\u00e9geztek el. A gyermekv\u00e9delmi rendszerben dolgoz\u00f3k 30 sz\u00e1zal\u00e9ka t\u00e1vozott tavaly, az \u00faj jelentkez\u0151knek [&hellip;]<\/p>\n","protected":false},"author":1,"featured_media":8365,"comment_status":"closed","ping_status":"closed","sticky":false,"template":"","format":"standard","meta":{"_monsterinsights_skip_tracking":false,"footnotes":""},"categories":[200],"tags":[913],"class_list":["post-8364","post","type-post","status-publish","format-standard","has-post-thumbnail","hentry","category-munkaeropiac","tag-gyermekvedelemben"],"aioseo_notices":[],"aioseo_head":"\n\t\t<!-- All in One SEO 5.0.0.1 - aioseo.com -->\n\t<meta name=\"description\" content=\"Az elm\u00falt \u00e9vben t\u00f6bb vizsg\u00e1latot v\u00e9geztek a gyermekv\u00e9delemben dolgoz\u00f3k k\u00f6r\u00e9ben. Emiatt is sokan felmondtak \u00e9s m\u00e1s ter\u00fcleten kerestek munk\u00e1t.\" \/>\n\t<meta name=\"robots\" content=\"max-image-preview:large\" \/>\n\t<meta name=\"author\" content=\"Juh\u00e1sz P\u00e9ter\"\/>\n\t<meta name=\"keywords\" content=\"gyermekv\u00e9delemben\" \/>\n\t<link rel=\"canonical\" href=\"https:\/\/allasorias.hu\/hirek\/sokan-felmondtak-a-gyermekvedelemben-dolgozok-kozul\/\" \/>\n\t<meta name=\"generator\" content=\"All in One SEO (AIOSEO) 5.0.0.1\" \/>\n\t\t<meta property=\"og:locale\" content=\"hu_HU\" \/>\n\t\t<meta property=\"og:site_name\" content=\"AllasOrias.hu | H\u00edrek-lapszemle | \u00dczleti h\u00edrek az \u00e1ll\u00e1s \u00e9s a munka vil\u00e1g\u00e1b\u00f3l\" \/>\n\t\t<meta property=\"og:type\" content=\"article\" \/>\n\t\t<meta property=\"og:title\" content=\"Sokan a felmond\u00e1s a gyermekv\u00e9delemben dolgoz\u00f3k k\u00f6r\u00e9ben\" \/>\n\t\t<meta property=\"og:description\" content=\"Az elm\u00falt \u00e9vben t\u00f6bb vizsg\u00e1latot v\u00e9geztek a gyermekv\u00e9delemben dolgoz\u00f3k k\u00f6r\u00e9ben. Emiatt is sokan felmondtak \u00e9s m\u00e1s ter\u00fcleten kerestek munk\u00e1t.\" \/>\n\t\t<meta property=\"og:url\" content=\"https:\/\/allasorias.hu\/hirek\/sokan-felmondtak-a-gyermekvedelemben-dolgozok-kozul\/\" \/>\n\t\t<meta property=\"og:image\" content=\"https:\/\/allasorias.hu\/hirek\/wp-content\/uploads\/2025\/05\/gyermekvedelmi-dolgozok.jpg\" \/>\n\t\t<meta property=\"og:image:secure_url\" content=\"https:\/\/allasorias.hu\/hirek\/wp-content\/uploads\/2025\/05\/gyermekvedelmi-dolgozok.jpg\" \/>\n\t\t<meta property=\"og:image:width\" content=\"1920\" \/>\n\t\t<meta property=\"og:image:height\" content=\"1280\" \/>\n\t\t<meta property=\"article:published_time\" content=\"2025-05-05T09:46:53+00:00\" \/>\n\t\t<meta property=\"article:modified_time\" content=\"2025-05-05T09:46:53+00:00\" \/>\n\t\t<meta property=\"article:publisher\" content=\"https:\/\/www.facebook.com\/allasorias\" \/>\n\t\t<meta name=\"twitter:card\" content=\"summary_large_image\" \/>\n\t\t<meta name=\"twitter:title\" content=\"Sokan a felmond\u00e1s a gyermekv\u00e9delemben dolgoz\u00f3k k\u00f6r\u00e9ben\" \/>\n\t\t<meta name=\"twitter:description\" content=\"Az elm\u00falt \u00e9vben t\u00f6bb vizsg\u00e1latot v\u00e9geztek a gyermekv\u00e9delemben dolgoz\u00f3k k\u00f6r\u00e9ben. Emiatt is sokan felmondtak \u00e9s m\u00e1s ter\u00fcleten kerestek munk\u00e1t.\" \/>\n\t\t<meta name=\"twitter:image\" content=\"https:\/\/allasorias.hu\/hirek\/wp-content\/uploads\/2025\/05\/gyermekvedelmi-dolgozok.jpg\" \/>\n\t\t<meta name=\"twitter:label1\" content=\"Written by\" \/>\n\t\t<meta name=\"twitter:data1\" content=\"Juh\u00e1sz P\u00e9ter\" \/>\n\t\t<meta name=\"twitter:label2\" content=\"Est. reading time\" \/>\n\t\t<meta name=\"twitter:data2\" content=\"1 minute\" \/>\n\t\t<script type=\"application\/ld+json\" class=\"aioseo-schema\">\n\t\t\t{\"@context\":\"https:\\\/\\\/schema.org\",\"@graph\":[{\"@type\":\"Article\",\"@id\":\"https:\\\/\\\/allasorias.hu\\\/hirek\\\/sokan-felmondtak-a-gyermekvedelemben-dolgozok-kozul\\\/#article\",\"name\":\"Sokan a felmond\\u00e1s a gyermekv\\u00e9delemben dolgoz\\u00f3k k\\u00f6r\\u00e9ben\",\"headline\":\"Sokan felmondtak a gyermekv\\u00e9delemben dolgoz\\u00f3k k\\u00f6z\\u00fcl\",\"author\":{\"@id\":\"https:\\\/\\\/allasorias.hu\\\/hirek\\\/author\\\/admin-allasorias\\\/#author\"},\"publisher\":{\"@id\":\"https:\\\/\\\/allasorias.hu\\\/hirek\\\/#organization\"},\"image\":{\"@type\":\"ImageObject\",\"url\":\"https:\\\/\\\/allasorias.hu\\\/hirek\\\/wp-content\\\/uploads\\\/2025\\\/05\\\/gyermekvedelmi-dolgozok.jpg\",\"width\":1920,\"height\":1280,\"caption\":\"Sokan felmondtak a gyermekv\\u00e9delemben dolgoz\\u00f3k k\\u00f6z\\u00fcl - Allasorias.hu\\\/Hirek\"},\"datePublished\":\"2025-05-05T11:46:53+02:00\",\"dateModified\":\"2025-05-05T11:46:53+02:00\",\"inLanguage\":\"hu-HU\",\"mainEntityOfPage\":{\"@id\":\"https:\\\/\\\/allasorias.hu\\\/hirek\\\/sokan-felmondtak-a-gyermekvedelemben-dolgozok-kozul\\\/#webpage\"},\"isPartOf\":{\"@id\":\"https:\\\/\\\/allasorias.hu\\\/hirek\\\/sokan-felmondtak-a-gyermekvedelemben-dolgozok-kozul\\\/#webpage\"},\"articleSection\":\"Munkaer\\u0151piac, gyermekv\\u00e9delemben\"},{\"@type\":\"BreadcrumbList\",\"@id\":\"https:\\\/\\\/allasorias.hu\\\/hirek\\\/sokan-felmondtak-a-gyermekvedelemben-dolgozok-kozul\\\/#breadcrumblist\",\"itemListElement\":[{\"@type\":\"ListItem\",\"@id\":\"https:\\\/\\\/allasorias.hu\\\/hirek#listItem\",\"position\":1,\"name\":\"Home\",\"item\":\"https:\\\/\\\/allasorias.hu\\\/hirek\",\"nextItem\":{\"@type\":\"ListItem\",\"@id\":\"https:\\\/\\\/allasorias.hu\\\/hirek\\\/temak\\\/munkaeropiac\\\/#listItem\",\"name\":\"Munkaer\\u0151piac\"}},{\"@type\":\"ListItem\",\"@id\":\"https:\\\/\\\/allasorias.hu\\\/hirek\\\/temak\\\/munkaeropiac\\\/#listItem\",\"position\":2,\"name\":\"Munkaer\\u0151piac\",\"item\":\"https:\\\/\\\/allasorias.hu\\\/hirek\\\/temak\\\/munkaeropiac\\\/\",\"nextItem\":{\"@type\":\"ListItem\",\"@id\":\"https:\\\/\\\/allasorias.hu\\\/hirek\\\/sokan-felmondtak-a-gyermekvedelemben-dolgozok-kozul\\\/#listItem\",\"name\":\"Sokan felmondtak a gyermekv\\u00e9delemben dolgoz\\u00f3k k\\u00f6z\\u00fcl\"},\"previousItem\":{\"@type\":\"ListItem\",\"@id\":\"https:\\\/\\\/allasorias.hu\\\/hirek#listItem\",\"name\":\"Home\"}},{\"@type\":\"ListItem\",\"@id\":\"https:\\\/\\\/allasorias.hu\\\/hirek\\\/sokan-felmondtak-a-gyermekvedelemben-dolgozok-kozul\\\/#listItem\",\"position\":3,\"name\":\"Sokan felmondtak a gyermekv\\u00e9delemben dolgoz\\u00f3k k\\u00f6z\\u00fcl\",\"previousItem\":{\"@type\":\"ListItem\",\"@id\":\"https:\\\/\\\/allasorias.hu\\\/hirek\\\/temak\\\/munkaeropiac\\\/#listItem\",\"name\":\"Munkaer\\u0151piac\"}}]},{\"@type\":\"Organization\",\"@id\":\"https:\\\/\\\/allasorias.hu\\\/hirek\\\/#organization\",\"name\":\"AllasOrias.hu | H\\u00edrek-lapszemle\",\"description\":\"\\u00dczleti h\\u00edrek az \\u00e1ll\\u00e1s \\u00e9s a munka vil\\u00e1g\\u00e1b\\u00f3l\",\"url\":\"https:\\\/\\\/allasorias.hu\\\/hirek\\\/\",\"logo\":{\"@type\":\"ImageObject\",\"url\":\"https:\\\/\\\/allasorias.hu\\\/hirek\\\/wp-content\\\/uploads\\\/2022\\\/10\\\/allasorias_site_facebok_logo.png\",\"@id\":\"https:\\\/\\\/allasorias.hu\\\/hirek\\\/sokan-felmondtak-a-gyermekvedelemben-dolgozok-kozul\\\/#organizationLogo\"},\"image\":{\"@id\":\"https:\\\/\\\/allasorias.hu\\\/hirek\\\/sokan-felmondtak-a-gyermekvedelemben-dolgozok-kozul\\\/#organizationLogo\"},\"sameAs\":[\"https:\\\/\\\/www.facebook.com\\\/allasorias\",\"https:\\\/\\\/www.linkedin.com\\\/company\\\/allasorias\"]},{\"@type\":\"Person\",\"@id\":\"https:\\\/\\\/allasorias.hu\\\/hirek\\\/author\\\/admin-allasorias\\\/#author\",\"url\":\"https:\\\/\\\/allasorias.hu\\\/hirek\\\/author\\\/admin-allasorias\\\/\",\"name\":\"Juh\\u00e1sz P\\u00e9ter\",\"image\":{\"@type\":\"ImageObject\",\"@id\":\"https:\\\/\\\/allasorias.hu\\\/hirek\\\/sokan-felmondtak-a-gyermekvedelemben-dolgozok-kozul\\\/#authorImage\",\"url\":\"https:\\\/\\\/secure.gravatar.com\\\/avatar\\\/36e6bcb83148978b992977cb0f54d22feb0cce8a0a849a9410532bb2623ba4c6?s=96&d=mm&r=g\",\"width\":96,\"height\":96,\"caption\":\"Juh\\u00e1sz P\\u00e9ter\"}},{\"@type\":\"WebPage\",\"@id\":\"https:\\\/\\\/allasorias.hu\\\/hirek\\\/sokan-felmondtak-a-gyermekvedelemben-dolgozok-kozul\\\/#webpage\",\"url\":\"https:\\\/\\\/allasorias.hu\\\/hirek\\\/sokan-felmondtak-a-gyermekvedelemben-dolgozok-kozul\\\/\",\"name\":\"Sokan a felmond\\u00e1s a gyermekv\\u00e9delemben dolgoz\\u00f3k k\\u00f6r\\u00e9ben\",\"description\":\"Az elm\\u00falt \\u00e9vben t\\u00f6bb vizsg\\u00e1latot v\\u00e9geztek a gyermekv\\u00e9delemben dolgoz\\u00f3k k\\u00f6r\\u00e9ben. Emiatt is sokan felmondtak \\u00e9s m\\u00e1s ter\\u00fcleten kerestek munk\\u00e1t.\",\"inLanguage\":\"hu-HU\",\"isPartOf\":{\"@id\":\"https:\\\/\\\/allasorias.hu\\\/hirek\\\/#website\"},\"breadcrumb\":{\"@id\":\"https:\\\/\\\/allasorias.hu\\\/hirek\\\/sokan-felmondtak-a-gyermekvedelemben-dolgozok-kozul\\\/#breadcrumblist\"},\"author\":{\"@id\":\"https:\\\/\\\/allasorias.hu\\\/hirek\\\/author\\\/admin-allasorias\\\/#author\"},\"creator\":{\"@id\":\"https:\\\/\\\/allasorias.hu\\\/hirek\\\/author\\\/admin-allasorias\\\/#author\"},\"image\":{\"@type\":\"ImageObject\",\"url\":\"https:\\\/\\\/allasorias.hu\\\/hirek\\\/wp-content\\\/uploads\\\/2025\\\/05\\\/gyermekvedelmi-dolgozok.jpg\",\"@id\":\"https:\\\/\\\/allasorias.hu\\\/hirek\\\/sokan-felmondtak-a-gyermekvedelemben-dolgozok-kozul\\\/#mainImage\",\"width\":1920,\"height\":1280,\"caption\":\"Sokan felmondtak a gyermekv\\u00e9delemben dolgoz\\u00f3k k\\u00f6z\\u00fcl - Allasorias.hu\\\/Hirek\"},\"primaryImageOfPage\":{\"@id\":\"https:\\\/\\\/allasorias.hu\\\/hirek\\\/sokan-felmondtak-a-gyermekvedelemben-dolgozok-kozul\\\/#mainImage\"},\"datePublished\":\"2025-05-05T11:46:53+02:00\",\"dateModified\":\"2025-05-05T11:46:53+02:00\"},{\"@type\":\"WebSite\",\"@id\":\"https:\\\/\\\/allasorias.hu\\\/hirek\\\/#website\",\"url\":\"https:\\\/\\\/allasorias.hu\\\/hirek\\\/\",\"name\":\"AllasOrias.hu | H\\u00edrek-lapszemle\",\"description\":\"\\u00dczleti h\\u00edrek az \\u00e1ll\\u00e1s \\u00e9s a munka vil\\u00e1g\\u00e1b\\u00f3l\",\"inLanguage\":\"hu-HU\",\"publisher\":{\"@id\":\"https:\\\/\\\/allasorias.hu\\\/hirek\\\/#organization\"}}]}\n\t\t<\/script>\n\t\t<!-- All in One SEO -->\n\n","aioseo_head_json":{"title":"Sokan a felmond\u00e1s a gyermekv\u00e9delemben dolgoz\u00f3k k\u00f6r\u00e9ben","description":"Az elm\u00falt \u00e9vben t\u00f6bb vizsg\u00e1latot v\u00e9geztek a gyermekv\u00e9delemben dolgoz\u00f3k k\u00f6r\u00e9ben. Emiatt is sokan felmondtak \u00e9s m\u00e1s ter\u00fcleten kerestek munk\u00e1t.","canonical_url":"https:\/\/allasorias.hu\/hirek\/sokan-felmondtak-a-gyermekvedelemben-dolgozok-kozul\/","robots":"max-image-preview:large","keywords":"gyermekv\u00e9delemben","webmasterTools":{"miscellaneous":""},"schema":{"@context":"https:\/\/schema.org","@graph":[{"@type":"Article","@id":"https:\/\/allasorias.hu\/hirek\/sokan-felmondtak-a-gyermekvedelemben-dolgozok-kozul\/#article","name":"Sokan a felmond\u00e1s a gyermekv\u00e9delemben dolgoz\u00f3k k\u00f6r\u00e9ben","headline":"Sokan felmondtak a gyermekv\u00e9delemben dolgoz\u00f3k k\u00f6z\u00fcl","author":{"@id":"https:\/\/allasorias.hu\/hirek\/author\/admin-allasorias\/#author"},"publisher":{"@id":"https:\/\/allasorias.hu\/hirek\/#organization"},"image":{"@type":"ImageObject","url":"https:\/\/allasorias.hu\/hirek\/wp-content\/uploads\/2025\/05\/gyermekvedelmi-dolgozok.jpg","width":1920,"height":1280,"caption":"Sokan felmondtak a gyermekv\u00e9delemben dolgoz\u00f3k k\u00f6z\u00fcl - Allasorias.hu\/Hirek"},"datePublished":"2025-05-05T11:46:53+02:00","dateModified":"2025-05-05T11:46:53+02:00","inLanguage":"hu-HU","mainEntityOfPage":{"@id":"https:\/\/allasorias.hu\/hirek\/sokan-felmondtak-a-gyermekvedelemben-dolgozok-kozul\/#webpage"},"isPartOf":{"@id":"https:\/\/allasorias.hu\/hirek\/sokan-felmondtak-a-gyermekvedelemben-dolgozok-kozul\/#webpage"},"articleSection":"Munkaer\u0151piac, gyermekv\u00e9delemben"},{"@type":"BreadcrumbList","@id":"https:\/\/allasorias.hu\/hirek\/sokan-felmondtak-a-gyermekvedelemben-dolgozok-kozul\/#breadcrumblist","itemListElement":[{"@type":"ListItem","@id":"https:\/\/allasorias.hu\/hirek#listItem","position":1,"name":"Home","item":"https:\/\/allasorias.hu\/hirek","nextItem":{"@type":"ListItem","@id":"https:\/\/allasorias.hu\/hirek\/temak\/munkaeropiac\/#listItem","name":"Munkaer\u0151piac"}},{"@type":"ListItem","@id":"https:\/\/allasorias.hu\/hirek\/temak\/munkaeropiac\/#listItem","position":2,"name":"Munkaer\u0151piac","item":"https:\/\/allasorias.hu\/hirek\/temak\/munkaeropiac\/","nextItem":{"@type":"ListItem","@id":"https:\/\/allasorias.hu\/hirek\/sokan-felmondtak-a-gyermekvedelemben-dolgozok-kozul\/#listItem","name":"Sokan felmondtak a gyermekv\u00e9delemben dolgoz\u00f3k k\u00f6z\u00fcl"},"previousItem":{"@type":"ListItem","@id":"https:\/\/allasorias.hu\/hirek#listItem","name":"Home"}},{"@type":"ListItem","@id":"https:\/\/allasorias.hu\/hirek\/sokan-felmondtak-a-gyermekvedelemben-dolgozok-kozul\/#listItem","position":3,"name":"Sokan felmondtak a gyermekv\u00e9delemben dolgoz\u00f3k k\u00f6z\u00fcl","previousItem":{"@type":"ListItem","@id":"https:\/\/allasorias.hu\/hirek\/temak\/munkaeropiac\/#listItem","name":"Munkaer\u0151piac"}}]},{"@type":"Organization","@id":"https:\/\/allasorias.hu\/hirek\/#organization","name":"AllasOrias.hu | H\u00edrek-lapszemle","description":"\u00dczleti h\u00edrek az \u00e1ll\u00e1s \u00e9s a munka vil\u00e1g\u00e1b\u00f3l","url":"https:\/\/allasorias.hu\/hirek\/","logo":{"@type":"ImageObject","url":"https:\/\/allasorias.hu\/hirek\/wp-content\/uploads\/2022\/10\/allasorias_site_facebok_logo.png","@id":"https:\/\/allasorias.hu\/hirek\/sokan-felmondtak-a-gyermekvedelemben-dolgozok-kozul\/#organizationLogo"},"image":{"@id":"https:\/\/allasorias.hu\/hirek\/sokan-felmondtak-a-gyermekvedelemben-dolgozok-kozul\/#organizationLogo"},"sameAs":["https:\/\/www.facebook.com\/allasorias","https:\/\/www.linkedin.com\/company\/allasorias"]},{"@type":"Person","@id":"https:\/\/allasorias.hu\/hirek\/author\/admin-allasorias\/#author","url":"https:\/\/allasorias.hu\/hirek\/author\/admin-allasorias\/","name":"Juh\u00e1sz P\u00e9ter","image":{"@type":"ImageObject","@id":"https:\/\/allasorias.hu\/hirek\/sokan-felmondtak-a-gyermekvedelemben-dolgozok-kozul\/#authorImage","url":"https:\/\/secure.gravatar.com\/avatar\/36e6bcb83148978b992977cb0f54d22feb0cce8a0a849a9410532bb2623ba4c6?s=96&d=mm&r=g","width":96,"height":96,"caption":"Juh\u00e1sz P\u00e9ter"}},{"@type":"WebPage","@id":"https:\/\/allasorias.hu\/hirek\/sokan-felmondtak-a-gyermekvedelemben-dolgozok-kozul\/#webpage","url":"https:\/\/allasorias.hu\/hirek\/sokan-felmondtak-a-gyermekvedelemben-dolgozok-kozul\/","name":"Sokan a felmond\u00e1s a gyermekv\u00e9delemben dolgoz\u00f3k k\u00f6r\u00e9ben","description":"Az elm\u00falt \u00e9vben t\u00f6bb vizsg\u00e1latot v\u00e9geztek a gyermekv\u00e9delemben dolgoz\u00f3k k\u00f6r\u00e9ben. Emiatt is sokan felmondtak \u00e9s m\u00e1s ter\u00fcleten kerestek munk\u00e1t.","inLanguage":"hu-HU","isPartOf":{"@id":"https:\/\/allasorias.hu\/hirek\/#website"},"breadcrumb":{"@id":"https:\/\/allasorias.hu\/hirek\/sokan-felmondtak-a-gyermekvedelemben-dolgozok-kozul\/#breadcrumblist"},"author":{"@id":"https:\/\/allasorias.hu\/hirek\/author\/admin-allasorias\/#author"},"creator":{"@id":"https:\/\/allasorias.hu\/hirek\/author\/admin-allasorias\/#author"},"image":{"@type":"ImageObject","url":"https:\/\/allasorias.hu\/hirek\/wp-content\/uploads\/2025\/05\/gyermekvedelmi-dolgozok.jpg","@id":"https:\/\/allasorias.hu\/hirek\/sokan-felmondtak-a-gyermekvedelemben-dolgozok-kozul\/#mainImage","width":1920,"height":1280,"caption":"Sokan felmondtak a gyermekv\u00e9delemben dolgoz\u00f3k k\u00f6z\u00fcl - Allasorias.hu\/Hirek"},"primaryImageOfPage":{"@id":"https:\/\/allasorias.hu\/hirek\/sokan-felmondtak-a-gyermekvedelemben-dolgozok-kozul\/#mainImage"},"datePublished":"2025-05-05T11:46:53+02:00","dateModified":"2025-05-05T11:46:53+02:00"},{"@type":"WebSite","@id":"https:\/\/allasorias.hu\/hirek\/#website","url":"https:\/\/allasorias.hu\/hirek\/","name":"AllasOrias.hu | H\u00edrek-lapszemle","description":"\u00dczleti h\u00edrek az \u00e1ll\u00e1s \u00e9s a munka vil\u00e1g\u00e1b\u00f3l","inLanguage":"hu-HU","publisher":{"@id":"https:\/\/allasorias.hu\/hirek\/#organization"}}]},"og:locale":"hu_HU","og:site_name":"AllasOrias.hu | H\u00edrek-lapszemle | \u00dczleti h\u00edrek az \u00e1ll\u00e1s \u00e9s a munka vil\u00e1g\u00e1b\u00f3l","og:type":"article","og:title":"Sokan a felmond\u00e1s a gyermekv\u00e9delemben dolgoz\u00f3k k\u00f6r\u00e9ben","og:description":"Az elm\u00falt \u00e9vben t\u00f6bb vizsg\u00e1latot v\u00e9geztek a gyermekv\u00e9delemben dolgoz\u00f3k k\u00f6r\u00e9ben. Emiatt is sokan felmondtak \u00e9s m\u00e1s ter\u00fcleten kerestek munk\u00e1t.","og:url":"https:\/\/allasorias.hu\/hirek\/sokan-felmondtak-a-gyermekvedelemben-dolgozok-kozul\/","og:image":"https:\/\/allasorias.hu\/hirek\/wp-content\/uploads\/2025\/05\/gyermekvedelmi-dolgozok.jpg","og:image:secure_url":"https:\/\/allasorias.hu\/hirek\/wp-content\/uploads\/2025\/05\/gyermekvedelmi-dolgozok.jpg","og:image:width":1920,"og:image:height":1280,"article:published_time":"2025-05-05T09:46:53+00:00","article:modified_time":"2025-05-05T09:46:53+00:00","article:publisher":"https:\/\/www.facebook.com\/allasorias","twitter:card":"summary_large_image","twitter:title":"Sokan a felmond\u00e1s a gyermekv\u00e9delemben dolgoz\u00f3k k\u00f6r\u00e9ben","twitter:description":"Az elm\u00falt \u00e9vben t\u00f6bb vizsg\u00e1latot v\u00e9geztek a gyermekv\u00e9delemben dolgoz\u00f3k k\u00f6r\u00e9ben. Emiatt is sokan felmondtak \u00e9s m\u00e1s ter\u00fcleten kerestek munk\u00e1t.","twitter:image":"https:\/\/allasorias.hu\/hirek\/wp-content\/uploads\/2025\/05\/gyermekvedelmi-dolgozok.jpg","twitter:label1":"Written by","twitter:data1":"Juh\u00e1sz P\u00e9ter","twitter:label2":"Est. reading time","twitter:data2":"1 minute"},"aioseo_meta_data":{"post_id":"8364","title":"Sokan a felmond\u00e1s a gyermekv\u00e9delemben dolgoz\u00f3k k\u00f6r\u00e9ben","description":"Az elm\u00falt \u00e9vben t\u00f6bb vizsg\u00e1latot v\u00e9geztek a gyermekv\u00e9delemben dolgoz\u00f3k k\u00f6r\u00e9ben. Emiatt is sokan felmondtak \u00e9s m\u00e1s ter\u00fcleten kerestek munk\u00e1t.","keywords":null,"keyphrases":{"focus":{"keyphrase":"","score":0,"analysis":{"keyphraseInTitle":{"score":0,"maxScore":9,"error":1}}},"additional":[]},"primary_term":null,"canonical_url":null,"og_title":null,"og_description":null,"og_object_type":"default","og_image_type":"default","og_image_url":null,"og_image_width":null,"og_image_height":null,"og_image_custom_url":null,"og_image_custom_fields":null,"og_video":"","og_custom_url":null,"og_article_section":null,"og_article_tags":null,"twitter_use_og":true,"twitter_card":"default","twitter_image_type":"default","twitter_image_url":null,"twitter_image_custom_url":null,"twitter_image_custom_fields":null,"twitter_title":null,"twitter_description":null,"schema":{"blockGraphs":[],"customGraphs":[],"default":{"data":{"Article":[],"Course":[],"Dataset":[],"FAQPage":[],"Movie":[],"Person":[],"Product":[],"ProductReview":[],"Car":[],"Recipe":[],"Service":[],"SoftwareApplication":[],"WebPage":[]},"graphName":"Article","isEnabled":true},"graphs":[]},"schema_type":"default","schema_type_options":null,"pillar_content":false,"robots_default":true,"robots_noindex":false,"robots_noarchive":false,"robots_nosnippet":false,"robots_nofollow":false,"robots_noimageindex":false,"robots_noodp":false,"robots_notranslate":false,"robots_max_snippet":"-1","robots_max_videopreview":"-1","robots_max_imagepreview":"large","priority":null,"frequency":"default","location":null,"local_seo":null,"breadcrumb_settings":null,"limit_modified_date":false,"ai":null,"created":"2025-05-05 09:39:51","updated":"2025-10-02 21:11:25","seo_analyzer_scan_date":null,"focus_keyword":null,"additional_keywords":null,"truseo_locale":null},"aioseo_breadcrumb":"<div class=\"aioseo-breadcrumbs\"><span class=\"aioseo-breadcrumb\">\n\t\t\t<a href=\"https:\/\/allasorias.hu\/hirek\" title=\"Home\">Home<\/a>\n\t\t<\/span><span class=\"aioseo-breadcrumb-separator\">&raquo;<\/span><span class=\"aioseo-breadcrumb\">\n\t\t\t<a href=\"https:\/\/allasorias.hu\/hirek\/temak\/munkaeropiac\/\" title=\"Munkaer\u0151piac\">Munkaer\u0151piac<\/a>\n\t\t<\/span><span class=\"aioseo-breadcrumb-separator\">&raquo;<\/span><span class=\"aioseo-breadcrumb\">\n\t\t\tSokan felmondtak a gyermekv\u00e9delemben dolgoz\u00f3k k\u00f6z\u00fcl\n\t\t<\/span><\/div>","aioseo_breadcrumb_json":[{"label":"Home","link":"https:\/\/allasorias.hu\/hirek"},{"label":"Munkaer\u0151piac","link":"https:\/\/allasorias.hu\/hirek\/temak\/munkaeropiac\/"},{"label":"Sokan felmondtak a gyermekv\u00e9delemben dolgoz\u00f3k k\u00f6z\u00fcl","link":"https:\/\/allasorias.hu\/hirek\/sokan-felmondtak-a-gyermekvedelemben-dolgozok-kozul\/"}],"_links":{"self":[{"href":"https:\/\/allasorias.hu\/hirek\/wp-json\/wp\/v2\/posts\/8364","targetHints":{"allow":["GET"]}}],"collection":[{"href":"https:\/\/allasorias.hu\/hirek\/wp-json\/wp\/v2\/posts"}],"about":[{"href":"https:\/\/allasorias.hu\/hirek\/wp-json\/wp\/v2\/types\/post"}],"author":[{"embeddable":true,"href":"https:\/\/allasorias.hu\/hirek\/wp-json\/wp\/v2\/users\/1"}],"replies":[{"embeddable":true,"href":"https:\/\/allasorias.hu\/hirek\/wp-json\/wp\/v2\/comments?post=8364"}],"version-history":[{"count":1,"href":"https:\/\/allasorias.hu\/hirek\/wp-json\/wp\/v2\/posts\/8364\/revisions"}],"predecessor-version":[{"id":8366,"href":"https:\/\/allasorias.hu\/hirek\/wp-json\/wp\/v2\/posts\/8364\/revisions\/8366"}],"wp:featuredmedia":[{"embeddable":true,"href":"https:\/\/allasorias.hu\/hirek\/wp-json\/wp\/v2\/media\/8365"}],"wp:attachment":[{"href":"https:\/\/allasorias.hu\/hirek\/wp-json\/wp\/v2\/media?parent=8364"}],"wp:term":[{"taxonomy":"category","embeddable":true,"href":"https:\/\/allasorias.hu\/hirek\/wp-json\/wp\/v2\/categories?post=8364"},{"taxonomy":"post_tag","embeddable":true,"href":"https:\/\/allasorias.hu\/hirek\/wp-json\/wp\/v2\/tags?post=8364"}],"curies":[{"name":"wp","href":"https:\/\/api.w.org\/{rel}","templated":true}]}}