{"id":8360,"date":"2025-04-30T10:44:07","date_gmt":"2025-04-30T08:44:07","guid":{"rendered":"https:\/\/allasorias.hu\/hirek\/?p=8360"},"modified":"2025-04-30T10:44:52","modified_gmt":"2025-04-30T08:44:52","slug":"eszak-magyarorszagon-legalacsonyabb-a-fizikai-munkasok-orabere","status":"publish","type":"post","link":"https:\/\/allasorias.hu\/hirek\/eszak-magyarorszagon-legalacsonyabb-a-fizikai-munkasok-orabere\/","title":{"rendered":"\u00c9szak-Magyarorsz\u00e1gon legalacsonyabb a fizikai munk\u00e1sok \u00f3rab\u00e9re"},"content":{"rendered":"<p><strong>Egy felm\u00e9r\u00e9s szerint a legalacsonyabb \u00c9szak-Magyarorsz\u00e1gon a fizikai munk\u00e1sok \u00f3rab\u00e9re, ami ugyan emelked\u00e9st mutat. A k\u00f6z\u00e9pvezet\u0151k b\u00e9re is emelkedett t\u00f6bb mint 7%-al.<\/strong><\/p>\n<p>A fizikai munk\u00e1t v\u00e9gz\u0151 szak- \u00e9s betan\u00edtott munk\u00e1sok \u00e1tlagos brutt\u00f3 \u00f3rab\u00e9re 2250 forint volt id\u00e9n az els\u0151 negyed\u00e9vben, 9,1 sz\u00e1zal\u00e9kkal n\u0151tt az el\u0151z\u0151 \u00e9v azonos id\u0151szak\u00e1ban m\u00e9rt 2061 forinthoz k\u00e9pest \u2013 k\u00f6z\u00f6lte a Trenkwalder \u00e9s a Moore Hungary kedden az MTI-vel. A munkaer\u0151-k\u00f6lcs\u00f6nz\u00e9ssel \u00e9s -k\u00f6zvet\u00edt\u00e9ssel foglalkoz\u00f3 Trenkwalder csaknem 7 ezer munkav\u00e1llal\u00f3 b\u00e9radatait dolgozta fel. A f\u00f6ldrajzi bont\u00e1s alapj\u00e1n kider\u00fclt, hogy 2025 els\u0151 h\u00f3napjaiban a r\u00e9gi\u00f3k t\u00f6bbs\u00e9g\u00e9ben m\u00e1r j\u00f3val 2000 forint felett alakult az \u00e1tlagos fizikai \u00f3rab\u00e9r:<\/p>\n<ul>\n<li>jellemz\u0151en 2100-2400 forint k\u00f6z\u00f6tti s\u00e1vban,<\/li>\n<li>\u00f6z\u00e9p-Magyarorsz\u00e1gon \u00e9s a f\u0151v\u00e1rosban m\u00e1r kicsivel \u00e1tl\u00e9pte a 3000 forintot is.<\/li>\n<li>\u00c9szak-Magyarorsz\u00e1gon 1850 forint k\u00f6r\u00fcl alakult az \u00e1tlagos fizikai \u00f3rab\u00e9r.<\/li>\n<\/ul>\n<p>A k\u00f6zlem\u00e9ny id\u00e9zte Hamr\u00e1k Viktort, a Trenkwalder szolg\u00e1ltat\u00e1si igazgat\u00f3j\u00e1t, aki elmondta, hogy b\u00e1r az els\u0151 negyed\u00e9vben tapasztalt 9 sz\u00e1zal\u00e9kos \u00e9ves b\u00e9rn\u00f6veked\u00e9si \u00fctem elmarad az el\u0151z\u0151 \u00e9vi 14 sz\u00e1zal\u00e9kt\u00f3l, a fizikai munkav\u00e1llal\u00f3k m\u00e9g \u00edgy is mintegy 4 sz\u00e1zal\u00e9k k\u00f6r\u00fcli re\u00e1lb\u00e9remelked\u00e9ssel sz\u00e1molhatnak. A Moore Hungary tan\u00e1csad\u00f3 \u00e9s k\u00f6nyvvizsg\u00e1l\u00f3 c\u00e9g ezzel egy id\u0151ben t\u00f6bb mint 60 nemzetk\u00f6zi c\u00e9g magyarorsz\u00e1gi le\u00e1nyv\u00e1llalat\u00e1n\u00e1l dolgoz\u00f3, csaknem 500 k\u00f6z\u00e9pvezet\u0151 b\u00e9radatait vizsg\u00e1lta meg. A 800 ezer \u00e9s 1,2 milli\u00f3 forint k\u00f6z\u00f6tti havi brutt\u00f3 fizet\u00e9si s\u00e1vban dolgoz\u00f3 alkalmazottakn\u00e1l a b\u00e9remelked\u00e9s m\u00e9rt\u00e9ke 2025 els\u0151 h\u00e1rom h\u00f3napj\u00e1ban \u00e1tlagosan 7,4 sz\u00e1zal\u00e9k volt az el\u0151z\u0151 \u00e9v hasonl\u00f3 id\u0151szak\u00e1hoz viszony\u00edtva.<\/p>\n<p>Hajnal P\u00e9ter, a Moore Hungary \u00fcgyvezet\u0151 partnere a k\u00f6zlem\u00e9nyben megjegyezte, hogy b\u00e1r a szellemi k\u00f6z\u00e9pvezet\u0151k b\u00e9remel\u00e9si \u00fcteme n\u00e9h\u00e1ny sz\u00e1zal\u00e9kponttal a fizikai dolgoz\u00f3k\u00e9 alatt maradt, a re\u00e1lb\u00e9rek tekintet\u00e9ben eset\u00fckben is fennmaradt egy kism\u00e9rt\u00e9k\u0171 n\u00f6veked\u00e9s. A szakember hozz\u00e1tette, hogy egyel\u0151re nem tapasztalhat\u00f3 az el\u00e9gedetlens\u00e9g biztos jel\u00e9nek sz\u00e1m\u00edt\u00f3 fluktu\u00e1ci\u00f3 \u00e9rdemi felgyorsul\u00e1sa: a kil\u00e9p\u00e9si forgalom ebben az id\u0151szakban 2,4 sz\u00e1zal\u00e9kos volt, ami m\u00e9g a sok\u00e9ves \u00e1tlagos szint alatt maradt.<\/p>\n<p>Forr\u00e1s: <a href=\"https:\/\/hirado.hu\/belfold\/gazdasag\/cikk\/2025\/04\/29\/kozel-tiz-szazalekkal-nott-a-fizikai-dolgozok-atlagos-orabere-a-munkaeropiaccal-foglalkozo-ceg-szerint\" target=\"_blank\" rel=\"nofollow noopener noreferrer\">hirado.hu<\/a><\/p>\n<p>&nbsp;<\/p>\n","protected":false},"excerpt":{"rendered":"<p>Egy felm\u00e9r\u00e9s szerint a legalacsonyabb \u00c9szak-Magyarorsz\u00e1gon a fizikai munk\u00e1sok \u00f3rab\u00e9re, ami ugyan emelked\u00e9st mutat. A k\u00f6z\u00e9pvezet\u0151k b\u00e9re is emelkedett t\u00f6bb mint 7%-al. A fizikai munk\u00e1t v\u00e9gz\u0151 szak- \u00e9s betan\u00edtott munk\u00e1sok \u00e1tlagos brutt\u00f3 \u00f3rab\u00e9re 2250 forint volt id\u00e9n az els\u0151 negyed\u00e9vben, 9,1 sz\u00e1zal\u00e9kkal n\u0151tt az el\u0151z\u0151 \u00e9v azonos id\u0151szak\u00e1ban m\u00e9rt 2061 forinthoz k\u00e9pest \u2013 k\u00f6z\u00f6lte a [&hellip;]<\/p>\n","protected":false},"author":1,"featured_media":8361,"comment_status":"closed","ping_status":"closed","sticky":false,"template":"","format":"standard","meta":{"_monsterinsights_skip_tracking":false,"footnotes":""},"categories":[200],"tags":[256,912],"class_list":["post-8360","post","type-post","status-publish","format-standard","has-post-thumbnail","hentry","category-munkaeropiac","tag-beremeles","tag-fizikai-munkasok-bere"],"aioseo_notices":[],"aioseo_head":"\n\t\t<!-- All in One SEO 5.0.0.1 - aioseo.com -->\n\t<meta name=\"description\" content=\"Egy felm\u00e9r\u00e9s szerint a legalacsonyabb \u00c9szak-Magyarorsz\u00e1gon a fizikai munk\u00e1sok \u00f3rab\u00e9re, ami ugyan emelked\u00e9st mutat.\" \/>\n\t<meta name=\"robots\" content=\"max-image-preview:large\" \/>\n\t<meta name=\"author\" content=\"Juh\u00e1sz P\u00e9ter\"\/>\n\t<meta name=\"keywords\" content=\"b\u00e9remel\u00e9s,fizikai munk\u00e1sok b\u00e9re\" \/>\n\t<link rel=\"canonical\" href=\"https:\/\/allasorias.hu\/hirek\/eszak-magyarorszagon-legalacsonyabb-a-fizikai-munkasok-orabere\/\" \/>\n\t<meta name=\"generator\" content=\"All in One SEO (AIOSEO) 5.0.0.1\" \/>\n\t\t<meta property=\"og:locale\" content=\"hu_HU\" \/>\n\t\t<meta property=\"og:site_name\" content=\"AllasOrias.hu | H\u00edrek-lapszemle | \u00dczleti h\u00edrek az \u00e1ll\u00e1s \u00e9s a munka vil\u00e1g\u00e1b\u00f3l\" \/>\n\t\t<meta property=\"og:type\" content=\"article\" \/>\n\t\t<meta property=\"og:title\" content=\"\u00c9szak-Magyarorsz\u00e1gi fizikai munk\u00e1sok \u00f3rab\u00e9re\" \/>\n\t\t<meta property=\"og:description\" content=\"Egy felm\u00e9r\u00e9s szerint a legalacsonyabb \u00c9szak-Magyarorsz\u00e1gon a fizikai munk\u00e1sok \u00f3rab\u00e9re, ami ugyan emelked\u00e9st mutat.\" \/>\n\t\t<meta property=\"og:url\" content=\"https:\/\/allasorias.hu\/hirek\/eszak-magyarorszagon-legalacsonyabb-a-fizikai-munkasok-orabere\/\" \/>\n\t\t<meta property=\"og:image\" content=\"https:\/\/allasorias.hu\/hirek\/wp-content\/uploads\/2025\/04\/fizikai-munkasok-bere.jpg\" \/>\n\t\t<meta property=\"og:image:secure_url\" content=\"https:\/\/allasorias.hu\/hirek\/wp-content\/uploads\/2025\/04\/fizikai-munkasok-bere.jpg\" \/>\n\t\t<meta property=\"og:image:width\" content=\"1920\" \/>\n\t\t<meta property=\"og:image:height\" content=\"1281\" \/>\n\t\t<meta property=\"article:published_time\" content=\"2025-04-30T08:44:07+00:00\" \/>\n\t\t<meta property=\"article:modified_time\" content=\"2025-04-30T08:44:52+00:00\" \/>\n\t\t<meta property=\"article:publisher\" content=\"https:\/\/www.facebook.com\/allasorias\" \/>\n\t\t<meta name=\"twitter:card\" content=\"summary_large_image\" \/>\n\t\t<meta name=\"twitter:title\" content=\"\u00c9szak-Magyarorsz\u00e1gi fizikai munk\u00e1sok \u00f3rab\u00e9re\" \/>\n\t\t<meta name=\"twitter:description\" content=\"Egy felm\u00e9r\u00e9s szerint a legalacsonyabb \u00c9szak-Magyarorsz\u00e1gon a fizikai munk\u00e1sok \u00f3rab\u00e9re, ami ugyan emelked\u00e9st mutat.\" \/>\n\t\t<meta name=\"twitter:image\" content=\"https:\/\/allasorias.hu\/hirek\/wp-content\/uploads\/2025\/04\/fizikai-munkasok-bere.jpg\" \/>\n\t\t<meta name=\"twitter:label1\" content=\"Written by\" \/>\n\t\t<meta name=\"twitter:data1\" content=\"Juh\u00e1sz P\u00e9ter\" \/>\n\t\t<meta name=\"twitter:label2\" content=\"Est. reading time\" \/>\n\t\t<meta name=\"twitter:data2\" content=\"2 minutes\" \/>\n\t\t<script type=\"application\/ld+json\" class=\"aioseo-schema\">\n\t\t\t{\"@context\":\"https:\\\/\\\/schema.org\",\"@graph\":[{\"@type\":\"Article\",\"@id\":\"https:\\\/\\\/allasorias.hu\\\/hirek\\\/eszak-magyarorszagon-legalacsonyabb-a-fizikai-munkasok-orabere\\\/#article\",\"name\":\"\\u00c9szak-Magyarorsz\\u00e1gi fizikai munk\\u00e1sok \\u00f3rab\\u00e9re\",\"headline\":\"\\u00c9szak-Magyarorsz\\u00e1gon legalacsonyabb a fizikai munk\\u00e1sok \\u00f3rab\\u00e9re\",\"author\":{\"@id\":\"https:\\\/\\\/allasorias.hu\\\/hirek\\\/author\\\/admin-allasorias\\\/#author\"},\"publisher\":{\"@id\":\"https:\\\/\\\/allasorias.hu\\\/hirek\\\/#organization\"},\"image\":{\"@type\":\"ImageObject\",\"url\":\"https:\\\/\\\/allasorias.hu\\\/hirek\\\/wp-content\\\/uploads\\\/2025\\\/04\\\/fizikai-munkasok-bere.jpg\",\"width\":1920,\"height\":1281,\"caption\":\"\\u00c9szak-Magyarorsz\\u00e1gon legalacsonyabb a fizikai munk\\u00e1sok \\u00f3rab\\u00e9re - Allasorias.hu\\\/Hirek\"},\"datePublished\":\"2025-04-30T10:44:07+02:00\",\"dateModified\":\"2025-04-30T10:44:52+02:00\",\"inLanguage\":\"hu-HU\",\"mainEntityOfPage\":{\"@id\":\"https:\\\/\\\/allasorias.hu\\\/hirek\\\/eszak-magyarorszagon-legalacsonyabb-a-fizikai-munkasok-orabere\\\/#webpage\"},\"isPartOf\":{\"@id\":\"https:\\\/\\\/allasorias.hu\\\/hirek\\\/eszak-magyarorszagon-legalacsonyabb-a-fizikai-munkasok-orabere\\\/#webpage\"},\"articleSection\":\"Munkaer\\u0151piac, b\\u00e9remel\\u00e9s, fizikai munk\\u00e1sok b\\u00e9re\"},{\"@type\":\"BreadcrumbList\",\"@id\":\"https:\\\/\\\/allasorias.hu\\\/hirek\\\/eszak-magyarorszagon-legalacsonyabb-a-fizikai-munkasok-orabere\\\/#breadcrumblist\",\"itemListElement\":[{\"@type\":\"ListItem\",\"@id\":\"https:\\\/\\\/allasorias.hu\\\/hirek#listItem\",\"position\":1,\"name\":\"Home\",\"item\":\"https:\\\/\\\/allasorias.hu\\\/hirek\",\"nextItem\":{\"@type\":\"ListItem\",\"@id\":\"https:\\\/\\\/allasorias.hu\\\/hirek\\\/temak\\\/munkaeropiac\\\/#listItem\",\"name\":\"Munkaer\\u0151piac\"}},{\"@type\":\"ListItem\",\"@id\":\"https:\\\/\\\/allasorias.hu\\\/hirek\\\/temak\\\/munkaeropiac\\\/#listItem\",\"position\":2,\"name\":\"Munkaer\\u0151piac\",\"item\":\"https:\\\/\\\/allasorias.hu\\\/hirek\\\/temak\\\/munkaeropiac\\\/\",\"nextItem\":{\"@type\":\"ListItem\",\"@id\":\"https:\\\/\\\/allasorias.hu\\\/hirek\\\/eszak-magyarorszagon-legalacsonyabb-a-fizikai-munkasok-orabere\\\/#listItem\",\"name\":\"\\u00c9szak-Magyarorsz\\u00e1gon legalacsonyabb a fizikai munk\\u00e1sok \\u00f3rab\\u00e9re\"},\"previousItem\":{\"@type\":\"ListItem\",\"@id\":\"https:\\\/\\\/allasorias.hu\\\/hirek#listItem\",\"name\":\"Home\"}},{\"@type\":\"ListItem\",\"@id\":\"https:\\\/\\\/allasorias.hu\\\/hirek\\\/eszak-magyarorszagon-legalacsonyabb-a-fizikai-munkasok-orabere\\\/#listItem\",\"position\":3,\"name\":\"\\u00c9szak-Magyarorsz\\u00e1gon legalacsonyabb a fizikai munk\\u00e1sok \\u00f3rab\\u00e9re\",\"previousItem\":{\"@type\":\"ListItem\",\"@id\":\"https:\\\/\\\/allasorias.hu\\\/hirek\\\/temak\\\/munkaeropiac\\\/#listItem\",\"name\":\"Munkaer\\u0151piac\"}}]},{\"@type\":\"Organization\",\"@id\":\"https:\\\/\\\/allasorias.hu\\\/hirek\\\/#organization\",\"name\":\"AllasOrias.hu | H\\u00edrek-lapszemle\",\"description\":\"\\u00dczleti h\\u00edrek az \\u00e1ll\\u00e1s \\u00e9s a munka vil\\u00e1g\\u00e1b\\u00f3l\",\"url\":\"https:\\\/\\\/allasorias.hu\\\/hirek\\\/\",\"logo\":{\"@type\":\"ImageObject\",\"url\":\"https:\\\/\\\/allasorias.hu\\\/hirek\\\/wp-content\\\/uploads\\\/2022\\\/10\\\/allasorias_site_facebok_logo.png\",\"@id\":\"https:\\\/\\\/allasorias.hu\\\/hirek\\\/eszak-magyarorszagon-legalacsonyabb-a-fizikai-munkasok-orabere\\\/#organizationLogo\"},\"image\":{\"@id\":\"https:\\\/\\\/allasorias.hu\\\/hirek\\\/eszak-magyarorszagon-legalacsonyabb-a-fizikai-munkasok-orabere\\\/#organizationLogo\"},\"sameAs\":[\"https:\\\/\\\/www.facebook.com\\\/allasorias\",\"https:\\\/\\\/www.linkedin.com\\\/company\\\/allasorias\"]},{\"@type\":\"Person\",\"@id\":\"https:\\\/\\\/allasorias.hu\\\/hirek\\\/author\\\/admin-allasorias\\\/#author\",\"url\":\"https:\\\/\\\/allasorias.hu\\\/hirek\\\/author\\\/admin-allasorias\\\/\",\"name\":\"Juh\\u00e1sz P\\u00e9ter\",\"image\":{\"@type\":\"ImageObject\",\"@id\":\"https:\\\/\\\/allasorias.hu\\\/hirek\\\/eszak-magyarorszagon-legalacsonyabb-a-fizikai-munkasok-orabere\\\/#authorImage\",\"url\":\"https:\\\/\\\/secure.gravatar.com\\\/avatar\\\/36e6bcb83148978b992977cb0f54d22feb0cce8a0a849a9410532bb2623ba4c6?s=96&d=mm&r=g\",\"width\":96,\"height\":96,\"caption\":\"Juh\\u00e1sz P\\u00e9ter\"}},{\"@type\":\"WebPage\",\"@id\":\"https:\\\/\\\/allasorias.hu\\\/hirek\\\/eszak-magyarorszagon-legalacsonyabb-a-fizikai-munkasok-orabere\\\/#webpage\",\"url\":\"https:\\\/\\\/allasorias.hu\\\/hirek\\\/eszak-magyarorszagon-legalacsonyabb-a-fizikai-munkasok-orabere\\\/\",\"name\":\"\\u00c9szak-Magyarorsz\\u00e1gi fizikai munk\\u00e1sok \\u00f3rab\\u00e9re\",\"description\":\"Egy felm\\u00e9r\\u00e9s szerint a legalacsonyabb \\u00c9szak-Magyarorsz\\u00e1gon a fizikai munk\\u00e1sok \\u00f3rab\\u00e9re, ami ugyan emelked\\u00e9st mutat.\",\"inLanguage\":\"hu-HU\",\"isPartOf\":{\"@id\":\"https:\\\/\\\/allasorias.hu\\\/hirek\\\/#website\"},\"breadcrumb\":{\"@id\":\"https:\\\/\\\/allasorias.hu\\\/hirek\\\/eszak-magyarorszagon-legalacsonyabb-a-fizikai-munkasok-orabere\\\/#breadcrumblist\"},\"author\":{\"@id\":\"https:\\\/\\\/allasorias.hu\\\/hirek\\\/author\\\/admin-allasorias\\\/#author\"},\"creator\":{\"@id\":\"https:\\\/\\\/allasorias.hu\\\/hirek\\\/author\\\/admin-allasorias\\\/#author\"},\"image\":{\"@type\":\"ImageObject\",\"url\":\"https:\\\/\\\/allasorias.hu\\\/hirek\\\/wp-content\\\/uploads\\\/2025\\\/04\\\/fizikai-munkasok-bere.jpg\",\"@id\":\"https:\\\/\\\/allasorias.hu\\\/hirek\\\/eszak-magyarorszagon-legalacsonyabb-a-fizikai-munkasok-orabere\\\/#mainImage\",\"width\":1920,\"height\":1281,\"caption\":\"\\u00c9szak-Magyarorsz\\u00e1gon legalacsonyabb a fizikai munk\\u00e1sok \\u00f3rab\\u00e9re - Allasorias.hu\\\/Hirek\"},\"primaryImageOfPage\":{\"@id\":\"https:\\\/\\\/allasorias.hu\\\/hirek\\\/eszak-magyarorszagon-legalacsonyabb-a-fizikai-munkasok-orabere\\\/#mainImage\"},\"datePublished\":\"2025-04-30T10:44:07+02:00\",\"dateModified\":\"2025-04-30T10:44:52+02:00\"},{\"@type\":\"WebSite\",\"@id\":\"https:\\\/\\\/allasorias.hu\\\/hirek\\\/#website\",\"url\":\"https:\\\/\\\/allasorias.hu\\\/hirek\\\/\",\"name\":\"AllasOrias.hu | H\\u00edrek-lapszemle\",\"description\":\"\\u00dczleti h\\u00edrek az \\u00e1ll\\u00e1s \\u00e9s a munka vil\\u00e1g\\u00e1b\\u00f3l\",\"inLanguage\":\"hu-HU\",\"publisher\":{\"@id\":\"https:\\\/\\\/allasorias.hu\\\/hirek\\\/#organization\"}}]}\n\t\t<\/script>\n\t\t<!-- All in One SEO -->\n\n","aioseo_head_json":{"title":"\u00c9szak-Magyarorsz\u00e1gi fizikai munk\u00e1sok \u00f3rab\u00e9re","description":"Egy felm\u00e9r\u00e9s szerint a legalacsonyabb \u00c9szak-Magyarorsz\u00e1gon a fizikai munk\u00e1sok \u00f3rab\u00e9re, ami ugyan emelked\u00e9st mutat.","canonical_url":"https:\/\/allasorias.hu\/hirek\/eszak-magyarorszagon-legalacsonyabb-a-fizikai-munkasok-orabere\/","robots":"max-image-preview:large","keywords":"b\u00e9remel\u00e9s,fizikai munk\u00e1sok b\u00e9re","webmasterTools":{"miscellaneous":""},"schema":{"@context":"https:\/\/schema.org","@graph":[{"@type":"Article","@id":"https:\/\/allasorias.hu\/hirek\/eszak-magyarorszagon-legalacsonyabb-a-fizikai-munkasok-orabere\/#article","name":"\u00c9szak-Magyarorsz\u00e1gi fizikai munk\u00e1sok \u00f3rab\u00e9re","headline":"\u00c9szak-Magyarorsz\u00e1gon legalacsonyabb a fizikai munk\u00e1sok \u00f3rab\u00e9re","author":{"@id":"https:\/\/allasorias.hu\/hirek\/author\/admin-allasorias\/#author"},"publisher":{"@id":"https:\/\/allasorias.hu\/hirek\/#organization"},"image":{"@type":"ImageObject","url":"https:\/\/allasorias.hu\/hirek\/wp-content\/uploads\/2025\/04\/fizikai-munkasok-bere.jpg","width":1920,"height":1281,"caption":"\u00c9szak-Magyarorsz\u00e1gon legalacsonyabb a fizikai munk\u00e1sok \u00f3rab\u00e9re - Allasorias.hu\/Hirek"},"datePublished":"2025-04-30T10:44:07+02:00","dateModified":"2025-04-30T10:44:52+02:00","inLanguage":"hu-HU","mainEntityOfPage":{"@id":"https:\/\/allasorias.hu\/hirek\/eszak-magyarorszagon-legalacsonyabb-a-fizikai-munkasok-orabere\/#webpage"},"isPartOf":{"@id":"https:\/\/allasorias.hu\/hirek\/eszak-magyarorszagon-legalacsonyabb-a-fizikai-munkasok-orabere\/#webpage"},"articleSection":"Munkaer\u0151piac, b\u00e9remel\u00e9s, fizikai munk\u00e1sok b\u00e9re"},{"@type":"BreadcrumbList","@id":"https:\/\/allasorias.hu\/hirek\/eszak-magyarorszagon-legalacsonyabb-a-fizikai-munkasok-orabere\/#breadcrumblist","itemListElement":[{"@type":"ListItem","@id":"https:\/\/allasorias.hu\/hirek#listItem","position":1,"name":"Home","item":"https:\/\/allasorias.hu\/hirek","nextItem":{"@type":"ListItem","@id":"https:\/\/allasorias.hu\/hirek\/temak\/munkaeropiac\/#listItem","name":"Munkaer\u0151piac"}},{"@type":"ListItem","@id":"https:\/\/allasorias.hu\/hirek\/temak\/munkaeropiac\/#listItem","position":2,"name":"Munkaer\u0151piac","item":"https:\/\/allasorias.hu\/hirek\/temak\/munkaeropiac\/","nextItem":{"@type":"ListItem","@id":"https:\/\/allasorias.hu\/hirek\/eszak-magyarorszagon-legalacsonyabb-a-fizikai-munkasok-orabere\/#listItem","name":"\u00c9szak-Magyarorsz\u00e1gon legalacsonyabb a fizikai munk\u00e1sok \u00f3rab\u00e9re"},"previousItem":{"@type":"ListItem","@id":"https:\/\/allasorias.hu\/hirek#listItem","name":"Home"}},{"@type":"ListItem","@id":"https:\/\/allasorias.hu\/hirek\/eszak-magyarorszagon-legalacsonyabb-a-fizikai-munkasok-orabere\/#listItem","position":3,"name":"\u00c9szak-Magyarorsz\u00e1gon legalacsonyabb a fizikai munk\u00e1sok \u00f3rab\u00e9re","previousItem":{"@type":"ListItem","@id":"https:\/\/allasorias.hu\/hirek\/temak\/munkaeropiac\/#listItem","name":"Munkaer\u0151piac"}}]},{"@type":"Organization","@id":"https:\/\/allasorias.hu\/hirek\/#organization","name":"AllasOrias.hu | H\u00edrek-lapszemle","description":"\u00dczleti h\u00edrek az \u00e1ll\u00e1s \u00e9s a munka vil\u00e1g\u00e1b\u00f3l","url":"https:\/\/allasorias.hu\/hirek\/","logo":{"@type":"ImageObject","url":"https:\/\/allasorias.hu\/hirek\/wp-content\/uploads\/2022\/10\/allasorias_site_facebok_logo.png","@id":"https:\/\/allasorias.hu\/hirek\/eszak-magyarorszagon-legalacsonyabb-a-fizikai-munkasok-orabere\/#organizationLogo"},"image":{"@id":"https:\/\/allasorias.hu\/hirek\/eszak-magyarorszagon-legalacsonyabb-a-fizikai-munkasok-orabere\/#organizationLogo"},"sameAs":["https:\/\/www.facebook.com\/allasorias","https:\/\/www.linkedin.com\/company\/allasorias"]},{"@type":"Person","@id":"https:\/\/allasorias.hu\/hirek\/author\/admin-allasorias\/#author","url":"https:\/\/allasorias.hu\/hirek\/author\/admin-allasorias\/","name":"Juh\u00e1sz P\u00e9ter","image":{"@type":"ImageObject","@id":"https:\/\/allasorias.hu\/hirek\/eszak-magyarorszagon-legalacsonyabb-a-fizikai-munkasok-orabere\/#authorImage","url":"https:\/\/secure.gravatar.com\/avatar\/36e6bcb83148978b992977cb0f54d22feb0cce8a0a849a9410532bb2623ba4c6?s=96&d=mm&r=g","width":96,"height":96,"caption":"Juh\u00e1sz P\u00e9ter"}},{"@type":"WebPage","@id":"https:\/\/allasorias.hu\/hirek\/eszak-magyarorszagon-legalacsonyabb-a-fizikai-munkasok-orabere\/#webpage","url":"https:\/\/allasorias.hu\/hirek\/eszak-magyarorszagon-legalacsonyabb-a-fizikai-munkasok-orabere\/","name":"\u00c9szak-Magyarorsz\u00e1gi fizikai munk\u00e1sok \u00f3rab\u00e9re","description":"Egy felm\u00e9r\u00e9s szerint a legalacsonyabb \u00c9szak-Magyarorsz\u00e1gon a fizikai munk\u00e1sok \u00f3rab\u00e9re, ami ugyan emelked\u00e9st mutat.","inLanguage":"hu-HU","isPartOf":{"@id":"https:\/\/allasorias.hu\/hirek\/#website"},"breadcrumb":{"@id":"https:\/\/allasorias.hu\/hirek\/eszak-magyarorszagon-legalacsonyabb-a-fizikai-munkasok-orabere\/#breadcrumblist"},"author":{"@id":"https:\/\/allasorias.hu\/hirek\/author\/admin-allasorias\/#author"},"creator":{"@id":"https:\/\/allasorias.hu\/hirek\/author\/admin-allasorias\/#author"},"image":{"@type":"ImageObject","url":"https:\/\/allasorias.hu\/hirek\/wp-content\/uploads\/2025\/04\/fizikai-munkasok-bere.jpg","@id":"https:\/\/allasorias.hu\/hirek\/eszak-magyarorszagon-legalacsonyabb-a-fizikai-munkasok-orabere\/#mainImage","width":1920,"height":1281,"caption":"\u00c9szak-Magyarorsz\u00e1gon legalacsonyabb a fizikai munk\u00e1sok \u00f3rab\u00e9re - Allasorias.hu\/Hirek"},"primaryImageOfPage":{"@id":"https:\/\/allasorias.hu\/hirek\/eszak-magyarorszagon-legalacsonyabb-a-fizikai-munkasok-orabere\/#mainImage"},"datePublished":"2025-04-30T10:44:07+02:00","dateModified":"2025-04-30T10:44:52+02:00"},{"@type":"WebSite","@id":"https:\/\/allasorias.hu\/hirek\/#website","url":"https:\/\/allasorias.hu\/hirek\/","name":"AllasOrias.hu | H\u00edrek-lapszemle","description":"\u00dczleti h\u00edrek az \u00e1ll\u00e1s \u00e9s a munka vil\u00e1g\u00e1b\u00f3l","inLanguage":"hu-HU","publisher":{"@id":"https:\/\/allasorias.hu\/hirek\/#organization"}}]},"og:locale":"hu_HU","og:site_name":"AllasOrias.hu | H\u00edrek-lapszemle | \u00dczleti h\u00edrek az \u00e1ll\u00e1s \u00e9s a munka vil\u00e1g\u00e1b\u00f3l","og:type":"article","og:title":"\u00c9szak-Magyarorsz\u00e1gi fizikai munk\u00e1sok \u00f3rab\u00e9re","og:description":"Egy felm\u00e9r\u00e9s szerint a legalacsonyabb \u00c9szak-Magyarorsz\u00e1gon a fizikai munk\u00e1sok \u00f3rab\u00e9re, ami ugyan emelked\u00e9st mutat.","og:url":"https:\/\/allasorias.hu\/hirek\/eszak-magyarorszagon-legalacsonyabb-a-fizikai-munkasok-orabere\/","og:image":"https:\/\/allasorias.hu\/hirek\/wp-content\/uploads\/2025\/04\/fizikai-munkasok-bere.jpg","og:image:secure_url":"https:\/\/allasorias.hu\/hirek\/wp-content\/uploads\/2025\/04\/fizikai-munkasok-bere.jpg","og:image:width":1920,"og:image:height":1281,"article:published_time":"2025-04-30T08:44:07+00:00","article:modified_time":"2025-04-30T08:44:52+00:00","article:publisher":"https:\/\/www.facebook.com\/allasorias","twitter:card":"summary_large_image","twitter:title":"\u00c9szak-Magyarorsz\u00e1gi fizikai munk\u00e1sok \u00f3rab\u00e9re","twitter:description":"Egy felm\u00e9r\u00e9s szerint a legalacsonyabb \u00c9szak-Magyarorsz\u00e1gon a fizikai munk\u00e1sok \u00f3rab\u00e9re, ami ugyan emelked\u00e9st mutat.","twitter:image":"https:\/\/allasorias.hu\/hirek\/wp-content\/uploads\/2025\/04\/fizikai-munkasok-bere.jpg","twitter:label1":"Written by","twitter:data1":"Juh\u00e1sz P\u00e9ter","twitter:label2":"Est. reading time","twitter:data2":"2 minutes"},"aioseo_meta_data":{"post_id":"8360","title":"\u00c9szak-Magyarorsz\u00e1gi fizikai munk\u00e1sok \u00f3rab\u00e9re","description":"Egy felm\u00e9r\u00e9s szerint a legalacsonyabb \u00c9szak-Magyarorsz\u00e1gon a fizikai munk\u00e1sok \u00f3rab\u00e9re, ami ugyan emelked\u00e9st mutat.","keywords":null,"keyphrases":{"focus":{"keyphrase":"","score":0,"analysis":{"keyphraseInTitle":{"score":0,"maxScore":9,"error":1}}},"additional":[]},"primary_term":null,"canonical_url":null,"og_title":null,"og_description":null,"og_object_type":"default","og_image_type":"default","og_image_url":null,"og_image_width":null,"og_image_height":null,"og_image_custom_url":null,"og_image_custom_fields":null,"og_video":"","og_custom_url":null,"og_article_section":null,"og_article_tags":null,"twitter_use_og":true,"twitter_card":"default","twitter_image_type":"default","twitter_image_url":null,"twitter_image_custom_url":null,"twitter_image_custom_fields":null,"twitter_title":null,"twitter_description":null,"schema":{"blockGraphs":[],"customGraphs":[],"default":{"data":{"Article":[],"Course":[],"Dataset":[],"FAQPage":[],"Movie":[],"Person":[],"Product":[],"ProductReview":[],"Car":[],"Recipe":[],"Service":[],"SoftwareApplication":[],"WebPage":[]},"graphName":"Article","isEnabled":true},"graphs":[]},"schema_type":"default","schema_type_options":null,"pillar_content":false,"robots_default":true,"robots_noindex":false,"robots_noarchive":false,"robots_nosnippet":false,"robots_nofollow":false,"robots_noimageindex":false,"robots_noodp":false,"robots_notranslate":false,"robots_max_snippet":"-1","robots_max_videopreview":"-1","robots_max_imagepreview":"large","priority":null,"frequency":"default","location":null,"local_seo":null,"breadcrumb_settings":null,"limit_modified_date":false,"ai":null,"created":"2025-04-30 08:38:05","updated":"2025-10-02 21:10:19","seo_analyzer_scan_date":null,"focus_keyword":null,"additional_keywords":null,"truseo_locale":null},"aioseo_breadcrumb":"<div class=\"aioseo-breadcrumbs\"><span class=\"aioseo-breadcrumb\">\n\t\t\t<a href=\"https:\/\/allasorias.hu\/hirek\" title=\"Home\">Home<\/a>\n\t\t<\/span><span class=\"aioseo-breadcrumb-separator\">&raquo;<\/span><span class=\"aioseo-breadcrumb\">\n\t\t\t<a href=\"https:\/\/allasorias.hu\/hirek\/temak\/munkaeropiac\/\" title=\"Munkaer\u0151piac\">Munkaer\u0151piac<\/a>\n\t\t<\/span><span class=\"aioseo-breadcrumb-separator\">&raquo;<\/span><span class=\"aioseo-breadcrumb\">\n\t\t\t\u00c9szak-Magyarorsz\u00e1gon legalacsonyabb a fizikai munk\u00e1sok \u00f3rab\u00e9re\n\t\t<\/span><\/div>","aioseo_breadcrumb_json":[{"label":"Home","link":"https:\/\/allasorias.hu\/hirek"},{"label":"Munkaer\u0151piac","link":"https:\/\/allasorias.hu\/hirek\/temak\/munkaeropiac\/"},{"label":"\u00c9szak-Magyarorsz\u00e1gon legalacsonyabb a fizikai munk\u00e1sok \u00f3rab\u00e9re","link":"https:\/\/allasorias.hu\/hirek\/eszak-magyarorszagon-legalacsonyabb-a-fizikai-munkasok-orabere\/"}],"_links":{"self":[{"href":"https:\/\/allasorias.hu\/hirek\/wp-json\/wp\/v2\/posts\/8360","targetHints":{"allow":["GET"]}}],"collection":[{"href":"https:\/\/allasorias.hu\/hirek\/wp-json\/wp\/v2\/posts"}],"about":[{"href":"https:\/\/allasorias.hu\/hirek\/wp-json\/wp\/v2\/types\/post"}],"author":[{"embeddable":true,"href":"https:\/\/allasorias.hu\/hirek\/wp-json\/wp\/v2\/users\/1"}],"replies":[{"embeddable":true,"href":"https:\/\/allasorias.hu\/hirek\/wp-json\/wp\/v2\/comments?post=8360"}],"version-history":[{"count":2,"href":"https:\/\/allasorias.hu\/hirek\/wp-json\/wp\/v2\/posts\/8360\/revisions"}],"predecessor-version":[{"id":8363,"href":"https:\/\/allasorias.hu\/hirek\/wp-json\/wp\/v2\/posts\/8360\/revisions\/8363"}],"wp:featuredmedia":[{"embeddable":true,"href":"https:\/\/allasorias.hu\/hirek\/wp-json\/wp\/v2\/media\/8361"}],"wp:attachment":[{"href":"https:\/\/allasorias.hu\/hirek\/wp-json\/wp\/v2\/media?parent=8360"}],"wp:term":[{"taxonomy":"category","embeddable":true,"href":"https:\/\/allasorias.hu\/hirek\/wp-json\/wp\/v2\/categories?post=8360"},{"taxonomy":"post_tag","embeddable":true,"href":"https:\/\/allasorias.hu\/hirek\/wp-json\/wp\/v2\/tags?post=8360"}],"curies":[{"name":"wp","href":"https:\/\/api.w.org\/{rel}","templated":true}]}}