{"id":8356,"date":"2025-04-29T10:55:12","date_gmt":"2025-04-29T08:55:12","guid":{"rendered":"https:\/\/allasorias.hu\/hirek\/?p=8356"},"modified":"2025-04-29T10:55:12","modified_gmt":"2025-04-29T08:55:12","slug":"atalakuloban-a-mesterseges-intelligencia-szakembereinek-munkaja","status":"publish","type":"post","link":"https:\/\/allasorias.hu\/hirek\/atalakuloban-a-mesterseges-intelligencia-szakembereinek-munkaja\/","title":{"rendered":"\u00c1talakul\u00f3ban a mesters\u00e9ges intelligencia szakembereinek munk\u00e1ja"},"content":{"rendered":"<p><strong>Az elm\u00falt n\u00e9h\u00e1ny \u00e9v alatt v\u00e1ltozott a mesters\u00e9ges intelligenia ter\u00fclet\u00e9n a szakemberek poz\u00edci\u00f3ja. Ma m\u00e1r az adatkezel\u00e9si specialist\u00e1k \u00e9s a biztons\u00e1gi szakemberek a keresettek.<\/strong><\/p>\n<p>2023 egyik legfelkapottabb technol\u00f3giai poz\u00edci\u00f3ja a prompt m\u00e9rn\u00f6ki szerep volt, amelynek c\u00e9lja az volt, hogy a lehet\u0151 legjobb bemeneteket \u00edrj\u00e1k a nagy nyelvi modellek sz\u00e1m\u00e1ra. A poz\u00edci\u00f3hoz ak\u00e1r \u00e9vi 200 ezer doll\u00e1ros fizet\u00e9seket is \u00edg\u00e9rtek, \u00e9s sokan az MI \u201esuttog\u00f3inak\u201d tekintett\u00e9k a prompt m\u00e9rn\u00f6k\u00f6ket. \u00c1m mind\u00f6ssze k\u00e9t \u00e9v alatt ez a karrierlehet\u0151s\u00e9g szinte teljesen elt\u0171nt. A mesters\u00e9ges intelligencia fejl\u0151d\u00e9s\u00e9nek gyors \u00fcteme, valamint a v\u00e1llalatok technol\u00f3giai \u00e9retts\u00e9ge egyar\u00e1nt hozz\u00e1j\u00e1rult a prompt m\u00e9rn\u00f6ki poz\u00edci\u00f3 elavul\u00e1s\u00e1hoz.<\/p>\n<p>A nagy nyelvi modellek ma m\u00e1r sokkal jobban \u00e9rtik a felhaszn\u00e1l\u00f3i sz\u00e1nd\u00e9kot, s\u0151t, ha valami nem vil\u00e1gos, k\u00e9rd\u00e9seket is tudnak feltenni. \u00cdgy m\u00e1r nincs akkora sz\u00fcks\u00e9g arra, hogy valaki t\u00f6k\u00e9letesen megfogalmazott parancsokat \u00edrjon sz\u00e1mukra. A v\u00e1llalatok r\u00e1ad\u00e1sul nem egyetlen szak\u00e9rt\u0151re b\u00edzz\u00e1k a modellek haszn\u00e1lat\u00e1t, hanem sz\u00e9les k\u00f6rben k\u00e9pzik az alkalmazottaikat a hat\u00e9kony promptol\u00e1s alapjaira.<\/p>\n<h2>\u00daj ig\u00e9nyek az AI ter\u00e9n<\/h2>\n<p>Jared Spataro, a Microsoft \u201eAI at Work\u201d r\u00e9szleg\u00e9nek marketingigazgat\u00f3ja szerint k\u00e9t \u00e9vvel ezel\u0151tt m\u00e9g mindenki \u00fagy gondolta, hogy a prompt m\u00e9rn\u00f6k lesz a k\u00f6vetkez\u0151 nagy dob\u00e1s \u2013 de ez az elk\u00e9pzel\u00e9s nem v\u00e1lt val\u00f3ra. Egy Microsoft \u00e1ltal megrendelt, 31 orsz\u00e1gban v\u00e9gzett friss felm\u00e9r\u00e9s alapj\u00e1n a prompt m\u00e9rn\u00f6ki szerep az \u00fajonnan keresett poz\u00edci\u00f3k list\u00e1j\u00e1nak majdnem a legalj\u00e1ra ker\u00fclt. Ezzel szemben az MI-tr\u00e9nerek, adatkezel\u00e9si specialist\u00e1k \u00e9s MI-biztons\u00e1gi szakemberek ir\u00e1nti ig\u00e9ny jelent\u0151sen n\u0151tt. Spataro szerint az \u00fajabb modellek, mint p\u00e9ld\u00e1ul a Microsoft kutat\u00e1si \u00fcgyn\u00f6ke, k\u00e9pesek k\u00f6vetkezetesen k\u00e9rd\u00e9seket feltenni, visszajelz\u00e9st k\u00e9rni \u00e9s kontextust kezelni \u2013 vagyis a felhaszn\u00e1l\u00f3knak nincs t\u00f6bb\u00e9 sz\u00fcks\u00e9g\u00fck \u201et\u00f6k\u00e9letes\u201d promptokra.<\/p>\n<p>Az \u00f3vatoss\u00e1got a gazdas\u00e1gi bizonytalans\u00e1g \u00e9s a sz\u0171k\u00f6s k\u00f6lts\u00e9gvet\u00e9sek is er\u0151s\u00edtett\u00e9k. Olyan v\u00e1llalatok, mint a Nationwide biztos\u00edt\u00f3, a Carhartt munkaruh\u00e1zati c\u00e9g vagy a New York Life biztos\u00edt\u00f3t\u00e1rsas\u00e1g, egy\u00e1ltal\u00e1n nem alkalmaztak prompt m\u00e9rn\u00f6k\u00f6ket. Ehelyett a megl\u00e9v\u0151 dolgoz\u00f3ikat k\u00e9pezt\u00e9k ki az MI-haszn\u00e1lat alapjaira, bele\u00e9rtve a hat\u00e9kony prompt\u00edr\u00e1st is. A Nationwide p\u00e9ld\u00e1ul egy v\u00e1llalati szint\u0171 MI-k\u00e9pz\u00e9st ind\u00edtott, amelynek egyik legn\u00e9pszer\u0171bb modulja a promptol\u00e1s volt. Ahogy Jim Fowler, a v\u00e1llalat technol\u00f3giai igazgat\u00f3ja fogalmazott: a promptol\u00e1s k\u00e9pess\u00e9g lett a munkak\u00f6r\u00f6k r\u00e9sze, nem pedig egy k\u00fcl\u00f6n\u00e1ll\u00f3 poz\u00edci\u00f3.<\/p>\n<p>Forr\u00e1s: <a href=\"https:\/\/itbusiness.hu\/technology\/human_n\/mi-tortent-a-prompt-mernokokkel\/\" target=\"_blank\" rel=\"nofollow noopener noreferrer\">itbusiness.hu<\/a><\/p>\n","protected":false},"excerpt":{"rendered":"<p>Az elm\u00falt n\u00e9h\u00e1ny \u00e9v alatt v\u00e1ltozott a mesters\u00e9ges intelligenia ter\u00fclet\u00e9n a szakemberek poz\u00edci\u00f3ja. Ma m\u00e1r az adatkezel\u00e9si specialist\u00e1k \u00e9s a biztons\u00e1gi szakemberek a keresettek. 2023 egyik legfelkapottabb technol\u00f3giai poz\u00edci\u00f3ja a prompt m\u00e9rn\u00f6ki szerep volt, amelynek c\u00e9lja az volt, hogy a lehet\u0151 legjobb bemeneteket \u00edrj\u00e1k a nagy nyelvi modellek sz\u00e1m\u00e1ra. A poz\u00edci\u00f3hoz ak\u00e1r \u00e9vi 200 ezer [&hellip;]<\/p>\n","protected":false},"author":1,"featured_media":8357,"comment_status":"closed","ping_status":"closed","sticky":false,"template":"","format":"standard","meta":{"_monsterinsights_skip_tracking":false,"footnotes":""},"categories":[200],"tags":[489,264,438],"class_list":["post-8356","post","type-post","status-publish","format-standard","has-post-thumbnail","hentry","category-munkaeropiac","tag-ai","tag-mesterseges-intelligencia","tag-mi"],"aioseo_notices":[],"aioseo_head":"\n\t\t<!-- All in One SEO 5.0.0.1 - aioseo.com -->\n\t<meta name=\"description\" content=\"Az elm\u00falt n\u00e9h\u00e1ny \u00e9v alatt v\u00e1ltozott a mesters\u00e9ges intelligenia ter\u00fclet\u00e9n a szakemberek poz\u00edci\u00f3ja. Adatkezel\u00e9si \u00e9s a biztons\u00e1gi szakemberek a keresettek.\" \/>\n\t<meta name=\"robots\" content=\"max-image-preview:large\" \/>\n\t<meta name=\"author\" content=\"Juh\u00e1sz P\u00e9ter\"\/>\n\t<meta name=\"keywords\" content=\"ai,mesters\u00e9ges intelligencia,mi\" \/>\n\t<link rel=\"canonical\" href=\"https:\/\/allasorias.hu\/hirek\/atalakuloban-a-mesterseges-intelligencia-szakembereinek-munkaja\/\" \/>\n\t<meta name=\"generator\" content=\"All in One SEO (AIOSEO) 5.0.0.1\" \/>\n\t\t<meta property=\"og:locale\" content=\"hu_HU\" \/>\n\t\t<meta property=\"og:site_name\" content=\"AllasOrias.hu | H\u00edrek-lapszemle | \u00dczleti h\u00edrek az \u00e1ll\u00e1s \u00e9s a munka vil\u00e1g\u00e1b\u00f3l\" \/>\n\t\t<meta property=\"og:type\" content=\"article\" \/>\n\t\t<meta property=\"og:title\" content=\"\u00daj ig\u00e9nyek a mesters\u00e9ges intelligencia szakembereinek ter\u00e9n\" \/>\n\t\t<meta property=\"og:description\" content=\"Az elm\u00falt n\u00e9h\u00e1ny \u00e9v alatt v\u00e1ltozott a mesters\u00e9ges intelligenia ter\u00fclet\u00e9n a szakemberek poz\u00edci\u00f3ja. Adatkezel\u00e9si \u00e9s a biztons\u00e1gi szakemberek a keresettek.\" \/>\n\t\t<meta property=\"og:url\" content=\"https:\/\/allasorias.hu\/hirek\/atalakuloban-a-mesterseges-intelligencia-szakembereinek-munkaja\/\" \/>\n\t\t<meta property=\"og:image\" content=\"https:\/\/allasorias.hu\/hirek\/wp-content\/uploads\/2025\/04\/AI-szakemberek.jpg\" \/>\n\t\t<meta property=\"og:image:secure_url\" content=\"https:\/\/allasorias.hu\/hirek\/wp-content\/uploads\/2025\/04\/AI-szakemberek.jpg\" \/>\n\t\t<meta property=\"og:image:width\" content=\"1920\" \/>\n\t\t<meta property=\"og:image:height\" content=\"1458\" \/>\n\t\t<meta property=\"article:published_time\" content=\"2025-04-29T08:55:12+00:00\" \/>\n\t\t<meta property=\"article:modified_time\" content=\"2025-04-29T08:55:12+00:00\" \/>\n\t\t<meta property=\"article:publisher\" content=\"https:\/\/www.facebook.com\/allasorias\" \/>\n\t\t<meta name=\"twitter:card\" content=\"summary_large_image\" \/>\n\t\t<meta name=\"twitter:title\" content=\"\u00daj ig\u00e9nyek a mesters\u00e9ges intelligencia szakembereinek ter\u00e9n\" \/>\n\t\t<meta name=\"twitter:description\" content=\"Az elm\u00falt n\u00e9h\u00e1ny \u00e9v alatt v\u00e1ltozott a mesters\u00e9ges intelligenia ter\u00fclet\u00e9n a szakemberek poz\u00edci\u00f3ja. Adatkezel\u00e9si \u00e9s a biztons\u00e1gi szakemberek a keresettek.\" \/>\n\t\t<meta name=\"twitter:image\" content=\"https:\/\/allasorias.hu\/hirek\/wp-content\/uploads\/2025\/04\/AI-szakemberek.jpg\" \/>\n\t\t<meta name=\"twitter:label1\" content=\"Written by\" \/>\n\t\t<meta name=\"twitter:data1\" content=\"Juh\u00e1sz P\u00e9ter\" \/>\n\t\t<meta name=\"twitter:label2\" content=\"Est. reading time\" \/>\n\t\t<meta name=\"twitter:data2\" content=\"3 minutes\" \/>\n\t\t<script type=\"application\/ld+json\" class=\"aioseo-schema\">\n\t\t\t{\"@context\":\"https:\\\/\\\/schema.org\",\"@graph\":[{\"@type\":\"Article\",\"@id\":\"https:\\\/\\\/allasorias.hu\\\/hirek\\\/atalakuloban-a-mesterseges-intelligencia-szakembereinek-munkaja\\\/#article\",\"name\":\"\\u00daj ig\\u00e9nyek a mesters\\u00e9ges intelligencia szakembereinek ter\\u00e9n\",\"headline\":\"\\u00c1talakul\\u00f3ban a mesters\\u00e9ges intelligencia szakembereinek munk\\u00e1ja\",\"author\":{\"@id\":\"https:\\\/\\\/allasorias.hu\\\/hirek\\\/author\\\/admin-allasorias\\\/#author\"},\"publisher\":{\"@id\":\"https:\\\/\\\/allasorias.hu\\\/hirek\\\/#organization\"},\"image\":{\"@type\":\"ImageObject\",\"url\":\"https:\\\/\\\/allasorias.hu\\\/hirek\\\/wp-content\\\/uploads\\\/2025\\\/04\\\/AI-szakemberek.jpg\",\"width\":1920,\"height\":1458,\"caption\":\"\\u00c1talakul\\u00f3ban a mesters\\u00e9ges intelligencia szakembereinek munk\\u00e1ja - Allasorias.hu\\\/Hirek\"},\"datePublished\":\"2025-04-29T10:55:12+02:00\",\"dateModified\":\"2025-04-29T10:55:12+02:00\",\"inLanguage\":\"hu-HU\",\"mainEntityOfPage\":{\"@id\":\"https:\\\/\\\/allasorias.hu\\\/hirek\\\/atalakuloban-a-mesterseges-intelligencia-szakembereinek-munkaja\\\/#webpage\"},\"isPartOf\":{\"@id\":\"https:\\\/\\\/allasorias.hu\\\/hirek\\\/atalakuloban-a-mesterseges-intelligencia-szakembereinek-munkaja\\\/#webpage\"},\"articleSection\":\"Munkaer\\u0151piac, AI, mesters\\u00e9ges intelligencia, mi\"},{\"@type\":\"BreadcrumbList\",\"@id\":\"https:\\\/\\\/allasorias.hu\\\/hirek\\\/atalakuloban-a-mesterseges-intelligencia-szakembereinek-munkaja\\\/#breadcrumblist\",\"itemListElement\":[{\"@type\":\"ListItem\",\"@id\":\"https:\\\/\\\/allasorias.hu\\\/hirek#listItem\",\"position\":1,\"name\":\"Home\",\"item\":\"https:\\\/\\\/allasorias.hu\\\/hirek\",\"nextItem\":{\"@type\":\"ListItem\",\"@id\":\"https:\\\/\\\/allasorias.hu\\\/hirek\\\/temak\\\/munkaeropiac\\\/#listItem\",\"name\":\"Munkaer\\u0151piac\"}},{\"@type\":\"ListItem\",\"@id\":\"https:\\\/\\\/allasorias.hu\\\/hirek\\\/temak\\\/munkaeropiac\\\/#listItem\",\"position\":2,\"name\":\"Munkaer\\u0151piac\",\"item\":\"https:\\\/\\\/allasorias.hu\\\/hirek\\\/temak\\\/munkaeropiac\\\/\",\"nextItem\":{\"@type\":\"ListItem\",\"@id\":\"https:\\\/\\\/allasorias.hu\\\/hirek\\\/atalakuloban-a-mesterseges-intelligencia-szakembereinek-munkaja\\\/#listItem\",\"name\":\"\\u00c1talakul\\u00f3ban a mesters\\u00e9ges intelligencia szakembereinek munk\\u00e1ja\"},\"previousItem\":{\"@type\":\"ListItem\",\"@id\":\"https:\\\/\\\/allasorias.hu\\\/hirek#listItem\",\"name\":\"Home\"}},{\"@type\":\"ListItem\",\"@id\":\"https:\\\/\\\/allasorias.hu\\\/hirek\\\/atalakuloban-a-mesterseges-intelligencia-szakembereinek-munkaja\\\/#listItem\",\"position\":3,\"name\":\"\\u00c1talakul\\u00f3ban a mesters\\u00e9ges intelligencia szakembereinek munk\\u00e1ja\",\"previousItem\":{\"@type\":\"ListItem\",\"@id\":\"https:\\\/\\\/allasorias.hu\\\/hirek\\\/temak\\\/munkaeropiac\\\/#listItem\",\"name\":\"Munkaer\\u0151piac\"}}]},{\"@type\":\"Organization\",\"@id\":\"https:\\\/\\\/allasorias.hu\\\/hirek\\\/#organization\",\"name\":\"AllasOrias.hu | H\\u00edrek-lapszemle\",\"description\":\"\\u00dczleti h\\u00edrek az \\u00e1ll\\u00e1s \\u00e9s a munka vil\\u00e1g\\u00e1b\\u00f3l\",\"url\":\"https:\\\/\\\/allasorias.hu\\\/hirek\\\/\",\"logo\":{\"@type\":\"ImageObject\",\"url\":\"https:\\\/\\\/allasorias.hu\\\/hirek\\\/wp-content\\\/uploads\\\/2022\\\/10\\\/allasorias_site_facebok_logo.png\",\"@id\":\"https:\\\/\\\/allasorias.hu\\\/hirek\\\/atalakuloban-a-mesterseges-intelligencia-szakembereinek-munkaja\\\/#organizationLogo\"},\"image\":{\"@id\":\"https:\\\/\\\/allasorias.hu\\\/hirek\\\/atalakuloban-a-mesterseges-intelligencia-szakembereinek-munkaja\\\/#organizationLogo\"},\"sameAs\":[\"https:\\\/\\\/www.facebook.com\\\/allasorias\",\"https:\\\/\\\/www.linkedin.com\\\/company\\\/allasorias\"]},{\"@type\":\"Person\",\"@id\":\"https:\\\/\\\/allasorias.hu\\\/hirek\\\/author\\\/admin-allasorias\\\/#author\",\"url\":\"https:\\\/\\\/allasorias.hu\\\/hirek\\\/author\\\/admin-allasorias\\\/\",\"name\":\"Juh\\u00e1sz P\\u00e9ter\",\"image\":{\"@type\":\"ImageObject\",\"@id\":\"https:\\\/\\\/allasorias.hu\\\/hirek\\\/atalakuloban-a-mesterseges-intelligencia-szakembereinek-munkaja\\\/#authorImage\",\"url\":\"https:\\\/\\\/secure.gravatar.com\\\/avatar\\\/36e6bcb83148978b992977cb0f54d22feb0cce8a0a849a9410532bb2623ba4c6?s=96&d=mm&r=g\",\"width\":96,\"height\":96,\"caption\":\"Juh\\u00e1sz P\\u00e9ter\"}},{\"@type\":\"WebPage\",\"@id\":\"https:\\\/\\\/allasorias.hu\\\/hirek\\\/atalakuloban-a-mesterseges-intelligencia-szakembereinek-munkaja\\\/#webpage\",\"url\":\"https:\\\/\\\/allasorias.hu\\\/hirek\\\/atalakuloban-a-mesterseges-intelligencia-szakembereinek-munkaja\\\/\",\"name\":\"\\u00daj ig\\u00e9nyek a mesters\\u00e9ges intelligencia szakembereinek ter\\u00e9n\",\"description\":\"Az elm\\u00falt n\\u00e9h\\u00e1ny \\u00e9v alatt v\\u00e1ltozott a mesters\\u00e9ges intelligenia ter\\u00fclet\\u00e9n a szakemberek poz\\u00edci\\u00f3ja. Adatkezel\\u00e9si \\u00e9s a biztons\\u00e1gi szakemberek a keresettek.\",\"inLanguage\":\"hu-HU\",\"isPartOf\":{\"@id\":\"https:\\\/\\\/allasorias.hu\\\/hirek\\\/#website\"},\"breadcrumb\":{\"@id\":\"https:\\\/\\\/allasorias.hu\\\/hirek\\\/atalakuloban-a-mesterseges-intelligencia-szakembereinek-munkaja\\\/#breadcrumblist\"},\"author\":{\"@id\":\"https:\\\/\\\/allasorias.hu\\\/hirek\\\/author\\\/admin-allasorias\\\/#author\"},\"creator\":{\"@id\":\"https:\\\/\\\/allasorias.hu\\\/hirek\\\/author\\\/admin-allasorias\\\/#author\"},\"image\":{\"@type\":\"ImageObject\",\"url\":\"https:\\\/\\\/allasorias.hu\\\/hirek\\\/wp-content\\\/uploads\\\/2025\\\/04\\\/AI-szakemberek.jpg\",\"@id\":\"https:\\\/\\\/allasorias.hu\\\/hirek\\\/atalakuloban-a-mesterseges-intelligencia-szakembereinek-munkaja\\\/#mainImage\",\"width\":1920,\"height\":1458,\"caption\":\"\\u00c1talakul\\u00f3ban a mesters\\u00e9ges intelligencia szakembereinek munk\\u00e1ja - Allasorias.hu\\\/Hirek\"},\"primaryImageOfPage\":{\"@id\":\"https:\\\/\\\/allasorias.hu\\\/hirek\\\/atalakuloban-a-mesterseges-intelligencia-szakembereinek-munkaja\\\/#mainImage\"},\"datePublished\":\"2025-04-29T10:55:12+02:00\",\"dateModified\":\"2025-04-29T10:55:12+02:00\"},{\"@type\":\"WebSite\",\"@id\":\"https:\\\/\\\/allasorias.hu\\\/hirek\\\/#website\",\"url\":\"https:\\\/\\\/allasorias.hu\\\/hirek\\\/\",\"name\":\"AllasOrias.hu | H\\u00edrek-lapszemle\",\"description\":\"\\u00dczleti h\\u00edrek az \\u00e1ll\\u00e1s \\u00e9s a munka vil\\u00e1g\\u00e1b\\u00f3l\",\"inLanguage\":\"hu-HU\",\"publisher\":{\"@id\":\"https:\\\/\\\/allasorias.hu\\\/hirek\\\/#organization\"}}]}\n\t\t<\/script>\n\t\t<!-- All in One SEO -->\n\n","aioseo_head_json":{"title":"\u00daj ig\u00e9nyek a mesters\u00e9ges intelligencia szakembereinek ter\u00e9n","description":"Az elm\u00falt n\u00e9h\u00e1ny \u00e9v alatt v\u00e1ltozott a mesters\u00e9ges intelligenia ter\u00fclet\u00e9n a szakemberek poz\u00edci\u00f3ja. Adatkezel\u00e9si \u00e9s a biztons\u00e1gi szakemberek a keresettek.","canonical_url":"https:\/\/allasorias.hu\/hirek\/atalakuloban-a-mesterseges-intelligencia-szakembereinek-munkaja\/","robots":"max-image-preview:large","keywords":"ai,mesters\u00e9ges intelligencia,mi","webmasterTools":{"miscellaneous":""},"schema":{"@context":"https:\/\/schema.org","@graph":[{"@type":"Article","@id":"https:\/\/allasorias.hu\/hirek\/atalakuloban-a-mesterseges-intelligencia-szakembereinek-munkaja\/#article","name":"\u00daj ig\u00e9nyek a mesters\u00e9ges intelligencia szakembereinek ter\u00e9n","headline":"\u00c1talakul\u00f3ban a mesters\u00e9ges intelligencia szakembereinek munk\u00e1ja","author":{"@id":"https:\/\/allasorias.hu\/hirek\/author\/admin-allasorias\/#author"},"publisher":{"@id":"https:\/\/allasorias.hu\/hirek\/#organization"},"image":{"@type":"ImageObject","url":"https:\/\/allasorias.hu\/hirek\/wp-content\/uploads\/2025\/04\/AI-szakemberek.jpg","width":1920,"height":1458,"caption":"\u00c1talakul\u00f3ban a mesters\u00e9ges intelligencia szakembereinek munk\u00e1ja - Allasorias.hu\/Hirek"},"datePublished":"2025-04-29T10:55:12+02:00","dateModified":"2025-04-29T10:55:12+02:00","inLanguage":"hu-HU","mainEntityOfPage":{"@id":"https:\/\/allasorias.hu\/hirek\/atalakuloban-a-mesterseges-intelligencia-szakembereinek-munkaja\/#webpage"},"isPartOf":{"@id":"https:\/\/allasorias.hu\/hirek\/atalakuloban-a-mesterseges-intelligencia-szakembereinek-munkaja\/#webpage"},"articleSection":"Munkaer\u0151piac, AI, mesters\u00e9ges intelligencia, mi"},{"@type":"BreadcrumbList","@id":"https:\/\/allasorias.hu\/hirek\/atalakuloban-a-mesterseges-intelligencia-szakembereinek-munkaja\/#breadcrumblist","itemListElement":[{"@type":"ListItem","@id":"https:\/\/allasorias.hu\/hirek#listItem","position":1,"name":"Home","item":"https:\/\/allasorias.hu\/hirek","nextItem":{"@type":"ListItem","@id":"https:\/\/allasorias.hu\/hirek\/temak\/munkaeropiac\/#listItem","name":"Munkaer\u0151piac"}},{"@type":"ListItem","@id":"https:\/\/allasorias.hu\/hirek\/temak\/munkaeropiac\/#listItem","position":2,"name":"Munkaer\u0151piac","item":"https:\/\/allasorias.hu\/hirek\/temak\/munkaeropiac\/","nextItem":{"@type":"ListItem","@id":"https:\/\/allasorias.hu\/hirek\/atalakuloban-a-mesterseges-intelligencia-szakembereinek-munkaja\/#listItem","name":"\u00c1talakul\u00f3ban a mesters\u00e9ges intelligencia szakembereinek munk\u00e1ja"},"previousItem":{"@type":"ListItem","@id":"https:\/\/allasorias.hu\/hirek#listItem","name":"Home"}},{"@type":"ListItem","@id":"https:\/\/allasorias.hu\/hirek\/atalakuloban-a-mesterseges-intelligencia-szakembereinek-munkaja\/#listItem","position":3,"name":"\u00c1talakul\u00f3ban a mesters\u00e9ges intelligencia szakembereinek munk\u00e1ja","previousItem":{"@type":"ListItem","@id":"https:\/\/allasorias.hu\/hirek\/temak\/munkaeropiac\/#listItem","name":"Munkaer\u0151piac"}}]},{"@type":"Organization","@id":"https:\/\/allasorias.hu\/hirek\/#organization","name":"AllasOrias.hu | H\u00edrek-lapszemle","description":"\u00dczleti h\u00edrek az \u00e1ll\u00e1s \u00e9s a munka vil\u00e1g\u00e1b\u00f3l","url":"https:\/\/allasorias.hu\/hirek\/","logo":{"@type":"ImageObject","url":"https:\/\/allasorias.hu\/hirek\/wp-content\/uploads\/2022\/10\/allasorias_site_facebok_logo.png","@id":"https:\/\/allasorias.hu\/hirek\/atalakuloban-a-mesterseges-intelligencia-szakembereinek-munkaja\/#organizationLogo"},"image":{"@id":"https:\/\/allasorias.hu\/hirek\/atalakuloban-a-mesterseges-intelligencia-szakembereinek-munkaja\/#organizationLogo"},"sameAs":["https:\/\/www.facebook.com\/allasorias","https:\/\/www.linkedin.com\/company\/allasorias"]},{"@type":"Person","@id":"https:\/\/allasorias.hu\/hirek\/author\/admin-allasorias\/#author","url":"https:\/\/allasorias.hu\/hirek\/author\/admin-allasorias\/","name":"Juh\u00e1sz P\u00e9ter","image":{"@type":"ImageObject","@id":"https:\/\/allasorias.hu\/hirek\/atalakuloban-a-mesterseges-intelligencia-szakembereinek-munkaja\/#authorImage","url":"https:\/\/secure.gravatar.com\/avatar\/36e6bcb83148978b992977cb0f54d22feb0cce8a0a849a9410532bb2623ba4c6?s=96&d=mm&r=g","width":96,"height":96,"caption":"Juh\u00e1sz P\u00e9ter"}},{"@type":"WebPage","@id":"https:\/\/allasorias.hu\/hirek\/atalakuloban-a-mesterseges-intelligencia-szakembereinek-munkaja\/#webpage","url":"https:\/\/allasorias.hu\/hirek\/atalakuloban-a-mesterseges-intelligencia-szakembereinek-munkaja\/","name":"\u00daj ig\u00e9nyek a mesters\u00e9ges intelligencia szakembereinek ter\u00e9n","description":"Az elm\u00falt n\u00e9h\u00e1ny \u00e9v alatt v\u00e1ltozott a mesters\u00e9ges intelligenia ter\u00fclet\u00e9n a szakemberek poz\u00edci\u00f3ja. Adatkezel\u00e9si \u00e9s a biztons\u00e1gi szakemberek a keresettek.","inLanguage":"hu-HU","isPartOf":{"@id":"https:\/\/allasorias.hu\/hirek\/#website"},"breadcrumb":{"@id":"https:\/\/allasorias.hu\/hirek\/atalakuloban-a-mesterseges-intelligencia-szakembereinek-munkaja\/#breadcrumblist"},"author":{"@id":"https:\/\/allasorias.hu\/hirek\/author\/admin-allasorias\/#author"},"creator":{"@id":"https:\/\/allasorias.hu\/hirek\/author\/admin-allasorias\/#author"},"image":{"@type":"ImageObject","url":"https:\/\/allasorias.hu\/hirek\/wp-content\/uploads\/2025\/04\/AI-szakemberek.jpg","@id":"https:\/\/allasorias.hu\/hirek\/atalakuloban-a-mesterseges-intelligencia-szakembereinek-munkaja\/#mainImage","width":1920,"height":1458,"caption":"\u00c1talakul\u00f3ban a mesters\u00e9ges intelligencia szakembereinek munk\u00e1ja - Allasorias.hu\/Hirek"},"primaryImageOfPage":{"@id":"https:\/\/allasorias.hu\/hirek\/atalakuloban-a-mesterseges-intelligencia-szakembereinek-munkaja\/#mainImage"},"datePublished":"2025-04-29T10:55:12+02:00","dateModified":"2025-04-29T10:55:12+02:00"},{"@type":"WebSite","@id":"https:\/\/allasorias.hu\/hirek\/#website","url":"https:\/\/allasorias.hu\/hirek\/","name":"AllasOrias.hu | H\u00edrek-lapszemle","description":"\u00dczleti h\u00edrek az \u00e1ll\u00e1s \u00e9s a munka vil\u00e1g\u00e1b\u00f3l","inLanguage":"hu-HU","publisher":{"@id":"https:\/\/allasorias.hu\/hirek\/#organization"}}]},"og:locale":"hu_HU","og:site_name":"AllasOrias.hu | H\u00edrek-lapszemle | \u00dczleti h\u00edrek az \u00e1ll\u00e1s \u00e9s a munka vil\u00e1g\u00e1b\u00f3l","og:type":"article","og:title":"\u00daj ig\u00e9nyek a mesters\u00e9ges intelligencia szakembereinek ter\u00e9n","og:description":"Az elm\u00falt n\u00e9h\u00e1ny \u00e9v alatt v\u00e1ltozott a mesters\u00e9ges intelligenia ter\u00fclet\u00e9n a szakemberek poz\u00edci\u00f3ja. Adatkezel\u00e9si \u00e9s a biztons\u00e1gi szakemberek a keresettek.","og:url":"https:\/\/allasorias.hu\/hirek\/atalakuloban-a-mesterseges-intelligencia-szakembereinek-munkaja\/","og:image":"https:\/\/allasorias.hu\/hirek\/wp-content\/uploads\/2025\/04\/AI-szakemberek.jpg","og:image:secure_url":"https:\/\/allasorias.hu\/hirek\/wp-content\/uploads\/2025\/04\/AI-szakemberek.jpg","og:image:width":1920,"og:image:height":1458,"article:published_time":"2025-04-29T08:55:12+00:00","article:modified_time":"2025-04-29T08:55:12+00:00","article:publisher":"https:\/\/www.facebook.com\/allasorias","twitter:card":"summary_large_image","twitter:title":"\u00daj ig\u00e9nyek a mesters\u00e9ges intelligencia szakembereinek ter\u00e9n","twitter:description":"Az elm\u00falt n\u00e9h\u00e1ny \u00e9v alatt v\u00e1ltozott a mesters\u00e9ges intelligenia ter\u00fclet\u00e9n a szakemberek poz\u00edci\u00f3ja. Adatkezel\u00e9si \u00e9s a biztons\u00e1gi szakemberek a keresettek.","twitter:image":"https:\/\/allasorias.hu\/hirek\/wp-content\/uploads\/2025\/04\/AI-szakemberek.jpg","twitter:label1":"Written by","twitter:data1":"Juh\u00e1sz P\u00e9ter","twitter:label2":"Est. reading time","twitter:data2":"3 minutes"},"aioseo_meta_data":{"post_id":"8356","title":"\u00daj ig\u00e9nyek a mesters\u00e9ges intelligencia szakembereinek ter\u00e9n","description":"Az elm\u00falt n\u00e9h\u00e1ny \u00e9v alatt v\u00e1ltozott a mesters\u00e9ges intelligenia ter\u00fclet\u00e9n a szakemberek poz\u00edci\u00f3ja. Adatkezel\u00e9si \u00e9s a biztons\u00e1gi szakemberek a keresettek.","keywords":null,"keyphrases":{"focus":{"keyphrase":"","score":0,"analysis":{"keyphraseInTitle":{"score":0,"maxScore":9,"error":1}}},"additional":[]},"primary_term":null,"canonical_url":null,"og_title":null,"og_description":null,"og_object_type":"default","og_image_type":"default","og_image_url":null,"og_image_width":null,"og_image_height":null,"og_image_custom_url":null,"og_image_custom_fields":null,"og_video":"","og_custom_url":null,"og_article_section":null,"og_article_tags":null,"twitter_use_og":true,"twitter_card":"default","twitter_image_type":"default","twitter_image_url":null,"twitter_image_custom_url":null,"twitter_image_custom_fields":null,"twitter_title":null,"twitter_description":null,"schema":{"blockGraphs":[],"customGraphs":[],"default":{"data":{"Article":[],"Course":[],"Dataset":[],"FAQPage":[],"Movie":[],"Person":[],"Product":[],"ProductReview":[],"Car":[],"Recipe":[],"Service":[],"SoftwareApplication":[],"WebPage":[]},"graphName":"Article","isEnabled":true},"graphs":[]},"schema_type":"default","schema_type_options":null,"pillar_content":false,"robots_default":true,"robots_noindex":false,"robots_noarchive":false,"robots_nosnippet":false,"robots_nofollow":false,"robots_noimageindex":false,"robots_noodp":false,"robots_notranslate":false,"robots_max_snippet":"-1","robots_max_videopreview":"-1","robots_max_imagepreview":"large","priority":null,"frequency":"default","location":null,"local_seo":null,"breadcrumb_settings":null,"limit_modified_date":false,"ai":null,"created":"2025-04-29 08:42:35","updated":"2025-10-02 21:10:19","seo_analyzer_scan_date":null,"focus_keyword":null,"additional_keywords":null,"truseo_locale":null},"aioseo_breadcrumb":"<div class=\"aioseo-breadcrumbs\"><span class=\"aioseo-breadcrumb\">\n\t\t\t<a href=\"https:\/\/allasorias.hu\/hirek\" title=\"Home\">Home<\/a>\n\t\t<\/span><span class=\"aioseo-breadcrumb-separator\">&raquo;<\/span><span class=\"aioseo-breadcrumb\">\n\t\t\t<a href=\"https:\/\/allasorias.hu\/hirek\/temak\/munkaeropiac\/\" title=\"Munkaer\u0151piac\">Munkaer\u0151piac<\/a>\n\t\t<\/span><span class=\"aioseo-breadcrumb-separator\">&raquo;<\/span><span class=\"aioseo-breadcrumb\">\n\t\t\t\u00c1talakul\u00f3ban a mesters\u00e9ges intelligencia szakembereinek munk\u00e1ja\n\t\t<\/span><\/div>","aioseo_breadcrumb_json":[{"label":"Home","link":"https:\/\/allasorias.hu\/hirek"},{"label":"Munkaer\u0151piac","link":"https:\/\/allasorias.hu\/hirek\/temak\/munkaeropiac\/"},{"label":"\u00c1talakul\u00f3ban a mesters\u00e9ges intelligencia szakembereinek munk\u00e1ja","link":"https:\/\/allasorias.hu\/hirek\/atalakuloban-a-mesterseges-intelligencia-szakembereinek-munkaja\/"}],"_links":{"self":[{"href":"https:\/\/allasorias.hu\/hirek\/wp-json\/wp\/v2\/posts\/8356","targetHints":{"allow":["GET"]}}],"collection":[{"href":"https:\/\/allasorias.hu\/hirek\/wp-json\/wp\/v2\/posts"}],"about":[{"href":"https:\/\/allasorias.hu\/hirek\/wp-json\/wp\/v2\/types\/post"}],"author":[{"embeddable":true,"href":"https:\/\/allasorias.hu\/hirek\/wp-json\/wp\/v2\/users\/1"}],"replies":[{"embeddable":true,"href":"https:\/\/allasorias.hu\/hirek\/wp-json\/wp\/v2\/comments?post=8356"}],"version-history":[{"count":1,"href":"https:\/\/allasorias.hu\/hirek\/wp-json\/wp\/v2\/posts\/8356\/revisions"}],"predecessor-version":[{"id":8358,"href":"https:\/\/allasorias.hu\/hirek\/wp-json\/wp\/v2\/posts\/8356\/revisions\/8358"}],"wp:featuredmedia":[{"embeddable":true,"href":"https:\/\/allasorias.hu\/hirek\/wp-json\/wp\/v2\/media\/8357"}],"wp:attachment":[{"href":"https:\/\/allasorias.hu\/hirek\/wp-json\/wp\/v2\/media?parent=8356"}],"wp:term":[{"taxonomy":"category","embeddable":true,"href":"https:\/\/allasorias.hu\/hirek\/wp-json\/wp\/v2\/categories?post=8356"},{"taxonomy":"post_tag","embeddable":true,"href":"https:\/\/allasorias.hu\/hirek\/wp-json\/wp\/v2\/tags?post=8356"}],"curies":[{"name":"wp","href":"https:\/\/api.w.org\/{rel}","templated":true}]}}