{"id":8353,"date":"2025-04-28T10:25:54","date_gmt":"2025-04-28T08:25:54","guid":{"rendered":"https:\/\/allasorias.hu\/hirek\/?p=8353"},"modified":"2025-04-28T10:25:54","modified_gmt":"2025-04-28T08:25:54","slug":"visszaesett-a-nyelvvizsgat-tevok-szama","status":"publish","type":"post","link":"https:\/\/allasorias.hu\/hirek\/visszaesett-a-nyelvvizsgat-tevok-szama\/","title":{"rendered":"Visszaesett a nyelvvizsg\u00e1t tev\u0151k sz\u00e1ma"},"content":{"rendered":"<p><strong>\u00dagy t\u0171nik, hogy visszaesett azok sz\u00e1ma, akik nyelvvizsg\u00e1t tesznek, pedig az idegennyelv ismere tov\u00e1bbra is elengedhetetlen\u00fcl fontos a munkaer\u0151piacon. A tapasztalatok szerint m\u00e9g az oktat\u00e1si rendszerben val\u00f3 r\u00e9szv\u00e9teln\u00e9l c\u00e9lszer\u0171 vizsg\u00e1t tenni.<\/strong><\/p>\n<p>A 35-39 \u00e9vesekn\u00e9l 10 ezern\u00e9l is magasabb volt a visszaes\u00e9s a nyelvvizsg\u00e1z\u00f3k sz\u00e1m\u00e1ban 2015 \u00e9s 2024 k\u00f6z\u00f6tt. Az Eduline szeml\u00e9zte a Oktat\u00e1si Hivatal Nyelvi Akkredit\u00e1ci\u00f3s Oszt\u00e1ly\u00e1nak adatait, amib\u0151l t\u00f6bbek k\u00f6z\u00f6tt az is kider\u00fcl, hogy aki a k\u00f6z\u00e9piskol\u00e1s \u00e9vei alatt nem szerez nyelvvizsg\u00e1t, val\u00f3szen\u0171leg m\u00e1r k\u00e9s\u0151bb sem fog. A 20-24 \u00e9v k\u00f6z\u00f6tti nyelvvizsg\u00e1z\u00f3k sz\u00e1ma 2019 \u00e9s 2020 k\u00f6zt majdnem t\u00edzezerrel cs\u00f6kkent, a 20-29 \u00e9ves korcsoportn\u00e1l pedig meg is haladta a t\u00edzezret a k\u00fcl\u00f6nbs\u00e9g. A 30-34 \u00e9ves koroszt\u00e1lyn\u00e1l 2015 \u00e9s 2024 k\u00f6z\u00f6tt 11 389-r\u0151l alig 1170 f\u0151re cs\u00f6kkent a vizsg\u00e1z\u00f3k l\u00e9tsz\u00e1ma, a 35-39 \u00e9vesekn\u00e9l pedig 10 ezern\u00e9l is magasabb a visszaes\u00e9s.<\/p>\n<p>Mindk\u00e9t esetben k\u00f6r\u00fclbel\u00fcl 90 sz\u00e1zal\u00e9kkal cs\u00f6kkent a nyelvvizsg\u00e1z\u00f3k sz\u00e1ma. Mint az Eduline \u00edrja, a visszaes\u00e9s a sorozatos nyelvvizsga-amneszti\u00e1kra vezethet\u0151 vissza, valamint a fels\u0151oktat\u00e1si t\u00f6rv\u00e9ny 2022-es m\u00f3dos\u00edt\u00e1s\u00e1ra, amikor a korm\u00e1ny \u00fagy d\u00f6nt\u00f6tt, hogy a k\u00f6z\u00e9pszint\u0171 nyelvvizsga megl\u00e9te m\u00e1r nem k\u00f6zponti felt\u00e9tele a diplomaszerz\u00e9snek. Az egyetemek maguk d\u00f6nthetik el, hogy melyik karon vagy szakon k\u00e9rnek nyelvvizsg\u00e1t a hallgat\u00f3kt\u00f3l.<\/p>\n<p>Forr\u00e1s: <a href=\"https:\/\/www.hrportal.hu\/hr\/szinte-teljesen-eltuntek-az-egyetemista-es-a-30-ev-feletti-nyelvvizsgazok-20250428.html\" target=\"_blank\" rel=\"nofollow noopener noreferrer\">hrportal.hu<\/a><\/p>\n","protected":false},"excerpt":{"rendered":"<p>\u00dagy t\u0171nik, hogy visszaesett azok sz\u00e1ma, akik nyelvvizsg\u00e1t tesznek, pedig az idegennyelv ismere tov\u00e1bbra is elengedhetetlen\u00fcl fontos a munkaer\u0151piacon. A tapasztalatok szerint m\u00e9g az oktat\u00e1si rendszerben val\u00f3 r\u00e9szv\u00e9teln\u00e9l c\u00e9lszer\u0171 vizsg\u00e1t tenni. A 35-39 \u00e9vesekn\u00e9l 10 ezern\u00e9l is magasabb volt a visszaes\u00e9s a nyelvvizsg\u00e1z\u00f3k sz\u00e1m\u00e1ban 2015 \u00e9s 2024 k\u00f6z\u00f6tt. Az Eduline szeml\u00e9zte a Oktat\u00e1si Hivatal Nyelvi [&hellip;]<\/p>\n","protected":false},"author":1,"featured_media":8354,"comment_status":"closed","ping_status":"closed","sticky":false,"template":"","format":"standard","meta":{"_monsterinsights_skip_tracking":false,"_monsterinsights_sitenote_active":false,"_monsterinsights_sitenote_note":"","_monsterinsights_sitenote_category":0,"footnotes":""},"categories":[200],"tags":[227,911],"class_list":["post-8353","post","type-post","status-publish","format-standard","has-post-thumbnail","hentry","category-munkaeropiac","tag-nyelvvizsga","tag-nyelvvizsgazok"],"aioseo_notices":[],"_links":{"self":[{"href":"https:\/\/allasorias.hu\/hirek\/wp-json\/wp\/v2\/posts\/8353","targetHints":{"allow":["GET"]}}],"collection":[{"href":"https:\/\/allasorias.hu\/hirek\/wp-json\/wp\/v2\/posts"}],"about":[{"href":"https:\/\/allasorias.hu\/hirek\/wp-json\/wp\/v2\/types\/post"}],"author":[{"embeddable":true,"href":"https:\/\/allasorias.hu\/hirek\/wp-json\/wp\/v2\/users\/1"}],"replies":[{"embeddable":true,"href":"https:\/\/allasorias.hu\/hirek\/wp-json\/wp\/v2\/comments?post=8353"}],"version-history":[{"count":1,"href":"https:\/\/allasorias.hu\/hirek\/wp-json\/wp\/v2\/posts\/8353\/revisions"}],"predecessor-version":[{"id":8355,"href":"https:\/\/allasorias.hu\/hirek\/wp-json\/wp\/v2\/posts\/8353\/revisions\/8355"}],"wp:featuredmedia":[{"embeddable":true,"href":"https:\/\/allasorias.hu\/hirek\/wp-json\/wp\/v2\/media\/8354"}],"wp:attachment":[{"href":"https:\/\/allasorias.hu\/hirek\/wp-json\/wp\/v2\/media?parent=8353"}],"wp:term":[{"taxonomy":"category","embeddable":true,"href":"https:\/\/allasorias.hu\/hirek\/wp-json\/wp\/v2\/categories?post=8353"},{"taxonomy":"post_tag","embeddable":true,"href":"https:\/\/allasorias.hu\/hirek\/wp-json\/wp\/v2\/tags?post=8353"}],"curies":[{"name":"wp","href":"https:\/\/api.w.org\/{rel}","templated":true}]}}