{"id":8322,"date":"2025-04-11T08:53:21","date_gmt":"2025-04-11T06:53:21","guid":{"rendered":"https:\/\/allasorias.hu\/hirek\/?p=8322"},"modified":"2025-05-09T15:54:13","modified_gmt":"2025-05-09T13:54:13","slug":"megelozhetjuk-foglalkoztatottsagban-a-nemeteket","status":"publish","type":"post","link":"https:\/\/allasorias.hu\/hirek\/megelozhetjuk-foglalkoztatottsagban-a-nemeteket\/","title":{"rendered":"Megel\u0151zhetj\u00fck foglalkoztatotts\u00e1gban a n\u00e9meteket"},"content":{"rendered":"<p><strong>El\u0151kel\u0151 helyen tart Magyarorsz\u00e1g a foglalkoztatotts\u00e1g ter\u00e9n Eur\u00f3p\u00e1ban, s a t\u00e1volabbi el\u0151rejelz\u00e9sek is pozit\u00edvak az \u00e1llamtitk\u00e1r szerint. A legf\u0151bb kih\u00edv\u00e1st viszont a munkaer\u0151hi\u00e1ny jelenti.<\/strong><\/p>\n<p>A c\u00e9l, hogy a foglalkoztat\u00e1si r\u00e1ta az \u00e9vtized v\u00e9g\u00e9re el\u00e9rje a 85 sz\u00e1zal\u00e9kot. Czomba S\u00e1ndor szerint Magyarorsz\u00e1g kiemelked\u0151 az Eur\u00f3pai Uni\u00f3ban, \u00e9s a jelenlegi lend\u00fclettel a n\u00e9meteket is megel\u0151zhetj\u00fck. Fontos korm\u00e1nyzati c\u00e9lkit\u0171z\u00e9s, hogy a 20\u201364 \u00e9ves n\u00e9pess\u00e9g foglalkoztat\u00e1si r\u00e1t\u00e1ja 2030-ra \u00e9rje el a 85 sz\u00e1zal\u00e9kot \u2013 mondta Czomba S\u00e1ndor, a Nemzetgazdas\u00e1gi Miniszt\u00e9rium (NGM) foglalkoztat\u00e1spolitik\u00e1\u00e9rt felel\u0151s \u00e1llamtitk\u00e1ra Debrecenben, a Munkaer\u0151piaci kih\u00edv\u00e1sok \u00e9s el\u00e9rhet\u0151 t\u00e1mogat\u00e1sok c\u00edmmel rendezett iparkamarai konferenci\u00e1n.<\/p>\n<p>Czomba S\u00e1ndor szerint a magyar foglalkoztatotts\u00e1g kiemelked\u0151 az Eur\u00f3pai Uni\u00f3ban, \u00e9s a jelenlegi lend\u00fclettel N\u00e9metorsz\u00e1got is megel\u0151zhetj\u00fck. Az \u00e1llamtitk\u00e1r kiemelte, hogy Magyarorsz\u00e1g a m\u00falt \u00e9vi 81,1 sz\u00e1zal\u00e9kos foglalkoztat\u00e1si r\u00e1t\u00e1val a hetedik helyre l\u00e9pett el\u0151 az Eur\u00f3pai Uni\u00f3 (EU) tagorsz\u00e1ginak list\u00e1j\u00e1n, alig lemaradva N\u00e9metorsz\u00e1gt\u00f3l, l\u00e9nyegesen meghaladva az EU 75,8 sz\u00e1zal\u00e9kos \u00e1tlag\u00e1t. Hozz\u00e1tette: az elm\u00falt \u00e9vek gazdas\u00e1gi n\u00f6veked\u00e9s\u00e9nek eredm\u00e9nyek\u00e9nt nem a munkan\u00e9lk\u00fclis\u00e9g, hanem a munkaer\u0151hi\u00e1ny jelenti az egyik legf\u0151bb kih\u00edv\u00e1st, ez\u00e9rt a legfontosabb tennival\u00f3k:<\/p>\n<ul>\n<li>a potenci\u00e1lis munkaer\u0151-tartal\u00e9k mozg\u00f3s\u00edt\u00e1sa,<\/li>\n<li>az \u00e1ll\u00e1skeres\u0151k \u00e9s munkav\u00e1llal\u00f3k k\u00e9pz\u00e9s\u00e9nek t\u00e1mogat\u00e1sa,<\/li>\n<li>a nem tanul\u00f3 \u00e9s nem dolgoz\u00f3 fiatalok t\u00e1mogat\u00e1sa,<\/li>\n<li>az 55 \u00e9v feletti munkan\u00e9lk\u00fcliek \u00e9s inakt\u00edvak elhelyezked\u00e9s\u00e9nek t\u00e1mogat\u00e1sa<\/li>\n<\/ul>\n<p>mert a gazdas\u00e1g munkaer\u0151ig\u00e9ny\u00e9t els\u0151sorban hazai munkaer\u0151vel kell kiel\u00e9g\u00edteni. Czomba S\u00e1ndor szerint egyre t\u00f6bben dolgoznak Magyarorsz\u00e1gon \u00e9s egyre t\u00f6bbet keresnek, h\u00e1rom \u00e1gazatban m\u00e1r most meghaladta az egymilli\u00f3 forintot a brutt\u00f3 \u00e1tlagkereset: az energia, az IT, \u00e9s a p\u00e9nz\u00fcgyi szektorban.<\/p>\n<p>Forr\u00e1s: <a href=\"https:\/\/www.vg.hu\/vilaggazdasag-magyar-gazdasag\/2025\/04\/munkaeropiac-ngm-czomba\" target=\"_blank\" rel=\"nofollow noopener noreferrer\">vg.hu<\/a><\/p>\n","protected":false},"excerpt":{"rendered":"<p>El\u0151kel\u0151 helyen tart Magyarorsz\u00e1g a foglalkoztatotts\u00e1g ter\u00e9n Eur\u00f3p\u00e1ban, s a t\u00e1volabbi el\u0151rejelz\u00e9sek is pozit\u00edvak az \u00e1llamtitk\u00e1r szerint. A legf\u0151bb kih\u00edv\u00e1st viszont a munkaer\u0151hi\u00e1ny jelenti. A c\u00e9l, hogy a foglalkoztat\u00e1si r\u00e1ta az \u00e9vtized v\u00e9g\u00e9re el\u00e9rje a 85 sz\u00e1zal\u00e9kot. Czomba S\u00e1ndor szerint Magyarorsz\u00e1g kiemelked\u0151 az Eur\u00f3pai Uni\u00f3ban, \u00e9s a jelenlegi lend\u00fclettel a n\u00e9meteket is megel\u0151zhetj\u00fck. Fontos korm\u00e1nyzati [&hellip;]<\/p>\n","protected":false},"author":1,"featured_media":8323,"comment_status":"closed","ping_status":"closed","sticky":false,"template":"","format":"standard","meta":{"_monsterinsights_skip_tracking":false,"footnotes":""},"categories":[1],"tags":[405,296],"class_list":["post-8322","post","type-post","status-publish","format-standard","has-post-thumbnail","hentry","category-allaskereses","tag-foglalkoztatottsag","tag-munkaerohiany"],"aioseo_notices":[],"aioseo_head":"\n\t\t<!-- All in One SEO 5.0.0.1 - aioseo.com -->\n\t<meta name=\"description\" content=\"El\u0151kel\u0151 helyen tart Magyarorsz\u00e1g a foglalkoztatotts\u00e1g ter\u00e9n Eur\u00f3p\u00e1ban, s a t\u00e1volabbi el\u0151rejelz\u00e9sek is pozit\u00edvak az \u00e1llamtitk\u00e1r szerint.\" \/>\n\t<meta name=\"robots\" content=\"max-image-preview:large\" \/>\n\t<meta name=\"author\" content=\"Juh\u00e1sz P\u00e9ter\"\/>\n\t<meta name=\"keywords\" content=\"foglalkoztatotts\u00e1g,munkaer\u0151hi\u00e1ny\" \/>\n\t<link rel=\"canonical\" href=\"https:\/\/allasorias.hu\/hirek\/megelozhetjuk-foglalkoztatottsagban-a-nemeteket\/\" \/>\n\t<meta name=\"generator\" content=\"All in One SEO (AIOSEO) 5.0.0.1\" \/>\n\t\t<meta property=\"og:locale\" content=\"hu_HU\" \/>\n\t\t<meta property=\"og:site_name\" content=\"AllasOrias.hu | H\u00edrek-lapszemle | \u00dczleti h\u00edrek az \u00e1ll\u00e1s \u00e9s a munka vil\u00e1g\u00e1b\u00f3l\" \/>\n\t\t<meta property=\"og:type\" content=\"article\" \/>\n\t\t<meta property=\"og:title\" content=\"Foglalkoztatotts\u00e1gban megel\u0151zhetj\u00fck a n\u00e9meteket\" \/>\n\t\t<meta property=\"og:description\" content=\"El\u0151kel\u0151 helyen tart Magyarorsz\u00e1g a foglalkoztatotts\u00e1g ter\u00e9n Eur\u00f3p\u00e1ban, s a t\u00e1volabbi el\u0151rejelz\u00e9sek is pozit\u00edvak az \u00e1llamtitk\u00e1r szerint.\" \/>\n\t\t<meta property=\"og:url\" content=\"https:\/\/allasorias.hu\/hirek\/megelozhetjuk-foglalkoztatottsagban-a-nemeteket\/\" \/>\n\t\t<meta property=\"og:image\" content=\"https:\/\/allasorias.hu\/hirek\/wp-content\/uploads\/2025\/04\/foglalkoztatottsagi-statisztika.jpg\" \/>\n\t\t<meta property=\"og:image:secure_url\" content=\"https:\/\/allasorias.hu\/hirek\/wp-content\/uploads\/2025\/04\/foglalkoztatottsagi-statisztika.jpg\" \/>\n\t\t<meta property=\"og:image:width\" content=\"1920\" \/>\n\t\t<meta property=\"og:image:height\" content=\"1280\" \/>\n\t\t<meta property=\"article:published_time\" content=\"2025-04-11T06:53:21+00:00\" \/>\n\t\t<meta property=\"article:modified_time\" content=\"2025-05-09T13:54:13+00:00\" \/>\n\t\t<meta property=\"article:publisher\" content=\"https:\/\/www.facebook.com\/allasorias\" \/>\n\t\t<meta name=\"twitter:card\" content=\"summary_large_image\" \/>\n\t\t<meta name=\"twitter:title\" content=\"Foglalkoztatotts\u00e1gban megel\u0151zhetj\u00fck a n\u00e9meteket\" \/>\n\t\t<meta name=\"twitter:description\" content=\"El\u0151kel\u0151 helyen tart Magyarorsz\u00e1g a foglalkoztatotts\u00e1g ter\u00e9n Eur\u00f3p\u00e1ban, s a t\u00e1volabbi el\u0151rejelz\u00e9sek is pozit\u00edvak az \u00e1llamtitk\u00e1r szerint.\" \/>\n\t\t<meta name=\"twitter:image\" content=\"https:\/\/allasorias.hu\/hirek\/wp-content\/uploads\/2025\/04\/foglalkoztatottsagi-statisztika.jpg\" \/>\n\t\t<meta name=\"twitter:label1\" content=\"Written by\" \/>\n\t\t<meta name=\"twitter:data1\" content=\"Juh\u00e1sz P\u00e9ter\" \/>\n\t\t<meta name=\"twitter:label2\" content=\"Est. reading time\" \/>\n\t\t<meta name=\"twitter:data2\" content=\"2 minutes\" \/>\n\t\t<script type=\"application\/ld+json\" class=\"aioseo-schema\">\n\t\t\t{\"@context\":\"https:\\\/\\\/schema.org\",\"@graph\":[{\"@type\":\"Article\",\"@id\":\"https:\\\/\\\/allasorias.hu\\\/hirek\\\/megelozhetjuk-foglalkoztatottsagban-a-nemeteket\\\/#article\",\"name\":\"Foglalkoztatotts\\u00e1gban megel\\u0151zhetj\\u00fck a n\\u00e9meteket\",\"headline\":\"Megel\\u0151zhetj\\u00fck foglalkoztatotts\\u00e1gban a n\\u00e9meteket\",\"author\":{\"@id\":\"https:\\\/\\\/allasorias.hu\\\/hirek\\\/author\\\/admin-allasorias\\\/#author\"},\"publisher\":{\"@id\":\"https:\\\/\\\/allasorias.hu\\\/hirek\\\/#organization\"},\"image\":{\"@type\":\"ImageObject\",\"url\":\"https:\\\/\\\/allasorias.hu\\\/hirek\\\/wp-content\\\/uploads\\\/2025\\\/04\\\/foglalkoztatottsagi-statisztika.jpg\",\"width\":1920,\"height\":1280,\"caption\":\"Megel\\u0151zhetj\\u00fck foglalkoztatotts\\u00e1gban a n\\u00e9meteket - Allasorias.hu\\\/Hirek\"},\"datePublished\":\"2025-04-11T08:53:21+02:00\",\"dateModified\":\"2025-05-09T15:54:13+02:00\",\"inLanguage\":\"hu-HU\",\"mainEntityOfPage\":{\"@id\":\"https:\\\/\\\/allasorias.hu\\\/hirek\\\/megelozhetjuk-foglalkoztatottsagban-a-nemeteket\\\/#webpage\"},\"isPartOf\":{\"@id\":\"https:\\\/\\\/allasorias.hu\\\/hirek\\\/megelozhetjuk-foglalkoztatottsagban-a-nemeteket\\\/#webpage\"},\"articleSection\":\"\\u00c1ll\\u00e1skeres\\u00e9s, foglalkoztatotts\\u00e1g, munkaer\\u0151hi\\u00e1ny\"},{\"@type\":\"BreadcrumbList\",\"@id\":\"https:\\\/\\\/allasorias.hu\\\/hirek\\\/megelozhetjuk-foglalkoztatottsagban-a-nemeteket\\\/#breadcrumblist\",\"itemListElement\":[{\"@type\":\"ListItem\",\"@id\":\"https:\\\/\\\/allasorias.hu\\\/hirek#listItem\",\"position\":1,\"name\":\"Home\",\"item\":\"https:\\\/\\\/allasorias.hu\\\/hirek\",\"nextItem\":{\"@type\":\"ListItem\",\"@id\":\"https:\\\/\\\/allasorias.hu\\\/hirek\\\/temak\\\/allaskereses\\\/#listItem\",\"name\":\"\\u00c1ll\\u00e1skeres\\u00e9s\"}},{\"@type\":\"ListItem\",\"@id\":\"https:\\\/\\\/allasorias.hu\\\/hirek\\\/temak\\\/allaskereses\\\/#listItem\",\"position\":2,\"name\":\"\\u00c1ll\\u00e1skeres\\u00e9s\",\"item\":\"https:\\\/\\\/allasorias.hu\\\/hirek\\\/temak\\\/allaskereses\\\/\",\"nextItem\":{\"@type\":\"ListItem\",\"@id\":\"https:\\\/\\\/allasorias.hu\\\/hirek\\\/megelozhetjuk-foglalkoztatottsagban-a-nemeteket\\\/#listItem\",\"name\":\"Megel\\u0151zhetj\\u00fck foglalkoztatotts\\u00e1gban a n\\u00e9meteket\"},\"previousItem\":{\"@type\":\"ListItem\",\"@id\":\"https:\\\/\\\/allasorias.hu\\\/hirek#listItem\",\"name\":\"Home\"}},{\"@type\":\"ListItem\",\"@id\":\"https:\\\/\\\/allasorias.hu\\\/hirek\\\/megelozhetjuk-foglalkoztatottsagban-a-nemeteket\\\/#listItem\",\"position\":3,\"name\":\"Megel\\u0151zhetj\\u00fck foglalkoztatotts\\u00e1gban a n\\u00e9meteket\",\"previousItem\":{\"@type\":\"ListItem\",\"@id\":\"https:\\\/\\\/allasorias.hu\\\/hirek\\\/temak\\\/allaskereses\\\/#listItem\",\"name\":\"\\u00c1ll\\u00e1skeres\\u00e9s\"}}]},{\"@type\":\"Organization\",\"@id\":\"https:\\\/\\\/allasorias.hu\\\/hirek\\\/#organization\",\"name\":\"AllasOrias.hu | H\\u00edrek-lapszemle\",\"description\":\"\\u00dczleti h\\u00edrek az \\u00e1ll\\u00e1s \\u00e9s a munka vil\\u00e1g\\u00e1b\\u00f3l\",\"url\":\"https:\\\/\\\/allasorias.hu\\\/hirek\\\/\",\"logo\":{\"@type\":\"ImageObject\",\"url\":\"https:\\\/\\\/allasorias.hu\\\/hirek\\\/wp-content\\\/uploads\\\/2022\\\/10\\\/allasorias_site_facebok_logo.png\",\"@id\":\"https:\\\/\\\/allasorias.hu\\\/hirek\\\/megelozhetjuk-foglalkoztatottsagban-a-nemeteket\\\/#organizationLogo\"},\"image\":{\"@id\":\"https:\\\/\\\/allasorias.hu\\\/hirek\\\/megelozhetjuk-foglalkoztatottsagban-a-nemeteket\\\/#organizationLogo\"},\"sameAs\":[\"https:\\\/\\\/www.facebook.com\\\/allasorias\",\"https:\\\/\\\/www.linkedin.com\\\/company\\\/allasorias\"]},{\"@type\":\"Person\",\"@id\":\"https:\\\/\\\/allasorias.hu\\\/hirek\\\/author\\\/admin-allasorias\\\/#author\",\"url\":\"https:\\\/\\\/allasorias.hu\\\/hirek\\\/author\\\/admin-allasorias\\\/\",\"name\":\"Juh\\u00e1sz P\\u00e9ter\",\"image\":{\"@type\":\"ImageObject\",\"@id\":\"https:\\\/\\\/allasorias.hu\\\/hirek\\\/megelozhetjuk-foglalkoztatottsagban-a-nemeteket\\\/#authorImage\",\"url\":\"https:\\\/\\\/secure.gravatar.com\\\/avatar\\\/36e6bcb83148978b992977cb0f54d22feb0cce8a0a849a9410532bb2623ba4c6?s=96&d=mm&r=g\",\"width\":96,\"height\":96,\"caption\":\"Juh\\u00e1sz P\\u00e9ter\"}},{\"@type\":\"WebPage\",\"@id\":\"https:\\\/\\\/allasorias.hu\\\/hirek\\\/megelozhetjuk-foglalkoztatottsagban-a-nemeteket\\\/#webpage\",\"url\":\"https:\\\/\\\/allasorias.hu\\\/hirek\\\/megelozhetjuk-foglalkoztatottsagban-a-nemeteket\\\/\",\"name\":\"Foglalkoztatotts\\u00e1gban megel\\u0151zhetj\\u00fck a n\\u00e9meteket\",\"description\":\"El\\u0151kel\\u0151 helyen tart Magyarorsz\\u00e1g a foglalkoztatotts\\u00e1g ter\\u00e9n Eur\\u00f3p\\u00e1ban, s a t\\u00e1volabbi el\\u0151rejelz\\u00e9sek is pozit\\u00edvak az \\u00e1llamtitk\\u00e1r szerint.\",\"inLanguage\":\"hu-HU\",\"isPartOf\":{\"@id\":\"https:\\\/\\\/allasorias.hu\\\/hirek\\\/#website\"},\"breadcrumb\":{\"@id\":\"https:\\\/\\\/allasorias.hu\\\/hirek\\\/megelozhetjuk-foglalkoztatottsagban-a-nemeteket\\\/#breadcrumblist\"},\"author\":{\"@id\":\"https:\\\/\\\/allasorias.hu\\\/hirek\\\/author\\\/admin-allasorias\\\/#author\"},\"creator\":{\"@id\":\"https:\\\/\\\/allasorias.hu\\\/hirek\\\/author\\\/admin-allasorias\\\/#author\"},\"image\":{\"@type\":\"ImageObject\",\"url\":\"https:\\\/\\\/allasorias.hu\\\/hirek\\\/wp-content\\\/uploads\\\/2025\\\/04\\\/foglalkoztatottsagi-statisztika.jpg\",\"@id\":\"https:\\\/\\\/allasorias.hu\\\/hirek\\\/megelozhetjuk-foglalkoztatottsagban-a-nemeteket\\\/#mainImage\",\"width\":1920,\"height\":1280,\"caption\":\"Megel\\u0151zhetj\\u00fck foglalkoztatotts\\u00e1gban a n\\u00e9meteket - Allasorias.hu\\\/Hirek\"},\"primaryImageOfPage\":{\"@id\":\"https:\\\/\\\/allasorias.hu\\\/hirek\\\/megelozhetjuk-foglalkoztatottsagban-a-nemeteket\\\/#mainImage\"},\"datePublished\":\"2025-04-11T08:53:21+02:00\",\"dateModified\":\"2025-05-09T15:54:13+02:00\"},{\"@type\":\"WebSite\",\"@id\":\"https:\\\/\\\/allasorias.hu\\\/hirek\\\/#website\",\"url\":\"https:\\\/\\\/allasorias.hu\\\/hirek\\\/\",\"name\":\"AllasOrias.hu | H\\u00edrek-lapszemle\",\"description\":\"\\u00dczleti h\\u00edrek az \\u00e1ll\\u00e1s \\u00e9s a munka vil\\u00e1g\\u00e1b\\u00f3l\",\"inLanguage\":\"hu-HU\",\"publisher\":{\"@id\":\"https:\\\/\\\/allasorias.hu\\\/hirek\\\/#organization\"}}]}\n\t\t<\/script>\n\t\t<!-- All in One SEO -->\n\n","aioseo_head_json":{"title":"Foglalkoztatotts\u00e1gban megel\u0151zhetj\u00fck a n\u00e9meteket","description":"El\u0151kel\u0151 helyen tart Magyarorsz\u00e1g a foglalkoztatotts\u00e1g ter\u00e9n Eur\u00f3p\u00e1ban, s a t\u00e1volabbi el\u0151rejelz\u00e9sek is pozit\u00edvak az \u00e1llamtitk\u00e1r szerint.","canonical_url":"https:\/\/allasorias.hu\/hirek\/megelozhetjuk-foglalkoztatottsagban-a-nemeteket\/","robots":"max-image-preview:large","keywords":"foglalkoztatotts\u00e1g,munkaer\u0151hi\u00e1ny","webmasterTools":{"miscellaneous":""},"schema":{"@context":"https:\/\/schema.org","@graph":[{"@type":"Article","@id":"https:\/\/allasorias.hu\/hirek\/megelozhetjuk-foglalkoztatottsagban-a-nemeteket\/#article","name":"Foglalkoztatotts\u00e1gban megel\u0151zhetj\u00fck a n\u00e9meteket","headline":"Megel\u0151zhetj\u00fck foglalkoztatotts\u00e1gban a n\u00e9meteket","author":{"@id":"https:\/\/allasorias.hu\/hirek\/author\/admin-allasorias\/#author"},"publisher":{"@id":"https:\/\/allasorias.hu\/hirek\/#organization"},"image":{"@type":"ImageObject","url":"https:\/\/allasorias.hu\/hirek\/wp-content\/uploads\/2025\/04\/foglalkoztatottsagi-statisztika.jpg","width":1920,"height":1280,"caption":"Megel\u0151zhetj\u00fck foglalkoztatotts\u00e1gban a n\u00e9meteket - Allasorias.hu\/Hirek"},"datePublished":"2025-04-11T08:53:21+02:00","dateModified":"2025-05-09T15:54:13+02:00","inLanguage":"hu-HU","mainEntityOfPage":{"@id":"https:\/\/allasorias.hu\/hirek\/megelozhetjuk-foglalkoztatottsagban-a-nemeteket\/#webpage"},"isPartOf":{"@id":"https:\/\/allasorias.hu\/hirek\/megelozhetjuk-foglalkoztatottsagban-a-nemeteket\/#webpage"},"articleSection":"\u00c1ll\u00e1skeres\u00e9s, foglalkoztatotts\u00e1g, munkaer\u0151hi\u00e1ny"},{"@type":"BreadcrumbList","@id":"https:\/\/allasorias.hu\/hirek\/megelozhetjuk-foglalkoztatottsagban-a-nemeteket\/#breadcrumblist","itemListElement":[{"@type":"ListItem","@id":"https:\/\/allasorias.hu\/hirek#listItem","position":1,"name":"Home","item":"https:\/\/allasorias.hu\/hirek","nextItem":{"@type":"ListItem","@id":"https:\/\/allasorias.hu\/hirek\/temak\/allaskereses\/#listItem","name":"\u00c1ll\u00e1skeres\u00e9s"}},{"@type":"ListItem","@id":"https:\/\/allasorias.hu\/hirek\/temak\/allaskereses\/#listItem","position":2,"name":"\u00c1ll\u00e1skeres\u00e9s","item":"https:\/\/allasorias.hu\/hirek\/temak\/allaskereses\/","nextItem":{"@type":"ListItem","@id":"https:\/\/allasorias.hu\/hirek\/megelozhetjuk-foglalkoztatottsagban-a-nemeteket\/#listItem","name":"Megel\u0151zhetj\u00fck foglalkoztatotts\u00e1gban a n\u00e9meteket"},"previousItem":{"@type":"ListItem","@id":"https:\/\/allasorias.hu\/hirek#listItem","name":"Home"}},{"@type":"ListItem","@id":"https:\/\/allasorias.hu\/hirek\/megelozhetjuk-foglalkoztatottsagban-a-nemeteket\/#listItem","position":3,"name":"Megel\u0151zhetj\u00fck foglalkoztatotts\u00e1gban a n\u00e9meteket","previousItem":{"@type":"ListItem","@id":"https:\/\/allasorias.hu\/hirek\/temak\/allaskereses\/#listItem","name":"\u00c1ll\u00e1skeres\u00e9s"}}]},{"@type":"Organization","@id":"https:\/\/allasorias.hu\/hirek\/#organization","name":"AllasOrias.hu | H\u00edrek-lapszemle","description":"\u00dczleti h\u00edrek az \u00e1ll\u00e1s \u00e9s a munka vil\u00e1g\u00e1b\u00f3l","url":"https:\/\/allasorias.hu\/hirek\/","logo":{"@type":"ImageObject","url":"https:\/\/allasorias.hu\/hirek\/wp-content\/uploads\/2022\/10\/allasorias_site_facebok_logo.png","@id":"https:\/\/allasorias.hu\/hirek\/megelozhetjuk-foglalkoztatottsagban-a-nemeteket\/#organizationLogo"},"image":{"@id":"https:\/\/allasorias.hu\/hirek\/megelozhetjuk-foglalkoztatottsagban-a-nemeteket\/#organizationLogo"},"sameAs":["https:\/\/www.facebook.com\/allasorias","https:\/\/www.linkedin.com\/company\/allasorias"]},{"@type":"Person","@id":"https:\/\/allasorias.hu\/hirek\/author\/admin-allasorias\/#author","url":"https:\/\/allasorias.hu\/hirek\/author\/admin-allasorias\/","name":"Juh\u00e1sz P\u00e9ter","image":{"@type":"ImageObject","@id":"https:\/\/allasorias.hu\/hirek\/megelozhetjuk-foglalkoztatottsagban-a-nemeteket\/#authorImage","url":"https:\/\/secure.gravatar.com\/avatar\/36e6bcb83148978b992977cb0f54d22feb0cce8a0a849a9410532bb2623ba4c6?s=96&d=mm&r=g","width":96,"height":96,"caption":"Juh\u00e1sz P\u00e9ter"}},{"@type":"WebPage","@id":"https:\/\/allasorias.hu\/hirek\/megelozhetjuk-foglalkoztatottsagban-a-nemeteket\/#webpage","url":"https:\/\/allasorias.hu\/hirek\/megelozhetjuk-foglalkoztatottsagban-a-nemeteket\/","name":"Foglalkoztatotts\u00e1gban megel\u0151zhetj\u00fck a n\u00e9meteket","description":"El\u0151kel\u0151 helyen tart Magyarorsz\u00e1g a foglalkoztatotts\u00e1g ter\u00e9n Eur\u00f3p\u00e1ban, s a t\u00e1volabbi el\u0151rejelz\u00e9sek is pozit\u00edvak az \u00e1llamtitk\u00e1r szerint.","inLanguage":"hu-HU","isPartOf":{"@id":"https:\/\/allasorias.hu\/hirek\/#website"},"breadcrumb":{"@id":"https:\/\/allasorias.hu\/hirek\/megelozhetjuk-foglalkoztatottsagban-a-nemeteket\/#breadcrumblist"},"author":{"@id":"https:\/\/allasorias.hu\/hirek\/author\/admin-allasorias\/#author"},"creator":{"@id":"https:\/\/allasorias.hu\/hirek\/author\/admin-allasorias\/#author"},"image":{"@type":"ImageObject","url":"https:\/\/allasorias.hu\/hirek\/wp-content\/uploads\/2025\/04\/foglalkoztatottsagi-statisztika.jpg","@id":"https:\/\/allasorias.hu\/hirek\/megelozhetjuk-foglalkoztatottsagban-a-nemeteket\/#mainImage","width":1920,"height":1280,"caption":"Megel\u0151zhetj\u00fck foglalkoztatotts\u00e1gban a n\u00e9meteket - Allasorias.hu\/Hirek"},"primaryImageOfPage":{"@id":"https:\/\/allasorias.hu\/hirek\/megelozhetjuk-foglalkoztatottsagban-a-nemeteket\/#mainImage"},"datePublished":"2025-04-11T08:53:21+02:00","dateModified":"2025-05-09T15:54:13+02:00"},{"@type":"WebSite","@id":"https:\/\/allasorias.hu\/hirek\/#website","url":"https:\/\/allasorias.hu\/hirek\/","name":"AllasOrias.hu | H\u00edrek-lapszemle","description":"\u00dczleti h\u00edrek az \u00e1ll\u00e1s \u00e9s a munka vil\u00e1g\u00e1b\u00f3l","inLanguage":"hu-HU","publisher":{"@id":"https:\/\/allasorias.hu\/hirek\/#organization"}}]},"og:locale":"hu_HU","og:site_name":"AllasOrias.hu | H\u00edrek-lapszemle | \u00dczleti h\u00edrek az \u00e1ll\u00e1s \u00e9s a munka vil\u00e1g\u00e1b\u00f3l","og:type":"article","og:title":"Foglalkoztatotts\u00e1gban megel\u0151zhetj\u00fck a n\u00e9meteket","og:description":"El\u0151kel\u0151 helyen tart Magyarorsz\u00e1g a foglalkoztatotts\u00e1g ter\u00e9n Eur\u00f3p\u00e1ban, s a t\u00e1volabbi el\u0151rejelz\u00e9sek is pozit\u00edvak az \u00e1llamtitk\u00e1r szerint.","og:url":"https:\/\/allasorias.hu\/hirek\/megelozhetjuk-foglalkoztatottsagban-a-nemeteket\/","og:image":"https:\/\/allasorias.hu\/hirek\/wp-content\/uploads\/2025\/04\/foglalkoztatottsagi-statisztika.jpg","og:image:secure_url":"https:\/\/allasorias.hu\/hirek\/wp-content\/uploads\/2025\/04\/foglalkoztatottsagi-statisztika.jpg","og:image:width":1920,"og:image:height":1280,"article:published_time":"2025-04-11T06:53:21+00:00","article:modified_time":"2025-05-09T13:54:13+00:00","article:publisher":"https:\/\/www.facebook.com\/allasorias","twitter:card":"summary_large_image","twitter:title":"Foglalkoztatotts\u00e1gban megel\u0151zhetj\u00fck a n\u00e9meteket","twitter:description":"El\u0151kel\u0151 helyen tart Magyarorsz\u00e1g a foglalkoztatotts\u00e1g ter\u00e9n Eur\u00f3p\u00e1ban, s a t\u00e1volabbi el\u0151rejelz\u00e9sek is pozit\u00edvak az \u00e1llamtitk\u00e1r szerint.","twitter:image":"https:\/\/allasorias.hu\/hirek\/wp-content\/uploads\/2025\/04\/foglalkoztatottsagi-statisztika.jpg","twitter:label1":"Written by","twitter:data1":"Juh\u00e1sz P\u00e9ter","twitter:label2":"Est. reading time","twitter:data2":"2 minutes"},"aioseo_meta_data":{"post_id":"8322","title":"Foglalkoztatotts\u00e1gban megel\u0151zhetj\u00fck a n\u00e9meteket","description":"El\u0151kel\u0151 helyen tart Magyarorsz\u00e1g a foglalkoztatotts\u00e1g ter\u00e9n Eur\u00f3p\u00e1ban, s a t\u00e1volabbi el\u0151rejelz\u00e9sek is pozit\u00edvak az \u00e1llamtitk\u00e1r szerint.","keywords":null,"keyphrases":{"focus":{"keyphrase":"","score":0,"analysis":{"keyphraseInTitle":{"score":0,"maxScore":9,"error":1}}},"additional":[]},"primary_term":null,"canonical_url":null,"og_title":null,"og_description":null,"og_object_type":"default","og_image_type":"default","og_image_url":null,"og_image_width":null,"og_image_height":null,"og_image_custom_url":null,"og_image_custom_fields":null,"og_video":"","og_custom_url":null,"og_article_section":null,"og_article_tags":null,"twitter_use_og":true,"twitter_card":"default","twitter_image_type":"default","twitter_image_url":null,"twitter_image_custom_url":null,"twitter_image_custom_fields":null,"twitter_title":null,"twitter_description":null,"schema":{"blockGraphs":[],"customGraphs":[],"default":{"data":{"Article":[],"Course":[],"Dataset":[],"FAQPage":[],"Movie":[],"Person":[],"Product":[],"ProductReview":[],"Car":[],"Recipe":[],"Service":[],"SoftwareApplication":[],"WebPage":[]},"graphName":"Article","isEnabled":true},"graphs":[]},"schema_type":"default","schema_type_options":null,"pillar_content":false,"robots_default":true,"robots_noindex":false,"robots_noarchive":false,"robots_nosnippet":false,"robots_nofollow":false,"robots_noimageindex":false,"robots_noodp":false,"robots_notranslate":false,"robots_max_snippet":"-1","robots_max_videopreview":"-1","robots_max_imagepreview":"large","priority":null,"frequency":"default","location":null,"local_seo":null,"breadcrumb_settings":null,"limit_modified_date":false,"ai":null,"created":"2025-04-11 06:44:39","updated":"2025-10-02 21:05:52","seo_analyzer_scan_date":null,"focus_keyword":null,"additional_keywords":null,"truseo_locale":null},"aioseo_breadcrumb":"<div class=\"aioseo-breadcrumbs\"><span class=\"aioseo-breadcrumb\">\n\t\t\t<a href=\"https:\/\/allasorias.hu\/hirek\" title=\"Home\">Home<\/a>\n\t\t<\/span><span class=\"aioseo-breadcrumb-separator\">&raquo;<\/span><span class=\"aioseo-breadcrumb\">\n\t\t\t<a href=\"https:\/\/allasorias.hu\/hirek\/temak\/allaskereses\/\" title=\"\u00c1ll\u00e1skeres\u00e9s\">\u00c1ll\u00e1skeres\u00e9s<\/a>\n\t\t<\/span><span class=\"aioseo-breadcrumb-separator\">&raquo;<\/span><span class=\"aioseo-breadcrumb\">\n\t\t\tMegel\u0151zhetj\u00fck foglalkoztatotts\u00e1gban a n\u00e9meteket\n\t\t<\/span><\/div>","aioseo_breadcrumb_json":[{"label":"Home","link":"https:\/\/allasorias.hu\/hirek"},{"label":"\u00c1ll\u00e1skeres\u00e9s","link":"https:\/\/allasorias.hu\/hirek\/temak\/allaskereses\/"},{"label":"Megel\u0151zhetj\u00fck foglalkoztatotts\u00e1gban a n\u00e9meteket","link":"https:\/\/allasorias.hu\/hirek\/megelozhetjuk-foglalkoztatottsagban-a-nemeteket\/"}],"_links":{"self":[{"href":"https:\/\/allasorias.hu\/hirek\/wp-json\/wp\/v2\/posts\/8322","targetHints":{"allow":["GET"]}}],"collection":[{"href":"https:\/\/allasorias.hu\/hirek\/wp-json\/wp\/v2\/posts"}],"about":[{"href":"https:\/\/allasorias.hu\/hirek\/wp-json\/wp\/v2\/types\/post"}],"author":[{"embeddable":true,"href":"https:\/\/allasorias.hu\/hirek\/wp-json\/wp\/v2\/users\/1"}],"replies":[{"embeddable":true,"href":"https:\/\/allasorias.hu\/hirek\/wp-json\/wp\/v2\/comments?post=8322"}],"version-history":[{"count":1,"href":"https:\/\/allasorias.hu\/hirek\/wp-json\/wp\/v2\/posts\/8322\/revisions"}],"predecessor-version":[{"id":8324,"href":"https:\/\/allasorias.hu\/hirek\/wp-json\/wp\/v2\/posts\/8322\/revisions\/8324"}],"wp:featuredmedia":[{"embeddable":true,"href":"https:\/\/allasorias.hu\/hirek\/wp-json\/wp\/v2\/media\/8323"}],"wp:attachment":[{"href":"https:\/\/allasorias.hu\/hirek\/wp-json\/wp\/v2\/media?parent=8322"}],"wp:term":[{"taxonomy":"category","embeddable":true,"href":"https:\/\/allasorias.hu\/hirek\/wp-json\/wp\/v2\/categories?post=8322"},{"taxonomy":"post_tag","embeddable":true,"href":"https:\/\/allasorias.hu\/hirek\/wp-json\/wp\/v2\/tags?post=8322"}],"curies":[{"name":"wp","href":"https:\/\/api.w.org\/{rel}","templated":true}]}}