{"id":8292,"date":"2025-03-28T09:53:26","date_gmt":"2025-03-28T07:53:26","guid":{"rendered":"https:\/\/allasorias.hu\/hirek\/?p=8292"},"modified":"2025-05-09T11:59:25","modified_gmt":"2025-05-09T09:59:25","slug":"gyakran-valtanak-munkahelyet-a-munkavallalok","status":"publish","type":"post","link":"https:\/\/allasorias.hu\/hirek\/gyakran-valtanak-munkahelyet-a-munkavallalok\/","title":{"rendered":"Gyakran v\u00e1ltanak munkahelyet a munkav\u00e1llal\u00f3k"},"content":{"rendered":"<p><strong>Az elm\u00falt \u00e9vben a munkaer\u0151v\u00e1ndorl\u00e1s nagym\u00e9rt\u00e9k\u0171 emelked\u00e9s\u00e9t lehetett tapasztalni t\u00f6bb magyarorsz\u00e1gi r\u00e9gi\u00f3ban. Egyes r\u00e9gi\u00f3kban egy-k\u00e9t h\u00e9t alatt tal\u00e1lnak munk\u00e1t, de van ahol f\u00e9l \u00e9vre is kiny\u00falik ez az id\u0151. <\/strong><\/p>\n<p>Fizikai munkaer\u0151-k\u00f6lcs\u00f6nz\u00e9s eset\u00e9n az els\u0151 hat h\u00f3napban ak\u00e1r 35 sz\u00e1zal\u00e9kos a kil\u00e9p\u0151k ar\u00e1nya. A legnagyobb fluktu\u00e1ci\u00f3 a betan\u00edtott munkak\u00f6r\u00f6kben volt tapasztalhat\u00f3, ahol a munkav\u00e1llal\u00f3k ak\u00e1r n\u00e9h\u00e1ny h\u00e9t ut\u00e1n is tov\u00e1bb\u00e1llnak \u2013 der\u00fclt ki a WHC Csoport 2024-es r\u00e9gi\u00f3s adataib\u00f3l. Magyarorsz\u00e1g egyik vezet\u0151 HR-szolg\u00e1ltat\u00f3ja, a WHC megvizsg\u00e1lta a nagyobb r\u00e9gi\u00f3k, k\u00f6zt\u00fck Debrecen, Gy\u0151r, P\u00e9cs \u00e9s Szeged k\u00f6rny\u00e9k\u00e9t a fizikai munkaer\u0151-k\u00f6lcs\u00f6nz\u00e9s \u00e9s -k\u00f6zvet\u00edt\u00e9s szempontj\u00e1b\u00f3l.<\/p>\n<h2>1-2 h\u00e9t \u00e1ll\u00e1skeres\u00e9s<\/h2>\n<p>A WHC saj\u00e1t adatai alapj\u00e1n a legkeresettebb szakm\u00e1k k\u00f6z\u00f6tt Debrecenben a villanyszerel\u0151, gy\u00e1rt\u00e1sk\u00f6zi technikus, \u00e9p\u00fcletg\u00e9p\u00e9sz \u00e9s tapasztalt g\u00e9pkezel\u0151 szerepelt, m\u00edg Gy\u0151rben nagy kereslet mutatkozott a g\u00e9pkezel\u0151k, karbantart\u00f3k \u00e9s rakt\u00e1rosok ir\u00e1nt. Ek\u00f6zben P\u00e9csen \u00e9s Szegeden els\u0151sorban betan\u00edtott fizikai munkat\u00e1rsakat, g\u00e9pmestereket \u00e9s anyagmozgat\u00f3kat kerestek 2024-ben. Az \u00e1ll\u00e1sok felt\u00f6lt\u00e9s\u00e9nek ideje munkak\u00f6r\u00f6nk\u00e9nt v\u00e1ltoz\u00f3: betan\u00edtott munk\u00e1k eset\u00e9ben Debrecenben \u00e9s Szegeden egy h\u00e9ten bel\u00fcl tal\u00e1lni munkav\u00e1llal\u00f3t, m\u00edg P\u00e9csen 1-2 h\u00e9t alatt siker\u00fclt fel\u00f6lteni a szabad poz\u00edci\u00f3t.<\/p>\n<h2>1-6 h\u00f3nap v\u00e1rakoz\u00e1s<\/h2>\n<p>Gy\u0151rben az olyan szakemberek eset\u00e9ben, mint a g\u00e9pkezel\u0151, g\u00e9pbe\u00e1ll\u00edt\u00f3 vagy karbantart\u00f3, a toborz\u00e1si id\u0151 ak\u00e1r 1-4 h\u00f3nap is lehetett, a m\u00e9rn\u00f6ki \u00e9s vezet\u0151i poz\u00edci\u00f3k eset\u00e9ben pedig ez az id\u0151 3-6 h\u00f3napra is kitol\u00f3dhatott. E t\u00e9ren a l\u00e9tes\u00edtm\u00e9ny-gazd\u00e1lkod\u00e1si menedzserek eset\u00e9ben mutatkozott a legnagyobb sz\u00f3r\u00e1s: bizonyos esetekben azonnal siker\u00fclt megtal\u00e1lni a megfelel\u0151 jel\u00f6ltet, de a folyamat ak\u00e1r f\u00e9l \u00e9vig is elh\u00faz\u00f3dhatott.<\/p>\n<p>A jel\u00f6ltek felkutat\u00e1s\u00e1t az is nehez\u00edtette, hogy r\u00e9gi\u00f3nk\u00e9nt elt\u00e9r\u0151, de mindenk\u00e9ppen magas fluktu\u00e1ci\u00f3 volt jellemz\u0151 2024-ben. Debrecenben az \u00e9ves fluktu\u00e1ci\u00f3 m\u00e9rt\u00e9ke 30 sz\u00e1zal\u00e9k k\u00f6r\u00fcl mozgott, m\u00edg Szegeden \u00e9ves szint\u00e9n a fizikai munkak\u00f6r\u00f6kben dolgoz\u00f3k 17 sz\u00e1zal\u00e9ka v\u00e1ltott munk\u00e1t, ami negyed\u00e9ves bont\u00e1sban el\u00e9rhette a 22 sz\u00e1zal\u00e9kot is. Gy\u0151rben k\u00fcl\u00f6n\u00f6sen a betan\u00edtott munkak\u00f6r\u00f6kben volt megfigyelhet\u0151 nagy mozg\u00e1s, ahol a munkav\u00e1llal\u00f3k ak\u00e1r n\u00e9h\u00e1ny h\u00e9t ut\u00e1n is tov\u00e1bb\u00e1llhattak. P\u00e9csett a munkav\u00e1llal\u00f3k \u00e1tlagosan 7,4 h\u00f3napot t\u00f6lt\u00f6ttek egy poz\u00edci\u00f3ban, amely adatot a toborz\u00e1st k\u00f6vet\u0151en \u00e1llom\u00e1nyba vett munkav\u00e1llal\u00f3k ar\u00e1nya is jelent\u0151sen befoly\u00e1solt.<\/p>\n<p>\u201e<em>Az adatok alapj\u00e1n elmondhat\u00f3, hogy a m\u0171szaki \u00e9s m\u00e9rn\u00f6ki szakm\u00e1k eset\u00e9ben a munkaer\u0151hi\u00e1ny tov\u00e1bbra is kih\u00edv\u00e1st jelent a partnereink sz\u00e1m\u00e1ra. Az EHS (munkav\u00e9delmi), villamosm\u00e9rn\u00f6ki \u00e9s karbantart\u00e1si szakm\u00e1kban n\u00f6vekedtek legink\u00e1bb a b\u00e9rek, mivel ezeknek a poz\u00edci\u00f3knak az \u00fajra bet\u00f6lt\u00e9se \u00fctk\u00f6zik a legjelent\u0151sebb neh\u00e9zs\u00e9gekbe. Az aut\u00f3ipar \u00e9s az elektronikai szektor \u00faj beruh\u00e1z\u00e1sai r\u00e9v\u00e9n szint\u00e9n jelent\u0151s fluktu\u00e1ci\u00f3 tapasztalhat\u00f3, amelyek el\u0151rejelz\u00e9seink szerint nagyban befoly\u00e1solj\u00e1k a r\u00e9gi\u00f3k munkaer\u0151piac alakul\u00e1s\u00e1t a k\u00f6vetkez\u0151 \u00e9vekben<\/em>\u201d \u2013 mondta G\u00f6ltl Viktor, a WHC \u00fcgyvezet\u0151je.<\/p>\n<p>Forr\u00e1s: <a href=\"https:\/\/www.digitalhungary.hu\/human\/Sokk-a-munkaeropiacon-a-dolgozok-harmada-fel-even-belul-felmond\/27513\/\" target=\"_blank\" rel=\"nofollow noopener\">digitalhungary.hu<\/a><\/p>\n","protected":false},"excerpt":{"rendered":"<p>Az elm\u00falt \u00e9vben a munkaer\u0151v\u00e1ndorl\u00e1s nagym\u00e9rt\u00e9k\u0171 emelked\u00e9s\u00e9t lehetett tapasztalni t\u00f6bb magyarorsz\u00e1gi r\u00e9gi\u00f3ban. Egyes r\u00e9gi\u00f3kban egy-k\u00e9t h\u00e9t alatt tal\u00e1lnak munk\u00e1t, de van ahol f\u00e9l \u00e9vre is kiny\u00falik ez az id\u0151. Fizikai munkaer\u0151-k\u00f6lcs\u00f6nz\u00e9s eset\u00e9n az els\u0151 hat h\u00f3napban ak\u00e1r 35 sz\u00e1zal\u00e9kos a kil\u00e9p\u0151k ar\u00e1nya. A legnagyobb fluktu\u00e1ci\u00f3 a betan\u00edtott munkak\u00f6r\u00f6kben volt tapasztalhat\u00f3, ahol a munkav\u00e1llal\u00f3k ak\u00e1r n\u00e9h\u00e1ny [&hellip;]<\/p>\n","protected":false},"author":1,"featured_media":8293,"comment_status":"closed","ping_status":"closed","sticky":false,"template":"","format":"standard","meta":{"_monsterinsights_skip_tracking":false,"footnotes":""},"categories":[200],"tags":[896,393],"class_list":["post-8292","post","type-post","status-publish","format-standard","has-post-thumbnail","hentry","category-munkaeropiac","tag-fluktacio","tag-munkahelyvaltas"],"aioseo_notices":[],"aioseo_head":"\n\t\t<!-- All in One SEO 5.0.0.1 - aioseo.com -->\n\t<meta name=\"description\" content=\"Az elm\u00falt \u00e9vben a munkaer\u0151v\u00e1ndorl\u00e1s nagym\u00e9rt\u00e9k\u0171 emelked\u00e9s\u00e9t lehetett tapasztalni t\u00f6bb magyarorsz\u00e1gi r\u00e9gi\u00f3ban. Egyes r\u00e9gi\u00f3kban t\u00f6bb h\u00f3nap munk\u00e1ttal\u00e1lni.\" \/>\n\t<meta name=\"robots\" content=\"max-image-preview:large\" \/>\n\t<meta name=\"author\" content=\"Juh\u00e1sz P\u00e9ter\"\/>\n\t<meta name=\"keywords\" content=\"flukt\u00e1ci\u00f3,munkahelyv\u00e1lt\u00e1s\" \/>\n\t<link rel=\"canonical\" href=\"https:\/\/allasorias.hu\/hirek\/gyakran-valtanak-munkahelyet-a-munkavallalok\/\" \/>\n\t<meta name=\"generator\" content=\"All in One SEO (AIOSEO) 5.0.0.1\" \/>\n\t\t<meta property=\"og:locale\" content=\"hu_HU\" \/>\n\t\t<meta property=\"og:site_name\" content=\"AllasOrias.hu | H\u00edrek-lapszemle | \u00dczleti h\u00edrek az \u00e1ll\u00e1s \u00e9s a munka vil\u00e1g\u00e1b\u00f3l\" \/>\n\t\t<meta property=\"og:type\" content=\"article\" \/>\n\t\t<meta property=\"og:title\" content=\"Munkav\u00e1llal\u00f3k gyakran v\u00e1ltanak poz\u00edci\u00f3t\" \/>\n\t\t<meta property=\"og:description\" content=\"Az elm\u00falt \u00e9vben a munkaer\u0151v\u00e1ndorl\u00e1s nagym\u00e9rt\u00e9k\u0171 emelked\u00e9s\u00e9t lehetett tapasztalni t\u00f6bb magyarorsz\u00e1gi r\u00e9gi\u00f3ban. Egyes r\u00e9gi\u00f3kban t\u00f6bb h\u00f3nap munk\u00e1ttal\u00e1lni.\" \/>\n\t\t<meta property=\"og:url\" content=\"https:\/\/allasorias.hu\/hirek\/gyakran-valtanak-munkahelyet-a-munkavallalok\/\" \/>\n\t\t<meta property=\"og:image\" content=\"https:\/\/allasorias.hu\/hirek\/wp-content\/uploads\/2025\/03\/gyakori-munkahelyvaltas.jpg\" \/>\n\t\t<meta property=\"og:image:secure_url\" content=\"https:\/\/allasorias.hu\/hirek\/wp-content\/uploads\/2025\/03\/gyakori-munkahelyvaltas.jpg\" \/>\n\t\t<meta property=\"og:image:width\" content=\"1920\" \/>\n\t\t<meta property=\"og:image:height\" content=\"1280\" \/>\n\t\t<meta property=\"article:published_time\" content=\"2025-03-28T07:53:26+00:00\" \/>\n\t\t<meta property=\"article:modified_time\" content=\"2025-05-09T09:59:25+00:00\" \/>\n\t\t<meta property=\"article:publisher\" content=\"https:\/\/www.facebook.com\/allasorias\" \/>\n\t\t<meta name=\"twitter:card\" content=\"summary_large_image\" \/>\n\t\t<meta name=\"twitter:title\" content=\"Munkav\u00e1llal\u00f3k gyakran v\u00e1ltanak poz\u00edci\u00f3t\" \/>\n\t\t<meta name=\"twitter:description\" content=\"Az elm\u00falt \u00e9vben a munkaer\u0151v\u00e1ndorl\u00e1s nagym\u00e9rt\u00e9k\u0171 emelked\u00e9s\u00e9t lehetett tapasztalni t\u00f6bb magyarorsz\u00e1gi r\u00e9gi\u00f3ban. Egyes r\u00e9gi\u00f3kban t\u00f6bb h\u00f3nap munk\u00e1ttal\u00e1lni.\" \/>\n\t\t<meta name=\"twitter:image\" content=\"https:\/\/allasorias.hu\/hirek\/wp-content\/uploads\/2025\/03\/gyakori-munkahelyvaltas.jpg\" \/>\n\t\t<meta name=\"twitter:label1\" content=\"Written by\" \/>\n\t\t<meta name=\"twitter:data1\" content=\"Juh\u00e1sz P\u00e9ter\" \/>\n\t\t<meta name=\"twitter:label2\" content=\"Est. reading time\" \/>\n\t\t<meta name=\"twitter:data2\" content=\"3 minutes\" \/>\n\t\t<script type=\"application\/ld+json\" class=\"aioseo-schema\">\n\t\t\t{\"@context\":\"https:\\\/\\\/schema.org\",\"@graph\":[{\"@type\":\"Article\",\"@id\":\"https:\\\/\\\/allasorias.hu\\\/hirek\\\/gyakran-valtanak-munkahelyet-a-munkavallalok\\\/#article\",\"name\":\"Munkav\\u00e1llal\\u00f3k gyakran v\\u00e1ltanak poz\\u00edci\\u00f3t\",\"headline\":\"Gyakran v\\u00e1ltanak munkahelyet a munkav\\u00e1llal\\u00f3k\",\"author\":{\"@id\":\"https:\\\/\\\/allasorias.hu\\\/hirek\\\/author\\\/admin-allasorias\\\/#author\"},\"publisher\":{\"@id\":\"https:\\\/\\\/allasorias.hu\\\/hirek\\\/#organization\"},\"image\":{\"@type\":\"ImageObject\",\"url\":\"https:\\\/\\\/allasorias.hu\\\/hirek\\\/wp-content\\\/uploads\\\/2025\\\/03\\\/gyakori-munkahelyvaltas.jpg\",\"width\":1920,\"height\":1280,\"caption\":\"Gyakran v\\u00e1ltanak munkahelyet a munkav\\u00e1llal\\u00f3k - Allasorias.hu\\\/Hirek\"},\"datePublished\":\"2025-03-28T09:53:26+02:00\",\"dateModified\":\"2025-05-09T11:59:25+02:00\",\"inLanguage\":\"hu-HU\",\"mainEntityOfPage\":{\"@id\":\"https:\\\/\\\/allasorias.hu\\\/hirek\\\/gyakran-valtanak-munkahelyet-a-munkavallalok\\\/#webpage\"},\"isPartOf\":{\"@id\":\"https:\\\/\\\/allasorias.hu\\\/hirek\\\/gyakran-valtanak-munkahelyet-a-munkavallalok\\\/#webpage\"},\"articleSection\":\"Munkaer\\u0151piac, flukt\\u00e1ci\\u00f3, munkahelyv\\u00e1lt\\u00e1s\"},{\"@type\":\"BreadcrumbList\",\"@id\":\"https:\\\/\\\/allasorias.hu\\\/hirek\\\/gyakran-valtanak-munkahelyet-a-munkavallalok\\\/#breadcrumblist\",\"itemListElement\":[{\"@type\":\"ListItem\",\"@id\":\"https:\\\/\\\/allasorias.hu\\\/hirek#listItem\",\"position\":1,\"name\":\"Home\",\"item\":\"https:\\\/\\\/allasorias.hu\\\/hirek\",\"nextItem\":{\"@type\":\"ListItem\",\"@id\":\"https:\\\/\\\/allasorias.hu\\\/hirek\\\/temak\\\/munkaeropiac\\\/#listItem\",\"name\":\"Munkaer\\u0151piac\"}},{\"@type\":\"ListItem\",\"@id\":\"https:\\\/\\\/allasorias.hu\\\/hirek\\\/temak\\\/munkaeropiac\\\/#listItem\",\"position\":2,\"name\":\"Munkaer\\u0151piac\",\"item\":\"https:\\\/\\\/allasorias.hu\\\/hirek\\\/temak\\\/munkaeropiac\\\/\",\"nextItem\":{\"@type\":\"ListItem\",\"@id\":\"https:\\\/\\\/allasorias.hu\\\/hirek\\\/gyakran-valtanak-munkahelyet-a-munkavallalok\\\/#listItem\",\"name\":\"Gyakran v\\u00e1ltanak munkahelyet a munkav\\u00e1llal\\u00f3k\"},\"previousItem\":{\"@type\":\"ListItem\",\"@id\":\"https:\\\/\\\/allasorias.hu\\\/hirek#listItem\",\"name\":\"Home\"}},{\"@type\":\"ListItem\",\"@id\":\"https:\\\/\\\/allasorias.hu\\\/hirek\\\/gyakran-valtanak-munkahelyet-a-munkavallalok\\\/#listItem\",\"position\":3,\"name\":\"Gyakran v\\u00e1ltanak munkahelyet a munkav\\u00e1llal\\u00f3k\",\"previousItem\":{\"@type\":\"ListItem\",\"@id\":\"https:\\\/\\\/allasorias.hu\\\/hirek\\\/temak\\\/munkaeropiac\\\/#listItem\",\"name\":\"Munkaer\\u0151piac\"}}]},{\"@type\":\"Organization\",\"@id\":\"https:\\\/\\\/allasorias.hu\\\/hirek\\\/#organization\",\"name\":\"AllasOrias.hu | H\\u00edrek-lapszemle\",\"description\":\"\\u00dczleti h\\u00edrek az \\u00e1ll\\u00e1s \\u00e9s a munka vil\\u00e1g\\u00e1b\\u00f3l\",\"url\":\"https:\\\/\\\/allasorias.hu\\\/hirek\\\/\",\"logo\":{\"@type\":\"ImageObject\",\"url\":\"https:\\\/\\\/allasorias.hu\\\/hirek\\\/wp-content\\\/uploads\\\/2022\\\/10\\\/allasorias_site_facebok_logo.png\",\"@id\":\"https:\\\/\\\/allasorias.hu\\\/hirek\\\/gyakran-valtanak-munkahelyet-a-munkavallalok\\\/#organizationLogo\"},\"image\":{\"@id\":\"https:\\\/\\\/allasorias.hu\\\/hirek\\\/gyakran-valtanak-munkahelyet-a-munkavallalok\\\/#organizationLogo\"},\"sameAs\":[\"https:\\\/\\\/www.facebook.com\\\/allasorias\",\"https:\\\/\\\/www.linkedin.com\\\/company\\\/allasorias\"]},{\"@type\":\"Person\",\"@id\":\"https:\\\/\\\/allasorias.hu\\\/hirek\\\/author\\\/admin-allasorias\\\/#author\",\"url\":\"https:\\\/\\\/allasorias.hu\\\/hirek\\\/author\\\/admin-allasorias\\\/\",\"name\":\"Juh\\u00e1sz P\\u00e9ter\",\"image\":{\"@type\":\"ImageObject\",\"@id\":\"https:\\\/\\\/allasorias.hu\\\/hirek\\\/gyakran-valtanak-munkahelyet-a-munkavallalok\\\/#authorImage\",\"url\":\"https:\\\/\\\/secure.gravatar.com\\\/avatar\\\/36e6bcb83148978b992977cb0f54d22feb0cce8a0a849a9410532bb2623ba4c6?s=96&d=mm&r=g\",\"width\":96,\"height\":96,\"caption\":\"Juh\\u00e1sz P\\u00e9ter\"}},{\"@type\":\"WebPage\",\"@id\":\"https:\\\/\\\/allasorias.hu\\\/hirek\\\/gyakran-valtanak-munkahelyet-a-munkavallalok\\\/#webpage\",\"url\":\"https:\\\/\\\/allasorias.hu\\\/hirek\\\/gyakran-valtanak-munkahelyet-a-munkavallalok\\\/\",\"name\":\"Munkav\\u00e1llal\\u00f3k gyakran v\\u00e1ltanak poz\\u00edci\\u00f3t\",\"description\":\"Az elm\\u00falt \\u00e9vben a munkaer\\u0151v\\u00e1ndorl\\u00e1s nagym\\u00e9rt\\u00e9k\\u0171 emelked\\u00e9s\\u00e9t lehetett tapasztalni t\\u00f6bb magyarorsz\\u00e1gi r\\u00e9gi\\u00f3ban. Egyes r\\u00e9gi\\u00f3kban t\\u00f6bb h\\u00f3nap munk\\u00e1ttal\\u00e1lni.\",\"inLanguage\":\"hu-HU\",\"isPartOf\":{\"@id\":\"https:\\\/\\\/allasorias.hu\\\/hirek\\\/#website\"},\"breadcrumb\":{\"@id\":\"https:\\\/\\\/allasorias.hu\\\/hirek\\\/gyakran-valtanak-munkahelyet-a-munkavallalok\\\/#breadcrumblist\"},\"author\":{\"@id\":\"https:\\\/\\\/allasorias.hu\\\/hirek\\\/author\\\/admin-allasorias\\\/#author\"},\"creator\":{\"@id\":\"https:\\\/\\\/allasorias.hu\\\/hirek\\\/author\\\/admin-allasorias\\\/#author\"},\"image\":{\"@type\":\"ImageObject\",\"url\":\"https:\\\/\\\/allasorias.hu\\\/hirek\\\/wp-content\\\/uploads\\\/2025\\\/03\\\/gyakori-munkahelyvaltas.jpg\",\"@id\":\"https:\\\/\\\/allasorias.hu\\\/hirek\\\/gyakran-valtanak-munkahelyet-a-munkavallalok\\\/#mainImage\",\"width\":1920,\"height\":1280,\"caption\":\"Gyakran v\\u00e1ltanak munkahelyet a munkav\\u00e1llal\\u00f3k - Allasorias.hu\\\/Hirek\"},\"primaryImageOfPage\":{\"@id\":\"https:\\\/\\\/allasorias.hu\\\/hirek\\\/gyakran-valtanak-munkahelyet-a-munkavallalok\\\/#mainImage\"},\"datePublished\":\"2025-03-28T09:53:26+02:00\",\"dateModified\":\"2025-05-09T11:59:25+02:00\"},{\"@type\":\"WebSite\",\"@id\":\"https:\\\/\\\/allasorias.hu\\\/hirek\\\/#website\",\"url\":\"https:\\\/\\\/allasorias.hu\\\/hirek\\\/\",\"name\":\"AllasOrias.hu | H\\u00edrek-lapszemle\",\"description\":\"\\u00dczleti h\\u00edrek az \\u00e1ll\\u00e1s \\u00e9s a munka vil\\u00e1g\\u00e1b\\u00f3l\",\"inLanguage\":\"hu-HU\",\"publisher\":{\"@id\":\"https:\\\/\\\/allasorias.hu\\\/hirek\\\/#organization\"}}]}\n\t\t<\/script>\n\t\t<!-- All in One SEO -->\n\n","aioseo_head_json":{"title":"Munkav\u00e1llal\u00f3k gyakran v\u00e1ltanak poz\u00edci\u00f3t","description":"Az elm\u00falt \u00e9vben a munkaer\u0151v\u00e1ndorl\u00e1s nagym\u00e9rt\u00e9k\u0171 emelked\u00e9s\u00e9t lehetett tapasztalni t\u00f6bb magyarorsz\u00e1gi r\u00e9gi\u00f3ban. Egyes r\u00e9gi\u00f3kban t\u00f6bb h\u00f3nap munk\u00e1ttal\u00e1lni.","canonical_url":"https:\/\/allasorias.hu\/hirek\/gyakran-valtanak-munkahelyet-a-munkavallalok\/","robots":"max-image-preview:large","keywords":"flukt\u00e1ci\u00f3,munkahelyv\u00e1lt\u00e1s","webmasterTools":{"miscellaneous":""},"schema":{"@context":"https:\/\/schema.org","@graph":[{"@type":"Article","@id":"https:\/\/allasorias.hu\/hirek\/gyakran-valtanak-munkahelyet-a-munkavallalok\/#article","name":"Munkav\u00e1llal\u00f3k gyakran v\u00e1ltanak poz\u00edci\u00f3t","headline":"Gyakran v\u00e1ltanak munkahelyet a munkav\u00e1llal\u00f3k","author":{"@id":"https:\/\/allasorias.hu\/hirek\/author\/admin-allasorias\/#author"},"publisher":{"@id":"https:\/\/allasorias.hu\/hirek\/#organization"},"image":{"@type":"ImageObject","url":"https:\/\/allasorias.hu\/hirek\/wp-content\/uploads\/2025\/03\/gyakori-munkahelyvaltas.jpg","width":1920,"height":1280,"caption":"Gyakran v\u00e1ltanak munkahelyet a munkav\u00e1llal\u00f3k - Allasorias.hu\/Hirek"},"datePublished":"2025-03-28T09:53:26+02:00","dateModified":"2025-05-09T11:59:25+02:00","inLanguage":"hu-HU","mainEntityOfPage":{"@id":"https:\/\/allasorias.hu\/hirek\/gyakran-valtanak-munkahelyet-a-munkavallalok\/#webpage"},"isPartOf":{"@id":"https:\/\/allasorias.hu\/hirek\/gyakran-valtanak-munkahelyet-a-munkavallalok\/#webpage"},"articleSection":"Munkaer\u0151piac, flukt\u00e1ci\u00f3, munkahelyv\u00e1lt\u00e1s"},{"@type":"BreadcrumbList","@id":"https:\/\/allasorias.hu\/hirek\/gyakran-valtanak-munkahelyet-a-munkavallalok\/#breadcrumblist","itemListElement":[{"@type":"ListItem","@id":"https:\/\/allasorias.hu\/hirek#listItem","position":1,"name":"Home","item":"https:\/\/allasorias.hu\/hirek","nextItem":{"@type":"ListItem","@id":"https:\/\/allasorias.hu\/hirek\/temak\/munkaeropiac\/#listItem","name":"Munkaer\u0151piac"}},{"@type":"ListItem","@id":"https:\/\/allasorias.hu\/hirek\/temak\/munkaeropiac\/#listItem","position":2,"name":"Munkaer\u0151piac","item":"https:\/\/allasorias.hu\/hirek\/temak\/munkaeropiac\/","nextItem":{"@type":"ListItem","@id":"https:\/\/allasorias.hu\/hirek\/gyakran-valtanak-munkahelyet-a-munkavallalok\/#listItem","name":"Gyakran v\u00e1ltanak munkahelyet a munkav\u00e1llal\u00f3k"},"previousItem":{"@type":"ListItem","@id":"https:\/\/allasorias.hu\/hirek#listItem","name":"Home"}},{"@type":"ListItem","@id":"https:\/\/allasorias.hu\/hirek\/gyakran-valtanak-munkahelyet-a-munkavallalok\/#listItem","position":3,"name":"Gyakran v\u00e1ltanak munkahelyet a munkav\u00e1llal\u00f3k","previousItem":{"@type":"ListItem","@id":"https:\/\/allasorias.hu\/hirek\/temak\/munkaeropiac\/#listItem","name":"Munkaer\u0151piac"}}]},{"@type":"Organization","@id":"https:\/\/allasorias.hu\/hirek\/#organization","name":"AllasOrias.hu | H\u00edrek-lapszemle","description":"\u00dczleti h\u00edrek az \u00e1ll\u00e1s \u00e9s a munka vil\u00e1g\u00e1b\u00f3l","url":"https:\/\/allasorias.hu\/hirek\/","logo":{"@type":"ImageObject","url":"https:\/\/allasorias.hu\/hirek\/wp-content\/uploads\/2022\/10\/allasorias_site_facebok_logo.png","@id":"https:\/\/allasorias.hu\/hirek\/gyakran-valtanak-munkahelyet-a-munkavallalok\/#organizationLogo"},"image":{"@id":"https:\/\/allasorias.hu\/hirek\/gyakran-valtanak-munkahelyet-a-munkavallalok\/#organizationLogo"},"sameAs":["https:\/\/www.facebook.com\/allasorias","https:\/\/www.linkedin.com\/company\/allasorias"]},{"@type":"Person","@id":"https:\/\/allasorias.hu\/hirek\/author\/admin-allasorias\/#author","url":"https:\/\/allasorias.hu\/hirek\/author\/admin-allasorias\/","name":"Juh\u00e1sz P\u00e9ter","image":{"@type":"ImageObject","@id":"https:\/\/allasorias.hu\/hirek\/gyakran-valtanak-munkahelyet-a-munkavallalok\/#authorImage","url":"https:\/\/secure.gravatar.com\/avatar\/36e6bcb83148978b992977cb0f54d22feb0cce8a0a849a9410532bb2623ba4c6?s=96&d=mm&r=g","width":96,"height":96,"caption":"Juh\u00e1sz P\u00e9ter"}},{"@type":"WebPage","@id":"https:\/\/allasorias.hu\/hirek\/gyakran-valtanak-munkahelyet-a-munkavallalok\/#webpage","url":"https:\/\/allasorias.hu\/hirek\/gyakran-valtanak-munkahelyet-a-munkavallalok\/","name":"Munkav\u00e1llal\u00f3k gyakran v\u00e1ltanak poz\u00edci\u00f3t","description":"Az elm\u00falt \u00e9vben a munkaer\u0151v\u00e1ndorl\u00e1s nagym\u00e9rt\u00e9k\u0171 emelked\u00e9s\u00e9t lehetett tapasztalni t\u00f6bb magyarorsz\u00e1gi r\u00e9gi\u00f3ban. Egyes r\u00e9gi\u00f3kban t\u00f6bb h\u00f3nap munk\u00e1ttal\u00e1lni.","inLanguage":"hu-HU","isPartOf":{"@id":"https:\/\/allasorias.hu\/hirek\/#website"},"breadcrumb":{"@id":"https:\/\/allasorias.hu\/hirek\/gyakran-valtanak-munkahelyet-a-munkavallalok\/#breadcrumblist"},"author":{"@id":"https:\/\/allasorias.hu\/hirek\/author\/admin-allasorias\/#author"},"creator":{"@id":"https:\/\/allasorias.hu\/hirek\/author\/admin-allasorias\/#author"},"image":{"@type":"ImageObject","url":"https:\/\/allasorias.hu\/hirek\/wp-content\/uploads\/2025\/03\/gyakori-munkahelyvaltas.jpg","@id":"https:\/\/allasorias.hu\/hirek\/gyakran-valtanak-munkahelyet-a-munkavallalok\/#mainImage","width":1920,"height":1280,"caption":"Gyakran v\u00e1ltanak munkahelyet a munkav\u00e1llal\u00f3k - Allasorias.hu\/Hirek"},"primaryImageOfPage":{"@id":"https:\/\/allasorias.hu\/hirek\/gyakran-valtanak-munkahelyet-a-munkavallalok\/#mainImage"},"datePublished":"2025-03-28T09:53:26+02:00","dateModified":"2025-05-09T11:59:25+02:00"},{"@type":"WebSite","@id":"https:\/\/allasorias.hu\/hirek\/#website","url":"https:\/\/allasorias.hu\/hirek\/","name":"AllasOrias.hu | H\u00edrek-lapszemle","description":"\u00dczleti h\u00edrek az \u00e1ll\u00e1s \u00e9s a munka vil\u00e1g\u00e1b\u00f3l","inLanguage":"hu-HU","publisher":{"@id":"https:\/\/allasorias.hu\/hirek\/#organization"}}]},"og:locale":"hu_HU","og:site_name":"AllasOrias.hu | H\u00edrek-lapszemle | \u00dczleti h\u00edrek az \u00e1ll\u00e1s \u00e9s a munka vil\u00e1g\u00e1b\u00f3l","og:type":"article","og:title":"Munkav\u00e1llal\u00f3k gyakran v\u00e1ltanak poz\u00edci\u00f3t","og:description":"Az elm\u00falt \u00e9vben a munkaer\u0151v\u00e1ndorl\u00e1s nagym\u00e9rt\u00e9k\u0171 emelked\u00e9s\u00e9t lehetett tapasztalni t\u00f6bb magyarorsz\u00e1gi r\u00e9gi\u00f3ban. Egyes r\u00e9gi\u00f3kban t\u00f6bb h\u00f3nap munk\u00e1ttal\u00e1lni.","og:url":"https:\/\/allasorias.hu\/hirek\/gyakran-valtanak-munkahelyet-a-munkavallalok\/","og:image":"https:\/\/allasorias.hu\/hirek\/wp-content\/uploads\/2025\/03\/gyakori-munkahelyvaltas.jpg","og:image:secure_url":"https:\/\/allasorias.hu\/hirek\/wp-content\/uploads\/2025\/03\/gyakori-munkahelyvaltas.jpg","og:image:width":1920,"og:image:height":1280,"article:published_time":"2025-03-28T07:53:26+00:00","article:modified_time":"2025-05-09T09:59:25+00:00","article:publisher":"https:\/\/www.facebook.com\/allasorias","twitter:card":"summary_large_image","twitter:title":"Munkav\u00e1llal\u00f3k gyakran v\u00e1ltanak poz\u00edci\u00f3t","twitter:description":"Az elm\u00falt \u00e9vben a munkaer\u0151v\u00e1ndorl\u00e1s nagym\u00e9rt\u00e9k\u0171 emelked\u00e9s\u00e9t lehetett tapasztalni t\u00f6bb magyarorsz\u00e1gi r\u00e9gi\u00f3ban. Egyes r\u00e9gi\u00f3kban t\u00f6bb h\u00f3nap munk\u00e1ttal\u00e1lni.","twitter:image":"https:\/\/allasorias.hu\/hirek\/wp-content\/uploads\/2025\/03\/gyakori-munkahelyvaltas.jpg","twitter:label1":"Written by","twitter:data1":"Juh\u00e1sz P\u00e9ter","twitter:label2":"Est. reading time","twitter:data2":"3 minutes"},"aioseo_meta_data":{"post_id":"8292","title":"Munkav\u00e1llal\u00f3k gyakran v\u00e1ltanak poz\u00edci\u00f3t","description":"Az elm\u00falt \u00e9vben a munkaer\u0151v\u00e1ndorl\u00e1s nagym\u00e9rt\u00e9k\u0171 emelked\u00e9s\u00e9t lehetett tapasztalni t\u00f6bb magyarorsz\u00e1gi r\u00e9gi\u00f3ban. Egyes r\u00e9gi\u00f3kban t\u00f6bb h\u00f3nap munk\u00e1ttal\u00e1lni.","keywords":null,"keyphrases":{"focus":{"keyphrase":"","score":0,"analysis":{"keyphraseInTitle":{"score":0,"maxScore":9,"error":1}}},"additional":[]},"primary_term":null,"canonical_url":null,"og_title":null,"og_description":null,"og_object_type":"default","og_image_type":"default","og_image_url":null,"og_image_width":null,"og_image_height":null,"og_image_custom_url":null,"og_image_custom_fields":null,"og_video":"","og_custom_url":null,"og_article_section":null,"og_article_tags":null,"twitter_use_og":true,"twitter_card":"default","twitter_image_type":"default","twitter_image_url":null,"twitter_image_custom_url":null,"twitter_image_custom_fields":null,"twitter_title":null,"twitter_description":null,"schema":{"blockGraphs":[],"customGraphs":[],"default":{"data":{"Article":[],"Course":[],"Dataset":[],"FAQPage":[],"Movie":[],"Person":[],"Product":[],"ProductReview":[],"Car":[],"Recipe":[],"Service":[],"SoftwareApplication":[],"WebPage":[]},"graphName":"Article","isEnabled":true},"graphs":[]},"schema_type":"default","schema_type_options":null,"pillar_content":false,"robots_default":true,"robots_noindex":false,"robots_noarchive":false,"robots_nosnippet":false,"robots_nofollow":false,"robots_noimageindex":false,"robots_noodp":false,"robots_notranslate":false,"robots_max_snippet":"-1","robots_max_videopreview":"-1","robots_max_imagepreview":"large","priority":null,"frequency":"default","location":null,"local_seo":null,"breadcrumb_settings":null,"limit_modified_date":false,"ai":null,"created":"2025-03-28 07:21:48","updated":"2025-10-02 21:03:21","seo_analyzer_scan_date":null,"focus_keyword":null,"additional_keywords":null,"truseo_locale":null},"aioseo_breadcrumb":"<div class=\"aioseo-breadcrumbs\"><span class=\"aioseo-breadcrumb\">\n\t\t\t<a href=\"https:\/\/allasorias.hu\/hirek\" title=\"Home\">Home<\/a>\n\t\t<\/span><span class=\"aioseo-breadcrumb-separator\">&raquo;<\/span><span class=\"aioseo-breadcrumb\">\n\t\t\t<a href=\"https:\/\/allasorias.hu\/hirek\/temak\/munkaeropiac\/\" title=\"Munkaer\u0151piac\">Munkaer\u0151piac<\/a>\n\t\t<\/span><span class=\"aioseo-breadcrumb-separator\">&raquo;<\/span><span class=\"aioseo-breadcrumb\">\n\t\t\tGyakran v\u00e1ltanak munkahelyet a munkav\u00e1llal\u00f3k\n\t\t<\/span><\/div>","aioseo_breadcrumb_json":[{"label":"Home","link":"https:\/\/allasorias.hu\/hirek"},{"label":"Munkaer\u0151piac","link":"https:\/\/allasorias.hu\/hirek\/temak\/munkaeropiac\/"},{"label":"Gyakran v\u00e1ltanak munkahelyet a munkav\u00e1llal\u00f3k","link":"https:\/\/allasorias.hu\/hirek\/gyakran-valtanak-munkahelyet-a-munkavallalok\/"}],"_links":{"self":[{"href":"https:\/\/allasorias.hu\/hirek\/wp-json\/wp\/v2\/posts\/8292","targetHints":{"allow":["GET"]}}],"collection":[{"href":"https:\/\/allasorias.hu\/hirek\/wp-json\/wp\/v2\/posts"}],"about":[{"href":"https:\/\/allasorias.hu\/hirek\/wp-json\/wp\/v2\/types\/post"}],"author":[{"embeddable":true,"href":"https:\/\/allasorias.hu\/hirek\/wp-json\/wp\/v2\/users\/1"}],"replies":[{"embeddable":true,"href":"https:\/\/allasorias.hu\/hirek\/wp-json\/wp\/v2\/comments?post=8292"}],"version-history":[{"count":1,"href":"https:\/\/allasorias.hu\/hirek\/wp-json\/wp\/v2\/posts\/8292\/revisions"}],"predecessor-version":[{"id":8294,"href":"https:\/\/allasorias.hu\/hirek\/wp-json\/wp\/v2\/posts\/8292\/revisions\/8294"}],"wp:featuredmedia":[{"embeddable":true,"href":"https:\/\/allasorias.hu\/hirek\/wp-json\/wp\/v2\/media\/8293"}],"wp:attachment":[{"href":"https:\/\/allasorias.hu\/hirek\/wp-json\/wp\/v2\/media?parent=8292"}],"wp:term":[{"taxonomy":"category","embeddable":true,"href":"https:\/\/allasorias.hu\/hirek\/wp-json\/wp\/v2\/categories?post=8292"},{"taxonomy":"post_tag","embeddable":true,"href":"https:\/\/allasorias.hu\/hirek\/wp-json\/wp\/v2\/tags?post=8292"}],"curies":[{"name":"wp","href":"https:\/\/api.w.org\/{rel}","templated":true}]}}