{"id":8288,"date":"2025-03-27T10:32:39","date_gmt":"2025-03-27T08:32:39","guid":{"rendered":"https:\/\/allasorias.hu\/hirek\/?p=8288"},"modified":"2025-05-09T10:58:30","modified_gmt":"2025-05-09T08:58:30","slug":"bizonytalansag-a-versenyszferaban","status":"publish","type":"post","link":"https:\/\/allasorias.hu\/hirek\/bizonytalansag-a-versenyszferaban\/","title":{"rendered":"Bizonytalans\u00e1g a versenyszf\u00e9r\u00e1ban"},"content":{"rendered":"<p><strong>Nincsenek j\u00f3 helyzetben a versenyszf\u00e9r\u00e1ban dolgoz\u00f3k, a munkaer\u0151piaci v\u00e1ltoz\u00e1sok legink\u00e1bb \u0151ket \u00e9rinti. A fizet\u00e9seikkel is egyre ink\u00e1bb el\u00e9gedetlenek \u00e9s sokan munkahelyv\u00e1lt\u00e1st terveznek.<\/strong><\/p>\n<p>Sokan azt gondolj\u00e1k, a versenyszf\u00e9r\u00e1ban mindenhol kiemelked\u0151ek a b\u00e9rek. De mi van, hogyha ez nem \u00edgy van? A versenyszf\u00e9ra k\u00fcl\u00f6n\u00f6sen kitett a munkaer\u0151piaci v\u00e1ltoz\u00e1soknak \u2013 hangs\u00falyozta N\u00f3gr\u00e1di J\u00f3zsef, a Trenkwalder strat\u00e9giai kapcsolatok\u00e9rt felel\u0151s igazgat\u00f3ja a Spirit FM T\u00f6bb-kevesebb c\u00edm\u0171 m\u0171sor\u00e1ban. Azt l\u00e1tni, hogy a bizonytalans\u00e1g teljes m\u00e9rt\u00e9kben r\u00e1\u00fclt a szektorra. Ebb\u0151l forradalom lesz? \u2013\u00a0 Egyre n\u00f6vekszik az &#8222;indulat&#8221;, m\u00e1r 56 sz\u00e1zal\u00e9kra emelkedett a fizet\u00e9s\u00fckkel el\u00e9gedetlenek ar\u00e1nya a versenyszf\u00e9r\u00e1ban is.<\/p>\n<p>A c\u00edmben hivatkozott felm\u00e9r\u00e9st a Trenwalder nem el\u0151sz\u00f6r k\u00e9sz\u00edtette el: tavalyel\u0151tt a v\u00e1laszad\u00f3k 43 sz\u00e1zal\u00e9ka volt el\u00e9gedetlen, tavaly 50, most pedig 56 sz\u00e1zal\u00e9k volt el\u00e9gedetlen a fizet\u00e9s\u00fckkel. L\u00e1tni, hogy a bizonytalans\u00e1g a munkav\u00e1llal\u00f3kra is r\u00e1\u00fcl \u2013 h\u00fazta al\u00e1 a szakember. Ha pedig az adatok m\u00f6g\u00e9 n\u00e9z\u00fcnk, azt l\u00e1tni, hogy k\u00f6zben fogy a leveg\u0151 is, vagyis egyre kevesebb a lehet\u0151s\u00e9g a piacon, szor\u00edtott helyzetben vannak a munkav\u00e1llal\u00f3k.<\/p>\n<p>A felm\u00e9r\u00e9st 500 f\u0151 r\u00e9szv\u00e9tel\u00e9vel v\u00e9gezt\u00e9k el. A Trenkwalder folyamatosan n\u00e9zi a b\u00e9reket, 14 ezer munkav\u00e1llal\u00f3nak sz\u00e1mfejtik a b\u00e9r\u00e9t, orsz\u00e1gszerte az ipari- \u00e9s szolg\u00e1ltat\u00f3szektort szkennelik, gy\u0171jtik t\u0151l\u00fck az adatokat. Azt l\u00e1tj\u00e1k, hogy \u00e9vr\u0151l \u00e9vre ez is elegend\u0151 szonda, hogy kirajzol\u00f3djon, hogyan gondolkoznak a munkav\u00e1llal\u00f3k, \u00e1rulta el a kutat\u00e1sr\u00f3l N\u00f3gr\u00e1di J\u00f3zsef. A v\u00e1laszad\u00f3k 66 sz\u00e1zal\u00e9ka tervez 1 \u00e9ven bel\u00fcl munkahelyv\u00e1lt\u00e1st, ami jelzi az \u00e1ltal\u00e1nos el\u00e9gedetlens\u00e9get. Ez a mutat\u00f3 is n\u00f6vekszik, tavaly ez 63 sz\u00e1zal\u00e9k volt, mondta N\u00f3gr\u00e1di J\u00f3zsef. Egy\u00e9bk\u00e9nt a v\u00e1laszad\u00f3k 57 sz\u00e1zal\u00e9ka m\u00e1r egy 20 sz\u00e1zal\u00e9kon bel\u00fcli b\u00e9rn\u00f6veked\u00e9ssel is el\u00e9gedett lenne, tette hozz\u00e1.<\/p>\n<p>Forr\u00e1s: <a href=\"https:\/\/propeller.hu\/itthon\/4202113-ebbol-forradalom-lesz-egy-novekszik-indulat-mar-56\" target=\"_blank\" rel=\"nofollow noopener noreferrer\">propeller.hu<\/a><\/p>\n","protected":false},"excerpt":{"rendered":"<p>Nincsenek j\u00f3 helyzetben a versenyszf\u00e9r\u00e1ban dolgoz\u00f3k, a munkaer\u0151piaci v\u00e1ltoz\u00e1sok legink\u00e1bb \u0151ket \u00e9rinti. A fizet\u00e9seikkel is egyre ink\u00e1bb el\u00e9gedetlenek \u00e9s sokan munkahelyv\u00e1lt\u00e1st terveznek. Sokan azt gondolj\u00e1k, a versenyszf\u00e9r\u00e1ban mindenhol kiemelked\u0151ek a b\u00e9rek. De mi van, hogyha ez nem \u00edgy van? A versenyszf\u00e9ra k\u00fcl\u00f6n\u00f6sen kitett a munkaer\u0151piaci v\u00e1ltoz\u00e1soknak \u2013 hangs\u00falyozta N\u00f3gr\u00e1di J\u00f3zsef, a Trenkwalder strat\u00e9giai kapcsolatok\u00e9rt felel\u0151s [&hellip;]<\/p>\n","protected":false},"author":1,"featured_media":8289,"comment_status":"closed","ping_status":"closed","sticky":false,"template":"","format":"standard","meta":{"_monsterinsights_skip_tracking":false,"footnotes":""},"categories":[200],"tags":[895],"class_list":["post-8288","post","type-post","status-publish","format-standard","has-post-thumbnail","hentry","category-munkaeropiac","tag-versenyszfera"],"aioseo_notices":[],"aioseo_head":"\n\t\t<!-- All in One SEO 5.0.0.1 - aioseo.com -->\n\t<meta name=\"description\" content=\"Nincsenek j\u00f3 helyzetben a versenyszf\u00e9r\u00e1ban dolgoz\u00f3k, a munkaer\u0151piaci v\u00e1ltoz\u00e1sok legink\u00e1bb \u0151ket \u00e9rinti. A fizet\u00e9seikkel is egyre ink\u00e1bb el\u00e9gedetlenek.\" \/>\n\t<meta name=\"robots\" content=\"max-image-preview:large\" \/>\n\t<meta name=\"author\" content=\"Juh\u00e1sz P\u00e9ter\"\/>\n\t<meta name=\"keywords\" content=\"versenyszf\u00e9ra\" \/>\n\t<link rel=\"canonical\" href=\"https:\/\/allasorias.hu\/hirek\/bizonytalansag-a-versenyszferaban\/\" \/>\n\t<meta name=\"generator\" content=\"All in One SEO (AIOSEO) 5.0.0.1\" \/>\n\t\t<meta property=\"og:locale\" content=\"hu_HU\" \/>\n\t\t<meta property=\"og:site_name\" content=\"AllasOrias.hu | H\u00edrek-lapszemle | \u00dczleti h\u00edrek az \u00e1ll\u00e1s \u00e9s a munka vil\u00e1g\u00e1b\u00f3l\" \/>\n\t\t<meta property=\"og:type\" content=\"article\" \/>\n\t\t<meta property=\"og:title\" content=\"Versenyszf\u00e9r\u00e1ban n\u0151 a bizonytalans\u00e1g \u00e9rzete\" \/>\n\t\t<meta property=\"og:description\" content=\"Nincsenek j\u00f3 helyzetben a versenyszf\u00e9r\u00e1ban dolgoz\u00f3k, a munkaer\u0151piaci v\u00e1ltoz\u00e1sok legink\u00e1bb \u0151ket \u00e9rinti. A fizet\u00e9seikkel is egyre ink\u00e1bb el\u00e9gedetlenek.\" \/>\n\t\t<meta property=\"og:url\" content=\"https:\/\/allasorias.hu\/hirek\/bizonytalansag-a-versenyszferaban\/\" \/>\n\t\t<meta property=\"og:image\" content=\"https:\/\/allasorias.hu\/hirek\/wp-content\/uploads\/2025\/03\/elegedettlenseg-a-versenyszferaban.jpg\" \/>\n\t\t<meta property=\"og:image:secure_url\" content=\"https:\/\/allasorias.hu\/hirek\/wp-content\/uploads\/2025\/03\/elegedettlenseg-a-versenyszferaban.jpg\" \/>\n\t\t<meta property=\"og:image:width\" content=\"1920\" \/>\n\t\t<meta property=\"og:image:height\" content=\"1280\" \/>\n\t\t<meta property=\"article:published_time\" content=\"2025-03-27T08:32:39+00:00\" \/>\n\t\t<meta property=\"article:modified_time\" content=\"2025-05-09T08:58:30+00:00\" \/>\n\t\t<meta property=\"article:publisher\" content=\"https:\/\/www.facebook.com\/allasorias\" \/>\n\t\t<meta name=\"twitter:card\" content=\"summary_large_image\" \/>\n\t\t<meta name=\"twitter:title\" content=\"Versenyszf\u00e9r\u00e1ban n\u0151 a bizonytalans\u00e1g \u00e9rzete\" \/>\n\t\t<meta name=\"twitter:description\" content=\"Nincsenek j\u00f3 helyzetben a versenyszf\u00e9r\u00e1ban dolgoz\u00f3k, a munkaer\u0151piaci v\u00e1ltoz\u00e1sok legink\u00e1bb \u0151ket \u00e9rinti. A fizet\u00e9seikkel is egyre ink\u00e1bb el\u00e9gedetlenek.\" \/>\n\t\t<meta name=\"twitter:image\" content=\"https:\/\/allasorias.hu\/hirek\/wp-content\/uploads\/2025\/03\/elegedettlenseg-a-versenyszferaban.jpg\" \/>\n\t\t<meta name=\"twitter:label1\" content=\"Written by\" \/>\n\t\t<meta name=\"twitter:data1\" content=\"Juh\u00e1sz P\u00e9ter\" \/>\n\t\t<meta name=\"twitter:label2\" content=\"Est. reading time\" \/>\n\t\t<meta name=\"twitter:data2\" content=\"2 minutes\" \/>\n\t\t<script type=\"application\/ld+json\" class=\"aioseo-schema\">\n\t\t\t{\"@context\":\"https:\\\/\\\/schema.org\",\"@graph\":[{\"@type\":\"Article\",\"@id\":\"https:\\\/\\\/allasorias.hu\\\/hirek\\\/bizonytalansag-a-versenyszferaban\\\/#article\",\"name\":\"Versenyszf\\u00e9r\\u00e1ban n\\u0151 a bizonytalans\\u00e1g \\u00e9rzete\",\"headline\":\"Bizonytalans\\u00e1g a versenyszf\\u00e9r\\u00e1ban\",\"author\":{\"@id\":\"https:\\\/\\\/allasorias.hu\\\/hirek\\\/author\\\/admin-allasorias\\\/#author\"},\"publisher\":{\"@id\":\"https:\\\/\\\/allasorias.hu\\\/hirek\\\/#organization\"},\"image\":{\"@type\":\"ImageObject\",\"url\":\"https:\\\/\\\/allasorias.hu\\\/hirek\\\/wp-content\\\/uploads\\\/2025\\\/03\\\/elegedettlenseg-a-versenyszferaban.jpg\",\"width\":1920,\"height\":1280,\"caption\":\"Bizonytalans\\u00e1g a versenyszf\\u00e9r\\u00e1ban - Allasorias.hu\\\/Hirek\"},\"datePublished\":\"2025-03-27T10:32:39+02:00\",\"dateModified\":\"2025-05-09T10:58:30+02:00\",\"inLanguage\":\"hu-HU\",\"mainEntityOfPage\":{\"@id\":\"https:\\\/\\\/allasorias.hu\\\/hirek\\\/bizonytalansag-a-versenyszferaban\\\/#webpage\"},\"isPartOf\":{\"@id\":\"https:\\\/\\\/allasorias.hu\\\/hirek\\\/bizonytalansag-a-versenyszferaban\\\/#webpage\"},\"articleSection\":\"Munkaer\\u0151piac, versenyszf\\u00e9ra\"},{\"@type\":\"BreadcrumbList\",\"@id\":\"https:\\\/\\\/allasorias.hu\\\/hirek\\\/bizonytalansag-a-versenyszferaban\\\/#breadcrumblist\",\"itemListElement\":[{\"@type\":\"ListItem\",\"@id\":\"https:\\\/\\\/allasorias.hu\\\/hirek#listItem\",\"position\":1,\"name\":\"Home\",\"item\":\"https:\\\/\\\/allasorias.hu\\\/hirek\",\"nextItem\":{\"@type\":\"ListItem\",\"@id\":\"https:\\\/\\\/allasorias.hu\\\/hirek\\\/temak\\\/munkaeropiac\\\/#listItem\",\"name\":\"Munkaer\\u0151piac\"}},{\"@type\":\"ListItem\",\"@id\":\"https:\\\/\\\/allasorias.hu\\\/hirek\\\/temak\\\/munkaeropiac\\\/#listItem\",\"position\":2,\"name\":\"Munkaer\\u0151piac\",\"item\":\"https:\\\/\\\/allasorias.hu\\\/hirek\\\/temak\\\/munkaeropiac\\\/\",\"nextItem\":{\"@type\":\"ListItem\",\"@id\":\"https:\\\/\\\/allasorias.hu\\\/hirek\\\/bizonytalansag-a-versenyszferaban\\\/#listItem\",\"name\":\"Bizonytalans\\u00e1g a versenyszf\\u00e9r\\u00e1ban\"},\"previousItem\":{\"@type\":\"ListItem\",\"@id\":\"https:\\\/\\\/allasorias.hu\\\/hirek#listItem\",\"name\":\"Home\"}},{\"@type\":\"ListItem\",\"@id\":\"https:\\\/\\\/allasorias.hu\\\/hirek\\\/bizonytalansag-a-versenyszferaban\\\/#listItem\",\"position\":3,\"name\":\"Bizonytalans\\u00e1g a versenyszf\\u00e9r\\u00e1ban\",\"previousItem\":{\"@type\":\"ListItem\",\"@id\":\"https:\\\/\\\/allasorias.hu\\\/hirek\\\/temak\\\/munkaeropiac\\\/#listItem\",\"name\":\"Munkaer\\u0151piac\"}}]},{\"@type\":\"Organization\",\"@id\":\"https:\\\/\\\/allasorias.hu\\\/hirek\\\/#organization\",\"name\":\"AllasOrias.hu | H\\u00edrek-lapszemle\",\"description\":\"\\u00dczleti h\\u00edrek az \\u00e1ll\\u00e1s \\u00e9s a munka vil\\u00e1g\\u00e1b\\u00f3l\",\"url\":\"https:\\\/\\\/allasorias.hu\\\/hirek\\\/\",\"logo\":{\"@type\":\"ImageObject\",\"url\":\"https:\\\/\\\/allasorias.hu\\\/hirek\\\/wp-content\\\/uploads\\\/2022\\\/10\\\/allasorias_site_facebok_logo.png\",\"@id\":\"https:\\\/\\\/allasorias.hu\\\/hirek\\\/bizonytalansag-a-versenyszferaban\\\/#organizationLogo\"},\"image\":{\"@id\":\"https:\\\/\\\/allasorias.hu\\\/hirek\\\/bizonytalansag-a-versenyszferaban\\\/#organizationLogo\"},\"sameAs\":[\"https:\\\/\\\/www.facebook.com\\\/allasorias\",\"https:\\\/\\\/www.linkedin.com\\\/company\\\/allasorias\"]},{\"@type\":\"Person\",\"@id\":\"https:\\\/\\\/allasorias.hu\\\/hirek\\\/author\\\/admin-allasorias\\\/#author\",\"url\":\"https:\\\/\\\/allasorias.hu\\\/hirek\\\/author\\\/admin-allasorias\\\/\",\"name\":\"Juh\\u00e1sz P\\u00e9ter\",\"image\":{\"@type\":\"ImageObject\",\"@id\":\"https:\\\/\\\/allasorias.hu\\\/hirek\\\/bizonytalansag-a-versenyszferaban\\\/#authorImage\",\"url\":\"https:\\\/\\\/secure.gravatar.com\\\/avatar\\\/36e6bcb83148978b992977cb0f54d22feb0cce8a0a849a9410532bb2623ba4c6?s=96&d=mm&r=g\",\"width\":96,\"height\":96,\"caption\":\"Juh\\u00e1sz P\\u00e9ter\"}},{\"@type\":\"WebPage\",\"@id\":\"https:\\\/\\\/allasorias.hu\\\/hirek\\\/bizonytalansag-a-versenyszferaban\\\/#webpage\",\"url\":\"https:\\\/\\\/allasorias.hu\\\/hirek\\\/bizonytalansag-a-versenyszferaban\\\/\",\"name\":\"Versenyszf\\u00e9r\\u00e1ban n\\u0151 a bizonytalans\\u00e1g \\u00e9rzete\",\"description\":\"Nincsenek j\\u00f3 helyzetben a versenyszf\\u00e9r\\u00e1ban dolgoz\\u00f3k, a munkaer\\u0151piaci v\\u00e1ltoz\\u00e1sok legink\\u00e1bb \\u0151ket \\u00e9rinti. A fizet\\u00e9seikkel is egyre ink\\u00e1bb el\\u00e9gedetlenek.\",\"inLanguage\":\"hu-HU\",\"isPartOf\":{\"@id\":\"https:\\\/\\\/allasorias.hu\\\/hirek\\\/#website\"},\"breadcrumb\":{\"@id\":\"https:\\\/\\\/allasorias.hu\\\/hirek\\\/bizonytalansag-a-versenyszferaban\\\/#breadcrumblist\"},\"author\":{\"@id\":\"https:\\\/\\\/allasorias.hu\\\/hirek\\\/author\\\/admin-allasorias\\\/#author\"},\"creator\":{\"@id\":\"https:\\\/\\\/allasorias.hu\\\/hirek\\\/author\\\/admin-allasorias\\\/#author\"},\"image\":{\"@type\":\"ImageObject\",\"url\":\"https:\\\/\\\/allasorias.hu\\\/hirek\\\/wp-content\\\/uploads\\\/2025\\\/03\\\/elegedettlenseg-a-versenyszferaban.jpg\",\"@id\":\"https:\\\/\\\/allasorias.hu\\\/hirek\\\/bizonytalansag-a-versenyszferaban\\\/#mainImage\",\"width\":1920,\"height\":1280,\"caption\":\"Bizonytalans\\u00e1g a versenyszf\\u00e9r\\u00e1ban - Allasorias.hu\\\/Hirek\"},\"primaryImageOfPage\":{\"@id\":\"https:\\\/\\\/allasorias.hu\\\/hirek\\\/bizonytalansag-a-versenyszferaban\\\/#mainImage\"},\"datePublished\":\"2025-03-27T10:32:39+02:00\",\"dateModified\":\"2025-05-09T10:58:30+02:00\"},{\"@type\":\"WebSite\",\"@id\":\"https:\\\/\\\/allasorias.hu\\\/hirek\\\/#website\",\"url\":\"https:\\\/\\\/allasorias.hu\\\/hirek\\\/\",\"name\":\"AllasOrias.hu | H\\u00edrek-lapszemle\",\"description\":\"\\u00dczleti h\\u00edrek az \\u00e1ll\\u00e1s \\u00e9s a munka vil\\u00e1g\\u00e1b\\u00f3l\",\"inLanguage\":\"hu-HU\",\"publisher\":{\"@id\":\"https:\\\/\\\/allasorias.hu\\\/hirek\\\/#organization\"}}]}\n\t\t<\/script>\n\t\t<!-- All in One SEO -->\n\n","aioseo_head_json":{"title":"Versenyszf\u00e9r\u00e1ban n\u0151 a bizonytalans\u00e1g \u00e9rzete","description":"Nincsenek j\u00f3 helyzetben a versenyszf\u00e9r\u00e1ban dolgoz\u00f3k, a munkaer\u0151piaci v\u00e1ltoz\u00e1sok legink\u00e1bb \u0151ket \u00e9rinti. A fizet\u00e9seikkel is egyre ink\u00e1bb el\u00e9gedetlenek.","canonical_url":"https:\/\/allasorias.hu\/hirek\/bizonytalansag-a-versenyszferaban\/","robots":"max-image-preview:large","keywords":"versenyszf\u00e9ra","webmasterTools":{"miscellaneous":""},"schema":{"@context":"https:\/\/schema.org","@graph":[{"@type":"Article","@id":"https:\/\/allasorias.hu\/hirek\/bizonytalansag-a-versenyszferaban\/#article","name":"Versenyszf\u00e9r\u00e1ban n\u0151 a bizonytalans\u00e1g \u00e9rzete","headline":"Bizonytalans\u00e1g a versenyszf\u00e9r\u00e1ban","author":{"@id":"https:\/\/allasorias.hu\/hirek\/author\/admin-allasorias\/#author"},"publisher":{"@id":"https:\/\/allasorias.hu\/hirek\/#organization"},"image":{"@type":"ImageObject","url":"https:\/\/allasorias.hu\/hirek\/wp-content\/uploads\/2025\/03\/elegedettlenseg-a-versenyszferaban.jpg","width":1920,"height":1280,"caption":"Bizonytalans\u00e1g a versenyszf\u00e9r\u00e1ban - Allasorias.hu\/Hirek"},"datePublished":"2025-03-27T10:32:39+02:00","dateModified":"2025-05-09T10:58:30+02:00","inLanguage":"hu-HU","mainEntityOfPage":{"@id":"https:\/\/allasorias.hu\/hirek\/bizonytalansag-a-versenyszferaban\/#webpage"},"isPartOf":{"@id":"https:\/\/allasorias.hu\/hirek\/bizonytalansag-a-versenyszferaban\/#webpage"},"articleSection":"Munkaer\u0151piac, versenyszf\u00e9ra"},{"@type":"BreadcrumbList","@id":"https:\/\/allasorias.hu\/hirek\/bizonytalansag-a-versenyszferaban\/#breadcrumblist","itemListElement":[{"@type":"ListItem","@id":"https:\/\/allasorias.hu\/hirek#listItem","position":1,"name":"Home","item":"https:\/\/allasorias.hu\/hirek","nextItem":{"@type":"ListItem","@id":"https:\/\/allasorias.hu\/hirek\/temak\/munkaeropiac\/#listItem","name":"Munkaer\u0151piac"}},{"@type":"ListItem","@id":"https:\/\/allasorias.hu\/hirek\/temak\/munkaeropiac\/#listItem","position":2,"name":"Munkaer\u0151piac","item":"https:\/\/allasorias.hu\/hirek\/temak\/munkaeropiac\/","nextItem":{"@type":"ListItem","@id":"https:\/\/allasorias.hu\/hirek\/bizonytalansag-a-versenyszferaban\/#listItem","name":"Bizonytalans\u00e1g a versenyszf\u00e9r\u00e1ban"},"previousItem":{"@type":"ListItem","@id":"https:\/\/allasorias.hu\/hirek#listItem","name":"Home"}},{"@type":"ListItem","@id":"https:\/\/allasorias.hu\/hirek\/bizonytalansag-a-versenyszferaban\/#listItem","position":3,"name":"Bizonytalans\u00e1g a versenyszf\u00e9r\u00e1ban","previousItem":{"@type":"ListItem","@id":"https:\/\/allasorias.hu\/hirek\/temak\/munkaeropiac\/#listItem","name":"Munkaer\u0151piac"}}]},{"@type":"Organization","@id":"https:\/\/allasorias.hu\/hirek\/#organization","name":"AllasOrias.hu | H\u00edrek-lapszemle","description":"\u00dczleti h\u00edrek az \u00e1ll\u00e1s \u00e9s a munka vil\u00e1g\u00e1b\u00f3l","url":"https:\/\/allasorias.hu\/hirek\/","logo":{"@type":"ImageObject","url":"https:\/\/allasorias.hu\/hirek\/wp-content\/uploads\/2022\/10\/allasorias_site_facebok_logo.png","@id":"https:\/\/allasorias.hu\/hirek\/bizonytalansag-a-versenyszferaban\/#organizationLogo"},"image":{"@id":"https:\/\/allasorias.hu\/hirek\/bizonytalansag-a-versenyszferaban\/#organizationLogo"},"sameAs":["https:\/\/www.facebook.com\/allasorias","https:\/\/www.linkedin.com\/company\/allasorias"]},{"@type":"Person","@id":"https:\/\/allasorias.hu\/hirek\/author\/admin-allasorias\/#author","url":"https:\/\/allasorias.hu\/hirek\/author\/admin-allasorias\/","name":"Juh\u00e1sz P\u00e9ter","image":{"@type":"ImageObject","@id":"https:\/\/allasorias.hu\/hirek\/bizonytalansag-a-versenyszferaban\/#authorImage","url":"https:\/\/secure.gravatar.com\/avatar\/36e6bcb83148978b992977cb0f54d22feb0cce8a0a849a9410532bb2623ba4c6?s=96&d=mm&r=g","width":96,"height":96,"caption":"Juh\u00e1sz P\u00e9ter"}},{"@type":"WebPage","@id":"https:\/\/allasorias.hu\/hirek\/bizonytalansag-a-versenyszferaban\/#webpage","url":"https:\/\/allasorias.hu\/hirek\/bizonytalansag-a-versenyszferaban\/","name":"Versenyszf\u00e9r\u00e1ban n\u0151 a bizonytalans\u00e1g \u00e9rzete","description":"Nincsenek j\u00f3 helyzetben a versenyszf\u00e9r\u00e1ban dolgoz\u00f3k, a munkaer\u0151piaci v\u00e1ltoz\u00e1sok legink\u00e1bb \u0151ket \u00e9rinti. A fizet\u00e9seikkel is egyre ink\u00e1bb el\u00e9gedetlenek.","inLanguage":"hu-HU","isPartOf":{"@id":"https:\/\/allasorias.hu\/hirek\/#website"},"breadcrumb":{"@id":"https:\/\/allasorias.hu\/hirek\/bizonytalansag-a-versenyszferaban\/#breadcrumblist"},"author":{"@id":"https:\/\/allasorias.hu\/hirek\/author\/admin-allasorias\/#author"},"creator":{"@id":"https:\/\/allasorias.hu\/hirek\/author\/admin-allasorias\/#author"},"image":{"@type":"ImageObject","url":"https:\/\/allasorias.hu\/hirek\/wp-content\/uploads\/2025\/03\/elegedettlenseg-a-versenyszferaban.jpg","@id":"https:\/\/allasorias.hu\/hirek\/bizonytalansag-a-versenyszferaban\/#mainImage","width":1920,"height":1280,"caption":"Bizonytalans\u00e1g a versenyszf\u00e9r\u00e1ban - Allasorias.hu\/Hirek"},"primaryImageOfPage":{"@id":"https:\/\/allasorias.hu\/hirek\/bizonytalansag-a-versenyszferaban\/#mainImage"},"datePublished":"2025-03-27T10:32:39+02:00","dateModified":"2025-05-09T10:58:30+02:00"},{"@type":"WebSite","@id":"https:\/\/allasorias.hu\/hirek\/#website","url":"https:\/\/allasorias.hu\/hirek\/","name":"AllasOrias.hu | H\u00edrek-lapszemle","description":"\u00dczleti h\u00edrek az \u00e1ll\u00e1s \u00e9s a munka vil\u00e1g\u00e1b\u00f3l","inLanguage":"hu-HU","publisher":{"@id":"https:\/\/allasorias.hu\/hirek\/#organization"}}]},"og:locale":"hu_HU","og:site_name":"AllasOrias.hu | H\u00edrek-lapszemle | \u00dczleti h\u00edrek az \u00e1ll\u00e1s \u00e9s a munka vil\u00e1g\u00e1b\u00f3l","og:type":"article","og:title":"Versenyszf\u00e9r\u00e1ban n\u0151 a bizonytalans\u00e1g \u00e9rzete","og:description":"Nincsenek j\u00f3 helyzetben a versenyszf\u00e9r\u00e1ban dolgoz\u00f3k, a munkaer\u0151piaci v\u00e1ltoz\u00e1sok legink\u00e1bb \u0151ket \u00e9rinti. A fizet\u00e9seikkel is egyre ink\u00e1bb el\u00e9gedetlenek.","og:url":"https:\/\/allasorias.hu\/hirek\/bizonytalansag-a-versenyszferaban\/","og:image":"https:\/\/allasorias.hu\/hirek\/wp-content\/uploads\/2025\/03\/elegedettlenseg-a-versenyszferaban.jpg","og:image:secure_url":"https:\/\/allasorias.hu\/hirek\/wp-content\/uploads\/2025\/03\/elegedettlenseg-a-versenyszferaban.jpg","og:image:width":1920,"og:image:height":1280,"article:published_time":"2025-03-27T08:32:39+00:00","article:modified_time":"2025-05-09T08:58:30+00:00","article:publisher":"https:\/\/www.facebook.com\/allasorias","twitter:card":"summary_large_image","twitter:title":"Versenyszf\u00e9r\u00e1ban n\u0151 a bizonytalans\u00e1g \u00e9rzete","twitter:description":"Nincsenek j\u00f3 helyzetben a versenyszf\u00e9r\u00e1ban dolgoz\u00f3k, a munkaer\u0151piaci v\u00e1ltoz\u00e1sok legink\u00e1bb \u0151ket \u00e9rinti. A fizet\u00e9seikkel is egyre ink\u00e1bb el\u00e9gedetlenek.","twitter:image":"https:\/\/allasorias.hu\/hirek\/wp-content\/uploads\/2025\/03\/elegedettlenseg-a-versenyszferaban.jpg","twitter:label1":"Written by","twitter:data1":"Juh\u00e1sz P\u00e9ter","twitter:label2":"Est. reading time","twitter:data2":"2 minutes"},"aioseo_meta_data":{"post_id":"8288","title":"Versenyszf\u00e9r\u00e1ban n\u0151 a bizonytalans\u00e1g \u00e9rzete","description":"Nincsenek j\u00f3 helyzetben a versenyszf\u00e9r\u00e1ban dolgoz\u00f3k, a munkaer\u0151piaci v\u00e1ltoz\u00e1sok legink\u00e1bb \u0151ket \u00e9rinti. A fizet\u00e9seikkel is egyre ink\u00e1bb el\u00e9gedetlenek.","keywords":null,"keyphrases":{"focus":{"keyphrase":"","score":0,"analysis":{"keyphraseInTitle":{"score":0,"maxScore":9,"error":1}}},"additional":[]},"primary_term":null,"canonical_url":null,"og_title":null,"og_description":null,"og_object_type":"default","og_image_type":"default","og_image_url":null,"og_image_width":null,"og_image_height":null,"og_image_custom_url":null,"og_image_custom_fields":null,"og_video":"","og_custom_url":null,"og_article_section":null,"og_article_tags":null,"twitter_use_og":true,"twitter_card":"default","twitter_image_type":"default","twitter_image_url":null,"twitter_image_custom_url":null,"twitter_image_custom_fields":null,"twitter_title":null,"twitter_description":null,"schema":{"blockGraphs":[],"customGraphs":[],"default":{"data":{"Article":[],"Course":[],"Dataset":[],"FAQPage":[],"Movie":[],"Person":[],"Product":[],"ProductReview":[],"Car":[],"Recipe":[],"Service":[],"SoftwareApplication":[],"WebPage":[]},"graphName":"Article","isEnabled":true},"graphs":[]},"schema_type":"default","schema_type_options":null,"pillar_content":false,"robots_default":true,"robots_noindex":false,"robots_noarchive":false,"robots_nosnippet":false,"robots_nofollow":false,"robots_noimageindex":false,"robots_noodp":false,"robots_notranslate":false,"robots_max_snippet":"-1","robots_max_videopreview":"-1","robots_max_imagepreview":"large","priority":null,"frequency":"default","location":null,"local_seo":null,"breadcrumb_settings":null,"limit_modified_date":false,"ai":null,"created":"2025-03-27 07:54:02","updated":"2025-10-02 21:03:21","seo_analyzer_scan_date":null,"focus_keyword":null,"additional_keywords":null,"truseo_locale":null},"aioseo_breadcrumb":"<div class=\"aioseo-breadcrumbs\"><span class=\"aioseo-breadcrumb\">\n\t\t\t<a href=\"https:\/\/allasorias.hu\/hirek\" title=\"Home\">Home<\/a>\n\t\t<\/span><span class=\"aioseo-breadcrumb-separator\">&raquo;<\/span><span class=\"aioseo-breadcrumb\">\n\t\t\t<a href=\"https:\/\/allasorias.hu\/hirek\/temak\/munkaeropiac\/\" title=\"Munkaer\u0151piac\">Munkaer\u0151piac<\/a>\n\t\t<\/span><span class=\"aioseo-breadcrumb-separator\">&raquo;<\/span><span class=\"aioseo-breadcrumb\">\n\t\t\tBizonytalans\u00e1g a versenyszf\u00e9r\u00e1ban\n\t\t<\/span><\/div>","aioseo_breadcrumb_json":[{"label":"Home","link":"https:\/\/allasorias.hu\/hirek"},{"label":"Munkaer\u0151piac","link":"https:\/\/allasorias.hu\/hirek\/temak\/munkaeropiac\/"},{"label":"Bizonytalans\u00e1g a versenyszf\u00e9r\u00e1ban","link":"https:\/\/allasorias.hu\/hirek\/bizonytalansag-a-versenyszferaban\/"}],"_links":{"self":[{"href":"https:\/\/allasorias.hu\/hirek\/wp-json\/wp\/v2\/posts\/8288","targetHints":{"allow":["GET"]}}],"collection":[{"href":"https:\/\/allasorias.hu\/hirek\/wp-json\/wp\/v2\/posts"}],"about":[{"href":"https:\/\/allasorias.hu\/hirek\/wp-json\/wp\/v2\/types\/post"}],"author":[{"embeddable":true,"href":"https:\/\/allasorias.hu\/hirek\/wp-json\/wp\/v2\/users\/1"}],"replies":[{"embeddable":true,"href":"https:\/\/allasorias.hu\/hirek\/wp-json\/wp\/v2\/comments?post=8288"}],"version-history":[{"count":2,"href":"https:\/\/allasorias.hu\/hirek\/wp-json\/wp\/v2\/posts\/8288\/revisions"}],"predecessor-version":[{"id":8412,"href":"https:\/\/allasorias.hu\/hirek\/wp-json\/wp\/v2\/posts\/8288\/revisions\/8412"}],"wp:featuredmedia":[{"embeddable":true,"href":"https:\/\/allasorias.hu\/hirek\/wp-json\/wp\/v2\/media\/8289"}],"wp:attachment":[{"href":"https:\/\/allasorias.hu\/hirek\/wp-json\/wp\/v2\/media?parent=8288"}],"wp:term":[{"taxonomy":"category","embeddable":true,"href":"https:\/\/allasorias.hu\/hirek\/wp-json\/wp\/v2\/categories?post=8288"},{"taxonomy":"post_tag","embeddable":true,"href":"https:\/\/allasorias.hu\/hirek\/wp-json\/wp\/v2\/tags?post=8288"}],"curies":[{"name":"wp","href":"https:\/\/api.w.org\/{rel}","templated":true}]}}