{"id":8284,"date":"2025-03-26T12:03:17","date_gmt":"2025-03-26T10:03:17","guid":{"rendered":"https:\/\/allasorias.hu\/hirek\/?p=8284"},"modified":"2025-05-09T16:08:20","modified_gmt":"2025-05-09T14:08:20","slug":"napirenden-a-nyugdijkorhatar-emelese","status":"publish","type":"post","link":"https:\/\/allasorias.hu\/hirek\/napirenden-a-nyugdijkorhatar-emelese\/","title":{"rendered":"Napirenden a nyugd\u00edjkorhat\u00e1r emel\u00e9se"},"content":{"rendered":"<p><strong>Haz\u00e1nkban is tov\u00e1bb n\u0151het a nyugd\u00edjban t\u00f6lt\u00f6tt \u00e9vek sz\u00e1ma \u00e9s napirendre ker\u00fcl a nyugd\u00edjkorhat\u00e1r kitol\u00e1sa. H\u00e1rom gener\u00e1ci\u00f3 is arra sz\u00e1m\u00edthat, hogy j\u00f3csk\u00e1n t\u00f6bb \u00e9vet t\u00f6ltenek majd nyugd\u00edjban.<\/strong><\/p>\n<p>Az Eur\u00f3pai Uni\u00f3 tag\u00e1llamaiban \u00e1tlagosan 65 \u00e9ves \u00e9letkorban, a koronav\u00edrus-j\u00e1rv\u00e1ny miatti cs\u00f6kken\u00e9ssel is sz\u00e1molva a f\u00e9rfiak eset\u00e9ben 17,3 \u00e9v, a n\u0151kn\u00e9l 20,9 \u00e9v az ezt k\u00f6vet\u0151 v\u00e1rhat\u00f3 \u00e9lettartam. Magyarorsz\u00e1gon ezzel szemben 65 \u00e9ves korban enn\u00e9l j\u00f3val kevesebb, a f\u00e9rfiak tov\u00e1bbi \u00e9lettartama 13,2 \u00e9v, a n\u0151k\u00e9 17,3 \u00e9v, h\u00edvta fel a figyelmet a P\u00e9nzcentrum \u00e1ltal k\u00f6z\u00f6lt elemz\u00e9s\u00e9ben Farkas Andr\u00e1s, a Nyugd\u00edjguru szak\u00e9rt\u0151je. Mindez az\u00e9rt is fontos, mert a nyugd\u00edjkorhat\u00e1r alakul\u00e1sa, esetleges emel\u00e9se a 65 \u00e9ves korban v\u00e1rhat\u00f3 \u00e9lettartamt\u00f3l f\u00fcgg legink\u00e1bb a szak\u00e9rt\u0151 szerint.<\/p>\n<p>A 65 \u00e9ves korban v\u00e1rhat\u00f3 \u00e9lettartam f\u00fcggv\u00e9nye a nyugd\u00edjkorhat\u00e1r emel\u00e9se. A nyugd\u00edjkorhat\u00e1r emel\u00e9se a v\u00e1rhat\u00f3 \u00e9lettartamt\u00f3l is f\u00fcgg. Az EU szinte minden olyan tag\u00e1llam\u00e1ban sz\u00f3ba ker\u00fclt a nyugd\u00edjkorhat\u00e1rok emel\u00e9se, ahol a korhat\u00e1r m\u00e9g nem \u00e9ri el a 65 \u00e9vet. Ez most az osztr\u00e1k, horv\u00e1t, lengyel, illetve a rom\u00e1n n\u0151k, valamint a bolg\u00e1r, cseh, \u00e9szt, lett, litv\u00e1n \u00e9s az 1961 el\u0151tt sz\u00fcletett finn \u00e9s m\u00e1ltai f\u00e9rfiakat \u00e9s n\u0151ket \u00e9rintheti.<\/p>\n<p>Magyarorsz\u00e1gon a 65 \u00e9ves \u00e9letkorukat a f\u00e9rfiak 73%-a, a n\u0151k 87%-a \u00e9li meg. Az Eur\u00f3pai Uni\u00f3 haz\u00e1nk sz\u00e1m\u00e1ra is azt javasolja, hogy a 65 \u00e9ves korban v\u00e1rhat\u00f3 \u00e9lettartam alapj\u00e1n hat\u00e1rozza meg a nyugd\u00edjkorhat\u00e1rt. A k\u00f6vetkez\u0151 \u00e9vtizedekben a v\u00e1rhat\u00f3 \u00e9lettartam n\u00f6veked\u00e9s\u00e9vel egy\u00fctt tov\u00e1bb n\u0151het a nyugd\u00edjban t\u00f6lt\u00f6tt id\u0151, \u00e9s ezt rem\u00e9lhet\u0151leg nem t\u00f6ri meg sem h\u00e1bor\u00fa, sem j\u00e1rv\u00e1ny. A szak\u00e9rt\u0151 szerint \u00edgy az Y (millenniumi), Z \u00e9s alfa-gener\u00e1ci\u00f3knak arra kell k\u00e9sz\u00fclni\u00fck, hogy negyedsz\u00e1zadn\u00e1l is hosszabb ideig nyugd\u00edjasok lehetnek.<\/p>\n<p>Miut\u00e1n haz\u00e1nkban m\u00e1r 2010-ben 65 \u00e9vre emelkedett az 1956. december 31. ut\u00e1n sz\u00fcletettek nyugd\u00edjkorhat\u00e1ra, \u00e9s ez jelenleg is magasabb, mint 11 EU-tag\u00e1llamban, semmilyen k\u00f6zvetlen sz\u00fcks\u00e9g nem indokolja a r\u00f6vid id\u0151n bel\u00fcli korhat\u00e1remel\u00e9st. Farkas Andr\u00e1s szerint az elm\u00falt \u00e9vtizedben n\u00e1lunk gyorsabban n\u0151tt a nyugd\u00edjkorhat\u00e1r, mint az annak bet\u00f6lt\u00e9sekor v\u00e1rhat\u00f3 tov\u00e1bbi \u00e9lettartam, \u00edgy bel\u00e1that\u00f3 id\u0151n bel\u00fcl eleve nincs sz\u00fcks\u00e9g tov\u00e1bbi emel\u00e9sre. A 65 \u00e9ves \u00e9letkorban v\u00e1rhat\u00f3 tov\u00e1bbi \u00e9lettartamt\u00f3l azonban b\u00e1rmikor f\u00fcgg\u0151v\u00e9 tehet\u0151 a magyar nyugd\u00edjkorhat\u00e1r alakul\u00e1sa is.<\/p>\n<p>Forr\u00e1s: divany.hu<\/p>\n","protected":false},"excerpt":{"rendered":"<p>Haz\u00e1nkban is tov\u00e1bb n\u0151het a nyugd\u00edjban t\u00f6lt\u00f6tt \u00e9vek sz\u00e1ma \u00e9s napirendre ker\u00fcl a nyugd\u00edjkorhat\u00e1r kitol\u00e1sa. H\u00e1rom gener\u00e1ci\u00f3 is arra sz\u00e1m\u00edthat, hogy j\u00f3csk\u00e1n t\u00f6bb \u00e9vet t\u00f6ltenek majd nyugd\u00edjban. Az Eur\u00f3pai Uni\u00f3 tag\u00e1llamaiban \u00e1tlagosan 65 \u00e9ves \u00e9letkorban, a koronav\u00edrus-j\u00e1rv\u00e1ny miatti cs\u00f6kken\u00e9ssel is sz\u00e1molva a f\u00e9rfiak eset\u00e9ben 17,3 \u00e9v, a n\u0151kn\u00e9l 20,9 \u00e9v az ezt k\u00f6vet\u0151 v\u00e1rhat\u00f3 \u00e9lettartam. [&hellip;]<\/p>\n","protected":false},"author":1,"featured_media":8286,"comment_status":"closed","ping_status":"closed","sticky":false,"template":"","format":"standard","meta":{"_monsterinsights_skip_tracking":false,"footnotes":""},"categories":[200],"tags":[396,591],"class_list":["post-8284","post","type-post","status-publish","format-standard","has-post-thumbnail","hentry","category-munkaeropiac","tag-nyugdij","tag-nyugdijkorhatar"],"aioseo_notices":[],"aioseo_head":"\n\t\t<!-- All in One SEO 5.0.0.1 - aioseo.com -->\n\t<meta name=\"description\" content=\"Haz\u00e1nkban is tov\u00e1bb n\u0151het a nyugd\u00edjban t\u00f6lt\u00f6tt \u00e9vek sz\u00e1ma \u00e9s napirendre ker\u00fcl a nyugd\u00edjkorhat\u00e1r kitol\u00e1sa.\" \/>\n\t<meta name=\"robots\" content=\"max-image-preview:large\" \/>\n\t<meta name=\"author\" content=\"Juh\u00e1sz P\u00e9ter\"\/>\n\t<meta name=\"keywords\" content=\"nyugd\u00edj,nyugd\u00edjkorhat\u00e1r\" \/>\n\t<link rel=\"canonical\" href=\"https:\/\/allasorias.hu\/hirek\/napirenden-a-nyugdijkorhatar-emelese\/\" \/>\n\t<meta name=\"generator\" content=\"All in One SEO (AIOSEO) 5.0.0.1\" \/>\n\t\t<meta property=\"og:locale\" content=\"hu_HU\" \/>\n\t\t<meta property=\"og:site_name\" content=\"AllasOrias.hu | H\u00edrek-lapszemle | \u00dczleti h\u00edrek az \u00e1ll\u00e1s \u00e9s a munka vil\u00e1g\u00e1b\u00f3l\" \/>\n\t\t<meta property=\"og:type\" content=\"article\" \/>\n\t\t<meta property=\"og:title\" content=\"Nyugd\u00edjkorhat\u00e1r emel\u00e9se napirenden van\" \/>\n\t\t<meta property=\"og:description\" content=\"Haz\u00e1nkban is tov\u00e1bb n\u0151het a nyugd\u00edjban t\u00f6lt\u00f6tt \u00e9vek sz\u00e1ma \u00e9s napirendre ker\u00fcl a nyugd\u00edjkorhat\u00e1r kitol\u00e1sa.\" \/>\n\t\t<meta property=\"og:url\" content=\"https:\/\/allasorias.hu\/hirek\/napirenden-a-nyugdijkorhatar-emelese\/\" \/>\n\t\t<meta property=\"og:image\" content=\"https:\/\/allasorias.hu\/hirek\/wp-content\/uploads\/2025\/03\/nyugdijkorhatas-emeles2025.jpg\" \/>\n\t\t<meta property=\"og:image:secure_url\" content=\"https:\/\/allasorias.hu\/hirek\/wp-content\/uploads\/2025\/03\/nyugdijkorhatas-emeles2025.jpg\" \/>\n\t\t<meta property=\"og:image:width\" content=\"1920\" \/>\n\t\t<meta property=\"og:image:height\" content=\"1281\" \/>\n\t\t<meta property=\"article:published_time\" content=\"2025-03-26T10:03:17+00:00\" \/>\n\t\t<meta property=\"article:modified_time\" content=\"2025-05-09T14:08:20+00:00\" \/>\n\t\t<meta property=\"article:publisher\" content=\"https:\/\/www.facebook.com\/allasorias\" \/>\n\t\t<meta name=\"twitter:card\" content=\"summary_large_image\" \/>\n\t\t<meta name=\"twitter:title\" content=\"Nyugd\u00edjkorhat\u00e1r emel\u00e9se napirenden van\" \/>\n\t\t<meta name=\"twitter:description\" content=\"Haz\u00e1nkban is tov\u00e1bb n\u0151het a nyugd\u00edjban t\u00f6lt\u00f6tt \u00e9vek sz\u00e1ma \u00e9s napirendre ker\u00fcl a nyugd\u00edjkorhat\u00e1r kitol\u00e1sa.\" \/>\n\t\t<meta name=\"twitter:image\" content=\"https:\/\/allasorias.hu\/hirek\/wp-content\/uploads\/2025\/03\/nyugdijkorhatas-emeles2025.jpg\" \/>\n\t\t<meta name=\"twitter:label1\" content=\"Written by\" \/>\n\t\t<meta name=\"twitter:data1\" content=\"Juh\u00e1sz P\u00e9ter\" \/>\n\t\t<meta name=\"twitter:label2\" content=\"Est. reading time\" \/>\n\t\t<meta name=\"twitter:data2\" content=\"2 minutes\" \/>\n\t\t<script type=\"application\/ld+json\" class=\"aioseo-schema\">\n\t\t\t{\"@context\":\"https:\\\/\\\/schema.org\",\"@graph\":[{\"@type\":\"Article\",\"@id\":\"https:\\\/\\\/allasorias.hu\\\/hirek\\\/napirenden-a-nyugdijkorhatar-emelese\\\/#article\",\"name\":\"Nyugd\\u00edjkorhat\\u00e1r emel\\u00e9se napirenden van\",\"headline\":\"Napirenden a nyugd\\u00edjkorhat\\u00e1r emel\\u00e9se\",\"author\":{\"@id\":\"https:\\\/\\\/allasorias.hu\\\/hirek\\\/author\\\/admin-allasorias\\\/#author\"},\"publisher\":{\"@id\":\"https:\\\/\\\/allasorias.hu\\\/hirek\\\/#organization\"},\"image\":{\"@type\":\"ImageObject\",\"url\":\"https:\\\/\\\/allasorias.hu\\\/hirek\\\/wp-content\\\/uploads\\\/2025\\\/03\\\/nyugdijkorhatas-emeles2025.jpg\",\"width\":1920,\"height\":1281,\"caption\":\"Napirenden a nyugd\\u00edjkorhat\\u00e1r emel\\u00e9se - Allasorias.hu\\\/Hirek\"},\"datePublished\":\"2025-03-26T12:03:17+02:00\",\"dateModified\":\"2025-05-09T16:08:20+02:00\",\"inLanguage\":\"hu-HU\",\"mainEntityOfPage\":{\"@id\":\"https:\\\/\\\/allasorias.hu\\\/hirek\\\/napirenden-a-nyugdijkorhatar-emelese\\\/#webpage\"},\"isPartOf\":{\"@id\":\"https:\\\/\\\/allasorias.hu\\\/hirek\\\/napirenden-a-nyugdijkorhatar-emelese\\\/#webpage\"},\"articleSection\":\"Munkaer\\u0151piac, nyugd\\u00edj, nyugd\\u00edjkorhat\\u00e1r\"},{\"@type\":\"BreadcrumbList\",\"@id\":\"https:\\\/\\\/allasorias.hu\\\/hirek\\\/napirenden-a-nyugdijkorhatar-emelese\\\/#breadcrumblist\",\"itemListElement\":[{\"@type\":\"ListItem\",\"@id\":\"https:\\\/\\\/allasorias.hu\\\/hirek#listItem\",\"position\":1,\"name\":\"Home\",\"item\":\"https:\\\/\\\/allasorias.hu\\\/hirek\",\"nextItem\":{\"@type\":\"ListItem\",\"@id\":\"https:\\\/\\\/allasorias.hu\\\/hirek\\\/temak\\\/munkaeropiac\\\/#listItem\",\"name\":\"Munkaer\\u0151piac\"}},{\"@type\":\"ListItem\",\"@id\":\"https:\\\/\\\/allasorias.hu\\\/hirek\\\/temak\\\/munkaeropiac\\\/#listItem\",\"position\":2,\"name\":\"Munkaer\\u0151piac\",\"item\":\"https:\\\/\\\/allasorias.hu\\\/hirek\\\/temak\\\/munkaeropiac\\\/\",\"nextItem\":{\"@type\":\"ListItem\",\"@id\":\"https:\\\/\\\/allasorias.hu\\\/hirek\\\/napirenden-a-nyugdijkorhatar-emelese\\\/#listItem\",\"name\":\"Napirenden a nyugd\\u00edjkorhat\\u00e1r emel\\u00e9se\"},\"previousItem\":{\"@type\":\"ListItem\",\"@id\":\"https:\\\/\\\/allasorias.hu\\\/hirek#listItem\",\"name\":\"Home\"}},{\"@type\":\"ListItem\",\"@id\":\"https:\\\/\\\/allasorias.hu\\\/hirek\\\/napirenden-a-nyugdijkorhatar-emelese\\\/#listItem\",\"position\":3,\"name\":\"Napirenden a nyugd\\u00edjkorhat\\u00e1r emel\\u00e9se\",\"previousItem\":{\"@type\":\"ListItem\",\"@id\":\"https:\\\/\\\/allasorias.hu\\\/hirek\\\/temak\\\/munkaeropiac\\\/#listItem\",\"name\":\"Munkaer\\u0151piac\"}}]},{\"@type\":\"Organization\",\"@id\":\"https:\\\/\\\/allasorias.hu\\\/hirek\\\/#organization\",\"name\":\"AllasOrias.hu | H\\u00edrek-lapszemle\",\"description\":\"\\u00dczleti h\\u00edrek az \\u00e1ll\\u00e1s \\u00e9s a munka vil\\u00e1g\\u00e1b\\u00f3l\",\"url\":\"https:\\\/\\\/allasorias.hu\\\/hirek\\\/\",\"logo\":{\"@type\":\"ImageObject\",\"url\":\"https:\\\/\\\/allasorias.hu\\\/hirek\\\/wp-content\\\/uploads\\\/2022\\\/10\\\/allasorias_site_facebok_logo.png\",\"@id\":\"https:\\\/\\\/allasorias.hu\\\/hirek\\\/napirenden-a-nyugdijkorhatar-emelese\\\/#organizationLogo\"},\"image\":{\"@id\":\"https:\\\/\\\/allasorias.hu\\\/hirek\\\/napirenden-a-nyugdijkorhatar-emelese\\\/#organizationLogo\"},\"sameAs\":[\"https:\\\/\\\/www.facebook.com\\\/allasorias\",\"https:\\\/\\\/www.linkedin.com\\\/company\\\/allasorias\"]},{\"@type\":\"Person\",\"@id\":\"https:\\\/\\\/allasorias.hu\\\/hirek\\\/author\\\/admin-allasorias\\\/#author\",\"url\":\"https:\\\/\\\/allasorias.hu\\\/hirek\\\/author\\\/admin-allasorias\\\/\",\"name\":\"Juh\\u00e1sz P\\u00e9ter\",\"image\":{\"@type\":\"ImageObject\",\"@id\":\"https:\\\/\\\/allasorias.hu\\\/hirek\\\/napirenden-a-nyugdijkorhatar-emelese\\\/#authorImage\",\"url\":\"https:\\\/\\\/secure.gravatar.com\\\/avatar\\\/36e6bcb83148978b992977cb0f54d22feb0cce8a0a849a9410532bb2623ba4c6?s=96&d=mm&r=g\",\"width\":96,\"height\":96,\"caption\":\"Juh\\u00e1sz P\\u00e9ter\"}},{\"@type\":\"WebPage\",\"@id\":\"https:\\\/\\\/allasorias.hu\\\/hirek\\\/napirenden-a-nyugdijkorhatar-emelese\\\/#webpage\",\"url\":\"https:\\\/\\\/allasorias.hu\\\/hirek\\\/napirenden-a-nyugdijkorhatar-emelese\\\/\",\"name\":\"Nyugd\\u00edjkorhat\\u00e1r emel\\u00e9se napirenden van\",\"description\":\"Haz\\u00e1nkban is tov\\u00e1bb n\\u0151het a nyugd\\u00edjban t\\u00f6lt\\u00f6tt \\u00e9vek sz\\u00e1ma \\u00e9s napirendre ker\\u00fcl a nyugd\\u00edjkorhat\\u00e1r kitol\\u00e1sa.\",\"inLanguage\":\"hu-HU\",\"isPartOf\":{\"@id\":\"https:\\\/\\\/allasorias.hu\\\/hirek\\\/#website\"},\"breadcrumb\":{\"@id\":\"https:\\\/\\\/allasorias.hu\\\/hirek\\\/napirenden-a-nyugdijkorhatar-emelese\\\/#breadcrumblist\"},\"author\":{\"@id\":\"https:\\\/\\\/allasorias.hu\\\/hirek\\\/author\\\/admin-allasorias\\\/#author\"},\"creator\":{\"@id\":\"https:\\\/\\\/allasorias.hu\\\/hirek\\\/author\\\/admin-allasorias\\\/#author\"},\"image\":{\"@type\":\"ImageObject\",\"url\":\"https:\\\/\\\/allasorias.hu\\\/hirek\\\/wp-content\\\/uploads\\\/2025\\\/03\\\/nyugdijkorhatas-emeles2025.jpg\",\"@id\":\"https:\\\/\\\/allasorias.hu\\\/hirek\\\/napirenden-a-nyugdijkorhatar-emelese\\\/#mainImage\",\"width\":1920,\"height\":1281,\"caption\":\"Napirenden a nyugd\\u00edjkorhat\\u00e1r emel\\u00e9se - Allasorias.hu\\\/Hirek\"},\"primaryImageOfPage\":{\"@id\":\"https:\\\/\\\/allasorias.hu\\\/hirek\\\/napirenden-a-nyugdijkorhatar-emelese\\\/#mainImage\"},\"datePublished\":\"2025-03-26T12:03:17+02:00\",\"dateModified\":\"2025-05-09T16:08:20+02:00\"},{\"@type\":\"WebSite\",\"@id\":\"https:\\\/\\\/allasorias.hu\\\/hirek\\\/#website\",\"url\":\"https:\\\/\\\/allasorias.hu\\\/hirek\\\/\",\"name\":\"AllasOrias.hu | H\\u00edrek-lapszemle\",\"description\":\"\\u00dczleti h\\u00edrek az \\u00e1ll\\u00e1s \\u00e9s a munka vil\\u00e1g\\u00e1b\\u00f3l\",\"inLanguage\":\"hu-HU\",\"publisher\":{\"@id\":\"https:\\\/\\\/allasorias.hu\\\/hirek\\\/#organization\"}}]}\n\t\t<\/script>\n\t\t<!-- All in One SEO -->\n\n","aioseo_head_json":{"title":"Nyugd\u00edjkorhat\u00e1r emel\u00e9se napirenden van","description":"Haz\u00e1nkban is tov\u00e1bb n\u0151het a nyugd\u00edjban t\u00f6lt\u00f6tt \u00e9vek sz\u00e1ma \u00e9s napirendre ker\u00fcl a nyugd\u00edjkorhat\u00e1r kitol\u00e1sa.","canonical_url":"https:\/\/allasorias.hu\/hirek\/napirenden-a-nyugdijkorhatar-emelese\/","robots":"max-image-preview:large","keywords":"nyugd\u00edj,nyugd\u00edjkorhat\u00e1r","webmasterTools":{"miscellaneous":""},"schema":{"@context":"https:\/\/schema.org","@graph":[{"@type":"Article","@id":"https:\/\/allasorias.hu\/hirek\/napirenden-a-nyugdijkorhatar-emelese\/#article","name":"Nyugd\u00edjkorhat\u00e1r emel\u00e9se napirenden van","headline":"Napirenden a nyugd\u00edjkorhat\u00e1r emel\u00e9se","author":{"@id":"https:\/\/allasorias.hu\/hirek\/author\/admin-allasorias\/#author"},"publisher":{"@id":"https:\/\/allasorias.hu\/hirek\/#organization"},"image":{"@type":"ImageObject","url":"https:\/\/allasorias.hu\/hirek\/wp-content\/uploads\/2025\/03\/nyugdijkorhatas-emeles2025.jpg","width":1920,"height":1281,"caption":"Napirenden a nyugd\u00edjkorhat\u00e1r emel\u00e9se - Allasorias.hu\/Hirek"},"datePublished":"2025-03-26T12:03:17+02:00","dateModified":"2025-05-09T16:08:20+02:00","inLanguage":"hu-HU","mainEntityOfPage":{"@id":"https:\/\/allasorias.hu\/hirek\/napirenden-a-nyugdijkorhatar-emelese\/#webpage"},"isPartOf":{"@id":"https:\/\/allasorias.hu\/hirek\/napirenden-a-nyugdijkorhatar-emelese\/#webpage"},"articleSection":"Munkaer\u0151piac, nyugd\u00edj, nyugd\u00edjkorhat\u00e1r"},{"@type":"BreadcrumbList","@id":"https:\/\/allasorias.hu\/hirek\/napirenden-a-nyugdijkorhatar-emelese\/#breadcrumblist","itemListElement":[{"@type":"ListItem","@id":"https:\/\/allasorias.hu\/hirek#listItem","position":1,"name":"Home","item":"https:\/\/allasorias.hu\/hirek","nextItem":{"@type":"ListItem","@id":"https:\/\/allasorias.hu\/hirek\/temak\/munkaeropiac\/#listItem","name":"Munkaer\u0151piac"}},{"@type":"ListItem","@id":"https:\/\/allasorias.hu\/hirek\/temak\/munkaeropiac\/#listItem","position":2,"name":"Munkaer\u0151piac","item":"https:\/\/allasorias.hu\/hirek\/temak\/munkaeropiac\/","nextItem":{"@type":"ListItem","@id":"https:\/\/allasorias.hu\/hirek\/napirenden-a-nyugdijkorhatar-emelese\/#listItem","name":"Napirenden a nyugd\u00edjkorhat\u00e1r emel\u00e9se"},"previousItem":{"@type":"ListItem","@id":"https:\/\/allasorias.hu\/hirek#listItem","name":"Home"}},{"@type":"ListItem","@id":"https:\/\/allasorias.hu\/hirek\/napirenden-a-nyugdijkorhatar-emelese\/#listItem","position":3,"name":"Napirenden a nyugd\u00edjkorhat\u00e1r emel\u00e9se","previousItem":{"@type":"ListItem","@id":"https:\/\/allasorias.hu\/hirek\/temak\/munkaeropiac\/#listItem","name":"Munkaer\u0151piac"}}]},{"@type":"Organization","@id":"https:\/\/allasorias.hu\/hirek\/#organization","name":"AllasOrias.hu | H\u00edrek-lapszemle","description":"\u00dczleti h\u00edrek az \u00e1ll\u00e1s \u00e9s a munka vil\u00e1g\u00e1b\u00f3l","url":"https:\/\/allasorias.hu\/hirek\/","logo":{"@type":"ImageObject","url":"https:\/\/allasorias.hu\/hirek\/wp-content\/uploads\/2022\/10\/allasorias_site_facebok_logo.png","@id":"https:\/\/allasorias.hu\/hirek\/napirenden-a-nyugdijkorhatar-emelese\/#organizationLogo"},"image":{"@id":"https:\/\/allasorias.hu\/hirek\/napirenden-a-nyugdijkorhatar-emelese\/#organizationLogo"},"sameAs":["https:\/\/www.facebook.com\/allasorias","https:\/\/www.linkedin.com\/company\/allasorias"]},{"@type":"Person","@id":"https:\/\/allasorias.hu\/hirek\/author\/admin-allasorias\/#author","url":"https:\/\/allasorias.hu\/hirek\/author\/admin-allasorias\/","name":"Juh\u00e1sz P\u00e9ter","image":{"@type":"ImageObject","@id":"https:\/\/allasorias.hu\/hirek\/napirenden-a-nyugdijkorhatar-emelese\/#authorImage","url":"https:\/\/secure.gravatar.com\/avatar\/36e6bcb83148978b992977cb0f54d22feb0cce8a0a849a9410532bb2623ba4c6?s=96&d=mm&r=g","width":96,"height":96,"caption":"Juh\u00e1sz P\u00e9ter"}},{"@type":"WebPage","@id":"https:\/\/allasorias.hu\/hirek\/napirenden-a-nyugdijkorhatar-emelese\/#webpage","url":"https:\/\/allasorias.hu\/hirek\/napirenden-a-nyugdijkorhatar-emelese\/","name":"Nyugd\u00edjkorhat\u00e1r emel\u00e9se napirenden van","description":"Haz\u00e1nkban is tov\u00e1bb n\u0151het a nyugd\u00edjban t\u00f6lt\u00f6tt \u00e9vek sz\u00e1ma \u00e9s napirendre ker\u00fcl a nyugd\u00edjkorhat\u00e1r kitol\u00e1sa.","inLanguage":"hu-HU","isPartOf":{"@id":"https:\/\/allasorias.hu\/hirek\/#website"},"breadcrumb":{"@id":"https:\/\/allasorias.hu\/hirek\/napirenden-a-nyugdijkorhatar-emelese\/#breadcrumblist"},"author":{"@id":"https:\/\/allasorias.hu\/hirek\/author\/admin-allasorias\/#author"},"creator":{"@id":"https:\/\/allasorias.hu\/hirek\/author\/admin-allasorias\/#author"},"image":{"@type":"ImageObject","url":"https:\/\/allasorias.hu\/hirek\/wp-content\/uploads\/2025\/03\/nyugdijkorhatas-emeles2025.jpg","@id":"https:\/\/allasorias.hu\/hirek\/napirenden-a-nyugdijkorhatar-emelese\/#mainImage","width":1920,"height":1281,"caption":"Napirenden a nyugd\u00edjkorhat\u00e1r emel\u00e9se - Allasorias.hu\/Hirek"},"primaryImageOfPage":{"@id":"https:\/\/allasorias.hu\/hirek\/napirenden-a-nyugdijkorhatar-emelese\/#mainImage"},"datePublished":"2025-03-26T12:03:17+02:00","dateModified":"2025-05-09T16:08:20+02:00"},{"@type":"WebSite","@id":"https:\/\/allasorias.hu\/hirek\/#website","url":"https:\/\/allasorias.hu\/hirek\/","name":"AllasOrias.hu | H\u00edrek-lapszemle","description":"\u00dczleti h\u00edrek az \u00e1ll\u00e1s \u00e9s a munka vil\u00e1g\u00e1b\u00f3l","inLanguage":"hu-HU","publisher":{"@id":"https:\/\/allasorias.hu\/hirek\/#organization"}}]},"og:locale":"hu_HU","og:site_name":"AllasOrias.hu | H\u00edrek-lapszemle | \u00dczleti h\u00edrek az \u00e1ll\u00e1s \u00e9s a munka vil\u00e1g\u00e1b\u00f3l","og:type":"article","og:title":"Nyugd\u00edjkorhat\u00e1r emel\u00e9se napirenden van","og:description":"Haz\u00e1nkban is tov\u00e1bb n\u0151het a nyugd\u00edjban t\u00f6lt\u00f6tt \u00e9vek sz\u00e1ma \u00e9s napirendre ker\u00fcl a nyugd\u00edjkorhat\u00e1r kitol\u00e1sa.","og:url":"https:\/\/allasorias.hu\/hirek\/napirenden-a-nyugdijkorhatar-emelese\/","og:image":"https:\/\/allasorias.hu\/hirek\/wp-content\/uploads\/2025\/03\/nyugdijkorhatas-emeles2025.jpg","og:image:secure_url":"https:\/\/allasorias.hu\/hirek\/wp-content\/uploads\/2025\/03\/nyugdijkorhatas-emeles2025.jpg","og:image:width":1920,"og:image:height":1281,"article:published_time":"2025-03-26T10:03:17+00:00","article:modified_time":"2025-05-09T14:08:20+00:00","article:publisher":"https:\/\/www.facebook.com\/allasorias","twitter:card":"summary_large_image","twitter:title":"Nyugd\u00edjkorhat\u00e1r emel\u00e9se napirenden van","twitter:description":"Haz\u00e1nkban is tov\u00e1bb n\u0151het a nyugd\u00edjban t\u00f6lt\u00f6tt \u00e9vek sz\u00e1ma \u00e9s napirendre ker\u00fcl a nyugd\u00edjkorhat\u00e1r kitol\u00e1sa.","twitter:image":"https:\/\/allasorias.hu\/hirek\/wp-content\/uploads\/2025\/03\/nyugdijkorhatas-emeles2025.jpg","twitter:label1":"Written by","twitter:data1":"Juh\u00e1sz P\u00e9ter","twitter:label2":"Est. reading time","twitter:data2":"2 minutes"},"aioseo_meta_data":{"post_id":"8284","title":"Nyugd\u00edjkorhat\u00e1r emel\u00e9se napirenden van","description":"Haz\u00e1nkban is tov\u00e1bb n\u0151het a nyugd\u00edjban t\u00f6lt\u00f6tt \u00e9vek sz\u00e1ma \u00e9s napirendre ker\u00fcl a nyugd\u00edjkorhat\u00e1r kitol\u00e1sa.","keywords":null,"keyphrases":{"focus":{"keyphrase":"","score":0,"analysis":{"keyphraseInTitle":{"score":0,"maxScore":9,"error":1}}},"additional":[]},"primary_term":null,"canonical_url":null,"og_title":null,"og_description":null,"og_object_type":"default","og_image_type":"default","og_image_url":null,"og_image_width":null,"og_image_height":null,"og_image_custom_url":null,"og_image_custom_fields":null,"og_video":"","og_custom_url":null,"og_article_section":null,"og_article_tags":null,"twitter_use_og":true,"twitter_card":"default","twitter_image_type":"default","twitter_image_url":null,"twitter_image_custom_url":null,"twitter_image_custom_fields":null,"twitter_title":null,"twitter_description":null,"schema":{"blockGraphs":[],"customGraphs":[],"default":{"data":{"Article":[],"Course":[],"Dataset":[],"FAQPage":[],"Movie":[],"Person":[],"Product":[],"ProductReview":[],"Car":[],"Recipe":[],"Service":[],"SoftwareApplication":[],"WebPage":[]},"graphName":"Article","isEnabled":true},"graphs":[]},"schema_type":"default","schema_type_options":null,"pillar_content":false,"robots_default":true,"robots_noindex":false,"robots_noarchive":false,"robots_nosnippet":false,"robots_nofollow":false,"robots_noimageindex":false,"robots_noodp":false,"robots_notranslate":false,"robots_max_snippet":"-1","robots_max_videopreview":"-1","robots_max_imagepreview":"large","priority":null,"frequency":"default","location":null,"local_seo":null,"breadcrumb_settings":null,"limit_modified_date":false,"ai":null,"created":"2025-03-26 09:56:14","updated":"2025-10-02 21:03:21","seo_analyzer_scan_date":null,"focus_keyword":null,"additional_keywords":null,"truseo_locale":null},"aioseo_breadcrumb":"<div class=\"aioseo-breadcrumbs\"><span class=\"aioseo-breadcrumb\">\n\t\t\t<a href=\"https:\/\/allasorias.hu\/hirek\" title=\"Home\">Home<\/a>\n\t\t<\/span><span class=\"aioseo-breadcrumb-separator\">&raquo;<\/span><span class=\"aioseo-breadcrumb\">\n\t\t\t<a href=\"https:\/\/allasorias.hu\/hirek\/temak\/munkaeropiac\/\" title=\"Munkaer\u0151piac\">Munkaer\u0151piac<\/a>\n\t\t<\/span><span class=\"aioseo-breadcrumb-separator\">&raquo;<\/span><span class=\"aioseo-breadcrumb\">\n\t\t\tNapirenden a nyugd\u00edjkorhat\u00e1r emel\u00e9se\n\t\t<\/span><\/div>","aioseo_breadcrumb_json":[{"label":"Home","link":"https:\/\/allasorias.hu\/hirek"},{"label":"Munkaer\u0151piac","link":"https:\/\/allasorias.hu\/hirek\/temak\/munkaeropiac\/"},{"label":"Napirenden a nyugd\u00edjkorhat\u00e1r emel\u00e9se","link":"https:\/\/allasorias.hu\/hirek\/napirenden-a-nyugdijkorhatar-emelese\/"}],"_links":{"self":[{"href":"https:\/\/allasorias.hu\/hirek\/wp-json\/wp\/v2\/posts\/8284","targetHints":{"allow":["GET"]}}],"collection":[{"href":"https:\/\/allasorias.hu\/hirek\/wp-json\/wp\/v2\/posts"}],"about":[{"href":"https:\/\/allasorias.hu\/hirek\/wp-json\/wp\/v2\/types\/post"}],"author":[{"embeddable":true,"href":"https:\/\/allasorias.hu\/hirek\/wp-json\/wp\/v2\/users\/1"}],"replies":[{"embeddable":true,"href":"https:\/\/allasorias.hu\/hirek\/wp-json\/wp\/v2\/comments?post=8284"}],"version-history":[{"count":2,"href":"https:\/\/allasorias.hu\/hirek\/wp-json\/wp\/v2\/posts\/8284\/revisions"}],"predecessor-version":[{"id":8447,"href":"https:\/\/allasorias.hu\/hirek\/wp-json\/wp\/v2\/posts\/8284\/revisions\/8447"}],"wp:featuredmedia":[{"embeddable":true,"href":"https:\/\/allasorias.hu\/hirek\/wp-json\/wp\/v2\/media\/8286"}],"wp:attachment":[{"href":"https:\/\/allasorias.hu\/hirek\/wp-json\/wp\/v2\/media?parent=8284"}],"wp:term":[{"taxonomy":"category","embeddable":true,"href":"https:\/\/allasorias.hu\/hirek\/wp-json\/wp\/v2\/categories?post=8284"},{"taxonomy":"post_tag","embeddable":true,"href":"https:\/\/allasorias.hu\/hirek\/wp-json\/wp\/v2\/tags?post=8284"}],"curies":[{"name":"wp","href":"https:\/\/api.w.org\/{rel}","templated":true}]}}